{"id":10630,"date":"2025-01-25T10:30:14","date_gmt":"2025-01-25T16:30:14","guid":{"rendered":"https:\/\/www.nexoinformativo.mx\/?p=10630"},"modified":"2025-01-25T13:02:12","modified_gmt":"2025-01-25T19:02:12","slug":"paz-amor-y-musica-ceart-celebra-el-54-aniversario-de-woodstock-con-una-exposicion-unica","status":"publish","type":"post","link":"https:\/\/www.nexoinformativo.mx\/index.php\/2025\/01\/25\/paz-amor-y-musica-ceart-celebra-el-54-aniversario-de-woodstock-con-una-exposicion-unica\/","title":{"rendered":"Paz, amor y m\u00fasica CEART celebra el 54 aniversario de Woodstock con una exposici\u00f3n \u00fanica"},"content":{"rendered":"<p style=\"text-align: justify;\" data-sourcepos=\"11:1-11:402\"><strong>El Centro de las Artes de Quer\u00e9taro<\/strong> (CEART) se convierte en un epicentro de nostalgia y celebraci\u00f3n al inaugurar la exposici\u00f3n <strong>&#8220;Piece of my heart Woodstock: carteles de amor y paz&#8221;.<\/strong><\/p>\n<p>&nbsp;<\/p>\n<p style=\"text-align: justify;\" data-sourcepos=\"11:1-11:402\">Esta muestra, curada por la Secretar\u00eda de Cultura del estado, busca revivir el esp\u00edritu del ic\u00f3nico Festival de Woodstock de 1969, uno de los eventos musicales m\u00e1s importantes de la historia.<\/p>\n<p>&nbsp;<\/p>\n<p style=\"text-align: justify;\" data-sourcepos=\"13:1-13:304\">A trav\u00e9s de una colecci\u00f3n de carteles originales, la exposici\u00f3n transporta al p\u00fablico a una \u00e9poca marcada por la b\u00fasqueda de la paz, la igualdad y la libertad. Woodstock fue mucho m\u00e1s que un simple festival de m\u00fasica; fue un punto de encuentro para j\u00f3venes de todo el mundo que buscaban un cambio social.<\/p>\n<p>&nbsp;<\/p>\n<p style=\"text-align: justify;\" data-sourcepos=\"15:1-15:285\">La secretaria de Cultura, Ana Paola L\u00f3pez Birlain, destac\u00f3 la importancia de recordar este evento hist\u00f3rico y su legado. <strong>&#8220;Woodstock no fue solo un concierto, fue un movimiento que trascendi\u00f3 generaciones. Esta exposici\u00f3n nos permite revivir esos momentos de uni\u00f3n y esperanza&#8221;<\/strong>, afirm\u00f3.<\/p>\n<p>&nbsp;<\/p>\n<p style=\"text-align: justify;\" data-sourcepos=\"17:1-17:315\">Adem\u00e1s de la exposici\u00f3n, se present\u00f3 el cat\u00e1logo de la D\u00e9cimo Octava Bienal Internacional del Cartel en M\u00e9xico, que incluye una selecci\u00f3n de los carteles que conforman la muestra de Woodstock. Este cat\u00e1logo se convierte en un valioso documento que recoge la creatividad y el talento de dise\u00f1adores de todo el mundo.<\/p>\n<p>&nbsp;<\/p>\n<p style=\"text-align: justify;\" data-sourcepos=\"21:1-21:183\">La exposici\u00f3n estar\u00e1 abierta al p\u00fablico hasta el 28 de febrero en el Coro Bajo del CEART, ubicado en Jos\u00e9 Mar\u00eda Arteaga, n\u00famero 89, Centro Hist\u00f3rico de Quer\u00e9taro. La entrada es libre.<\/p>\n<p>&nbsp;<\/p>\n<p style=\"text-align: center;\" data-sourcepos=\"21:1-21:183\"><em><strong>\u00a1Informaci\u00f3n que transforma!<\/strong><\/em><\/p>\n","protected":false},"excerpt":{"rendered":"<p>El Centro de las Artes de Quer\u00e9taro (CEART) se convierte en un epicentro de nostalgia y celebraci\u00f3n al inaugurar la exposici\u00f3n &#8220;Piece of my heart Woodstock: carteles de amor y paz&#8221;.<\/p>\n","protected":false},"author":3,"featured_media":10631,"comment_status":"open","ping_status":"open","sticky":false,"template":"","format":"standard","meta":{"footnotes":""},"categories":[50,42,58],"tags":[1950,3243,3244,3242],"class_list":["post-10630","post","type-post","status-publish","format-standard","has-post-thumbnail","hentry","category-espectaculos","category-estado","category-ultima-hora","tag-ceartqueretaro","tag-exposicion","tag-pazyamor","tag-woodstock"],"yoast_head":"<!-- This site is optimized with the Yoast SEO plugin v25.0 - https:\/\/yoast.com\/wordpress\/plugins\/seo\/ -->\n<title>Paz, amor y m\u00fasica CEART celebra el 54 aniversario de Woodstock con una exposici\u00f3n \u00fanica | Nexo Informativo Santiago de Quer\u00e9taro<\/title>\n<meta name=\"description\" content=\"Paz, amor y m\u00fasica CEART celebra el 54 aniversario de Woodstock con una exposici\u00f3n \u00fanica\" \/>\n<meta name=\"robots\" content=\"index, follow, max-snippet:-1, max-image-preview:large, max-video-preview:-1\" \/>\n<link rel=\"canonical\" href=\"https:\/\/www.nexoinformativo.mx\/index.php\/2025\/01\/25\/paz-amor-y-musica-ceart-celebra-el-54-aniversario-de-woodstock-con-una-exposicion-unica\/\" \/>\n<meta property=\"og:locale\" content=\"es_MX\" \/>\n<meta property=\"og:type\" content=\"article\" \/>\n<meta property=\"og:title\" content=\"Paz, amor y m\u00fasica CEART celebra el 54 aniversario de Woodstock con una exposici\u00f3n \u00fanica | Nexo Informativo Santiago de Quer\u00e9taro\" \/>\n<meta property=\"og:description\" content=\"Paz, amor y m\u00fasica CEART celebra el 54 aniversario de Woodstock con una exposici\u00f3n \u00fanica\" \/>\n<meta property=\"og:url\" content=\"https:\/\/www.nexoinformativo.mx\/index.php\/2025\/01\/25\/paz-amor-y-musica-ceart-celebra-el-54-aniversario-de-woodstock-con-una-exposicion-unica\/\" \/>\n<meta property=\"og:site_name\" content=\"Nexo Informativo Santiago de Quer\u00e9taro\" \/>\n<meta property=\"article:publisher\" content=\"https:\/\/www.facebook.com\/people\/Nexo-Informativo\/61564066885511\/\" \/>\n<meta property=\"article:published_time\" content=\"2025-01-25T16:30:14+00:00\" \/>\n<meta property=\"article:modified_time\" content=\"2025-01-25T19:02:12+00:00\" \/>\n<meta property=\"og:image\" content=\"https:\/\/www.nexoinformativo.mx\/wp-content\/uploads\/2025\/01\/PHOTO-2025-01-25-12-14-51-e1737831656264.jpg\" \/>\n\t<meta property=\"og:image:width\" content=\"800\" \/>\n\t<meta property=\"og:image:height\" content=\"631\" \/>\n\t<meta property=\"og:image:type\" content=\"image\/jpeg\" \/>\n<meta name=\"author\" content=\"Nexo Informativo\" \/>\n<meta name=\"twitter:card\" content=\"summary_large_image\" \/>\n<meta name=\"twitter:label1\" content=\"Escrito por\" \/>\n\t<meta name=\"twitter:data1\" content=\"Nexo Informativo\" \/>\n\t<meta name=\"twitter:label2\" content=\"Tiempo de lectura\" \/>\n\t<meta name=\"twitter:data2\" content=\"2 minutos\" \/>\n<script type=\"application\/ld+json\" class=\"yoast-schema-graph\">{\"@context\":\"https:\/\/schema.org\",\"@graph\":[{\"@type\":\"Article\",\"@id\":\"https:\/\/www.nexoinformativo.mx\/index.php\/2025\/01\/25\/paz-amor-y-musica-ceart-celebra-el-54-aniversario-de-woodstock-con-una-exposicion-unica\/#article\",\"isPartOf\":{\"@id\":\"https:\/\/www.nexoinformativo.mx\/index.php\/2025\/01\/25\/paz-amor-y-musica-ceart-celebra-el-54-aniversario-de-woodstock-con-una-exposicion-unica\/\"},\"author\":{\"name\":\"Nexo Informativo\",\"@id\":\"https:\/\/www.nexoinformativo.mx\/#\/schema\/person\/7749d380ba08c8ca00d7bc76fd907b7d\"},\"headline\":\"Paz, amor y m\u00fasica CEART celebra el 54 aniversario de Woodstock con una exposici\u00f3n \u00fanica\",\"datePublished\":\"2025-01-25T16:30:14+00:00\",\"dateModified\":\"2025-01-25T19:02:12+00:00\",\"mainEntityOfPage\":{\"@id\":\"https:\/\/www.nexoinformativo.mx\/index.php\/2025\/01\/25\/paz-amor-y-musica-ceart-celebra-el-54-aniversario-de-woodstock-con-una-exposicion-unica\/\"},\"wordCount\":299,\"commentCount\":0,\"publisher\":{\"@id\":\"https:\/\/www.nexoinformativo.mx\/#organization\"},\"image\":{\"@id\":\"https:\/\/www.nexoinformativo.mx\/index.php\/2025\/01\/25\/paz-amor-y-musica-ceart-celebra-el-54-aniversario-de-woodstock-con-una-exposicion-unica\/#primaryimage\"},\"thumbnailUrl\":\"https:\/\/www.nexoinformativo.mx\/wp-content\/uploads\/2025\/01\/PHOTO-2025-01-25-12-14-51-e1737831656264.jpg\",\"keywords\":[\"CEARTQuer\u00e9taro\",\"Exposici\u00f3n\",\"PazYAmor\",\"Woodstock\"],\"articleSection\":[\"Espect\u00e1culos\",\"Estado\",\"\u00daltima Hora\"],\"inLanguage\":\"es\",\"potentialAction\":[{\"@type\":\"CommentAction\",\"name\":\"Comment\",\"target\":[\"https:\/\/www.nexoinformativo.mx\/index.php\/2025\/01\/25\/paz-amor-y-musica-ceart-celebra-el-54-aniversario-de-woodstock-con-una-exposicion-unica\/#respond\"]}]},{\"@type\":\"WebPage\",\"@id\":\"https:\/\/www.nexoinformativo.mx\/index.php\/2025\/01\/25\/paz-amor-y-musica-ceart-celebra-el-54-aniversario-de-woodstock-con-una-exposicion-unica\/\",\"url\":\"https:\/\/www.nexoinformativo.mx\/index.php\/2025\/01\/25\/paz-amor-y-musica-ceart-celebra-el-54-aniversario-de-woodstock-con-una-exposicion-unica\/\",\"name\":\"Paz, amor y m\u00fasica CEART celebra el 54 aniversario de Woodstock con una exposici\u00f3n \u00fanica | Nexo Informativo Santiago de Quer\u00e9taro\",\"isPartOf\":{\"@id\":\"https:\/\/www.nexoinformativo.mx\/#website\"},\"primaryImageOfPage\":{\"@id\":\"https:\/\/www.nexoinformativo.mx\/index.php\/2025\/01\/25\/paz-amor-y-musica-ceart-celebra-el-54-aniversario-de-woodstock-con-una-exposicion-unica\/#primaryimage\"},\"image\":{\"@id\":\"https:\/\/www.nexoinformativo.mx\/index.php\/2025\/01\/25\/paz-amor-y-musica-ceart-celebra-el-54-aniversario-de-woodstock-con-una-exposicion-unica\/#primaryimage\"},\"thumbnailUrl\":\"https:\/\/www.nexoinformativo.mx\/wp-content\/uploads\/2025\/01\/PHOTO-2025-01-25-12-14-51-e1737831656264.jpg\",\"datePublished\":\"2025-01-25T16:30:14+00:00\",\"dateModified\":\"2025-01-25T19:02:12+00:00\",\"description\":\"Paz, amor y m\u00fasica CEART celebra el 54 aniversario de Woodstock con una exposici\u00f3n \u00fanica\",\"breadcrumb\":{\"@id\":\"https:\/\/www.nexoinformativo.mx\/index.php\/2025\/01\/25\/paz-amor-y-musica-ceart-celebra-el-54-aniversario-de-woodstock-con-una-exposicion-unica\/#breadcrumb\"},\"inLanguage\":\"es\",\"potentialAction\":[{\"@type\":\"ReadAction\",\"target\":[\"https:\/\/www.nexoinformativo.mx\/index.php\/2025\/01\/25\/paz-amor-y-musica-ceart-celebra-el-54-aniversario-de-woodstock-con-una-exposicion-unica\/\"]}]},{\"@type\":\"ImageObject\",\"inLanguage\":\"es\",\"@id\":\"https:\/\/www.nexoinformativo.mx\/index.php\/2025\/01\/25\/paz-amor-y-musica-ceart-celebra-el-54-aniversario-de-woodstock-con-una-exposicion-unica\/#primaryimage\",\"url\":\"https:\/\/www.nexoinformativo.mx\/wp-content\/uploads\/2025\/01\/PHOTO-2025-01-25-12-14-51-e1737831656264.jpg\",\"contentUrl\":\"https:\/\/www.nexoinformativo.mx\/wp-content\/uploads\/2025\/01\/PHOTO-2025-01-25-12-14-51-e1737831656264.jpg\",\"width\":800,\"height\":631},{\"@type\":\"BreadcrumbList\",\"@id\":\"https:\/\/www.nexoinformativo.mx\/index.php\/2025\/01\/25\/paz-amor-y-musica-ceart-celebra-el-54-aniversario-de-woodstock-con-una-exposicion-unica\/#breadcrumb\",\"itemListElement\":[{\"@type\":\"ListItem\",\"position\":1,\"name\":\"Inicio\",\"item\":\"https:\/\/www.nexoinformativo.mx\/\"},{\"@type\":\"ListItem\",\"position\":2,\"name\":\"Paz, amor y m\u00fasica CEART celebra el 54 aniversario de Woodstock con una exposici\u00f3n \u00fanica\"}]},{\"@type\":\"WebSite\",\"@id\":\"https:\/\/www.nexoinformativo.mx\/#website\",\"url\":\"https:\/\/www.nexoinformativo.mx\/\",\"name\":\"Nexo Informativo Santiago de Quer\u00e9taro\",\"description\":\"Explora NexoInformativo y convi\u00e9rtete en parte de una comunidad que valora el conocimiento y la verdad. Tu nexoinformativo es tu puente hacia una comprensi\u00f3n m\u00e1s profunda del mundo que te rodea.\",\"publisher\":{\"@id\":\"https:\/\/www.nexoinformativo.mx\/#organization\"},\"potentialAction\":[{\"@type\":\"SearchAction\",\"target\":{\"@type\":\"EntryPoint\",\"urlTemplate\":\"https:\/\/www.nexoinformativo.mx\/?s={search_term_string}\"},\"query-input\":{\"@type\":\"PropertyValueSpecification\",\"valueRequired\":true,\"valueName\":\"search_term_string\"}}],\"inLanguage\":\"es\"},{\"@type\":\"Organization\",\"@id\":\"https:\/\/www.nexoinformativo.mx\/#organization\",\"name\":\"Nexo Informativo Santiago de Quer\u00e9taro\",\"url\":\"https:\/\/www.nexoinformativo.mx\/\",\"logo\":{\"@type\":\"ImageObject\",\"inLanguage\":\"es\",\"@id\":\"https:\/\/www.nexoinformativo.mx\/#\/schema\/logo\/image\/\",\"url\":\"https:\/\/www.nexoinformativo.mx\/wp-content\/uploads\/2024\/07\/nexoi-trasparente-2.png\",\"contentUrl\":\"https:\/\/www.nexoinformativo.mx\/wp-content\/uploads\/2024\/07\/nexoi-trasparente-2.png\",\"width\":816,\"height\":339,\"caption\":\"Nexo Informativo Santiago de Quer\u00e9taro\"},\"image\":{\"@id\":\"https:\/\/www.nexoinformativo.mx\/#\/schema\/logo\/image\/\"},\"sameAs\":[\"https:\/\/www.facebook.com\/people\/Nexo-Informativo\/61564066885511\/\"]},{\"@type\":\"Person\",\"@id\":\"https:\/\/www.nexoinformativo.mx\/#\/schema\/person\/7749d380ba08c8ca00d7bc76fd907b7d\",\"name\":\"Nexo Informativo\",\"image\":{\"@type\":\"ImageObject\",\"inLanguage\":\"es\",\"@id\":\"https:\/\/www.nexoinformativo.mx\/#\/schema\/person\/image\/\",\"url\":\"https:\/\/secure.gravatar.com\/avatar\/dde2928154642a13d95f87ddf1ea9718fe2b46760a005c53e41ff5ad610704e6?s=96&d=mm&r=g\",\"contentUrl\":\"https:\/\/secure.gravatar.com\/avatar\/dde2928154642a13d95f87ddf1ea9718fe2b46760a005c53e41ff5ad610704e6?s=96&d=mm&r=g\",\"caption\":\"Nexo Informativo\"},\"url\":\"https:\/\/www.nexoinformativo.mx\/index.php\/author\/edicion\/\"}]}<\/script>\n<!-- \/ Yoast SEO plugin. -->","yoast_head_json":{"title":"Paz, amor y m\u00fasica CEART celebra el 54 aniversario de Woodstock con una exposici\u00f3n \u00fanica | Nexo Informativo Santiago de Quer\u00e9taro","description":"Paz, amor y m\u00fasica CEART celebra el 54 aniversario de Woodstock con una exposici\u00f3n \u00fanica","robots":{"index":"index","follow":"follow","max-snippet":"max-snippet:-1","max-image-preview":"max-image-preview:large","max-video-preview":"max-video-preview:-1"},"canonical":"https:\/\/www.nexoinformativo.mx\/index.php\/2025\/01\/25\/paz-amor-y-musica-ceart-celebra-el-54-aniversario-de-woodstock-con-una-exposicion-unica\/","og_locale":"es_MX","og_type":"article","og_title":"Paz, amor y m\u00fasica CEART celebra el 54 aniversario de Woodstock con una exposici\u00f3n \u00fanica | Nexo Informativo Santiago de Quer\u00e9taro","og_description":"Paz, amor y m\u00fasica CEART celebra el 54 aniversario de Woodstock con una exposici\u00f3n \u00fanica","og_url":"https:\/\/www.nexoinformativo.mx\/index.php\/2025\/01\/25\/paz-amor-y-musica-ceart-celebra-el-54-aniversario-de-woodstock-con-una-exposicion-unica\/","og_site_name":"Nexo Informativo Santiago de Quer\u00e9taro","article_publisher":"https:\/\/www.facebook.com\/people\/Nexo-Informativo\/61564066885511\/","article_published_time":"2025-01-25T16:30:14+00:00","article_modified_time":"2025-01-25T19:02:12+00:00","og_image":[{"width":800,"height":631,"url":"https:\/\/www.nexoinformativo.mx\/wp-content\/uploads\/2025\/01\/PHOTO-2025-01-25-12-14-51-e1737831656264.jpg","type":"image\/jpeg"}],"author":"Nexo Informativo","twitter_card":"summary_large_image","twitter_misc":{"Escrito por":"Nexo Informativo","Tiempo de lectura":"2 minutos"},"schema":{"@context":"https:\/\/schema.org","@graph":[{"@type":"Article","@id":"https:\/\/www.nexoinformativo.mx\/index.php\/2025\/01\/25\/paz-amor-y-musica-ceart-celebra-el-54-aniversario-de-woodstock-con-una-exposicion-unica\/#article","isPartOf":{"@id":"https:\/\/www.nexoinformativo.mx\/index.php\/2025\/01\/25\/paz-amor-y-musica-ceart-celebra-el-54-aniversario-de-woodstock-con-una-exposicion-unica\/"},"author":{"name":"Nexo Informativo","@id":"https:\/\/www.nexoinformativo.mx\/#\/schema\/person\/7749d380ba08c8ca00d7bc76fd907b7d"},"headline":"Paz, amor y m\u00fasica CEART celebra el 54 aniversario de Woodstock con una exposici\u00f3n \u00fanica","datePublished":"2025-01-25T16:30:14+00:00","dateModified":"2025-01-25T19:02:12+00:00","mainEntityOfPage":{"@id":"https:\/\/www.nexoinformativo.mx\/index.php\/2025\/01\/25\/paz-amor-y-musica-ceart-celebra-el-54-aniversario-de-woodstock-con-una-exposicion-unica\/"},"wordCount":299,"commentCount":0,"publisher":{"@id":"https:\/\/www.nexoinformativo.mx\/#organization"},"image":{"@id":"https:\/\/www.nexoinformativo.mx\/index.php\/2025\/01\/25\/paz-amor-y-musica-ceart-celebra-el-54-aniversario-de-woodstock-con-una-exposicion-unica\/#primaryimage"},"thumbnailUrl":"https:\/\/www.nexoinformativo.mx\/wp-content\/uploads\/2025\/01\/PHOTO-2025-01-25-12-14-51-e1737831656264.jpg","keywords":["CEARTQuer\u00e9taro","Exposici\u00f3n","PazYAmor","Woodstock"],"articleSection":["Espect\u00e1culos","Estado","\u00daltima Hora"],"inLanguage":"es","potentialAction":[{"@type":"CommentAction","name":"Comment","target":["https:\/\/www.nexoinformativo.mx\/index.php\/2025\/01\/25\/paz-amor-y-musica-ceart-celebra-el-54-aniversario-de-woodstock-con-una-exposicion-unica\/#respond"]}]},{"@type":"WebPage","@id":"https:\/\/www.nexoinformativo.mx\/index.php\/2025\/01\/25\/paz-amor-y-musica-ceart-celebra-el-54-aniversario-de-woodstock-con-una-exposicion-unica\/","url":"https:\/\/www.nexoinformativo.mx\/index.php\/2025\/01\/25\/paz-amor-y-musica-ceart-celebra-el-54-aniversario-de-woodstock-con-una-exposicion-unica\/","name":"Paz, amor y m\u00fasica CEART celebra el 54 aniversario de Woodstock con una exposici\u00f3n \u00fanica | Nexo Informativo Santiago de Quer\u00e9taro","isPartOf":{"@id":"https:\/\/www.nexoinformativo.mx\/#website"},"primaryImageOfPage":{"@id":"https:\/\/www.nexoinformativo.mx\/index.php\/2025\/01\/25\/paz-amor-y-musica-ceart-celebra-el-54-aniversario-de-woodstock-con-una-exposicion-unica\/#primaryimage"},"image":{"@id":"https:\/\/www.nexoinformativo.mx\/index.php\/2025\/01\/25\/paz-amor-y-musica-ceart-celebra-el-54-aniversario-de-woodstock-con-una-exposicion-unica\/#primaryimage"},"thumbnailUrl":"https:\/\/www.nexoinformativo.mx\/wp-content\/uploads\/2025\/01\/PHOTO-2025-01-25-12-14-51-e1737831656264.jpg","datePublished":"2025-01-25T16:30:14+00:00","dateModified":"2025-01-25T19:02:12+00:00","description":"Paz, amor y m\u00fasica CEART celebra el 54 aniversario de Woodstock con una exposici\u00f3n \u00fanica","breadcrumb":{"@id":"https:\/\/www.nexoinformativo.mx\/index.php\/2025\/01\/25\/paz-amor-y-musica-ceart-celebra-el-54-aniversario-de-woodstock-con-una-exposicion-unica\/#breadcrumb"},"inLanguage":"es","potentialAction":[{"@type":"ReadAction","target":["https:\/\/www.nexoinformativo.mx\/index.php\/2025\/01\/25\/paz-amor-y-musica-ceart-celebra-el-54-aniversario-de-woodstock-con-una-exposicion-unica\/"]}]},{"@type":"ImageObject","inLanguage":"es","@id":"https:\/\/www.nexoinformativo.mx\/index.php\/2025\/01\/25\/paz-amor-y-musica-ceart-celebra-el-54-aniversario-de-woodstock-con-una-exposicion-unica\/#primaryimage","url":"https:\/\/www.nexoinformativo.mx\/wp-content\/uploads\/2025\/01\/PHOTO-2025-01-25-12-14-51-e1737831656264.jpg","contentUrl":"https:\/\/www.nexoinformativo.mx\/wp-content\/uploads\/2025\/01\/PHOTO-2025-01-25-12-14-51-e1737831656264.jpg","width":800,"height":631},{"@type":"BreadcrumbList","@id":"https:\/\/www.nexoinformativo.mx\/index.php\/2025\/01\/25\/paz-amor-y-musica-ceart-celebra-el-54-aniversario-de-woodstock-con-una-exposicion-unica\/#breadcrumb","itemListElement":[{"@type":"ListItem","position":1,"name":"Inicio","item":"https:\/\/www.nexoinformativo.mx\/"},{"@type":"ListItem","position":2,"name":"Paz, amor y m\u00fasica CEART celebra el 54 aniversario de Woodstock con una exposici\u00f3n \u00fanica"}]},{"@type":"WebSite","@id":"https:\/\/www.nexoinformativo.mx\/#website","url":"https:\/\/www.nexoinformativo.mx\/","name":"Nexo Informativo Santiago de Quer\u00e9taro","description":"Explora NexoInformativo y convi\u00e9rtete en parte de una comunidad que valora el conocimiento y la verdad. Tu nexoinformativo es tu puente hacia una comprensi\u00f3n m\u00e1s profunda del mundo que te rodea.","publisher":{"@id":"https:\/\/www.nexoinformativo.mx\/#organization"},"potentialAction":[{"@type":"SearchAction","target":{"@type":"EntryPoint","urlTemplate":"https:\/\/www.nexoinformativo.mx\/?s={search_term_string}"},"query-input":{"@type":"PropertyValueSpecification","valueRequired":true,"valueName":"search_term_string"}}],"inLanguage":"es"},{"@type":"Organization","@id":"https:\/\/www.nexoinformativo.mx\/#organization","name":"Nexo Informativo Santiago de Quer\u00e9taro","url":"https:\/\/www.nexoinformativo.mx\/","logo":{"@type":"ImageObject","inLanguage":"es","@id":"https:\/\/www.nexoinformativo.mx\/#\/schema\/logo\/image\/","url":"https:\/\/www.nexoinformativo.mx\/wp-content\/uploads\/2024\/07\/nexoi-trasparente-2.png","contentUrl":"https:\/\/www.nexoinformativo.mx\/wp-content\/uploads\/2024\/07\/nexoi-trasparente-2.png","width":816,"height":339,"caption":"Nexo Informativo Santiago de Quer\u00e9taro"},"image":{"@id":"https:\/\/www.nexoinformativo.mx\/#\/schema\/logo\/image\/"},"sameAs":["https:\/\/www.facebook.com\/people\/Nexo-Informativo\/61564066885511\/"]},{"@type":"Person","@id":"https:\/\/www.nexoinformativo.mx\/#\/schema\/person\/7749d380ba08c8ca00d7bc76fd907b7d","name":"Nexo Informativo","image":{"@type":"ImageObject","inLanguage":"es","@id":"https:\/\/www.nexoinformativo.mx\/#\/schema\/person\/image\/","url":"https:\/\/secure.gravatar.com\/avatar\/dde2928154642a13d95f87ddf1ea9718fe2b46760a005c53e41ff5ad610704e6?s=96&d=mm&r=g","contentUrl":"https:\/\/secure.gravatar.com\/avatar\/dde2928154642a13d95f87ddf1ea9718fe2b46760a005c53e41ff5ad610704e6?s=96&d=mm&r=g","caption":"Nexo Informativo"},"url":"https:\/\/www.nexoinformativo.mx\/index.php\/author\/edicion\/"}]}},"_links":{"self":[{"href":"https:\/\/www.nexoinformativo.mx\/index.php\/wp-json\/wp\/v2\/posts\/10630","targetHints":{"allow":["GET"]}}],"collection":[{"href":"https:\/\/www.nexoinformativo.mx\/index.php\/wp-json\/wp\/v2\/posts"}],"about":[{"href":"https:\/\/www.nexoinformativo.mx\/index.php\/wp-json\/wp\/v2\/types\/post"}],"author":[{"embeddable":true,"href":"https:\/\/www.nexoinformativo.mx\/index.php\/wp-json\/wp\/v2\/users\/3"}],"replies":[{"embeddable":true,"href":"https:\/\/www.nexoinformativo.mx\/index.php\/wp-json\/wp\/v2\/comments?post=10630"}],"version-history":[{"count":4,"href":"https:\/\/www.nexoinformativo.mx\/index.php\/wp-json\/wp\/v2\/posts\/10630\/revisions"}],"predecessor-version":[{"id":10635,"href":"https:\/\/www.nexoinformativo.mx\/index.php\/wp-json\/wp\/v2\/posts\/10630\/revisions\/10635"}],"wp:featuredmedia":[{"embeddable":true,"href":"https:\/\/www.nexoinformativo.mx\/index.php\/wp-json\/wp\/v2\/media\/10631"}],"wp:attachment":[{"href":"https:\/\/www.nexoinformativo.mx\/index.php\/wp-json\/wp\/v2\/media?parent=10630"}],"wp:term":[{"taxonomy":"category","embeddable":true,"href":"https:\/\/www.nexoinformativo.mx\/index.php\/wp-json\/wp\/v2\/categories?post=10630"},{"taxonomy":"post_tag","embeddable":true,"href":"https:\/\/www.nexoinformativo.mx\/index.php\/wp-json\/wp\/v2\/tags?post=10630"}],"curies":[{"name":"wp","href":"https:\/\/api.w.org\/{rel}","templated":true}]}}