{"id":10636,"date":"2025-01-25T11:00:15","date_gmt":"2025-01-25T17:00:15","guid":{"rendered":"https:\/\/www.nexoinformativo.mx\/?p=10636"},"modified":"2025-01-25T13:17:21","modified_gmt":"2025-01-25T19:17:21","slug":"dolar-20-27-inicia-con-calma-el-segundo-mandato-de-trump-el-peso-mexicano-muestra-estabilidad","status":"publish","type":"post","link":"https:\/\/www.nexoinformativo.mx\/index.php\/2025\/01\/25\/dolar-20-27-inicia-con-calma-el-segundo-mandato-de-trump-el-peso-mexicano-muestra-estabilidad\/","title":{"rendered":"D\u00f3lar $20.27 inicia con calma el segundo mandato de Trump el peso mexicano muestra estabilidad"},"content":{"rendered":"<p style=\"text-align: justify;\" data-sourcepos=\"11:1-11:382\">El peso mexicano inici\u00f3 la segunda semana de enero con una relativa estabilidad frente al d\u00f3lar estadounidense, cotiz\u00e1ndose en $20.27 pesos por d\u00f3lar. Esta cifra representa un ligero ajuste en comparaci\u00f3n con el cierre de la primera semana del segundo mandato de Donald Trump que inici\u00f3 el pasado 20 de enero.<\/p>\n<p>&nbsp;<\/p>\n<p style=\"text-align: justify;\" data-sourcepos=\"13:1-13:327\">Durante los primeros d\u00edas de la nueva administraci\u00f3n, el peso mexicano mostr\u00f3 una mayor volatilidad, pero se ha estabilizado en los \u00faltimos d\u00edas.Expertos atribuyen esta calma a las declaraciones iniciales del mandatario, que han evitado abordar nuevas pol\u00edticas arancelarias que pudieran generar incertidumbre en los mercados.<\/p>\n<p>&nbsp;<\/p>\n<p style=\"text-align: justify;\" data-sourcepos=\"15:1-15:381\">Sin embargo, es importante destacar que la situaci\u00f3n podr\u00eda cambiar en las pr\u00f3ximas semanas a medida que se vayan implementando las nuevas pol\u00edticas econ\u00f3micas de la administraci\u00f3n estadounidense.<\/p>\n<p>&nbsp;<\/p>\n<p style=\"text-align: justify;\" data-sourcepos=\"15:1-15:381\">Ante este escenario, el gobierno mexicano se encuentra atento a cualquier movimiento que pueda afectar al peso y est\u00e1 tomando las medidas necesarias para proteger la econom\u00eda nacional.<\/p>\n<p>&nbsp;<\/p>\n<p style=\"text-align: justify;\" data-sourcepos=\"27:1-27:302\">Si tienes planeado realizar alguna transacci\u00f3n en d\u00f3lares, te recomendamos consultar con tu banco o instituci\u00f3n financiera para conocer el tipo de cambio actual y las comisiones aplicables. Asimismo, te sugerimos estar al tanto de las noticias econ\u00f3micas y financieras para tomar decisiones informadas.<\/p>\n<p>&nbsp;<\/p>\n<p style=\"text-align: center;\" data-sourcepos=\"27:1-27:302\"><em><strong>\u00a1Informaci\u00f3n que transforma!<\/strong><\/em><\/p>\n","protected":false},"excerpt":{"rendered":"<p>El peso mexicano inici\u00f3 la segunda semana de enero con una relativa estabilidad frente al d\u00f3lar estadounidense, cotiz\u00e1ndose en $20.27 pesos por d\u00f3lar. Esta cifra representa un ligero ajuste en comparaci\u00f3n con el cierre de la primera semana del segundo mandato de Donald Trump que inici\u00f3 el pasado 20 de enero.<\/p>\n","protected":false},"author":3,"featured_media":10640,"comment_status":"open","ping_status":"open","sticky":false,"template":"","format":"standard","meta":{"footnotes":""},"categories":[5,88,58],"tags":[1313,141,1312,1660],"class_list":["post-10636","post","type-post","status-publish","format-standard","has-post-thumbnail","hentry","category-economia","category-nacional","category-ultima-hora","tag-dolar","tag-economia","tag-pesomexicano","tag-tipodecambio"],"yoast_head":"<!-- This site is optimized with the Yoast SEO plugin v25.0 - https:\/\/yoast.com\/wordpress\/plugins\/seo\/ -->\n<title>D\u00f3lar $20.27 inicia con calma el segundo mandato de Trump el peso mexicano muestra estabilidad | Nexo Informativo Santiago de Quer\u00e9taro<\/title>\n<meta name=\"description\" content=\"D\u00f3lar $20.27 inicia con calma el segundo mandato de Trump el peso mexicano muestra estabilidad\" \/>\n<meta name=\"robots\" content=\"index, follow, max-snippet:-1, max-image-preview:large, max-video-preview:-1\" \/>\n<link rel=\"canonical\" href=\"https:\/\/www.nexoinformativo.mx\/index.php\/2025\/01\/25\/dolar-20-27-inicia-con-calma-el-segundo-mandato-de-trump-el-peso-mexicano-muestra-estabilidad\/\" \/>\n<meta property=\"og:locale\" content=\"es_MX\" \/>\n<meta property=\"og:type\" content=\"article\" \/>\n<meta property=\"og:title\" content=\"D\u00f3lar $20.27 inicia con calma el segundo mandato de Trump el peso mexicano muestra estabilidad | Nexo Informativo Santiago de Quer\u00e9taro\" \/>\n<meta property=\"og:description\" content=\"D\u00f3lar $20.27 inicia con calma el segundo mandato de Trump el peso mexicano muestra estabilidad\" \/>\n<meta property=\"og:url\" content=\"https:\/\/www.nexoinformativo.mx\/index.php\/2025\/01\/25\/dolar-20-27-inicia-con-calma-el-segundo-mandato-de-trump-el-peso-mexicano-muestra-estabilidad\/\" \/>\n<meta property=\"og:site_name\" content=\"Nexo Informativo Santiago de Quer\u00e9taro\" \/>\n<meta property=\"article:publisher\" content=\"https:\/\/www.facebook.com\/people\/Nexo-Informativo\/61564066885511\/\" \/>\n<meta property=\"article:published_time\" content=\"2025-01-25T17:00:15+00:00\" \/>\n<meta property=\"article:modified_time\" content=\"2025-01-25T19:17:21+00:00\" \/>\n<meta property=\"og:image\" content=\"https:\/\/www.nexoinformativo.mx\/wp-content\/uploads\/2025\/01\/PHOTO-2025-01-25-13-15-44-e1737832634496.jpg\" \/>\n\t<meta property=\"og:image:width\" content=\"800\" \/>\n\t<meta property=\"og:image:height\" content=\"533\" \/>\n\t<meta property=\"og:image:type\" content=\"image\/jpeg\" \/>\n<meta name=\"author\" content=\"Nexo Informativo\" \/>\n<meta name=\"twitter:card\" content=\"summary_large_image\" \/>\n<meta name=\"twitter:label1\" content=\"Escrito por\" \/>\n\t<meta name=\"twitter:data1\" content=\"Nexo Informativo\" \/>\n\t<meta name=\"twitter:label2\" content=\"Tiempo de lectura\" \/>\n\t<meta name=\"twitter:data2\" content=\"2 minutos\" \/>\n<script type=\"application\/ld+json\" class=\"yoast-schema-graph\">{\"@context\":\"https:\/\/schema.org\",\"@graph\":[{\"@type\":\"Article\",\"@id\":\"https:\/\/www.nexoinformativo.mx\/index.php\/2025\/01\/25\/dolar-20-27-inicia-con-calma-el-segundo-mandato-de-trump-el-peso-mexicano-muestra-estabilidad\/#article\",\"isPartOf\":{\"@id\":\"https:\/\/www.nexoinformativo.mx\/index.php\/2025\/01\/25\/dolar-20-27-inicia-con-calma-el-segundo-mandato-de-trump-el-peso-mexicano-muestra-estabilidad\/\"},\"author\":{\"name\":\"Nexo Informativo\",\"@id\":\"https:\/\/www.nexoinformativo.mx\/#\/schema\/person\/7749d380ba08c8ca00d7bc76fd907b7d\"},\"headline\":\"D\u00f3lar $20.27 inicia con calma el segundo mandato de Trump el peso mexicano muestra estabilidad\",\"datePublished\":\"2025-01-25T17:00:15+00:00\",\"dateModified\":\"2025-01-25T19:17:21+00:00\",\"mainEntityOfPage\":{\"@id\":\"https:\/\/www.nexoinformativo.mx\/index.php\/2025\/01\/25\/dolar-20-27-inicia-con-calma-el-segundo-mandato-de-trump-el-peso-mexicano-muestra-estabilidad\/\"},\"wordCount\":239,\"commentCount\":0,\"publisher\":{\"@id\":\"https:\/\/www.nexoinformativo.mx\/#organization\"},\"image\":{\"@id\":\"https:\/\/www.nexoinformativo.mx\/index.php\/2025\/01\/25\/dolar-20-27-inicia-con-calma-el-segundo-mandato-de-trump-el-peso-mexicano-muestra-estabilidad\/#primaryimage\"},\"thumbnailUrl\":\"https:\/\/www.nexoinformativo.mx\/wp-content\/uploads\/2025\/01\/PHOTO-2025-01-25-13-15-44-e1737832634496.jpg\",\"keywords\":[\"D\u00f3lar\",\"Economia\",\"PesoMexicano\",\"TipoDeCambio\"],\"articleSection\":[\"Econom\u00eda\",\"Nacional\",\"\u00daltima Hora\"],\"inLanguage\":\"es\",\"potentialAction\":[{\"@type\":\"CommentAction\",\"name\":\"Comment\",\"target\":[\"https:\/\/www.nexoinformativo.mx\/index.php\/2025\/01\/25\/dolar-20-27-inicia-con-calma-el-segundo-mandato-de-trump-el-peso-mexicano-muestra-estabilidad\/#respond\"]}]},{\"@type\":\"WebPage\",\"@id\":\"https:\/\/www.nexoinformativo.mx\/index.php\/2025\/01\/25\/dolar-20-27-inicia-con-calma-el-segundo-mandato-de-trump-el-peso-mexicano-muestra-estabilidad\/\",\"url\":\"https:\/\/www.nexoinformativo.mx\/index.php\/2025\/01\/25\/dolar-20-27-inicia-con-calma-el-segundo-mandato-de-trump-el-peso-mexicano-muestra-estabilidad\/\",\"name\":\"D\u00f3lar $20.27 inicia con calma el segundo mandato de Trump el peso mexicano muestra estabilidad | Nexo Informativo Santiago de Quer\u00e9taro\",\"isPartOf\":{\"@id\":\"https:\/\/www.nexoinformativo.mx\/#website\"},\"primaryImageOfPage\":{\"@id\":\"https:\/\/www.nexoinformativo.mx\/index.php\/2025\/01\/25\/dolar-20-27-inicia-con-calma-el-segundo-mandato-de-trump-el-peso-mexicano-muestra-estabilidad\/#primaryimage\"},\"image\":{\"@id\":\"https:\/\/www.nexoinformativo.mx\/index.php\/2025\/01\/25\/dolar-20-27-inicia-con-calma-el-segundo-mandato-de-trump-el-peso-mexicano-muestra-estabilidad\/#primaryimage\"},\"thumbnailUrl\":\"https:\/\/www.nexoinformativo.mx\/wp-content\/uploads\/2025\/01\/PHOTO-2025-01-25-13-15-44-e1737832634496.jpg\",\"datePublished\":\"2025-01-25T17:00:15+00:00\",\"dateModified\":\"2025-01-25T19:17:21+00:00\",\"description\":\"D\u00f3lar $20.27 inicia con calma el segundo mandato de Trump el peso mexicano muestra estabilidad\",\"breadcrumb\":{\"@id\":\"https:\/\/www.nexoinformativo.mx\/index.php\/2025\/01\/25\/dolar-20-27-inicia-con-calma-el-segundo-mandato-de-trump-el-peso-mexicano-muestra-estabilidad\/#breadcrumb\"},\"inLanguage\":\"es\",\"potentialAction\":[{\"@type\":\"ReadAction\",\"target\":[\"https:\/\/www.nexoinformativo.mx\/index.php\/2025\/01\/25\/dolar-20-27-inicia-con-calma-el-segundo-mandato-de-trump-el-peso-mexicano-muestra-estabilidad\/\"]}]},{\"@type\":\"ImageObject\",\"inLanguage\":\"es\",\"@id\":\"https:\/\/www.nexoinformativo.mx\/index.php\/2025\/01\/25\/dolar-20-27-inicia-con-calma-el-segundo-mandato-de-trump-el-peso-mexicano-muestra-estabilidad\/#primaryimage\",\"url\":\"https:\/\/www.nexoinformativo.mx\/wp-content\/uploads\/2025\/01\/PHOTO-2025-01-25-13-15-44-e1737832634496.jpg\",\"contentUrl\":\"https:\/\/www.nexoinformativo.mx\/wp-content\/uploads\/2025\/01\/PHOTO-2025-01-25-13-15-44-e1737832634496.jpg\",\"width\":800,\"height\":533},{\"@type\":\"BreadcrumbList\",\"@id\":\"https:\/\/www.nexoinformativo.mx\/index.php\/2025\/01\/25\/dolar-20-27-inicia-con-calma-el-segundo-mandato-de-trump-el-peso-mexicano-muestra-estabilidad\/#breadcrumb\",\"itemListElement\":[{\"@type\":\"ListItem\",\"position\":1,\"name\":\"Inicio\",\"item\":\"https:\/\/www.nexoinformativo.mx\/\"},{\"@type\":\"ListItem\",\"position\":2,\"name\":\"D\u00f3lar $20.27 inicia con calma el segundo mandato de Trump el peso mexicano muestra estabilidad\"}]},{\"@type\":\"WebSite\",\"@id\":\"https:\/\/www.nexoinformativo.mx\/#website\",\"url\":\"https:\/\/www.nexoinformativo.mx\/\",\"name\":\"Nexo Informativo Santiago de Quer\u00e9taro\",\"description\":\"Explora NexoInformativo y convi\u00e9rtete en parte de una comunidad que valora el conocimiento y la verdad. Tu nexoinformativo es tu puente hacia una comprensi\u00f3n m\u00e1s profunda del mundo que te rodea.\",\"publisher\":{\"@id\":\"https:\/\/www.nexoinformativo.mx\/#organization\"},\"potentialAction\":[{\"@type\":\"SearchAction\",\"target\":{\"@type\":\"EntryPoint\",\"urlTemplate\":\"https:\/\/www.nexoinformativo.mx\/?s={search_term_string}\"},\"query-input\":{\"@type\":\"PropertyValueSpecification\",\"valueRequired\":true,\"valueName\":\"search_term_string\"}}],\"inLanguage\":\"es\"},{\"@type\":\"Organization\",\"@id\":\"https:\/\/www.nexoinformativo.mx\/#organization\",\"name\":\"Nexo Informativo Santiago de Quer\u00e9taro\",\"url\":\"https:\/\/www.nexoinformativo.mx\/\",\"logo\":{\"@type\":\"ImageObject\",\"inLanguage\":\"es\",\"@id\":\"https:\/\/www.nexoinformativo.mx\/#\/schema\/logo\/image\/\",\"url\":\"https:\/\/www.nexoinformativo.mx\/wp-content\/uploads\/2024\/07\/nexoi-trasparente-2.png\",\"contentUrl\":\"https:\/\/www.nexoinformativo.mx\/wp-content\/uploads\/2024\/07\/nexoi-trasparente-2.png\",\"width\":816,\"height\":339,\"caption\":\"Nexo Informativo Santiago de Quer\u00e9taro\"},\"image\":{\"@id\":\"https:\/\/www.nexoinformativo.mx\/#\/schema\/logo\/image\/\"},\"sameAs\":[\"https:\/\/www.facebook.com\/people\/Nexo-Informativo\/61564066885511\/\"]},{\"@type\":\"Person\",\"@id\":\"https:\/\/www.nexoinformativo.mx\/#\/schema\/person\/7749d380ba08c8ca00d7bc76fd907b7d\",\"name\":\"Nexo Informativo\",\"image\":{\"@type\":\"ImageObject\",\"inLanguage\":\"es\",\"@id\":\"https:\/\/www.nexoinformativo.mx\/#\/schema\/person\/image\/\",\"url\":\"https:\/\/secure.gravatar.com\/avatar\/dde2928154642a13d95f87ddf1ea9718fe2b46760a005c53e41ff5ad610704e6?s=96&d=mm&r=g\",\"contentUrl\":\"https:\/\/secure.gravatar.com\/avatar\/dde2928154642a13d95f87ddf1ea9718fe2b46760a005c53e41ff5ad610704e6?s=96&d=mm&r=g\",\"caption\":\"Nexo Informativo\"},\"url\":\"https:\/\/www.nexoinformativo.mx\/index.php\/author\/edicion\/\"}]}<\/script>\n<!-- \/ Yoast SEO plugin. -->","yoast_head_json":{"title":"D\u00f3lar $20.27 inicia con calma el segundo mandato de Trump el peso mexicano muestra estabilidad | Nexo Informativo Santiago de Quer\u00e9taro","description":"D\u00f3lar $20.27 inicia con calma el segundo mandato de Trump el peso mexicano muestra estabilidad","robots":{"index":"index","follow":"follow","max-snippet":"max-snippet:-1","max-image-preview":"max-image-preview:large","max-video-preview":"max-video-preview:-1"},"canonical":"https:\/\/www.nexoinformativo.mx\/index.php\/2025\/01\/25\/dolar-20-27-inicia-con-calma-el-segundo-mandato-de-trump-el-peso-mexicano-muestra-estabilidad\/","og_locale":"es_MX","og_type":"article","og_title":"D\u00f3lar $20.27 inicia con calma el segundo mandato de Trump el peso mexicano muestra estabilidad | Nexo Informativo Santiago de Quer\u00e9taro","og_description":"D\u00f3lar $20.27 inicia con calma el segundo mandato de Trump el peso mexicano muestra estabilidad","og_url":"https:\/\/www.nexoinformativo.mx\/index.php\/2025\/01\/25\/dolar-20-27-inicia-con-calma-el-segundo-mandato-de-trump-el-peso-mexicano-muestra-estabilidad\/","og_site_name":"Nexo Informativo Santiago de Quer\u00e9taro","article_publisher":"https:\/\/www.facebook.com\/people\/Nexo-Informativo\/61564066885511\/","article_published_time":"2025-01-25T17:00:15+00:00","article_modified_time":"2025-01-25T19:17:21+00:00","og_image":[{"width":800,"height":533,"url":"https:\/\/www.nexoinformativo.mx\/wp-content\/uploads\/2025\/01\/PHOTO-2025-01-25-13-15-44-e1737832634496.jpg","type":"image\/jpeg"}],"author":"Nexo Informativo","twitter_card":"summary_large_image","twitter_misc":{"Escrito por":"Nexo Informativo","Tiempo de lectura":"2 minutos"},"schema":{"@context":"https:\/\/schema.org","@graph":[{"@type":"Article","@id":"https:\/\/www.nexoinformativo.mx\/index.php\/2025\/01\/25\/dolar-20-27-inicia-con-calma-el-segundo-mandato-de-trump-el-peso-mexicano-muestra-estabilidad\/#article","isPartOf":{"@id":"https:\/\/www.nexoinformativo.mx\/index.php\/2025\/01\/25\/dolar-20-27-inicia-con-calma-el-segundo-mandato-de-trump-el-peso-mexicano-muestra-estabilidad\/"},"author":{"name":"Nexo Informativo","@id":"https:\/\/www.nexoinformativo.mx\/#\/schema\/person\/7749d380ba08c8ca00d7bc76fd907b7d"},"headline":"D\u00f3lar $20.27 inicia con calma el segundo mandato de Trump el peso mexicano muestra estabilidad","datePublished":"2025-01-25T17:00:15+00:00","dateModified":"2025-01-25T19:17:21+00:00","mainEntityOfPage":{"@id":"https:\/\/www.nexoinformativo.mx\/index.php\/2025\/01\/25\/dolar-20-27-inicia-con-calma-el-segundo-mandato-de-trump-el-peso-mexicano-muestra-estabilidad\/"},"wordCount":239,"commentCount":0,"publisher":{"@id":"https:\/\/www.nexoinformativo.mx\/#organization"},"image":{"@id":"https:\/\/www.nexoinformativo.mx\/index.php\/2025\/01\/25\/dolar-20-27-inicia-con-calma-el-segundo-mandato-de-trump-el-peso-mexicano-muestra-estabilidad\/#primaryimage"},"thumbnailUrl":"https:\/\/www.nexoinformativo.mx\/wp-content\/uploads\/2025\/01\/PHOTO-2025-01-25-13-15-44-e1737832634496.jpg","keywords":["D\u00f3lar","Economia","PesoMexicano","TipoDeCambio"],"articleSection":["Econom\u00eda","Nacional","\u00daltima Hora"],"inLanguage":"es","potentialAction":[{"@type":"CommentAction","name":"Comment","target":["https:\/\/www.nexoinformativo.mx\/index.php\/2025\/01\/25\/dolar-20-27-inicia-con-calma-el-segundo-mandato-de-trump-el-peso-mexicano-muestra-estabilidad\/#respond"]}]},{"@type":"WebPage","@id":"https:\/\/www.nexoinformativo.mx\/index.php\/2025\/01\/25\/dolar-20-27-inicia-con-calma-el-segundo-mandato-de-trump-el-peso-mexicano-muestra-estabilidad\/","url":"https:\/\/www.nexoinformativo.mx\/index.php\/2025\/01\/25\/dolar-20-27-inicia-con-calma-el-segundo-mandato-de-trump-el-peso-mexicano-muestra-estabilidad\/","name":"D\u00f3lar $20.27 inicia con calma el segundo mandato de Trump el peso mexicano muestra estabilidad | Nexo Informativo Santiago de Quer\u00e9taro","isPartOf":{"@id":"https:\/\/www.nexoinformativo.mx\/#website"},"primaryImageOfPage":{"@id":"https:\/\/www.nexoinformativo.mx\/index.php\/2025\/01\/25\/dolar-20-27-inicia-con-calma-el-segundo-mandato-de-trump-el-peso-mexicano-muestra-estabilidad\/#primaryimage"},"image":{"@id":"https:\/\/www.nexoinformativo.mx\/index.php\/2025\/01\/25\/dolar-20-27-inicia-con-calma-el-segundo-mandato-de-trump-el-peso-mexicano-muestra-estabilidad\/#primaryimage"},"thumbnailUrl":"https:\/\/www.nexoinformativo.mx\/wp-content\/uploads\/2025\/01\/PHOTO-2025-01-25-13-15-44-e1737832634496.jpg","datePublished":"2025-01-25T17:00:15+00:00","dateModified":"2025-01-25T19:17:21+00:00","description":"D\u00f3lar $20.27 inicia con calma el segundo mandato de Trump el peso mexicano muestra estabilidad","breadcrumb":{"@id":"https:\/\/www.nexoinformativo.mx\/index.php\/2025\/01\/25\/dolar-20-27-inicia-con-calma-el-segundo-mandato-de-trump-el-peso-mexicano-muestra-estabilidad\/#breadcrumb"},"inLanguage":"es","potentialAction":[{"@type":"ReadAction","target":["https:\/\/www.nexoinformativo.mx\/index.php\/2025\/01\/25\/dolar-20-27-inicia-con-calma-el-segundo-mandato-de-trump-el-peso-mexicano-muestra-estabilidad\/"]}]},{"@type":"ImageObject","inLanguage":"es","@id":"https:\/\/www.nexoinformativo.mx\/index.php\/2025\/01\/25\/dolar-20-27-inicia-con-calma-el-segundo-mandato-de-trump-el-peso-mexicano-muestra-estabilidad\/#primaryimage","url":"https:\/\/www.nexoinformativo.mx\/wp-content\/uploads\/2025\/01\/PHOTO-2025-01-25-13-15-44-e1737832634496.jpg","contentUrl":"https:\/\/www.nexoinformativo.mx\/wp-content\/uploads\/2025\/01\/PHOTO-2025-01-25-13-15-44-e1737832634496.jpg","width":800,"height":533},{"@type":"BreadcrumbList","@id":"https:\/\/www.nexoinformativo.mx\/index.php\/2025\/01\/25\/dolar-20-27-inicia-con-calma-el-segundo-mandato-de-trump-el-peso-mexicano-muestra-estabilidad\/#breadcrumb","itemListElement":[{"@type":"ListItem","position":1,"name":"Inicio","item":"https:\/\/www.nexoinformativo.mx\/"},{"@type":"ListItem","position":2,"name":"D\u00f3lar $20.27 inicia con calma el segundo mandato de Trump el peso mexicano muestra estabilidad"}]},{"@type":"WebSite","@id":"https:\/\/www.nexoinformativo.mx\/#website","url":"https:\/\/www.nexoinformativo.mx\/","name":"Nexo Informativo Santiago de Quer\u00e9taro","description":"Explora NexoInformativo y convi\u00e9rtete en parte de una comunidad que valora el conocimiento y la verdad. Tu nexoinformativo es tu puente hacia una comprensi\u00f3n m\u00e1s profunda del mundo que te rodea.","publisher":{"@id":"https:\/\/www.nexoinformativo.mx\/#organization"},"potentialAction":[{"@type":"SearchAction","target":{"@type":"EntryPoint","urlTemplate":"https:\/\/www.nexoinformativo.mx\/?s={search_term_string}"},"query-input":{"@type":"PropertyValueSpecification","valueRequired":true,"valueName":"search_term_string"}}],"inLanguage":"es"},{"@type":"Organization","@id":"https:\/\/www.nexoinformativo.mx\/#organization","name":"Nexo Informativo Santiago de Quer\u00e9taro","url":"https:\/\/www.nexoinformativo.mx\/","logo":{"@type":"ImageObject","inLanguage":"es","@id":"https:\/\/www.nexoinformativo.mx\/#\/schema\/logo\/image\/","url":"https:\/\/www.nexoinformativo.mx\/wp-content\/uploads\/2024\/07\/nexoi-trasparente-2.png","contentUrl":"https:\/\/www.nexoinformativo.mx\/wp-content\/uploads\/2024\/07\/nexoi-trasparente-2.png","width":816,"height":339,"caption":"Nexo Informativo Santiago de Quer\u00e9taro"},"image":{"@id":"https:\/\/www.nexoinformativo.mx\/#\/schema\/logo\/image\/"},"sameAs":["https:\/\/www.facebook.com\/people\/Nexo-Informativo\/61564066885511\/"]},{"@type":"Person","@id":"https:\/\/www.nexoinformativo.mx\/#\/schema\/person\/7749d380ba08c8ca00d7bc76fd907b7d","name":"Nexo Informativo","image":{"@type":"ImageObject","inLanguage":"es","@id":"https:\/\/www.nexoinformativo.mx\/#\/schema\/person\/image\/","url":"https:\/\/secure.gravatar.com\/avatar\/dde2928154642a13d95f87ddf1ea9718fe2b46760a005c53e41ff5ad610704e6?s=96&d=mm&r=g","contentUrl":"https:\/\/secure.gravatar.com\/avatar\/dde2928154642a13d95f87ddf1ea9718fe2b46760a005c53e41ff5ad610704e6?s=96&d=mm&r=g","caption":"Nexo Informativo"},"url":"https:\/\/www.nexoinformativo.mx\/index.php\/author\/edicion\/"}]}},"_links":{"self":[{"href":"https:\/\/www.nexoinformativo.mx\/index.php\/wp-json\/wp\/v2\/posts\/10636","targetHints":{"allow":["GET"]}}],"collection":[{"href":"https:\/\/www.nexoinformativo.mx\/index.php\/wp-json\/wp\/v2\/posts"}],"about":[{"href":"https:\/\/www.nexoinformativo.mx\/index.php\/wp-json\/wp\/v2\/types\/post"}],"author":[{"embeddable":true,"href":"https:\/\/www.nexoinformativo.mx\/index.php\/wp-json\/wp\/v2\/users\/3"}],"replies":[{"embeddable":true,"href":"https:\/\/www.nexoinformativo.mx\/index.php\/wp-json\/wp\/v2\/comments?post=10636"}],"version-history":[{"count":4,"href":"https:\/\/www.nexoinformativo.mx\/index.php\/wp-json\/wp\/v2\/posts\/10636\/revisions"}],"predecessor-version":[{"id":10641,"href":"https:\/\/www.nexoinformativo.mx\/index.php\/wp-json\/wp\/v2\/posts\/10636\/revisions\/10641"}],"wp:featuredmedia":[{"embeddable":true,"href":"https:\/\/www.nexoinformativo.mx\/index.php\/wp-json\/wp\/v2\/media\/10640"}],"wp:attachment":[{"href":"https:\/\/www.nexoinformativo.mx\/index.php\/wp-json\/wp\/v2\/media?parent=10636"}],"wp:term":[{"taxonomy":"category","embeddable":true,"href":"https:\/\/www.nexoinformativo.mx\/index.php\/wp-json\/wp\/v2\/categories?post=10636"},{"taxonomy":"post_tag","embeddable":true,"href":"https:\/\/www.nexoinformativo.mx\/index.php\/wp-json\/wp\/v2\/tags?post=10636"}],"curies":[{"name":"wp","href":"https:\/\/api.w.org\/{rel}","templated":true}]}}