{"id":10642,"date":"2025-01-27T06:30:37","date_gmt":"2025-01-27T12:30:37","guid":{"rendered":"https:\/\/www.nexoinformativo.mx\/?p=10642"},"modified":"2025-01-27T10:45:43","modified_gmt":"2025-01-27T16:45:43","slug":"frontera-sur-mexico-y-guatemala-avanzan-en-integracion-y-desarrollo","status":"publish","type":"post","link":"https:\/\/www.nexoinformativo.mx\/index.php\/2025\/01\/27\/frontera-sur-mexico-y-guatemala-avanzan-en-integracion-y-desarrollo\/","title":{"rendered":"Frontera sur M\u00e9xico y Guatemala avanzan en integraci\u00f3n y desarrollo"},"content":{"rendered":"<p style=\"text-align: justify;\" data-sourcepos=\"11:1-11:332\">La subsecretaria para Am\u00e9rica Latina y el Caribe de la Secretar\u00eda de Relaciones Exteriores (SRE), Raquel Serur, realiz\u00f3 una visita de trabajo a la frontera sur de M\u00e9xico con el objetivo de evaluar el avance de proyectos prioritarios enfocados en garantizar una frontera segura y moderna.<\/p>\n<p>&nbsp;<\/p>\n<p style=\"text-align: justify;\" data-sourcepos=\"13:1-13:389\">Durante su visita, la funcionaria recorri\u00f3 los puentes internacionales Dr. Rodolfo Robles y Luis Cabrera, donde se abordaron temas como la interconexi\u00f3n f\u00e9rrea del Corredor Interoce\u00e1nico del Istmo de Tehuantepec con Guatemala y la implementaci\u00f3n de una aduana conjunta.<\/p>\n<p>&nbsp;<\/p>\n<p style=\"text-align: justify;\" data-sourcepos=\"13:1-13:389\">Estas iniciativas buscan agilizar el comercio transfronterizo y fortalecer la integraci\u00f3n econ\u00f3mica entre ambos pa\u00edses. Adem\u00e1s, Serur sostuvo reuniones con autoridades mexicanas, guatemaltecas y de organismos internacionales para discutir temas relacionados con la movilidad humana.<\/p>\n<p>&nbsp;<\/p>\n<p style=\"text-align: justify;\" data-sourcepos=\"13:1-13:389\">}En este sentido, se destac\u00f3 el compromiso de M\u00e9xico con el Modelo Humanitario de Movilidad Humana, que busca garantizar los derechos de las personas migrantes y refugiadas.<\/p>\n<p>&nbsp;<\/p>\n<p style=\"text-align: justify;\" data-sourcepos=\"17:1-17:225\"><strong>&#8220;La frontera sur es un espacio de intercambio y oportunidad para todos&#8221;<\/strong>, afirm\u00f3 la subsecretaria Serur, reiterando el compromiso del gobierno mexicano de fortalecer la integraci\u00f3n, el desarrollo y la seguridad en esta regi\u00f3n.<\/p>\n<p>&nbsp;<\/p>\n<p style=\"text-align: justify;\" data-sourcepos=\"19:1-19:219\">La visita de la subsecretaria Serur a la frontera sur se enmarca en las instrucciones del canciller Juan Ram\u00f3n de la Fuente y de la presidenta de M\u00e9xico, quienes han subrayado la importancia de esta regi\u00f3n para el pa\u00eds.<\/p>\n<p>&nbsp;<\/p>\n<p style=\"text-align: center;\" data-sourcepos=\"19:1-19:219\"><em><strong>\u00a1Informaci\u00f3n que transforma!<\/strong><\/em><\/p>\n","protected":false},"excerpt":{"rendered":"<p>La subsecretaria para Am\u00e9rica Latina y el Caribe de la Secretar\u00eda de Relaciones Exteriores (SRE), Raquel Serur, realiz\u00f3 una visita de trabajo a la frontera sur de M\u00e9xico con el objetivo de evaluar el avance de proyectos prioritarios enfocados en garantizar una frontera segura y moderna.<\/p>\n","protected":false},"author":3,"featured_media":10643,"comment_status":"open","ping_status":"open","sticky":false,"template":"","format":"standard","meta":{"footnotes":""},"categories":[88,58],"tags":[2907,2677,3245,924],"class_list":["post-10642","post","type-post","status-publish","format-standard","has-post-thumbnail","hentry","category-nacional","category-ultima-hora","tag-fronterasur","tag-integracionregional","tag-mexicoguatemala","tag-movilidadhumana"],"yoast_head":"<!-- This site is optimized with the Yoast SEO plugin v25.0 - https:\/\/yoast.com\/wordpress\/plugins\/seo\/ -->\n<title>Frontera sur M\u00e9xico y Guatemala avanzan en integraci\u00f3n y desarrollo | Nexo Informativo Santiago de Quer\u00e9taro<\/title>\n<meta name=\"description\" content=\"Frontera sur M\u00e9xico y Guatemala avanzan en integraci\u00f3n y desarrollo\" \/>\n<meta name=\"robots\" content=\"index, follow, max-snippet:-1, max-image-preview:large, max-video-preview:-1\" \/>\n<link rel=\"canonical\" href=\"https:\/\/www.nexoinformativo.mx\/index.php\/2025\/01\/27\/frontera-sur-mexico-y-guatemala-avanzan-en-integracion-y-desarrollo\/\" \/>\n<meta property=\"og:locale\" content=\"es_MX\" \/>\n<meta property=\"og:type\" content=\"article\" \/>\n<meta property=\"og:title\" content=\"Frontera sur M\u00e9xico y Guatemala avanzan en integraci\u00f3n y desarrollo | Nexo Informativo Santiago de Quer\u00e9taro\" \/>\n<meta property=\"og:description\" content=\"Frontera sur M\u00e9xico y Guatemala avanzan en integraci\u00f3n y desarrollo\" \/>\n<meta property=\"og:url\" content=\"https:\/\/www.nexoinformativo.mx\/index.php\/2025\/01\/27\/frontera-sur-mexico-y-guatemala-avanzan-en-integracion-y-desarrollo\/\" \/>\n<meta property=\"og:site_name\" content=\"Nexo Informativo Santiago de Quer\u00e9taro\" \/>\n<meta property=\"article:publisher\" content=\"https:\/\/www.facebook.com\/people\/Nexo-Informativo\/61564066885511\/\" \/>\n<meta property=\"article:published_time\" content=\"2025-01-27T12:30:37+00:00\" \/>\n<meta property=\"article:modified_time\" content=\"2025-01-27T16:45:43+00:00\" \/>\n<meta property=\"og:image\" content=\"https:\/\/www.nexoinformativo.mx\/wp-content\/uploads\/2025\/01\/IMG_9542.jpg\" \/>\n\t<meta property=\"og:image:width\" content=\"650\" \/>\n\t<meta property=\"og:image:height\" content=\"380\" \/>\n\t<meta property=\"og:image:type\" content=\"image\/jpeg\" \/>\n<meta name=\"author\" content=\"Nexo Informativo\" \/>\n<meta name=\"twitter:card\" content=\"summary_large_image\" \/>\n<meta name=\"twitter:label1\" content=\"Escrito por\" \/>\n\t<meta name=\"twitter:data1\" content=\"Nexo Informativo\" \/>\n\t<meta name=\"twitter:label2\" content=\"Tiempo de lectura\" \/>\n\t<meta name=\"twitter:data2\" content=\"2 minutos\" \/>\n<script type=\"application\/ld+json\" class=\"yoast-schema-graph\">{\"@context\":\"https:\/\/schema.org\",\"@graph\":[{\"@type\":\"Article\",\"@id\":\"https:\/\/www.nexoinformativo.mx\/index.php\/2025\/01\/27\/frontera-sur-mexico-y-guatemala-avanzan-en-integracion-y-desarrollo\/#article\",\"isPartOf\":{\"@id\":\"https:\/\/www.nexoinformativo.mx\/index.php\/2025\/01\/27\/frontera-sur-mexico-y-guatemala-avanzan-en-integracion-y-desarrollo\/\"},\"author\":{\"name\":\"Nexo Informativo\",\"@id\":\"https:\/\/www.nexoinformativo.mx\/#\/schema\/person\/7749d380ba08c8ca00d7bc76fd907b7d\"},\"headline\":\"Frontera sur M\u00e9xico y Guatemala avanzan en integraci\u00f3n y desarrollo\",\"datePublished\":\"2025-01-27T12:30:37+00:00\",\"dateModified\":\"2025-01-27T16:45:43+00:00\",\"mainEntityOfPage\":{\"@id\":\"https:\/\/www.nexoinformativo.mx\/index.php\/2025\/01\/27\/frontera-sur-mexico-y-guatemala-avanzan-en-integracion-y-desarrollo\/\"},\"wordCount\":260,\"commentCount\":0,\"publisher\":{\"@id\":\"https:\/\/www.nexoinformativo.mx\/#organization\"},\"image\":{\"@id\":\"https:\/\/www.nexoinformativo.mx\/index.php\/2025\/01\/27\/frontera-sur-mexico-y-guatemala-avanzan-en-integracion-y-desarrollo\/#primaryimage\"},\"thumbnailUrl\":\"https:\/\/www.nexoinformativo.mx\/wp-content\/uploads\/2025\/01\/IMG_9542.jpg\",\"keywords\":[\"FronteraSur\",\"Integraci\u00f3nRegional\",\"M\u00e9xicoGuatemala\",\"MovilidadHumana\"],\"articleSection\":[\"Nacional\",\"\u00daltima Hora\"],\"inLanguage\":\"es\",\"potentialAction\":[{\"@type\":\"CommentAction\",\"name\":\"Comment\",\"target\":[\"https:\/\/www.nexoinformativo.mx\/index.php\/2025\/01\/27\/frontera-sur-mexico-y-guatemala-avanzan-en-integracion-y-desarrollo\/#respond\"]}]},{\"@type\":\"WebPage\",\"@id\":\"https:\/\/www.nexoinformativo.mx\/index.php\/2025\/01\/27\/frontera-sur-mexico-y-guatemala-avanzan-en-integracion-y-desarrollo\/\",\"url\":\"https:\/\/www.nexoinformativo.mx\/index.php\/2025\/01\/27\/frontera-sur-mexico-y-guatemala-avanzan-en-integracion-y-desarrollo\/\",\"name\":\"Frontera sur M\u00e9xico y Guatemala avanzan en integraci\u00f3n y desarrollo | Nexo Informativo Santiago de Quer\u00e9taro\",\"isPartOf\":{\"@id\":\"https:\/\/www.nexoinformativo.mx\/#website\"},\"primaryImageOfPage\":{\"@id\":\"https:\/\/www.nexoinformativo.mx\/index.php\/2025\/01\/27\/frontera-sur-mexico-y-guatemala-avanzan-en-integracion-y-desarrollo\/#primaryimage\"},\"image\":{\"@id\":\"https:\/\/www.nexoinformativo.mx\/index.php\/2025\/01\/27\/frontera-sur-mexico-y-guatemala-avanzan-en-integracion-y-desarrollo\/#primaryimage\"},\"thumbnailUrl\":\"https:\/\/www.nexoinformativo.mx\/wp-content\/uploads\/2025\/01\/IMG_9542.jpg\",\"datePublished\":\"2025-01-27T12:30:37+00:00\",\"dateModified\":\"2025-01-27T16:45:43+00:00\",\"description\":\"Frontera sur M\u00e9xico y Guatemala avanzan en integraci\u00f3n y desarrollo\",\"breadcrumb\":{\"@id\":\"https:\/\/www.nexoinformativo.mx\/index.php\/2025\/01\/27\/frontera-sur-mexico-y-guatemala-avanzan-en-integracion-y-desarrollo\/#breadcrumb\"},\"inLanguage\":\"es\",\"potentialAction\":[{\"@type\":\"ReadAction\",\"target\":[\"https:\/\/www.nexoinformativo.mx\/index.php\/2025\/01\/27\/frontera-sur-mexico-y-guatemala-avanzan-en-integracion-y-desarrollo\/\"]}]},{\"@type\":\"ImageObject\",\"inLanguage\":\"es\",\"@id\":\"https:\/\/www.nexoinformativo.mx\/index.php\/2025\/01\/27\/frontera-sur-mexico-y-guatemala-avanzan-en-integracion-y-desarrollo\/#primaryimage\",\"url\":\"https:\/\/www.nexoinformativo.mx\/wp-content\/uploads\/2025\/01\/IMG_9542.jpg\",\"contentUrl\":\"https:\/\/www.nexoinformativo.mx\/wp-content\/uploads\/2025\/01\/IMG_9542.jpg\",\"width\":650,\"height\":380},{\"@type\":\"BreadcrumbList\",\"@id\":\"https:\/\/www.nexoinformativo.mx\/index.php\/2025\/01\/27\/frontera-sur-mexico-y-guatemala-avanzan-en-integracion-y-desarrollo\/#breadcrumb\",\"itemListElement\":[{\"@type\":\"ListItem\",\"position\":1,\"name\":\"Inicio\",\"item\":\"https:\/\/www.nexoinformativo.mx\/\"},{\"@type\":\"ListItem\",\"position\":2,\"name\":\"Frontera sur M\u00e9xico y Guatemala avanzan en integraci\u00f3n y desarrollo\"}]},{\"@type\":\"WebSite\",\"@id\":\"https:\/\/www.nexoinformativo.mx\/#website\",\"url\":\"https:\/\/www.nexoinformativo.mx\/\",\"name\":\"Nexo Informativo Santiago de Quer\u00e9taro\",\"description\":\"Explora NexoInformativo y convi\u00e9rtete en parte de una comunidad que valora el conocimiento y la verdad. Tu nexoinformativo es tu puente hacia una comprensi\u00f3n m\u00e1s profunda del mundo que te rodea.\",\"publisher\":{\"@id\":\"https:\/\/www.nexoinformativo.mx\/#organization\"},\"potentialAction\":[{\"@type\":\"SearchAction\",\"target\":{\"@type\":\"EntryPoint\",\"urlTemplate\":\"https:\/\/www.nexoinformativo.mx\/?s={search_term_string}\"},\"query-input\":{\"@type\":\"PropertyValueSpecification\",\"valueRequired\":true,\"valueName\":\"search_term_string\"}}],\"inLanguage\":\"es\"},{\"@type\":\"Organization\",\"@id\":\"https:\/\/www.nexoinformativo.mx\/#organization\",\"name\":\"Nexo Informativo Santiago de Quer\u00e9taro\",\"url\":\"https:\/\/www.nexoinformativo.mx\/\",\"logo\":{\"@type\":\"ImageObject\",\"inLanguage\":\"es\",\"@id\":\"https:\/\/www.nexoinformativo.mx\/#\/schema\/logo\/image\/\",\"url\":\"https:\/\/www.nexoinformativo.mx\/wp-content\/uploads\/2024\/07\/nexoi-trasparente-2.png\",\"contentUrl\":\"https:\/\/www.nexoinformativo.mx\/wp-content\/uploads\/2024\/07\/nexoi-trasparente-2.png\",\"width\":816,\"height\":339,\"caption\":\"Nexo Informativo Santiago de Quer\u00e9taro\"},\"image\":{\"@id\":\"https:\/\/www.nexoinformativo.mx\/#\/schema\/logo\/image\/\"},\"sameAs\":[\"https:\/\/www.facebook.com\/people\/Nexo-Informativo\/61564066885511\/\"]},{\"@type\":\"Person\",\"@id\":\"https:\/\/www.nexoinformativo.mx\/#\/schema\/person\/7749d380ba08c8ca00d7bc76fd907b7d\",\"name\":\"Nexo Informativo\",\"image\":{\"@type\":\"ImageObject\",\"inLanguage\":\"es\",\"@id\":\"https:\/\/www.nexoinformativo.mx\/#\/schema\/person\/image\/\",\"url\":\"https:\/\/secure.gravatar.com\/avatar\/dde2928154642a13d95f87ddf1ea9718fe2b46760a005c53e41ff5ad610704e6?s=96&d=mm&r=g\",\"contentUrl\":\"https:\/\/secure.gravatar.com\/avatar\/dde2928154642a13d95f87ddf1ea9718fe2b46760a005c53e41ff5ad610704e6?s=96&d=mm&r=g\",\"caption\":\"Nexo Informativo\"},\"url\":\"https:\/\/www.nexoinformativo.mx\/index.php\/author\/edicion\/\"}]}<\/script>\n<!-- \/ Yoast SEO plugin. -->","yoast_head_json":{"title":"Frontera sur M\u00e9xico y Guatemala avanzan en integraci\u00f3n y desarrollo | Nexo Informativo Santiago de Quer\u00e9taro","description":"Frontera sur M\u00e9xico y Guatemala avanzan en integraci\u00f3n y desarrollo","robots":{"index":"index","follow":"follow","max-snippet":"max-snippet:-1","max-image-preview":"max-image-preview:large","max-video-preview":"max-video-preview:-1"},"canonical":"https:\/\/www.nexoinformativo.mx\/index.php\/2025\/01\/27\/frontera-sur-mexico-y-guatemala-avanzan-en-integracion-y-desarrollo\/","og_locale":"es_MX","og_type":"article","og_title":"Frontera sur M\u00e9xico y Guatemala avanzan en integraci\u00f3n y desarrollo | Nexo Informativo Santiago de Quer\u00e9taro","og_description":"Frontera sur M\u00e9xico y Guatemala avanzan en integraci\u00f3n y desarrollo","og_url":"https:\/\/www.nexoinformativo.mx\/index.php\/2025\/01\/27\/frontera-sur-mexico-y-guatemala-avanzan-en-integracion-y-desarrollo\/","og_site_name":"Nexo Informativo Santiago de Quer\u00e9taro","article_publisher":"https:\/\/www.facebook.com\/people\/Nexo-Informativo\/61564066885511\/","article_published_time":"2025-01-27T12:30:37+00:00","article_modified_time":"2025-01-27T16:45:43+00:00","og_image":[{"width":650,"height":380,"url":"https:\/\/www.nexoinformativo.mx\/wp-content\/uploads\/2025\/01\/IMG_9542.jpg","type":"image\/jpeg"}],"author":"Nexo Informativo","twitter_card":"summary_large_image","twitter_misc":{"Escrito por":"Nexo Informativo","Tiempo de lectura":"2 minutos"},"schema":{"@context":"https:\/\/schema.org","@graph":[{"@type":"Article","@id":"https:\/\/www.nexoinformativo.mx\/index.php\/2025\/01\/27\/frontera-sur-mexico-y-guatemala-avanzan-en-integracion-y-desarrollo\/#article","isPartOf":{"@id":"https:\/\/www.nexoinformativo.mx\/index.php\/2025\/01\/27\/frontera-sur-mexico-y-guatemala-avanzan-en-integracion-y-desarrollo\/"},"author":{"name":"Nexo Informativo","@id":"https:\/\/www.nexoinformativo.mx\/#\/schema\/person\/7749d380ba08c8ca00d7bc76fd907b7d"},"headline":"Frontera sur M\u00e9xico y Guatemala avanzan en integraci\u00f3n y desarrollo","datePublished":"2025-01-27T12:30:37+00:00","dateModified":"2025-01-27T16:45:43+00:00","mainEntityOfPage":{"@id":"https:\/\/www.nexoinformativo.mx\/index.php\/2025\/01\/27\/frontera-sur-mexico-y-guatemala-avanzan-en-integracion-y-desarrollo\/"},"wordCount":260,"commentCount":0,"publisher":{"@id":"https:\/\/www.nexoinformativo.mx\/#organization"},"image":{"@id":"https:\/\/www.nexoinformativo.mx\/index.php\/2025\/01\/27\/frontera-sur-mexico-y-guatemala-avanzan-en-integracion-y-desarrollo\/#primaryimage"},"thumbnailUrl":"https:\/\/www.nexoinformativo.mx\/wp-content\/uploads\/2025\/01\/IMG_9542.jpg","keywords":["FronteraSur","Integraci\u00f3nRegional","M\u00e9xicoGuatemala","MovilidadHumana"],"articleSection":["Nacional","\u00daltima Hora"],"inLanguage":"es","potentialAction":[{"@type":"CommentAction","name":"Comment","target":["https:\/\/www.nexoinformativo.mx\/index.php\/2025\/01\/27\/frontera-sur-mexico-y-guatemala-avanzan-en-integracion-y-desarrollo\/#respond"]}]},{"@type":"WebPage","@id":"https:\/\/www.nexoinformativo.mx\/index.php\/2025\/01\/27\/frontera-sur-mexico-y-guatemala-avanzan-en-integracion-y-desarrollo\/","url":"https:\/\/www.nexoinformativo.mx\/index.php\/2025\/01\/27\/frontera-sur-mexico-y-guatemala-avanzan-en-integracion-y-desarrollo\/","name":"Frontera sur M\u00e9xico y Guatemala avanzan en integraci\u00f3n y desarrollo | Nexo Informativo Santiago de Quer\u00e9taro","isPartOf":{"@id":"https:\/\/www.nexoinformativo.mx\/#website"},"primaryImageOfPage":{"@id":"https:\/\/www.nexoinformativo.mx\/index.php\/2025\/01\/27\/frontera-sur-mexico-y-guatemala-avanzan-en-integracion-y-desarrollo\/#primaryimage"},"image":{"@id":"https:\/\/www.nexoinformativo.mx\/index.php\/2025\/01\/27\/frontera-sur-mexico-y-guatemala-avanzan-en-integracion-y-desarrollo\/#primaryimage"},"thumbnailUrl":"https:\/\/www.nexoinformativo.mx\/wp-content\/uploads\/2025\/01\/IMG_9542.jpg","datePublished":"2025-01-27T12:30:37+00:00","dateModified":"2025-01-27T16:45:43+00:00","description":"Frontera sur M\u00e9xico y Guatemala avanzan en integraci\u00f3n y desarrollo","breadcrumb":{"@id":"https:\/\/www.nexoinformativo.mx\/index.php\/2025\/01\/27\/frontera-sur-mexico-y-guatemala-avanzan-en-integracion-y-desarrollo\/#breadcrumb"},"inLanguage":"es","potentialAction":[{"@type":"ReadAction","target":["https:\/\/www.nexoinformativo.mx\/index.php\/2025\/01\/27\/frontera-sur-mexico-y-guatemala-avanzan-en-integracion-y-desarrollo\/"]}]},{"@type":"ImageObject","inLanguage":"es","@id":"https:\/\/www.nexoinformativo.mx\/index.php\/2025\/01\/27\/frontera-sur-mexico-y-guatemala-avanzan-en-integracion-y-desarrollo\/#primaryimage","url":"https:\/\/www.nexoinformativo.mx\/wp-content\/uploads\/2025\/01\/IMG_9542.jpg","contentUrl":"https:\/\/www.nexoinformativo.mx\/wp-content\/uploads\/2025\/01\/IMG_9542.jpg","width":650,"height":380},{"@type":"BreadcrumbList","@id":"https:\/\/www.nexoinformativo.mx\/index.php\/2025\/01\/27\/frontera-sur-mexico-y-guatemala-avanzan-en-integracion-y-desarrollo\/#breadcrumb","itemListElement":[{"@type":"ListItem","position":1,"name":"Inicio","item":"https:\/\/www.nexoinformativo.mx\/"},{"@type":"ListItem","position":2,"name":"Frontera sur M\u00e9xico y Guatemala avanzan en integraci\u00f3n y desarrollo"}]},{"@type":"WebSite","@id":"https:\/\/www.nexoinformativo.mx\/#website","url":"https:\/\/www.nexoinformativo.mx\/","name":"Nexo Informativo Santiago de Quer\u00e9taro","description":"Explora NexoInformativo y convi\u00e9rtete en parte de una comunidad que valora el conocimiento y la verdad. Tu nexoinformativo es tu puente hacia una comprensi\u00f3n m\u00e1s profunda del mundo que te rodea.","publisher":{"@id":"https:\/\/www.nexoinformativo.mx\/#organization"},"potentialAction":[{"@type":"SearchAction","target":{"@type":"EntryPoint","urlTemplate":"https:\/\/www.nexoinformativo.mx\/?s={search_term_string}"},"query-input":{"@type":"PropertyValueSpecification","valueRequired":true,"valueName":"search_term_string"}}],"inLanguage":"es"},{"@type":"Organization","@id":"https:\/\/www.nexoinformativo.mx\/#organization","name":"Nexo Informativo Santiago de Quer\u00e9taro","url":"https:\/\/www.nexoinformativo.mx\/","logo":{"@type":"ImageObject","inLanguage":"es","@id":"https:\/\/www.nexoinformativo.mx\/#\/schema\/logo\/image\/","url":"https:\/\/www.nexoinformativo.mx\/wp-content\/uploads\/2024\/07\/nexoi-trasparente-2.png","contentUrl":"https:\/\/www.nexoinformativo.mx\/wp-content\/uploads\/2024\/07\/nexoi-trasparente-2.png","width":816,"height":339,"caption":"Nexo Informativo Santiago de Quer\u00e9taro"},"image":{"@id":"https:\/\/www.nexoinformativo.mx\/#\/schema\/logo\/image\/"},"sameAs":["https:\/\/www.facebook.com\/people\/Nexo-Informativo\/61564066885511\/"]},{"@type":"Person","@id":"https:\/\/www.nexoinformativo.mx\/#\/schema\/person\/7749d380ba08c8ca00d7bc76fd907b7d","name":"Nexo Informativo","image":{"@type":"ImageObject","inLanguage":"es","@id":"https:\/\/www.nexoinformativo.mx\/#\/schema\/person\/image\/","url":"https:\/\/secure.gravatar.com\/avatar\/dde2928154642a13d95f87ddf1ea9718fe2b46760a005c53e41ff5ad610704e6?s=96&d=mm&r=g","contentUrl":"https:\/\/secure.gravatar.com\/avatar\/dde2928154642a13d95f87ddf1ea9718fe2b46760a005c53e41ff5ad610704e6?s=96&d=mm&r=g","caption":"Nexo Informativo"},"url":"https:\/\/www.nexoinformativo.mx\/index.php\/author\/edicion\/"}]}},"_links":{"self":[{"href":"https:\/\/www.nexoinformativo.mx\/index.php\/wp-json\/wp\/v2\/posts\/10642","targetHints":{"allow":["GET"]}}],"collection":[{"href":"https:\/\/www.nexoinformativo.mx\/index.php\/wp-json\/wp\/v2\/posts"}],"about":[{"href":"https:\/\/www.nexoinformativo.mx\/index.php\/wp-json\/wp\/v2\/types\/post"}],"author":[{"embeddable":true,"href":"https:\/\/www.nexoinformativo.mx\/index.php\/wp-json\/wp\/v2\/users\/3"}],"replies":[{"embeddable":true,"href":"https:\/\/www.nexoinformativo.mx\/index.php\/wp-json\/wp\/v2\/comments?post=10642"}],"version-history":[{"count":7,"href":"https:\/\/www.nexoinformativo.mx\/index.php\/wp-json\/wp\/v2\/posts\/10642\/revisions"}],"predecessor-version":[{"id":10650,"href":"https:\/\/www.nexoinformativo.mx\/index.php\/wp-json\/wp\/v2\/posts\/10642\/revisions\/10650"}],"wp:featuredmedia":[{"embeddable":true,"href":"https:\/\/www.nexoinformativo.mx\/index.php\/wp-json\/wp\/v2\/media\/10643"}],"wp:attachment":[{"href":"https:\/\/www.nexoinformativo.mx\/index.php\/wp-json\/wp\/v2\/media?parent=10642"}],"wp:term":[{"taxonomy":"category","embeddable":true,"href":"https:\/\/www.nexoinformativo.mx\/index.php\/wp-json\/wp\/v2\/categories?post=10642"},{"taxonomy":"post_tag","embeddable":true,"href":"https:\/\/www.nexoinformativo.mx\/index.php\/wp-json\/wp\/v2\/tags?post=10642"}],"curies":[{"name":"wp","href":"https:\/\/api.w.org\/{rel}","templated":true}]}}