{"id":10664,"date":"2025-01-27T08:00:23","date_gmt":"2025-01-27T14:00:23","guid":{"rendered":"https:\/\/www.nexoinformativo.mx\/?p=10664"},"modified":"2025-01-27T11:14:45","modified_gmt":"2025-01-27T17:14:45","slug":"liconsa-amplia-cobertura-y-beneficios-en-el-programa-de-abasto-social-de-leche-2025-para-los-mas-vulnerables","status":"publish","type":"post","link":"https:\/\/www.nexoinformativo.mx\/index.php\/2025\/01\/27\/liconsa-amplia-cobertura-y-beneficios-en-el-programa-de-abasto-social-de-leche-2025-para-los-mas-vulnerables\/","title":{"rendered":"Liconsa ampl\u00eda cobertura y beneficios en el Programa de Abasto Social de Leche 2025 para los mas vulnerables"},"content":{"rendered":"<p style=\"text-align: justify;\" data-sourcepos=\"11:1-11:456\">El gobierno de M\u00e9xico, a trav\u00e9s de la Secretar\u00eda de Agricultura y Desarrollo Rural (SADER), public\u00f3 las nuevas Reglas de Operaci\u00f3n del Programa de Abasto Social de Leche para el a\u00f1o 2025.<\/p>\n<p>&nbsp;<\/p>\n<p style=\"text-align: justify;\" data-sourcepos=\"11:1-11:456\">Este programa, a cargo de Liconsa, tiene como objetivo principal garantizar el acceso a leche fortificada de calidad a las familias mexicanas m\u00e1s vulnerables, especialmente aquellas que habitan en zonas rurales y marginadas.<\/p>\n<p>&nbsp;<\/p>\n<p style=\"text-align: justify;\" data-sourcepos=\"13:1-13:333\">Las nuevas reglas ampl\u00edan la cobertura del programa y fortalecen los mecanismos de entrega, asegurando que un mayor n\u00famero de personas puedan beneficiarse de este importante apoyo alimentario. Se priorizar\u00e1 a ni\u00f1as y ni\u00f1os, mujeres embarazadas y lactantes, adultos mayores y personas con discapacidad, entre otros grupos vulnerables.<\/p>\n<p>&nbsp;<\/p>\n<p style=\"text-align: justify;\" data-sourcepos=\"13:1-13:333\"><strong>&#8220;La leche es un alimento esencial para una buena nutrici\u00f3n, especialmente en la primera infancia&#8221;<\/strong>. Adem\u00e1s de beneficiar a las familias, el Programa de Abasto Social de Leche tambi\u00e9n impulsa la producci\u00f3n nacional, al adquirir leche fresca de peque\u00f1os y medianos productores.<\/p>\n<p>&nbsp;<\/p>\n<p style=\"text-align: justify;\" data-sourcepos=\"19:1-19:45\">Se beneficiar\u00e1 a un mayor n\u00famero de personas en zonas de alta y muy alta marginaci\u00f3n. Optimizando los procesos para garantizar que la leche llegue a las familias de manera oportuna y eficiente. Y se continuar\u00e1 garantizando que la leche distribuida sea de alta calidad y cumpla con los est\u00e1ndares sanitarios.<\/p>\n<p>&nbsp;<\/p>\n<p style=\"text-align: justify;\" data-sourcepos=\"25:1-25:370\">Para conocer m\u00e1s detalles sobre el Programa de Abasto Social de Leche y consultar las reglas de operaci\u00f3n completas, puedes visitar la p\u00e1gina oficial del Diario Oficial de la Federaci\u00f3n (DOF) en el siguiente enlace: <a href=\"https:\/\/www.dof.gob.mx\/nota_detalle.php?codigo=5747593&amp;fecha=23\/01\/2025\" target=\"_blank\" rel=\"noopener\">http<strong>s:\/\/www.dof.gob.mx\/nota_detalle.php?codigo=5747593&amp;fecha=23\/01\/2025<\/strong><\/a><\/p>\n<p>&nbsp;<\/p>\n<p style=\"text-align: center;\" data-sourcepos=\"25:1-25:370\"><em><strong>\u00a1Informaci\u00f3n que transforma!<\/strong><\/em><\/p>\n","protected":false},"excerpt":{"rendered":"<p>El gobierno de M\u00e9xico, a trav\u00e9s de la Secretar\u00eda de Agricultura y Desarrollo Rural (SADER), public\u00f3 las nuevas Reglas de Operaci\u00f3n del Programa de Abasto Social de Leche para el a\u00f1o 2025.<\/p>\n","protected":false},"author":3,"featured_media":10665,"comment_status":"open","ping_status":"open","sticky":false,"template":"","format":"standard","meta":{"footnotes":""},"categories":[5,88,58],"tags":[3249,679,3248,1610],"class_list":["post-10664","post","type-post","status-publish","format-standard","has-post-thumbnail","hentry","category-economia","category-nacional","category-ultima-hora","tag-abastosocialdeleche","tag-bienestar","tag-liconsa","tag-mexico"],"yoast_head":"<!-- This site is optimized with the Yoast SEO plugin v25.0 - https:\/\/yoast.com\/wordpress\/plugins\/seo\/ -->\n<title>Liconsa ampl\u00eda cobertura y beneficios en el Programa de Abasto Social de Leche 2025 para los mas vulnerables | Nexo Informativo Santiago de Quer\u00e9taro<\/title>\n<meta name=\"description\" content=\"Liconsa ampl\u00eda cobertura y beneficios en el Programa de Abasto Social de Leche 2025 para los mas vulnerables\" \/>\n<meta name=\"robots\" content=\"index, follow, max-snippet:-1, max-image-preview:large, max-video-preview:-1\" \/>\n<link rel=\"canonical\" href=\"https:\/\/www.nexoinformativo.mx\/index.php\/2025\/01\/27\/liconsa-amplia-cobertura-y-beneficios-en-el-programa-de-abasto-social-de-leche-2025-para-los-mas-vulnerables\/\" \/>\n<meta property=\"og:locale\" content=\"es_MX\" \/>\n<meta property=\"og:type\" content=\"article\" \/>\n<meta property=\"og:title\" content=\"Liconsa ampl\u00eda cobertura y beneficios en el Programa de Abasto Social de Leche 2025 para los mas vulnerables | Nexo Informativo Santiago de Quer\u00e9taro\" \/>\n<meta property=\"og:description\" content=\"Liconsa ampl\u00eda cobertura y beneficios en el Programa de Abasto Social de Leche 2025 para los mas vulnerables\" \/>\n<meta property=\"og:url\" content=\"https:\/\/www.nexoinformativo.mx\/index.php\/2025\/01\/27\/liconsa-amplia-cobertura-y-beneficios-en-el-programa-de-abasto-social-de-leche-2025-para-los-mas-vulnerables\/\" \/>\n<meta property=\"og:site_name\" content=\"Nexo Informativo Santiago de Quer\u00e9taro\" \/>\n<meta property=\"article:publisher\" content=\"https:\/\/www.facebook.com\/people\/Nexo-Informativo\/61564066885511\/\" \/>\n<meta property=\"article:published_time\" content=\"2025-01-27T14:00:23+00:00\" \/>\n<meta property=\"article:modified_time\" content=\"2025-01-27T17:14:45+00:00\" \/>\n<meta property=\"og:image\" content=\"https:\/\/www.nexoinformativo.mx\/wp-content\/uploads\/2025\/01\/IMG_9547.png\" \/>\n\t<meta property=\"og:image:width\" content=\"650\" \/>\n\t<meta property=\"og:image:height\" content=\"380\" \/>\n\t<meta property=\"og:image:type\" content=\"image\/png\" \/>\n<meta name=\"author\" content=\"Nexo Informativo\" \/>\n<meta name=\"twitter:card\" content=\"summary_large_image\" \/>\n<meta name=\"twitter:label1\" content=\"Escrito por\" \/>\n\t<meta name=\"twitter:data1\" content=\"Nexo Informativo\" \/>\n\t<meta name=\"twitter:label2\" content=\"Tiempo de lectura\" \/>\n\t<meta name=\"twitter:data2\" content=\"2 minutos\" \/>\n<script type=\"application\/ld+json\" class=\"yoast-schema-graph\">{\"@context\":\"https:\/\/schema.org\",\"@graph\":[{\"@type\":\"Article\",\"@id\":\"https:\/\/www.nexoinformativo.mx\/index.php\/2025\/01\/27\/liconsa-amplia-cobertura-y-beneficios-en-el-programa-de-abasto-social-de-leche-2025-para-los-mas-vulnerables\/#article\",\"isPartOf\":{\"@id\":\"https:\/\/www.nexoinformativo.mx\/index.php\/2025\/01\/27\/liconsa-amplia-cobertura-y-beneficios-en-el-programa-de-abasto-social-de-leche-2025-para-los-mas-vulnerables\/\"},\"author\":{\"name\":\"Nexo Informativo\",\"@id\":\"https:\/\/www.nexoinformativo.mx\/#\/schema\/person\/7749d380ba08c8ca00d7bc76fd907b7d\"},\"headline\":\"Liconsa ampl\u00eda cobertura y beneficios en el Programa de Abasto Social de Leche 2025 para los mas vulnerables\",\"datePublished\":\"2025-01-27T14:00:23+00:00\",\"dateModified\":\"2025-01-27T17:14:45+00:00\",\"mainEntityOfPage\":{\"@id\":\"https:\/\/www.nexoinformativo.mx\/index.php\/2025\/01\/27\/liconsa-amplia-cobertura-y-beneficios-en-el-programa-de-abasto-social-de-leche-2025-para-los-mas-vulnerables\/\"},\"wordCount\":301,\"commentCount\":0,\"publisher\":{\"@id\":\"https:\/\/www.nexoinformativo.mx\/#organization\"},\"image\":{\"@id\":\"https:\/\/www.nexoinformativo.mx\/index.php\/2025\/01\/27\/liconsa-amplia-cobertura-y-beneficios-en-el-programa-de-abasto-social-de-leche-2025-para-los-mas-vulnerables\/#primaryimage\"},\"thumbnailUrl\":\"https:\/\/www.nexoinformativo.mx\/wp-content\/uploads\/2025\/01\/IMG_9547.png\",\"keywords\":[\"AbastoSocialDeLeche\",\"Bienestar\",\"Liconsa\",\"M\u00e9xico\"],\"articleSection\":[\"Econom\u00eda\",\"Nacional\",\"\u00daltima Hora\"],\"inLanguage\":\"es\",\"potentialAction\":[{\"@type\":\"CommentAction\",\"name\":\"Comment\",\"target\":[\"https:\/\/www.nexoinformativo.mx\/index.php\/2025\/01\/27\/liconsa-amplia-cobertura-y-beneficios-en-el-programa-de-abasto-social-de-leche-2025-para-los-mas-vulnerables\/#respond\"]}]},{\"@type\":\"WebPage\",\"@id\":\"https:\/\/www.nexoinformativo.mx\/index.php\/2025\/01\/27\/liconsa-amplia-cobertura-y-beneficios-en-el-programa-de-abasto-social-de-leche-2025-para-los-mas-vulnerables\/\",\"url\":\"https:\/\/www.nexoinformativo.mx\/index.php\/2025\/01\/27\/liconsa-amplia-cobertura-y-beneficios-en-el-programa-de-abasto-social-de-leche-2025-para-los-mas-vulnerables\/\",\"name\":\"Liconsa ampl\u00eda cobertura y beneficios en el Programa de Abasto Social de Leche 2025 para los mas vulnerables | Nexo Informativo Santiago de Quer\u00e9taro\",\"isPartOf\":{\"@id\":\"https:\/\/www.nexoinformativo.mx\/#website\"},\"primaryImageOfPage\":{\"@id\":\"https:\/\/www.nexoinformativo.mx\/index.php\/2025\/01\/27\/liconsa-amplia-cobertura-y-beneficios-en-el-programa-de-abasto-social-de-leche-2025-para-los-mas-vulnerables\/#primaryimage\"},\"image\":{\"@id\":\"https:\/\/www.nexoinformativo.mx\/index.php\/2025\/01\/27\/liconsa-amplia-cobertura-y-beneficios-en-el-programa-de-abasto-social-de-leche-2025-para-los-mas-vulnerables\/#primaryimage\"},\"thumbnailUrl\":\"https:\/\/www.nexoinformativo.mx\/wp-content\/uploads\/2025\/01\/IMG_9547.png\",\"datePublished\":\"2025-01-27T14:00:23+00:00\",\"dateModified\":\"2025-01-27T17:14:45+00:00\",\"description\":\"Liconsa ampl\u00eda cobertura y beneficios en el Programa de Abasto Social de Leche 2025 para los mas vulnerables\",\"breadcrumb\":{\"@id\":\"https:\/\/www.nexoinformativo.mx\/index.php\/2025\/01\/27\/liconsa-amplia-cobertura-y-beneficios-en-el-programa-de-abasto-social-de-leche-2025-para-los-mas-vulnerables\/#breadcrumb\"},\"inLanguage\":\"es\",\"potentialAction\":[{\"@type\":\"ReadAction\",\"target\":[\"https:\/\/www.nexoinformativo.mx\/index.php\/2025\/01\/27\/liconsa-amplia-cobertura-y-beneficios-en-el-programa-de-abasto-social-de-leche-2025-para-los-mas-vulnerables\/\"]}]},{\"@type\":\"ImageObject\",\"inLanguage\":\"es\",\"@id\":\"https:\/\/www.nexoinformativo.mx\/index.php\/2025\/01\/27\/liconsa-amplia-cobertura-y-beneficios-en-el-programa-de-abasto-social-de-leche-2025-para-los-mas-vulnerables\/#primaryimage\",\"url\":\"https:\/\/www.nexoinformativo.mx\/wp-content\/uploads\/2025\/01\/IMG_9547.png\",\"contentUrl\":\"https:\/\/www.nexoinformativo.mx\/wp-content\/uploads\/2025\/01\/IMG_9547.png\",\"width\":650,\"height\":380},{\"@type\":\"BreadcrumbList\",\"@id\":\"https:\/\/www.nexoinformativo.mx\/index.php\/2025\/01\/27\/liconsa-amplia-cobertura-y-beneficios-en-el-programa-de-abasto-social-de-leche-2025-para-los-mas-vulnerables\/#breadcrumb\",\"itemListElement\":[{\"@type\":\"ListItem\",\"position\":1,\"name\":\"Inicio\",\"item\":\"https:\/\/www.nexoinformativo.mx\/\"},{\"@type\":\"ListItem\",\"position\":2,\"name\":\"Liconsa ampl\u00eda cobertura y beneficios en el Programa de Abasto Social de Leche 2025 para los mas vulnerables\"}]},{\"@type\":\"WebSite\",\"@id\":\"https:\/\/www.nexoinformativo.mx\/#website\",\"url\":\"https:\/\/www.nexoinformativo.mx\/\",\"name\":\"Nexo Informativo Santiago de Quer\u00e9taro\",\"description\":\"Explora NexoInformativo y convi\u00e9rtete en parte de una comunidad que valora el conocimiento y la verdad. Tu nexoinformativo es tu puente hacia una comprensi\u00f3n m\u00e1s profunda del mundo que te rodea.\",\"publisher\":{\"@id\":\"https:\/\/www.nexoinformativo.mx\/#organization\"},\"potentialAction\":[{\"@type\":\"SearchAction\",\"target\":{\"@type\":\"EntryPoint\",\"urlTemplate\":\"https:\/\/www.nexoinformativo.mx\/?s={search_term_string}\"},\"query-input\":{\"@type\":\"PropertyValueSpecification\",\"valueRequired\":true,\"valueName\":\"search_term_string\"}}],\"inLanguage\":\"es\"},{\"@type\":\"Organization\",\"@id\":\"https:\/\/www.nexoinformativo.mx\/#organization\",\"name\":\"Nexo Informativo Santiago de Quer\u00e9taro\",\"url\":\"https:\/\/www.nexoinformativo.mx\/\",\"logo\":{\"@type\":\"ImageObject\",\"inLanguage\":\"es\",\"@id\":\"https:\/\/www.nexoinformativo.mx\/#\/schema\/logo\/image\/\",\"url\":\"https:\/\/www.nexoinformativo.mx\/wp-content\/uploads\/2024\/07\/nexoi-trasparente-2.png\",\"contentUrl\":\"https:\/\/www.nexoinformativo.mx\/wp-content\/uploads\/2024\/07\/nexoi-trasparente-2.png\",\"width\":816,\"height\":339,\"caption\":\"Nexo Informativo Santiago de Quer\u00e9taro\"},\"image\":{\"@id\":\"https:\/\/www.nexoinformativo.mx\/#\/schema\/logo\/image\/\"},\"sameAs\":[\"https:\/\/www.facebook.com\/people\/Nexo-Informativo\/61564066885511\/\"]},{\"@type\":\"Person\",\"@id\":\"https:\/\/www.nexoinformativo.mx\/#\/schema\/person\/7749d380ba08c8ca00d7bc76fd907b7d\",\"name\":\"Nexo Informativo\",\"image\":{\"@type\":\"ImageObject\",\"inLanguage\":\"es\",\"@id\":\"https:\/\/www.nexoinformativo.mx\/#\/schema\/person\/image\/\",\"url\":\"https:\/\/secure.gravatar.com\/avatar\/dde2928154642a13d95f87ddf1ea9718fe2b46760a005c53e41ff5ad610704e6?s=96&d=mm&r=g\",\"contentUrl\":\"https:\/\/secure.gravatar.com\/avatar\/dde2928154642a13d95f87ddf1ea9718fe2b46760a005c53e41ff5ad610704e6?s=96&d=mm&r=g\",\"caption\":\"Nexo Informativo\"},\"url\":\"https:\/\/www.nexoinformativo.mx\/index.php\/author\/edicion\/\"}]}<\/script>\n<!-- \/ Yoast SEO plugin. -->","yoast_head_json":{"title":"Liconsa ampl\u00eda cobertura y beneficios en el Programa de Abasto Social de Leche 2025 para los mas vulnerables | Nexo Informativo Santiago de Quer\u00e9taro","description":"Liconsa ampl\u00eda cobertura y beneficios en el Programa de Abasto Social de Leche 2025 para los mas vulnerables","robots":{"index":"index","follow":"follow","max-snippet":"max-snippet:-1","max-image-preview":"max-image-preview:large","max-video-preview":"max-video-preview:-1"},"canonical":"https:\/\/www.nexoinformativo.mx\/index.php\/2025\/01\/27\/liconsa-amplia-cobertura-y-beneficios-en-el-programa-de-abasto-social-de-leche-2025-para-los-mas-vulnerables\/","og_locale":"es_MX","og_type":"article","og_title":"Liconsa ampl\u00eda cobertura y beneficios en el Programa de Abasto Social de Leche 2025 para los mas vulnerables | Nexo Informativo Santiago de Quer\u00e9taro","og_description":"Liconsa ampl\u00eda cobertura y beneficios en el Programa de Abasto Social de Leche 2025 para los mas vulnerables","og_url":"https:\/\/www.nexoinformativo.mx\/index.php\/2025\/01\/27\/liconsa-amplia-cobertura-y-beneficios-en-el-programa-de-abasto-social-de-leche-2025-para-los-mas-vulnerables\/","og_site_name":"Nexo Informativo Santiago de Quer\u00e9taro","article_publisher":"https:\/\/www.facebook.com\/people\/Nexo-Informativo\/61564066885511\/","article_published_time":"2025-01-27T14:00:23+00:00","article_modified_time":"2025-01-27T17:14:45+00:00","og_image":[{"width":650,"height":380,"url":"https:\/\/www.nexoinformativo.mx\/wp-content\/uploads\/2025\/01\/IMG_9547.png","type":"image\/png"}],"author":"Nexo Informativo","twitter_card":"summary_large_image","twitter_misc":{"Escrito por":"Nexo Informativo","Tiempo de lectura":"2 minutos"},"schema":{"@context":"https:\/\/schema.org","@graph":[{"@type":"Article","@id":"https:\/\/www.nexoinformativo.mx\/index.php\/2025\/01\/27\/liconsa-amplia-cobertura-y-beneficios-en-el-programa-de-abasto-social-de-leche-2025-para-los-mas-vulnerables\/#article","isPartOf":{"@id":"https:\/\/www.nexoinformativo.mx\/index.php\/2025\/01\/27\/liconsa-amplia-cobertura-y-beneficios-en-el-programa-de-abasto-social-de-leche-2025-para-los-mas-vulnerables\/"},"author":{"name":"Nexo Informativo","@id":"https:\/\/www.nexoinformativo.mx\/#\/schema\/person\/7749d380ba08c8ca00d7bc76fd907b7d"},"headline":"Liconsa ampl\u00eda cobertura y beneficios en el Programa de Abasto Social de Leche 2025 para los mas vulnerables","datePublished":"2025-01-27T14:00:23+00:00","dateModified":"2025-01-27T17:14:45+00:00","mainEntityOfPage":{"@id":"https:\/\/www.nexoinformativo.mx\/index.php\/2025\/01\/27\/liconsa-amplia-cobertura-y-beneficios-en-el-programa-de-abasto-social-de-leche-2025-para-los-mas-vulnerables\/"},"wordCount":301,"commentCount":0,"publisher":{"@id":"https:\/\/www.nexoinformativo.mx\/#organization"},"image":{"@id":"https:\/\/www.nexoinformativo.mx\/index.php\/2025\/01\/27\/liconsa-amplia-cobertura-y-beneficios-en-el-programa-de-abasto-social-de-leche-2025-para-los-mas-vulnerables\/#primaryimage"},"thumbnailUrl":"https:\/\/www.nexoinformativo.mx\/wp-content\/uploads\/2025\/01\/IMG_9547.png","keywords":["AbastoSocialDeLeche","Bienestar","Liconsa","M\u00e9xico"],"articleSection":["Econom\u00eda","Nacional","\u00daltima Hora"],"inLanguage":"es","potentialAction":[{"@type":"CommentAction","name":"Comment","target":["https:\/\/www.nexoinformativo.mx\/index.php\/2025\/01\/27\/liconsa-amplia-cobertura-y-beneficios-en-el-programa-de-abasto-social-de-leche-2025-para-los-mas-vulnerables\/#respond"]}]},{"@type":"WebPage","@id":"https:\/\/www.nexoinformativo.mx\/index.php\/2025\/01\/27\/liconsa-amplia-cobertura-y-beneficios-en-el-programa-de-abasto-social-de-leche-2025-para-los-mas-vulnerables\/","url":"https:\/\/www.nexoinformativo.mx\/index.php\/2025\/01\/27\/liconsa-amplia-cobertura-y-beneficios-en-el-programa-de-abasto-social-de-leche-2025-para-los-mas-vulnerables\/","name":"Liconsa ampl\u00eda cobertura y beneficios en el Programa de Abasto Social de Leche 2025 para los mas vulnerables | Nexo Informativo Santiago de Quer\u00e9taro","isPartOf":{"@id":"https:\/\/www.nexoinformativo.mx\/#website"},"primaryImageOfPage":{"@id":"https:\/\/www.nexoinformativo.mx\/index.php\/2025\/01\/27\/liconsa-amplia-cobertura-y-beneficios-en-el-programa-de-abasto-social-de-leche-2025-para-los-mas-vulnerables\/#primaryimage"},"image":{"@id":"https:\/\/www.nexoinformativo.mx\/index.php\/2025\/01\/27\/liconsa-amplia-cobertura-y-beneficios-en-el-programa-de-abasto-social-de-leche-2025-para-los-mas-vulnerables\/#primaryimage"},"thumbnailUrl":"https:\/\/www.nexoinformativo.mx\/wp-content\/uploads\/2025\/01\/IMG_9547.png","datePublished":"2025-01-27T14:00:23+00:00","dateModified":"2025-01-27T17:14:45+00:00","description":"Liconsa ampl\u00eda cobertura y beneficios en el Programa de Abasto Social de Leche 2025 para los mas vulnerables","breadcrumb":{"@id":"https:\/\/www.nexoinformativo.mx\/index.php\/2025\/01\/27\/liconsa-amplia-cobertura-y-beneficios-en-el-programa-de-abasto-social-de-leche-2025-para-los-mas-vulnerables\/#breadcrumb"},"inLanguage":"es","potentialAction":[{"@type":"ReadAction","target":["https:\/\/www.nexoinformativo.mx\/index.php\/2025\/01\/27\/liconsa-amplia-cobertura-y-beneficios-en-el-programa-de-abasto-social-de-leche-2025-para-los-mas-vulnerables\/"]}]},{"@type":"ImageObject","inLanguage":"es","@id":"https:\/\/www.nexoinformativo.mx\/index.php\/2025\/01\/27\/liconsa-amplia-cobertura-y-beneficios-en-el-programa-de-abasto-social-de-leche-2025-para-los-mas-vulnerables\/#primaryimage","url":"https:\/\/www.nexoinformativo.mx\/wp-content\/uploads\/2025\/01\/IMG_9547.png","contentUrl":"https:\/\/www.nexoinformativo.mx\/wp-content\/uploads\/2025\/01\/IMG_9547.png","width":650,"height":380},{"@type":"BreadcrumbList","@id":"https:\/\/www.nexoinformativo.mx\/index.php\/2025\/01\/27\/liconsa-amplia-cobertura-y-beneficios-en-el-programa-de-abasto-social-de-leche-2025-para-los-mas-vulnerables\/#breadcrumb","itemListElement":[{"@type":"ListItem","position":1,"name":"Inicio","item":"https:\/\/www.nexoinformativo.mx\/"},{"@type":"ListItem","position":2,"name":"Liconsa ampl\u00eda cobertura y beneficios en el Programa de Abasto Social de Leche 2025 para los mas vulnerables"}]},{"@type":"WebSite","@id":"https:\/\/www.nexoinformativo.mx\/#website","url":"https:\/\/www.nexoinformativo.mx\/","name":"Nexo Informativo Santiago de Quer\u00e9taro","description":"Explora NexoInformativo y convi\u00e9rtete en parte de una comunidad que valora el conocimiento y la verdad. Tu nexoinformativo es tu puente hacia una comprensi\u00f3n m\u00e1s profunda del mundo que te rodea.","publisher":{"@id":"https:\/\/www.nexoinformativo.mx\/#organization"},"potentialAction":[{"@type":"SearchAction","target":{"@type":"EntryPoint","urlTemplate":"https:\/\/www.nexoinformativo.mx\/?s={search_term_string}"},"query-input":{"@type":"PropertyValueSpecification","valueRequired":true,"valueName":"search_term_string"}}],"inLanguage":"es"},{"@type":"Organization","@id":"https:\/\/www.nexoinformativo.mx\/#organization","name":"Nexo Informativo Santiago de Quer\u00e9taro","url":"https:\/\/www.nexoinformativo.mx\/","logo":{"@type":"ImageObject","inLanguage":"es","@id":"https:\/\/www.nexoinformativo.mx\/#\/schema\/logo\/image\/","url":"https:\/\/www.nexoinformativo.mx\/wp-content\/uploads\/2024\/07\/nexoi-trasparente-2.png","contentUrl":"https:\/\/www.nexoinformativo.mx\/wp-content\/uploads\/2024\/07\/nexoi-trasparente-2.png","width":816,"height":339,"caption":"Nexo Informativo Santiago de Quer\u00e9taro"},"image":{"@id":"https:\/\/www.nexoinformativo.mx\/#\/schema\/logo\/image\/"},"sameAs":["https:\/\/www.facebook.com\/people\/Nexo-Informativo\/61564066885511\/"]},{"@type":"Person","@id":"https:\/\/www.nexoinformativo.mx\/#\/schema\/person\/7749d380ba08c8ca00d7bc76fd907b7d","name":"Nexo Informativo","image":{"@type":"ImageObject","inLanguage":"es","@id":"https:\/\/www.nexoinformativo.mx\/#\/schema\/person\/image\/","url":"https:\/\/secure.gravatar.com\/avatar\/dde2928154642a13d95f87ddf1ea9718fe2b46760a005c53e41ff5ad610704e6?s=96&d=mm&r=g","contentUrl":"https:\/\/secure.gravatar.com\/avatar\/dde2928154642a13d95f87ddf1ea9718fe2b46760a005c53e41ff5ad610704e6?s=96&d=mm&r=g","caption":"Nexo Informativo"},"url":"https:\/\/www.nexoinformativo.mx\/index.php\/author\/edicion\/"}]}},"_links":{"self":[{"href":"https:\/\/www.nexoinformativo.mx\/index.php\/wp-json\/wp\/v2\/posts\/10664","targetHints":{"allow":["GET"]}}],"collection":[{"href":"https:\/\/www.nexoinformativo.mx\/index.php\/wp-json\/wp\/v2\/posts"}],"about":[{"href":"https:\/\/www.nexoinformativo.mx\/index.php\/wp-json\/wp\/v2\/types\/post"}],"author":[{"embeddable":true,"href":"https:\/\/www.nexoinformativo.mx\/index.php\/wp-json\/wp\/v2\/users\/3"}],"replies":[{"embeddable":true,"href":"https:\/\/www.nexoinformativo.mx\/index.php\/wp-json\/wp\/v2\/comments?post=10664"}],"version-history":[{"count":4,"href":"https:\/\/www.nexoinformativo.mx\/index.php\/wp-json\/wp\/v2\/posts\/10664\/revisions"}],"predecessor-version":[{"id":10668,"href":"https:\/\/www.nexoinformativo.mx\/index.php\/wp-json\/wp\/v2\/posts\/10664\/revisions\/10668"}],"wp:featuredmedia":[{"embeddable":true,"href":"https:\/\/www.nexoinformativo.mx\/index.php\/wp-json\/wp\/v2\/media\/10665"}],"wp:attachment":[{"href":"https:\/\/www.nexoinformativo.mx\/index.php\/wp-json\/wp\/v2\/media?parent=10664"}],"wp:term":[{"taxonomy":"category","embeddable":true,"href":"https:\/\/www.nexoinformativo.mx\/index.php\/wp-json\/wp\/v2\/categories?post=10664"},{"taxonomy":"post_tag","embeddable":true,"href":"https:\/\/www.nexoinformativo.mx\/index.php\/wp-json\/wp\/v2\/tags?post=10664"}],"curies":[{"name":"wp","href":"https:\/\/api.w.org\/{rel}","templated":true}]}}