{"id":10670,"date":"2025-01-27T08:30:56","date_gmt":"2025-01-27T14:30:56","guid":{"rendered":"https:\/\/www.nexoinformativo.mx\/?p=10670"},"modified":"2025-01-27T11:19:34","modified_gmt":"2025-01-27T17:19:34","slug":"mauricio-kuri-brinda-apoyo-a-mas-de-22-mil-productores-afectados-por-sequia","status":"publish","type":"post","link":"https:\/\/www.nexoinformativo.mx\/index.php\/2025\/01\/27\/mauricio-kuri-brinda-apoyo-a-mas-de-22-mil-productores-afectados-por-sequia\/","title":{"rendered":"Mauricio Kuri brinda apoyo a m\u00e1s de 22 mil productores afectados por sequ\u00eda"},"content":{"rendered":"<p style=\"text-align: justify;\" data-sourcepos=\"11:1-11:370\">Ante la dif\u00edcil situaci\u00f3n que enfrentan los productores agr\u00edcolas del estado debido a la sequ\u00eda, el gobernador Mauricio Kuri encabez\u00f3 la entrega de apoyos econ\u00f3micos para mitigar los efectos de esta contingencia clim\u00e1tica. Con una inversi\u00f3n de 50 millones de pesos, se beneficiar\u00e1 a cerca de 22 mil personas dedicadas al campo queretano.<\/p>\n<p>&nbsp;<\/p>\n<p style=\"text-align: justify;\" data-sourcepos=\"13:1-13:377\">Durante el evento, el gobernador destac\u00f3 la importancia del sector agropecuario para la econom\u00eda del estado y asegur\u00f3 que su administraci\u00f3n est\u00e1 comprometida en brindar todo el apoyo necesario a los productores.<\/p>\n<p>&nbsp;<\/p>\n<p style=\"text-align: justify;\" data-sourcepos=\"13:1-13:377\"><strong>&#8220;El campo es un sector estrat\u00e9gico para nosotros y vamos a seguir trabajando para garantizar la seguridad alimentaria de todos los queretanos&#8221;,<\/strong> afirm\u00f3 Kuri Gonz\u00e1lez.<\/p>\n<p>&nbsp;<\/p>\n<p style=\"text-align: justify;\" data-sourcepos=\"15:1-15:222\">Adem\u00e1s de la entrega de apoyos econ\u00f3micos, el gobierno estatal implementar\u00e1 otras acciones complementarias, como la distribuci\u00f3n de semillas y fertilizantes, as\u00ed como la capacitaci\u00f3n en t\u00e9cnicas de cultivo m\u00e1s eficientes.<\/p>\n<p>&nbsp;<\/p>\n<p style=\"text-align: justify;\" data-sourcepos=\"17:1-17:358\">Por su parte, el secretario de Desarrollo Agropecuario, Rosendo Anaya, resalt\u00f3 la importancia de actuar de manera coordinada entre los diferentes niveles de gobierno para enfrentar los desaf\u00edos que plantea la sequ\u00eda. <strong>&#8220;Estamos trabajando de manera incansable para apoyar a nuestros productores y garantizar la sustentabilidad del sector agropecuario&#8221;,<\/strong> se\u00f1al\u00f3.<\/p>\n<p>&nbsp;<\/p>\n<p style=\"text-align: justify;\" data-sourcepos=\"19:1-19:310\">El presidente municipal de Quer\u00e9taro, Felifer Mac\u00edas, se sum\u00f3 a las muestras de solidaridad con los productores y anunci\u00f3 una serie de programas adicionales para apoyar a las comunidades rurales, como la entrega de tarjetas de apoyo econ\u00f3mico y la implementaci\u00f3n de nuevas rutas de transporte p\u00fablico gratuito.<\/p>\n<p>&nbsp;<\/p>\n<p style=\"text-align: justify;\" data-sourcepos=\"21:1-21:200\">H\u00e9ctor Bail\u00f3n, en representaci\u00f3n de los beneficiarios, agradeci\u00f3 el apoyo del gobierno estatal y reconoci\u00f3 la sensibilidad del gobernador Kuri Gonz\u00e1lez ante las necesidades de los productores.<\/p>\n<p>&nbsp;<\/p>\n<p style=\"text-align: center;\" data-sourcepos=\"21:1-21:200\"><em><strong>\u00a1Informaci\u00f3n que transforma!<\/strong><\/em><\/p>\n","protected":false},"excerpt":{"rendered":"<p>Ante la dif\u00edcil situaci\u00f3n que enfrentan los productores agr\u00edcolas del estado debido a la sequ\u00eda, el gobernador Mauricio Kuri encabez\u00f3 la entrega de apoyos econ\u00f3micos para mitigar los efectos de esta contingencia clim\u00e1tica. Con una inversi\u00f3n de 50 millones de pesos, se beneficiar\u00e1 a cerca de 22 mil personas dedicadas al campo queretano.<\/p>\n","protected":false},"author":3,"featured_media":10671,"comment_status":"open","ping_status":"open","sticky":false,"template":"","format":"standard","meta":{"footnotes":""},"categories":[5,42,58],"tags":[1204,211,133,2597],"class_list":["post-10670","post","type-post","status-publish","format-standard","has-post-thumbnail","hentry","category-economia","category-estado","category-ultima-hora","tag-agricultura","tag-apoyoalcampo","tag-queretaro","tag-sequia"],"yoast_head":"<!-- This site is optimized with the Yoast SEO plugin v25.0 - https:\/\/yoast.com\/wordpress\/plugins\/seo\/ -->\n<title>Mauricio Kuri brinda apoyo a m\u00e1s de 22 mil productores afectados por sequ\u00eda | Nexo Informativo Santiago de Quer\u00e9taro<\/title>\n<meta name=\"description\" content=\"Mauricio Kuri brinda apoyo a m\u00e1s de 22 mil productores afectados por sequ\u00eda\" \/>\n<meta name=\"robots\" content=\"index, follow, max-snippet:-1, max-image-preview:large, max-video-preview:-1\" \/>\n<link rel=\"canonical\" href=\"https:\/\/www.nexoinformativo.mx\/index.php\/2025\/01\/27\/mauricio-kuri-brinda-apoyo-a-mas-de-22-mil-productores-afectados-por-sequia\/\" \/>\n<meta property=\"og:locale\" content=\"es_MX\" \/>\n<meta property=\"og:type\" content=\"article\" \/>\n<meta property=\"og:title\" content=\"Mauricio Kuri brinda apoyo a m\u00e1s de 22 mil productores afectados por sequ\u00eda | Nexo Informativo Santiago de Quer\u00e9taro\" \/>\n<meta property=\"og:description\" content=\"Mauricio Kuri brinda apoyo a m\u00e1s de 22 mil productores afectados por sequ\u00eda\" \/>\n<meta property=\"og:url\" content=\"https:\/\/www.nexoinformativo.mx\/index.php\/2025\/01\/27\/mauricio-kuri-brinda-apoyo-a-mas-de-22-mil-productores-afectados-por-sequia\/\" \/>\n<meta property=\"og:site_name\" content=\"Nexo Informativo Santiago de Quer\u00e9taro\" \/>\n<meta property=\"article:publisher\" content=\"https:\/\/www.facebook.com\/people\/Nexo-Informativo\/61564066885511\/\" \/>\n<meta property=\"article:published_time\" content=\"2025-01-27T14:30:56+00:00\" \/>\n<meta property=\"article:modified_time\" content=\"2025-01-27T17:19:34+00:00\" \/>\n<meta property=\"og:image\" content=\"https:\/\/www.nexoinformativo.mx\/wp-content\/uploads\/2025\/01\/PHOTO-2025-01-27-09-52-56-e1737998296778.jpg\" \/>\n\t<meta property=\"og:image:width\" content=\"800\" \/>\n\t<meta property=\"og:image:height\" content=\"533\" \/>\n\t<meta property=\"og:image:type\" content=\"image\/jpeg\" \/>\n<meta name=\"author\" content=\"Nexo Informativo\" \/>\n<meta name=\"twitter:card\" content=\"summary_large_image\" \/>\n<meta name=\"twitter:label1\" content=\"Escrito por\" \/>\n\t<meta name=\"twitter:data1\" content=\"Nexo Informativo\" \/>\n\t<meta name=\"twitter:label2\" content=\"Tiempo de lectura\" \/>\n\t<meta name=\"twitter:data2\" content=\"2 minutos\" \/>\n<script type=\"application\/ld+json\" class=\"yoast-schema-graph\">{\"@context\":\"https:\/\/schema.org\",\"@graph\":[{\"@type\":\"Article\",\"@id\":\"https:\/\/www.nexoinformativo.mx\/index.php\/2025\/01\/27\/mauricio-kuri-brinda-apoyo-a-mas-de-22-mil-productores-afectados-por-sequia\/#article\",\"isPartOf\":{\"@id\":\"https:\/\/www.nexoinformativo.mx\/index.php\/2025\/01\/27\/mauricio-kuri-brinda-apoyo-a-mas-de-22-mil-productores-afectados-por-sequia\/\"},\"author\":{\"name\":\"Nexo Informativo\",\"@id\":\"https:\/\/www.nexoinformativo.mx\/#\/schema\/person\/7749d380ba08c8ca00d7bc76fd907b7d\"},\"headline\":\"Mauricio Kuri brinda apoyo a m\u00e1s de 22 mil productores afectados por sequ\u00eda\",\"datePublished\":\"2025-01-27T14:30:56+00:00\",\"dateModified\":\"2025-01-27T17:19:34+00:00\",\"mainEntityOfPage\":{\"@id\":\"https:\/\/www.nexoinformativo.mx\/index.php\/2025\/01\/27\/mauricio-kuri-brinda-apoyo-a-mas-de-22-mil-productores-afectados-por-sequia\/\"},\"wordCount\":318,\"commentCount\":0,\"publisher\":{\"@id\":\"https:\/\/www.nexoinformativo.mx\/#organization\"},\"image\":{\"@id\":\"https:\/\/www.nexoinformativo.mx\/index.php\/2025\/01\/27\/mauricio-kuri-brinda-apoyo-a-mas-de-22-mil-productores-afectados-por-sequia\/#primaryimage\"},\"thumbnailUrl\":\"https:\/\/www.nexoinformativo.mx\/wp-content\/uploads\/2025\/01\/PHOTO-2025-01-27-09-52-56-e1737998296778.jpg\",\"keywords\":[\"Agricultura\",\"ApoyoalCampo\",\"Quer\u00e9taro\",\"Sequ\u00eda\"],\"articleSection\":[\"Econom\u00eda\",\"Estado\",\"\u00daltima Hora\"],\"inLanguage\":\"es\",\"potentialAction\":[{\"@type\":\"CommentAction\",\"name\":\"Comment\",\"target\":[\"https:\/\/www.nexoinformativo.mx\/index.php\/2025\/01\/27\/mauricio-kuri-brinda-apoyo-a-mas-de-22-mil-productores-afectados-por-sequia\/#respond\"]}]},{\"@type\":\"WebPage\",\"@id\":\"https:\/\/www.nexoinformativo.mx\/index.php\/2025\/01\/27\/mauricio-kuri-brinda-apoyo-a-mas-de-22-mil-productores-afectados-por-sequia\/\",\"url\":\"https:\/\/www.nexoinformativo.mx\/index.php\/2025\/01\/27\/mauricio-kuri-brinda-apoyo-a-mas-de-22-mil-productores-afectados-por-sequia\/\",\"name\":\"Mauricio Kuri brinda apoyo a m\u00e1s de 22 mil productores afectados por sequ\u00eda | Nexo Informativo Santiago de Quer\u00e9taro\",\"isPartOf\":{\"@id\":\"https:\/\/www.nexoinformativo.mx\/#website\"},\"primaryImageOfPage\":{\"@id\":\"https:\/\/www.nexoinformativo.mx\/index.php\/2025\/01\/27\/mauricio-kuri-brinda-apoyo-a-mas-de-22-mil-productores-afectados-por-sequia\/#primaryimage\"},\"image\":{\"@id\":\"https:\/\/www.nexoinformativo.mx\/index.php\/2025\/01\/27\/mauricio-kuri-brinda-apoyo-a-mas-de-22-mil-productores-afectados-por-sequia\/#primaryimage\"},\"thumbnailUrl\":\"https:\/\/www.nexoinformativo.mx\/wp-content\/uploads\/2025\/01\/PHOTO-2025-01-27-09-52-56-e1737998296778.jpg\",\"datePublished\":\"2025-01-27T14:30:56+00:00\",\"dateModified\":\"2025-01-27T17:19:34+00:00\",\"description\":\"Mauricio Kuri brinda apoyo a m\u00e1s de 22 mil productores afectados por sequ\u00eda\",\"breadcrumb\":{\"@id\":\"https:\/\/www.nexoinformativo.mx\/index.php\/2025\/01\/27\/mauricio-kuri-brinda-apoyo-a-mas-de-22-mil-productores-afectados-por-sequia\/#breadcrumb\"},\"inLanguage\":\"es\",\"potentialAction\":[{\"@type\":\"ReadAction\",\"target\":[\"https:\/\/www.nexoinformativo.mx\/index.php\/2025\/01\/27\/mauricio-kuri-brinda-apoyo-a-mas-de-22-mil-productores-afectados-por-sequia\/\"]}]},{\"@type\":\"ImageObject\",\"inLanguage\":\"es\",\"@id\":\"https:\/\/www.nexoinformativo.mx\/index.php\/2025\/01\/27\/mauricio-kuri-brinda-apoyo-a-mas-de-22-mil-productores-afectados-por-sequia\/#primaryimage\",\"url\":\"https:\/\/www.nexoinformativo.mx\/wp-content\/uploads\/2025\/01\/PHOTO-2025-01-27-09-52-56-e1737998296778.jpg\",\"contentUrl\":\"https:\/\/www.nexoinformativo.mx\/wp-content\/uploads\/2025\/01\/PHOTO-2025-01-27-09-52-56-e1737998296778.jpg\",\"width\":800,\"height\":533},{\"@type\":\"BreadcrumbList\",\"@id\":\"https:\/\/www.nexoinformativo.mx\/index.php\/2025\/01\/27\/mauricio-kuri-brinda-apoyo-a-mas-de-22-mil-productores-afectados-por-sequia\/#breadcrumb\",\"itemListElement\":[{\"@type\":\"ListItem\",\"position\":1,\"name\":\"Inicio\",\"item\":\"https:\/\/www.nexoinformativo.mx\/\"},{\"@type\":\"ListItem\",\"position\":2,\"name\":\"Mauricio Kuri brinda apoyo a m\u00e1s de 22 mil productores afectados por sequ\u00eda\"}]},{\"@type\":\"WebSite\",\"@id\":\"https:\/\/www.nexoinformativo.mx\/#website\",\"url\":\"https:\/\/www.nexoinformativo.mx\/\",\"name\":\"Nexo Informativo Santiago de Quer\u00e9taro\",\"description\":\"Explora NexoInformativo y convi\u00e9rtete en parte de una comunidad que valora el conocimiento y la verdad. Tu nexoinformativo es tu puente hacia una comprensi\u00f3n m\u00e1s profunda del mundo que te rodea.\",\"publisher\":{\"@id\":\"https:\/\/www.nexoinformativo.mx\/#organization\"},\"potentialAction\":[{\"@type\":\"SearchAction\",\"target\":{\"@type\":\"EntryPoint\",\"urlTemplate\":\"https:\/\/www.nexoinformativo.mx\/?s={search_term_string}\"},\"query-input\":{\"@type\":\"PropertyValueSpecification\",\"valueRequired\":true,\"valueName\":\"search_term_string\"}}],\"inLanguage\":\"es\"},{\"@type\":\"Organization\",\"@id\":\"https:\/\/www.nexoinformativo.mx\/#organization\",\"name\":\"Nexo Informativo Santiago de Quer\u00e9taro\",\"url\":\"https:\/\/www.nexoinformativo.mx\/\",\"logo\":{\"@type\":\"ImageObject\",\"inLanguage\":\"es\",\"@id\":\"https:\/\/www.nexoinformativo.mx\/#\/schema\/logo\/image\/\",\"url\":\"https:\/\/www.nexoinformativo.mx\/wp-content\/uploads\/2024\/07\/nexoi-trasparente-2.png\",\"contentUrl\":\"https:\/\/www.nexoinformativo.mx\/wp-content\/uploads\/2024\/07\/nexoi-trasparente-2.png\",\"width\":816,\"height\":339,\"caption\":\"Nexo Informativo Santiago de Quer\u00e9taro\"},\"image\":{\"@id\":\"https:\/\/www.nexoinformativo.mx\/#\/schema\/logo\/image\/\"},\"sameAs\":[\"https:\/\/www.facebook.com\/people\/Nexo-Informativo\/61564066885511\/\"]},{\"@type\":\"Person\",\"@id\":\"https:\/\/www.nexoinformativo.mx\/#\/schema\/person\/7749d380ba08c8ca00d7bc76fd907b7d\",\"name\":\"Nexo Informativo\",\"image\":{\"@type\":\"ImageObject\",\"inLanguage\":\"es\",\"@id\":\"https:\/\/www.nexoinformativo.mx\/#\/schema\/person\/image\/\",\"url\":\"https:\/\/secure.gravatar.com\/avatar\/dde2928154642a13d95f87ddf1ea9718fe2b46760a005c53e41ff5ad610704e6?s=96&d=mm&r=g\",\"contentUrl\":\"https:\/\/secure.gravatar.com\/avatar\/dde2928154642a13d95f87ddf1ea9718fe2b46760a005c53e41ff5ad610704e6?s=96&d=mm&r=g\",\"caption\":\"Nexo Informativo\"},\"url\":\"https:\/\/www.nexoinformativo.mx\/index.php\/author\/edicion\/\"}]}<\/script>\n<!-- \/ Yoast SEO plugin. -->","yoast_head_json":{"title":"Mauricio Kuri brinda apoyo a m\u00e1s de 22 mil productores afectados por sequ\u00eda | Nexo Informativo Santiago de Quer\u00e9taro","description":"Mauricio Kuri brinda apoyo a m\u00e1s de 22 mil productores afectados por sequ\u00eda","robots":{"index":"index","follow":"follow","max-snippet":"max-snippet:-1","max-image-preview":"max-image-preview:large","max-video-preview":"max-video-preview:-1"},"canonical":"https:\/\/www.nexoinformativo.mx\/index.php\/2025\/01\/27\/mauricio-kuri-brinda-apoyo-a-mas-de-22-mil-productores-afectados-por-sequia\/","og_locale":"es_MX","og_type":"article","og_title":"Mauricio Kuri brinda apoyo a m\u00e1s de 22 mil productores afectados por sequ\u00eda | Nexo Informativo Santiago de Quer\u00e9taro","og_description":"Mauricio Kuri brinda apoyo a m\u00e1s de 22 mil productores afectados por sequ\u00eda","og_url":"https:\/\/www.nexoinformativo.mx\/index.php\/2025\/01\/27\/mauricio-kuri-brinda-apoyo-a-mas-de-22-mil-productores-afectados-por-sequia\/","og_site_name":"Nexo Informativo Santiago de Quer\u00e9taro","article_publisher":"https:\/\/www.facebook.com\/people\/Nexo-Informativo\/61564066885511\/","article_published_time":"2025-01-27T14:30:56+00:00","article_modified_time":"2025-01-27T17:19:34+00:00","og_image":[{"width":800,"height":533,"url":"https:\/\/www.nexoinformativo.mx\/wp-content\/uploads\/2025\/01\/PHOTO-2025-01-27-09-52-56-e1737998296778.jpg","type":"image\/jpeg"}],"author":"Nexo Informativo","twitter_card":"summary_large_image","twitter_misc":{"Escrito por":"Nexo Informativo","Tiempo de lectura":"2 minutos"},"schema":{"@context":"https:\/\/schema.org","@graph":[{"@type":"Article","@id":"https:\/\/www.nexoinformativo.mx\/index.php\/2025\/01\/27\/mauricio-kuri-brinda-apoyo-a-mas-de-22-mil-productores-afectados-por-sequia\/#article","isPartOf":{"@id":"https:\/\/www.nexoinformativo.mx\/index.php\/2025\/01\/27\/mauricio-kuri-brinda-apoyo-a-mas-de-22-mil-productores-afectados-por-sequia\/"},"author":{"name":"Nexo Informativo","@id":"https:\/\/www.nexoinformativo.mx\/#\/schema\/person\/7749d380ba08c8ca00d7bc76fd907b7d"},"headline":"Mauricio Kuri brinda apoyo a m\u00e1s de 22 mil productores afectados por sequ\u00eda","datePublished":"2025-01-27T14:30:56+00:00","dateModified":"2025-01-27T17:19:34+00:00","mainEntityOfPage":{"@id":"https:\/\/www.nexoinformativo.mx\/index.php\/2025\/01\/27\/mauricio-kuri-brinda-apoyo-a-mas-de-22-mil-productores-afectados-por-sequia\/"},"wordCount":318,"commentCount":0,"publisher":{"@id":"https:\/\/www.nexoinformativo.mx\/#organization"},"image":{"@id":"https:\/\/www.nexoinformativo.mx\/index.php\/2025\/01\/27\/mauricio-kuri-brinda-apoyo-a-mas-de-22-mil-productores-afectados-por-sequia\/#primaryimage"},"thumbnailUrl":"https:\/\/www.nexoinformativo.mx\/wp-content\/uploads\/2025\/01\/PHOTO-2025-01-27-09-52-56-e1737998296778.jpg","keywords":["Agricultura","ApoyoalCampo","Quer\u00e9taro","Sequ\u00eda"],"articleSection":["Econom\u00eda","Estado","\u00daltima Hora"],"inLanguage":"es","potentialAction":[{"@type":"CommentAction","name":"Comment","target":["https:\/\/www.nexoinformativo.mx\/index.php\/2025\/01\/27\/mauricio-kuri-brinda-apoyo-a-mas-de-22-mil-productores-afectados-por-sequia\/#respond"]}]},{"@type":"WebPage","@id":"https:\/\/www.nexoinformativo.mx\/index.php\/2025\/01\/27\/mauricio-kuri-brinda-apoyo-a-mas-de-22-mil-productores-afectados-por-sequia\/","url":"https:\/\/www.nexoinformativo.mx\/index.php\/2025\/01\/27\/mauricio-kuri-brinda-apoyo-a-mas-de-22-mil-productores-afectados-por-sequia\/","name":"Mauricio Kuri brinda apoyo a m\u00e1s de 22 mil productores afectados por sequ\u00eda | Nexo Informativo Santiago de Quer\u00e9taro","isPartOf":{"@id":"https:\/\/www.nexoinformativo.mx\/#website"},"primaryImageOfPage":{"@id":"https:\/\/www.nexoinformativo.mx\/index.php\/2025\/01\/27\/mauricio-kuri-brinda-apoyo-a-mas-de-22-mil-productores-afectados-por-sequia\/#primaryimage"},"image":{"@id":"https:\/\/www.nexoinformativo.mx\/index.php\/2025\/01\/27\/mauricio-kuri-brinda-apoyo-a-mas-de-22-mil-productores-afectados-por-sequia\/#primaryimage"},"thumbnailUrl":"https:\/\/www.nexoinformativo.mx\/wp-content\/uploads\/2025\/01\/PHOTO-2025-01-27-09-52-56-e1737998296778.jpg","datePublished":"2025-01-27T14:30:56+00:00","dateModified":"2025-01-27T17:19:34+00:00","description":"Mauricio Kuri brinda apoyo a m\u00e1s de 22 mil productores afectados por sequ\u00eda","breadcrumb":{"@id":"https:\/\/www.nexoinformativo.mx\/index.php\/2025\/01\/27\/mauricio-kuri-brinda-apoyo-a-mas-de-22-mil-productores-afectados-por-sequia\/#breadcrumb"},"inLanguage":"es","potentialAction":[{"@type":"ReadAction","target":["https:\/\/www.nexoinformativo.mx\/index.php\/2025\/01\/27\/mauricio-kuri-brinda-apoyo-a-mas-de-22-mil-productores-afectados-por-sequia\/"]}]},{"@type":"ImageObject","inLanguage":"es","@id":"https:\/\/www.nexoinformativo.mx\/index.php\/2025\/01\/27\/mauricio-kuri-brinda-apoyo-a-mas-de-22-mil-productores-afectados-por-sequia\/#primaryimage","url":"https:\/\/www.nexoinformativo.mx\/wp-content\/uploads\/2025\/01\/PHOTO-2025-01-27-09-52-56-e1737998296778.jpg","contentUrl":"https:\/\/www.nexoinformativo.mx\/wp-content\/uploads\/2025\/01\/PHOTO-2025-01-27-09-52-56-e1737998296778.jpg","width":800,"height":533},{"@type":"BreadcrumbList","@id":"https:\/\/www.nexoinformativo.mx\/index.php\/2025\/01\/27\/mauricio-kuri-brinda-apoyo-a-mas-de-22-mil-productores-afectados-por-sequia\/#breadcrumb","itemListElement":[{"@type":"ListItem","position":1,"name":"Inicio","item":"https:\/\/www.nexoinformativo.mx\/"},{"@type":"ListItem","position":2,"name":"Mauricio Kuri brinda apoyo a m\u00e1s de 22 mil productores afectados por sequ\u00eda"}]},{"@type":"WebSite","@id":"https:\/\/www.nexoinformativo.mx\/#website","url":"https:\/\/www.nexoinformativo.mx\/","name":"Nexo Informativo Santiago de Quer\u00e9taro","description":"Explora NexoInformativo y convi\u00e9rtete en parte de una comunidad que valora el conocimiento y la verdad. Tu nexoinformativo es tu puente hacia una comprensi\u00f3n m\u00e1s profunda del mundo que te rodea.","publisher":{"@id":"https:\/\/www.nexoinformativo.mx\/#organization"},"potentialAction":[{"@type":"SearchAction","target":{"@type":"EntryPoint","urlTemplate":"https:\/\/www.nexoinformativo.mx\/?s={search_term_string}"},"query-input":{"@type":"PropertyValueSpecification","valueRequired":true,"valueName":"search_term_string"}}],"inLanguage":"es"},{"@type":"Organization","@id":"https:\/\/www.nexoinformativo.mx\/#organization","name":"Nexo Informativo Santiago de Quer\u00e9taro","url":"https:\/\/www.nexoinformativo.mx\/","logo":{"@type":"ImageObject","inLanguage":"es","@id":"https:\/\/www.nexoinformativo.mx\/#\/schema\/logo\/image\/","url":"https:\/\/www.nexoinformativo.mx\/wp-content\/uploads\/2024\/07\/nexoi-trasparente-2.png","contentUrl":"https:\/\/www.nexoinformativo.mx\/wp-content\/uploads\/2024\/07\/nexoi-trasparente-2.png","width":816,"height":339,"caption":"Nexo Informativo Santiago de Quer\u00e9taro"},"image":{"@id":"https:\/\/www.nexoinformativo.mx\/#\/schema\/logo\/image\/"},"sameAs":["https:\/\/www.facebook.com\/people\/Nexo-Informativo\/61564066885511\/"]},{"@type":"Person","@id":"https:\/\/www.nexoinformativo.mx\/#\/schema\/person\/7749d380ba08c8ca00d7bc76fd907b7d","name":"Nexo Informativo","image":{"@type":"ImageObject","inLanguage":"es","@id":"https:\/\/www.nexoinformativo.mx\/#\/schema\/person\/image\/","url":"https:\/\/secure.gravatar.com\/avatar\/dde2928154642a13d95f87ddf1ea9718fe2b46760a005c53e41ff5ad610704e6?s=96&d=mm&r=g","contentUrl":"https:\/\/secure.gravatar.com\/avatar\/dde2928154642a13d95f87ddf1ea9718fe2b46760a005c53e41ff5ad610704e6?s=96&d=mm&r=g","caption":"Nexo Informativo"},"url":"https:\/\/www.nexoinformativo.mx\/index.php\/author\/edicion\/"}]}},"_links":{"self":[{"href":"https:\/\/www.nexoinformativo.mx\/index.php\/wp-json\/wp\/v2\/posts\/10670","targetHints":{"allow":["GET"]}}],"collection":[{"href":"https:\/\/www.nexoinformativo.mx\/index.php\/wp-json\/wp\/v2\/posts"}],"about":[{"href":"https:\/\/www.nexoinformativo.mx\/index.php\/wp-json\/wp\/v2\/types\/post"}],"author":[{"embeddable":true,"href":"https:\/\/www.nexoinformativo.mx\/index.php\/wp-json\/wp\/v2\/users\/3"}],"replies":[{"embeddable":true,"href":"https:\/\/www.nexoinformativo.mx\/index.php\/wp-json\/wp\/v2\/comments?post=10670"}],"version-history":[{"count":4,"href":"https:\/\/www.nexoinformativo.mx\/index.php\/wp-json\/wp\/v2\/posts\/10670\/revisions"}],"predecessor-version":[{"id":10675,"href":"https:\/\/www.nexoinformativo.mx\/index.php\/wp-json\/wp\/v2\/posts\/10670\/revisions\/10675"}],"wp:featuredmedia":[{"embeddable":true,"href":"https:\/\/www.nexoinformativo.mx\/index.php\/wp-json\/wp\/v2\/media\/10671"}],"wp:attachment":[{"href":"https:\/\/www.nexoinformativo.mx\/index.php\/wp-json\/wp\/v2\/media?parent=10670"}],"wp:term":[{"taxonomy":"category","embeddable":true,"href":"https:\/\/www.nexoinformativo.mx\/index.php\/wp-json\/wp\/v2\/categories?post=10670"},{"taxonomy":"post_tag","embeddable":true,"href":"https:\/\/www.nexoinformativo.mx\/index.php\/wp-json\/wp\/v2\/tags?post=10670"}],"curies":[{"name":"wp","href":"https:\/\/api.w.org\/{rel}","templated":true}]}}