{"id":10683,"date":"2025-01-27T10:00:30","date_gmt":"2025-01-27T16:00:30","guid":{"rendered":"https:\/\/www.nexoinformativo.mx\/?p=10683"},"modified":"2025-01-27T13:26:35","modified_gmt":"2025-01-27T19:26:35","slug":"queretana-busca-convertirse-en-la-proxima-ministra-de-la-suprema-corte","status":"publish","type":"post","link":"https:\/\/www.nexoinformativo.mx\/index.php\/2025\/01\/27\/queretana-busca-convertirse-en-la-proxima-ministra-de-la-suprema-corte\/","title":{"rendered":"Queretana busca convertirse en la pr\u00f3xima ministra de la Suprema Corte"},"content":{"rendered":"<p style=\"text-align: justify;\" data-sourcepos=\"11:1-11:396\">La magistrada queretana, Marisol Casta\u00f1eda, ha dado un paso importante en su trayectoria profesional al participar en el proceso de selecci\u00f3n para ocupar una vacante en la Suprema Corte de Justicia de la Naci\u00f3n (SCJN).<\/p>\n<p>&nbsp;<\/p>\n<p style=\"text-align: justify;\" data-sourcepos=\"11:1-11:396\">Con una s\u00f3lida trayectoria de 25 a\u00f1os en el Poder Judicial de la Federaci\u00f3n, Casta\u00f1eda se ha posicionado como una de las candidatas m\u00e1s destacadas.<\/p>\n<p>&nbsp;<\/p>\n<p style=\"text-align: justify;\" data-sourcepos=\"13:1-13:291\">En entrevista, la magistrada comparti\u00f3 su entusiasmo por participar en este proceso y destac\u00f3 que su inter\u00e9s en formar parte de la SCJN surgi\u00f3 desde el inicio de su carrera judicial. <strong>&#8220;Es un honor poder participar en este proceso y representar a Quer\u00e9taro a nivel nacional&#8221;<\/strong>, afirm\u00f3 Casta\u00f1eda.<\/p>\n<p>&nbsp;<\/p>\n<p style=\"text-align: justify;\" data-sourcepos=\"15:1-15:273\">La magistrada queretana cuenta con una amplia formaci\u00f3n acad\u00e9mica, incluyendo estudios de posgrado en derecho constitucional, fiscal y penal. Adem\u00e1s, ha desempe\u00f1ado diversos cargos dentro del Poder Judicial, lo que le ha brindado una amplia experiencia en materia jur\u00eddica.<\/p>\n<p>&nbsp;<\/p>\n<p style=\"text-align: justify;\" data-sourcepos=\"17:1-17:286\">Actualmente, Casta\u00f1eda se encuentra en la etapa de entrevistas y espera ser incluida en la lista de candidatos id\u00f3neos que ser\u00e1 publicada el pr\u00f3ximo 31 de enero. Posteriormente, se realizar\u00e1 una insaculaci\u00f3n para determinar a los candidatos que pasar\u00e1n a la siguiente etapa del proceso.<\/p>\n<p>&nbsp;<\/p>\n<p style=\"text-align: justify;\" data-sourcepos=\"17:1-17:286\">\u00a0&#8220;La Suprema Corte juega un papel fundamental en la defensa de los derechos humanos y la impartici\u00f3n de justicia en nuestro pa\u00eds, y me siento preparada para contribuir a esta noble causa&#8221; se\u00f1alo Casta\u00f1eda.<\/p>\n<p>&nbsp;<\/p>\n<p style=\"text-align: center;\" data-sourcepos=\"19:1-19:306\"><em><strong>\u00a1Informaci\u00f3n que transforma!<\/strong><\/em><\/p>\n","protected":false},"excerpt":{"rendered":"<p>La magistrada queretana, Marisol Casta\u00f1eda, ha dado un paso importante en su trayectoria profesional al participar en el proceso de selecci\u00f3n para ocupar una vacante en la Suprema Corte de Justicia de la Naci\u00f3n (SCJN).<\/p>\n","protected":false},"author":3,"featured_media":10684,"comment_status":"open","ping_status":"open","sticky":false,"template":"","format":"standard","meta":{"footnotes":""},"categories":[42,21,58],"tags":[480,3250,133,1706],"class_list":["post-10683","post","type-post","status-publish","format-standard","has-post-thumbnail","hentry","category-estado","category-politica","category-ultima-hora","tag-justicia","tag-mujeresenlajusticia","tag-queretaro","tag-supremacorte"],"yoast_head":"<!-- This site is optimized with the Yoast SEO plugin v25.0 - https:\/\/yoast.com\/wordpress\/plugins\/seo\/ -->\n<title>Queretana busca convertirse en la pr\u00f3xima ministra de la Suprema Corte | Nexo Informativo Santiago de Quer\u00e9taro<\/title>\n<meta name=\"description\" content=\"Queretana busca convertirse en la pr\u00f3xima ministra de la Suprema Corte\" \/>\n<meta name=\"robots\" content=\"index, follow, max-snippet:-1, max-image-preview:large, max-video-preview:-1\" \/>\n<link rel=\"canonical\" href=\"https:\/\/www.nexoinformativo.mx\/index.php\/2025\/01\/27\/queretana-busca-convertirse-en-la-proxima-ministra-de-la-suprema-corte\/\" \/>\n<meta property=\"og:locale\" content=\"es_MX\" \/>\n<meta property=\"og:type\" content=\"article\" \/>\n<meta property=\"og:title\" content=\"Queretana busca convertirse en la pr\u00f3xima ministra de la Suprema Corte | Nexo Informativo Santiago de Quer\u00e9taro\" \/>\n<meta property=\"og:description\" content=\"Queretana busca convertirse en la pr\u00f3xima ministra de la Suprema Corte\" \/>\n<meta property=\"og:url\" content=\"https:\/\/www.nexoinformativo.mx\/index.php\/2025\/01\/27\/queretana-busca-convertirse-en-la-proxima-ministra-de-la-suprema-corte\/\" \/>\n<meta property=\"og:site_name\" content=\"Nexo Informativo Santiago de Quer\u00e9taro\" \/>\n<meta property=\"article:publisher\" content=\"https:\/\/www.facebook.com\/people\/Nexo-Informativo\/61564066885511\/\" \/>\n<meta property=\"article:published_time\" content=\"2025-01-27T16:00:30+00:00\" \/>\n<meta property=\"article:modified_time\" content=\"2025-01-27T19:26:35+00:00\" \/>\n<meta property=\"og:image\" content=\"https:\/\/www.nexoinformativo.mx\/wp-content\/uploads\/2025\/01\/PHOTO-2025-01-27-11-25-27-e1738005989190.jpg\" \/>\n\t<meta property=\"og:image:width\" content=\"357\" \/>\n\t<meta property=\"og:image:height\" content=\"500\" \/>\n\t<meta property=\"og:image:type\" content=\"image\/jpeg\" \/>\n<meta name=\"author\" content=\"Nexo Informativo\" \/>\n<meta name=\"twitter:card\" content=\"summary_large_image\" \/>\n<meta name=\"twitter:label1\" content=\"Escrito por\" \/>\n\t<meta name=\"twitter:data1\" content=\"Nexo Informativo\" \/>\n\t<meta name=\"twitter:label2\" content=\"Tiempo de lectura\" \/>\n\t<meta name=\"twitter:data2\" content=\"2 minutos\" \/>\n<script type=\"application\/ld+json\" class=\"yoast-schema-graph\">{\"@context\":\"https:\/\/schema.org\",\"@graph\":[{\"@type\":\"Article\",\"@id\":\"https:\/\/www.nexoinformativo.mx\/index.php\/2025\/01\/27\/queretana-busca-convertirse-en-la-proxima-ministra-de-la-suprema-corte\/#article\",\"isPartOf\":{\"@id\":\"https:\/\/www.nexoinformativo.mx\/index.php\/2025\/01\/27\/queretana-busca-convertirse-en-la-proxima-ministra-de-la-suprema-corte\/\"},\"author\":{\"name\":\"Nexo Informativo\",\"@id\":\"https:\/\/www.nexoinformativo.mx\/#\/schema\/person\/7749d380ba08c8ca00d7bc76fd907b7d\"},\"headline\":\"Queretana busca convertirse en la pr\u00f3xima ministra de la Suprema Corte\",\"datePublished\":\"2025-01-27T16:00:30+00:00\",\"dateModified\":\"2025-01-27T19:26:35+00:00\",\"mainEntityOfPage\":{\"@id\":\"https:\/\/www.nexoinformativo.mx\/index.php\/2025\/01\/27\/queretana-busca-convertirse-en-la-proxima-ministra-de-la-suprema-corte\/\"},\"wordCount\":271,\"commentCount\":0,\"publisher\":{\"@id\":\"https:\/\/www.nexoinformativo.mx\/#organization\"},\"image\":{\"@id\":\"https:\/\/www.nexoinformativo.mx\/index.php\/2025\/01\/27\/queretana-busca-convertirse-en-la-proxima-ministra-de-la-suprema-corte\/#primaryimage\"},\"thumbnailUrl\":\"https:\/\/www.nexoinformativo.mx\/wp-content\/uploads\/2025\/01\/PHOTO-2025-01-27-11-25-27-e1738005989190.jpg\",\"keywords\":[\"Justicia\",\"MujeresEnLaJusticia\",\"Quer\u00e9taro\",\"SupremaCorte\"],\"articleSection\":[\"Estado\",\"Pol\u00edtica\",\"\u00daltima Hora\"],\"inLanguage\":\"es\",\"potentialAction\":[{\"@type\":\"CommentAction\",\"name\":\"Comment\",\"target\":[\"https:\/\/www.nexoinformativo.mx\/index.php\/2025\/01\/27\/queretana-busca-convertirse-en-la-proxima-ministra-de-la-suprema-corte\/#respond\"]}]},{\"@type\":\"WebPage\",\"@id\":\"https:\/\/www.nexoinformativo.mx\/index.php\/2025\/01\/27\/queretana-busca-convertirse-en-la-proxima-ministra-de-la-suprema-corte\/\",\"url\":\"https:\/\/www.nexoinformativo.mx\/index.php\/2025\/01\/27\/queretana-busca-convertirse-en-la-proxima-ministra-de-la-suprema-corte\/\",\"name\":\"Queretana busca convertirse en la pr\u00f3xima ministra de la Suprema Corte | Nexo Informativo Santiago de Quer\u00e9taro\",\"isPartOf\":{\"@id\":\"https:\/\/www.nexoinformativo.mx\/#website\"},\"primaryImageOfPage\":{\"@id\":\"https:\/\/www.nexoinformativo.mx\/index.php\/2025\/01\/27\/queretana-busca-convertirse-en-la-proxima-ministra-de-la-suprema-corte\/#primaryimage\"},\"image\":{\"@id\":\"https:\/\/www.nexoinformativo.mx\/index.php\/2025\/01\/27\/queretana-busca-convertirse-en-la-proxima-ministra-de-la-suprema-corte\/#primaryimage\"},\"thumbnailUrl\":\"https:\/\/www.nexoinformativo.mx\/wp-content\/uploads\/2025\/01\/PHOTO-2025-01-27-11-25-27-e1738005989190.jpg\",\"datePublished\":\"2025-01-27T16:00:30+00:00\",\"dateModified\":\"2025-01-27T19:26:35+00:00\",\"description\":\"Queretana busca convertirse en la pr\u00f3xima ministra de la Suprema Corte\",\"breadcrumb\":{\"@id\":\"https:\/\/www.nexoinformativo.mx\/index.php\/2025\/01\/27\/queretana-busca-convertirse-en-la-proxima-ministra-de-la-suprema-corte\/#breadcrumb\"},\"inLanguage\":\"es\",\"potentialAction\":[{\"@type\":\"ReadAction\",\"target\":[\"https:\/\/www.nexoinformativo.mx\/index.php\/2025\/01\/27\/queretana-busca-convertirse-en-la-proxima-ministra-de-la-suprema-corte\/\"]}]},{\"@type\":\"ImageObject\",\"inLanguage\":\"es\",\"@id\":\"https:\/\/www.nexoinformativo.mx\/index.php\/2025\/01\/27\/queretana-busca-convertirse-en-la-proxima-ministra-de-la-suprema-corte\/#primaryimage\",\"url\":\"https:\/\/www.nexoinformativo.mx\/wp-content\/uploads\/2025\/01\/PHOTO-2025-01-27-11-25-27-e1738005989190.jpg\",\"contentUrl\":\"https:\/\/www.nexoinformativo.mx\/wp-content\/uploads\/2025\/01\/PHOTO-2025-01-27-11-25-27-e1738005989190.jpg\",\"width\":357,\"height\":500},{\"@type\":\"BreadcrumbList\",\"@id\":\"https:\/\/www.nexoinformativo.mx\/index.php\/2025\/01\/27\/queretana-busca-convertirse-en-la-proxima-ministra-de-la-suprema-corte\/#breadcrumb\",\"itemListElement\":[{\"@type\":\"ListItem\",\"position\":1,\"name\":\"Inicio\",\"item\":\"https:\/\/www.nexoinformativo.mx\/\"},{\"@type\":\"ListItem\",\"position\":2,\"name\":\"Queretana busca convertirse en la pr\u00f3xima ministra de la Suprema Corte\"}]},{\"@type\":\"WebSite\",\"@id\":\"https:\/\/www.nexoinformativo.mx\/#website\",\"url\":\"https:\/\/www.nexoinformativo.mx\/\",\"name\":\"Nexo Informativo Santiago de Quer\u00e9taro\",\"description\":\"Explora NexoInformativo y convi\u00e9rtete en parte de una comunidad que valora el conocimiento y la verdad. Tu nexoinformativo es tu puente hacia una comprensi\u00f3n m\u00e1s profunda del mundo que te rodea.\",\"publisher\":{\"@id\":\"https:\/\/www.nexoinformativo.mx\/#organization\"},\"potentialAction\":[{\"@type\":\"SearchAction\",\"target\":{\"@type\":\"EntryPoint\",\"urlTemplate\":\"https:\/\/www.nexoinformativo.mx\/?s={search_term_string}\"},\"query-input\":{\"@type\":\"PropertyValueSpecification\",\"valueRequired\":true,\"valueName\":\"search_term_string\"}}],\"inLanguage\":\"es\"},{\"@type\":\"Organization\",\"@id\":\"https:\/\/www.nexoinformativo.mx\/#organization\",\"name\":\"Nexo Informativo Santiago de Quer\u00e9taro\",\"url\":\"https:\/\/www.nexoinformativo.mx\/\",\"logo\":{\"@type\":\"ImageObject\",\"inLanguage\":\"es\",\"@id\":\"https:\/\/www.nexoinformativo.mx\/#\/schema\/logo\/image\/\",\"url\":\"https:\/\/www.nexoinformativo.mx\/wp-content\/uploads\/2024\/07\/nexoi-trasparente-2.png\",\"contentUrl\":\"https:\/\/www.nexoinformativo.mx\/wp-content\/uploads\/2024\/07\/nexoi-trasparente-2.png\",\"width\":816,\"height\":339,\"caption\":\"Nexo Informativo Santiago de Quer\u00e9taro\"},\"image\":{\"@id\":\"https:\/\/www.nexoinformativo.mx\/#\/schema\/logo\/image\/\"},\"sameAs\":[\"https:\/\/www.facebook.com\/people\/Nexo-Informativo\/61564066885511\/\"]},{\"@type\":\"Person\",\"@id\":\"https:\/\/www.nexoinformativo.mx\/#\/schema\/person\/7749d380ba08c8ca00d7bc76fd907b7d\",\"name\":\"Nexo Informativo\",\"image\":{\"@type\":\"ImageObject\",\"inLanguage\":\"es\",\"@id\":\"https:\/\/www.nexoinformativo.mx\/#\/schema\/person\/image\/\",\"url\":\"https:\/\/secure.gravatar.com\/avatar\/dde2928154642a13d95f87ddf1ea9718fe2b46760a005c53e41ff5ad610704e6?s=96&d=mm&r=g\",\"contentUrl\":\"https:\/\/secure.gravatar.com\/avatar\/dde2928154642a13d95f87ddf1ea9718fe2b46760a005c53e41ff5ad610704e6?s=96&d=mm&r=g\",\"caption\":\"Nexo Informativo\"},\"url\":\"https:\/\/www.nexoinformativo.mx\/index.php\/author\/edicion\/\"}]}<\/script>\n<!-- \/ Yoast SEO plugin. -->","yoast_head_json":{"title":"Queretana busca convertirse en la pr\u00f3xima ministra de la Suprema Corte | Nexo Informativo Santiago de Quer\u00e9taro","description":"Queretana busca convertirse en la pr\u00f3xima ministra de la Suprema Corte","robots":{"index":"index","follow":"follow","max-snippet":"max-snippet:-1","max-image-preview":"max-image-preview:large","max-video-preview":"max-video-preview:-1"},"canonical":"https:\/\/www.nexoinformativo.mx\/index.php\/2025\/01\/27\/queretana-busca-convertirse-en-la-proxima-ministra-de-la-suprema-corte\/","og_locale":"es_MX","og_type":"article","og_title":"Queretana busca convertirse en la pr\u00f3xima ministra de la Suprema Corte | Nexo Informativo Santiago de Quer\u00e9taro","og_description":"Queretana busca convertirse en la pr\u00f3xima ministra de la Suprema Corte","og_url":"https:\/\/www.nexoinformativo.mx\/index.php\/2025\/01\/27\/queretana-busca-convertirse-en-la-proxima-ministra-de-la-suprema-corte\/","og_site_name":"Nexo Informativo Santiago de Quer\u00e9taro","article_publisher":"https:\/\/www.facebook.com\/people\/Nexo-Informativo\/61564066885511\/","article_published_time":"2025-01-27T16:00:30+00:00","article_modified_time":"2025-01-27T19:26:35+00:00","og_image":[{"width":357,"height":500,"url":"https:\/\/www.nexoinformativo.mx\/wp-content\/uploads\/2025\/01\/PHOTO-2025-01-27-11-25-27-e1738005989190.jpg","type":"image\/jpeg"}],"author":"Nexo Informativo","twitter_card":"summary_large_image","twitter_misc":{"Escrito por":"Nexo Informativo","Tiempo de lectura":"2 minutos"},"schema":{"@context":"https:\/\/schema.org","@graph":[{"@type":"Article","@id":"https:\/\/www.nexoinformativo.mx\/index.php\/2025\/01\/27\/queretana-busca-convertirse-en-la-proxima-ministra-de-la-suprema-corte\/#article","isPartOf":{"@id":"https:\/\/www.nexoinformativo.mx\/index.php\/2025\/01\/27\/queretana-busca-convertirse-en-la-proxima-ministra-de-la-suprema-corte\/"},"author":{"name":"Nexo Informativo","@id":"https:\/\/www.nexoinformativo.mx\/#\/schema\/person\/7749d380ba08c8ca00d7bc76fd907b7d"},"headline":"Queretana busca convertirse en la pr\u00f3xima ministra de la Suprema Corte","datePublished":"2025-01-27T16:00:30+00:00","dateModified":"2025-01-27T19:26:35+00:00","mainEntityOfPage":{"@id":"https:\/\/www.nexoinformativo.mx\/index.php\/2025\/01\/27\/queretana-busca-convertirse-en-la-proxima-ministra-de-la-suprema-corte\/"},"wordCount":271,"commentCount":0,"publisher":{"@id":"https:\/\/www.nexoinformativo.mx\/#organization"},"image":{"@id":"https:\/\/www.nexoinformativo.mx\/index.php\/2025\/01\/27\/queretana-busca-convertirse-en-la-proxima-ministra-de-la-suprema-corte\/#primaryimage"},"thumbnailUrl":"https:\/\/www.nexoinformativo.mx\/wp-content\/uploads\/2025\/01\/PHOTO-2025-01-27-11-25-27-e1738005989190.jpg","keywords":["Justicia","MujeresEnLaJusticia","Quer\u00e9taro","SupremaCorte"],"articleSection":["Estado","Pol\u00edtica","\u00daltima Hora"],"inLanguage":"es","potentialAction":[{"@type":"CommentAction","name":"Comment","target":["https:\/\/www.nexoinformativo.mx\/index.php\/2025\/01\/27\/queretana-busca-convertirse-en-la-proxima-ministra-de-la-suprema-corte\/#respond"]}]},{"@type":"WebPage","@id":"https:\/\/www.nexoinformativo.mx\/index.php\/2025\/01\/27\/queretana-busca-convertirse-en-la-proxima-ministra-de-la-suprema-corte\/","url":"https:\/\/www.nexoinformativo.mx\/index.php\/2025\/01\/27\/queretana-busca-convertirse-en-la-proxima-ministra-de-la-suprema-corte\/","name":"Queretana busca convertirse en la pr\u00f3xima ministra de la Suprema Corte | Nexo Informativo Santiago de Quer\u00e9taro","isPartOf":{"@id":"https:\/\/www.nexoinformativo.mx\/#website"},"primaryImageOfPage":{"@id":"https:\/\/www.nexoinformativo.mx\/index.php\/2025\/01\/27\/queretana-busca-convertirse-en-la-proxima-ministra-de-la-suprema-corte\/#primaryimage"},"image":{"@id":"https:\/\/www.nexoinformativo.mx\/index.php\/2025\/01\/27\/queretana-busca-convertirse-en-la-proxima-ministra-de-la-suprema-corte\/#primaryimage"},"thumbnailUrl":"https:\/\/www.nexoinformativo.mx\/wp-content\/uploads\/2025\/01\/PHOTO-2025-01-27-11-25-27-e1738005989190.jpg","datePublished":"2025-01-27T16:00:30+00:00","dateModified":"2025-01-27T19:26:35+00:00","description":"Queretana busca convertirse en la pr\u00f3xima ministra de la Suprema Corte","breadcrumb":{"@id":"https:\/\/www.nexoinformativo.mx\/index.php\/2025\/01\/27\/queretana-busca-convertirse-en-la-proxima-ministra-de-la-suprema-corte\/#breadcrumb"},"inLanguage":"es","potentialAction":[{"@type":"ReadAction","target":["https:\/\/www.nexoinformativo.mx\/index.php\/2025\/01\/27\/queretana-busca-convertirse-en-la-proxima-ministra-de-la-suprema-corte\/"]}]},{"@type":"ImageObject","inLanguage":"es","@id":"https:\/\/www.nexoinformativo.mx\/index.php\/2025\/01\/27\/queretana-busca-convertirse-en-la-proxima-ministra-de-la-suprema-corte\/#primaryimage","url":"https:\/\/www.nexoinformativo.mx\/wp-content\/uploads\/2025\/01\/PHOTO-2025-01-27-11-25-27-e1738005989190.jpg","contentUrl":"https:\/\/www.nexoinformativo.mx\/wp-content\/uploads\/2025\/01\/PHOTO-2025-01-27-11-25-27-e1738005989190.jpg","width":357,"height":500},{"@type":"BreadcrumbList","@id":"https:\/\/www.nexoinformativo.mx\/index.php\/2025\/01\/27\/queretana-busca-convertirse-en-la-proxima-ministra-de-la-suprema-corte\/#breadcrumb","itemListElement":[{"@type":"ListItem","position":1,"name":"Inicio","item":"https:\/\/www.nexoinformativo.mx\/"},{"@type":"ListItem","position":2,"name":"Queretana busca convertirse en la pr\u00f3xima ministra de la Suprema Corte"}]},{"@type":"WebSite","@id":"https:\/\/www.nexoinformativo.mx\/#website","url":"https:\/\/www.nexoinformativo.mx\/","name":"Nexo Informativo Santiago de Quer\u00e9taro","description":"Explora NexoInformativo y convi\u00e9rtete en parte de una comunidad que valora el conocimiento y la verdad. Tu nexoinformativo es tu puente hacia una comprensi\u00f3n m\u00e1s profunda del mundo que te rodea.","publisher":{"@id":"https:\/\/www.nexoinformativo.mx\/#organization"},"potentialAction":[{"@type":"SearchAction","target":{"@type":"EntryPoint","urlTemplate":"https:\/\/www.nexoinformativo.mx\/?s={search_term_string}"},"query-input":{"@type":"PropertyValueSpecification","valueRequired":true,"valueName":"search_term_string"}}],"inLanguage":"es"},{"@type":"Organization","@id":"https:\/\/www.nexoinformativo.mx\/#organization","name":"Nexo Informativo Santiago de Quer\u00e9taro","url":"https:\/\/www.nexoinformativo.mx\/","logo":{"@type":"ImageObject","inLanguage":"es","@id":"https:\/\/www.nexoinformativo.mx\/#\/schema\/logo\/image\/","url":"https:\/\/www.nexoinformativo.mx\/wp-content\/uploads\/2024\/07\/nexoi-trasparente-2.png","contentUrl":"https:\/\/www.nexoinformativo.mx\/wp-content\/uploads\/2024\/07\/nexoi-trasparente-2.png","width":816,"height":339,"caption":"Nexo Informativo Santiago de Quer\u00e9taro"},"image":{"@id":"https:\/\/www.nexoinformativo.mx\/#\/schema\/logo\/image\/"},"sameAs":["https:\/\/www.facebook.com\/people\/Nexo-Informativo\/61564066885511\/"]},{"@type":"Person","@id":"https:\/\/www.nexoinformativo.mx\/#\/schema\/person\/7749d380ba08c8ca00d7bc76fd907b7d","name":"Nexo Informativo","image":{"@type":"ImageObject","inLanguage":"es","@id":"https:\/\/www.nexoinformativo.mx\/#\/schema\/person\/image\/","url":"https:\/\/secure.gravatar.com\/avatar\/dde2928154642a13d95f87ddf1ea9718fe2b46760a005c53e41ff5ad610704e6?s=96&d=mm&r=g","contentUrl":"https:\/\/secure.gravatar.com\/avatar\/dde2928154642a13d95f87ddf1ea9718fe2b46760a005c53e41ff5ad610704e6?s=96&d=mm&r=g","caption":"Nexo Informativo"},"url":"https:\/\/www.nexoinformativo.mx\/index.php\/author\/edicion\/"}]}},"_links":{"self":[{"href":"https:\/\/www.nexoinformativo.mx\/index.php\/wp-json\/wp\/v2\/posts\/10683","targetHints":{"allow":["GET"]}}],"collection":[{"href":"https:\/\/www.nexoinformativo.mx\/index.php\/wp-json\/wp\/v2\/posts"}],"about":[{"href":"https:\/\/www.nexoinformativo.mx\/index.php\/wp-json\/wp\/v2\/types\/post"}],"author":[{"embeddable":true,"href":"https:\/\/www.nexoinformativo.mx\/index.php\/wp-json\/wp\/v2\/users\/3"}],"replies":[{"embeddable":true,"href":"https:\/\/www.nexoinformativo.mx\/index.php\/wp-json\/wp\/v2\/comments?post=10683"}],"version-history":[{"count":4,"href":"https:\/\/www.nexoinformativo.mx\/index.php\/wp-json\/wp\/v2\/posts\/10683\/revisions"}],"predecessor-version":[{"id":10689,"href":"https:\/\/www.nexoinformativo.mx\/index.php\/wp-json\/wp\/v2\/posts\/10683\/revisions\/10689"}],"wp:featuredmedia":[{"embeddable":true,"href":"https:\/\/www.nexoinformativo.mx\/index.php\/wp-json\/wp\/v2\/media\/10684"}],"wp:attachment":[{"href":"https:\/\/www.nexoinformativo.mx\/index.php\/wp-json\/wp\/v2\/media?parent=10683"}],"wp:term":[{"taxonomy":"category","embeddable":true,"href":"https:\/\/www.nexoinformativo.mx\/index.php\/wp-json\/wp\/v2\/categories?post=10683"},{"taxonomy":"post_tag","embeddable":true,"href":"https:\/\/www.nexoinformativo.mx\/index.php\/wp-json\/wp\/v2\/tags?post=10683"}],"curies":[{"name":"wp","href":"https:\/\/api.w.org\/{rel}","templated":true}]}}