{"id":10697,"date":"2025-01-27T11:00:42","date_gmt":"2025-01-27T17:00:42","guid":{"rendered":"https:\/\/www.nexoinformativo.mx\/?p=10697"},"modified":"2025-01-27T13:49:22","modified_gmt":"2025-01-27T19:49:22","slug":"paul-ospital-propone-castigar-el-stalking-hasta-con-2-anos-de-prision","status":"publish","type":"post","link":"https:\/\/www.nexoinformativo.mx\/index.php\/2025\/01\/27\/paul-ospital-propone-castigar-el-stalking-hasta-con-2-anos-de-prision\/","title":{"rendered":"Paul Ospital propone castigar el stalking hasta con 2 a\u00f1os de prisi\u00f3n"},"content":{"rendered":"<p style=\"text-align: justify;\" data-sourcepos=\"11:1-11:333\">El diputado Paul Ospital Carrera present\u00f3 una iniciativa para reformar el C\u00f3digo Penal del Estado de Quer\u00e9taro y tipificar el delito de acecho, com\u00fanmente conocido como <strong>&#8220;stalking&#8221;<\/strong>. Esta propuesta busca proteger a las v\u00edctimas de acoso y establecer sanciones claras para quienes cometan este tipo de conductas.<\/p>\n<p>&nbsp;<\/p>\n<p style=\"text-align: justify;\" data-sourcepos=\"13:1-13:343\">El acecho consiste en seguir, vigilar o comunicarse persistentemente con una persona en contra de su voluntad, generando miedo, ansiedad y afectando su vida cotidiana.<\/p>\n<\/p>\n<p>&nbsp;<\/p>\n<p style=\"text-align: justify;\" data-sourcepos=\"13:1-13:343\">Esta pr\u00e1ctica, cada vez m\u00e1s com\u00fan, puede manifestarse de diversas formas, como llamadas telef\u00f3nicas repetidas, mensajes amenazantes, seguimiento f\u00edsico o vigilancia constante.<\/p>\n<p>&nbsp;<\/p>\n<p style=\"text-align: justify;\" data-sourcepos=\"15:1-15:277\"><strong>&#8220;El acecho es un delito que genera un gran impacto psicol\u00f3gico en las v\u00edctimas y debe ser castigado con la mayor severidad&#8221;<\/strong>, afirm\u00f3 el diputado Ospital. &#8220;Con esta iniciativa, buscamos proteger los derechos de las personas y garantizar que puedan vivir libres de miedo y acoso&#8221;.<\/p>\n<p>&nbsp;<\/p>\n<p style=\"text-align: justify;\" data-sourcepos=\"17:1-17:204\">De aprobarse esta reforma, las personas que sean encontradas culpables de acecho podr\u00edan enfrentar penas de seis meses a dos a\u00f1os de prisi\u00f3n y multas de hasta mil Unidades de Medida y Actualizaci\u00f3n (UMA).<\/p>\n<p>&nbsp;<\/p>\n<p style=\"text-align: justify;\" data-sourcepos=\"19:1-19:252\">Es importante destacar que, hasta el momento, solo unos pocos estados en M\u00e9xico han tipificado el delito de acecho. Con esta iniciativa, Quer\u00e9taro se sumar\u00eda a los esfuerzos para combatir esta problem\u00e1tica y brindar una mayor protecci\u00f3n a las v\u00edctimas.<\/p>\n<p>&nbsp;<\/p>\n<p style=\"text-align: center;\" data-sourcepos=\"19:1-19:252\"><em><strong>\u00a1Informaci\u00f3n que transforma!<\/strong><\/em><\/p>\n","protected":false},"excerpt":{"rendered":"<p>El diputado Paul Ospital Carrera present\u00f3 una iniciativa para reformar el C\u00f3digo Penal del Estado de Quer\u00e9taro y tipificar el delito de acecho, com\u00fanmente conocido como &#8220;stalking&#8221;.<\/p>\n","protected":false},"author":3,"featured_media":10698,"comment_status":"open","ping_status":"open","sticky":false,"template":"","format":"standard","meta":{"footnotes":""},"categories":[42,21,58],"tags":[3251,133,131,3252],"class_list":["post-10697","post","type-post","status-publish","format-standard","has-post-thumbnail","hentry","category-estado","category-politica","category-ultima-hora","tag-acecho","tag-queretaro","tag-seguridad","tag-stalking"],"yoast_head":"<!-- This site is optimized with the Yoast SEO plugin v25.0 - https:\/\/yoast.com\/wordpress\/plugins\/seo\/ -->\n<title>Paul Ospital propone castigar el stalking hasta con 2 a\u00f1os de prisi\u00f3n | Nexo Informativo Santiago de Quer\u00e9taro<\/title>\n<meta name=\"description\" content=\"Paul Ospital propone castigar el stalking hasta con 2 a\u00f1os de prisi\u00f3n\" \/>\n<meta name=\"robots\" content=\"index, follow, max-snippet:-1, max-image-preview:large, max-video-preview:-1\" \/>\n<link rel=\"canonical\" href=\"https:\/\/www.nexoinformativo.mx\/index.php\/2025\/01\/27\/paul-ospital-propone-castigar-el-stalking-hasta-con-2-anos-de-prision\/\" \/>\n<meta property=\"og:locale\" content=\"es_MX\" \/>\n<meta property=\"og:type\" content=\"article\" \/>\n<meta property=\"og:title\" content=\"Paul Ospital propone castigar el stalking hasta con 2 a\u00f1os de prisi\u00f3n | Nexo Informativo Santiago de Quer\u00e9taro\" \/>\n<meta property=\"og:description\" content=\"Paul Ospital propone castigar el stalking hasta con 2 a\u00f1os de prisi\u00f3n\" \/>\n<meta property=\"og:url\" content=\"https:\/\/www.nexoinformativo.mx\/index.php\/2025\/01\/27\/paul-ospital-propone-castigar-el-stalking-hasta-con-2-anos-de-prision\/\" \/>\n<meta property=\"og:site_name\" content=\"Nexo Informativo Santiago de Quer\u00e9taro\" \/>\n<meta property=\"article:publisher\" content=\"https:\/\/www.facebook.com\/people\/Nexo-Informativo\/61564066885511\/\" \/>\n<meta property=\"article:published_time\" content=\"2025-01-27T17:00:42+00:00\" \/>\n<meta property=\"article:modified_time\" content=\"2025-01-27T19:49:22+00:00\" \/>\n<meta property=\"og:image\" content=\"https:\/\/www.nexoinformativo.mx\/wp-content\/uploads\/2025\/01\/0b6e5487-6f54-49cf-919f-6b4ee139b899-e1738007296268.jpg\" \/>\n\t<meta property=\"og:image:width\" content=\"492\" \/>\n\t<meta property=\"og:image:height\" content=\"659\" \/>\n\t<meta property=\"og:image:type\" content=\"image\/jpeg\" \/>\n<meta name=\"author\" content=\"Nexo Informativo\" \/>\n<meta name=\"twitter:card\" content=\"summary_large_image\" \/>\n<meta name=\"twitter:label1\" content=\"Escrito por\" \/>\n\t<meta name=\"twitter:data1\" content=\"Nexo Informativo\" \/>\n\t<meta name=\"twitter:label2\" content=\"Tiempo de lectura\" \/>\n\t<meta name=\"twitter:data2\" content=\"2 minutos\" \/>\n<script type=\"application\/ld+json\" class=\"yoast-schema-graph\">{\"@context\":\"https:\/\/schema.org\",\"@graph\":[{\"@type\":\"Article\",\"@id\":\"https:\/\/www.nexoinformativo.mx\/index.php\/2025\/01\/27\/paul-ospital-propone-castigar-el-stalking-hasta-con-2-anos-de-prision\/#article\",\"isPartOf\":{\"@id\":\"https:\/\/www.nexoinformativo.mx\/index.php\/2025\/01\/27\/paul-ospital-propone-castigar-el-stalking-hasta-con-2-anos-de-prision\/\"},\"author\":{\"name\":\"Nexo Informativo\",\"@id\":\"https:\/\/www.nexoinformativo.mx\/#\/schema\/person\/7749d380ba08c8ca00d7bc76fd907b7d\"},\"headline\":\"Paul Ospital propone castigar el stalking hasta con 2 a\u00f1os de prisi\u00f3n\",\"datePublished\":\"2025-01-27T17:00:42+00:00\",\"dateModified\":\"2025-01-27T19:49:22+00:00\",\"mainEntityOfPage\":{\"@id\":\"https:\/\/www.nexoinformativo.mx\/index.php\/2025\/01\/27\/paul-ospital-propone-castigar-el-stalking-hasta-con-2-anos-de-prision\/\"},\"wordCount\":258,\"commentCount\":0,\"publisher\":{\"@id\":\"https:\/\/www.nexoinformativo.mx\/#organization\"},\"image\":{\"@id\":\"https:\/\/www.nexoinformativo.mx\/index.php\/2025\/01\/27\/paul-ospital-propone-castigar-el-stalking-hasta-con-2-anos-de-prision\/#primaryimage\"},\"thumbnailUrl\":\"https:\/\/www.nexoinformativo.mx\/wp-content\/uploads\/2025\/01\/0b6e5487-6f54-49cf-919f-6b4ee139b899-e1738007296268.jpg\",\"keywords\":[\"Acecho\",\"Quer\u00e9taro\",\"Seguridad\",\"Stalking\"],\"articleSection\":[\"Estado\",\"Pol\u00edtica\",\"\u00daltima Hora\"],\"inLanguage\":\"es\",\"potentialAction\":[{\"@type\":\"CommentAction\",\"name\":\"Comment\",\"target\":[\"https:\/\/www.nexoinformativo.mx\/index.php\/2025\/01\/27\/paul-ospital-propone-castigar-el-stalking-hasta-con-2-anos-de-prision\/#respond\"]}]},{\"@type\":\"WebPage\",\"@id\":\"https:\/\/www.nexoinformativo.mx\/index.php\/2025\/01\/27\/paul-ospital-propone-castigar-el-stalking-hasta-con-2-anos-de-prision\/\",\"url\":\"https:\/\/www.nexoinformativo.mx\/index.php\/2025\/01\/27\/paul-ospital-propone-castigar-el-stalking-hasta-con-2-anos-de-prision\/\",\"name\":\"Paul Ospital propone castigar el stalking hasta con 2 a\u00f1os de prisi\u00f3n | Nexo Informativo Santiago de Quer\u00e9taro\",\"isPartOf\":{\"@id\":\"https:\/\/www.nexoinformativo.mx\/#website\"},\"primaryImageOfPage\":{\"@id\":\"https:\/\/www.nexoinformativo.mx\/index.php\/2025\/01\/27\/paul-ospital-propone-castigar-el-stalking-hasta-con-2-anos-de-prision\/#primaryimage\"},\"image\":{\"@id\":\"https:\/\/www.nexoinformativo.mx\/index.php\/2025\/01\/27\/paul-ospital-propone-castigar-el-stalking-hasta-con-2-anos-de-prision\/#primaryimage\"},\"thumbnailUrl\":\"https:\/\/www.nexoinformativo.mx\/wp-content\/uploads\/2025\/01\/0b6e5487-6f54-49cf-919f-6b4ee139b899-e1738007296268.jpg\",\"datePublished\":\"2025-01-27T17:00:42+00:00\",\"dateModified\":\"2025-01-27T19:49:22+00:00\",\"description\":\"Paul Ospital propone castigar el stalking hasta con 2 a\u00f1os de prisi\u00f3n\",\"breadcrumb\":{\"@id\":\"https:\/\/www.nexoinformativo.mx\/index.php\/2025\/01\/27\/paul-ospital-propone-castigar-el-stalking-hasta-con-2-anos-de-prision\/#breadcrumb\"},\"inLanguage\":\"es\",\"potentialAction\":[{\"@type\":\"ReadAction\",\"target\":[\"https:\/\/www.nexoinformativo.mx\/index.php\/2025\/01\/27\/paul-ospital-propone-castigar-el-stalking-hasta-con-2-anos-de-prision\/\"]}]},{\"@type\":\"ImageObject\",\"inLanguage\":\"es\",\"@id\":\"https:\/\/www.nexoinformativo.mx\/index.php\/2025\/01\/27\/paul-ospital-propone-castigar-el-stalking-hasta-con-2-anos-de-prision\/#primaryimage\",\"url\":\"https:\/\/www.nexoinformativo.mx\/wp-content\/uploads\/2025\/01\/0b6e5487-6f54-49cf-919f-6b4ee139b899-e1738007296268.jpg\",\"contentUrl\":\"https:\/\/www.nexoinformativo.mx\/wp-content\/uploads\/2025\/01\/0b6e5487-6f54-49cf-919f-6b4ee139b899-e1738007296268.jpg\",\"width\":492,\"height\":659},{\"@type\":\"BreadcrumbList\",\"@id\":\"https:\/\/www.nexoinformativo.mx\/index.php\/2025\/01\/27\/paul-ospital-propone-castigar-el-stalking-hasta-con-2-anos-de-prision\/#breadcrumb\",\"itemListElement\":[{\"@type\":\"ListItem\",\"position\":1,\"name\":\"Inicio\",\"item\":\"https:\/\/www.nexoinformativo.mx\/\"},{\"@type\":\"ListItem\",\"position\":2,\"name\":\"Paul Ospital propone castigar el stalking hasta con 2 a\u00f1os de prisi\u00f3n\"}]},{\"@type\":\"WebSite\",\"@id\":\"https:\/\/www.nexoinformativo.mx\/#website\",\"url\":\"https:\/\/www.nexoinformativo.mx\/\",\"name\":\"Nexo Informativo Santiago de Quer\u00e9taro\",\"description\":\"Explora NexoInformativo y convi\u00e9rtete en parte de una comunidad que valora el conocimiento y la verdad. Tu nexoinformativo es tu puente hacia una comprensi\u00f3n m\u00e1s profunda del mundo que te rodea.\",\"publisher\":{\"@id\":\"https:\/\/www.nexoinformativo.mx\/#organization\"},\"potentialAction\":[{\"@type\":\"SearchAction\",\"target\":{\"@type\":\"EntryPoint\",\"urlTemplate\":\"https:\/\/www.nexoinformativo.mx\/?s={search_term_string}\"},\"query-input\":{\"@type\":\"PropertyValueSpecification\",\"valueRequired\":true,\"valueName\":\"search_term_string\"}}],\"inLanguage\":\"es\"},{\"@type\":\"Organization\",\"@id\":\"https:\/\/www.nexoinformativo.mx\/#organization\",\"name\":\"Nexo Informativo Santiago de Quer\u00e9taro\",\"url\":\"https:\/\/www.nexoinformativo.mx\/\",\"logo\":{\"@type\":\"ImageObject\",\"inLanguage\":\"es\",\"@id\":\"https:\/\/www.nexoinformativo.mx\/#\/schema\/logo\/image\/\",\"url\":\"https:\/\/www.nexoinformativo.mx\/wp-content\/uploads\/2024\/07\/nexoi-trasparente-2.png\",\"contentUrl\":\"https:\/\/www.nexoinformativo.mx\/wp-content\/uploads\/2024\/07\/nexoi-trasparente-2.png\",\"width\":816,\"height\":339,\"caption\":\"Nexo Informativo Santiago de Quer\u00e9taro\"},\"image\":{\"@id\":\"https:\/\/www.nexoinformativo.mx\/#\/schema\/logo\/image\/\"},\"sameAs\":[\"https:\/\/www.facebook.com\/people\/Nexo-Informativo\/61564066885511\/\"]},{\"@type\":\"Person\",\"@id\":\"https:\/\/www.nexoinformativo.mx\/#\/schema\/person\/7749d380ba08c8ca00d7bc76fd907b7d\",\"name\":\"Nexo Informativo\",\"image\":{\"@type\":\"ImageObject\",\"inLanguage\":\"es\",\"@id\":\"https:\/\/www.nexoinformativo.mx\/#\/schema\/person\/image\/\",\"url\":\"https:\/\/secure.gravatar.com\/avatar\/dde2928154642a13d95f87ddf1ea9718fe2b46760a005c53e41ff5ad610704e6?s=96&d=mm&r=g\",\"contentUrl\":\"https:\/\/secure.gravatar.com\/avatar\/dde2928154642a13d95f87ddf1ea9718fe2b46760a005c53e41ff5ad610704e6?s=96&d=mm&r=g\",\"caption\":\"Nexo Informativo\"},\"url\":\"https:\/\/www.nexoinformativo.mx\/index.php\/author\/edicion\/\"}]}<\/script>\n<!-- \/ Yoast SEO plugin. -->","yoast_head_json":{"title":"Paul Ospital propone castigar el stalking hasta con 2 a\u00f1os de prisi\u00f3n | Nexo Informativo Santiago de Quer\u00e9taro","description":"Paul Ospital propone castigar el stalking hasta con 2 a\u00f1os de prisi\u00f3n","robots":{"index":"index","follow":"follow","max-snippet":"max-snippet:-1","max-image-preview":"max-image-preview:large","max-video-preview":"max-video-preview:-1"},"canonical":"https:\/\/www.nexoinformativo.mx\/index.php\/2025\/01\/27\/paul-ospital-propone-castigar-el-stalking-hasta-con-2-anos-de-prision\/","og_locale":"es_MX","og_type":"article","og_title":"Paul Ospital propone castigar el stalking hasta con 2 a\u00f1os de prisi\u00f3n | Nexo Informativo Santiago de Quer\u00e9taro","og_description":"Paul Ospital propone castigar el stalking hasta con 2 a\u00f1os de prisi\u00f3n","og_url":"https:\/\/www.nexoinformativo.mx\/index.php\/2025\/01\/27\/paul-ospital-propone-castigar-el-stalking-hasta-con-2-anos-de-prision\/","og_site_name":"Nexo Informativo Santiago de Quer\u00e9taro","article_publisher":"https:\/\/www.facebook.com\/people\/Nexo-Informativo\/61564066885511\/","article_published_time":"2025-01-27T17:00:42+00:00","article_modified_time":"2025-01-27T19:49:22+00:00","og_image":[{"width":492,"height":659,"url":"https:\/\/www.nexoinformativo.mx\/wp-content\/uploads\/2025\/01\/0b6e5487-6f54-49cf-919f-6b4ee139b899-e1738007296268.jpg","type":"image\/jpeg"}],"author":"Nexo Informativo","twitter_card":"summary_large_image","twitter_misc":{"Escrito por":"Nexo Informativo","Tiempo de lectura":"2 minutos"},"schema":{"@context":"https:\/\/schema.org","@graph":[{"@type":"Article","@id":"https:\/\/www.nexoinformativo.mx\/index.php\/2025\/01\/27\/paul-ospital-propone-castigar-el-stalking-hasta-con-2-anos-de-prision\/#article","isPartOf":{"@id":"https:\/\/www.nexoinformativo.mx\/index.php\/2025\/01\/27\/paul-ospital-propone-castigar-el-stalking-hasta-con-2-anos-de-prision\/"},"author":{"name":"Nexo Informativo","@id":"https:\/\/www.nexoinformativo.mx\/#\/schema\/person\/7749d380ba08c8ca00d7bc76fd907b7d"},"headline":"Paul Ospital propone castigar el stalking hasta con 2 a\u00f1os de prisi\u00f3n","datePublished":"2025-01-27T17:00:42+00:00","dateModified":"2025-01-27T19:49:22+00:00","mainEntityOfPage":{"@id":"https:\/\/www.nexoinformativo.mx\/index.php\/2025\/01\/27\/paul-ospital-propone-castigar-el-stalking-hasta-con-2-anos-de-prision\/"},"wordCount":258,"commentCount":0,"publisher":{"@id":"https:\/\/www.nexoinformativo.mx\/#organization"},"image":{"@id":"https:\/\/www.nexoinformativo.mx\/index.php\/2025\/01\/27\/paul-ospital-propone-castigar-el-stalking-hasta-con-2-anos-de-prision\/#primaryimage"},"thumbnailUrl":"https:\/\/www.nexoinformativo.mx\/wp-content\/uploads\/2025\/01\/0b6e5487-6f54-49cf-919f-6b4ee139b899-e1738007296268.jpg","keywords":["Acecho","Quer\u00e9taro","Seguridad","Stalking"],"articleSection":["Estado","Pol\u00edtica","\u00daltima Hora"],"inLanguage":"es","potentialAction":[{"@type":"CommentAction","name":"Comment","target":["https:\/\/www.nexoinformativo.mx\/index.php\/2025\/01\/27\/paul-ospital-propone-castigar-el-stalking-hasta-con-2-anos-de-prision\/#respond"]}]},{"@type":"WebPage","@id":"https:\/\/www.nexoinformativo.mx\/index.php\/2025\/01\/27\/paul-ospital-propone-castigar-el-stalking-hasta-con-2-anos-de-prision\/","url":"https:\/\/www.nexoinformativo.mx\/index.php\/2025\/01\/27\/paul-ospital-propone-castigar-el-stalking-hasta-con-2-anos-de-prision\/","name":"Paul Ospital propone castigar el stalking hasta con 2 a\u00f1os de prisi\u00f3n | Nexo Informativo Santiago de Quer\u00e9taro","isPartOf":{"@id":"https:\/\/www.nexoinformativo.mx\/#website"},"primaryImageOfPage":{"@id":"https:\/\/www.nexoinformativo.mx\/index.php\/2025\/01\/27\/paul-ospital-propone-castigar-el-stalking-hasta-con-2-anos-de-prision\/#primaryimage"},"image":{"@id":"https:\/\/www.nexoinformativo.mx\/index.php\/2025\/01\/27\/paul-ospital-propone-castigar-el-stalking-hasta-con-2-anos-de-prision\/#primaryimage"},"thumbnailUrl":"https:\/\/www.nexoinformativo.mx\/wp-content\/uploads\/2025\/01\/0b6e5487-6f54-49cf-919f-6b4ee139b899-e1738007296268.jpg","datePublished":"2025-01-27T17:00:42+00:00","dateModified":"2025-01-27T19:49:22+00:00","description":"Paul Ospital propone castigar el stalking hasta con 2 a\u00f1os de prisi\u00f3n","breadcrumb":{"@id":"https:\/\/www.nexoinformativo.mx\/index.php\/2025\/01\/27\/paul-ospital-propone-castigar-el-stalking-hasta-con-2-anos-de-prision\/#breadcrumb"},"inLanguage":"es","potentialAction":[{"@type":"ReadAction","target":["https:\/\/www.nexoinformativo.mx\/index.php\/2025\/01\/27\/paul-ospital-propone-castigar-el-stalking-hasta-con-2-anos-de-prision\/"]}]},{"@type":"ImageObject","inLanguage":"es","@id":"https:\/\/www.nexoinformativo.mx\/index.php\/2025\/01\/27\/paul-ospital-propone-castigar-el-stalking-hasta-con-2-anos-de-prision\/#primaryimage","url":"https:\/\/www.nexoinformativo.mx\/wp-content\/uploads\/2025\/01\/0b6e5487-6f54-49cf-919f-6b4ee139b899-e1738007296268.jpg","contentUrl":"https:\/\/www.nexoinformativo.mx\/wp-content\/uploads\/2025\/01\/0b6e5487-6f54-49cf-919f-6b4ee139b899-e1738007296268.jpg","width":492,"height":659},{"@type":"BreadcrumbList","@id":"https:\/\/www.nexoinformativo.mx\/index.php\/2025\/01\/27\/paul-ospital-propone-castigar-el-stalking-hasta-con-2-anos-de-prision\/#breadcrumb","itemListElement":[{"@type":"ListItem","position":1,"name":"Inicio","item":"https:\/\/www.nexoinformativo.mx\/"},{"@type":"ListItem","position":2,"name":"Paul Ospital propone castigar el stalking hasta con 2 a\u00f1os de prisi\u00f3n"}]},{"@type":"WebSite","@id":"https:\/\/www.nexoinformativo.mx\/#website","url":"https:\/\/www.nexoinformativo.mx\/","name":"Nexo Informativo Santiago de Quer\u00e9taro","description":"Explora NexoInformativo y convi\u00e9rtete en parte de una comunidad que valora el conocimiento y la verdad. Tu nexoinformativo es tu puente hacia una comprensi\u00f3n m\u00e1s profunda del mundo que te rodea.","publisher":{"@id":"https:\/\/www.nexoinformativo.mx\/#organization"},"potentialAction":[{"@type":"SearchAction","target":{"@type":"EntryPoint","urlTemplate":"https:\/\/www.nexoinformativo.mx\/?s={search_term_string}"},"query-input":{"@type":"PropertyValueSpecification","valueRequired":true,"valueName":"search_term_string"}}],"inLanguage":"es"},{"@type":"Organization","@id":"https:\/\/www.nexoinformativo.mx\/#organization","name":"Nexo Informativo Santiago de Quer\u00e9taro","url":"https:\/\/www.nexoinformativo.mx\/","logo":{"@type":"ImageObject","inLanguage":"es","@id":"https:\/\/www.nexoinformativo.mx\/#\/schema\/logo\/image\/","url":"https:\/\/www.nexoinformativo.mx\/wp-content\/uploads\/2024\/07\/nexoi-trasparente-2.png","contentUrl":"https:\/\/www.nexoinformativo.mx\/wp-content\/uploads\/2024\/07\/nexoi-trasparente-2.png","width":816,"height":339,"caption":"Nexo Informativo Santiago de Quer\u00e9taro"},"image":{"@id":"https:\/\/www.nexoinformativo.mx\/#\/schema\/logo\/image\/"},"sameAs":["https:\/\/www.facebook.com\/people\/Nexo-Informativo\/61564066885511\/"]},{"@type":"Person","@id":"https:\/\/www.nexoinformativo.mx\/#\/schema\/person\/7749d380ba08c8ca00d7bc76fd907b7d","name":"Nexo Informativo","image":{"@type":"ImageObject","inLanguage":"es","@id":"https:\/\/www.nexoinformativo.mx\/#\/schema\/person\/image\/","url":"https:\/\/secure.gravatar.com\/avatar\/dde2928154642a13d95f87ddf1ea9718fe2b46760a005c53e41ff5ad610704e6?s=96&d=mm&r=g","contentUrl":"https:\/\/secure.gravatar.com\/avatar\/dde2928154642a13d95f87ddf1ea9718fe2b46760a005c53e41ff5ad610704e6?s=96&d=mm&r=g","caption":"Nexo Informativo"},"url":"https:\/\/www.nexoinformativo.mx\/index.php\/author\/edicion\/"}]}},"_links":{"self":[{"href":"https:\/\/www.nexoinformativo.mx\/index.php\/wp-json\/wp\/v2\/posts\/10697","targetHints":{"allow":["GET"]}}],"collection":[{"href":"https:\/\/www.nexoinformativo.mx\/index.php\/wp-json\/wp\/v2\/posts"}],"about":[{"href":"https:\/\/www.nexoinformativo.mx\/index.php\/wp-json\/wp\/v2\/types\/post"}],"author":[{"embeddable":true,"href":"https:\/\/www.nexoinformativo.mx\/index.php\/wp-json\/wp\/v2\/users\/3"}],"replies":[{"embeddable":true,"href":"https:\/\/www.nexoinformativo.mx\/index.php\/wp-json\/wp\/v2\/comments?post=10697"}],"version-history":[{"count":4,"href":"https:\/\/www.nexoinformativo.mx\/index.php\/wp-json\/wp\/v2\/posts\/10697\/revisions"}],"predecessor-version":[{"id":10701,"href":"https:\/\/www.nexoinformativo.mx\/index.php\/wp-json\/wp\/v2\/posts\/10697\/revisions\/10701"}],"wp:featuredmedia":[{"embeddable":true,"href":"https:\/\/www.nexoinformativo.mx\/index.php\/wp-json\/wp\/v2\/media\/10698"}],"wp:attachment":[{"href":"https:\/\/www.nexoinformativo.mx\/index.php\/wp-json\/wp\/v2\/media?parent=10697"}],"wp:term":[{"taxonomy":"category","embeddable":true,"href":"https:\/\/www.nexoinformativo.mx\/index.php\/wp-json\/wp\/v2\/categories?post=10697"},{"taxonomy":"post_tag","embeddable":true,"href":"https:\/\/www.nexoinformativo.mx\/index.php\/wp-json\/wp\/v2\/tags?post=10697"}],"curies":[{"name":"wp","href":"https:\/\/api.w.org\/{rel}","templated":true}]}}