{"id":10709,"date":"2025-01-27T15:00:05","date_gmt":"2025-01-27T21:00:05","guid":{"rendered":"https:\/\/www.nexoinformativo.mx\/?p=10709"},"modified":"2025-01-27T21:49:33","modified_gmt":"2025-01-28T03:49:33","slug":"san-juan-del-rio-celebra-la-tradicion-con-el-concurso-nacional-del-tamal-y-atole","status":"publish","type":"post","link":"https:\/\/www.nexoinformativo.mx\/index.php\/2025\/01\/27\/san-juan-del-rio-celebra-la-tradicion-con-el-concurso-nacional-del-tamal-y-atole\/","title":{"rendered":"San Juan del R\u00edo celebra la tradici\u00f3n con el Concurso Nacional del Tamal y Atole"},"content":{"rendered":"<p style=\"text-align: justify;\" data-sourcepos=\"11:1-11:352\">El municipio de San Juan del R\u00edo se convirti\u00f3 en el epicentro de la gastronom\u00eda mexicana al celebrar la sexta edici\u00f3n del <strong>Concurso Nacional del Tamal y el Atole.<\/strong> Este evento, organizado por el gobierno municipal, reuni\u00f3 a m\u00e1s de 54 expositores que presentaron una amplia variedad de sabores y preparaciones tradicionales.<\/p>\n<p>&nbsp;<\/p>\n<p style=\"text-align: justify;\" data-sourcepos=\"13:1-13:351\">Con el objetivo de preservar y promover las tradiciones culinarias mexicanas, el concurso reconoci\u00f3 la creatividad y el talento de los participantes, quienes presentaron m\u00e1s de 70 sabores de tamales y atoles.<\/p>\n<\/p>\n<p>&nbsp;<\/p>\n<p style=\"text-align: justify;\" data-sourcepos=\"13:1-13:351\">Un jurado experto, integrado por chefs, expertos en gastronom\u00eda y personalidades reconocidas, tuvo la dif\u00edcil tarea de elegir a los ganadores.<\/p>\n<p>&nbsp;<\/p>\n<p style=\"text-align: justify;\" data-sourcepos=\"15:1-15:406\">En esta edici\u00f3n, el premio al <strong>Mejor Tamal Dulce<\/strong> fue para Eduardo Aldair Navarro, quien sorprendi\u00f3 al jurado con su original creaci\u00f3n de masa saborizada con bugambilia y betabel, rellena de frutos rojos, tocino, chipotle y queso de cabra.<\/p>\n<p>&nbsp;<\/p>\n<p style=\"text-align: justify;\" data-sourcepos=\"15:1-15:406\">Por su parte, Rosalba Col\u00edn se llev\u00f3 el premio al <strong>Mejor Tamal Salado<\/strong> con su propuesta de tamal elaborado con acelgas, zanahoria y pollo en salsa verde.<\/p>\n<p>&nbsp;<\/p>\n<p style=\"text-align: justify;\" data-sourcepos=\"17:1-17:273\"><strong>El Mejor Atole<\/strong> fue para Martha Molina, quien deleit\u00f3 al jurado con su bebida a base de almendras y un toque de Kahl\u00faa. Adem\u00e1s, se otorgaron menciones honor\u00edficas a Alicia B\u00e1rcenas, Mar\u00eda Monroy y Galilea Monserrat G\u00f3mez por sus creativas propuestas.<\/p>\n<p>&nbsp;<\/p>\n<p style=\"text-align: justify;\" data-sourcepos=\"19:1-19:294\">La secretaria de Desarrollo Integral y Econ\u00f3mico, Mar\u00eda Guadalupe G\u00f3mez, destac\u00f3 la importancia de este evento para fortalecer las tradiciones y la identidad cultural de San Juan del R\u00edo. <strong>&#8220;Este concurso es una muestra del orgullo que sentimos por nuestra gastronom\u00eda y nuestras ra\u00edces&#8221;<\/strong>, afirm\u00f3.<\/p>\n<p>&nbsp;<\/p>\n<p style=\"text-align: center;\" data-sourcepos=\"19:1-19:294\"><em><strong>\u00a1Informaci\u00f3n que transforma!<\/strong><\/em><\/p>\n","protected":false},"excerpt":{"rendered":"<p>El municipio de San Juan del R\u00edo se convirti\u00f3 en el epicentro de la gastronom\u00eda mexicana al celebrar la sexta edici\u00f3n del Concurso Nacional del Tamal y el Atole. Este evento, organizado por el gobierno municipal, reuni\u00f3 a m\u00e1s de 54 expositores que presentaron una amplia variedad de sabores y preparaciones tradicionales.<\/p>\n","protected":false},"author":3,"featured_media":10710,"comment_status":"open","ping_status":"open","sticky":false,"template":"","format":"standard","meta":{"footnotes":""},"categories":[65,58],"tags":[3253,424,382,1288],"class_list":["post-10709","post","type-post","status-publish","format-standard","has-post-thumbnail","hentry","category-municipios","category-ultima-hora","tag-concursodetamales","tag-gastronomiamexicana","tag-sanjuandelrio","tag-tradicionesmexicanas"],"yoast_head":"<!-- This site is optimized with the Yoast SEO plugin v25.0 - https:\/\/yoast.com\/wordpress\/plugins\/seo\/ -->\n<title>San Juan del R\u00edo celebra la tradici\u00f3n con el Concurso Nacional del Tamal y Atole | Nexo Informativo Santiago de Quer\u00e9taro<\/title>\n<meta name=\"description\" content=\"San Juan del R\u00edo celebra la tradici\u00f3n con el Concurso Nacional del tamal y atole\" \/>\n<meta name=\"robots\" content=\"index, follow, max-snippet:-1, max-image-preview:large, max-video-preview:-1\" \/>\n<link rel=\"canonical\" href=\"https:\/\/www.nexoinformativo.mx\/index.php\/2025\/01\/27\/san-juan-del-rio-celebra-la-tradicion-con-el-concurso-nacional-del-tamal-y-atole\/\" \/>\n<meta property=\"og:locale\" content=\"es_MX\" \/>\n<meta property=\"og:type\" content=\"article\" \/>\n<meta property=\"og:title\" content=\"San Juan del R\u00edo celebra la tradici\u00f3n con el Concurso Nacional del Tamal y Atole | Nexo Informativo Santiago de Quer\u00e9taro\" \/>\n<meta property=\"og:description\" content=\"San Juan del R\u00edo celebra la tradici\u00f3n con el Concurso Nacional del tamal y atole\" \/>\n<meta property=\"og:url\" content=\"https:\/\/www.nexoinformativo.mx\/index.php\/2025\/01\/27\/san-juan-del-rio-celebra-la-tradicion-con-el-concurso-nacional-del-tamal-y-atole\/\" \/>\n<meta property=\"og:site_name\" content=\"Nexo Informativo Santiago de Quer\u00e9taro\" \/>\n<meta property=\"article:publisher\" content=\"https:\/\/www.facebook.com\/people\/Nexo-Informativo\/61564066885511\/\" \/>\n<meta property=\"article:published_time\" content=\"2025-01-27T21:00:05+00:00\" \/>\n<meta property=\"article:modified_time\" content=\"2025-01-28T03:49:33+00:00\" \/>\n<meta property=\"og:image\" content=\"https:\/\/www.nexoinformativo.mx\/wp-content\/uploads\/2025\/01\/PHOTO-2025-01-27-20-05-08-e1738035607757.jpg\" \/>\n\t<meta property=\"og:image:width\" content=\"800\" \/>\n\t<meta property=\"og:image:height\" content=\"495\" \/>\n\t<meta property=\"og:image:type\" content=\"image\/jpeg\" \/>\n<meta name=\"author\" content=\"Nexo Informativo\" \/>\n<meta name=\"twitter:card\" content=\"summary_large_image\" \/>\n<meta name=\"twitter:label1\" content=\"Escrito por\" \/>\n\t<meta name=\"twitter:data1\" content=\"Nexo Informativo\" \/>\n\t<meta name=\"twitter:label2\" content=\"Tiempo de lectura\" \/>\n\t<meta name=\"twitter:data2\" content=\"2 minutos\" \/>\n<script type=\"application\/ld+json\" class=\"yoast-schema-graph\">{\"@context\":\"https:\/\/schema.org\",\"@graph\":[{\"@type\":\"Article\",\"@id\":\"https:\/\/www.nexoinformativo.mx\/index.php\/2025\/01\/27\/san-juan-del-rio-celebra-la-tradicion-con-el-concurso-nacional-del-tamal-y-atole\/#article\",\"isPartOf\":{\"@id\":\"https:\/\/www.nexoinformativo.mx\/index.php\/2025\/01\/27\/san-juan-del-rio-celebra-la-tradicion-con-el-concurso-nacional-del-tamal-y-atole\/\"},\"author\":{\"name\":\"Nexo Informativo\",\"@id\":\"https:\/\/www.nexoinformativo.mx\/#\/schema\/person\/7749d380ba08c8ca00d7bc76fd907b7d\"},\"headline\":\"San Juan del R\u00edo celebra la tradici\u00f3n con el Concurso Nacional del Tamal y Atole\",\"datePublished\":\"2025-01-27T21:00:05+00:00\",\"dateModified\":\"2025-01-28T03:49:33+00:00\",\"mainEntityOfPage\":{\"@id\":\"https:\/\/www.nexoinformativo.mx\/index.php\/2025\/01\/27\/san-juan-del-rio-celebra-la-tradicion-con-el-concurso-nacional-del-tamal-y-atole\/\"},\"wordCount\":305,\"commentCount\":0,\"publisher\":{\"@id\":\"https:\/\/www.nexoinformativo.mx\/#organization\"},\"image\":{\"@id\":\"https:\/\/www.nexoinformativo.mx\/index.php\/2025\/01\/27\/san-juan-del-rio-celebra-la-tradicion-con-el-concurso-nacional-del-tamal-y-atole\/#primaryimage\"},\"thumbnailUrl\":\"https:\/\/www.nexoinformativo.mx\/wp-content\/uploads\/2025\/01\/PHOTO-2025-01-27-20-05-08-e1738035607757.jpg\",\"keywords\":[\"ConcursoDeTamales\",\"Gastronom\u00edaMexicana\",\"SanJuanDelR\u00edo\",\"TradicionesMexicanas\"],\"articleSection\":[\"Municipios\",\"\u00daltima Hora\"],\"inLanguage\":\"es\",\"potentialAction\":[{\"@type\":\"CommentAction\",\"name\":\"Comment\",\"target\":[\"https:\/\/www.nexoinformativo.mx\/index.php\/2025\/01\/27\/san-juan-del-rio-celebra-la-tradicion-con-el-concurso-nacional-del-tamal-y-atole\/#respond\"]}]},{\"@type\":\"WebPage\",\"@id\":\"https:\/\/www.nexoinformativo.mx\/index.php\/2025\/01\/27\/san-juan-del-rio-celebra-la-tradicion-con-el-concurso-nacional-del-tamal-y-atole\/\",\"url\":\"https:\/\/www.nexoinformativo.mx\/index.php\/2025\/01\/27\/san-juan-del-rio-celebra-la-tradicion-con-el-concurso-nacional-del-tamal-y-atole\/\",\"name\":\"San Juan del R\u00edo celebra la tradici\u00f3n con el Concurso Nacional del Tamal y Atole | Nexo Informativo Santiago de Quer\u00e9taro\",\"isPartOf\":{\"@id\":\"https:\/\/www.nexoinformativo.mx\/#website\"},\"primaryImageOfPage\":{\"@id\":\"https:\/\/www.nexoinformativo.mx\/index.php\/2025\/01\/27\/san-juan-del-rio-celebra-la-tradicion-con-el-concurso-nacional-del-tamal-y-atole\/#primaryimage\"},\"image\":{\"@id\":\"https:\/\/www.nexoinformativo.mx\/index.php\/2025\/01\/27\/san-juan-del-rio-celebra-la-tradicion-con-el-concurso-nacional-del-tamal-y-atole\/#primaryimage\"},\"thumbnailUrl\":\"https:\/\/www.nexoinformativo.mx\/wp-content\/uploads\/2025\/01\/PHOTO-2025-01-27-20-05-08-e1738035607757.jpg\",\"datePublished\":\"2025-01-27T21:00:05+00:00\",\"dateModified\":\"2025-01-28T03:49:33+00:00\",\"description\":\"San Juan del R\u00edo celebra la tradici\u00f3n con el Concurso Nacional del tamal y atole\",\"breadcrumb\":{\"@id\":\"https:\/\/www.nexoinformativo.mx\/index.php\/2025\/01\/27\/san-juan-del-rio-celebra-la-tradicion-con-el-concurso-nacional-del-tamal-y-atole\/#breadcrumb\"},\"inLanguage\":\"es\",\"potentialAction\":[{\"@type\":\"ReadAction\",\"target\":[\"https:\/\/www.nexoinformativo.mx\/index.php\/2025\/01\/27\/san-juan-del-rio-celebra-la-tradicion-con-el-concurso-nacional-del-tamal-y-atole\/\"]}]},{\"@type\":\"ImageObject\",\"inLanguage\":\"es\",\"@id\":\"https:\/\/www.nexoinformativo.mx\/index.php\/2025\/01\/27\/san-juan-del-rio-celebra-la-tradicion-con-el-concurso-nacional-del-tamal-y-atole\/#primaryimage\",\"url\":\"https:\/\/www.nexoinformativo.mx\/wp-content\/uploads\/2025\/01\/PHOTO-2025-01-27-20-05-08-e1738035607757.jpg\",\"contentUrl\":\"https:\/\/www.nexoinformativo.mx\/wp-content\/uploads\/2025\/01\/PHOTO-2025-01-27-20-05-08-e1738035607757.jpg\",\"width\":800,\"height\":495},{\"@type\":\"BreadcrumbList\",\"@id\":\"https:\/\/www.nexoinformativo.mx\/index.php\/2025\/01\/27\/san-juan-del-rio-celebra-la-tradicion-con-el-concurso-nacional-del-tamal-y-atole\/#breadcrumb\",\"itemListElement\":[{\"@type\":\"ListItem\",\"position\":1,\"name\":\"Inicio\",\"item\":\"https:\/\/www.nexoinformativo.mx\/\"},{\"@type\":\"ListItem\",\"position\":2,\"name\":\"San Juan del R\u00edo celebra la tradici\u00f3n con el Concurso Nacional del Tamal y Atole\"}]},{\"@type\":\"WebSite\",\"@id\":\"https:\/\/www.nexoinformativo.mx\/#website\",\"url\":\"https:\/\/www.nexoinformativo.mx\/\",\"name\":\"Nexo Informativo Santiago de Quer\u00e9taro\",\"description\":\"Explora NexoInformativo y convi\u00e9rtete en parte de una comunidad que valora el conocimiento y la verdad. Tu nexoinformativo es tu puente hacia una comprensi\u00f3n m\u00e1s profunda del mundo que te rodea.\",\"publisher\":{\"@id\":\"https:\/\/www.nexoinformativo.mx\/#organization\"},\"potentialAction\":[{\"@type\":\"SearchAction\",\"target\":{\"@type\":\"EntryPoint\",\"urlTemplate\":\"https:\/\/www.nexoinformativo.mx\/?s={search_term_string}\"},\"query-input\":{\"@type\":\"PropertyValueSpecification\",\"valueRequired\":true,\"valueName\":\"search_term_string\"}}],\"inLanguage\":\"es\"},{\"@type\":\"Organization\",\"@id\":\"https:\/\/www.nexoinformativo.mx\/#organization\",\"name\":\"Nexo Informativo Santiago de Quer\u00e9taro\",\"url\":\"https:\/\/www.nexoinformativo.mx\/\",\"logo\":{\"@type\":\"ImageObject\",\"inLanguage\":\"es\",\"@id\":\"https:\/\/www.nexoinformativo.mx\/#\/schema\/logo\/image\/\",\"url\":\"https:\/\/www.nexoinformativo.mx\/wp-content\/uploads\/2024\/07\/nexoi-trasparente-2.png\",\"contentUrl\":\"https:\/\/www.nexoinformativo.mx\/wp-content\/uploads\/2024\/07\/nexoi-trasparente-2.png\",\"width\":816,\"height\":339,\"caption\":\"Nexo Informativo Santiago de Quer\u00e9taro\"},\"image\":{\"@id\":\"https:\/\/www.nexoinformativo.mx\/#\/schema\/logo\/image\/\"},\"sameAs\":[\"https:\/\/www.facebook.com\/people\/Nexo-Informativo\/61564066885511\/\"]},{\"@type\":\"Person\",\"@id\":\"https:\/\/www.nexoinformativo.mx\/#\/schema\/person\/7749d380ba08c8ca00d7bc76fd907b7d\",\"name\":\"Nexo Informativo\",\"image\":{\"@type\":\"ImageObject\",\"inLanguage\":\"es\",\"@id\":\"https:\/\/www.nexoinformativo.mx\/#\/schema\/person\/image\/\",\"url\":\"https:\/\/secure.gravatar.com\/avatar\/dde2928154642a13d95f87ddf1ea9718fe2b46760a005c53e41ff5ad610704e6?s=96&d=mm&r=g\",\"contentUrl\":\"https:\/\/secure.gravatar.com\/avatar\/dde2928154642a13d95f87ddf1ea9718fe2b46760a005c53e41ff5ad610704e6?s=96&d=mm&r=g\",\"caption\":\"Nexo Informativo\"},\"url\":\"https:\/\/www.nexoinformativo.mx\/index.php\/author\/edicion\/\"}]}<\/script>\n<!-- \/ Yoast SEO plugin. -->","yoast_head_json":{"title":"San Juan del R\u00edo celebra la tradici\u00f3n con el Concurso Nacional del Tamal y Atole | Nexo Informativo Santiago de Quer\u00e9taro","description":"San Juan del R\u00edo celebra la tradici\u00f3n con el Concurso Nacional del tamal y atole","robots":{"index":"index","follow":"follow","max-snippet":"max-snippet:-1","max-image-preview":"max-image-preview:large","max-video-preview":"max-video-preview:-1"},"canonical":"https:\/\/www.nexoinformativo.mx\/index.php\/2025\/01\/27\/san-juan-del-rio-celebra-la-tradicion-con-el-concurso-nacional-del-tamal-y-atole\/","og_locale":"es_MX","og_type":"article","og_title":"San Juan del R\u00edo celebra la tradici\u00f3n con el Concurso Nacional del Tamal y Atole | Nexo Informativo Santiago de Quer\u00e9taro","og_description":"San Juan del R\u00edo celebra la tradici\u00f3n con el Concurso Nacional del tamal y atole","og_url":"https:\/\/www.nexoinformativo.mx\/index.php\/2025\/01\/27\/san-juan-del-rio-celebra-la-tradicion-con-el-concurso-nacional-del-tamal-y-atole\/","og_site_name":"Nexo Informativo Santiago de Quer\u00e9taro","article_publisher":"https:\/\/www.facebook.com\/people\/Nexo-Informativo\/61564066885511\/","article_published_time":"2025-01-27T21:00:05+00:00","article_modified_time":"2025-01-28T03:49:33+00:00","og_image":[{"width":800,"height":495,"url":"https:\/\/www.nexoinformativo.mx\/wp-content\/uploads\/2025\/01\/PHOTO-2025-01-27-20-05-08-e1738035607757.jpg","type":"image\/jpeg"}],"author":"Nexo Informativo","twitter_card":"summary_large_image","twitter_misc":{"Escrito por":"Nexo Informativo","Tiempo de lectura":"2 minutos"},"schema":{"@context":"https:\/\/schema.org","@graph":[{"@type":"Article","@id":"https:\/\/www.nexoinformativo.mx\/index.php\/2025\/01\/27\/san-juan-del-rio-celebra-la-tradicion-con-el-concurso-nacional-del-tamal-y-atole\/#article","isPartOf":{"@id":"https:\/\/www.nexoinformativo.mx\/index.php\/2025\/01\/27\/san-juan-del-rio-celebra-la-tradicion-con-el-concurso-nacional-del-tamal-y-atole\/"},"author":{"name":"Nexo Informativo","@id":"https:\/\/www.nexoinformativo.mx\/#\/schema\/person\/7749d380ba08c8ca00d7bc76fd907b7d"},"headline":"San Juan del R\u00edo celebra la tradici\u00f3n con el Concurso Nacional del Tamal y Atole","datePublished":"2025-01-27T21:00:05+00:00","dateModified":"2025-01-28T03:49:33+00:00","mainEntityOfPage":{"@id":"https:\/\/www.nexoinformativo.mx\/index.php\/2025\/01\/27\/san-juan-del-rio-celebra-la-tradicion-con-el-concurso-nacional-del-tamal-y-atole\/"},"wordCount":305,"commentCount":0,"publisher":{"@id":"https:\/\/www.nexoinformativo.mx\/#organization"},"image":{"@id":"https:\/\/www.nexoinformativo.mx\/index.php\/2025\/01\/27\/san-juan-del-rio-celebra-la-tradicion-con-el-concurso-nacional-del-tamal-y-atole\/#primaryimage"},"thumbnailUrl":"https:\/\/www.nexoinformativo.mx\/wp-content\/uploads\/2025\/01\/PHOTO-2025-01-27-20-05-08-e1738035607757.jpg","keywords":["ConcursoDeTamales","Gastronom\u00edaMexicana","SanJuanDelR\u00edo","TradicionesMexicanas"],"articleSection":["Municipios","\u00daltima Hora"],"inLanguage":"es","potentialAction":[{"@type":"CommentAction","name":"Comment","target":["https:\/\/www.nexoinformativo.mx\/index.php\/2025\/01\/27\/san-juan-del-rio-celebra-la-tradicion-con-el-concurso-nacional-del-tamal-y-atole\/#respond"]}]},{"@type":"WebPage","@id":"https:\/\/www.nexoinformativo.mx\/index.php\/2025\/01\/27\/san-juan-del-rio-celebra-la-tradicion-con-el-concurso-nacional-del-tamal-y-atole\/","url":"https:\/\/www.nexoinformativo.mx\/index.php\/2025\/01\/27\/san-juan-del-rio-celebra-la-tradicion-con-el-concurso-nacional-del-tamal-y-atole\/","name":"San Juan del R\u00edo celebra la tradici\u00f3n con el Concurso Nacional del Tamal y Atole | Nexo Informativo Santiago de Quer\u00e9taro","isPartOf":{"@id":"https:\/\/www.nexoinformativo.mx\/#website"},"primaryImageOfPage":{"@id":"https:\/\/www.nexoinformativo.mx\/index.php\/2025\/01\/27\/san-juan-del-rio-celebra-la-tradicion-con-el-concurso-nacional-del-tamal-y-atole\/#primaryimage"},"image":{"@id":"https:\/\/www.nexoinformativo.mx\/index.php\/2025\/01\/27\/san-juan-del-rio-celebra-la-tradicion-con-el-concurso-nacional-del-tamal-y-atole\/#primaryimage"},"thumbnailUrl":"https:\/\/www.nexoinformativo.mx\/wp-content\/uploads\/2025\/01\/PHOTO-2025-01-27-20-05-08-e1738035607757.jpg","datePublished":"2025-01-27T21:00:05+00:00","dateModified":"2025-01-28T03:49:33+00:00","description":"San Juan del R\u00edo celebra la tradici\u00f3n con el Concurso Nacional del tamal y atole","breadcrumb":{"@id":"https:\/\/www.nexoinformativo.mx\/index.php\/2025\/01\/27\/san-juan-del-rio-celebra-la-tradicion-con-el-concurso-nacional-del-tamal-y-atole\/#breadcrumb"},"inLanguage":"es","potentialAction":[{"@type":"ReadAction","target":["https:\/\/www.nexoinformativo.mx\/index.php\/2025\/01\/27\/san-juan-del-rio-celebra-la-tradicion-con-el-concurso-nacional-del-tamal-y-atole\/"]}]},{"@type":"ImageObject","inLanguage":"es","@id":"https:\/\/www.nexoinformativo.mx\/index.php\/2025\/01\/27\/san-juan-del-rio-celebra-la-tradicion-con-el-concurso-nacional-del-tamal-y-atole\/#primaryimage","url":"https:\/\/www.nexoinformativo.mx\/wp-content\/uploads\/2025\/01\/PHOTO-2025-01-27-20-05-08-e1738035607757.jpg","contentUrl":"https:\/\/www.nexoinformativo.mx\/wp-content\/uploads\/2025\/01\/PHOTO-2025-01-27-20-05-08-e1738035607757.jpg","width":800,"height":495},{"@type":"BreadcrumbList","@id":"https:\/\/www.nexoinformativo.mx\/index.php\/2025\/01\/27\/san-juan-del-rio-celebra-la-tradicion-con-el-concurso-nacional-del-tamal-y-atole\/#breadcrumb","itemListElement":[{"@type":"ListItem","position":1,"name":"Inicio","item":"https:\/\/www.nexoinformativo.mx\/"},{"@type":"ListItem","position":2,"name":"San Juan del R\u00edo celebra la tradici\u00f3n con el Concurso Nacional del Tamal y Atole"}]},{"@type":"WebSite","@id":"https:\/\/www.nexoinformativo.mx\/#website","url":"https:\/\/www.nexoinformativo.mx\/","name":"Nexo Informativo Santiago de Quer\u00e9taro","description":"Explora NexoInformativo y convi\u00e9rtete en parte de una comunidad que valora el conocimiento y la verdad. Tu nexoinformativo es tu puente hacia una comprensi\u00f3n m\u00e1s profunda del mundo que te rodea.","publisher":{"@id":"https:\/\/www.nexoinformativo.mx\/#organization"},"potentialAction":[{"@type":"SearchAction","target":{"@type":"EntryPoint","urlTemplate":"https:\/\/www.nexoinformativo.mx\/?s={search_term_string}"},"query-input":{"@type":"PropertyValueSpecification","valueRequired":true,"valueName":"search_term_string"}}],"inLanguage":"es"},{"@type":"Organization","@id":"https:\/\/www.nexoinformativo.mx\/#organization","name":"Nexo Informativo Santiago de Quer\u00e9taro","url":"https:\/\/www.nexoinformativo.mx\/","logo":{"@type":"ImageObject","inLanguage":"es","@id":"https:\/\/www.nexoinformativo.mx\/#\/schema\/logo\/image\/","url":"https:\/\/www.nexoinformativo.mx\/wp-content\/uploads\/2024\/07\/nexoi-trasparente-2.png","contentUrl":"https:\/\/www.nexoinformativo.mx\/wp-content\/uploads\/2024\/07\/nexoi-trasparente-2.png","width":816,"height":339,"caption":"Nexo Informativo Santiago de Quer\u00e9taro"},"image":{"@id":"https:\/\/www.nexoinformativo.mx\/#\/schema\/logo\/image\/"},"sameAs":["https:\/\/www.facebook.com\/people\/Nexo-Informativo\/61564066885511\/"]},{"@type":"Person","@id":"https:\/\/www.nexoinformativo.mx\/#\/schema\/person\/7749d380ba08c8ca00d7bc76fd907b7d","name":"Nexo Informativo","image":{"@type":"ImageObject","inLanguage":"es","@id":"https:\/\/www.nexoinformativo.mx\/#\/schema\/person\/image\/","url":"https:\/\/secure.gravatar.com\/avatar\/dde2928154642a13d95f87ddf1ea9718fe2b46760a005c53e41ff5ad610704e6?s=96&d=mm&r=g","contentUrl":"https:\/\/secure.gravatar.com\/avatar\/dde2928154642a13d95f87ddf1ea9718fe2b46760a005c53e41ff5ad610704e6?s=96&d=mm&r=g","caption":"Nexo Informativo"},"url":"https:\/\/www.nexoinformativo.mx\/index.php\/author\/edicion\/"}]}},"_links":{"self":[{"href":"https:\/\/www.nexoinformativo.mx\/index.php\/wp-json\/wp\/v2\/posts\/10709","targetHints":{"allow":["GET"]}}],"collection":[{"href":"https:\/\/www.nexoinformativo.mx\/index.php\/wp-json\/wp\/v2\/posts"}],"about":[{"href":"https:\/\/www.nexoinformativo.mx\/index.php\/wp-json\/wp\/v2\/types\/post"}],"author":[{"embeddable":true,"href":"https:\/\/www.nexoinformativo.mx\/index.php\/wp-json\/wp\/v2\/users\/3"}],"replies":[{"embeddable":true,"href":"https:\/\/www.nexoinformativo.mx\/index.php\/wp-json\/wp\/v2\/comments?post=10709"}],"version-history":[{"count":5,"href":"https:\/\/www.nexoinformativo.mx\/index.php\/wp-json\/wp\/v2\/posts\/10709\/revisions"}],"predecessor-version":[{"id":10712,"href":"https:\/\/www.nexoinformativo.mx\/index.php\/wp-json\/wp\/v2\/posts\/10709\/revisions\/10712"}],"wp:featuredmedia":[{"embeddable":true,"href":"https:\/\/www.nexoinformativo.mx\/index.php\/wp-json\/wp\/v2\/media\/10710"}],"wp:attachment":[{"href":"https:\/\/www.nexoinformativo.mx\/index.php\/wp-json\/wp\/v2\/media?parent=10709"}],"wp:term":[{"taxonomy":"category","embeddable":true,"href":"https:\/\/www.nexoinformativo.mx\/index.php\/wp-json\/wp\/v2\/categories?post=10709"},{"taxonomy":"post_tag","embeddable":true,"href":"https:\/\/www.nexoinformativo.mx\/index.php\/wp-json\/wp\/v2\/tags?post=10709"}],"curies":[{"name":"wp","href":"https:\/\/api.w.org\/{rel}","templated":true}]}}