{"id":10717,"date":"2025-01-28T06:30:29","date_gmt":"2025-01-28T12:30:29","guid":{"rendered":"https:\/\/www.nexoinformativo.mx\/?p=10717"},"modified":"2025-01-28T11:05:07","modified_gmt":"2025-01-28T17:05:07","slug":"intento-de-robo-violento-a-camioneta-de-paqueteria-en-candiles","status":"publish","type":"post","link":"https:\/\/www.nexoinformativo.mx\/index.php\/2025\/01\/28\/intento-de-robo-violento-a-camioneta-de-paqueteria-en-candiles\/","title":{"rendered":"Intento de robo violento a camioneta de paqueter\u00eda en Candiles"},"content":{"rendered":"<p style=\"text-align: justify;\" data-sourcepos=\"11:1-11:262\">Un nuevo hecho violento se registr\u00f3 en el municipio de Corregidora, esta vez con un conductor de paqueter\u00eda como v\u00edctima. De acuerdo con reportes preliminares, el hombre fue atacado y lesionado durante un intento de robo de su veh\u00edculo.<\/p>\n<\/p>\n<p>&nbsp;<\/p>\n<p style=\"text-align: justify;\" data-sourcepos=\"13:1-13:361\">Los hechos ocurrieron sobre Avenida Candiles, cerca de su cruce con Chabacanos, cuando el conductor de la camioneta de la empresa &#8220;Fermexpack&#8221; fue interceptado por un grupo de sujetos a bordo de una camioneta negra.<\/p>\n<\/p>\n<p>&nbsp;<\/p>\n<p style=\"text-align: justify;\" data-sourcepos=\"13:1-13:361\">Los agresores habr\u00edan golpeado al conductor para despojarlo de la unidad, provocando que perdiera el control y se impactara contra la guarnici\u00f3n.<\/p>\n<\/p>\n<p>&nbsp;<\/p>\n<p style=\"text-align: justify;\" data-sourcepos=\"15:1-15:312\">Luego de cometer el ataque, los delincuentes huyeron del lugar con direcci\u00f3n a Paseo Constituyentes. Al sitio arribaron elementos de la Polic\u00eda Municipal, Protecci\u00f3n Civil y Bomberos de Corregidora, quienes brindaron los primeros auxilios al conductor y lo trasladaron a un hospital para recibir atenci\u00f3n m\u00e9dica.<\/p>\n<\/p>\n<p>&nbsp;<\/p>\n<p style=\"text-align: justify;\" data-sourcepos=\"17:1-17:183\">Hasta el momento, las autoridades no han proporcionado informaci\u00f3n sobre la detenci\u00f3n de los responsables ni se han dado a conocer m\u00e1s detalles sobre el estado de salud del conductor.<\/p>\n<\/p>\n<p>&nbsp;<\/p>\n<p style=\"text-align: justify;\" data-sourcepos=\"19:1-19:295\">Este incidente ha generado alarma entre la poblaci\u00f3n y ha puesto en evidencia la necesidad de reforzar las medidas de seguridad en la zona.<\/p>\n<\/p>\n<p>&nbsp;<\/p>\n<p style=\"text-align: justify;\" data-sourcepos=\"19:1-19:295\">Las autoridades municipales han sido llamadas a redoblar esfuerzos para dar con los responsables de este hecho y garantizar la seguridad de los ciudadanos.<\/p>\n<\/p>\n<p>&nbsp;<\/p>\n<p style=\"text-align: center;\" data-sourcepos=\"19:1-19:295\"><em><strong>\u00a1Informaci\u00f3n que transforma!<\/strong><\/em><\/p>\n","protected":false},"excerpt":{"rendered":"<p>Un nuevo hecho violento se registr\u00f3 en el municipio de Corregidora, esta vez con un conductor de paqueter\u00eda como v\u00edctima. De acuerdo con reportes preliminares, el hombre fue atacado y lesionado durante un intento de robo de su veh\u00edculo.<\/p>\n","protected":false},"author":3,"featured_media":10718,"comment_status":"open","ping_status":"open","sticky":false,"template":"","format":"standard","meta":{"footnotes":""},"categories":[137,58],"tags":[233,133,2350,131],"class_list":["post-10717","post","type-post","status-publish","format-standard","has-post-thumbnail","hentry","category-sucesos","category-ultima-hora","tag-corregidora","tag-queretaro","tag-robo","tag-seguridad"],"yoast_head":"<!-- This site is optimized with the Yoast SEO plugin v25.0 - https:\/\/yoast.com\/wordpress\/plugins\/seo\/ -->\n<title>Intento de robo violento a camioneta de paqueter\u00eda en Candiles | Nexo Informativo Santiago de Quer\u00e9taro<\/title>\n<meta name=\"description\" content=\"Intento de robo violento a camioneta de paqueter\u00eda en Candiles\" \/>\n<meta name=\"robots\" content=\"index, follow, max-snippet:-1, max-image-preview:large, max-video-preview:-1\" \/>\n<link rel=\"canonical\" href=\"https:\/\/www.nexoinformativo.mx\/index.php\/2025\/01\/28\/intento-de-robo-violento-a-camioneta-de-paqueteria-en-candiles\/\" \/>\n<meta property=\"og:locale\" content=\"es_MX\" \/>\n<meta property=\"og:type\" content=\"article\" \/>\n<meta property=\"og:title\" content=\"Intento de robo violento a camioneta de paqueter\u00eda en Candiles | Nexo Informativo Santiago de Quer\u00e9taro\" \/>\n<meta property=\"og:description\" content=\"Intento de robo violento a camioneta de paqueter\u00eda en Candiles\" \/>\n<meta property=\"og:url\" content=\"https:\/\/www.nexoinformativo.mx\/index.php\/2025\/01\/28\/intento-de-robo-violento-a-camioneta-de-paqueteria-en-candiles\/\" \/>\n<meta property=\"og:site_name\" content=\"Nexo Informativo Santiago de Quer\u00e9taro\" \/>\n<meta property=\"article:publisher\" content=\"https:\/\/www.facebook.com\/people\/Nexo-Informativo\/61564066885511\/\" \/>\n<meta property=\"article:published_time\" content=\"2025-01-28T12:30:29+00:00\" \/>\n<meta property=\"article:modified_time\" content=\"2025-01-28T17:05:07+00:00\" \/>\n<meta property=\"og:image\" content=\"https:\/\/www.nexoinformativo.mx\/wp-content\/uploads\/2025\/01\/bed1d0c7-dd8f-4cba-9d7a-6e4e6888e91c-scaled-e1738083853595.jpg\" \/>\n\t<meta property=\"og:image:width\" content=\"800\" \/>\n\t<meta property=\"og:image:height\" content=\"600\" \/>\n\t<meta property=\"og:image:type\" content=\"image\/jpeg\" \/>\n<meta name=\"author\" content=\"Nexo Informativo\" \/>\n<meta name=\"twitter:card\" content=\"summary_large_image\" \/>\n<meta name=\"twitter:label1\" content=\"Escrito por\" \/>\n\t<meta name=\"twitter:data1\" content=\"Nexo Informativo\" \/>\n\t<meta name=\"twitter:label2\" content=\"Tiempo de lectura\" \/>\n\t<meta name=\"twitter:data2\" content=\"2 minutos\" \/>\n<script type=\"application\/ld+json\" class=\"yoast-schema-graph\">{\"@context\":\"https:\/\/schema.org\",\"@graph\":[{\"@type\":\"Article\",\"@id\":\"https:\/\/www.nexoinformativo.mx\/index.php\/2025\/01\/28\/intento-de-robo-violento-a-camioneta-de-paqueteria-en-candiles\/#article\",\"isPartOf\":{\"@id\":\"https:\/\/www.nexoinformativo.mx\/index.php\/2025\/01\/28\/intento-de-robo-violento-a-camioneta-de-paqueteria-en-candiles\/\"},\"author\":{\"name\":\"Nexo Informativo\",\"@id\":\"https:\/\/www.nexoinformativo.mx\/#\/schema\/person\/7749d380ba08c8ca00d7bc76fd907b7d\"},\"headline\":\"Intento de robo violento a camioneta de paqueter\u00eda en Candiles\",\"datePublished\":\"2025-01-28T12:30:29+00:00\",\"dateModified\":\"2025-01-28T17:05:07+00:00\",\"mainEntityOfPage\":{\"@id\":\"https:\/\/www.nexoinformativo.mx\/index.php\/2025\/01\/28\/intento-de-robo-violento-a-camioneta-de-paqueteria-en-candiles\/\"},\"wordCount\":256,\"commentCount\":0,\"publisher\":{\"@id\":\"https:\/\/www.nexoinformativo.mx\/#organization\"},\"image\":{\"@id\":\"https:\/\/www.nexoinformativo.mx\/index.php\/2025\/01\/28\/intento-de-robo-violento-a-camioneta-de-paqueteria-en-candiles\/#primaryimage\"},\"thumbnailUrl\":\"https:\/\/www.nexoinformativo.mx\/wp-content\/uploads\/2025\/01\/bed1d0c7-dd8f-4cba-9d7a-6e4e6888e91c-scaled-e1738083853595.jpg\",\"keywords\":[\"Corregidora\",\"Quer\u00e9taro\",\"Robo\",\"Seguridad\"],\"articleSection\":[\"Sucesos\",\"\u00daltima Hora\"],\"inLanguage\":\"es\",\"potentialAction\":[{\"@type\":\"CommentAction\",\"name\":\"Comment\",\"target\":[\"https:\/\/www.nexoinformativo.mx\/index.php\/2025\/01\/28\/intento-de-robo-violento-a-camioneta-de-paqueteria-en-candiles\/#respond\"]}]},{\"@type\":\"WebPage\",\"@id\":\"https:\/\/www.nexoinformativo.mx\/index.php\/2025\/01\/28\/intento-de-robo-violento-a-camioneta-de-paqueteria-en-candiles\/\",\"url\":\"https:\/\/www.nexoinformativo.mx\/index.php\/2025\/01\/28\/intento-de-robo-violento-a-camioneta-de-paqueteria-en-candiles\/\",\"name\":\"Intento de robo violento a camioneta de paqueter\u00eda en Candiles | Nexo Informativo Santiago de Quer\u00e9taro\",\"isPartOf\":{\"@id\":\"https:\/\/www.nexoinformativo.mx\/#website\"},\"primaryImageOfPage\":{\"@id\":\"https:\/\/www.nexoinformativo.mx\/index.php\/2025\/01\/28\/intento-de-robo-violento-a-camioneta-de-paqueteria-en-candiles\/#primaryimage\"},\"image\":{\"@id\":\"https:\/\/www.nexoinformativo.mx\/index.php\/2025\/01\/28\/intento-de-robo-violento-a-camioneta-de-paqueteria-en-candiles\/#primaryimage\"},\"thumbnailUrl\":\"https:\/\/www.nexoinformativo.mx\/wp-content\/uploads\/2025\/01\/bed1d0c7-dd8f-4cba-9d7a-6e4e6888e91c-scaled-e1738083853595.jpg\",\"datePublished\":\"2025-01-28T12:30:29+00:00\",\"dateModified\":\"2025-01-28T17:05:07+00:00\",\"description\":\"Intento de robo violento a camioneta de paqueter\u00eda en Candiles\",\"breadcrumb\":{\"@id\":\"https:\/\/www.nexoinformativo.mx\/index.php\/2025\/01\/28\/intento-de-robo-violento-a-camioneta-de-paqueteria-en-candiles\/#breadcrumb\"},\"inLanguage\":\"es\",\"potentialAction\":[{\"@type\":\"ReadAction\",\"target\":[\"https:\/\/www.nexoinformativo.mx\/index.php\/2025\/01\/28\/intento-de-robo-violento-a-camioneta-de-paqueteria-en-candiles\/\"]}]},{\"@type\":\"ImageObject\",\"inLanguage\":\"es\",\"@id\":\"https:\/\/www.nexoinformativo.mx\/index.php\/2025\/01\/28\/intento-de-robo-violento-a-camioneta-de-paqueteria-en-candiles\/#primaryimage\",\"url\":\"https:\/\/www.nexoinformativo.mx\/wp-content\/uploads\/2025\/01\/bed1d0c7-dd8f-4cba-9d7a-6e4e6888e91c-scaled-e1738083853595.jpg\",\"contentUrl\":\"https:\/\/www.nexoinformativo.mx\/wp-content\/uploads\/2025\/01\/bed1d0c7-dd8f-4cba-9d7a-6e4e6888e91c-scaled-e1738083853595.jpg\",\"width\":800,\"height\":600},{\"@type\":\"BreadcrumbList\",\"@id\":\"https:\/\/www.nexoinformativo.mx\/index.php\/2025\/01\/28\/intento-de-robo-violento-a-camioneta-de-paqueteria-en-candiles\/#breadcrumb\",\"itemListElement\":[{\"@type\":\"ListItem\",\"position\":1,\"name\":\"Inicio\",\"item\":\"https:\/\/www.nexoinformativo.mx\/\"},{\"@type\":\"ListItem\",\"position\":2,\"name\":\"Intento de robo violento a camioneta de paqueter\u00eda en Candiles\"}]},{\"@type\":\"WebSite\",\"@id\":\"https:\/\/www.nexoinformativo.mx\/#website\",\"url\":\"https:\/\/www.nexoinformativo.mx\/\",\"name\":\"Nexo Informativo Santiago de Quer\u00e9taro\",\"description\":\"Explora NexoInformativo y convi\u00e9rtete en parte de una comunidad que valora el conocimiento y la verdad. Tu nexoinformativo es tu puente hacia una comprensi\u00f3n m\u00e1s profunda del mundo que te rodea.\",\"publisher\":{\"@id\":\"https:\/\/www.nexoinformativo.mx\/#organization\"},\"potentialAction\":[{\"@type\":\"SearchAction\",\"target\":{\"@type\":\"EntryPoint\",\"urlTemplate\":\"https:\/\/www.nexoinformativo.mx\/?s={search_term_string}\"},\"query-input\":{\"@type\":\"PropertyValueSpecification\",\"valueRequired\":true,\"valueName\":\"search_term_string\"}}],\"inLanguage\":\"es\"},{\"@type\":\"Organization\",\"@id\":\"https:\/\/www.nexoinformativo.mx\/#organization\",\"name\":\"Nexo Informativo Santiago de Quer\u00e9taro\",\"url\":\"https:\/\/www.nexoinformativo.mx\/\",\"logo\":{\"@type\":\"ImageObject\",\"inLanguage\":\"es\",\"@id\":\"https:\/\/www.nexoinformativo.mx\/#\/schema\/logo\/image\/\",\"url\":\"https:\/\/www.nexoinformativo.mx\/wp-content\/uploads\/2024\/07\/nexoi-trasparente-2.png\",\"contentUrl\":\"https:\/\/www.nexoinformativo.mx\/wp-content\/uploads\/2024\/07\/nexoi-trasparente-2.png\",\"width\":816,\"height\":339,\"caption\":\"Nexo Informativo Santiago de Quer\u00e9taro\"},\"image\":{\"@id\":\"https:\/\/www.nexoinformativo.mx\/#\/schema\/logo\/image\/\"},\"sameAs\":[\"https:\/\/www.facebook.com\/people\/Nexo-Informativo\/61564066885511\/\"]},{\"@type\":\"Person\",\"@id\":\"https:\/\/www.nexoinformativo.mx\/#\/schema\/person\/7749d380ba08c8ca00d7bc76fd907b7d\",\"name\":\"Nexo Informativo\",\"image\":{\"@type\":\"ImageObject\",\"inLanguage\":\"es\",\"@id\":\"https:\/\/www.nexoinformativo.mx\/#\/schema\/person\/image\/\",\"url\":\"https:\/\/secure.gravatar.com\/avatar\/dde2928154642a13d95f87ddf1ea9718fe2b46760a005c53e41ff5ad610704e6?s=96&d=mm&r=g\",\"contentUrl\":\"https:\/\/secure.gravatar.com\/avatar\/dde2928154642a13d95f87ddf1ea9718fe2b46760a005c53e41ff5ad610704e6?s=96&d=mm&r=g\",\"caption\":\"Nexo Informativo\"},\"url\":\"https:\/\/www.nexoinformativo.mx\/index.php\/author\/edicion\/\"}]}<\/script>\n<!-- \/ Yoast SEO plugin. -->","yoast_head_json":{"title":"Intento de robo violento a camioneta de paqueter\u00eda en Candiles | Nexo Informativo Santiago de Quer\u00e9taro","description":"Intento de robo violento a camioneta de paqueter\u00eda en Candiles","robots":{"index":"index","follow":"follow","max-snippet":"max-snippet:-1","max-image-preview":"max-image-preview:large","max-video-preview":"max-video-preview:-1"},"canonical":"https:\/\/www.nexoinformativo.mx\/index.php\/2025\/01\/28\/intento-de-robo-violento-a-camioneta-de-paqueteria-en-candiles\/","og_locale":"es_MX","og_type":"article","og_title":"Intento de robo violento a camioneta de paqueter\u00eda en Candiles | Nexo Informativo Santiago de Quer\u00e9taro","og_description":"Intento de robo violento a camioneta de paqueter\u00eda en Candiles","og_url":"https:\/\/www.nexoinformativo.mx\/index.php\/2025\/01\/28\/intento-de-robo-violento-a-camioneta-de-paqueteria-en-candiles\/","og_site_name":"Nexo Informativo Santiago de Quer\u00e9taro","article_publisher":"https:\/\/www.facebook.com\/people\/Nexo-Informativo\/61564066885511\/","article_published_time":"2025-01-28T12:30:29+00:00","article_modified_time":"2025-01-28T17:05:07+00:00","og_image":[{"width":800,"height":600,"url":"https:\/\/www.nexoinformativo.mx\/wp-content\/uploads\/2025\/01\/bed1d0c7-dd8f-4cba-9d7a-6e4e6888e91c-scaled-e1738083853595.jpg","type":"image\/jpeg"}],"author":"Nexo Informativo","twitter_card":"summary_large_image","twitter_misc":{"Escrito por":"Nexo Informativo","Tiempo de lectura":"2 minutos"},"schema":{"@context":"https:\/\/schema.org","@graph":[{"@type":"Article","@id":"https:\/\/www.nexoinformativo.mx\/index.php\/2025\/01\/28\/intento-de-robo-violento-a-camioneta-de-paqueteria-en-candiles\/#article","isPartOf":{"@id":"https:\/\/www.nexoinformativo.mx\/index.php\/2025\/01\/28\/intento-de-robo-violento-a-camioneta-de-paqueteria-en-candiles\/"},"author":{"name":"Nexo Informativo","@id":"https:\/\/www.nexoinformativo.mx\/#\/schema\/person\/7749d380ba08c8ca00d7bc76fd907b7d"},"headline":"Intento de robo violento a camioneta de paqueter\u00eda en Candiles","datePublished":"2025-01-28T12:30:29+00:00","dateModified":"2025-01-28T17:05:07+00:00","mainEntityOfPage":{"@id":"https:\/\/www.nexoinformativo.mx\/index.php\/2025\/01\/28\/intento-de-robo-violento-a-camioneta-de-paqueteria-en-candiles\/"},"wordCount":256,"commentCount":0,"publisher":{"@id":"https:\/\/www.nexoinformativo.mx\/#organization"},"image":{"@id":"https:\/\/www.nexoinformativo.mx\/index.php\/2025\/01\/28\/intento-de-robo-violento-a-camioneta-de-paqueteria-en-candiles\/#primaryimage"},"thumbnailUrl":"https:\/\/www.nexoinformativo.mx\/wp-content\/uploads\/2025\/01\/bed1d0c7-dd8f-4cba-9d7a-6e4e6888e91c-scaled-e1738083853595.jpg","keywords":["Corregidora","Quer\u00e9taro","Robo","Seguridad"],"articleSection":["Sucesos","\u00daltima Hora"],"inLanguage":"es","potentialAction":[{"@type":"CommentAction","name":"Comment","target":["https:\/\/www.nexoinformativo.mx\/index.php\/2025\/01\/28\/intento-de-robo-violento-a-camioneta-de-paqueteria-en-candiles\/#respond"]}]},{"@type":"WebPage","@id":"https:\/\/www.nexoinformativo.mx\/index.php\/2025\/01\/28\/intento-de-robo-violento-a-camioneta-de-paqueteria-en-candiles\/","url":"https:\/\/www.nexoinformativo.mx\/index.php\/2025\/01\/28\/intento-de-robo-violento-a-camioneta-de-paqueteria-en-candiles\/","name":"Intento de robo violento a camioneta de paqueter\u00eda en Candiles | Nexo Informativo Santiago de Quer\u00e9taro","isPartOf":{"@id":"https:\/\/www.nexoinformativo.mx\/#website"},"primaryImageOfPage":{"@id":"https:\/\/www.nexoinformativo.mx\/index.php\/2025\/01\/28\/intento-de-robo-violento-a-camioneta-de-paqueteria-en-candiles\/#primaryimage"},"image":{"@id":"https:\/\/www.nexoinformativo.mx\/index.php\/2025\/01\/28\/intento-de-robo-violento-a-camioneta-de-paqueteria-en-candiles\/#primaryimage"},"thumbnailUrl":"https:\/\/www.nexoinformativo.mx\/wp-content\/uploads\/2025\/01\/bed1d0c7-dd8f-4cba-9d7a-6e4e6888e91c-scaled-e1738083853595.jpg","datePublished":"2025-01-28T12:30:29+00:00","dateModified":"2025-01-28T17:05:07+00:00","description":"Intento de robo violento a camioneta de paqueter\u00eda en Candiles","breadcrumb":{"@id":"https:\/\/www.nexoinformativo.mx\/index.php\/2025\/01\/28\/intento-de-robo-violento-a-camioneta-de-paqueteria-en-candiles\/#breadcrumb"},"inLanguage":"es","potentialAction":[{"@type":"ReadAction","target":["https:\/\/www.nexoinformativo.mx\/index.php\/2025\/01\/28\/intento-de-robo-violento-a-camioneta-de-paqueteria-en-candiles\/"]}]},{"@type":"ImageObject","inLanguage":"es","@id":"https:\/\/www.nexoinformativo.mx\/index.php\/2025\/01\/28\/intento-de-robo-violento-a-camioneta-de-paqueteria-en-candiles\/#primaryimage","url":"https:\/\/www.nexoinformativo.mx\/wp-content\/uploads\/2025\/01\/bed1d0c7-dd8f-4cba-9d7a-6e4e6888e91c-scaled-e1738083853595.jpg","contentUrl":"https:\/\/www.nexoinformativo.mx\/wp-content\/uploads\/2025\/01\/bed1d0c7-dd8f-4cba-9d7a-6e4e6888e91c-scaled-e1738083853595.jpg","width":800,"height":600},{"@type":"BreadcrumbList","@id":"https:\/\/www.nexoinformativo.mx\/index.php\/2025\/01\/28\/intento-de-robo-violento-a-camioneta-de-paqueteria-en-candiles\/#breadcrumb","itemListElement":[{"@type":"ListItem","position":1,"name":"Inicio","item":"https:\/\/www.nexoinformativo.mx\/"},{"@type":"ListItem","position":2,"name":"Intento de robo violento a camioneta de paqueter\u00eda en Candiles"}]},{"@type":"WebSite","@id":"https:\/\/www.nexoinformativo.mx\/#website","url":"https:\/\/www.nexoinformativo.mx\/","name":"Nexo Informativo Santiago de Quer\u00e9taro","description":"Explora NexoInformativo y convi\u00e9rtete en parte de una comunidad que valora el conocimiento y la verdad. Tu nexoinformativo es tu puente hacia una comprensi\u00f3n m\u00e1s profunda del mundo que te rodea.","publisher":{"@id":"https:\/\/www.nexoinformativo.mx\/#organization"},"potentialAction":[{"@type":"SearchAction","target":{"@type":"EntryPoint","urlTemplate":"https:\/\/www.nexoinformativo.mx\/?s={search_term_string}"},"query-input":{"@type":"PropertyValueSpecification","valueRequired":true,"valueName":"search_term_string"}}],"inLanguage":"es"},{"@type":"Organization","@id":"https:\/\/www.nexoinformativo.mx\/#organization","name":"Nexo Informativo Santiago de Quer\u00e9taro","url":"https:\/\/www.nexoinformativo.mx\/","logo":{"@type":"ImageObject","inLanguage":"es","@id":"https:\/\/www.nexoinformativo.mx\/#\/schema\/logo\/image\/","url":"https:\/\/www.nexoinformativo.mx\/wp-content\/uploads\/2024\/07\/nexoi-trasparente-2.png","contentUrl":"https:\/\/www.nexoinformativo.mx\/wp-content\/uploads\/2024\/07\/nexoi-trasparente-2.png","width":816,"height":339,"caption":"Nexo Informativo Santiago de Quer\u00e9taro"},"image":{"@id":"https:\/\/www.nexoinformativo.mx\/#\/schema\/logo\/image\/"},"sameAs":["https:\/\/www.facebook.com\/people\/Nexo-Informativo\/61564066885511\/"]},{"@type":"Person","@id":"https:\/\/www.nexoinformativo.mx\/#\/schema\/person\/7749d380ba08c8ca00d7bc76fd907b7d","name":"Nexo Informativo","image":{"@type":"ImageObject","inLanguage":"es","@id":"https:\/\/www.nexoinformativo.mx\/#\/schema\/person\/image\/","url":"https:\/\/secure.gravatar.com\/avatar\/dde2928154642a13d95f87ddf1ea9718fe2b46760a005c53e41ff5ad610704e6?s=96&d=mm&r=g","contentUrl":"https:\/\/secure.gravatar.com\/avatar\/dde2928154642a13d95f87ddf1ea9718fe2b46760a005c53e41ff5ad610704e6?s=96&d=mm&r=g","caption":"Nexo Informativo"},"url":"https:\/\/www.nexoinformativo.mx\/index.php\/author\/edicion\/"}]}},"_links":{"self":[{"href":"https:\/\/www.nexoinformativo.mx\/index.php\/wp-json\/wp\/v2\/posts\/10717","targetHints":{"allow":["GET"]}}],"collection":[{"href":"https:\/\/www.nexoinformativo.mx\/index.php\/wp-json\/wp\/v2\/posts"}],"about":[{"href":"https:\/\/www.nexoinformativo.mx\/index.php\/wp-json\/wp\/v2\/types\/post"}],"author":[{"embeddable":true,"href":"https:\/\/www.nexoinformativo.mx\/index.php\/wp-json\/wp\/v2\/users\/3"}],"replies":[{"embeddable":true,"href":"https:\/\/www.nexoinformativo.mx\/index.php\/wp-json\/wp\/v2\/comments?post=10717"}],"version-history":[{"count":3,"href":"https:\/\/www.nexoinformativo.mx\/index.php\/wp-json\/wp\/v2\/posts\/10717\/revisions"}],"predecessor-version":[{"id":10721,"href":"https:\/\/www.nexoinformativo.mx\/index.php\/wp-json\/wp\/v2\/posts\/10717\/revisions\/10721"}],"wp:featuredmedia":[{"embeddable":true,"href":"https:\/\/www.nexoinformativo.mx\/index.php\/wp-json\/wp\/v2\/media\/10718"}],"wp:attachment":[{"href":"https:\/\/www.nexoinformativo.mx\/index.php\/wp-json\/wp\/v2\/media?parent=10717"}],"wp:term":[{"taxonomy":"category","embeddable":true,"href":"https:\/\/www.nexoinformativo.mx\/index.php\/wp-json\/wp\/v2\/categories?post=10717"},{"taxonomy":"post_tag","embeddable":true,"href":"https:\/\/www.nexoinformativo.mx\/index.php\/wp-json\/wp\/v2\/tags?post=10717"}],"curies":[{"name":"wp","href":"https:\/\/api.w.org\/{rel}","templated":true}]}}