{"id":10722,"date":"2025-01-28T07:00:20","date_gmt":"2025-01-28T13:00:20","guid":{"rendered":"https:\/\/www.nexoinformativo.mx\/?p=10722"},"modified":"2025-01-28T12:40:54","modified_gmt":"2025-01-28T18:40:54","slug":"red-de-apoyo-en-expansion-instalan-10-centros-de-atencion-para-repatriados-en-la-frontera-de-mexico","status":"publish","type":"post","link":"https:\/\/www.nexoinformativo.mx\/index.php\/2025\/01\/28\/red-de-apoyo-en-expansion-instalan-10-centros-de-atencion-para-repatriados-en-la-frontera-de-mexico\/","title":{"rendered":"Red de apoyo en expansi\u00f3n instalan 10 centros de atenci\u00f3n para repatriados en la frontera norte de M\u00e9xico"},"content":{"rendered":"<p style=\"text-align: justify;\" data-sourcepos=\"11:1-11:453\">El gobierno de M\u00e9xico, encabezado por la presidenta Claudia Sheinbaum, ha puesto en marcha una estrategia integral para recibir con calidez y humanismo a las personas mexicanas que son repatriadas de Estados Unidos.<\/p>\n<p>&nbsp;<\/p>\n<p style=\"text-align: justify;\" data-sourcepos=\"11:1-11:453\">A trav\u00e9s del programa <strong>&#8220;M\u00e9xico Te Abraza&#8221;<\/strong>, se han habilitado 10 centros de atenci\u00f3n a lo largo de la frontera norte, ofreciendo una amplia gama de servicios y apoyos para facilitar su reinserci\u00f3n en el pa\u00eds.<\/p>\n<p>&nbsp;<\/p>\n<p style=\"text-align: justify;\" data-sourcepos=\"13:1-13:307\">La secretaria de Gobernaci\u00f3n, Rosa Icela Rodr\u00edguez, detall\u00f3 que los connacionales repatriados reciben alojamiento, alimentaci\u00f3n, atenci\u00f3n m\u00e9dica, apoyo para la tramitaci\u00f3n de documentos y acceso a diversos programas sociales. Adem\u00e1s, se les brinda orientaci\u00f3n sobre oportunidades de empleo y emprendimiento.<\/p>\n<p>&nbsp;<\/p>\n<p style=\"text-align: justify;\" data-sourcepos=\"15:1-15:225\"><strong>&#8220;Con esta estrategia, reafirmamos nuestro compromiso de garantizar el bienestar de nuestros compatriotas y de brindarles las herramientas necesarias para que puedan construir un futuro mejor en M\u00e9xico&#8221;<\/strong>, afirm\u00f3 la funcionaria.<\/p>\n<p>&nbsp;<\/p>\n<p style=\"text-align: justify;\" data-sourcepos=\"17:1-17:47\"><strong>\u00bfQu\u00e9 ofrece el programa &#8220;M\u00e9xico Te Abraza&#8221;?<\/strong><\/p>\n<p style=\"text-align: justify;\">*Los centros de atenci\u00f3n cuentan con todas las comodidades necesarias para que los repatriados puedan descansar y recuperarse.<\/p>\n<p style=\"text-align: justify;\">\u00a0*Se brinda atenci\u00f3n m\u00e9dica inmediata y se facilita la afiliaci\u00f3n al IMSS.<\/p>\n<p>* Se agiliza el tr\u00e1mite de documentos como acta de nacimiento y CURP.<\/p>\n<p>*Los repatriados tienen acceso a programas como J\u00f3venes Construyendo el Futuro, Sembrando Vida y Pensi\u00f3n para Adultos Mayores.<\/p>\n<p>*Se promueve la vinculaci\u00f3n con empresas para facilitar la inserci\u00f3n laboral de los connacionales.<\/p>\n<p>&nbsp;<\/p>\n<p style=\"text-align: justify;\" data-sourcepos=\"25:1-25:234\">La secretaria Rodr\u00edguez destac\u00f3 que el programa <strong>&#8220;M\u00e9xico Te Abraza&#8221;<\/strong> es un esfuerzo conjunto de diversas instituciones gubernamentales y de la sociedad civil, con el objetivo de brindar una atenci\u00f3n integral a los mexicanos repatriados.<\/p>\n<p>&nbsp;<\/p>\n<p style=\"text-align: center;\" data-sourcepos=\"27:1-27:252\"><em><strong>\u00a1Informaci\u00f3n que transforma!<\/strong><\/em><\/p>\n","protected":false},"excerpt":{"rendered":"<p>El gobierno de M\u00e9xico, encabezado por la presidenta Claudia Sheinbaum, ha puesto en marcha una estrategia integral para recibir con calidez y humanismo a las personas mexicanas que son repatriadas de Estados Unidos.<\/p>\n","protected":false},"author":3,"featured_media":10723,"comment_status":"open","ping_status":"open","sticky":false,"template":"","format":"standard","meta":{"footnotes":""},"categories":[88,58],"tags":[679,3181,1846,3182],"class_list":["post-10722","post","type-post","status-publish","format-standard","has-post-thumbnail","hentry","category-nacional","category-ultima-hora","tag-bienestar","tag-mexicoteabraza","tag-migracion","tag-repatriados"],"yoast_head":"<!-- This site is optimized with the Yoast SEO plugin v25.0 - https:\/\/yoast.com\/wordpress\/plugins\/seo\/ -->\n<title>Red de apoyo en expansi\u00f3n instalan 10 centros de atenci\u00f3n para repatriados en la frontera norte de M\u00e9xico | Nexo Informativo Santiago de Quer\u00e9taro<\/title>\n<meta name=\"description\" content=\"Red de apoyo en expansi\u00f3n instalan 10 centros de atenci\u00f3n para repatriados en la frontera de M\u00e9xico\" \/>\n<meta name=\"robots\" content=\"index, follow, max-snippet:-1, max-image-preview:large, max-video-preview:-1\" \/>\n<link rel=\"canonical\" href=\"https:\/\/www.nexoinformativo.mx\/index.php\/2025\/01\/28\/red-de-apoyo-en-expansion-instalan-10-centros-de-atencion-para-repatriados-en-la-frontera-de-mexico\/\" \/>\n<meta property=\"og:locale\" content=\"es_MX\" \/>\n<meta property=\"og:type\" content=\"article\" \/>\n<meta property=\"og:title\" content=\"Red de apoyo en expansi\u00f3n instalan 10 centros de atenci\u00f3n para repatriados en la frontera norte de M\u00e9xico | Nexo Informativo Santiago de Quer\u00e9taro\" \/>\n<meta property=\"og:description\" content=\"Red de apoyo en expansi\u00f3n instalan 10 centros de atenci\u00f3n para repatriados en la frontera de M\u00e9xico\" \/>\n<meta property=\"og:url\" content=\"https:\/\/www.nexoinformativo.mx\/index.php\/2025\/01\/28\/red-de-apoyo-en-expansion-instalan-10-centros-de-atencion-para-repatriados-en-la-frontera-de-mexico\/\" \/>\n<meta property=\"og:site_name\" content=\"Nexo Informativo Santiago de Quer\u00e9taro\" \/>\n<meta property=\"article:publisher\" content=\"https:\/\/www.facebook.com\/people\/Nexo-Informativo\/61564066885511\/\" \/>\n<meta property=\"article:published_time\" content=\"2025-01-28T13:00:20+00:00\" \/>\n<meta property=\"article:modified_time\" content=\"2025-01-28T18:40:54+00:00\" \/>\n<meta property=\"og:image\" content=\"https:\/\/www.nexoinformativo.mx\/wp-content\/uploads\/2025\/01\/IMG_9576-scaled-e1738084256189.jpg\" \/>\n\t<meta property=\"og:image:width\" content=\"800\" \/>\n\t<meta property=\"og:image:height\" content=\"565\" \/>\n\t<meta property=\"og:image:type\" content=\"image\/jpeg\" \/>\n<meta name=\"author\" content=\"Nexo Informativo\" \/>\n<meta name=\"twitter:card\" content=\"summary_large_image\" \/>\n<meta name=\"twitter:label1\" content=\"Escrito por\" \/>\n\t<meta name=\"twitter:data1\" content=\"Nexo Informativo\" \/>\n\t<meta name=\"twitter:label2\" content=\"Tiempo de lectura\" \/>\n\t<meta name=\"twitter:data2\" content=\"2 minutos\" \/>\n<script type=\"application\/ld+json\" class=\"yoast-schema-graph\">{\"@context\":\"https:\/\/schema.org\",\"@graph\":[{\"@type\":\"Article\",\"@id\":\"https:\/\/www.nexoinformativo.mx\/index.php\/2025\/01\/28\/red-de-apoyo-en-expansion-instalan-10-centros-de-atencion-para-repatriados-en-la-frontera-de-mexico\/#article\",\"isPartOf\":{\"@id\":\"https:\/\/www.nexoinformativo.mx\/index.php\/2025\/01\/28\/red-de-apoyo-en-expansion-instalan-10-centros-de-atencion-para-repatriados-en-la-frontera-de-mexico\/\"},\"author\":{\"name\":\"Nexo Informativo\",\"@id\":\"https:\/\/www.nexoinformativo.mx\/#\/schema\/person\/7749d380ba08c8ca00d7bc76fd907b7d\"},\"headline\":\"Red de apoyo en expansi\u00f3n instalan 10 centros de atenci\u00f3n para repatriados en la frontera norte de M\u00e9xico\",\"datePublished\":\"2025-01-28T13:00:20+00:00\",\"dateModified\":\"2025-01-28T18:40:54+00:00\",\"mainEntityOfPage\":{\"@id\":\"https:\/\/www.nexoinformativo.mx\/index.php\/2025\/01\/28\/red-de-apoyo-en-expansion-instalan-10-centros-de-atencion-para-repatriados-en-la-frontera-de-mexico\/\"},\"wordCount\":313,\"commentCount\":0,\"publisher\":{\"@id\":\"https:\/\/www.nexoinformativo.mx\/#organization\"},\"image\":{\"@id\":\"https:\/\/www.nexoinformativo.mx\/index.php\/2025\/01\/28\/red-de-apoyo-en-expansion-instalan-10-centros-de-atencion-para-repatriados-en-la-frontera-de-mexico\/#primaryimage\"},\"thumbnailUrl\":\"https:\/\/www.nexoinformativo.mx\/wp-content\/uploads\/2025\/01\/IMG_9576-scaled-e1738084256189.jpg\",\"keywords\":[\"Bienestar\",\"M\u00e9xicoTeAbraza\",\"Migraci\u00f3n\",\"Repatriados\"],\"articleSection\":[\"Nacional\",\"\u00daltima Hora\"],\"inLanguage\":\"es\",\"potentialAction\":[{\"@type\":\"CommentAction\",\"name\":\"Comment\",\"target\":[\"https:\/\/www.nexoinformativo.mx\/index.php\/2025\/01\/28\/red-de-apoyo-en-expansion-instalan-10-centros-de-atencion-para-repatriados-en-la-frontera-de-mexico\/#respond\"]}]},{\"@type\":\"WebPage\",\"@id\":\"https:\/\/www.nexoinformativo.mx\/index.php\/2025\/01\/28\/red-de-apoyo-en-expansion-instalan-10-centros-de-atencion-para-repatriados-en-la-frontera-de-mexico\/\",\"url\":\"https:\/\/www.nexoinformativo.mx\/index.php\/2025\/01\/28\/red-de-apoyo-en-expansion-instalan-10-centros-de-atencion-para-repatriados-en-la-frontera-de-mexico\/\",\"name\":\"Red de apoyo en expansi\u00f3n instalan 10 centros de atenci\u00f3n para repatriados en la frontera norte de M\u00e9xico | Nexo Informativo Santiago de Quer\u00e9taro\",\"isPartOf\":{\"@id\":\"https:\/\/www.nexoinformativo.mx\/#website\"},\"primaryImageOfPage\":{\"@id\":\"https:\/\/www.nexoinformativo.mx\/index.php\/2025\/01\/28\/red-de-apoyo-en-expansion-instalan-10-centros-de-atencion-para-repatriados-en-la-frontera-de-mexico\/#primaryimage\"},\"image\":{\"@id\":\"https:\/\/www.nexoinformativo.mx\/index.php\/2025\/01\/28\/red-de-apoyo-en-expansion-instalan-10-centros-de-atencion-para-repatriados-en-la-frontera-de-mexico\/#primaryimage\"},\"thumbnailUrl\":\"https:\/\/www.nexoinformativo.mx\/wp-content\/uploads\/2025\/01\/IMG_9576-scaled-e1738084256189.jpg\",\"datePublished\":\"2025-01-28T13:00:20+00:00\",\"dateModified\":\"2025-01-28T18:40:54+00:00\",\"description\":\"Red de apoyo en expansi\u00f3n instalan 10 centros de atenci\u00f3n para repatriados en la frontera de M\u00e9xico\",\"breadcrumb\":{\"@id\":\"https:\/\/www.nexoinformativo.mx\/index.php\/2025\/01\/28\/red-de-apoyo-en-expansion-instalan-10-centros-de-atencion-para-repatriados-en-la-frontera-de-mexico\/#breadcrumb\"},\"inLanguage\":\"es\",\"potentialAction\":[{\"@type\":\"ReadAction\",\"target\":[\"https:\/\/www.nexoinformativo.mx\/index.php\/2025\/01\/28\/red-de-apoyo-en-expansion-instalan-10-centros-de-atencion-para-repatriados-en-la-frontera-de-mexico\/\"]}]},{\"@type\":\"ImageObject\",\"inLanguage\":\"es\",\"@id\":\"https:\/\/www.nexoinformativo.mx\/index.php\/2025\/01\/28\/red-de-apoyo-en-expansion-instalan-10-centros-de-atencion-para-repatriados-en-la-frontera-de-mexico\/#primaryimage\",\"url\":\"https:\/\/www.nexoinformativo.mx\/wp-content\/uploads\/2025\/01\/IMG_9576-scaled-e1738084256189.jpg\",\"contentUrl\":\"https:\/\/www.nexoinformativo.mx\/wp-content\/uploads\/2025\/01\/IMG_9576-scaled-e1738084256189.jpg\",\"width\":800,\"height\":565},{\"@type\":\"BreadcrumbList\",\"@id\":\"https:\/\/www.nexoinformativo.mx\/index.php\/2025\/01\/28\/red-de-apoyo-en-expansion-instalan-10-centros-de-atencion-para-repatriados-en-la-frontera-de-mexico\/#breadcrumb\",\"itemListElement\":[{\"@type\":\"ListItem\",\"position\":1,\"name\":\"Inicio\",\"item\":\"https:\/\/www.nexoinformativo.mx\/\"},{\"@type\":\"ListItem\",\"position\":2,\"name\":\"Red de apoyo en expansi\u00f3n instalan 10 centros de atenci\u00f3n para repatriados en la frontera norte de M\u00e9xico\"}]},{\"@type\":\"WebSite\",\"@id\":\"https:\/\/www.nexoinformativo.mx\/#website\",\"url\":\"https:\/\/www.nexoinformativo.mx\/\",\"name\":\"Nexo Informativo Santiago de Quer\u00e9taro\",\"description\":\"Explora NexoInformativo y convi\u00e9rtete en parte de una comunidad que valora el conocimiento y la verdad. Tu nexoinformativo es tu puente hacia una comprensi\u00f3n m\u00e1s profunda del mundo que te rodea.\",\"publisher\":{\"@id\":\"https:\/\/www.nexoinformativo.mx\/#organization\"},\"potentialAction\":[{\"@type\":\"SearchAction\",\"target\":{\"@type\":\"EntryPoint\",\"urlTemplate\":\"https:\/\/www.nexoinformativo.mx\/?s={search_term_string}\"},\"query-input\":{\"@type\":\"PropertyValueSpecification\",\"valueRequired\":true,\"valueName\":\"search_term_string\"}}],\"inLanguage\":\"es\"},{\"@type\":\"Organization\",\"@id\":\"https:\/\/www.nexoinformativo.mx\/#organization\",\"name\":\"Nexo Informativo Santiago de Quer\u00e9taro\",\"url\":\"https:\/\/www.nexoinformativo.mx\/\",\"logo\":{\"@type\":\"ImageObject\",\"inLanguage\":\"es\",\"@id\":\"https:\/\/www.nexoinformativo.mx\/#\/schema\/logo\/image\/\",\"url\":\"https:\/\/www.nexoinformativo.mx\/wp-content\/uploads\/2024\/07\/nexoi-trasparente-2.png\",\"contentUrl\":\"https:\/\/www.nexoinformativo.mx\/wp-content\/uploads\/2024\/07\/nexoi-trasparente-2.png\",\"width\":816,\"height\":339,\"caption\":\"Nexo Informativo Santiago de Quer\u00e9taro\"},\"image\":{\"@id\":\"https:\/\/www.nexoinformativo.mx\/#\/schema\/logo\/image\/\"},\"sameAs\":[\"https:\/\/www.facebook.com\/people\/Nexo-Informativo\/61564066885511\/\"]},{\"@type\":\"Person\",\"@id\":\"https:\/\/www.nexoinformativo.mx\/#\/schema\/person\/7749d380ba08c8ca00d7bc76fd907b7d\",\"name\":\"Nexo Informativo\",\"image\":{\"@type\":\"ImageObject\",\"inLanguage\":\"es\",\"@id\":\"https:\/\/www.nexoinformativo.mx\/#\/schema\/person\/image\/\",\"url\":\"https:\/\/secure.gravatar.com\/avatar\/dde2928154642a13d95f87ddf1ea9718fe2b46760a005c53e41ff5ad610704e6?s=96&d=mm&r=g\",\"contentUrl\":\"https:\/\/secure.gravatar.com\/avatar\/dde2928154642a13d95f87ddf1ea9718fe2b46760a005c53e41ff5ad610704e6?s=96&d=mm&r=g\",\"caption\":\"Nexo Informativo\"},\"url\":\"https:\/\/www.nexoinformativo.mx\/index.php\/author\/edicion\/\"}]}<\/script>\n<!-- \/ Yoast SEO plugin. -->","yoast_head_json":{"title":"Red de apoyo en expansi\u00f3n instalan 10 centros de atenci\u00f3n para repatriados en la frontera norte de M\u00e9xico | Nexo Informativo Santiago de Quer\u00e9taro","description":"Red de apoyo en expansi\u00f3n instalan 10 centros de atenci\u00f3n para repatriados en la frontera de M\u00e9xico","robots":{"index":"index","follow":"follow","max-snippet":"max-snippet:-1","max-image-preview":"max-image-preview:large","max-video-preview":"max-video-preview:-1"},"canonical":"https:\/\/www.nexoinformativo.mx\/index.php\/2025\/01\/28\/red-de-apoyo-en-expansion-instalan-10-centros-de-atencion-para-repatriados-en-la-frontera-de-mexico\/","og_locale":"es_MX","og_type":"article","og_title":"Red de apoyo en expansi\u00f3n instalan 10 centros de atenci\u00f3n para repatriados en la frontera norte de M\u00e9xico | Nexo Informativo Santiago de Quer\u00e9taro","og_description":"Red de apoyo en expansi\u00f3n instalan 10 centros de atenci\u00f3n para repatriados en la frontera de M\u00e9xico","og_url":"https:\/\/www.nexoinformativo.mx\/index.php\/2025\/01\/28\/red-de-apoyo-en-expansion-instalan-10-centros-de-atencion-para-repatriados-en-la-frontera-de-mexico\/","og_site_name":"Nexo Informativo Santiago de Quer\u00e9taro","article_publisher":"https:\/\/www.facebook.com\/people\/Nexo-Informativo\/61564066885511\/","article_published_time":"2025-01-28T13:00:20+00:00","article_modified_time":"2025-01-28T18:40:54+00:00","og_image":[{"width":800,"height":565,"url":"https:\/\/www.nexoinformativo.mx\/wp-content\/uploads\/2025\/01\/IMG_9576-scaled-e1738084256189.jpg","type":"image\/jpeg"}],"author":"Nexo Informativo","twitter_card":"summary_large_image","twitter_misc":{"Escrito por":"Nexo Informativo","Tiempo de lectura":"2 minutos"},"schema":{"@context":"https:\/\/schema.org","@graph":[{"@type":"Article","@id":"https:\/\/www.nexoinformativo.mx\/index.php\/2025\/01\/28\/red-de-apoyo-en-expansion-instalan-10-centros-de-atencion-para-repatriados-en-la-frontera-de-mexico\/#article","isPartOf":{"@id":"https:\/\/www.nexoinformativo.mx\/index.php\/2025\/01\/28\/red-de-apoyo-en-expansion-instalan-10-centros-de-atencion-para-repatriados-en-la-frontera-de-mexico\/"},"author":{"name":"Nexo Informativo","@id":"https:\/\/www.nexoinformativo.mx\/#\/schema\/person\/7749d380ba08c8ca00d7bc76fd907b7d"},"headline":"Red de apoyo en expansi\u00f3n instalan 10 centros de atenci\u00f3n para repatriados en la frontera norte de M\u00e9xico","datePublished":"2025-01-28T13:00:20+00:00","dateModified":"2025-01-28T18:40:54+00:00","mainEntityOfPage":{"@id":"https:\/\/www.nexoinformativo.mx\/index.php\/2025\/01\/28\/red-de-apoyo-en-expansion-instalan-10-centros-de-atencion-para-repatriados-en-la-frontera-de-mexico\/"},"wordCount":313,"commentCount":0,"publisher":{"@id":"https:\/\/www.nexoinformativo.mx\/#organization"},"image":{"@id":"https:\/\/www.nexoinformativo.mx\/index.php\/2025\/01\/28\/red-de-apoyo-en-expansion-instalan-10-centros-de-atencion-para-repatriados-en-la-frontera-de-mexico\/#primaryimage"},"thumbnailUrl":"https:\/\/www.nexoinformativo.mx\/wp-content\/uploads\/2025\/01\/IMG_9576-scaled-e1738084256189.jpg","keywords":["Bienestar","M\u00e9xicoTeAbraza","Migraci\u00f3n","Repatriados"],"articleSection":["Nacional","\u00daltima Hora"],"inLanguage":"es","potentialAction":[{"@type":"CommentAction","name":"Comment","target":["https:\/\/www.nexoinformativo.mx\/index.php\/2025\/01\/28\/red-de-apoyo-en-expansion-instalan-10-centros-de-atencion-para-repatriados-en-la-frontera-de-mexico\/#respond"]}]},{"@type":"WebPage","@id":"https:\/\/www.nexoinformativo.mx\/index.php\/2025\/01\/28\/red-de-apoyo-en-expansion-instalan-10-centros-de-atencion-para-repatriados-en-la-frontera-de-mexico\/","url":"https:\/\/www.nexoinformativo.mx\/index.php\/2025\/01\/28\/red-de-apoyo-en-expansion-instalan-10-centros-de-atencion-para-repatriados-en-la-frontera-de-mexico\/","name":"Red de apoyo en expansi\u00f3n instalan 10 centros de atenci\u00f3n para repatriados en la frontera norte de M\u00e9xico | Nexo Informativo Santiago de Quer\u00e9taro","isPartOf":{"@id":"https:\/\/www.nexoinformativo.mx\/#website"},"primaryImageOfPage":{"@id":"https:\/\/www.nexoinformativo.mx\/index.php\/2025\/01\/28\/red-de-apoyo-en-expansion-instalan-10-centros-de-atencion-para-repatriados-en-la-frontera-de-mexico\/#primaryimage"},"image":{"@id":"https:\/\/www.nexoinformativo.mx\/index.php\/2025\/01\/28\/red-de-apoyo-en-expansion-instalan-10-centros-de-atencion-para-repatriados-en-la-frontera-de-mexico\/#primaryimage"},"thumbnailUrl":"https:\/\/www.nexoinformativo.mx\/wp-content\/uploads\/2025\/01\/IMG_9576-scaled-e1738084256189.jpg","datePublished":"2025-01-28T13:00:20+00:00","dateModified":"2025-01-28T18:40:54+00:00","description":"Red de apoyo en expansi\u00f3n instalan 10 centros de atenci\u00f3n para repatriados en la frontera de M\u00e9xico","breadcrumb":{"@id":"https:\/\/www.nexoinformativo.mx\/index.php\/2025\/01\/28\/red-de-apoyo-en-expansion-instalan-10-centros-de-atencion-para-repatriados-en-la-frontera-de-mexico\/#breadcrumb"},"inLanguage":"es","potentialAction":[{"@type":"ReadAction","target":["https:\/\/www.nexoinformativo.mx\/index.php\/2025\/01\/28\/red-de-apoyo-en-expansion-instalan-10-centros-de-atencion-para-repatriados-en-la-frontera-de-mexico\/"]}]},{"@type":"ImageObject","inLanguage":"es","@id":"https:\/\/www.nexoinformativo.mx\/index.php\/2025\/01\/28\/red-de-apoyo-en-expansion-instalan-10-centros-de-atencion-para-repatriados-en-la-frontera-de-mexico\/#primaryimage","url":"https:\/\/www.nexoinformativo.mx\/wp-content\/uploads\/2025\/01\/IMG_9576-scaled-e1738084256189.jpg","contentUrl":"https:\/\/www.nexoinformativo.mx\/wp-content\/uploads\/2025\/01\/IMG_9576-scaled-e1738084256189.jpg","width":800,"height":565},{"@type":"BreadcrumbList","@id":"https:\/\/www.nexoinformativo.mx\/index.php\/2025\/01\/28\/red-de-apoyo-en-expansion-instalan-10-centros-de-atencion-para-repatriados-en-la-frontera-de-mexico\/#breadcrumb","itemListElement":[{"@type":"ListItem","position":1,"name":"Inicio","item":"https:\/\/www.nexoinformativo.mx\/"},{"@type":"ListItem","position":2,"name":"Red de apoyo en expansi\u00f3n instalan 10 centros de atenci\u00f3n para repatriados en la frontera norte de M\u00e9xico"}]},{"@type":"WebSite","@id":"https:\/\/www.nexoinformativo.mx\/#website","url":"https:\/\/www.nexoinformativo.mx\/","name":"Nexo Informativo Santiago de Quer\u00e9taro","description":"Explora NexoInformativo y convi\u00e9rtete en parte de una comunidad que valora el conocimiento y la verdad. Tu nexoinformativo es tu puente hacia una comprensi\u00f3n m\u00e1s profunda del mundo que te rodea.","publisher":{"@id":"https:\/\/www.nexoinformativo.mx\/#organization"},"potentialAction":[{"@type":"SearchAction","target":{"@type":"EntryPoint","urlTemplate":"https:\/\/www.nexoinformativo.mx\/?s={search_term_string}"},"query-input":{"@type":"PropertyValueSpecification","valueRequired":true,"valueName":"search_term_string"}}],"inLanguage":"es"},{"@type":"Organization","@id":"https:\/\/www.nexoinformativo.mx\/#organization","name":"Nexo Informativo Santiago de Quer\u00e9taro","url":"https:\/\/www.nexoinformativo.mx\/","logo":{"@type":"ImageObject","inLanguage":"es","@id":"https:\/\/www.nexoinformativo.mx\/#\/schema\/logo\/image\/","url":"https:\/\/www.nexoinformativo.mx\/wp-content\/uploads\/2024\/07\/nexoi-trasparente-2.png","contentUrl":"https:\/\/www.nexoinformativo.mx\/wp-content\/uploads\/2024\/07\/nexoi-trasparente-2.png","width":816,"height":339,"caption":"Nexo Informativo Santiago de Quer\u00e9taro"},"image":{"@id":"https:\/\/www.nexoinformativo.mx\/#\/schema\/logo\/image\/"},"sameAs":["https:\/\/www.facebook.com\/people\/Nexo-Informativo\/61564066885511\/"]},{"@type":"Person","@id":"https:\/\/www.nexoinformativo.mx\/#\/schema\/person\/7749d380ba08c8ca00d7bc76fd907b7d","name":"Nexo Informativo","image":{"@type":"ImageObject","inLanguage":"es","@id":"https:\/\/www.nexoinformativo.mx\/#\/schema\/person\/image\/","url":"https:\/\/secure.gravatar.com\/avatar\/dde2928154642a13d95f87ddf1ea9718fe2b46760a005c53e41ff5ad610704e6?s=96&d=mm&r=g","contentUrl":"https:\/\/secure.gravatar.com\/avatar\/dde2928154642a13d95f87ddf1ea9718fe2b46760a005c53e41ff5ad610704e6?s=96&d=mm&r=g","caption":"Nexo Informativo"},"url":"https:\/\/www.nexoinformativo.mx\/index.php\/author\/edicion\/"}]}},"_links":{"self":[{"href":"https:\/\/www.nexoinformativo.mx\/index.php\/wp-json\/wp\/v2\/posts\/10722","targetHints":{"allow":["GET"]}}],"collection":[{"href":"https:\/\/www.nexoinformativo.mx\/index.php\/wp-json\/wp\/v2\/posts"}],"about":[{"href":"https:\/\/www.nexoinformativo.mx\/index.php\/wp-json\/wp\/v2\/types\/post"}],"author":[{"embeddable":true,"href":"https:\/\/www.nexoinformativo.mx\/index.php\/wp-json\/wp\/v2\/users\/3"}],"replies":[{"embeddable":true,"href":"https:\/\/www.nexoinformativo.mx\/index.php\/wp-json\/wp\/v2\/comments?post=10722"}],"version-history":[{"count":6,"href":"https:\/\/www.nexoinformativo.mx\/index.php\/wp-json\/wp\/v2\/posts\/10722\/revisions"}],"predecessor-version":[{"id":10767,"href":"https:\/\/www.nexoinformativo.mx\/index.php\/wp-json\/wp\/v2\/posts\/10722\/revisions\/10767"}],"wp:featuredmedia":[{"embeddable":true,"href":"https:\/\/www.nexoinformativo.mx\/index.php\/wp-json\/wp\/v2\/media\/10723"}],"wp:attachment":[{"href":"https:\/\/www.nexoinformativo.mx\/index.php\/wp-json\/wp\/v2\/media?parent=10722"}],"wp:term":[{"taxonomy":"category","embeddable":true,"href":"https:\/\/www.nexoinformativo.mx\/index.php\/wp-json\/wp\/v2\/categories?post=10722"},{"taxonomy":"post_tag","embeddable":true,"href":"https:\/\/www.nexoinformativo.mx\/index.php\/wp-json\/wp\/v2\/tags?post=10722"}],"curies":[{"name":"wp","href":"https:\/\/api.w.org\/{rel}","templated":true}]}}