{"id":10741,"date":"2025-01-28T08:30:11","date_gmt":"2025-01-28T14:30:11","guid":{"rendered":"https:\/\/www.nexoinformativo.mx\/?p=10741"},"modified":"2025-01-28T11:30:42","modified_gmt":"2025-01-28T17:30:42","slug":"queretaro-busca-talentos-convocatoria-abierta-para-impartir-cursos-en-el-gomez-morin","status":"publish","type":"post","link":"https:\/\/www.nexoinformativo.mx\/index.php\/2025\/01\/28\/queretaro-busca-talentos-convocatoria-abierta-para-impartir-cursos-en-el-gomez-morin\/","title":{"rendered":"Quer\u00e9taro busca talentos convocatoria abierta para impartir cursos en el G\u00f3mez Mor\u00edn"},"content":{"rendered":"<p style=\"text-align: justify;\" data-sourcepos=\"11:1-11:298\"><strong>El Centro Educativo y Cultural del Estado de Quer\u00e9taro<\/strong> (CECEQ) lanz\u00f3 la convocatoria <strong>&#8220;El G\u00f3mez Mor\u00edn va CONTIGO&#8221;<\/strong>, una iniciativa que busca integrar a facilitadores, expertos y profesionales interesados en compartir sus conocimientos y habilidades con la comunidad queretana.<\/p>\n<p>&nbsp;<\/p>\n<p style=\"text-align: justify;\" data-sourcepos=\"13:1-13:335\">A trav\u00e9s de esta convocatoria, se invita a presentar propuestas innovadoras para impartir cursos, talleres y actividades en diversas \u00e1reas como educaci\u00f3n, cultura, arte, ciencia, tecnolog\u00eda, deportes y bienestar emocional. Las propuestas deben estar dirigidas a un p\u00fablico diverso, incluyendo ni\u00f1os, j\u00f3venes, adultos y adultos mayores.<\/p>\n<p>&nbsp;<\/p>\n<p style=\"text-align: justify;\" data-sourcepos=\"15:1-15:208\">&#8220;<strong>Buscamos a personas apasionadas por la ense\u00f1anza y el aprendizaje, que est\u00e9n dispuestas a compartir sus conocimientos y experiencias con otros&#8221;<\/strong>, se\u00f1al\u00f3 Ana Eugenia Pati\u00f1o, directora general del CECEQ.<\/p>\n<p>&nbsp;<\/p>\n<p style=\"text-align: justify;\" data-sourcepos=\"17:1-17:18\"><strong>\u00bfQu\u00e9 se busca?<\/strong><\/p>\n<ul style=\"text-align: justify;\" data-sourcepos=\"19:1-22:0\">\n<li data-sourcepos=\"19:1-19:91\">Propuestas innovadoras y din\u00e1micas que promuevan el aprendizaje y el desarrollo personal.<\/li>\n<li data-sourcepos=\"20:1-20:113\">Facilitadores con experiencia comprobable y una s\u00f3lida formaci\u00f3n en el \u00e1rea en la que desean impartir el curso.<\/li>\n<li data-sourcepos=\"21:1-22:0\">Actividades que fomenten la inclusi\u00f3n, la diversidad y el acceso equitativo a la cultura y el conocimiento.<\/li>\n<\/ul>\n<p>&nbsp;<\/p>\n<p style=\"text-align: justify;\" data-sourcepos=\"23:1-23:21\"><strong>\u00bfC\u00f3mo participar?<\/strong><\/p>\n<p>&nbsp;<\/p>\n<p style=\"text-align: justify;\" data-sourcepos=\"25:1-25:242\">Los interesados podr\u00e1n presentar sus propuestas a trav\u00e9s de un formulario en l\u00ednea disponible en la p\u00e1gina web oficial del CECEQ (gomezmorin.queretaro.gob.mx). El periodo de inscripci\u00f3n estar\u00e1 abierto del 27 de enero al 25 de febrero de 2025.<\/p>\n<\/p>\n<p>&nbsp;<\/p>\n<p style=\"text-align: justify;\" data-sourcepos=\"27:1-27:45\"><strong>\u00bfQu\u00e9 beneficios ofrece esta convocatoria?<\/strong><\/p>\n<ul data-sourcepos=\"29:1-32:0\">\n<li style=\"text-align: justify;\" data-sourcepos=\"29:1-29:79\">La oportunidad de compartir tus conocimientos y habilidades con la comunidad.<\/li>\n<li style=\"text-align: justify;\" data-sourcepos=\"30:1-30:77\">La posibilidad de contribuir al desarrollo cultural y educativo del estado.<\/li>\n<li style=\"text-align: justify;\" data-sourcepos=\"31:1-32:0\">El reconocimiento p\u00fablico por tu participaci\u00f3n.<\/li>\n<\/ul>\n<p>&nbsp;<\/p>\n<p style=\"text-align: center;\"><em><strong>\u00a1Informaci\u00f3n que transforma!<\/strong><\/em><\/p>\n","protected":false},"excerpt":{"rendered":"<p>El Centro Educativo y Cultural del Estado de Quer\u00e9taro (CECEQ) lanz\u00f3 la convocatoria &#8220;El G\u00f3mez Mor\u00edn va CONTIGO&#8221;, una iniciativa que busca integrar a facilitadores, expertos y profesionales interesados en compartir sus conocimientos y habilidades con la comunidad queretana.<\/p>\n","protected":false},"author":3,"featured_media":10742,"comment_status":"open","ping_status":"open","sticky":false,"template":"","format":"standard","meta":{"footnotes":""},"categories":[42,58],"tags":[3259,3258,3260,3257],"class_list":["post-10741","post","type-post","status-publish","format-standard","has-post-thumbnail","hentry","category-estado","category-ultima-hora","tag-compartirconocimientos","tag-convocatoriaqueretaro","tag-desarrollocomunitario","tag-elgomezmorinvacontigo"],"yoast_head":"<!-- This site is optimized with the Yoast SEO plugin v25.0 - https:\/\/yoast.com\/wordpress\/plugins\/seo\/ -->\n<title>Quer\u00e9taro busca talentos convocatoria abierta para impartir cursos en el G\u00f3mez Mor\u00edn | Nexo Informativo Santiago de Quer\u00e9taro<\/title>\n<meta name=\"description\" content=\"Quer\u00e9taro busca talentos convocatoria abierta para impartir cursos en el G\u00f3mez Mor\u00edn\" \/>\n<meta name=\"robots\" content=\"index, follow, max-snippet:-1, max-image-preview:large, max-video-preview:-1\" \/>\n<link rel=\"canonical\" href=\"https:\/\/www.nexoinformativo.mx\/index.php\/2025\/01\/28\/queretaro-busca-talentos-convocatoria-abierta-para-impartir-cursos-en-el-gomez-morin\/\" \/>\n<meta property=\"og:locale\" content=\"es_MX\" \/>\n<meta property=\"og:type\" content=\"article\" \/>\n<meta property=\"og:title\" content=\"Quer\u00e9taro busca talentos convocatoria abierta para impartir cursos en el G\u00f3mez Mor\u00edn | Nexo Informativo Santiago de Quer\u00e9taro\" \/>\n<meta property=\"og:description\" content=\"Quer\u00e9taro busca talentos convocatoria abierta para impartir cursos en el G\u00f3mez Mor\u00edn\" \/>\n<meta property=\"og:url\" content=\"https:\/\/www.nexoinformativo.mx\/index.php\/2025\/01\/28\/queretaro-busca-talentos-convocatoria-abierta-para-impartir-cursos-en-el-gomez-morin\/\" \/>\n<meta property=\"og:site_name\" content=\"Nexo Informativo Santiago de Quer\u00e9taro\" \/>\n<meta property=\"article:publisher\" content=\"https:\/\/www.facebook.com\/people\/Nexo-Informativo\/61564066885511\/\" \/>\n<meta property=\"article:published_time\" content=\"2025-01-28T14:30:11+00:00\" \/>\n<meta property=\"article:modified_time\" content=\"2025-01-28T17:30:42+00:00\" \/>\n<meta property=\"og:image\" content=\"https:\/\/www.nexoinformativo.mx\/wp-content\/uploads\/2025\/01\/PHOTO-2025-01-28-10-52-56-e1738085306224.jpg\" \/>\n\t<meta property=\"og:image:width\" content=\"650\" \/>\n\t<meta property=\"og:image:height\" content=\"847\" \/>\n\t<meta property=\"og:image:type\" content=\"image\/jpeg\" \/>\n<meta name=\"author\" content=\"Nexo Informativo\" \/>\n<meta name=\"twitter:card\" content=\"summary_large_image\" \/>\n<meta name=\"twitter:label1\" content=\"Escrito por\" \/>\n\t<meta name=\"twitter:data1\" content=\"Nexo Informativo\" \/>\n\t<meta name=\"twitter:label2\" content=\"Tiempo de lectura\" \/>\n\t<meta name=\"twitter:data2\" content=\"2 minutos\" \/>\n<script type=\"application\/ld+json\" class=\"yoast-schema-graph\">{\"@context\":\"https:\/\/schema.org\",\"@graph\":[{\"@type\":\"Article\",\"@id\":\"https:\/\/www.nexoinformativo.mx\/index.php\/2025\/01\/28\/queretaro-busca-talentos-convocatoria-abierta-para-impartir-cursos-en-el-gomez-morin\/#article\",\"isPartOf\":{\"@id\":\"https:\/\/www.nexoinformativo.mx\/index.php\/2025\/01\/28\/queretaro-busca-talentos-convocatoria-abierta-para-impartir-cursos-en-el-gomez-morin\/\"},\"author\":{\"name\":\"Nexo Informativo\",\"@id\":\"https:\/\/www.nexoinformativo.mx\/#\/schema\/person\/7749d380ba08c8ca00d7bc76fd907b7d\"},\"headline\":\"Quer\u00e9taro busca talentos convocatoria abierta para impartir cursos en el G\u00f3mez Mor\u00edn\",\"datePublished\":\"2025-01-28T14:30:11+00:00\",\"dateModified\":\"2025-01-28T17:30:42+00:00\",\"mainEntityOfPage\":{\"@id\":\"https:\/\/www.nexoinformativo.mx\/index.php\/2025\/01\/28\/queretaro-busca-talentos-convocatoria-abierta-para-impartir-cursos-en-el-gomez-morin\/\"},\"wordCount\":288,\"commentCount\":0,\"publisher\":{\"@id\":\"https:\/\/www.nexoinformativo.mx\/#organization\"},\"image\":{\"@id\":\"https:\/\/www.nexoinformativo.mx\/index.php\/2025\/01\/28\/queretaro-busca-talentos-convocatoria-abierta-para-impartir-cursos-en-el-gomez-morin\/#primaryimage\"},\"thumbnailUrl\":\"https:\/\/www.nexoinformativo.mx\/wp-content\/uploads\/2025\/01\/PHOTO-2025-01-28-10-52-56-e1738085306224.jpg\",\"keywords\":[\"CompartirConocimientos\",\"ConvocatoriaQuer\u00e9taro\",\"DesarrolloComunitario\",\"ElG\u00f3mezMor\u00ednVaContigo\"],\"articleSection\":[\"Estado\",\"\u00daltima Hora\"],\"inLanguage\":\"es\",\"potentialAction\":[{\"@type\":\"CommentAction\",\"name\":\"Comment\",\"target\":[\"https:\/\/www.nexoinformativo.mx\/index.php\/2025\/01\/28\/queretaro-busca-talentos-convocatoria-abierta-para-impartir-cursos-en-el-gomez-morin\/#respond\"]}]},{\"@type\":\"WebPage\",\"@id\":\"https:\/\/www.nexoinformativo.mx\/index.php\/2025\/01\/28\/queretaro-busca-talentos-convocatoria-abierta-para-impartir-cursos-en-el-gomez-morin\/\",\"url\":\"https:\/\/www.nexoinformativo.mx\/index.php\/2025\/01\/28\/queretaro-busca-talentos-convocatoria-abierta-para-impartir-cursos-en-el-gomez-morin\/\",\"name\":\"Quer\u00e9taro busca talentos convocatoria abierta para impartir cursos en el G\u00f3mez Mor\u00edn | Nexo Informativo Santiago de Quer\u00e9taro\",\"isPartOf\":{\"@id\":\"https:\/\/www.nexoinformativo.mx\/#website\"},\"primaryImageOfPage\":{\"@id\":\"https:\/\/www.nexoinformativo.mx\/index.php\/2025\/01\/28\/queretaro-busca-talentos-convocatoria-abierta-para-impartir-cursos-en-el-gomez-morin\/#primaryimage\"},\"image\":{\"@id\":\"https:\/\/www.nexoinformativo.mx\/index.php\/2025\/01\/28\/queretaro-busca-talentos-convocatoria-abierta-para-impartir-cursos-en-el-gomez-morin\/#primaryimage\"},\"thumbnailUrl\":\"https:\/\/www.nexoinformativo.mx\/wp-content\/uploads\/2025\/01\/PHOTO-2025-01-28-10-52-56-e1738085306224.jpg\",\"datePublished\":\"2025-01-28T14:30:11+00:00\",\"dateModified\":\"2025-01-28T17:30:42+00:00\",\"description\":\"Quer\u00e9taro busca talentos convocatoria abierta para impartir cursos en el G\u00f3mez Mor\u00edn\",\"breadcrumb\":{\"@id\":\"https:\/\/www.nexoinformativo.mx\/index.php\/2025\/01\/28\/queretaro-busca-talentos-convocatoria-abierta-para-impartir-cursos-en-el-gomez-morin\/#breadcrumb\"},\"inLanguage\":\"es\",\"potentialAction\":[{\"@type\":\"ReadAction\",\"target\":[\"https:\/\/www.nexoinformativo.mx\/index.php\/2025\/01\/28\/queretaro-busca-talentos-convocatoria-abierta-para-impartir-cursos-en-el-gomez-morin\/\"]}]},{\"@type\":\"ImageObject\",\"inLanguage\":\"es\",\"@id\":\"https:\/\/www.nexoinformativo.mx\/index.php\/2025\/01\/28\/queretaro-busca-talentos-convocatoria-abierta-para-impartir-cursos-en-el-gomez-morin\/#primaryimage\",\"url\":\"https:\/\/www.nexoinformativo.mx\/wp-content\/uploads\/2025\/01\/PHOTO-2025-01-28-10-52-56-e1738085306224.jpg\",\"contentUrl\":\"https:\/\/www.nexoinformativo.mx\/wp-content\/uploads\/2025\/01\/PHOTO-2025-01-28-10-52-56-e1738085306224.jpg\",\"width\":650,\"height\":847},{\"@type\":\"BreadcrumbList\",\"@id\":\"https:\/\/www.nexoinformativo.mx\/index.php\/2025\/01\/28\/queretaro-busca-talentos-convocatoria-abierta-para-impartir-cursos-en-el-gomez-morin\/#breadcrumb\",\"itemListElement\":[{\"@type\":\"ListItem\",\"position\":1,\"name\":\"Inicio\",\"item\":\"https:\/\/www.nexoinformativo.mx\/\"},{\"@type\":\"ListItem\",\"position\":2,\"name\":\"Quer\u00e9taro busca talentos convocatoria abierta para impartir cursos en el G\u00f3mez Mor\u00edn\"}]},{\"@type\":\"WebSite\",\"@id\":\"https:\/\/www.nexoinformativo.mx\/#website\",\"url\":\"https:\/\/www.nexoinformativo.mx\/\",\"name\":\"Nexo Informativo Santiago de Quer\u00e9taro\",\"description\":\"Explora NexoInformativo y convi\u00e9rtete en parte de una comunidad que valora el conocimiento y la verdad. Tu nexoinformativo es tu puente hacia una comprensi\u00f3n m\u00e1s profunda del mundo que te rodea.\",\"publisher\":{\"@id\":\"https:\/\/www.nexoinformativo.mx\/#organization\"},\"potentialAction\":[{\"@type\":\"SearchAction\",\"target\":{\"@type\":\"EntryPoint\",\"urlTemplate\":\"https:\/\/www.nexoinformativo.mx\/?s={search_term_string}\"},\"query-input\":{\"@type\":\"PropertyValueSpecification\",\"valueRequired\":true,\"valueName\":\"search_term_string\"}}],\"inLanguage\":\"es\"},{\"@type\":\"Organization\",\"@id\":\"https:\/\/www.nexoinformativo.mx\/#organization\",\"name\":\"Nexo Informativo Santiago de Quer\u00e9taro\",\"url\":\"https:\/\/www.nexoinformativo.mx\/\",\"logo\":{\"@type\":\"ImageObject\",\"inLanguage\":\"es\",\"@id\":\"https:\/\/www.nexoinformativo.mx\/#\/schema\/logo\/image\/\",\"url\":\"https:\/\/www.nexoinformativo.mx\/wp-content\/uploads\/2024\/07\/nexoi-trasparente-2.png\",\"contentUrl\":\"https:\/\/www.nexoinformativo.mx\/wp-content\/uploads\/2024\/07\/nexoi-trasparente-2.png\",\"width\":816,\"height\":339,\"caption\":\"Nexo Informativo Santiago de Quer\u00e9taro\"},\"image\":{\"@id\":\"https:\/\/www.nexoinformativo.mx\/#\/schema\/logo\/image\/\"},\"sameAs\":[\"https:\/\/www.facebook.com\/people\/Nexo-Informativo\/61564066885511\/\"]},{\"@type\":\"Person\",\"@id\":\"https:\/\/www.nexoinformativo.mx\/#\/schema\/person\/7749d380ba08c8ca00d7bc76fd907b7d\",\"name\":\"Nexo Informativo\",\"image\":{\"@type\":\"ImageObject\",\"inLanguage\":\"es\",\"@id\":\"https:\/\/www.nexoinformativo.mx\/#\/schema\/person\/image\/\",\"url\":\"https:\/\/secure.gravatar.com\/avatar\/dde2928154642a13d95f87ddf1ea9718fe2b46760a005c53e41ff5ad610704e6?s=96&d=mm&r=g\",\"contentUrl\":\"https:\/\/secure.gravatar.com\/avatar\/dde2928154642a13d95f87ddf1ea9718fe2b46760a005c53e41ff5ad610704e6?s=96&d=mm&r=g\",\"caption\":\"Nexo Informativo\"},\"url\":\"https:\/\/www.nexoinformativo.mx\/index.php\/author\/edicion\/\"}]}<\/script>\n<!-- \/ Yoast SEO plugin. -->","yoast_head_json":{"title":"Quer\u00e9taro busca talentos convocatoria abierta para impartir cursos en el G\u00f3mez Mor\u00edn | Nexo Informativo Santiago de Quer\u00e9taro","description":"Quer\u00e9taro busca talentos convocatoria abierta para impartir cursos en el G\u00f3mez Mor\u00edn","robots":{"index":"index","follow":"follow","max-snippet":"max-snippet:-1","max-image-preview":"max-image-preview:large","max-video-preview":"max-video-preview:-1"},"canonical":"https:\/\/www.nexoinformativo.mx\/index.php\/2025\/01\/28\/queretaro-busca-talentos-convocatoria-abierta-para-impartir-cursos-en-el-gomez-morin\/","og_locale":"es_MX","og_type":"article","og_title":"Quer\u00e9taro busca talentos convocatoria abierta para impartir cursos en el G\u00f3mez Mor\u00edn | Nexo Informativo Santiago de Quer\u00e9taro","og_description":"Quer\u00e9taro busca talentos convocatoria abierta para impartir cursos en el G\u00f3mez Mor\u00edn","og_url":"https:\/\/www.nexoinformativo.mx\/index.php\/2025\/01\/28\/queretaro-busca-talentos-convocatoria-abierta-para-impartir-cursos-en-el-gomez-morin\/","og_site_name":"Nexo Informativo Santiago de Quer\u00e9taro","article_publisher":"https:\/\/www.facebook.com\/people\/Nexo-Informativo\/61564066885511\/","article_published_time":"2025-01-28T14:30:11+00:00","article_modified_time":"2025-01-28T17:30:42+00:00","og_image":[{"width":650,"height":847,"url":"https:\/\/www.nexoinformativo.mx\/wp-content\/uploads\/2025\/01\/PHOTO-2025-01-28-10-52-56-e1738085306224.jpg","type":"image\/jpeg"}],"author":"Nexo Informativo","twitter_card":"summary_large_image","twitter_misc":{"Escrito por":"Nexo Informativo","Tiempo de lectura":"2 minutos"},"schema":{"@context":"https:\/\/schema.org","@graph":[{"@type":"Article","@id":"https:\/\/www.nexoinformativo.mx\/index.php\/2025\/01\/28\/queretaro-busca-talentos-convocatoria-abierta-para-impartir-cursos-en-el-gomez-morin\/#article","isPartOf":{"@id":"https:\/\/www.nexoinformativo.mx\/index.php\/2025\/01\/28\/queretaro-busca-talentos-convocatoria-abierta-para-impartir-cursos-en-el-gomez-morin\/"},"author":{"name":"Nexo Informativo","@id":"https:\/\/www.nexoinformativo.mx\/#\/schema\/person\/7749d380ba08c8ca00d7bc76fd907b7d"},"headline":"Quer\u00e9taro busca talentos convocatoria abierta para impartir cursos en el G\u00f3mez Mor\u00edn","datePublished":"2025-01-28T14:30:11+00:00","dateModified":"2025-01-28T17:30:42+00:00","mainEntityOfPage":{"@id":"https:\/\/www.nexoinformativo.mx\/index.php\/2025\/01\/28\/queretaro-busca-talentos-convocatoria-abierta-para-impartir-cursos-en-el-gomez-morin\/"},"wordCount":288,"commentCount":0,"publisher":{"@id":"https:\/\/www.nexoinformativo.mx\/#organization"},"image":{"@id":"https:\/\/www.nexoinformativo.mx\/index.php\/2025\/01\/28\/queretaro-busca-talentos-convocatoria-abierta-para-impartir-cursos-en-el-gomez-morin\/#primaryimage"},"thumbnailUrl":"https:\/\/www.nexoinformativo.mx\/wp-content\/uploads\/2025\/01\/PHOTO-2025-01-28-10-52-56-e1738085306224.jpg","keywords":["CompartirConocimientos","ConvocatoriaQuer\u00e9taro","DesarrolloComunitario","ElG\u00f3mezMor\u00ednVaContigo"],"articleSection":["Estado","\u00daltima Hora"],"inLanguage":"es","potentialAction":[{"@type":"CommentAction","name":"Comment","target":["https:\/\/www.nexoinformativo.mx\/index.php\/2025\/01\/28\/queretaro-busca-talentos-convocatoria-abierta-para-impartir-cursos-en-el-gomez-morin\/#respond"]}]},{"@type":"WebPage","@id":"https:\/\/www.nexoinformativo.mx\/index.php\/2025\/01\/28\/queretaro-busca-talentos-convocatoria-abierta-para-impartir-cursos-en-el-gomez-morin\/","url":"https:\/\/www.nexoinformativo.mx\/index.php\/2025\/01\/28\/queretaro-busca-talentos-convocatoria-abierta-para-impartir-cursos-en-el-gomez-morin\/","name":"Quer\u00e9taro busca talentos convocatoria abierta para impartir cursos en el G\u00f3mez Mor\u00edn | Nexo Informativo Santiago de Quer\u00e9taro","isPartOf":{"@id":"https:\/\/www.nexoinformativo.mx\/#website"},"primaryImageOfPage":{"@id":"https:\/\/www.nexoinformativo.mx\/index.php\/2025\/01\/28\/queretaro-busca-talentos-convocatoria-abierta-para-impartir-cursos-en-el-gomez-morin\/#primaryimage"},"image":{"@id":"https:\/\/www.nexoinformativo.mx\/index.php\/2025\/01\/28\/queretaro-busca-talentos-convocatoria-abierta-para-impartir-cursos-en-el-gomez-morin\/#primaryimage"},"thumbnailUrl":"https:\/\/www.nexoinformativo.mx\/wp-content\/uploads\/2025\/01\/PHOTO-2025-01-28-10-52-56-e1738085306224.jpg","datePublished":"2025-01-28T14:30:11+00:00","dateModified":"2025-01-28T17:30:42+00:00","description":"Quer\u00e9taro busca talentos convocatoria abierta para impartir cursos en el G\u00f3mez Mor\u00edn","breadcrumb":{"@id":"https:\/\/www.nexoinformativo.mx\/index.php\/2025\/01\/28\/queretaro-busca-talentos-convocatoria-abierta-para-impartir-cursos-en-el-gomez-morin\/#breadcrumb"},"inLanguage":"es","potentialAction":[{"@type":"ReadAction","target":["https:\/\/www.nexoinformativo.mx\/index.php\/2025\/01\/28\/queretaro-busca-talentos-convocatoria-abierta-para-impartir-cursos-en-el-gomez-morin\/"]}]},{"@type":"ImageObject","inLanguage":"es","@id":"https:\/\/www.nexoinformativo.mx\/index.php\/2025\/01\/28\/queretaro-busca-talentos-convocatoria-abierta-para-impartir-cursos-en-el-gomez-morin\/#primaryimage","url":"https:\/\/www.nexoinformativo.mx\/wp-content\/uploads\/2025\/01\/PHOTO-2025-01-28-10-52-56-e1738085306224.jpg","contentUrl":"https:\/\/www.nexoinformativo.mx\/wp-content\/uploads\/2025\/01\/PHOTO-2025-01-28-10-52-56-e1738085306224.jpg","width":650,"height":847},{"@type":"BreadcrumbList","@id":"https:\/\/www.nexoinformativo.mx\/index.php\/2025\/01\/28\/queretaro-busca-talentos-convocatoria-abierta-para-impartir-cursos-en-el-gomez-morin\/#breadcrumb","itemListElement":[{"@type":"ListItem","position":1,"name":"Inicio","item":"https:\/\/www.nexoinformativo.mx\/"},{"@type":"ListItem","position":2,"name":"Quer\u00e9taro busca talentos convocatoria abierta para impartir cursos en el G\u00f3mez Mor\u00edn"}]},{"@type":"WebSite","@id":"https:\/\/www.nexoinformativo.mx\/#website","url":"https:\/\/www.nexoinformativo.mx\/","name":"Nexo Informativo Santiago de Quer\u00e9taro","description":"Explora NexoInformativo y convi\u00e9rtete en parte de una comunidad que valora el conocimiento y la verdad. Tu nexoinformativo es tu puente hacia una comprensi\u00f3n m\u00e1s profunda del mundo que te rodea.","publisher":{"@id":"https:\/\/www.nexoinformativo.mx\/#organization"},"potentialAction":[{"@type":"SearchAction","target":{"@type":"EntryPoint","urlTemplate":"https:\/\/www.nexoinformativo.mx\/?s={search_term_string}"},"query-input":{"@type":"PropertyValueSpecification","valueRequired":true,"valueName":"search_term_string"}}],"inLanguage":"es"},{"@type":"Organization","@id":"https:\/\/www.nexoinformativo.mx\/#organization","name":"Nexo Informativo Santiago de Quer\u00e9taro","url":"https:\/\/www.nexoinformativo.mx\/","logo":{"@type":"ImageObject","inLanguage":"es","@id":"https:\/\/www.nexoinformativo.mx\/#\/schema\/logo\/image\/","url":"https:\/\/www.nexoinformativo.mx\/wp-content\/uploads\/2024\/07\/nexoi-trasparente-2.png","contentUrl":"https:\/\/www.nexoinformativo.mx\/wp-content\/uploads\/2024\/07\/nexoi-trasparente-2.png","width":816,"height":339,"caption":"Nexo Informativo Santiago de Quer\u00e9taro"},"image":{"@id":"https:\/\/www.nexoinformativo.mx\/#\/schema\/logo\/image\/"},"sameAs":["https:\/\/www.facebook.com\/people\/Nexo-Informativo\/61564066885511\/"]},{"@type":"Person","@id":"https:\/\/www.nexoinformativo.mx\/#\/schema\/person\/7749d380ba08c8ca00d7bc76fd907b7d","name":"Nexo Informativo","image":{"@type":"ImageObject","inLanguage":"es","@id":"https:\/\/www.nexoinformativo.mx\/#\/schema\/person\/image\/","url":"https:\/\/secure.gravatar.com\/avatar\/dde2928154642a13d95f87ddf1ea9718fe2b46760a005c53e41ff5ad610704e6?s=96&d=mm&r=g","contentUrl":"https:\/\/secure.gravatar.com\/avatar\/dde2928154642a13d95f87ddf1ea9718fe2b46760a005c53e41ff5ad610704e6?s=96&d=mm&r=g","caption":"Nexo Informativo"},"url":"https:\/\/www.nexoinformativo.mx\/index.php\/author\/edicion\/"}]}},"_links":{"self":[{"href":"https:\/\/www.nexoinformativo.mx\/index.php\/wp-json\/wp\/v2\/posts\/10741","targetHints":{"allow":["GET"]}}],"collection":[{"href":"https:\/\/www.nexoinformativo.mx\/index.php\/wp-json\/wp\/v2\/posts"}],"about":[{"href":"https:\/\/www.nexoinformativo.mx\/index.php\/wp-json\/wp\/v2\/types\/post"}],"author":[{"embeddable":true,"href":"https:\/\/www.nexoinformativo.mx\/index.php\/wp-json\/wp\/v2\/users\/3"}],"replies":[{"embeddable":true,"href":"https:\/\/www.nexoinformativo.mx\/index.php\/wp-json\/wp\/v2\/comments?post=10741"}],"version-history":[{"count":5,"href":"https:\/\/www.nexoinformativo.mx\/index.php\/wp-json\/wp\/v2\/posts\/10741\/revisions"}],"predecessor-version":[{"id":10745,"href":"https:\/\/www.nexoinformativo.mx\/index.php\/wp-json\/wp\/v2\/posts\/10741\/revisions\/10745"}],"wp:featuredmedia":[{"embeddable":true,"href":"https:\/\/www.nexoinformativo.mx\/index.php\/wp-json\/wp\/v2\/media\/10742"}],"wp:attachment":[{"href":"https:\/\/www.nexoinformativo.mx\/index.php\/wp-json\/wp\/v2\/media?parent=10741"}],"wp:term":[{"taxonomy":"category","embeddable":true,"href":"https:\/\/www.nexoinformativo.mx\/index.php\/wp-json\/wp\/v2\/categories?post=10741"},{"taxonomy":"post_tag","embeddable":true,"href":"https:\/\/www.nexoinformativo.mx\/index.php\/wp-json\/wp\/v2\/tags?post=10741"}],"curies":[{"name":"wp","href":"https:\/\/api.w.org\/{rel}","templated":true}]}}