{"id":10760,"date":"2025-01-28T10:00:42","date_gmt":"2025-01-28T16:00:42","guid":{"rendered":"https:\/\/www.nexoinformativo.mx\/?p=10760"},"modified":"2025-01-28T12:38:28","modified_gmt":"2025-01-28T18:38:28","slug":"confirmado-nuevo-costco-llegara-a-corregidora-queretaro","status":"publish","type":"post","link":"https:\/\/www.nexoinformativo.mx\/index.php\/2025\/01\/28\/confirmado-nuevo-costco-llegara-a-corregidora-queretaro\/","title":{"rendered":"Confirmado nuevo Costco llegar\u00e1 a Corregidora, Quer\u00e9taro"},"content":{"rendered":"<p style=\"text-align: justify;\" data-sourcepos=\"11:1-11:415\">Los queretanos podr\u00e1n disfrutar de una nueva experiencia de compra, ya que se confirm\u00f3 la llegada de una segunda sucursal de Costco al municipio de Corregidora.<\/p>\n<\/p>\n<p>&nbsp;<\/p>\n<p style=\"text-align: justify;\" data-sourcepos=\"11:1-11:415\">El presidente municipal, Chepe Guerrero, asegur\u00f3 que la inversi\u00f3n de la cadena estadounidense est\u00e1 firme y que la nueva tienda se ubicar\u00e1 en la carretera Corregidora-Huimilpan, en la zona de Horizontes de El Bat\u00e1n.<\/p>\n<\/p>\n<p>&nbsp;<\/p>\n<p style=\"text-align: justify;\" data-sourcepos=\"13:1-13:259\">Esta noticia representa una gran oportunidad para el desarrollo econ\u00f3mico de Corregidora, ya que generar\u00e1 empleos y atraer\u00e1 a m\u00e1s consumidores a la zona. Adem\u00e1s, la nueva tienda de Costco contribuir\u00e1 a mejorar la oferta comercial y los servicios en la regi\u00f3n.<\/p>\n<\/p>\n<p>&nbsp;<\/p>\n<p style=\"text-align: justify;\" data-sourcepos=\"15:1-15:192\"><strong>&#8220;Tengo plena certeza de que la inversi\u00f3n est\u00e1 firme. He visto la carta de intenci\u00f3n y, aunque sus procesos internos son rigurosos y complejos, la inversi\u00f3n est\u00e1 autorizada&#8221;<\/strong>, afirm\u00f3 el alcalde.<\/p>\n<\/p>\n<p>&nbsp;<\/p>\n<p style=\"text-align: justify;\" data-sourcepos=\"17:1-17:260\">La elecci\u00f3n de Corregidora como sede de la nueva tienda se debe a la creciente demanda de este tipo de establecimientos en la regi\u00f3n. La ubicaci\u00f3n estrat\u00e9gica de la nueva sucursal, cerca de importantes v\u00edas de comunicaci\u00f3n, facilitar\u00e1 el acceso a los clientes.<\/p>\n<\/p>\n<p>&nbsp;<\/p>\n<p style=\"text-align: justify;\" data-sourcepos=\"19:1-19:208\">El municipio de Corregidora se encuentra trabajando en los tr\u00e1mites necesarios para agilizar la apertura de la nueva tienda de Costco. Se espera que en los pr\u00f3ximos meses se inicien las obras de construcci\u00f3n.<\/p>\n<\/p>\n<p>&nbsp;<\/p>\n<p style=\"text-align: center;\" data-sourcepos=\"19:1-19:208\"><em><strong>\u00a1Informaci\u00f3n que transforma!<\/strong><\/em><\/p>\n","protected":false},"excerpt":{"rendered":"<p>Los queretanos podr\u00e1n disfrutar de una nueva experiencia de compra, ya que se confirm\u00f3 la llegada de una segunda sucursal de Costco al municipio de Corregidora.<\/p>\n","protected":false},"author":3,"featured_media":10761,"comment_status":"open","ping_status":"open","sticky":false,"template":"","format":"standard","meta":{"footnotes":""},"categories":[5,65,58],"tags":[233,352,3266,133],"class_list":["post-10760","post","type-post","status-publish","format-standard","has-post-thumbnail","hentry","category-economia","category-municipios","category-ultima-hora","tag-corregidora","tag-desarrolloeconomico","tag-nuevocostco","tag-queretaro"],"yoast_head":"<!-- This site is optimized with the Yoast SEO plugin v25.0 - https:\/\/yoast.com\/wordpress\/plugins\/seo\/ -->\n<title>Confirmado nuevo Costco llegar\u00e1 a Corregidora, Quer\u00e9taro | Nexo Informativo Santiago de Quer\u00e9taro<\/title>\n<meta name=\"description\" content=\"Confirmado nuevo Costco llegar\u00e1 a Corregidora, Quer\u00e9taro\" \/>\n<meta name=\"robots\" content=\"index, follow, max-snippet:-1, max-image-preview:large, max-video-preview:-1\" \/>\n<link rel=\"canonical\" href=\"https:\/\/www.nexoinformativo.mx\/index.php\/2025\/01\/28\/confirmado-nuevo-costco-llegara-a-corregidora-queretaro\/\" \/>\n<meta property=\"og:locale\" content=\"es_MX\" \/>\n<meta property=\"og:type\" content=\"article\" \/>\n<meta property=\"og:title\" content=\"Confirmado nuevo Costco llegar\u00e1 a Corregidora, Quer\u00e9taro | Nexo Informativo Santiago de Quer\u00e9taro\" \/>\n<meta property=\"og:description\" content=\"Confirmado nuevo Costco llegar\u00e1 a Corregidora, Quer\u00e9taro\" \/>\n<meta property=\"og:url\" content=\"https:\/\/www.nexoinformativo.mx\/index.php\/2025\/01\/28\/confirmado-nuevo-costco-llegara-a-corregidora-queretaro\/\" \/>\n<meta property=\"og:site_name\" content=\"Nexo Informativo Santiago de Quer\u00e9taro\" \/>\n<meta property=\"article:publisher\" content=\"https:\/\/www.facebook.com\/people\/Nexo-Informativo\/61564066885511\/\" \/>\n<meta property=\"article:published_time\" content=\"2025-01-28T16:00:42+00:00\" \/>\n<meta property=\"article:modified_time\" content=\"2025-01-28T18:38:28+00:00\" \/>\n<meta property=\"og:image\" content=\"https:\/\/www.nexoinformativo.mx\/wp-content\/uploads\/2025\/01\/IMG_9580-e1738089470253.jpg\" \/>\n\t<meta property=\"og:image:width\" content=\"700\" \/>\n\t<meta property=\"og:image:height\" content=\"415\" \/>\n\t<meta property=\"og:image:type\" content=\"image\/jpeg\" \/>\n<meta name=\"author\" content=\"Nexo Informativo\" \/>\n<meta name=\"twitter:card\" content=\"summary_large_image\" \/>\n<meta name=\"twitter:label1\" content=\"Escrito por\" \/>\n\t<meta name=\"twitter:data1\" content=\"Nexo Informativo\" \/>\n\t<meta name=\"twitter:label2\" content=\"Tiempo de lectura\" \/>\n\t<meta name=\"twitter:data2\" content=\"2 minutos\" \/>\n<script type=\"application\/ld+json\" class=\"yoast-schema-graph\">{\"@context\":\"https:\/\/schema.org\",\"@graph\":[{\"@type\":\"Article\",\"@id\":\"https:\/\/www.nexoinformativo.mx\/index.php\/2025\/01\/28\/confirmado-nuevo-costco-llegara-a-corregidora-queretaro\/#article\",\"isPartOf\":{\"@id\":\"https:\/\/www.nexoinformativo.mx\/index.php\/2025\/01\/28\/confirmado-nuevo-costco-llegara-a-corregidora-queretaro\/\"},\"author\":{\"name\":\"Nexo Informativo\",\"@id\":\"https:\/\/www.nexoinformativo.mx\/#\/schema\/person\/7749d380ba08c8ca00d7bc76fd907b7d\"},\"headline\":\"Confirmado nuevo Costco llegar\u00e1 a Corregidora, Quer\u00e9taro\",\"datePublished\":\"2025-01-28T16:00:42+00:00\",\"dateModified\":\"2025-01-28T18:38:28+00:00\",\"mainEntityOfPage\":{\"@id\":\"https:\/\/www.nexoinformativo.mx\/index.php\/2025\/01\/28\/confirmado-nuevo-costco-llegara-a-corregidora-queretaro\/\"},\"wordCount\":247,\"commentCount\":0,\"publisher\":{\"@id\":\"https:\/\/www.nexoinformativo.mx\/#organization\"},\"image\":{\"@id\":\"https:\/\/www.nexoinformativo.mx\/index.php\/2025\/01\/28\/confirmado-nuevo-costco-llegara-a-corregidora-queretaro\/#primaryimage\"},\"thumbnailUrl\":\"https:\/\/www.nexoinformativo.mx\/wp-content\/uploads\/2025\/01\/IMG_9580-e1738089470253.jpg\",\"keywords\":[\"Corregidora\",\"DesarrolloEcon\u00f3mico\",\"NuevoCostco\",\"Quer\u00e9taro\"],\"articleSection\":[\"Econom\u00eda\",\"Municipios\",\"\u00daltima Hora\"],\"inLanguage\":\"es\",\"potentialAction\":[{\"@type\":\"CommentAction\",\"name\":\"Comment\",\"target\":[\"https:\/\/www.nexoinformativo.mx\/index.php\/2025\/01\/28\/confirmado-nuevo-costco-llegara-a-corregidora-queretaro\/#respond\"]}]},{\"@type\":\"WebPage\",\"@id\":\"https:\/\/www.nexoinformativo.mx\/index.php\/2025\/01\/28\/confirmado-nuevo-costco-llegara-a-corregidora-queretaro\/\",\"url\":\"https:\/\/www.nexoinformativo.mx\/index.php\/2025\/01\/28\/confirmado-nuevo-costco-llegara-a-corregidora-queretaro\/\",\"name\":\"Confirmado nuevo Costco llegar\u00e1 a Corregidora, Quer\u00e9taro | Nexo Informativo Santiago de Quer\u00e9taro\",\"isPartOf\":{\"@id\":\"https:\/\/www.nexoinformativo.mx\/#website\"},\"primaryImageOfPage\":{\"@id\":\"https:\/\/www.nexoinformativo.mx\/index.php\/2025\/01\/28\/confirmado-nuevo-costco-llegara-a-corregidora-queretaro\/#primaryimage\"},\"image\":{\"@id\":\"https:\/\/www.nexoinformativo.mx\/index.php\/2025\/01\/28\/confirmado-nuevo-costco-llegara-a-corregidora-queretaro\/#primaryimage\"},\"thumbnailUrl\":\"https:\/\/www.nexoinformativo.mx\/wp-content\/uploads\/2025\/01\/IMG_9580-e1738089470253.jpg\",\"datePublished\":\"2025-01-28T16:00:42+00:00\",\"dateModified\":\"2025-01-28T18:38:28+00:00\",\"description\":\"Confirmado nuevo Costco llegar\u00e1 a Corregidora, Quer\u00e9taro\",\"breadcrumb\":{\"@id\":\"https:\/\/www.nexoinformativo.mx\/index.php\/2025\/01\/28\/confirmado-nuevo-costco-llegara-a-corregidora-queretaro\/#breadcrumb\"},\"inLanguage\":\"es\",\"potentialAction\":[{\"@type\":\"ReadAction\",\"target\":[\"https:\/\/www.nexoinformativo.mx\/index.php\/2025\/01\/28\/confirmado-nuevo-costco-llegara-a-corregidora-queretaro\/\"]}]},{\"@type\":\"ImageObject\",\"inLanguage\":\"es\",\"@id\":\"https:\/\/www.nexoinformativo.mx\/index.php\/2025\/01\/28\/confirmado-nuevo-costco-llegara-a-corregidora-queretaro\/#primaryimage\",\"url\":\"https:\/\/www.nexoinformativo.mx\/wp-content\/uploads\/2025\/01\/IMG_9580-e1738089470253.jpg\",\"contentUrl\":\"https:\/\/www.nexoinformativo.mx\/wp-content\/uploads\/2025\/01\/IMG_9580-e1738089470253.jpg\",\"width\":700,\"height\":415,\"caption\":\"Screenshot\"},{\"@type\":\"BreadcrumbList\",\"@id\":\"https:\/\/www.nexoinformativo.mx\/index.php\/2025\/01\/28\/confirmado-nuevo-costco-llegara-a-corregidora-queretaro\/#breadcrumb\",\"itemListElement\":[{\"@type\":\"ListItem\",\"position\":1,\"name\":\"Inicio\",\"item\":\"https:\/\/www.nexoinformativo.mx\/\"},{\"@type\":\"ListItem\",\"position\":2,\"name\":\"Confirmado nuevo Costco llegar\u00e1 a Corregidora, Quer\u00e9taro\"}]},{\"@type\":\"WebSite\",\"@id\":\"https:\/\/www.nexoinformativo.mx\/#website\",\"url\":\"https:\/\/www.nexoinformativo.mx\/\",\"name\":\"Nexo Informativo Santiago de Quer\u00e9taro\",\"description\":\"Explora NexoInformativo y convi\u00e9rtete en parte de una comunidad que valora el conocimiento y la verdad. Tu nexoinformativo es tu puente hacia una comprensi\u00f3n m\u00e1s profunda del mundo que te rodea.\",\"publisher\":{\"@id\":\"https:\/\/www.nexoinformativo.mx\/#organization\"},\"potentialAction\":[{\"@type\":\"SearchAction\",\"target\":{\"@type\":\"EntryPoint\",\"urlTemplate\":\"https:\/\/www.nexoinformativo.mx\/?s={search_term_string}\"},\"query-input\":{\"@type\":\"PropertyValueSpecification\",\"valueRequired\":true,\"valueName\":\"search_term_string\"}}],\"inLanguage\":\"es\"},{\"@type\":\"Organization\",\"@id\":\"https:\/\/www.nexoinformativo.mx\/#organization\",\"name\":\"Nexo Informativo Santiago de Quer\u00e9taro\",\"url\":\"https:\/\/www.nexoinformativo.mx\/\",\"logo\":{\"@type\":\"ImageObject\",\"inLanguage\":\"es\",\"@id\":\"https:\/\/www.nexoinformativo.mx\/#\/schema\/logo\/image\/\",\"url\":\"https:\/\/www.nexoinformativo.mx\/wp-content\/uploads\/2024\/07\/nexoi-trasparente-2.png\",\"contentUrl\":\"https:\/\/www.nexoinformativo.mx\/wp-content\/uploads\/2024\/07\/nexoi-trasparente-2.png\",\"width\":816,\"height\":339,\"caption\":\"Nexo Informativo Santiago de Quer\u00e9taro\"},\"image\":{\"@id\":\"https:\/\/www.nexoinformativo.mx\/#\/schema\/logo\/image\/\"},\"sameAs\":[\"https:\/\/www.facebook.com\/people\/Nexo-Informativo\/61564066885511\/\"]},{\"@type\":\"Person\",\"@id\":\"https:\/\/www.nexoinformativo.mx\/#\/schema\/person\/7749d380ba08c8ca00d7bc76fd907b7d\",\"name\":\"Nexo Informativo\",\"image\":{\"@type\":\"ImageObject\",\"inLanguage\":\"es\",\"@id\":\"https:\/\/www.nexoinformativo.mx\/#\/schema\/person\/image\/\",\"url\":\"https:\/\/secure.gravatar.com\/avatar\/dde2928154642a13d95f87ddf1ea9718fe2b46760a005c53e41ff5ad610704e6?s=96&d=mm&r=g\",\"contentUrl\":\"https:\/\/secure.gravatar.com\/avatar\/dde2928154642a13d95f87ddf1ea9718fe2b46760a005c53e41ff5ad610704e6?s=96&d=mm&r=g\",\"caption\":\"Nexo Informativo\"},\"url\":\"https:\/\/www.nexoinformativo.mx\/index.php\/author\/edicion\/\"}]}<\/script>\n<!-- \/ Yoast SEO plugin. -->","yoast_head_json":{"title":"Confirmado nuevo Costco llegar\u00e1 a Corregidora, Quer\u00e9taro | Nexo Informativo Santiago de Quer\u00e9taro","description":"Confirmado nuevo Costco llegar\u00e1 a Corregidora, Quer\u00e9taro","robots":{"index":"index","follow":"follow","max-snippet":"max-snippet:-1","max-image-preview":"max-image-preview:large","max-video-preview":"max-video-preview:-1"},"canonical":"https:\/\/www.nexoinformativo.mx\/index.php\/2025\/01\/28\/confirmado-nuevo-costco-llegara-a-corregidora-queretaro\/","og_locale":"es_MX","og_type":"article","og_title":"Confirmado nuevo Costco llegar\u00e1 a Corregidora, Quer\u00e9taro | Nexo Informativo Santiago de Quer\u00e9taro","og_description":"Confirmado nuevo Costco llegar\u00e1 a Corregidora, Quer\u00e9taro","og_url":"https:\/\/www.nexoinformativo.mx\/index.php\/2025\/01\/28\/confirmado-nuevo-costco-llegara-a-corregidora-queretaro\/","og_site_name":"Nexo Informativo Santiago de Quer\u00e9taro","article_publisher":"https:\/\/www.facebook.com\/people\/Nexo-Informativo\/61564066885511\/","article_published_time":"2025-01-28T16:00:42+00:00","article_modified_time":"2025-01-28T18:38:28+00:00","og_image":[{"width":700,"height":415,"url":"https:\/\/www.nexoinformativo.mx\/wp-content\/uploads\/2025\/01\/IMG_9580-e1738089470253.jpg","type":"image\/jpeg"}],"author":"Nexo Informativo","twitter_card":"summary_large_image","twitter_misc":{"Escrito por":"Nexo Informativo","Tiempo de lectura":"2 minutos"},"schema":{"@context":"https:\/\/schema.org","@graph":[{"@type":"Article","@id":"https:\/\/www.nexoinformativo.mx\/index.php\/2025\/01\/28\/confirmado-nuevo-costco-llegara-a-corregidora-queretaro\/#article","isPartOf":{"@id":"https:\/\/www.nexoinformativo.mx\/index.php\/2025\/01\/28\/confirmado-nuevo-costco-llegara-a-corregidora-queretaro\/"},"author":{"name":"Nexo Informativo","@id":"https:\/\/www.nexoinformativo.mx\/#\/schema\/person\/7749d380ba08c8ca00d7bc76fd907b7d"},"headline":"Confirmado nuevo Costco llegar\u00e1 a Corregidora, Quer\u00e9taro","datePublished":"2025-01-28T16:00:42+00:00","dateModified":"2025-01-28T18:38:28+00:00","mainEntityOfPage":{"@id":"https:\/\/www.nexoinformativo.mx\/index.php\/2025\/01\/28\/confirmado-nuevo-costco-llegara-a-corregidora-queretaro\/"},"wordCount":247,"commentCount":0,"publisher":{"@id":"https:\/\/www.nexoinformativo.mx\/#organization"},"image":{"@id":"https:\/\/www.nexoinformativo.mx\/index.php\/2025\/01\/28\/confirmado-nuevo-costco-llegara-a-corregidora-queretaro\/#primaryimage"},"thumbnailUrl":"https:\/\/www.nexoinformativo.mx\/wp-content\/uploads\/2025\/01\/IMG_9580-e1738089470253.jpg","keywords":["Corregidora","DesarrolloEcon\u00f3mico","NuevoCostco","Quer\u00e9taro"],"articleSection":["Econom\u00eda","Municipios","\u00daltima Hora"],"inLanguage":"es","potentialAction":[{"@type":"CommentAction","name":"Comment","target":["https:\/\/www.nexoinformativo.mx\/index.php\/2025\/01\/28\/confirmado-nuevo-costco-llegara-a-corregidora-queretaro\/#respond"]}]},{"@type":"WebPage","@id":"https:\/\/www.nexoinformativo.mx\/index.php\/2025\/01\/28\/confirmado-nuevo-costco-llegara-a-corregidora-queretaro\/","url":"https:\/\/www.nexoinformativo.mx\/index.php\/2025\/01\/28\/confirmado-nuevo-costco-llegara-a-corregidora-queretaro\/","name":"Confirmado nuevo Costco llegar\u00e1 a Corregidora, Quer\u00e9taro | Nexo Informativo Santiago de Quer\u00e9taro","isPartOf":{"@id":"https:\/\/www.nexoinformativo.mx\/#website"},"primaryImageOfPage":{"@id":"https:\/\/www.nexoinformativo.mx\/index.php\/2025\/01\/28\/confirmado-nuevo-costco-llegara-a-corregidora-queretaro\/#primaryimage"},"image":{"@id":"https:\/\/www.nexoinformativo.mx\/index.php\/2025\/01\/28\/confirmado-nuevo-costco-llegara-a-corregidora-queretaro\/#primaryimage"},"thumbnailUrl":"https:\/\/www.nexoinformativo.mx\/wp-content\/uploads\/2025\/01\/IMG_9580-e1738089470253.jpg","datePublished":"2025-01-28T16:00:42+00:00","dateModified":"2025-01-28T18:38:28+00:00","description":"Confirmado nuevo Costco llegar\u00e1 a Corregidora, Quer\u00e9taro","breadcrumb":{"@id":"https:\/\/www.nexoinformativo.mx\/index.php\/2025\/01\/28\/confirmado-nuevo-costco-llegara-a-corregidora-queretaro\/#breadcrumb"},"inLanguage":"es","potentialAction":[{"@type":"ReadAction","target":["https:\/\/www.nexoinformativo.mx\/index.php\/2025\/01\/28\/confirmado-nuevo-costco-llegara-a-corregidora-queretaro\/"]}]},{"@type":"ImageObject","inLanguage":"es","@id":"https:\/\/www.nexoinformativo.mx\/index.php\/2025\/01\/28\/confirmado-nuevo-costco-llegara-a-corregidora-queretaro\/#primaryimage","url":"https:\/\/www.nexoinformativo.mx\/wp-content\/uploads\/2025\/01\/IMG_9580-e1738089470253.jpg","contentUrl":"https:\/\/www.nexoinformativo.mx\/wp-content\/uploads\/2025\/01\/IMG_9580-e1738089470253.jpg","width":700,"height":415,"caption":"Screenshot"},{"@type":"BreadcrumbList","@id":"https:\/\/www.nexoinformativo.mx\/index.php\/2025\/01\/28\/confirmado-nuevo-costco-llegara-a-corregidora-queretaro\/#breadcrumb","itemListElement":[{"@type":"ListItem","position":1,"name":"Inicio","item":"https:\/\/www.nexoinformativo.mx\/"},{"@type":"ListItem","position":2,"name":"Confirmado nuevo Costco llegar\u00e1 a Corregidora, Quer\u00e9taro"}]},{"@type":"WebSite","@id":"https:\/\/www.nexoinformativo.mx\/#website","url":"https:\/\/www.nexoinformativo.mx\/","name":"Nexo Informativo Santiago de Quer\u00e9taro","description":"Explora NexoInformativo y convi\u00e9rtete en parte de una comunidad que valora el conocimiento y la verdad. Tu nexoinformativo es tu puente hacia una comprensi\u00f3n m\u00e1s profunda del mundo que te rodea.","publisher":{"@id":"https:\/\/www.nexoinformativo.mx\/#organization"},"potentialAction":[{"@type":"SearchAction","target":{"@type":"EntryPoint","urlTemplate":"https:\/\/www.nexoinformativo.mx\/?s={search_term_string}"},"query-input":{"@type":"PropertyValueSpecification","valueRequired":true,"valueName":"search_term_string"}}],"inLanguage":"es"},{"@type":"Organization","@id":"https:\/\/www.nexoinformativo.mx\/#organization","name":"Nexo Informativo Santiago de Quer\u00e9taro","url":"https:\/\/www.nexoinformativo.mx\/","logo":{"@type":"ImageObject","inLanguage":"es","@id":"https:\/\/www.nexoinformativo.mx\/#\/schema\/logo\/image\/","url":"https:\/\/www.nexoinformativo.mx\/wp-content\/uploads\/2024\/07\/nexoi-trasparente-2.png","contentUrl":"https:\/\/www.nexoinformativo.mx\/wp-content\/uploads\/2024\/07\/nexoi-trasparente-2.png","width":816,"height":339,"caption":"Nexo Informativo Santiago de Quer\u00e9taro"},"image":{"@id":"https:\/\/www.nexoinformativo.mx\/#\/schema\/logo\/image\/"},"sameAs":["https:\/\/www.facebook.com\/people\/Nexo-Informativo\/61564066885511\/"]},{"@type":"Person","@id":"https:\/\/www.nexoinformativo.mx\/#\/schema\/person\/7749d380ba08c8ca00d7bc76fd907b7d","name":"Nexo Informativo","image":{"@type":"ImageObject","inLanguage":"es","@id":"https:\/\/www.nexoinformativo.mx\/#\/schema\/person\/image\/","url":"https:\/\/secure.gravatar.com\/avatar\/dde2928154642a13d95f87ddf1ea9718fe2b46760a005c53e41ff5ad610704e6?s=96&d=mm&r=g","contentUrl":"https:\/\/secure.gravatar.com\/avatar\/dde2928154642a13d95f87ddf1ea9718fe2b46760a005c53e41ff5ad610704e6?s=96&d=mm&r=g","caption":"Nexo Informativo"},"url":"https:\/\/www.nexoinformativo.mx\/index.php\/author\/edicion\/"}]}},"_links":{"self":[{"href":"https:\/\/www.nexoinformativo.mx\/index.php\/wp-json\/wp\/v2\/posts\/10760","targetHints":{"allow":["GET"]}}],"collection":[{"href":"https:\/\/www.nexoinformativo.mx\/index.php\/wp-json\/wp\/v2\/posts"}],"about":[{"href":"https:\/\/www.nexoinformativo.mx\/index.php\/wp-json\/wp\/v2\/types\/post"}],"author":[{"embeddable":true,"href":"https:\/\/www.nexoinformativo.mx\/index.php\/wp-json\/wp\/v2\/users\/3"}],"replies":[{"embeddable":true,"href":"https:\/\/www.nexoinformativo.mx\/index.php\/wp-json\/wp\/v2\/comments?post=10760"}],"version-history":[{"count":3,"href":"https:\/\/www.nexoinformativo.mx\/index.php\/wp-json\/wp\/v2\/posts\/10760\/revisions"}],"predecessor-version":[{"id":10764,"href":"https:\/\/www.nexoinformativo.mx\/index.php\/wp-json\/wp\/v2\/posts\/10760\/revisions\/10764"}],"wp:featuredmedia":[{"embeddable":true,"href":"https:\/\/www.nexoinformativo.mx\/index.php\/wp-json\/wp\/v2\/media\/10761"}],"wp:attachment":[{"href":"https:\/\/www.nexoinformativo.mx\/index.php\/wp-json\/wp\/v2\/media?parent=10760"}],"wp:term":[{"taxonomy":"category","embeddable":true,"href":"https:\/\/www.nexoinformativo.mx\/index.php\/wp-json\/wp\/v2\/categories?post=10760"},{"taxonomy":"post_tag","embeddable":true,"href":"https:\/\/www.nexoinformativo.mx\/index.php\/wp-json\/wp\/v2\/tags?post=10760"}],"curies":[{"name":"wp","href":"https:\/\/api.w.org\/{rel}","templated":true}]}}