{"id":10769,"date":"2025-01-28T11:00:30","date_gmt":"2025-01-28T17:00:30","guid":{"rendered":"https:\/\/www.nexoinformativo.mx\/?p=10769"},"modified":"2025-01-28T13:15:28","modified_gmt":"2025-01-28T19:15:28","slug":"san-juan-del-rio-invierte-mas-de-53-millones-de-pesos-en-obras-publicas-y-estimulos-fiscales","status":"publish","type":"post","link":"https:\/\/www.nexoinformativo.mx\/index.php\/2025\/01\/28\/san-juan-del-rio-invierte-mas-de-53-millones-de-pesos-en-obras-publicas-y-estimulos-fiscales\/","title":{"rendered":"San Juan del R\u00edo invierte m\u00e1s de 53 millones de pesos en obras p\u00fablicas y est\u00edmulos fiscales"},"content":{"rendered":"<p style=\"text-align: justify;\" data-sourcepos=\"11:1-11:279\">El Ayuntamiento de San Juan del R\u00edo dio un importante paso para impulsar el desarrollo de la ciudad al aprobar el \u201c<strong>Programa Operativo Anual de Obra P\u00fablica Municipal 2025 Primera Parte\u201d<\/strong>, con una inversi\u00f3n superior a los 43 millones de pesos.<\/p>\n<p>&nbsp;<\/p>\n<p style=\"text-align: justify;\" data-sourcepos=\"13:1-13:237\">En sesi\u00f3n de Cabildo, los regidores tambi\u00e9n autorizaron los <strong>\u201cProgramas de Obra por Administraci\u00f3n\u201d<\/strong>, con un monto de 9 millones de pesos, y aprobaron criterios para otorgar descuentos en el impuesto predial a empresas que generen empleos.<\/p>\n<p>&nbsp;<\/p>\n<p style=\"text-align: justify;\" data-sourcepos=\"15:1-15:361\">Estas acciones demuestran el compromiso de la administraci\u00f3n municipal por mejorar la infraestructura urbana, fomentar la inversi\u00f3n y generar empleo. Las obras contempladas en el programa anual se centrar\u00e1n en la construcci\u00f3n y rehabilitaci\u00f3n de vialidades, espacios p\u00fablicos y servicios b\u00e1sicos, con el objetivo de mejorar la calidad de vida de los habitantes.<\/p>\n<p>&nbsp;<\/p>\n<p style=\"text-align: justify;\" data-sourcepos=\"17:1-17:216\">Adem\u00e1s de las obras p\u00fablicas, el Ayuntamiento aprob\u00f3 incentivos fiscales para las empresas que se instalen o expandan en el municipio. Estos est\u00edmulos tienen como objetivo atraer nuevas inversiones y generar empleos.<\/p>\n<p>&nbsp;<\/p>\n<p style=\"text-align: justify;\" data-sourcepos=\"19:1-19:321\">&#8220;Con estas acciones, estamos sentando las bases para un futuro m\u00e1s pr\u00f3spero para San Juan del R\u00edo&#8221;, afirm\u00f3 el presidente municipal, Roberto Cabrera. <strong>&#8220;La inversi\u00f3n en infraestructura y la creaci\u00f3n de un ambiente de negocios favorable son fundamentales para el crecimiento econ\u00f3mico y social de nuestro municipio&#8221;<\/strong>.<\/p>\n<p>&nbsp;<\/p>\n<p style=\"text-align: center;\" data-sourcepos=\"19:1-19:321\"><em><strong>\u00a1Informaci\u00f3n que transforma!<\/strong><\/em><\/p>\n","protected":false},"excerpt":{"rendered":"<p>El Ayuntamiento de San Juan del R\u00edo dio un importante paso para impulsar el desarrollo de la ciudad al aprobar el \u201cPrograma Operativo Anual de Obra P\u00fablica Municipal 2025 Primera Parte\u201d, con una inversi\u00f3n superior a los 43 millones de pesos.<\/p>\n","protected":false},"author":3,"featured_media":10770,"comment_status":"open","ping_status":"open","sticky":false,"template":"","format":"standard","meta":{"footnotes":""},"categories":[65,58],"tags":[352,142,644,382],"class_list":["post-10769","post","type-post","status-publish","format-standard","has-post-thumbnail","hentry","category-municipios","category-ultima-hora","tag-desarrolloeconomico","tag-inversion","tag-obraspublicas","tag-sanjuandelrio"],"yoast_head":"<!-- This site is optimized with the Yoast SEO plugin v25.0 - https:\/\/yoast.com\/wordpress\/plugins\/seo\/ -->\n<title>San Juan del R\u00edo invierte m\u00e1s de 53 millones de pesos en obras p\u00fablicas y est\u00edmulos fiscales | Nexo Informativo Santiago de Quer\u00e9taro<\/title>\n<meta name=\"description\" content=\"San Juan del R\u00edo invierte m\u00e1s de 53 millones de pesos en obras p\u00fablicas y est\u00edmulos fiscales\" \/>\n<meta name=\"robots\" content=\"index, follow, max-snippet:-1, max-image-preview:large, max-video-preview:-1\" \/>\n<link rel=\"canonical\" href=\"https:\/\/www.nexoinformativo.mx\/index.php\/2025\/01\/28\/san-juan-del-rio-invierte-mas-de-53-millones-de-pesos-en-obras-publicas-y-estimulos-fiscales\/\" \/>\n<meta property=\"og:locale\" content=\"es_MX\" \/>\n<meta property=\"og:type\" content=\"article\" \/>\n<meta property=\"og:title\" content=\"San Juan del R\u00edo invierte m\u00e1s de 53 millones de pesos en obras p\u00fablicas y est\u00edmulos fiscales | Nexo Informativo Santiago de Quer\u00e9taro\" \/>\n<meta property=\"og:description\" content=\"San Juan del R\u00edo invierte m\u00e1s de 53 millones de pesos en obras p\u00fablicas y est\u00edmulos fiscales\" \/>\n<meta property=\"og:url\" content=\"https:\/\/www.nexoinformativo.mx\/index.php\/2025\/01\/28\/san-juan-del-rio-invierte-mas-de-53-millones-de-pesos-en-obras-publicas-y-estimulos-fiscales\/\" \/>\n<meta property=\"og:site_name\" content=\"Nexo Informativo Santiago de Quer\u00e9taro\" \/>\n<meta property=\"article:publisher\" content=\"https:\/\/www.facebook.com\/people\/Nexo-Informativo\/61564066885511\/\" \/>\n<meta property=\"article:published_time\" content=\"2025-01-28T17:00:30+00:00\" \/>\n<meta property=\"article:modified_time\" content=\"2025-01-28T19:15:28+00:00\" \/>\n<meta property=\"og:image\" content=\"https:\/\/www.nexoinformativo.mx\/wp-content\/uploads\/2025\/01\/809dea22-8e76-4fe3-8f8b-3110cbe66bfc-e1738091540167.jpg\" \/>\n\t<meta property=\"og:image:width\" content=\"800\" \/>\n\t<meta property=\"og:image:height\" content=\"533\" \/>\n\t<meta property=\"og:image:type\" content=\"image\/jpeg\" \/>\n<meta name=\"author\" content=\"Nexo Informativo\" \/>\n<meta name=\"twitter:card\" content=\"summary_large_image\" \/>\n<meta name=\"twitter:label1\" content=\"Escrito por\" \/>\n\t<meta name=\"twitter:data1\" content=\"Nexo Informativo\" \/>\n\t<meta name=\"twitter:label2\" content=\"Tiempo de lectura\" \/>\n\t<meta name=\"twitter:data2\" content=\"2 minutos\" \/>\n<script type=\"application\/ld+json\" class=\"yoast-schema-graph\">{\"@context\":\"https:\/\/schema.org\",\"@graph\":[{\"@type\":\"Article\",\"@id\":\"https:\/\/www.nexoinformativo.mx\/index.php\/2025\/01\/28\/san-juan-del-rio-invierte-mas-de-53-millones-de-pesos-en-obras-publicas-y-estimulos-fiscales\/#article\",\"isPartOf\":{\"@id\":\"https:\/\/www.nexoinformativo.mx\/index.php\/2025\/01\/28\/san-juan-del-rio-invierte-mas-de-53-millones-de-pesos-en-obras-publicas-y-estimulos-fiscales\/\"},\"author\":{\"name\":\"Nexo Informativo\",\"@id\":\"https:\/\/www.nexoinformativo.mx\/#\/schema\/person\/7749d380ba08c8ca00d7bc76fd907b7d\"},\"headline\":\"San Juan del R\u00edo invierte m\u00e1s de 53 millones de pesos en obras p\u00fablicas y est\u00edmulos fiscales\",\"datePublished\":\"2025-01-28T17:00:30+00:00\",\"dateModified\":\"2025-01-28T19:15:28+00:00\",\"mainEntityOfPage\":{\"@id\":\"https:\/\/www.nexoinformativo.mx\/index.php\/2025\/01\/28\/san-juan-del-rio-invierte-mas-de-53-millones-de-pesos-en-obras-publicas-y-estimulos-fiscales\/\"},\"wordCount\":258,\"commentCount\":0,\"publisher\":{\"@id\":\"https:\/\/www.nexoinformativo.mx\/#organization\"},\"image\":{\"@id\":\"https:\/\/www.nexoinformativo.mx\/index.php\/2025\/01\/28\/san-juan-del-rio-invierte-mas-de-53-millones-de-pesos-en-obras-publicas-y-estimulos-fiscales\/#primaryimage\"},\"thumbnailUrl\":\"https:\/\/www.nexoinformativo.mx\/wp-content\/uploads\/2025\/01\/809dea22-8e76-4fe3-8f8b-3110cbe66bfc-e1738091540167.jpg\",\"keywords\":[\"DesarrolloEcon\u00f3mico\",\"Inversi\u00f3n\",\"ObrasP\u00fablicas\",\"SanJuanDelR\u00edo\"],\"articleSection\":[\"Municipios\",\"\u00daltima Hora\"],\"inLanguage\":\"es\",\"potentialAction\":[{\"@type\":\"CommentAction\",\"name\":\"Comment\",\"target\":[\"https:\/\/www.nexoinformativo.mx\/index.php\/2025\/01\/28\/san-juan-del-rio-invierte-mas-de-53-millones-de-pesos-en-obras-publicas-y-estimulos-fiscales\/#respond\"]}]},{\"@type\":\"WebPage\",\"@id\":\"https:\/\/www.nexoinformativo.mx\/index.php\/2025\/01\/28\/san-juan-del-rio-invierte-mas-de-53-millones-de-pesos-en-obras-publicas-y-estimulos-fiscales\/\",\"url\":\"https:\/\/www.nexoinformativo.mx\/index.php\/2025\/01\/28\/san-juan-del-rio-invierte-mas-de-53-millones-de-pesos-en-obras-publicas-y-estimulos-fiscales\/\",\"name\":\"San Juan del R\u00edo invierte m\u00e1s de 53 millones de pesos en obras p\u00fablicas y est\u00edmulos fiscales | Nexo Informativo Santiago de Quer\u00e9taro\",\"isPartOf\":{\"@id\":\"https:\/\/www.nexoinformativo.mx\/#website\"},\"primaryImageOfPage\":{\"@id\":\"https:\/\/www.nexoinformativo.mx\/index.php\/2025\/01\/28\/san-juan-del-rio-invierte-mas-de-53-millones-de-pesos-en-obras-publicas-y-estimulos-fiscales\/#primaryimage\"},\"image\":{\"@id\":\"https:\/\/www.nexoinformativo.mx\/index.php\/2025\/01\/28\/san-juan-del-rio-invierte-mas-de-53-millones-de-pesos-en-obras-publicas-y-estimulos-fiscales\/#primaryimage\"},\"thumbnailUrl\":\"https:\/\/www.nexoinformativo.mx\/wp-content\/uploads\/2025\/01\/809dea22-8e76-4fe3-8f8b-3110cbe66bfc-e1738091540167.jpg\",\"datePublished\":\"2025-01-28T17:00:30+00:00\",\"dateModified\":\"2025-01-28T19:15:28+00:00\",\"description\":\"San Juan del R\u00edo invierte m\u00e1s de 53 millones de pesos en obras p\u00fablicas y est\u00edmulos fiscales\",\"breadcrumb\":{\"@id\":\"https:\/\/www.nexoinformativo.mx\/index.php\/2025\/01\/28\/san-juan-del-rio-invierte-mas-de-53-millones-de-pesos-en-obras-publicas-y-estimulos-fiscales\/#breadcrumb\"},\"inLanguage\":\"es\",\"potentialAction\":[{\"@type\":\"ReadAction\",\"target\":[\"https:\/\/www.nexoinformativo.mx\/index.php\/2025\/01\/28\/san-juan-del-rio-invierte-mas-de-53-millones-de-pesos-en-obras-publicas-y-estimulos-fiscales\/\"]}]},{\"@type\":\"ImageObject\",\"inLanguage\":\"es\",\"@id\":\"https:\/\/www.nexoinformativo.mx\/index.php\/2025\/01\/28\/san-juan-del-rio-invierte-mas-de-53-millones-de-pesos-en-obras-publicas-y-estimulos-fiscales\/#primaryimage\",\"url\":\"https:\/\/www.nexoinformativo.mx\/wp-content\/uploads\/2025\/01\/809dea22-8e76-4fe3-8f8b-3110cbe66bfc-e1738091540167.jpg\",\"contentUrl\":\"https:\/\/www.nexoinformativo.mx\/wp-content\/uploads\/2025\/01\/809dea22-8e76-4fe3-8f8b-3110cbe66bfc-e1738091540167.jpg\",\"width\":800,\"height\":533},{\"@type\":\"BreadcrumbList\",\"@id\":\"https:\/\/www.nexoinformativo.mx\/index.php\/2025\/01\/28\/san-juan-del-rio-invierte-mas-de-53-millones-de-pesos-en-obras-publicas-y-estimulos-fiscales\/#breadcrumb\",\"itemListElement\":[{\"@type\":\"ListItem\",\"position\":1,\"name\":\"Inicio\",\"item\":\"https:\/\/www.nexoinformativo.mx\/\"},{\"@type\":\"ListItem\",\"position\":2,\"name\":\"San Juan del R\u00edo invierte m\u00e1s de 53 millones de pesos en obras p\u00fablicas y est\u00edmulos fiscales\"}]},{\"@type\":\"WebSite\",\"@id\":\"https:\/\/www.nexoinformativo.mx\/#website\",\"url\":\"https:\/\/www.nexoinformativo.mx\/\",\"name\":\"Nexo Informativo Santiago de Quer\u00e9taro\",\"description\":\"Explora NexoInformativo y convi\u00e9rtete en parte de una comunidad que valora el conocimiento y la verdad. Tu nexoinformativo es tu puente hacia una comprensi\u00f3n m\u00e1s profunda del mundo que te rodea.\",\"publisher\":{\"@id\":\"https:\/\/www.nexoinformativo.mx\/#organization\"},\"potentialAction\":[{\"@type\":\"SearchAction\",\"target\":{\"@type\":\"EntryPoint\",\"urlTemplate\":\"https:\/\/www.nexoinformativo.mx\/?s={search_term_string}\"},\"query-input\":{\"@type\":\"PropertyValueSpecification\",\"valueRequired\":true,\"valueName\":\"search_term_string\"}}],\"inLanguage\":\"es\"},{\"@type\":\"Organization\",\"@id\":\"https:\/\/www.nexoinformativo.mx\/#organization\",\"name\":\"Nexo Informativo Santiago de Quer\u00e9taro\",\"url\":\"https:\/\/www.nexoinformativo.mx\/\",\"logo\":{\"@type\":\"ImageObject\",\"inLanguage\":\"es\",\"@id\":\"https:\/\/www.nexoinformativo.mx\/#\/schema\/logo\/image\/\",\"url\":\"https:\/\/www.nexoinformativo.mx\/wp-content\/uploads\/2024\/07\/nexoi-trasparente-2.png\",\"contentUrl\":\"https:\/\/www.nexoinformativo.mx\/wp-content\/uploads\/2024\/07\/nexoi-trasparente-2.png\",\"width\":816,\"height\":339,\"caption\":\"Nexo Informativo Santiago de Quer\u00e9taro\"},\"image\":{\"@id\":\"https:\/\/www.nexoinformativo.mx\/#\/schema\/logo\/image\/\"},\"sameAs\":[\"https:\/\/www.facebook.com\/people\/Nexo-Informativo\/61564066885511\/\"]},{\"@type\":\"Person\",\"@id\":\"https:\/\/www.nexoinformativo.mx\/#\/schema\/person\/7749d380ba08c8ca00d7bc76fd907b7d\",\"name\":\"Nexo Informativo\",\"image\":{\"@type\":\"ImageObject\",\"inLanguage\":\"es\",\"@id\":\"https:\/\/www.nexoinformativo.mx\/#\/schema\/person\/image\/\",\"url\":\"https:\/\/secure.gravatar.com\/avatar\/dde2928154642a13d95f87ddf1ea9718fe2b46760a005c53e41ff5ad610704e6?s=96&d=mm&r=g\",\"contentUrl\":\"https:\/\/secure.gravatar.com\/avatar\/dde2928154642a13d95f87ddf1ea9718fe2b46760a005c53e41ff5ad610704e6?s=96&d=mm&r=g\",\"caption\":\"Nexo Informativo\"},\"url\":\"https:\/\/www.nexoinformativo.mx\/index.php\/author\/edicion\/\"}]}<\/script>\n<!-- \/ Yoast SEO plugin. -->","yoast_head_json":{"title":"San Juan del R\u00edo invierte m\u00e1s de 53 millones de pesos en obras p\u00fablicas y est\u00edmulos fiscales | Nexo Informativo Santiago de Quer\u00e9taro","description":"San Juan del R\u00edo invierte m\u00e1s de 53 millones de pesos en obras p\u00fablicas y est\u00edmulos fiscales","robots":{"index":"index","follow":"follow","max-snippet":"max-snippet:-1","max-image-preview":"max-image-preview:large","max-video-preview":"max-video-preview:-1"},"canonical":"https:\/\/www.nexoinformativo.mx\/index.php\/2025\/01\/28\/san-juan-del-rio-invierte-mas-de-53-millones-de-pesos-en-obras-publicas-y-estimulos-fiscales\/","og_locale":"es_MX","og_type":"article","og_title":"San Juan del R\u00edo invierte m\u00e1s de 53 millones de pesos en obras p\u00fablicas y est\u00edmulos fiscales | Nexo Informativo Santiago de Quer\u00e9taro","og_description":"San Juan del R\u00edo invierte m\u00e1s de 53 millones de pesos en obras p\u00fablicas y est\u00edmulos fiscales","og_url":"https:\/\/www.nexoinformativo.mx\/index.php\/2025\/01\/28\/san-juan-del-rio-invierte-mas-de-53-millones-de-pesos-en-obras-publicas-y-estimulos-fiscales\/","og_site_name":"Nexo Informativo Santiago de Quer\u00e9taro","article_publisher":"https:\/\/www.facebook.com\/people\/Nexo-Informativo\/61564066885511\/","article_published_time":"2025-01-28T17:00:30+00:00","article_modified_time":"2025-01-28T19:15:28+00:00","og_image":[{"width":800,"height":533,"url":"https:\/\/www.nexoinformativo.mx\/wp-content\/uploads\/2025\/01\/809dea22-8e76-4fe3-8f8b-3110cbe66bfc-e1738091540167.jpg","type":"image\/jpeg"}],"author":"Nexo Informativo","twitter_card":"summary_large_image","twitter_misc":{"Escrito por":"Nexo Informativo","Tiempo de lectura":"2 minutos"},"schema":{"@context":"https:\/\/schema.org","@graph":[{"@type":"Article","@id":"https:\/\/www.nexoinformativo.mx\/index.php\/2025\/01\/28\/san-juan-del-rio-invierte-mas-de-53-millones-de-pesos-en-obras-publicas-y-estimulos-fiscales\/#article","isPartOf":{"@id":"https:\/\/www.nexoinformativo.mx\/index.php\/2025\/01\/28\/san-juan-del-rio-invierte-mas-de-53-millones-de-pesos-en-obras-publicas-y-estimulos-fiscales\/"},"author":{"name":"Nexo Informativo","@id":"https:\/\/www.nexoinformativo.mx\/#\/schema\/person\/7749d380ba08c8ca00d7bc76fd907b7d"},"headline":"San Juan del R\u00edo invierte m\u00e1s de 53 millones de pesos en obras p\u00fablicas y est\u00edmulos fiscales","datePublished":"2025-01-28T17:00:30+00:00","dateModified":"2025-01-28T19:15:28+00:00","mainEntityOfPage":{"@id":"https:\/\/www.nexoinformativo.mx\/index.php\/2025\/01\/28\/san-juan-del-rio-invierte-mas-de-53-millones-de-pesos-en-obras-publicas-y-estimulos-fiscales\/"},"wordCount":258,"commentCount":0,"publisher":{"@id":"https:\/\/www.nexoinformativo.mx\/#organization"},"image":{"@id":"https:\/\/www.nexoinformativo.mx\/index.php\/2025\/01\/28\/san-juan-del-rio-invierte-mas-de-53-millones-de-pesos-en-obras-publicas-y-estimulos-fiscales\/#primaryimage"},"thumbnailUrl":"https:\/\/www.nexoinformativo.mx\/wp-content\/uploads\/2025\/01\/809dea22-8e76-4fe3-8f8b-3110cbe66bfc-e1738091540167.jpg","keywords":["DesarrolloEcon\u00f3mico","Inversi\u00f3n","ObrasP\u00fablicas","SanJuanDelR\u00edo"],"articleSection":["Municipios","\u00daltima Hora"],"inLanguage":"es","potentialAction":[{"@type":"CommentAction","name":"Comment","target":["https:\/\/www.nexoinformativo.mx\/index.php\/2025\/01\/28\/san-juan-del-rio-invierte-mas-de-53-millones-de-pesos-en-obras-publicas-y-estimulos-fiscales\/#respond"]}]},{"@type":"WebPage","@id":"https:\/\/www.nexoinformativo.mx\/index.php\/2025\/01\/28\/san-juan-del-rio-invierte-mas-de-53-millones-de-pesos-en-obras-publicas-y-estimulos-fiscales\/","url":"https:\/\/www.nexoinformativo.mx\/index.php\/2025\/01\/28\/san-juan-del-rio-invierte-mas-de-53-millones-de-pesos-en-obras-publicas-y-estimulos-fiscales\/","name":"San Juan del R\u00edo invierte m\u00e1s de 53 millones de pesos en obras p\u00fablicas y est\u00edmulos fiscales | Nexo Informativo Santiago de Quer\u00e9taro","isPartOf":{"@id":"https:\/\/www.nexoinformativo.mx\/#website"},"primaryImageOfPage":{"@id":"https:\/\/www.nexoinformativo.mx\/index.php\/2025\/01\/28\/san-juan-del-rio-invierte-mas-de-53-millones-de-pesos-en-obras-publicas-y-estimulos-fiscales\/#primaryimage"},"image":{"@id":"https:\/\/www.nexoinformativo.mx\/index.php\/2025\/01\/28\/san-juan-del-rio-invierte-mas-de-53-millones-de-pesos-en-obras-publicas-y-estimulos-fiscales\/#primaryimage"},"thumbnailUrl":"https:\/\/www.nexoinformativo.mx\/wp-content\/uploads\/2025\/01\/809dea22-8e76-4fe3-8f8b-3110cbe66bfc-e1738091540167.jpg","datePublished":"2025-01-28T17:00:30+00:00","dateModified":"2025-01-28T19:15:28+00:00","description":"San Juan del R\u00edo invierte m\u00e1s de 53 millones de pesos en obras p\u00fablicas y est\u00edmulos fiscales","breadcrumb":{"@id":"https:\/\/www.nexoinformativo.mx\/index.php\/2025\/01\/28\/san-juan-del-rio-invierte-mas-de-53-millones-de-pesos-en-obras-publicas-y-estimulos-fiscales\/#breadcrumb"},"inLanguage":"es","potentialAction":[{"@type":"ReadAction","target":["https:\/\/www.nexoinformativo.mx\/index.php\/2025\/01\/28\/san-juan-del-rio-invierte-mas-de-53-millones-de-pesos-en-obras-publicas-y-estimulos-fiscales\/"]}]},{"@type":"ImageObject","inLanguage":"es","@id":"https:\/\/www.nexoinformativo.mx\/index.php\/2025\/01\/28\/san-juan-del-rio-invierte-mas-de-53-millones-de-pesos-en-obras-publicas-y-estimulos-fiscales\/#primaryimage","url":"https:\/\/www.nexoinformativo.mx\/wp-content\/uploads\/2025\/01\/809dea22-8e76-4fe3-8f8b-3110cbe66bfc-e1738091540167.jpg","contentUrl":"https:\/\/www.nexoinformativo.mx\/wp-content\/uploads\/2025\/01\/809dea22-8e76-4fe3-8f8b-3110cbe66bfc-e1738091540167.jpg","width":800,"height":533},{"@type":"BreadcrumbList","@id":"https:\/\/www.nexoinformativo.mx\/index.php\/2025\/01\/28\/san-juan-del-rio-invierte-mas-de-53-millones-de-pesos-en-obras-publicas-y-estimulos-fiscales\/#breadcrumb","itemListElement":[{"@type":"ListItem","position":1,"name":"Inicio","item":"https:\/\/www.nexoinformativo.mx\/"},{"@type":"ListItem","position":2,"name":"San Juan del R\u00edo invierte m\u00e1s de 53 millones de pesos en obras p\u00fablicas y est\u00edmulos fiscales"}]},{"@type":"WebSite","@id":"https:\/\/www.nexoinformativo.mx\/#website","url":"https:\/\/www.nexoinformativo.mx\/","name":"Nexo Informativo Santiago de Quer\u00e9taro","description":"Explora NexoInformativo y convi\u00e9rtete en parte de una comunidad que valora el conocimiento y la verdad. Tu nexoinformativo es tu puente hacia una comprensi\u00f3n m\u00e1s profunda del mundo que te rodea.","publisher":{"@id":"https:\/\/www.nexoinformativo.mx\/#organization"},"potentialAction":[{"@type":"SearchAction","target":{"@type":"EntryPoint","urlTemplate":"https:\/\/www.nexoinformativo.mx\/?s={search_term_string}"},"query-input":{"@type":"PropertyValueSpecification","valueRequired":true,"valueName":"search_term_string"}}],"inLanguage":"es"},{"@type":"Organization","@id":"https:\/\/www.nexoinformativo.mx\/#organization","name":"Nexo Informativo Santiago de Quer\u00e9taro","url":"https:\/\/www.nexoinformativo.mx\/","logo":{"@type":"ImageObject","inLanguage":"es","@id":"https:\/\/www.nexoinformativo.mx\/#\/schema\/logo\/image\/","url":"https:\/\/www.nexoinformativo.mx\/wp-content\/uploads\/2024\/07\/nexoi-trasparente-2.png","contentUrl":"https:\/\/www.nexoinformativo.mx\/wp-content\/uploads\/2024\/07\/nexoi-trasparente-2.png","width":816,"height":339,"caption":"Nexo Informativo Santiago de Quer\u00e9taro"},"image":{"@id":"https:\/\/www.nexoinformativo.mx\/#\/schema\/logo\/image\/"},"sameAs":["https:\/\/www.facebook.com\/people\/Nexo-Informativo\/61564066885511\/"]},{"@type":"Person","@id":"https:\/\/www.nexoinformativo.mx\/#\/schema\/person\/7749d380ba08c8ca00d7bc76fd907b7d","name":"Nexo Informativo","image":{"@type":"ImageObject","inLanguage":"es","@id":"https:\/\/www.nexoinformativo.mx\/#\/schema\/person\/image\/","url":"https:\/\/secure.gravatar.com\/avatar\/dde2928154642a13d95f87ddf1ea9718fe2b46760a005c53e41ff5ad610704e6?s=96&d=mm&r=g","contentUrl":"https:\/\/secure.gravatar.com\/avatar\/dde2928154642a13d95f87ddf1ea9718fe2b46760a005c53e41ff5ad610704e6?s=96&d=mm&r=g","caption":"Nexo Informativo"},"url":"https:\/\/www.nexoinformativo.mx\/index.php\/author\/edicion\/"}]}},"_links":{"self":[{"href":"https:\/\/www.nexoinformativo.mx\/index.php\/wp-json\/wp\/v2\/posts\/10769","targetHints":{"allow":["GET"]}}],"collection":[{"href":"https:\/\/www.nexoinformativo.mx\/index.php\/wp-json\/wp\/v2\/posts"}],"about":[{"href":"https:\/\/www.nexoinformativo.mx\/index.php\/wp-json\/wp\/v2\/types\/post"}],"author":[{"embeddable":true,"href":"https:\/\/www.nexoinformativo.mx\/index.php\/wp-json\/wp\/v2\/users\/3"}],"replies":[{"embeddable":true,"href":"https:\/\/www.nexoinformativo.mx\/index.php\/wp-json\/wp\/v2\/comments?post=10769"}],"version-history":[{"count":4,"href":"https:\/\/www.nexoinformativo.mx\/index.php\/wp-json\/wp\/v2\/posts\/10769\/revisions"}],"predecessor-version":[{"id":10773,"href":"https:\/\/www.nexoinformativo.mx\/index.php\/wp-json\/wp\/v2\/posts\/10769\/revisions\/10773"}],"wp:featuredmedia":[{"embeddable":true,"href":"https:\/\/www.nexoinformativo.mx\/index.php\/wp-json\/wp\/v2\/media\/10770"}],"wp:attachment":[{"href":"https:\/\/www.nexoinformativo.mx\/index.php\/wp-json\/wp\/v2\/media?parent=10769"}],"wp:term":[{"taxonomy":"category","embeddable":true,"href":"https:\/\/www.nexoinformativo.mx\/index.php\/wp-json\/wp\/v2\/categories?post=10769"},{"taxonomy":"post_tag","embeddable":true,"href":"https:\/\/www.nexoinformativo.mx\/index.php\/wp-json\/wp\/v2\/tags?post=10769"}],"curies":[{"name":"wp","href":"https:\/\/api.w.org\/{rel}","templated":true}]}}