{"id":10775,"date":"2025-01-28T11:30:59","date_gmt":"2025-01-28T17:30:59","guid":{"rendered":"https:\/\/www.nexoinformativo.mx\/?p=10775"},"modified":"2025-01-28T13:26:00","modified_gmt":"2025-01-28T19:26:00","slug":"queretaro-invita-a-la-tercera-edicion-de-la-coreografia-monumental-de-huapango","status":"publish","type":"post","link":"https:\/\/www.nexoinformativo.mx\/index.php\/2025\/01\/28\/queretaro-invita-a-la-tercera-edicion-de-la-coreografia-monumental-de-huapango\/","title":{"rendered":"Quer\u00e9taro invita a la tercera edici\u00f3n de la Coreograf\u00eda Monumental de Huapango"},"content":{"rendered":"<p style=\"text-align: justify;\" data-sourcepos=\"11:1-11:251\">La capital queretana se prepara para vivir una fiesta sin igual. Este domingo 2 de febrero, a partir de las 16:00 horas, el Jard\u00edn Guerrero ser\u00e1 el escenario de la tercera edici\u00f3n de la Coreograf\u00eda Monumental de Huapango.<\/p>\n<p>&nbsp;<\/p>\n<p style=\"text-align: justify;\" data-sourcepos=\"13:1-13:183\">Con la participaci\u00f3n de m\u00e1s de mil bailarines, provenientes de diversas regiones del estado, este evento promete ser una celebraci\u00f3n \u00fanica de la cultura y las tradiciones queretanas.<\/p>\n<p>&nbsp;<\/p>\n<p style=\"text-align: justify;\" data-sourcepos=\"15:1-15:272\">Oscar B\u00e1rcenas, organizador del evento, destac\u00f3 la importancia de preservar y difundir el huapango, una danza que representa la identidad de nuestro estado. <strong>&#8220;Es un honor poder reunir a tantos bailarines y amantes de la cultura para celebrar juntos esta tradici\u00f3n&#8221;,<\/strong> afirm\u00f3.<\/p>\n<p>&nbsp;<\/p>\n<p style=\"text-align: justify;\" data-sourcepos=\"17:1-17:256\">Durante la jornada, los asistentes podr\u00e1n disfrutar de una gran variedad de actividades, como exposiciones de artesan\u00edas y gastronom\u00eda regional. Adem\u00e1s, los participantes deslumbrar\u00e1n al p\u00fablico con sus coloridos trajes t\u00edpicos y sus elegantes movimientos.<\/p>\n<p>&nbsp;<\/p>\n<p style=\"text-align: justify;\" data-sourcepos=\"19:1-19:263\">Esta coreograf\u00eda monumental se ha convertido en una tradici\u00f3n en Quer\u00e9taro, reuniendo cada a\u00f1o a un mayor n\u00famero de participantes y espectadores. Es una oportunidad \u00fanica para disfrutar de la riqueza cultural de nuestro estado y vivir una experiencia inolvidable.<\/p>\n<p>&nbsp;<\/p>\n<p style=\"text-align: center;\" data-sourcepos=\"19:1-19:263\"><em><strong>\u00a1Informaci\u00f3n que transforma!<\/strong><\/em><\/p>\n","protected":false},"excerpt":{"rendered":"<p>La capital queretana se prepara para vivir una fiesta sin igual. Este domingo 2 de febrero, a partir de las 16:00 horas, el Jard\u00edn Guerrero ser\u00e1 el escenario de la tercera edici\u00f3n de la Coreograf\u00eda Monumental de Huapango.<\/p>\n","protected":false},"author":3,"featured_media":10777,"comment_status":"open","ping_status":"open","sticky":false,"template":"","format":"standard","meta":{"footnotes":""},"categories":[50,58],"tags":[3268,1773,3267,3269],"class_list":["post-10775","post","type-post","status-publish","format-standard","has-post-thumbnail","hentry","category-espectaculos","category-ultima-hora","tag-coreografiamonumental","tag-culturaqueretana","tag-huapangoqueretano","tag-jardinguerrero"],"yoast_head":"<!-- This site is optimized with the Yoast SEO plugin v25.0 - https:\/\/yoast.com\/wordpress\/plugins\/seo\/ -->\n<title>Quer\u00e9taro invita a la tercera edici\u00f3n de la Coreograf\u00eda Monumental de Huapango | Nexo Informativo Santiago de Quer\u00e9taro<\/title>\n<meta name=\"description\" content=\"Quer\u00e9taro invita a la tercera edici\u00f3n de la Coreograf\u00eda Monumental de Huapango\" \/>\n<meta name=\"robots\" content=\"index, follow, max-snippet:-1, max-image-preview:large, max-video-preview:-1\" \/>\n<link rel=\"canonical\" href=\"https:\/\/www.nexoinformativo.mx\/index.php\/2025\/01\/28\/queretaro-invita-a-la-tercera-edicion-de-la-coreografia-monumental-de-huapango\/\" \/>\n<meta property=\"og:locale\" content=\"es_MX\" \/>\n<meta property=\"og:type\" content=\"article\" \/>\n<meta property=\"og:title\" content=\"Quer\u00e9taro invita a la tercera edici\u00f3n de la Coreograf\u00eda Monumental de Huapango | Nexo Informativo Santiago de Quer\u00e9taro\" \/>\n<meta property=\"og:description\" content=\"Quer\u00e9taro invita a la tercera edici\u00f3n de la Coreograf\u00eda Monumental de Huapango\" \/>\n<meta property=\"og:url\" content=\"https:\/\/www.nexoinformativo.mx\/index.php\/2025\/01\/28\/queretaro-invita-a-la-tercera-edicion-de-la-coreografia-monumental-de-huapango\/\" \/>\n<meta property=\"og:site_name\" content=\"Nexo Informativo Santiago de Quer\u00e9taro\" \/>\n<meta property=\"article:publisher\" content=\"https:\/\/www.facebook.com\/people\/Nexo-Informativo\/61564066885511\/\" \/>\n<meta property=\"article:published_time\" content=\"2025-01-28T17:30:59+00:00\" \/>\n<meta property=\"article:modified_time\" content=\"2025-01-28T19:26:00+00:00\" \/>\n<meta property=\"og:image\" content=\"https:\/\/www.nexoinformativo.mx\/wp-content\/uploads\/2025\/01\/ff412cbf-2c81-4ee2-8580-68d0e42312cc-e1738092070692.jpg\" \/>\n\t<meta property=\"og:image:width\" content=\"800\" \/>\n\t<meta property=\"og:image:height\" content=\"600\" \/>\n\t<meta property=\"og:image:type\" content=\"image\/jpeg\" \/>\n<meta name=\"author\" content=\"Nexo Informativo\" \/>\n<meta name=\"twitter:card\" content=\"summary_large_image\" \/>\n<meta name=\"twitter:label1\" content=\"Escrito por\" \/>\n\t<meta name=\"twitter:data1\" content=\"Nexo Informativo\" \/>\n\t<meta name=\"twitter:label2\" content=\"Tiempo de lectura\" \/>\n\t<meta name=\"twitter:data2\" content=\"2 minutos\" \/>\n<script type=\"application\/ld+json\" class=\"yoast-schema-graph\">{\"@context\":\"https:\/\/schema.org\",\"@graph\":[{\"@type\":\"Article\",\"@id\":\"https:\/\/www.nexoinformativo.mx\/index.php\/2025\/01\/28\/queretaro-invita-a-la-tercera-edicion-de-la-coreografia-monumental-de-huapango\/#article\",\"isPartOf\":{\"@id\":\"https:\/\/www.nexoinformativo.mx\/index.php\/2025\/01\/28\/queretaro-invita-a-la-tercera-edicion-de-la-coreografia-monumental-de-huapango\/\"},\"author\":{\"name\":\"Nexo Informativo\",\"@id\":\"https:\/\/www.nexoinformativo.mx\/#\/schema\/person\/7749d380ba08c8ca00d7bc76fd907b7d\"},\"headline\":\"Quer\u00e9taro invita a la tercera edici\u00f3n de la Coreograf\u00eda Monumental de Huapango\",\"datePublished\":\"2025-01-28T17:30:59+00:00\",\"dateModified\":\"2025-01-28T19:26:00+00:00\",\"mainEntityOfPage\":{\"@id\":\"https:\/\/www.nexoinformativo.mx\/index.php\/2025\/01\/28\/queretaro-invita-a-la-tercera-edicion-de-la-coreografia-monumental-de-huapango\/\"},\"wordCount\":225,\"commentCount\":0,\"publisher\":{\"@id\":\"https:\/\/www.nexoinformativo.mx\/#organization\"},\"image\":{\"@id\":\"https:\/\/www.nexoinformativo.mx\/index.php\/2025\/01\/28\/queretaro-invita-a-la-tercera-edicion-de-la-coreografia-monumental-de-huapango\/#primaryimage\"},\"thumbnailUrl\":\"https:\/\/www.nexoinformativo.mx\/wp-content\/uploads\/2025\/01\/ff412cbf-2c81-4ee2-8580-68d0e42312cc-e1738092070692.jpg\",\"keywords\":[\"Coreograf\u00edaMonumental\",\"CulturaQuer\u00e9tana\",\"HuapangoQueretano\",\"Jard\u00ednGuerrero\"],\"articleSection\":[\"Espect\u00e1culos\",\"\u00daltima Hora\"],\"inLanguage\":\"es\",\"potentialAction\":[{\"@type\":\"CommentAction\",\"name\":\"Comment\",\"target\":[\"https:\/\/www.nexoinformativo.mx\/index.php\/2025\/01\/28\/queretaro-invita-a-la-tercera-edicion-de-la-coreografia-monumental-de-huapango\/#respond\"]}]},{\"@type\":\"WebPage\",\"@id\":\"https:\/\/www.nexoinformativo.mx\/index.php\/2025\/01\/28\/queretaro-invita-a-la-tercera-edicion-de-la-coreografia-monumental-de-huapango\/\",\"url\":\"https:\/\/www.nexoinformativo.mx\/index.php\/2025\/01\/28\/queretaro-invita-a-la-tercera-edicion-de-la-coreografia-monumental-de-huapango\/\",\"name\":\"Quer\u00e9taro invita a la tercera edici\u00f3n de la Coreograf\u00eda Monumental de Huapango | Nexo Informativo Santiago de Quer\u00e9taro\",\"isPartOf\":{\"@id\":\"https:\/\/www.nexoinformativo.mx\/#website\"},\"primaryImageOfPage\":{\"@id\":\"https:\/\/www.nexoinformativo.mx\/index.php\/2025\/01\/28\/queretaro-invita-a-la-tercera-edicion-de-la-coreografia-monumental-de-huapango\/#primaryimage\"},\"image\":{\"@id\":\"https:\/\/www.nexoinformativo.mx\/index.php\/2025\/01\/28\/queretaro-invita-a-la-tercera-edicion-de-la-coreografia-monumental-de-huapango\/#primaryimage\"},\"thumbnailUrl\":\"https:\/\/www.nexoinformativo.mx\/wp-content\/uploads\/2025\/01\/ff412cbf-2c81-4ee2-8580-68d0e42312cc-e1738092070692.jpg\",\"datePublished\":\"2025-01-28T17:30:59+00:00\",\"dateModified\":\"2025-01-28T19:26:00+00:00\",\"description\":\"Quer\u00e9taro invita a la tercera edici\u00f3n de la Coreograf\u00eda Monumental de Huapango\",\"breadcrumb\":{\"@id\":\"https:\/\/www.nexoinformativo.mx\/index.php\/2025\/01\/28\/queretaro-invita-a-la-tercera-edicion-de-la-coreografia-monumental-de-huapango\/#breadcrumb\"},\"inLanguage\":\"es\",\"potentialAction\":[{\"@type\":\"ReadAction\",\"target\":[\"https:\/\/www.nexoinformativo.mx\/index.php\/2025\/01\/28\/queretaro-invita-a-la-tercera-edicion-de-la-coreografia-monumental-de-huapango\/\"]}]},{\"@type\":\"ImageObject\",\"inLanguage\":\"es\",\"@id\":\"https:\/\/www.nexoinformativo.mx\/index.php\/2025\/01\/28\/queretaro-invita-a-la-tercera-edicion-de-la-coreografia-monumental-de-huapango\/#primaryimage\",\"url\":\"https:\/\/www.nexoinformativo.mx\/wp-content\/uploads\/2025\/01\/ff412cbf-2c81-4ee2-8580-68d0e42312cc-e1738092070692.jpg\",\"contentUrl\":\"https:\/\/www.nexoinformativo.mx\/wp-content\/uploads\/2025\/01\/ff412cbf-2c81-4ee2-8580-68d0e42312cc-e1738092070692.jpg\",\"width\":800,\"height\":600},{\"@type\":\"BreadcrumbList\",\"@id\":\"https:\/\/www.nexoinformativo.mx\/index.php\/2025\/01\/28\/queretaro-invita-a-la-tercera-edicion-de-la-coreografia-monumental-de-huapango\/#breadcrumb\",\"itemListElement\":[{\"@type\":\"ListItem\",\"position\":1,\"name\":\"Inicio\",\"item\":\"https:\/\/www.nexoinformativo.mx\/\"},{\"@type\":\"ListItem\",\"position\":2,\"name\":\"Quer\u00e9taro invita a la tercera edici\u00f3n de la Coreograf\u00eda Monumental de Huapango\"}]},{\"@type\":\"WebSite\",\"@id\":\"https:\/\/www.nexoinformativo.mx\/#website\",\"url\":\"https:\/\/www.nexoinformativo.mx\/\",\"name\":\"Nexo Informativo Santiago de Quer\u00e9taro\",\"description\":\"Explora NexoInformativo y convi\u00e9rtete en parte de una comunidad que valora el conocimiento y la verdad. Tu nexoinformativo es tu puente hacia una comprensi\u00f3n m\u00e1s profunda del mundo que te rodea.\",\"publisher\":{\"@id\":\"https:\/\/www.nexoinformativo.mx\/#organization\"},\"potentialAction\":[{\"@type\":\"SearchAction\",\"target\":{\"@type\":\"EntryPoint\",\"urlTemplate\":\"https:\/\/www.nexoinformativo.mx\/?s={search_term_string}\"},\"query-input\":{\"@type\":\"PropertyValueSpecification\",\"valueRequired\":true,\"valueName\":\"search_term_string\"}}],\"inLanguage\":\"es\"},{\"@type\":\"Organization\",\"@id\":\"https:\/\/www.nexoinformativo.mx\/#organization\",\"name\":\"Nexo Informativo Santiago de Quer\u00e9taro\",\"url\":\"https:\/\/www.nexoinformativo.mx\/\",\"logo\":{\"@type\":\"ImageObject\",\"inLanguage\":\"es\",\"@id\":\"https:\/\/www.nexoinformativo.mx\/#\/schema\/logo\/image\/\",\"url\":\"https:\/\/www.nexoinformativo.mx\/wp-content\/uploads\/2024\/07\/nexoi-trasparente-2.png\",\"contentUrl\":\"https:\/\/www.nexoinformativo.mx\/wp-content\/uploads\/2024\/07\/nexoi-trasparente-2.png\",\"width\":816,\"height\":339,\"caption\":\"Nexo Informativo Santiago de Quer\u00e9taro\"},\"image\":{\"@id\":\"https:\/\/www.nexoinformativo.mx\/#\/schema\/logo\/image\/\"},\"sameAs\":[\"https:\/\/www.facebook.com\/people\/Nexo-Informativo\/61564066885511\/\"]},{\"@type\":\"Person\",\"@id\":\"https:\/\/www.nexoinformativo.mx\/#\/schema\/person\/7749d380ba08c8ca00d7bc76fd907b7d\",\"name\":\"Nexo Informativo\",\"image\":{\"@type\":\"ImageObject\",\"inLanguage\":\"es\",\"@id\":\"https:\/\/www.nexoinformativo.mx\/#\/schema\/person\/image\/\",\"url\":\"https:\/\/secure.gravatar.com\/avatar\/dde2928154642a13d95f87ddf1ea9718fe2b46760a005c53e41ff5ad610704e6?s=96&d=mm&r=g\",\"contentUrl\":\"https:\/\/secure.gravatar.com\/avatar\/dde2928154642a13d95f87ddf1ea9718fe2b46760a005c53e41ff5ad610704e6?s=96&d=mm&r=g\",\"caption\":\"Nexo Informativo\"},\"url\":\"https:\/\/www.nexoinformativo.mx\/index.php\/author\/edicion\/\"}]}<\/script>\n<!-- \/ Yoast SEO plugin. -->","yoast_head_json":{"title":"Quer\u00e9taro invita a la tercera edici\u00f3n de la Coreograf\u00eda Monumental de Huapango | Nexo Informativo Santiago de Quer\u00e9taro","description":"Quer\u00e9taro invita a la tercera edici\u00f3n de la Coreograf\u00eda Monumental de Huapango","robots":{"index":"index","follow":"follow","max-snippet":"max-snippet:-1","max-image-preview":"max-image-preview:large","max-video-preview":"max-video-preview:-1"},"canonical":"https:\/\/www.nexoinformativo.mx\/index.php\/2025\/01\/28\/queretaro-invita-a-la-tercera-edicion-de-la-coreografia-monumental-de-huapango\/","og_locale":"es_MX","og_type":"article","og_title":"Quer\u00e9taro invita a la tercera edici\u00f3n de la Coreograf\u00eda Monumental de Huapango | Nexo Informativo Santiago de Quer\u00e9taro","og_description":"Quer\u00e9taro invita a la tercera edici\u00f3n de la Coreograf\u00eda Monumental de Huapango","og_url":"https:\/\/www.nexoinformativo.mx\/index.php\/2025\/01\/28\/queretaro-invita-a-la-tercera-edicion-de-la-coreografia-monumental-de-huapango\/","og_site_name":"Nexo Informativo Santiago de Quer\u00e9taro","article_publisher":"https:\/\/www.facebook.com\/people\/Nexo-Informativo\/61564066885511\/","article_published_time":"2025-01-28T17:30:59+00:00","article_modified_time":"2025-01-28T19:26:00+00:00","og_image":[{"width":800,"height":600,"url":"https:\/\/www.nexoinformativo.mx\/wp-content\/uploads\/2025\/01\/ff412cbf-2c81-4ee2-8580-68d0e42312cc-e1738092070692.jpg","type":"image\/jpeg"}],"author":"Nexo Informativo","twitter_card":"summary_large_image","twitter_misc":{"Escrito por":"Nexo Informativo","Tiempo de lectura":"2 minutos"},"schema":{"@context":"https:\/\/schema.org","@graph":[{"@type":"Article","@id":"https:\/\/www.nexoinformativo.mx\/index.php\/2025\/01\/28\/queretaro-invita-a-la-tercera-edicion-de-la-coreografia-monumental-de-huapango\/#article","isPartOf":{"@id":"https:\/\/www.nexoinformativo.mx\/index.php\/2025\/01\/28\/queretaro-invita-a-la-tercera-edicion-de-la-coreografia-monumental-de-huapango\/"},"author":{"name":"Nexo Informativo","@id":"https:\/\/www.nexoinformativo.mx\/#\/schema\/person\/7749d380ba08c8ca00d7bc76fd907b7d"},"headline":"Quer\u00e9taro invita a la tercera edici\u00f3n de la Coreograf\u00eda Monumental de Huapango","datePublished":"2025-01-28T17:30:59+00:00","dateModified":"2025-01-28T19:26:00+00:00","mainEntityOfPage":{"@id":"https:\/\/www.nexoinformativo.mx\/index.php\/2025\/01\/28\/queretaro-invita-a-la-tercera-edicion-de-la-coreografia-monumental-de-huapango\/"},"wordCount":225,"commentCount":0,"publisher":{"@id":"https:\/\/www.nexoinformativo.mx\/#organization"},"image":{"@id":"https:\/\/www.nexoinformativo.mx\/index.php\/2025\/01\/28\/queretaro-invita-a-la-tercera-edicion-de-la-coreografia-monumental-de-huapango\/#primaryimage"},"thumbnailUrl":"https:\/\/www.nexoinformativo.mx\/wp-content\/uploads\/2025\/01\/ff412cbf-2c81-4ee2-8580-68d0e42312cc-e1738092070692.jpg","keywords":["Coreograf\u00edaMonumental","CulturaQuer\u00e9tana","HuapangoQueretano","Jard\u00ednGuerrero"],"articleSection":["Espect\u00e1culos","\u00daltima Hora"],"inLanguage":"es","potentialAction":[{"@type":"CommentAction","name":"Comment","target":["https:\/\/www.nexoinformativo.mx\/index.php\/2025\/01\/28\/queretaro-invita-a-la-tercera-edicion-de-la-coreografia-monumental-de-huapango\/#respond"]}]},{"@type":"WebPage","@id":"https:\/\/www.nexoinformativo.mx\/index.php\/2025\/01\/28\/queretaro-invita-a-la-tercera-edicion-de-la-coreografia-monumental-de-huapango\/","url":"https:\/\/www.nexoinformativo.mx\/index.php\/2025\/01\/28\/queretaro-invita-a-la-tercera-edicion-de-la-coreografia-monumental-de-huapango\/","name":"Quer\u00e9taro invita a la tercera edici\u00f3n de la Coreograf\u00eda Monumental de Huapango | Nexo Informativo Santiago de Quer\u00e9taro","isPartOf":{"@id":"https:\/\/www.nexoinformativo.mx\/#website"},"primaryImageOfPage":{"@id":"https:\/\/www.nexoinformativo.mx\/index.php\/2025\/01\/28\/queretaro-invita-a-la-tercera-edicion-de-la-coreografia-monumental-de-huapango\/#primaryimage"},"image":{"@id":"https:\/\/www.nexoinformativo.mx\/index.php\/2025\/01\/28\/queretaro-invita-a-la-tercera-edicion-de-la-coreografia-monumental-de-huapango\/#primaryimage"},"thumbnailUrl":"https:\/\/www.nexoinformativo.mx\/wp-content\/uploads\/2025\/01\/ff412cbf-2c81-4ee2-8580-68d0e42312cc-e1738092070692.jpg","datePublished":"2025-01-28T17:30:59+00:00","dateModified":"2025-01-28T19:26:00+00:00","description":"Quer\u00e9taro invita a la tercera edici\u00f3n de la Coreograf\u00eda Monumental de Huapango","breadcrumb":{"@id":"https:\/\/www.nexoinformativo.mx\/index.php\/2025\/01\/28\/queretaro-invita-a-la-tercera-edicion-de-la-coreografia-monumental-de-huapango\/#breadcrumb"},"inLanguage":"es","potentialAction":[{"@type":"ReadAction","target":["https:\/\/www.nexoinformativo.mx\/index.php\/2025\/01\/28\/queretaro-invita-a-la-tercera-edicion-de-la-coreografia-monumental-de-huapango\/"]}]},{"@type":"ImageObject","inLanguage":"es","@id":"https:\/\/www.nexoinformativo.mx\/index.php\/2025\/01\/28\/queretaro-invita-a-la-tercera-edicion-de-la-coreografia-monumental-de-huapango\/#primaryimage","url":"https:\/\/www.nexoinformativo.mx\/wp-content\/uploads\/2025\/01\/ff412cbf-2c81-4ee2-8580-68d0e42312cc-e1738092070692.jpg","contentUrl":"https:\/\/www.nexoinformativo.mx\/wp-content\/uploads\/2025\/01\/ff412cbf-2c81-4ee2-8580-68d0e42312cc-e1738092070692.jpg","width":800,"height":600},{"@type":"BreadcrumbList","@id":"https:\/\/www.nexoinformativo.mx\/index.php\/2025\/01\/28\/queretaro-invita-a-la-tercera-edicion-de-la-coreografia-monumental-de-huapango\/#breadcrumb","itemListElement":[{"@type":"ListItem","position":1,"name":"Inicio","item":"https:\/\/www.nexoinformativo.mx\/"},{"@type":"ListItem","position":2,"name":"Quer\u00e9taro invita a la tercera edici\u00f3n de la Coreograf\u00eda Monumental de Huapango"}]},{"@type":"WebSite","@id":"https:\/\/www.nexoinformativo.mx\/#website","url":"https:\/\/www.nexoinformativo.mx\/","name":"Nexo Informativo Santiago de Quer\u00e9taro","description":"Explora NexoInformativo y convi\u00e9rtete en parte de una comunidad que valora el conocimiento y la verdad. Tu nexoinformativo es tu puente hacia una comprensi\u00f3n m\u00e1s profunda del mundo que te rodea.","publisher":{"@id":"https:\/\/www.nexoinformativo.mx\/#organization"},"potentialAction":[{"@type":"SearchAction","target":{"@type":"EntryPoint","urlTemplate":"https:\/\/www.nexoinformativo.mx\/?s={search_term_string}"},"query-input":{"@type":"PropertyValueSpecification","valueRequired":true,"valueName":"search_term_string"}}],"inLanguage":"es"},{"@type":"Organization","@id":"https:\/\/www.nexoinformativo.mx\/#organization","name":"Nexo Informativo Santiago de Quer\u00e9taro","url":"https:\/\/www.nexoinformativo.mx\/","logo":{"@type":"ImageObject","inLanguage":"es","@id":"https:\/\/www.nexoinformativo.mx\/#\/schema\/logo\/image\/","url":"https:\/\/www.nexoinformativo.mx\/wp-content\/uploads\/2024\/07\/nexoi-trasparente-2.png","contentUrl":"https:\/\/www.nexoinformativo.mx\/wp-content\/uploads\/2024\/07\/nexoi-trasparente-2.png","width":816,"height":339,"caption":"Nexo Informativo Santiago de Quer\u00e9taro"},"image":{"@id":"https:\/\/www.nexoinformativo.mx\/#\/schema\/logo\/image\/"},"sameAs":["https:\/\/www.facebook.com\/people\/Nexo-Informativo\/61564066885511\/"]},{"@type":"Person","@id":"https:\/\/www.nexoinformativo.mx\/#\/schema\/person\/7749d380ba08c8ca00d7bc76fd907b7d","name":"Nexo Informativo","image":{"@type":"ImageObject","inLanguage":"es","@id":"https:\/\/www.nexoinformativo.mx\/#\/schema\/person\/image\/","url":"https:\/\/secure.gravatar.com\/avatar\/dde2928154642a13d95f87ddf1ea9718fe2b46760a005c53e41ff5ad610704e6?s=96&d=mm&r=g","contentUrl":"https:\/\/secure.gravatar.com\/avatar\/dde2928154642a13d95f87ddf1ea9718fe2b46760a005c53e41ff5ad610704e6?s=96&d=mm&r=g","caption":"Nexo Informativo"},"url":"https:\/\/www.nexoinformativo.mx\/index.php\/author\/edicion\/"}]}},"_links":{"self":[{"href":"https:\/\/www.nexoinformativo.mx\/index.php\/wp-json\/wp\/v2\/posts\/10775","targetHints":{"allow":["GET"]}}],"collection":[{"href":"https:\/\/www.nexoinformativo.mx\/index.php\/wp-json\/wp\/v2\/posts"}],"about":[{"href":"https:\/\/www.nexoinformativo.mx\/index.php\/wp-json\/wp\/v2\/types\/post"}],"author":[{"embeddable":true,"href":"https:\/\/www.nexoinformativo.mx\/index.php\/wp-json\/wp\/v2\/users\/3"}],"replies":[{"embeddable":true,"href":"https:\/\/www.nexoinformativo.mx\/index.php\/wp-json\/wp\/v2\/comments?post=10775"}],"version-history":[{"count":4,"href":"https:\/\/www.nexoinformativo.mx\/index.php\/wp-json\/wp\/v2\/posts\/10775\/revisions"}],"predecessor-version":[{"id":10781,"href":"https:\/\/www.nexoinformativo.mx\/index.php\/wp-json\/wp\/v2\/posts\/10775\/revisions\/10781"}],"wp:featuredmedia":[{"embeddable":true,"href":"https:\/\/www.nexoinformativo.mx\/index.php\/wp-json\/wp\/v2\/media\/10777"}],"wp:attachment":[{"href":"https:\/\/www.nexoinformativo.mx\/index.php\/wp-json\/wp\/v2\/media?parent=10775"}],"wp:term":[{"taxonomy":"category","embeddable":true,"href":"https:\/\/www.nexoinformativo.mx\/index.php\/wp-json\/wp\/v2\/categories?post=10775"},{"taxonomy":"post_tag","embeddable":true,"href":"https:\/\/www.nexoinformativo.mx\/index.php\/wp-json\/wp\/v2\/tags?post=10775"}],"curies":[{"name":"wp","href":"https:\/\/api.w.org\/{rel}","templated":true}]}}