{"id":10788,"date":"2025-01-29T06:00:15","date_gmt":"2025-01-29T12:00:15","guid":{"rendered":"https:\/\/www.nexoinformativo.mx\/?p=10788"},"modified":"2025-01-29T08:52:07","modified_gmt":"2025-01-29T14:52:07","slug":"capturan-a-medico-sin-certificacion-que-realizaba-cirugias-esteticas-en-queretaro","status":"publish","type":"post","link":"https:\/\/www.nexoinformativo.mx\/index.php\/2025\/01\/29\/capturan-a-medico-sin-certificacion-que-realizaba-cirugias-esteticas-en-queretaro\/","title":{"rendered":"Capturan a m\u00e9dico sin certificaci\u00f3n que realizaba cirug\u00edas est\u00e9ticas en Quer\u00e9taro"},"content":{"rendered":"<p style=\"text-align: justify;\" data-sourcepos=\"11:1-11:357\">En un duro golpe contra la salud p\u00fablica, las autoridades de Quer\u00e9taro detuvieron a un m\u00e9dico que se hac\u00eda pasar por cirujano pl\u00e1stico y realizaba procedimientos est\u00e9ticos sin contar con la certificaci\u00f3n correspondiente. Tras una denuncia por complicaciones m\u00e9dicas, el falso especialista fue vinculado a proceso y enviado a prisi\u00f3n.<\/p>\n<\/p>\n<p>&nbsp;<\/p>\n<p style=\"text-align: justify;\" data-sourcepos=\"13:1-13:373\">La Fiscal\u00eda General del Estado de Quer\u00e9taro inform\u00f3 que el detenido ofrec\u00eda p\u00fablicamente servicios de cirug\u00eda est\u00e9tica y realizaba procedimientos quir\u00fargicos sin contar con la especialidad requerida. Tras una investigaci\u00f3n exhaustiva, se ejecut\u00f3 una orden de cateo en su cl\u00ednica, donde se aseguraron diversos elementos que lo vinculan con la pr\u00e1ctica ilegal de la medicina.<\/p>\n<\/p>\n<p>&nbsp;<\/p>\n<p style=\"text-align: justify;\" data-sourcepos=\"15:1-15:188\"><strong>&#8220;Este caso es una alerta para la poblaci\u00f3n&#8221;. <\/strong>Es fundamental verificar la certificaci\u00f3n de cualquier m\u00e9dico antes de someterse a un procedimiento quir\u00fargico&#8221;.<\/p>\n<\/p>\n<p>&nbsp;<\/p>\n<p style=\"text-align: justify;\" data-sourcepos=\"17:1-17:326\">El Consejo Mexicano de Cirug\u00eda Pl\u00e1stica Est\u00e9tica y Reconstructiva (CMCPER) es el organismo encargado de certificar a los especialistas en esta \u00e1rea. A trav\u00e9s de su directorio en l\u00ednea (<a href=\"https:\/\/directorio.cmcper.mx\/\" target=\"_blank\" rel=\"noopener\">https:\/\/directorio.cmcper.mx\/<\/a>), cualquier persona puede verificar si un m\u00e9dico est\u00e1 debidamente certificado.<\/p>\n<\/p>\n<p>&nbsp;<\/p>\n<p style=\"text-align: justify;\" data-sourcepos=\"26:1-26:285\">La detenci\u00f3n de este falso cirujano es un claro mensaje de que las autoridades est\u00e1n comprometidas con la protecci\u00f3n de la salud de los ciudadanos. Sin embargo, es importante que la poblaci\u00f3n tambi\u00e9n tome conciencia y se informe antes de someterse a cualquier procedimiento m\u00e9dico.<\/p>\n<\/p>\n<p>&nbsp;<\/p>\n<p style=\"text-align: center;\" data-sourcepos=\"26:1-26:285\"><em><strong>\u00a1Informaci\u00f3n que transforma!<\/strong><\/em><\/p>\n","protected":false},"excerpt":{"rendered":"<p>En un duro golpe contra la salud p\u00fablica, las autoridades de Quer\u00e9taro detuvieron a un m\u00e9dico que se hac\u00eda pasar por cirujano pl\u00e1stico y realizaba procedimientos est\u00e9ticos sin contar con la certificaci\u00f3n correspondiente. Tras una denuncia por complicaciones m\u00e9dicas, el falso especialista fue vinculado a proceso y enviado a prisi\u00f3n.<\/p>\n","protected":false},"author":3,"featured_media":10792,"comment_status":"open","ping_status":"open","sticky":false,"template":"","format":"standard","meta":{"footnotes":""},"categories":[137,58],"tags":[3271,2638,133,139],"class_list":["post-10788","post","type-post","status-publish","format-standard","has-post-thumbnail","hentry","category-sucesos","category-ultima-hora","tag-cirugiaestetica","tag-fraude","tag-queretaro","tag-salud"],"yoast_head":"<!-- This site is optimized with the Yoast SEO plugin v25.0 - https:\/\/yoast.com\/wordpress\/plugins\/seo\/ -->\n<title>Capturan a m\u00e9dico sin certificaci\u00f3n que realizaba cirug\u00edas est\u00e9ticas en Quer\u00e9taro | Nexo Informativo Santiago de Quer\u00e9taro<\/title>\n<meta name=\"description\" content=\"Capturan a m\u00e9dico sin certificaci\u00f3n que realizaba cirug\u00edas est\u00e9ticas en Quer\u00e9taro\" \/>\n<meta name=\"robots\" content=\"index, follow, max-snippet:-1, max-image-preview:large, max-video-preview:-1\" \/>\n<link rel=\"canonical\" href=\"https:\/\/www.nexoinformativo.mx\/index.php\/2025\/01\/29\/capturan-a-medico-sin-certificacion-que-realizaba-cirugias-esteticas-en-queretaro\/\" \/>\n<meta property=\"og:locale\" content=\"es_MX\" \/>\n<meta property=\"og:type\" content=\"article\" \/>\n<meta property=\"og:title\" content=\"Capturan a m\u00e9dico sin certificaci\u00f3n que realizaba cirug\u00edas est\u00e9ticas en Quer\u00e9taro | Nexo Informativo Santiago de Quer\u00e9taro\" \/>\n<meta property=\"og:description\" content=\"Capturan a m\u00e9dico sin certificaci\u00f3n que realizaba cirug\u00edas est\u00e9ticas en Quer\u00e9taro\" \/>\n<meta property=\"og:url\" content=\"https:\/\/www.nexoinformativo.mx\/index.php\/2025\/01\/29\/capturan-a-medico-sin-certificacion-que-realizaba-cirugias-esteticas-en-queretaro\/\" \/>\n<meta property=\"og:site_name\" content=\"Nexo Informativo Santiago de Quer\u00e9taro\" \/>\n<meta property=\"article:publisher\" content=\"https:\/\/www.facebook.com\/people\/Nexo-Informativo\/61564066885511\/\" \/>\n<meta property=\"article:published_time\" content=\"2025-01-29T12:00:15+00:00\" \/>\n<meta property=\"article:modified_time\" content=\"2025-01-29T14:52:07+00:00\" \/>\n<meta property=\"og:image\" content=\"https:\/\/www.nexoinformativo.mx\/wp-content\/uploads\/2025\/01\/PHOTO-2025-01-28-15-35-25-e1738162302155.jpg\" \/>\n\t<meta property=\"og:image:width\" content=\"800\" \/>\n\t<meta property=\"og:image:height\" content=\"504\" \/>\n\t<meta property=\"og:image:type\" content=\"image\/jpeg\" \/>\n<meta name=\"author\" content=\"Nexo Informativo\" \/>\n<meta name=\"twitter:card\" content=\"summary_large_image\" \/>\n<meta name=\"twitter:label1\" content=\"Escrito por\" \/>\n\t<meta name=\"twitter:data1\" content=\"Nexo Informativo\" \/>\n\t<meta name=\"twitter:label2\" content=\"Tiempo de lectura\" \/>\n\t<meta name=\"twitter:data2\" content=\"2 minutos\" \/>\n<script type=\"application\/ld+json\" class=\"yoast-schema-graph\">{\"@context\":\"https:\/\/schema.org\",\"@graph\":[{\"@type\":\"Article\",\"@id\":\"https:\/\/www.nexoinformativo.mx\/index.php\/2025\/01\/29\/capturan-a-medico-sin-certificacion-que-realizaba-cirugias-esteticas-en-queretaro\/#article\",\"isPartOf\":{\"@id\":\"https:\/\/www.nexoinformativo.mx\/index.php\/2025\/01\/29\/capturan-a-medico-sin-certificacion-que-realizaba-cirugias-esteticas-en-queretaro\/\"},\"author\":{\"name\":\"Nexo Informativo\",\"@id\":\"https:\/\/www.nexoinformativo.mx\/#\/schema\/person\/7749d380ba08c8ca00d7bc76fd907b7d\"},\"headline\":\"Capturan a m\u00e9dico sin certificaci\u00f3n que realizaba cirug\u00edas est\u00e9ticas en Quer\u00e9taro\",\"datePublished\":\"2025-01-29T12:00:15+00:00\",\"dateModified\":\"2025-01-29T14:52:07+00:00\",\"mainEntityOfPage\":{\"@id\":\"https:\/\/www.nexoinformativo.mx\/index.php\/2025\/01\/29\/capturan-a-medico-sin-certificacion-que-realizaba-cirugias-esteticas-en-queretaro\/\"},\"wordCount\":276,\"commentCount\":0,\"publisher\":{\"@id\":\"https:\/\/www.nexoinformativo.mx\/#organization\"},\"image\":{\"@id\":\"https:\/\/www.nexoinformativo.mx\/index.php\/2025\/01\/29\/capturan-a-medico-sin-certificacion-que-realizaba-cirugias-esteticas-en-queretaro\/#primaryimage\"},\"thumbnailUrl\":\"https:\/\/www.nexoinformativo.mx\/wp-content\/uploads\/2025\/01\/PHOTO-2025-01-28-15-35-25-e1738162302155.jpg\",\"keywords\":[\"Cirug\u00edaEst\u00e9tica\",\"Fraude\",\"Quer\u00e9taro\",\"salud\"],\"articleSection\":[\"Sucesos\",\"\u00daltima Hora\"],\"inLanguage\":\"es\",\"potentialAction\":[{\"@type\":\"CommentAction\",\"name\":\"Comment\",\"target\":[\"https:\/\/www.nexoinformativo.mx\/index.php\/2025\/01\/29\/capturan-a-medico-sin-certificacion-que-realizaba-cirugias-esteticas-en-queretaro\/#respond\"]}]},{\"@type\":\"WebPage\",\"@id\":\"https:\/\/www.nexoinformativo.mx\/index.php\/2025\/01\/29\/capturan-a-medico-sin-certificacion-que-realizaba-cirugias-esteticas-en-queretaro\/\",\"url\":\"https:\/\/www.nexoinformativo.mx\/index.php\/2025\/01\/29\/capturan-a-medico-sin-certificacion-que-realizaba-cirugias-esteticas-en-queretaro\/\",\"name\":\"Capturan a m\u00e9dico sin certificaci\u00f3n que realizaba cirug\u00edas est\u00e9ticas en Quer\u00e9taro | Nexo Informativo Santiago de Quer\u00e9taro\",\"isPartOf\":{\"@id\":\"https:\/\/www.nexoinformativo.mx\/#website\"},\"primaryImageOfPage\":{\"@id\":\"https:\/\/www.nexoinformativo.mx\/index.php\/2025\/01\/29\/capturan-a-medico-sin-certificacion-que-realizaba-cirugias-esteticas-en-queretaro\/#primaryimage\"},\"image\":{\"@id\":\"https:\/\/www.nexoinformativo.mx\/index.php\/2025\/01\/29\/capturan-a-medico-sin-certificacion-que-realizaba-cirugias-esteticas-en-queretaro\/#primaryimage\"},\"thumbnailUrl\":\"https:\/\/www.nexoinformativo.mx\/wp-content\/uploads\/2025\/01\/PHOTO-2025-01-28-15-35-25-e1738162302155.jpg\",\"datePublished\":\"2025-01-29T12:00:15+00:00\",\"dateModified\":\"2025-01-29T14:52:07+00:00\",\"description\":\"Capturan a m\u00e9dico sin certificaci\u00f3n que realizaba cirug\u00edas est\u00e9ticas en Quer\u00e9taro\",\"breadcrumb\":{\"@id\":\"https:\/\/www.nexoinformativo.mx\/index.php\/2025\/01\/29\/capturan-a-medico-sin-certificacion-que-realizaba-cirugias-esteticas-en-queretaro\/#breadcrumb\"},\"inLanguage\":\"es\",\"potentialAction\":[{\"@type\":\"ReadAction\",\"target\":[\"https:\/\/www.nexoinformativo.mx\/index.php\/2025\/01\/29\/capturan-a-medico-sin-certificacion-que-realizaba-cirugias-esteticas-en-queretaro\/\"]}]},{\"@type\":\"ImageObject\",\"inLanguage\":\"es\",\"@id\":\"https:\/\/www.nexoinformativo.mx\/index.php\/2025\/01\/29\/capturan-a-medico-sin-certificacion-que-realizaba-cirugias-esteticas-en-queretaro\/#primaryimage\",\"url\":\"https:\/\/www.nexoinformativo.mx\/wp-content\/uploads\/2025\/01\/PHOTO-2025-01-28-15-35-25-e1738162302155.jpg\",\"contentUrl\":\"https:\/\/www.nexoinformativo.mx\/wp-content\/uploads\/2025\/01\/PHOTO-2025-01-28-15-35-25-e1738162302155.jpg\",\"width\":800,\"height\":504},{\"@type\":\"BreadcrumbList\",\"@id\":\"https:\/\/www.nexoinformativo.mx\/index.php\/2025\/01\/29\/capturan-a-medico-sin-certificacion-que-realizaba-cirugias-esteticas-en-queretaro\/#breadcrumb\",\"itemListElement\":[{\"@type\":\"ListItem\",\"position\":1,\"name\":\"Inicio\",\"item\":\"https:\/\/www.nexoinformativo.mx\/\"},{\"@type\":\"ListItem\",\"position\":2,\"name\":\"Capturan a m\u00e9dico sin certificaci\u00f3n que realizaba cirug\u00edas est\u00e9ticas en Quer\u00e9taro\"}]},{\"@type\":\"WebSite\",\"@id\":\"https:\/\/www.nexoinformativo.mx\/#website\",\"url\":\"https:\/\/www.nexoinformativo.mx\/\",\"name\":\"Nexo Informativo Santiago de Quer\u00e9taro\",\"description\":\"Explora NexoInformativo y convi\u00e9rtete en parte de una comunidad que valora el conocimiento y la verdad. Tu nexoinformativo es tu puente hacia una comprensi\u00f3n m\u00e1s profunda del mundo que te rodea.\",\"publisher\":{\"@id\":\"https:\/\/www.nexoinformativo.mx\/#organization\"},\"potentialAction\":[{\"@type\":\"SearchAction\",\"target\":{\"@type\":\"EntryPoint\",\"urlTemplate\":\"https:\/\/www.nexoinformativo.mx\/?s={search_term_string}\"},\"query-input\":{\"@type\":\"PropertyValueSpecification\",\"valueRequired\":true,\"valueName\":\"search_term_string\"}}],\"inLanguage\":\"es\"},{\"@type\":\"Organization\",\"@id\":\"https:\/\/www.nexoinformativo.mx\/#organization\",\"name\":\"Nexo Informativo Santiago de Quer\u00e9taro\",\"url\":\"https:\/\/www.nexoinformativo.mx\/\",\"logo\":{\"@type\":\"ImageObject\",\"inLanguage\":\"es\",\"@id\":\"https:\/\/www.nexoinformativo.mx\/#\/schema\/logo\/image\/\",\"url\":\"https:\/\/www.nexoinformativo.mx\/wp-content\/uploads\/2024\/07\/nexoi-trasparente-2.png\",\"contentUrl\":\"https:\/\/www.nexoinformativo.mx\/wp-content\/uploads\/2024\/07\/nexoi-trasparente-2.png\",\"width\":816,\"height\":339,\"caption\":\"Nexo Informativo Santiago de Quer\u00e9taro\"},\"image\":{\"@id\":\"https:\/\/www.nexoinformativo.mx\/#\/schema\/logo\/image\/\"},\"sameAs\":[\"https:\/\/www.facebook.com\/people\/Nexo-Informativo\/61564066885511\/\"]},{\"@type\":\"Person\",\"@id\":\"https:\/\/www.nexoinformativo.mx\/#\/schema\/person\/7749d380ba08c8ca00d7bc76fd907b7d\",\"name\":\"Nexo Informativo\",\"image\":{\"@type\":\"ImageObject\",\"inLanguage\":\"es\",\"@id\":\"https:\/\/www.nexoinformativo.mx\/#\/schema\/person\/image\/\",\"url\":\"https:\/\/secure.gravatar.com\/avatar\/dde2928154642a13d95f87ddf1ea9718fe2b46760a005c53e41ff5ad610704e6?s=96&d=mm&r=g\",\"contentUrl\":\"https:\/\/secure.gravatar.com\/avatar\/dde2928154642a13d95f87ddf1ea9718fe2b46760a005c53e41ff5ad610704e6?s=96&d=mm&r=g\",\"caption\":\"Nexo Informativo\"},\"url\":\"https:\/\/www.nexoinformativo.mx\/index.php\/author\/edicion\/\"}]}<\/script>\n<!-- \/ Yoast SEO plugin. -->","yoast_head_json":{"title":"Capturan a m\u00e9dico sin certificaci\u00f3n que realizaba cirug\u00edas est\u00e9ticas en Quer\u00e9taro | Nexo Informativo Santiago de Quer\u00e9taro","description":"Capturan a m\u00e9dico sin certificaci\u00f3n que realizaba cirug\u00edas est\u00e9ticas en Quer\u00e9taro","robots":{"index":"index","follow":"follow","max-snippet":"max-snippet:-1","max-image-preview":"max-image-preview:large","max-video-preview":"max-video-preview:-1"},"canonical":"https:\/\/www.nexoinformativo.mx\/index.php\/2025\/01\/29\/capturan-a-medico-sin-certificacion-que-realizaba-cirugias-esteticas-en-queretaro\/","og_locale":"es_MX","og_type":"article","og_title":"Capturan a m\u00e9dico sin certificaci\u00f3n que realizaba cirug\u00edas est\u00e9ticas en Quer\u00e9taro | Nexo Informativo Santiago de Quer\u00e9taro","og_description":"Capturan a m\u00e9dico sin certificaci\u00f3n que realizaba cirug\u00edas est\u00e9ticas en Quer\u00e9taro","og_url":"https:\/\/www.nexoinformativo.mx\/index.php\/2025\/01\/29\/capturan-a-medico-sin-certificacion-que-realizaba-cirugias-esteticas-en-queretaro\/","og_site_name":"Nexo Informativo Santiago de Quer\u00e9taro","article_publisher":"https:\/\/www.facebook.com\/people\/Nexo-Informativo\/61564066885511\/","article_published_time":"2025-01-29T12:00:15+00:00","article_modified_time":"2025-01-29T14:52:07+00:00","og_image":[{"width":800,"height":504,"url":"https:\/\/www.nexoinformativo.mx\/wp-content\/uploads\/2025\/01\/PHOTO-2025-01-28-15-35-25-e1738162302155.jpg","type":"image\/jpeg"}],"author":"Nexo Informativo","twitter_card":"summary_large_image","twitter_misc":{"Escrito por":"Nexo Informativo","Tiempo de lectura":"2 minutos"},"schema":{"@context":"https:\/\/schema.org","@graph":[{"@type":"Article","@id":"https:\/\/www.nexoinformativo.mx\/index.php\/2025\/01\/29\/capturan-a-medico-sin-certificacion-que-realizaba-cirugias-esteticas-en-queretaro\/#article","isPartOf":{"@id":"https:\/\/www.nexoinformativo.mx\/index.php\/2025\/01\/29\/capturan-a-medico-sin-certificacion-que-realizaba-cirugias-esteticas-en-queretaro\/"},"author":{"name":"Nexo Informativo","@id":"https:\/\/www.nexoinformativo.mx\/#\/schema\/person\/7749d380ba08c8ca00d7bc76fd907b7d"},"headline":"Capturan a m\u00e9dico sin certificaci\u00f3n que realizaba cirug\u00edas est\u00e9ticas en Quer\u00e9taro","datePublished":"2025-01-29T12:00:15+00:00","dateModified":"2025-01-29T14:52:07+00:00","mainEntityOfPage":{"@id":"https:\/\/www.nexoinformativo.mx\/index.php\/2025\/01\/29\/capturan-a-medico-sin-certificacion-que-realizaba-cirugias-esteticas-en-queretaro\/"},"wordCount":276,"commentCount":0,"publisher":{"@id":"https:\/\/www.nexoinformativo.mx\/#organization"},"image":{"@id":"https:\/\/www.nexoinformativo.mx\/index.php\/2025\/01\/29\/capturan-a-medico-sin-certificacion-que-realizaba-cirugias-esteticas-en-queretaro\/#primaryimage"},"thumbnailUrl":"https:\/\/www.nexoinformativo.mx\/wp-content\/uploads\/2025\/01\/PHOTO-2025-01-28-15-35-25-e1738162302155.jpg","keywords":["Cirug\u00edaEst\u00e9tica","Fraude","Quer\u00e9taro","salud"],"articleSection":["Sucesos","\u00daltima Hora"],"inLanguage":"es","potentialAction":[{"@type":"CommentAction","name":"Comment","target":["https:\/\/www.nexoinformativo.mx\/index.php\/2025\/01\/29\/capturan-a-medico-sin-certificacion-que-realizaba-cirugias-esteticas-en-queretaro\/#respond"]}]},{"@type":"WebPage","@id":"https:\/\/www.nexoinformativo.mx\/index.php\/2025\/01\/29\/capturan-a-medico-sin-certificacion-que-realizaba-cirugias-esteticas-en-queretaro\/","url":"https:\/\/www.nexoinformativo.mx\/index.php\/2025\/01\/29\/capturan-a-medico-sin-certificacion-que-realizaba-cirugias-esteticas-en-queretaro\/","name":"Capturan a m\u00e9dico sin certificaci\u00f3n que realizaba cirug\u00edas est\u00e9ticas en Quer\u00e9taro | Nexo Informativo Santiago de Quer\u00e9taro","isPartOf":{"@id":"https:\/\/www.nexoinformativo.mx\/#website"},"primaryImageOfPage":{"@id":"https:\/\/www.nexoinformativo.mx\/index.php\/2025\/01\/29\/capturan-a-medico-sin-certificacion-que-realizaba-cirugias-esteticas-en-queretaro\/#primaryimage"},"image":{"@id":"https:\/\/www.nexoinformativo.mx\/index.php\/2025\/01\/29\/capturan-a-medico-sin-certificacion-que-realizaba-cirugias-esteticas-en-queretaro\/#primaryimage"},"thumbnailUrl":"https:\/\/www.nexoinformativo.mx\/wp-content\/uploads\/2025\/01\/PHOTO-2025-01-28-15-35-25-e1738162302155.jpg","datePublished":"2025-01-29T12:00:15+00:00","dateModified":"2025-01-29T14:52:07+00:00","description":"Capturan a m\u00e9dico sin certificaci\u00f3n que realizaba cirug\u00edas est\u00e9ticas en Quer\u00e9taro","breadcrumb":{"@id":"https:\/\/www.nexoinformativo.mx\/index.php\/2025\/01\/29\/capturan-a-medico-sin-certificacion-que-realizaba-cirugias-esteticas-en-queretaro\/#breadcrumb"},"inLanguage":"es","potentialAction":[{"@type":"ReadAction","target":["https:\/\/www.nexoinformativo.mx\/index.php\/2025\/01\/29\/capturan-a-medico-sin-certificacion-que-realizaba-cirugias-esteticas-en-queretaro\/"]}]},{"@type":"ImageObject","inLanguage":"es","@id":"https:\/\/www.nexoinformativo.mx\/index.php\/2025\/01\/29\/capturan-a-medico-sin-certificacion-que-realizaba-cirugias-esteticas-en-queretaro\/#primaryimage","url":"https:\/\/www.nexoinformativo.mx\/wp-content\/uploads\/2025\/01\/PHOTO-2025-01-28-15-35-25-e1738162302155.jpg","contentUrl":"https:\/\/www.nexoinformativo.mx\/wp-content\/uploads\/2025\/01\/PHOTO-2025-01-28-15-35-25-e1738162302155.jpg","width":800,"height":504},{"@type":"BreadcrumbList","@id":"https:\/\/www.nexoinformativo.mx\/index.php\/2025\/01\/29\/capturan-a-medico-sin-certificacion-que-realizaba-cirugias-esteticas-en-queretaro\/#breadcrumb","itemListElement":[{"@type":"ListItem","position":1,"name":"Inicio","item":"https:\/\/www.nexoinformativo.mx\/"},{"@type":"ListItem","position":2,"name":"Capturan a m\u00e9dico sin certificaci\u00f3n que realizaba cirug\u00edas est\u00e9ticas en Quer\u00e9taro"}]},{"@type":"WebSite","@id":"https:\/\/www.nexoinformativo.mx\/#website","url":"https:\/\/www.nexoinformativo.mx\/","name":"Nexo Informativo Santiago de Quer\u00e9taro","description":"Explora NexoInformativo y convi\u00e9rtete en parte de una comunidad que valora el conocimiento y la verdad. Tu nexoinformativo es tu puente hacia una comprensi\u00f3n m\u00e1s profunda del mundo que te rodea.","publisher":{"@id":"https:\/\/www.nexoinformativo.mx\/#organization"},"potentialAction":[{"@type":"SearchAction","target":{"@type":"EntryPoint","urlTemplate":"https:\/\/www.nexoinformativo.mx\/?s={search_term_string}"},"query-input":{"@type":"PropertyValueSpecification","valueRequired":true,"valueName":"search_term_string"}}],"inLanguage":"es"},{"@type":"Organization","@id":"https:\/\/www.nexoinformativo.mx\/#organization","name":"Nexo Informativo Santiago de Quer\u00e9taro","url":"https:\/\/www.nexoinformativo.mx\/","logo":{"@type":"ImageObject","inLanguage":"es","@id":"https:\/\/www.nexoinformativo.mx\/#\/schema\/logo\/image\/","url":"https:\/\/www.nexoinformativo.mx\/wp-content\/uploads\/2024\/07\/nexoi-trasparente-2.png","contentUrl":"https:\/\/www.nexoinformativo.mx\/wp-content\/uploads\/2024\/07\/nexoi-trasparente-2.png","width":816,"height":339,"caption":"Nexo Informativo Santiago de Quer\u00e9taro"},"image":{"@id":"https:\/\/www.nexoinformativo.mx\/#\/schema\/logo\/image\/"},"sameAs":["https:\/\/www.facebook.com\/people\/Nexo-Informativo\/61564066885511\/"]},{"@type":"Person","@id":"https:\/\/www.nexoinformativo.mx\/#\/schema\/person\/7749d380ba08c8ca00d7bc76fd907b7d","name":"Nexo Informativo","image":{"@type":"ImageObject","inLanguage":"es","@id":"https:\/\/www.nexoinformativo.mx\/#\/schema\/person\/image\/","url":"https:\/\/secure.gravatar.com\/avatar\/dde2928154642a13d95f87ddf1ea9718fe2b46760a005c53e41ff5ad610704e6?s=96&d=mm&r=g","contentUrl":"https:\/\/secure.gravatar.com\/avatar\/dde2928154642a13d95f87ddf1ea9718fe2b46760a005c53e41ff5ad610704e6?s=96&d=mm&r=g","caption":"Nexo Informativo"},"url":"https:\/\/www.nexoinformativo.mx\/index.php\/author\/edicion\/"}]}},"_links":{"self":[{"href":"https:\/\/www.nexoinformativo.mx\/index.php\/wp-json\/wp\/v2\/posts\/10788","targetHints":{"allow":["GET"]}}],"collection":[{"href":"https:\/\/www.nexoinformativo.mx\/index.php\/wp-json\/wp\/v2\/posts"}],"about":[{"href":"https:\/\/www.nexoinformativo.mx\/index.php\/wp-json\/wp\/v2\/types\/post"}],"author":[{"embeddable":true,"href":"https:\/\/www.nexoinformativo.mx\/index.php\/wp-json\/wp\/v2\/users\/3"}],"replies":[{"embeddable":true,"href":"https:\/\/www.nexoinformativo.mx\/index.php\/wp-json\/wp\/v2\/comments?post=10788"}],"version-history":[{"count":3,"href":"https:\/\/www.nexoinformativo.mx\/index.php\/wp-json\/wp\/v2\/posts\/10788\/revisions"}],"predecessor-version":[{"id":10791,"href":"https:\/\/www.nexoinformativo.mx\/index.php\/wp-json\/wp\/v2\/posts\/10788\/revisions\/10791"}],"wp:featuredmedia":[{"embeddable":true,"href":"https:\/\/www.nexoinformativo.mx\/index.php\/wp-json\/wp\/v2\/media\/10792"}],"wp:attachment":[{"href":"https:\/\/www.nexoinformativo.mx\/index.php\/wp-json\/wp\/v2\/media?parent=10788"}],"wp:term":[{"taxonomy":"category","embeddable":true,"href":"https:\/\/www.nexoinformativo.mx\/index.php\/wp-json\/wp\/v2\/categories?post=10788"},{"taxonomy":"post_tag","embeddable":true,"href":"https:\/\/www.nexoinformativo.mx\/index.php\/wp-json\/wp\/v2\/tags?post=10788"}],"curies":[{"name":"wp","href":"https:\/\/api.w.org\/{rel}","templated":true}]}}