{"id":10804,"date":"2025-01-29T07:30:24","date_gmt":"2025-01-29T13:30:24","guid":{"rendered":"https:\/\/www.nexoinformativo.mx\/?p=10804"},"modified":"2025-01-29T09:19:33","modified_gmt":"2025-01-29T15:19:33","slug":"mas-de-125-mil-nuevas-viviendas-en-mexico-sedatu-acelera-el-programa-de-vivienda-para-el-bienestar","status":"publish","type":"post","link":"https:\/\/www.nexoinformativo.mx\/index.php\/2025\/01\/29\/mas-de-125-mil-nuevas-viviendas-en-mexico-sedatu-acelera-el-programa-de-vivienda-para-el-bienestar\/","title":{"rendered":"M\u00e1s de 125 mil nuevas viviendas en M\u00e9xico Sedatu acelera el Programa de Vivienda para el Bienestar"},"content":{"rendered":"<p style=\"text-align: justify;\" data-sourcepos=\"11:1-11:397\">El gobierno de M\u00e9xico, a trav\u00e9s de la Secretar\u00eda de Desarrollo Agrario, Territorial y Urbano (Sedatu), ha dado un paso significativo en la construcci\u00f3n de vivienda social.<\/p>\n<\/p>\n<p>&nbsp;<\/p>\n<p style=\"text-align: justify;\" data-sourcepos=\"11:1-11:397\">Con la finalidad de cumplir la meta de un mill\u00f3n de nuevas viviendas, la dependencia ha logrado asegurar 318 predios en todo el pa\u00eds, lo que permitir\u00e1 construir m\u00e1s de 125 mil viviendas en 2025.<\/p>\n<p>&nbsp;<\/p>\n<p style=\"text-align: justify;\" data-sourcepos=\"13:1-13:242\">La titular de la Sedatu, Edna Vega Rangel, inform\u00f3 que esta reserva territorial, equivalente a 2 mil 769 hect\u00e1reas, se ha logrado gracias a la colaboraci\u00f3n de gobiernos estatales y municipales, quienes han donado terrenos para este prop\u00f3sito.<\/p>\n<p>&nbsp;<\/p>\n<p style=\"text-align: justify;\" data-sourcepos=\"15:1-15:336\">Por su parte, el director general de la Comisi\u00f3n Nacional de Vivienda (Conavi), Rodrigo Ch\u00e1vez Contreras, detall\u00f3 que para este a\u00f1o se tiene proyectada la construcci\u00f3n de 50 mil viviendas a trav\u00e9s del Programa de Vivienda para el Bienestar. Adem\u00e1s, se entregar\u00e1n 100 mil tarjetas para el mejoramiento de vivienda en el Estado de M\u00e9xico.<\/p>\n<p>&nbsp;<\/p>\n<p style=\"text-align: justify;\" data-sourcepos=\"17:1-17:340\">El Instituto Nacional del Suelo Sustentable (Insus) tambi\u00e9n ha realizado importantes avances, logrando la regularizaci\u00f3n de m\u00e1s de 222 mil lotes en todo el pa\u00eds. Asimismo, el Instituto del Fondo Nacional de la Vivienda para los Trabajadores (Infonavit) ha congelado 2 millones de cr\u00e9ditos y otorgado beneficios a m\u00e1s de 590 mil acreditados.<\/p>\n<p>&nbsp;<\/p>\n<p style=\"text-align: justify;\" data-sourcepos=\"19:1-19:275\">Estos resultados son producto de una estrategia integral que involucra a diversas instituciones del gobierno federal, estatales y municipales, as\u00ed como a la sociedad civil. El objetivo es garantizar el acceso a una vivienda digna y adecuada para todas las familias mexicanas.<\/p>\n<p>&nbsp;<\/p>\n<p style=\"text-align: center;\" data-sourcepos=\"19:1-19:275\"><em><strong>\u00a1Informaci\u00f3n que transforma!<\/strong><\/em><\/p>\n","protected":false},"excerpt":{"rendered":"<p>El gobierno de M\u00e9xico, a trav\u00e9s de la Secretar\u00eda de Desarrollo Agrario, Territorial y Urbano (Sedatu), ha dado un paso significativo en la construcci\u00f3n de vivienda social. Con la finalidad de cumplir la meta de un mill\u00f3n de nuevas viviendas, la dependencia ha logrado asegurar 318 predios en todo el pa\u00eds, lo que permitir\u00e1 construir m\u00e1s de 125 mil viviendas en 2025.<\/p>\n","protected":false},"author":3,"featured_media":10805,"comment_status":"open","ping_status":"open","sticky":false,"template":"","format":"standard","meta":{"footnotes":""},"categories":[88,58],"tags":[679,1610,2046,2737],"class_list":["post-10804","post","type-post","status-publish","format-standard","has-post-thumbnail","hentry","category-nacional","category-ultima-hora","tag-bienestar","tag-mexico","tag-sedatu","tag-vivienda"],"yoast_head":"<!-- This site is optimized with the Yoast SEO plugin v25.0 - https:\/\/yoast.com\/wordpress\/plugins\/seo\/ -->\n<title>M\u00e1s de 125 mil nuevas viviendas en M\u00e9xico Sedatu acelera el Programa de Vivienda para el Bienestar | Nexo Informativo Santiago de Quer\u00e9taro<\/title>\n<meta name=\"description\" content=\"M\u00e1s de 125 mil nuevas viviendas en M\u00e9xico Sedatu acelera el Programa de Vivienda para el Bienestar\" \/>\n<meta name=\"robots\" content=\"index, follow, max-snippet:-1, max-image-preview:large, max-video-preview:-1\" \/>\n<link rel=\"canonical\" href=\"https:\/\/www.nexoinformativo.mx\/index.php\/2025\/01\/29\/mas-de-125-mil-nuevas-viviendas-en-mexico-sedatu-acelera-el-programa-de-vivienda-para-el-bienestar\/\" \/>\n<meta property=\"og:locale\" content=\"es_MX\" \/>\n<meta property=\"og:type\" content=\"article\" \/>\n<meta property=\"og:title\" content=\"M\u00e1s de 125 mil nuevas viviendas en M\u00e9xico Sedatu acelera el Programa de Vivienda para el Bienestar | Nexo Informativo Santiago de Quer\u00e9taro\" \/>\n<meta property=\"og:description\" content=\"M\u00e1s de 125 mil nuevas viviendas en M\u00e9xico Sedatu acelera el Programa de Vivienda para el Bienestar\" \/>\n<meta property=\"og:url\" content=\"https:\/\/www.nexoinformativo.mx\/index.php\/2025\/01\/29\/mas-de-125-mil-nuevas-viviendas-en-mexico-sedatu-acelera-el-programa-de-vivienda-para-el-bienestar\/\" \/>\n<meta property=\"og:site_name\" content=\"Nexo Informativo Santiago de Quer\u00e9taro\" \/>\n<meta property=\"article:publisher\" content=\"https:\/\/www.facebook.com\/people\/Nexo-Informativo\/61564066885511\/\" \/>\n<meta property=\"article:published_time\" content=\"2025-01-29T13:30:24+00:00\" \/>\n<meta property=\"article:modified_time\" content=\"2025-01-29T15:19:33+00:00\" \/>\n<meta property=\"og:image\" content=\"https:\/\/www.nexoinformativo.mx\/wp-content\/uploads\/2025\/01\/IMG_9611.png\" \/>\n\t<meta property=\"og:image:width\" content=\"650\" \/>\n\t<meta property=\"og:image:height\" content=\"380\" \/>\n\t<meta property=\"og:image:type\" content=\"image\/png\" \/>\n<meta name=\"author\" content=\"Nexo Informativo\" \/>\n<meta name=\"twitter:card\" content=\"summary_large_image\" \/>\n<meta name=\"twitter:label1\" content=\"Escrito por\" \/>\n\t<meta name=\"twitter:data1\" content=\"Nexo Informativo\" \/>\n\t<meta name=\"twitter:label2\" content=\"Tiempo de lectura\" \/>\n\t<meta name=\"twitter:data2\" content=\"2 minutos\" \/>\n<script type=\"application\/ld+json\" class=\"yoast-schema-graph\">{\"@context\":\"https:\/\/schema.org\",\"@graph\":[{\"@type\":\"Article\",\"@id\":\"https:\/\/www.nexoinformativo.mx\/index.php\/2025\/01\/29\/mas-de-125-mil-nuevas-viviendas-en-mexico-sedatu-acelera-el-programa-de-vivienda-para-el-bienestar\/#article\",\"isPartOf\":{\"@id\":\"https:\/\/www.nexoinformativo.mx\/index.php\/2025\/01\/29\/mas-de-125-mil-nuevas-viviendas-en-mexico-sedatu-acelera-el-programa-de-vivienda-para-el-bienestar\/\"},\"author\":{\"name\":\"Nexo Informativo\",\"@id\":\"https:\/\/www.nexoinformativo.mx\/#\/schema\/person\/7749d380ba08c8ca00d7bc76fd907b7d\"},\"headline\":\"M\u00e1s de 125 mil nuevas viviendas en M\u00e9xico Sedatu acelera el Programa de Vivienda para el Bienestar\",\"datePublished\":\"2025-01-29T13:30:24+00:00\",\"dateModified\":\"2025-01-29T15:19:33+00:00\",\"mainEntityOfPage\":{\"@id\":\"https:\/\/www.nexoinformativo.mx\/index.php\/2025\/01\/29\/mas-de-125-mil-nuevas-viviendas-en-mexico-sedatu-acelera-el-programa-de-vivienda-para-el-bienestar\/\"},\"wordCount\":292,\"commentCount\":0,\"publisher\":{\"@id\":\"https:\/\/www.nexoinformativo.mx\/#organization\"},\"image\":{\"@id\":\"https:\/\/www.nexoinformativo.mx\/index.php\/2025\/01\/29\/mas-de-125-mil-nuevas-viviendas-en-mexico-sedatu-acelera-el-programa-de-vivienda-para-el-bienestar\/#primaryimage\"},\"thumbnailUrl\":\"https:\/\/www.nexoinformativo.mx\/wp-content\/uploads\/2025\/01\/IMG_9611.png\",\"keywords\":[\"Bienestar\",\"M\u00e9xico\",\"Sedatu\",\"Vivienda\"],\"articleSection\":[\"Nacional\",\"\u00daltima Hora\"],\"inLanguage\":\"es\",\"potentialAction\":[{\"@type\":\"CommentAction\",\"name\":\"Comment\",\"target\":[\"https:\/\/www.nexoinformativo.mx\/index.php\/2025\/01\/29\/mas-de-125-mil-nuevas-viviendas-en-mexico-sedatu-acelera-el-programa-de-vivienda-para-el-bienestar\/#respond\"]}]},{\"@type\":\"WebPage\",\"@id\":\"https:\/\/www.nexoinformativo.mx\/index.php\/2025\/01\/29\/mas-de-125-mil-nuevas-viviendas-en-mexico-sedatu-acelera-el-programa-de-vivienda-para-el-bienestar\/\",\"url\":\"https:\/\/www.nexoinformativo.mx\/index.php\/2025\/01\/29\/mas-de-125-mil-nuevas-viviendas-en-mexico-sedatu-acelera-el-programa-de-vivienda-para-el-bienestar\/\",\"name\":\"M\u00e1s de 125 mil nuevas viviendas en M\u00e9xico Sedatu acelera el Programa de Vivienda para el Bienestar | Nexo Informativo Santiago de Quer\u00e9taro\",\"isPartOf\":{\"@id\":\"https:\/\/www.nexoinformativo.mx\/#website\"},\"primaryImageOfPage\":{\"@id\":\"https:\/\/www.nexoinformativo.mx\/index.php\/2025\/01\/29\/mas-de-125-mil-nuevas-viviendas-en-mexico-sedatu-acelera-el-programa-de-vivienda-para-el-bienestar\/#primaryimage\"},\"image\":{\"@id\":\"https:\/\/www.nexoinformativo.mx\/index.php\/2025\/01\/29\/mas-de-125-mil-nuevas-viviendas-en-mexico-sedatu-acelera-el-programa-de-vivienda-para-el-bienestar\/#primaryimage\"},\"thumbnailUrl\":\"https:\/\/www.nexoinformativo.mx\/wp-content\/uploads\/2025\/01\/IMG_9611.png\",\"datePublished\":\"2025-01-29T13:30:24+00:00\",\"dateModified\":\"2025-01-29T15:19:33+00:00\",\"description\":\"M\u00e1s de 125 mil nuevas viviendas en M\u00e9xico Sedatu acelera el Programa de Vivienda para el Bienestar\",\"breadcrumb\":{\"@id\":\"https:\/\/www.nexoinformativo.mx\/index.php\/2025\/01\/29\/mas-de-125-mil-nuevas-viviendas-en-mexico-sedatu-acelera-el-programa-de-vivienda-para-el-bienestar\/#breadcrumb\"},\"inLanguage\":\"es\",\"potentialAction\":[{\"@type\":\"ReadAction\",\"target\":[\"https:\/\/www.nexoinformativo.mx\/index.php\/2025\/01\/29\/mas-de-125-mil-nuevas-viviendas-en-mexico-sedatu-acelera-el-programa-de-vivienda-para-el-bienestar\/\"]}]},{\"@type\":\"ImageObject\",\"inLanguage\":\"es\",\"@id\":\"https:\/\/www.nexoinformativo.mx\/index.php\/2025\/01\/29\/mas-de-125-mil-nuevas-viviendas-en-mexico-sedatu-acelera-el-programa-de-vivienda-para-el-bienestar\/#primaryimage\",\"url\":\"https:\/\/www.nexoinformativo.mx\/wp-content\/uploads\/2025\/01\/IMG_9611.png\",\"contentUrl\":\"https:\/\/www.nexoinformativo.mx\/wp-content\/uploads\/2025\/01\/IMG_9611.png\",\"width\":650,\"height\":380},{\"@type\":\"BreadcrumbList\",\"@id\":\"https:\/\/www.nexoinformativo.mx\/index.php\/2025\/01\/29\/mas-de-125-mil-nuevas-viviendas-en-mexico-sedatu-acelera-el-programa-de-vivienda-para-el-bienestar\/#breadcrumb\",\"itemListElement\":[{\"@type\":\"ListItem\",\"position\":1,\"name\":\"Inicio\",\"item\":\"https:\/\/www.nexoinformativo.mx\/\"},{\"@type\":\"ListItem\",\"position\":2,\"name\":\"M\u00e1s de 125 mil nuevas viviendas en M\u00e9xico Sedatu acelera el Programa de Vivienda para el Bienestar\"}]},{\"@type\":\"WebSite\",\"@id\":\"https:\/\/www.nexoinformativo.mx\/#website\",\"url\":\"https:\/\/www.nexoinformativo.mx\/\",\"name\":\"Nexo Informativo Santiago de Quer\u00e9taro\",\"description\":\"Explora NexoInformativo y convi\u00e9rtete en parte de una comunidad que valora el conocimiento y la verdad. Tu nexoinformativo es tu puente hacia una comprensi\u00f3n m\u00e1s profunda del mundo que te rodea.\",\"publisher\":{\"@id\":\"https:\/\/www.nexoinformativo.mx\/#organization\"},\"potentialAction\":[{\"@type\":\"SearchAction\",\"target\":{\"@type\":\"EntryPoint\",\"urlTemplate\":\"https:\/\/www.nexoinformativo.mx\/?s={search_term_string}\"},\"query-input\":{\"@type\":\"PropertyValueSpecification\",\"valueRequired\":true,\"valueName\":\"search_term_string\"}}],\"inLanguage\":\"es\"},{\"@type\":\"Organization\",\"@id\":\"https:\/\/www.nexoinformativo.mx\/#organization\",\"name\":\"Nexo Informativo Santiago de Quer\u00e9taro\",\"url\":\"https:\/\/www.nexoinformativo.mx\/\",\"logo\":{\"@type\":\"ImageObject\",\"inLanguage\":\"es\",\"@id\":\"https:\/\/www.nexoinformativo.mx\/#\/schema\/logo\/image\/\",\"url\":\"https:\/\/www.nexoinformativo.mx\/wp-content\/uploads\/2024\/07\/nexoi-trasparente-2.png\",\"contentUrl\":\"https:\/\/www.nexoinformativo.mx\/wp-content\/uploads\/2024\/07\/nexoi-trasparente-2.png\",\"width\":816,\"height\":339,\"caption\":\"Nexo Informativo Santiago de Quer\u00e9taro\"},\"image\":{\"@id\":\"https:\/\/www.nexoinformativo.mx\/#\/schema\/logo\/image\/\"},\"sameAs\":[\"https:\/\/www.facebook.com\/people\/Nexo-Informativo\/61564066885511\/\"]},{\"@type\":\"Person\",\"@id\":\"https:\/\/www.nexoinformativo.mx\/#\/schema\/person\/7749d380ba08c8ca00d7bc76fd907b7d\",\"name\":\"Nexo Informativo\",\"image\":{\"@type\":\"ImageObject\",\"inLanguage\":\"es\",\"@id\":\"https:\/\/www.nexoinformativo.mx\/#\/schema\/person\/image\/\",\"url\":\"https:\/\/secure.gravatar.com\/avatar\/dde2928154642a13d95f87ddf1ea9718fe2b46760a005c53e41ff5ad610704e6?s=96&d=mm&r=g\",\"contentUrl\":\"https:\/\/secure.gravatar.com\/avatar\/dde2928154642a13d95f87ddf1ea9718fe2b46760a005c53e41ff5ad610704e6?s=96&d=mm&r=g\",\"caption\":\"Nexo Informativo\"},\"url\":\"https:\/\/www.nexoinformativo.mx\/index.php\/author\/edicion\/\"}]}<\/script>\n<!-- \/ Yoast SEO plugin. -->","yoast_head_json":{"title":"M\u00e1s de 125 mil nuevas viviendas en M\u00e9xico Sedatu acelera el Programa de Vivienda para el Bienestar | Nexo Informativo Santiago de Quer\u00e9taro","description":"M\u00e1s de 125 mil nuevas viviendas en M\u00e9xico Sedatu acelera el Programa de Vivienda para el Bienestar","robots":{"index":"index","follow":"follow","max-snippet":"max-snippet:-1","max-image-preview":"max-image-preview:large","max-video-preview":"max-video-preview:-1"},"canonical":"https:\/\/www.nexoinformativo.mx\/index.php\/2025\/01\/29\/mas-de-125-mil-nuevas-viviendas-en-mexico-sedatu-acelera-el-programa-de-vivienda-para-el-bienestar\/","og_locale":"es_MX","og_type":"article","og_title":"M\u00e1s de 125 mil nuevas viviendas en M\u00e9xico Sedatu acelera el Programa de Vivienda para el Bienestar | Nexo Informativo Santiago de Quer\u00e9taro","og_description":"M\u00e1s de 125 mil nuevas viviendas en M\u00e9xico Sedatu acelera el Programa de Vivienda para el Bienestar","og_url":"https:\/\/www.nexoinformativo.mx\/index.php\/2025\/01\/29\/mas-de-125-mil-nuevas-viviendas-en-mexico-sedatu-acelera-el-programa-de-vivienda-para-el-bienestar\/","og_site_name":"Nexo Informativo Santiago de Quer\u00e9taro","article_publisher":"https:\/\/www.facebook.com\/people\/Nexo-Informativo\/61564066885511\/","article_published_time":"2025-01-29T13:30:24+00:00","article_modified_time":"2025-01-29T15:19:33+00:00","og_image":[{"width":650,"height":380,"url":"https:\/\/www.nexoinformativo.mx\/wp-content\/uploads\/2025\/01\/IMG_9611.png","type":"image\/png"}],"author":"Nexo Informativo","twitter_card":"summary_large_image","twitter_misc":{"Escrito por":"Nexo Informativo","Tiempo de lectura":"2 minutos"},"schema":{"@context":"https:\/\/schema.org","@graph":[{"@type":"Article","@id":"https:\/\/www.nexoinformativo.mx\/index.php\/2025\/01\/29\/mas-de-125-mil-nuevas-viviendas-en-mexico-sedatu-acelera-el-programa-de-vivienda-para-el-bienestar\/#article","isPartOf":{"@id":"https:\/\/www.nexoinformativo.mx\/index.php\/2025\/01\/29\/mas-de-125-mil-nuevas-viviendas-en-mexico-sedatu-acelera-el-programa-de-vivienda-para-el-bienestar\/"},"author":{"name":"Nexo Informativo","@id":"https:\/\/www.nexoinformativo.mx\/#\/schema\/person\/7749d380ba08c8ca00d7bc76fd907b7d"},"headline":"M\u00e1s de 125 mil nuevas viviendas en M\u00e9xico Sedatu acelera el Programa de Vivienda para el Bienestar","datePublished":"2025-01-29T13:30:24+00:00","dateModified":"2025-01-29T15:19:33+00:00","mainEntityOfPage":{"@id":"https:\/\/www.nexoinformativo.mx\/index.php\/2025\/01\/29\/mas-de-125-mil-nuevas-viviendas-en-mexico-sedatu-acelera-el-programa-de-vivienda-para-el-bienestar\/"},"wordCount":292,"commentCount":0,"publisher":{"@id":"https:\/\/www.nexoinformativo.mx\/#organization"},"image":{"@id":"https:\/\/www.nexoinformativo.mx\/index.php\/2025\/01\/29\/mas-de-125-mil-nuevas-viviendas-en-mexico-sedatu-acelera-el-programa-de-vivienda-para-el-bienestar\/#primaryimage"},"thumbnailUrl":"https:\/\/www.nexoinformativo.mx\/wp-content\/uploads\/2025\/01\/IMG_9611.png","keywords":["Bienestar","M\u00e9xico","Sedatu","Vivienda"],"articleSection":["Nacional","\u00daltima Hora"],"inLanguage":"es","potentialAction":[{"@type":"CommentAction","name":"Comment","target":["https:\/\/www.nexoinformativo.mx\/index.php\/2025\/01\/29\/mas-de-125-mil-nuevas-viviendas-en-mexico-sedatu-acelera-el-programa-de-vivienda-para-el-bienestar\/#respond"]}]},{"@type":"WebPage","@id":"https:\/\/www.nexoinformativo.mx\/index.php\/2025\/01\/29\/mas-de-125-mil-nuevas-viviendas-en-mexico-sedatu-acelera-el-programa-de-vivienda-para-el-bienestar\/","url":"https:\/\/www.nexoinformativo.mx\/index.php\/2025\/01\/29\/mas-de-125-mil-nuevas-viviendas-en-mexico-sedatu-acelera-el-programa-de-vivienda-para-el-bienestar\/","name":"M\u00e1s de 125 mil nuevas viviendas en M\u00e9xico Sedatu acelera el Programa de Vivienda para el Bienestar | Nexo Informativo Santiago de Quer\u00e9taro","isPartOf":{"@id":"https:\/\/www.nexoinformativo.mx\/#website"},"primaryImageOfPage":{"@id":"https:\/\/www.nexoinformativo.mx\/index.php\/2025\/01\/29\/mas-de-125-mil-nuevas-viviendas-en-mexico-sedatu-acelera-el-programa-de-vivienda-para-el-bienestar\/#primaryimage"},"image":{"@id":"https:\/\/www.nexoinformativo.mx\/index.php\/2025\/01\/29\/mas-de-125-mil-nuevas-viviendas-en-mexico-sedatu-acelera-el-programa-de-vivienda-para-el-bienestar\/#primaryimage"},"thumbnailUrl":"https:\/\/www.nexoinformativo.mx\/wp-content\/uploads\/2025\/01\/IMG_9611.png","datePublished":"2025-01-29T13:30:24+00:00","dateModified":"2025-01-29T15:19:33+00:00","description":"M\u00e1s de 125 mil nuevas viviendas en M\u00e9xico Sedatu acelera el Programa de Vivienda para el Bienestar","breadcrumb":{"@id":"https:\/\/www.nexoinformativo.mx\/index.php\/2025\/01\/29\/mas-de-125-mil-nuevas-viviendas-en-mexico-sedatu-acelera-el-programa-de-vivienda-para-el-bienestar\/#breadcrumb"},"inLanguage":"es","potentialAction":[{"@type":"ReadAction","target":["https:\/\/www.nexoinformativo.mx\/index.php\/2025\/01\/29\/mas-de-125-mil-nuevas-viviendas-en-mexico-sedatu-acelera-el-programa-de-vivienda-para-el-bienestar\/"]}]},{"@type":"ImageObject","inLanguage":"es","@id":"https:\/\/www.nexoinformativo.mx\/index.php\/2025\/01\/29\/mas-de-125-mil-nuevas-viviendas-en-mexico-sedatu-acelera-el-programa-de-vivienda-para-el-bienestar\/#primaryimage","url":"https:\/\/www.nexoinformativo.mx\/wp-content\/uploads\/2025\/01\/IMG_9611.png","contentUrl":"https:\/\/www.nexoinformativo.mx\/wp-content\/uploads\/2025\/01\/IMG_9611.png","width":650,"height":380},{"@type":"BreadcrumbList","@id":"https:\/\/www.nexoinformativo.mx\/index.php\/2025\/01\/29\/mas-de-125-mil-nuevas-viviendas-en-mexico-sedatu-acelera-el-programa-de-vivienda-para-el-bienestar\/#breadcrumb","itemListElement":[{"@type":"ListItem","position":1,"name":"Inicio","item":"https:\/\/www.nexoinformativo.mx\/"},{"@type":"ListItem","position":2,"name":"M\u00e1s de 125 mil nuevas viviendas en M\u00e9xico Sedatu acelera el Programa de Vivienda para el Bienestar"}]},{"@type":"WebSite","@id":"https:\/\/www.nexoinformativo.mx\/#website","url":"https:\/\/www.nexoinformativo.mx\/","name":"Nexo Informativo Santiago de Quer\u00e9taro","description":"Explora NexoInformativo y convi\u00e9rtete en parte de una comunidad que valora el conocimiento y la verdad. Tu nexoinformativo es tu puente hacia una comprensi\u00f3n m\u00e1s profunda del mundo que te rodea.","publisher":{"@id":"https:\/\/www.nexoinformativo.mx\/#organization"},"potentialAction":[{"@type":"SearchAction","target":{"@type":"EntryPoint","urlTemplate":"https:\/\/www.nexoinformativo.mx\/?s={search_term_string}"},"query-input":{"@type":"PropertyValueSpecification","valueRequired":true,"valueName":"search_term_string"}}],"inLanguage":"es"},{"@type":"Organization","@id":"https:\/\/www.nexoinformativo.mx\/#organization","name":"Nexo Informativo Santiago de Quer\u00e9taro","url":"https:\/\/www.nexoinformativo.mx\/","logo":{"@type":"ImageObject","inLanguage":"es","@id":"https:\/\/www.nexoinformativo.mx\/#\/schema\/logo\/image\/","url":"https:\/\/www.nexoinformativo.mx\/wp-content\/uploads\/2024\/07\/nexoi-trasparente-2.png","contentUrl":"https:\/\/www.nexoinformativo.mx\/wp-content\/uploads\/2024\/07\/nexoi-trasparente-2.png","width":816,"height":339,"caption":"Nexo Informativo Santiago de Quer\u00e9taro"},"image":{"@id":"https:\/\/www.nexoinformativo.mx\/#\/schema\/logo\/image\/"},"sameAs":["https:\/\/www.facebook.com\/people\/Nexo-Informativo\/61564066885511\/"]},{"@type":"Person","@id":"https:\/\/www.nexoinformativo.mx\/#\/schema\/person\/7749d380ba08c8ca00d7bc76fd907b7d","name":"Nexo Informativo","image":{"@type":"ImageObject","inLanguage":"es","@id":"https:\/\/www.nexoinformativo.mx\/#\/schema\/person\/image\/","url":"https:\/\/secure.gravatar.com\/avatar\/dde2928154642a13d95f87ddf1ea9718fe2b46760a005c53e41ff5ad610704e6?s=96&d=mm&r=g","contentUrl":"https:\/\/secure.gravatar.com\/avatar\/dde2928154642a13d95f87ddf1ea9718fe2b46760a005c53e41ff5ad610704e6?s=96&d=mm&r=g","caption":"Nexo Informativo"},"url":"https:\/\/www.nexoinformativo.mx\/index.php\/author\/edicion\/"}]}},"_links":{"self":[{"href":"https:\/\/www.nexoinformativo.mx\/index.php\/wp-json\/wp\/v2\/posts\/10804","targetHints":{"allow":["GET"]}}],"collection":[{"href":"https:\/\/www.nexoinformativo.mx\/index.php\/wp-json\/wp\/v2\/posts"}],"about":[{"href":"https:\/\/www.nexoinformativo.mx\/index.php\/wp-json\/wp\/v2\/types\/post"}],"author":[{"embeddable":true,"href":"https:\/\/www.nexoinformativo.mx\/index.php\/wp-json\/wp\/v2\/users\/3"}],"replies":[{"embeddable":true,"href":"https:\/\/www.nexoinformativo.mx\/index.php\/wp-json\/wp\/v2\/comments?post=10804"}],"version-history":[{"count":4,"href":"https:\/\/www.nexoinformativo.mx\/index.php\/wp-json\/wp\/v2\/posts\/10804\/revisions"}],"predecessor-version":[{"id":10808,"href":"https:\/\/www.nexoinformativo.mx\/index.php\/wp-json\/wp\/v2\/posts\/10804\/revisions\/10808"}],"wp:featuredmedia":[{"embeddable":true,"href":"https:\/\/www.nexoinformativo.mx\/index.php\/wp-json\/wp\/v2\/media\/10805"}],"wp:attachment":[{"href":"https:\/\/www.nexoinformativo.mx\/index.php\/wp-json\/wp\/v2\/media?parent=10804"}],"wp:term":[{"taxonomy":"category","embeddable":true,"href":"https:\/\/www.nexoinformativo.mx\/index.php\/wp-json\/wp\/v2\/categories?post=10804"},{"taxonomy":"post_tag","embeddable":true,"href":"https:\/\/www.nexoinformativo.mx\/index.php\/wp-json\/wp\/v2\/tags?post=10804"}],"curies":[{"name":"wp","href":"https:\/\/api.w.org\/{rel}","templated":true}]}}