{"id":10839,"date":"2025-01-29T10:00:10","date_gmt":"2025-01-29T16:00:10","guid":{"rendered":"https:\/\/www.nexoinformativo.mx\/?p=10839"},"modified":"2025-01-29T09:57:36","modified_gmt":"2025-01-29T15:57:36","slug":"queretaro-invierte-en-cultura-con-930-actividades-artisticas-y-un-nuevo-centro-de-creacion","status":"publish","type":"post","link":"https:\/\/www.nexoinformativo.mx\/index.php\/2025\/01\/29\/queretaro-invierte-en-cultura-con-930-actividades-artisticas-y-un-nuevo-centro-de-creacion\/","title":{"rendered":"Quer\u00e9taro invierte en cultura con 930 actividades art\u00edsticas y un nuevo centro de creaci\u00f3n"},"content":{"rendered":"<p style=\"text-align: justify;\" data-sourcepos=\"11:1-11:408\">La Secretar\u00eda de Cultura del estado de Quer\u00e9taro present\u00f3 un ambicioso plan de trabajo para el a\u00f1o 2025, con el objetivo de impulsar el desarrollo cultural y art\u00edstico en la entidad.<\/p>\n<p>&nbsp;<\/p>\n<p style=\"text-align: justify;\" data-sourcepos=\"11:1-11:408\">Con una inversi\u00f3n de \u00a023 millones de pesos, se llevar\u00e1n a cabo m\u00e1s de 930 actividades culturales, incluyendo exposiciones, festivales y talleres, que beneficiar\u00e1n a artistas, creadores y al p\u00fablico en general.<\/p>\n<p>&nbsp;<\/p>\n<p style=\"text-align: justify;\" data-sourcepos=\"13:1-13:277\">La titular de la Secretar\u00eda de Cultura, Ana Paola L\u00f3pez Birlain, destac\u00f3 que este plan se construy\u00f3 de manera participativa, con la colaboraci\u00f3n de artistas, gestores culturales y comunidades, para garantizar que responda a las necesidades y expectativas de todos los sectores.<\/p>\n<p>&nbsp;<\/p>\n<p style=\"text-align: justify;\" data-sourcepos=\"15:1-15:50\"><strong>Entre los ejes principales del plan se encuentran:<\/strong><\/p>\n<p>&nbsp;<\/p>\n<p style=\"text-align: justify;\" data-sourcepos=\"15:1-15:50\">*Se brindar\u00e1 apoyo a artistas y creadores a trav\u00e9s de convocatorias, talleres y residencias art\u00edsticas.<\/p>\n<p style=\"text-align: justify;\" data-sourcepos=\"15:1-15:50\">* Se llevar\u00e1n a cabo actividades culturales en los 18 municipios del estado, promoviendo la diversidad cultural y el talento local.<\/p>\n<p style=\"text-align: justify;\" data-sourcepos=\"15:1-15:50\">*Se impulsar\u00e1n las industrias creativas como un motor de desarrollo econ\u00f3mico.<\/p>\n<p style=\"text-align: justify;\">*Se garantizar\u00e1 el acceso a la cultura para todos los sectores de la poblaci\u00f3n.<\/p>\n<p>&nbsp;<\/p>\n<p style=\"text-align: justify;\" data-sourcepos=\"22:1-22:223\">Un aspecto destacado del plan es la creaci\u00f3n del <strong>Centro de Integraci\u00f3n y Vinculaci\u00f3n para el Arte<\/strong> (CIVARTE), un espacio que ofrecer\u00e1 servicios de informaci\u00f3n, orientaci\u00f3n y capacitaci\u00f3n a los artistas y gestores culturales.<\/p>\n<p>&nbsp;<\/p>\n<p style=\"text-align: justify;\" data-sourcepos=\"24:1-24:177\"><strong>&#8220;Queremos que Quer\u00e9taro sea un referente nacional en materia de cultura y que todos los ciudadanos tengan acceso a experiencias culturales enriquecedoras&#8221;<\/strong>, afirm\u00f3 L\u00f3pez Birlain.<\/p>\n<p>&nbsp;<\/p>\n<p style=\"text-align: center;\" data-sourcepos=\"24:1-24:177\"><em><strong>\u00a1Informaci\u00f3n que transforma!<\/strong><\/em><\/p>\n","protected":false},"excerpt":{"rendered":"<p>La Secretar\u00eda de Cultura del estado de Quer\u00e9taro present\u00f3 un ambicioso plan de trabajo para el a\u00f1o 2025, con el objetivo de impulsar el desarrollo cultural y art\u00edstico en la entidad.<\/p>\n","protected":false},"author":3,"featured_media":10840,"comment_status":"open","ping_status":"open","sticky":false,"template":"","format":"standard","meta":{"footnotes":""},"categories":[50,42,58],"tags":[2487,3276,417,1864],"class_list":["post-10839","post","type-post","status-publish","format-standard","has-post-thumbnail","hentry","category-espectaculos","category-estado","category-ultima-hora","tag-artes","tag-culturaparatodos","tag-culturaqueretaro","tag-queretarocreativo"],"yoast_head":"<!-- This site is optimized with the Yoast SEO plugin v25.0 - https:\/\/yoast.com\/wordpress\/plugins\/seo\/ -->\n<title>Quer\u00e9taro invierte en cultura con 930 actividades art\u00edsticas y un nuevo centro de creaci\u00f3n | Nexo Informativo Santiago de Quer\u00e9taro<\/title>\n<meta name=\"description\" content=\"Quer\u00e9taro invierte en cultura con 930 actividades art\u00edsticas y un nuevo centro de creaci\u00f3n\" \/>\n<meta name=\"robots\" content=\"index, follow, max-snippet:-1, max-image-preview:large, max-video-preview:-1\" \/>\n<link rel=\"canonical\" href=\"https:\/\/www.nexoinformativo.mx\/index.php\/2025\/01\/29\/queretaro-invierte-en-cultura-con-930-actividades-artisticas-y-un-nuevo-centro-de-creacion\/\" \/>\n<meta property=\"og:locale\" content=\"es_MX\" \/>\n<meta property=\"og:type\" content=\"article\" \/>\n<meta property=\"og:title\" content=\"Quer\u00e9taro invierte en cultura con 930 actividades art\u00edsticas y un nuevo centro de creaci\u00f3n | Nexo Informativo Santiago de Quer\u00e9taro\" \/>\n<meta property=\"og:description\" content=\"Quer\u00e9taro invierte en cultura con 930 actividades art\u00edsticas y un nuevo centro de creaci\u00f3n\" \/>\n<meta property=\"og:url\" content=\"https:\/\/www.nexoinformativo.mx\/index.php\/2025\/01\/29\/queretaro-invierte-en-cultura-con-930-actividades-artisticas-y-un-nuevo-centro-de-creacion\/\" \/>\n<meta property=\"og:site_name\" content=\"Nexo Informativo Santiago de Quer\u00e9taro\" \/>\n<meta property=\"article:publisher\" content=\"https:\/\/www.facebook.com\/people\/Nexo-Informativo\/61564066885511\/\" \/>\n<meta property=\"article:published_time\" content=\"2025-01-29T16:00:10+00:00\" \/>\n<meta property=\"og:image\" content=\"https:\/\/www.nexoinformativo.mx\/wp-content\/uploads\/2025\/01\/PHOTO-2025-01-29-09-49-38-e1738166141571.jpg\" \/>\n\t<meta property=\"og:image:width\" content=\"800\" \/>\n\t<meta property=\"og:image:height\" content=\"560\" \/>\n\t<meta property=\"og:image:type\" content=\"image\/jpeg\" \/>\n<meta name=\"author\" content=\"Nexo Informativo\" \/>\n<meta name=\"twitter:card\" content=\"summary_large_image\" \/>\n<meta name=\"twitter:label1\" content=\"Escrito por\" \/>\n\t<meta name=\"twitter:data1\" content=\"Nexo Informativo\" \/>\n\t<meta name=\"twitter:label2\" content=\"Tiempo de lectura\" \/>\n\t<meta name=\"twitter:data2\" content=\"2 minutos\" \/>\n<script type=\"application\/ld+json\" class=\"yoast-schema-graph\">{\"@context\":\"https:\/\/schema.org\",\"@graph\":[{\"@type\":\"Article\",\"@id\":\"https:\/\/www.nexoinformativo.mx\/index.php\/2025\/01\/29\/queretaro-invierte-en-cultura-con-930-actividades-artisticas-y-un-nuevo-centro-de-creacion\/#article\",\"isPartOf\":{\"@id\":\"https:\/\/www.nexoinformativo.mx\/index.php\/2025\/01\/29\/queretaro-invierte-en-cultura-con-930-actividades-artisticas-y-un-nuevo-centro-de-creacion\/\"},\"author\":{\"name\":\"Nexo Informativo\",\"@id\":\"https:\/\/www.nexoinformativo.mx\/#\/schema\/person\/7749d380ba08c8ca00d7bc76fd907b7d\"},\"headline\":\"Quer\u00e9taro invierte en cultura con 930 actividades art\u00edsticas y un nuevo centro de creaci\u00f3n\",\"datePublished\":\"2025-01-29T16:00:10+00:00\",\"mainEntityOfPage\":{\"@id\":\"https:\/\/www.nexoinformativo.mx\/index.php\/2025\/01\/29\/queretaro-invierte-en-cultura-con-930-actividades-artisticas-y-un-nuevo-centro-de-creacion\/\"},\"wordCount\":281,\"commentCount\":0,\"publisher\":{\"@id\":\"https:\/\/www.nexoinformativo.mx\/#organization\"},\"image\":{\"@id\":\"https:\/\/www.nexoinformativo.mx\/index.php\/2025\/01\/29\/queretaro-invierte-en-cultura-con-930-actividades-artisticas-y-un-nuevo-centro-de-creacion\/#primaryimage\"},\"thumbnailUrl\":\"https:\/\/www.nexoinformativo.mx\/wp-content\/uploads\/2025\/01\/PHOTO-2025-01-29-09-49-38-e1738166141571.jpg\",\"keywords\":[\"Artes\",\"CulturaParaTodos\",\"CulturaQuer\u00e9taro\",\"Quer\u00e9taroCreativo\"],\"articleSection\":[\"Espect\u00e1culos\",\"Estado\",\"\u00daltima Hora\"],\"inLanguage\":\"es\",\"potentialAction\":[{\"@type\":\"CommentAction\",\"name\":\"Comment\",\"target\":[\"https:\/\/www.nexoinformativo.mx\/index.php\/2025\/01\/29\/queretaro-invierte-en-cultura-con-930-actividades-artisticas-y-un-nuevo-centro-de-creacion\/#respond\"]}]},{\"@type\":\"WebPage\",\"@id\":\"https:\/\/www.nexoinformativo.mx\/index.php\/2025\/01\/29\/queretaro-invierte-en-cultura-con-930-actividades-artisticas-y-un-nuevo-centro-de-creacion\/\",\"url\":\"https:\/\/www.nexoinformativo.mx\/index.php\/2025\/01\/29\/queretaro-invierte-en-cultura-con-930-actividades-artisticas-y-un-nuevo-centro-de-creacion\/\",\"name\":\"Quer\u00e9taro invierte en cultura con 930 actividades art\u00edsticas y un nuevo centro de creaci\u00f3n | Nexo Informativo Santiago de Quer\u00e9taro\",\"isPartOf\":{\"@id\":\"https:\/\/www.nexoinformativo.mx\/#website\"},\"primaryImageOfPage\":{\"@id\":\"https:\/\/www.nexoinformativo.mx\/index.php\/2025\/01\/29\/queretaro-invierte-en-cultura-con-930-actividades-artisticas-y-un-nuevo-centro-de-creacion\/#primaryimage\"},\"image\":{\"@id\":\"https:\/\/www.nexoinformativo.mx\/index.php\/2025\/01\/29\/queretaro-invierte-en-cultura-con-930-actividades-artisticas-y-un-nuevo-centro-de-creacion\/#primaryimage\"},\"thumbnailUrl\":\"https:\/\/www.nexoinformativo.mx\/wp-content\/uploads\/2025\/01\/PHOTO-2025-01-29-09-49-38-e1738166141571.jpg\",\"datePublished\":\"2025-01-29T16:00:10+00:00\",\"description\":\"Quer\u00e9taro invierte en cultura con 930 actividades art\u00edsticas y un nuevo centro de creaci\u00f3n\",\"breadcrumb\":{\"@id\":\"https:\/\/www.nexoinformativo.mx\/index.php\/2025\/01\/29\/queretaro-invierte-en-cultura-con-930-actividades-artisticas-y-un-nuevo-centro-de-creacion\/#breadcrumb\"},\"inLanguage\":\"es\",\"potentialAction\":[{\"@type\":\"ReadAction\",\"target\":[\"https:\/\/www.nexoinformativo.mx\/index.php\/2025\/01\/29\/queretaro-invierte-en-cultura-con-930-actividades-artisticas-y-un-nuevo-centro-de-creacion\/\"]}]},{\"@type\":\"ImageObject\",\"inLanguage\":\"es\",\"@id\":\"https:\/\/www.nexoinformativo.mx\/index.php\/2025\/01\/29\/queretaro-invierte-en-cultura-con-930-actividades-artisticas-y-un-nuevo-centro-de-creacion\/#primaryimage\",\"url\":\"https:\/\/www.nexoinformativo.mx\/wp-content\/uploads\/2025\/01\/PHOTO-2025-01-29-09-49-38-e1738166141571.jpg\",\"contentUrl\":\"https:\/\/www.nexoinformativo.mx\/wp-content\/uploads\/2025\/01\/PHOTO-2025-01-29-09-49-38-e1738166141571.jpg\",\"width\":800,\"height\":560},{\"@type\":\"BreadcrumbList\",\"@id\":\"https:\/\/www.nexoinformativo.mx\/index.php\/2025\/01\/29\/queretaro-invierte-en-cultura-con-930-actividades-artisticas-y-un-nuevo-centro-de-creacion\/#breadcrumb\",\"itemListElement\":[{\"@type\":\"ListItem\",\"position\":1,\"name\":\"Inicio\",\"item\":\"https:\/\/www.nexoinformativo.mx\/\"},{\"@type\":\"ListItem\",\"position\":2,\"name\":\"Quer\u00e9taro invierte en cultura con 930 actividades art\u00edsticas y un nuevo centro de creaci\u00f3n\"}]},{\"@type\":\"WebSite\",\"@id\":\"https:\/\/www.nexoinformativo.mx\/#website\",\"url\":\"https:\/\/www.nexoinformativo.mx\/\",\"name\":\"Nexo Informativo Santiago de Quer\u00e9taro\",\"description\":\"Explora NexoInformativo y convi\u00e9rtete en parte de una comunidad que valora el conocimiento y la verdad. Tu nexoinformativo es tu puente hacia una comprensi\u00f3n m\u00e1s profunda del mundo que te rodea.\",\"publisher\":{\"@id\":\"https:\/\/www.nexoinformativo.mx\/#organization\"},\"potentialAction\":[{\"@type\":\"SearchAction\",\"target\":{\"@type\":\"EntryPoint\",\"urlTemplate\":\"https:\/\/www.nexoinformativo.mx\/?s={search_term_string}\"},\"query-input\":{\"@type\":\"PropertyValueSpecification\",\"valueRequired\":true,\"valueName\":\"search_term_string\"}}],\"inLanguage\":\"es\"},{\"@type\":\"Organization\",\"@id\":\"https:\/\/www.nexoinformativo.mx\/#organization\",\"name\":\"Nexo Informativo Santiago de Quer\u00e9taro\",\"url\":\"https:\/\/www.nexoinformativo.mx\/\",\"logo\":{\"@type\":\"ImageObject\",\"inLanguage\":\"es\",\"@id\":\"https:\/\/www.nexoinformativo.mx\/#\/schema\/logo\/image\/\",\"url\":\"https:\/\/www.nexoinformativo.mx\/wp-content\/uploads\/2024\/07\/nexoi-trasparente-2.png\",\"contentUrl\":\"https:\/\/www.nexoinformativo.mx\/wp-content\/uploads\/2024\/07\/nexoi-trasparente-2.png\",\"width\":816,\"height\":339,\"caption\":\"Nexo Informativo Santiago de Quer\u00e9taro\"},\"image\":{\"@id\":\"https:\/\/www.nexoinformativo.mx\/#\/schema\/logo\/image\/\"},\"sameAs\":[\"https:\/\/www.facebook.com\/people\/Nexo-Informativo\/61564066885511\/\"]},{\"@type\":\"Person\",\"@id\":\"https:\/\/www.nexoinformativo.mx\/#\/schema\/person\/7749d380ba08c8ca00d7bc76fd907b7d\",\"name\":\"Nexo Informativo\",\"image\":{\"@type\":\"ImageObject\",\"inLanguage\":\"es\",\"@id\":\"https:\/\/www.nexoinformativo.mx\/#\/schema\/person\/image\/\",\"url\":\"https:\/\/secure.gravatar.com\/avatar\/dde2928154642a13d95f87ddf1ea9718fe2b46760a005c53e41ff5ad610704e6?s=96&d=mm&r=g\",\"contentUrl\":\"https:\/\/secure.gravatar.com\/avatar\/dde2928154642a13d95f87ddf1ea9718fe2b46760a005c53e41ff5ad610704e6?s=96&d=mm&r=g\",\"caption\":\"Nexo Informativo\"},\"url\":\"https:\/\/www.nexoinformativo.mx\/index.php\/author\/edicion\/\"}]}<\/script>\n<!-- \/ Yoast SEO plugin. -->","yoast_head_json":{"title":"Quer\u00e9taro invierte en cultura con 930 actividades art\u00edsticas y un nuevo centro de creaci\u00f3n | Nexo Informativo Santiago de Quer\u00e9taro","description":"Quer\u00e9taro invierte en cultura con 930 actividades art\u00edsticas y un nuevo centro de creaci\u00f3n","robots":{"index":"index","follow":"follow","max-snippet":"max-snippet:-1","max-image-preview":"max-image-preview:large","max-video-preview":"max-video-preview:-1"},"canonical":"https:\/\/www.nexoinformativo.mx\/index.php\/2025\/01\/29\/queretaro-invierte-en-cultura-con-930-actividades-artisticas-y-un-nuevo-centro-de-creacion\/","og_locale":"es_MX","og_type":"article","og_title":"Quer\u00e9taro invierte en cultura con 930 actividades art\u00edsticas y un nuevo centro de creaci\u00f3n | Nexo Informativo Santiago de Quer\u00e9taro","og_description":"Quer\u00e9taro invierte en cultura con 930 actividades art\u00edsticas y un nuevo centro de creaci\u00f3n","og_url":"https:\/\/www.nexoinformativo.mx\/index.php\/2025\/01\/29\/queretaro-invierte-en-cultura-con-930-actividades-artisticas-y-un-nuevo-centro-de-creacion\/","og_site_name":"Nexo Informativo Santiago de Quer\u00e9taro","article_publisher":"https:\/\/www.facebook.com\/people\/Nexo-Informativo\/61564066885511\/","article_published_time":"2025-01-29T16:00:10+00:00","og_image":[{"width":800,"height":560,"url":"https:\/\/www.nexoinformativo.mx\/wp-content\/uploads\/2025\/01\/PHOTO-2025-01-29-09-49-38-e1738166141571.jpg","type":"image\/jpeg"}],"author":"Nexo Informativo","twitter_card":"summary_large_image","twitter_misc":{"Escrito por":"Nexo Informativo","Tiempo de lectura":"2 minutos"},"schema":{"@context":"https:\/\/schema.org","@graph":[{"@type":"Article","@id":"https:\/\/www.nexoinformativo.mx\/index.php\/2025\/01\/29\/queretaro-invierte-en-cultura-con-930-actividades-artisticas-y-un-nuevo-centro-de-creacion\/#article","isPartOf":{"@id":"https:\/\/www.nexoinformativo.mx\/index.php\/2025\/01\/29\/queretaro-invierte-en-cultura-con-930-actividades-artisticas-y-un-nuevo-centro-de-creacion\/"},"author":{"name":"Nexo Informativo","@id":"https:\/\/www.nexoinformativo.mx\/#\/schema\/person\/7749d380ba08c8ca00d7bc76fd907b7d"},"headline":"Quer\u00e9taro invierte en cultura con 930 actividades art\u00edsticas y un nuevo centro de creaci\u00f3n","datePublished":"2025-01-29T16:00:10+00:00","mainEntityOfPage":{"@id":"https:\/\/www.nexoinformativo.mx\/index.php\/2025\/01\/29\/queretaro-invierte-en-cultura-con-930-actividades-artisticas-y-un-nuevo-centro-de-creacion\/"},"wordCount":281,"commentCount":0,"publisher":{"@id":"https:\/\/www.nexoinformativo.mx\/#organization"},"image":{"@id":"https:\/\/www.nexoinformativo.mx\/index.php\/2025\/01\/29\/queretaro-invierte-en-cultura-con-930-actividades-artisticas-y-un-nuevo-centro-de-creacion\/#primaryimage"},"thumbnailUrl":"https:\/\/www.nexoinformativo.mx\/wp-content\/uploads\/2025\/01\/PHOTO-2025-01-29-09-49-38-e1738166141571.jpg","keywords":["Artes","CulturaParaTodos","CulturaQuer\u00e9taro","Quer\u00e9taroCreativo"],"articleSection":["Espect\u00e1culos","Estado","\u00daltima Hora"],"inLanguage":"es","potentialAction":[{"@type":"CommentAction","name":"Comment","target":["https:\/\/www.nexoinformativo.mx\/index.php\/2025\/01\/29\/queretaro-invierte-en-cultura-con-930-actividades-artisticas-y-un-nuevo-centro-de-creacion\/#respond"]}]},{"@type":"WebPage","@id":"https:\/\/www.nexoinformativo.mx\/index.php\/2025\/01\/29\/queretaro-invierte-en-cultura-con-930-actividades-artisticas-y-un-nuevo-centro-de-creacion\/","url":"https:\/\/www.nexoinformativo.mx\/index.php\/2025\/01\/29\/queretaro-invierte-en-cultura-con-930-actividades-artisticas-y-un-nuevo-centro-de-creacion\/","name":"Quer\u00e9taro invierte en cultura con 930 actividades art\u00edsticas y un nuevo centro de creaci\u00f3n | Nexo Informativo Santiago de Quer\u00e9taro","isPartOf":{"@id":"https:\/\/www.nexoinformativo.mx\/#website"},"primaryImageOfPage":{"@id":"https:\/\/www.nexoinformativo.mx\/index.php\/2025\/01\/29\/queretaro-invierte-en-cultura-con-930-actividades-artisticas-y-un-nuevo-centro-de-creacion\/#primaryimage"},"image":{"@id":"https:\/\/www.nexoinformativo.mx\/index.php\/2025\/01\/29\/queretaro-invierte-en-cultura-con-930-actividades-artisticas-y-un-nuevo-centro-de-creacion\/#primaryimage"},"thumbnailUrl":"https:\/\/www.nexoinformativo.mx\/wp-content\/uploads\/2025\/01\/PHOTO-2025-01-29-09-49-38-e1738166141571.jpg","datePublished":"2025-01-29T16:00:10+00:00","description":"Quer\u00e9taro invierte en cultura con 930 actividades art\u00edsticas y un nuevo centro de creaci\u00f3n","breadcrumb":{"@id":"https:\/\/www.nexoinformativo.mx\/index.php\/2025\/01\/29\/queretaro-invierte-en-cultura-con-930-actividades-artisticas-y-un-nuevo-centro-de-creacion\/#breadcrumb"},"inLanguage":"es","potentialAction":[{"@type":"ReadAction","target":["https:\/\/www.nexoinformativo.mx\/index.php\/2025\/01\/29\/queretaro-invierte-en-cultura-con-930-actividades-artisticas-y-un-nuevo-centro-de-creacion\/"]}]},{"@type":"ImageObject","inLanguage":"es","@id":"https:\/\/www.nexoinformativo.mx\/index.php\/2025\/01\/29\/queretaro-invierte-en-cultura-con-930-actividades-artisticas-y-un-nuevo-centro-de-creacion\/#primaryimage","url":"https:\/\/www.nexoinformativo.mx\/wp-content\/uploads\/2025\/01\/PHOTO-2025-01-29-09-49-38-e1738166141571.jpg","contentUrl":"https:\/\/www.nexoinformativo.mx\/wp-content\/uploads\/2025\/01\/PHOTO-2025-01-29-09-49-38-e1738166141571.jpg","width":800,"height":560},{"@type":"BreadcrumbList","@id":"https:\/\/www.nexoinformativo.mx\/index.php\/2025\/01\/29\/queretaro-invierte-en-cultura-con-930-actividades-artisticas-y-un-nuevo-centro-de-creacion\/#breadcrumb","itemListElement":[{"@type":"ListItem","position":1,"name":"Inicio","item":"https:\/\/www.nexoinformativo.mx\/"},{"@type":"ListItem","position":2,"name":"Quer\u00e9taro invierte en cultura con 930 actividades art\u00edsticas y un nuevo centro de creaci\u00f3n"}]},{"@type":"WebSite","@id":"https:\/\/www.nexoinformativo.mx\/#website","url":"https:\/\/www.nexoinformativo.mx\/","name":"Nexo Informativo Santiago de Quer\u00e9taro","description":"Explora NexoInformativo y convi\u00e9rtete en parte de una comunidad que valora el conocimiento y la verdad. Tu nexoinformativo es tu puente hacia una comprensi\u00f3n m\u00e1s profunda del mundo que te rodea.","publisher":{"@id":"https:\/\/www.nexoinformativo.mx\/#organization"},"potentialAction":[{"@type":"SearchAction","target":{"@type":"EntryPoint","urlTemplate":"https:\/\/www.nexoinformativo.mx\/?s={search_term_string}"},"query-input":{"@type":"PropertyValueSpecification","valueRequired":true,"valueName":"search_term_string"}}],"inLanguage":"es"},{"@type":"Organization","@id":"https:\/\/www.nexoinformativo.mx\/#organization","name":"Nexo Informativo Santiago de Quer\u00e9taro","url":"https:\/\/www.nexoinformativo.mx\/","logo":{"@type":"ImageObject","inLanguage":"es","@id":"https:\/\/www.nexoinformativo.mx\/#\/schema\/logo\/image\/","url":"https:\/\/www.nexoinformativo.mx\/wp-content\/uploads\/2024\/07\/nexoi-trasparente-2.png","contentUrl":"https:\/\/www.nexoinformativo.mx\/wp-content\/uploads\/2024\/07\/nexoi-trasparente-2.png","width":816,"height":339,"caption":"Nexo Informativo Santiago de Quer\u00e9taro"},"image":{"@id":"https:\/\/www.nexoinformativo.mx\/#\/schema\/logo\/image\/"},"sameAs":["https:\/\/www.facebook.com\/people\/Nexo-Informativo\/61564066885511\/"]},{"@type":"Person","@id":"https:\/\/www.nexoinformativo.mx\/#\/schema\/person\/7749d380ba08c8ca00d7bc76fd907b7d","name":"Nexo Informativo","image":{"@type":"ImageObject","inLanguage":"es","@id":"https:\/\/www.nexoinformativo.mx\/#\/schema\/person\/image\/","url":"https:\/\/secure.gravatar.com\/avatar\/dde2928154642a13d95f87ddf1ea9718fe2b46760a005c53e41ff5ad610704e6?s=96&d=mm&r=g","contentUrl":"https:\/\/secure.gravatar.com\/avatar\/dde2928154642a13d95f87ddf1ea9718fe2b46760a005c53e41ff5ad610704e6?s=96&d=mm&r=g","caption":"Nexo Informativo"},"url":"https:\/\/www.nexoinformativo.mx\/index.php\/author\/edicion\/"}]}},"_links":{"self":[{"href":"https:\/\/www.nexoinformativo.mx\/index.php\/wp-json\/wp\/v2\/posts\/10839","targetHints":{"allow":["GET"]}}],"collection":[{"href":"https:\/\/www.nexoinformativo.mx\/index.php\/wp-json\/wp\/v2\/posts"}],"about":[{"href":"https:\/\/www.nexoinformativo.mx\/index.php\/wp-json\/wp\/v2\/types\/post"}],"author":[{"embeddable":true,"href":"https:\/\/www.nexoinformativo.mx\/index.php\/wp-json\/wp\/v2\/users\/3"}],"replies":[{"embeddable":true,"href":"https:\/\/www.nexoinformativo.mx\/index.php\/wp-json\/wp\/v2\/comments?post=10839"}],"version-history":[{"count":5,"href":"https:\/\/www.nexoinformativo.mx\/index.php\/wp-json\/wp\/v2\/posts\/10839\/revisions"}],"predecessor-version":[{"id":10843,"href":"https:\/\/www.nexoinformativo.mx\/index.php\/wp-json\/wp\/v2\/posts\/10839\/revisions\/10843"}],"wp:featuredmedia":[{"embeddable":true,"href":"https:\/\/www.nexoinformativo.mx\/index.php\/wp-json\/wp\/v2\/media\/10840"}],"wp:attachment":[{"href":"https:\/\/www.nexoinformativo.mx\/index.php\/wp-json\/wp\/v2\/media?parent=10839"}],"wp:term":[{"taxonomy":"category","embeddable":true,"href":"https:\/\/www.nexoinformativo.mx\/index.php\/wp-json\/wp\/v2\/categories?post=10839"},{"taxonomy":"post_tag","embeddable":true,"href":"https:\/\/www.nexoinformativo.mx\/index.php\/wp-json\/wp\/v2\/tags?post=10839"}],"curies":[{"name":"wp","href":"https:\/\/api.w.org\/{rel}","templated":true}]}}