{"id":10857,"date":"2025-01-29T13:00:26","date_gmt":"2025-01-29T19:00:26","guid":{"rendered":"https:\/\/www.nexoinformativo.mx\/?p=10857"},"modified":"2025-01-29T17:05:29","modified_gmt":"2025-01-29T23:05:29","slug":"caja-de-ahorro-y-prestamo-gonzalo-vega-inaugura-nueva-sucursal-en-san-juan-del-rio-generando-empleos","status":"publish","type":"post","link":"https:\/\/www.nexoinformativo.mx\/index.php\/2025\/01\/29\/caja-de-ahorro-y-prestamo-gonzalo-vega-inaugura-nueva-sucursal-en-san-juan-del-rio-generando-empleos\/","title":{"rendered":"Caja de Ahorro y Pr\u00e9stamo Gonzalo Vega inaugura nueva sucursal en San Juan del R\u00edo generando empleos"},"content":{"rendered":"<p style=\"text-align: justify;\" data-sourcepos=\"11:1-11:301\">El municipio de San Juan del R\u00edo contin\u00faa creciendo y fortaleciendo su econom\u00eda. Con una inversi\u00f3n de 3.5 millones de pesos, la <strong>Caja de Ahorro y Pr\u00e9stamo Gonzalo Vega<\/strong> inaugur\u00f3 su tercera sucursal en la demarcaci\u00f3n, generando ocho empleos directos y m\u00e1s de 10 indirectos.<\/p>\n<\/p>\n<p>&nbsp;<\/p>\n<p style=\"text-align: justify;\" data-sourcepos=\"13:1-13:286\">En representaci\u00f3n del presidente municipal Roberto Cabrera, el secretario de Administraci\u00f3n, Jos\u00e9 Miguel Valencia Molina, destac\u00f3 la importancia de esta nueva inversi\u00f3n para el municipio, ya que contribuye a la creaci\u00f3n de empleos y mejora la calidad de vida de los habitantes.<\/p>\n<\/p>\n<p>&nbsp;<\/p>\n<p style=\"text-align: justify;\" data-sourcepos=\"15:1-15:199\"><strong>&#8220;Esta nueva sucursal es un ejemplo de c\u00f3mo la inversi\u00f3n privada y el gobierno municipal trabajan de manera conjunta para impulsar el desarrollo econ\u00f3mico de San Juan del R\u00edo&#8221;<\/strong>, afirm\u00f3 Valencia Molina.<\/p>\n<\/p>\n<p>&nbsp;<\/p>\n<p style=\"text-align: justify;\" data-sourcepos=\"17:1-17:332\">Por su parte, el director general de la Caja de Ahorro y Pr\u00e9stamo Gonzalo Vega, Enrique D\u00edaz Hern\u00e1ndez, destac\u00f3 el compromiso de la instituci\u00f3n con el crecimiento de San Juan del R\u00edo. <strong>&#8220;Con esta nueva sucursal, buscamos acercar nuestros servicios financieros a m\u00e1s personas y contribuir al desarrollo econ\u00f3mico de la regi\u00f3n&#8221;<\/strong>, se\u00f1al\u00f3.<\/p>\n<\/p>\n<p>&nbsp;<\/p>\n<p style=\"text-align: justify;\" data-sourcepos=\"19:1-19:299\">La nueva sucursal ofrecer\u00e1 una amplia gama de productos y servicios financieros, como cr\u00e9ditos personales, cr\u00e9ditos para vivienda, tarjetas de cr\u00e9dito y cuentas de ahorro. Adem\u00e1s, la instituci\u00f3n tiene como objetivo colocar cerca de 250 millones de pesos en cr\u00e9ditos en el municipio durante este a\u00f1o.<\/p>\n<\/p>\n<p>&nbsp;<\/p>\n<p style=\"text-align: center;\" data-sourcepos=\"19:1-19:299\"><em><strong>\u00a1Informaci\u00f3n que transforma!<\/strong><\/em><\/p>\n","protected":false},"excerpt":{"rendered":"<p>El municipio de San Juan del R\u00edo contin\u00faa creciendo y fortaleciendo su econom\u00eda. Con una inversi\u00f3n de 3.5 millones de pesos, la Caja de Ahorro y Pr\u00e9stamo Gonzalo Vega inaugur\u00f3 su tercera sucursal en la demarcaci\u00f3n, generando ocho empleos directos y m\u00e1s de 10 indirectos.<\/p>\n","protected":false},"author":3,"featured_media":10858,"comment_status":"open","ping_status":"open","sticky":false,"template":"","format":"standard","meta":{"footnotes":""},"categories":[65,58],"tags":[352,1733,142,382],"class_list":["post-10857","post","type-post","status-publish","format-standard","has-post-thumbnail","hentry","category-municipios","category-ultima-hora","tag-desarrolloeconomico","tag-empleo","tag-inversion","tag-sanjuandelrio"],"yoast_head":"<!-- This site is optimized with the Yoast SEO plugin v25.0 - https:\/\/yoast.com\/wordpress\/plugins\/seo\/ -->\n<title>Caja de Ahorro y Pr\u00e9stamo Gonzalo Vega inaugura nueva sucursal en San Juan del R\u00edo generando empleos | Nexo Informativo Santiago de Quer\u00e9taro<\/title>\n<meta name=\"description\" content=\"Ahorro y Pr\u00e9stamo Gonzalo Vega inaugura nueva sucursal en San Juan del R\u00edo generando empleos\" \/>\n<meta name=\"robots\" content=\"index, follow, max-snippet:-1, max-image-preview:large, max-video-preview:-1\" \/>\n<link rel=\"canonical\" href=\"https:\/\/www.nexoinformativo.mx\/index.php\/2025\/01\/29\/caja-de-ahorro-y-prestamo-gonzalo-vega-inaugura-nueva-sucursal-en-san-juan-del-rio-generando-empleos\/\" \/>\n<meta property=\"og:locale\" content=\"es_MX\" \/>\n<meta property=\"og:type\" content=\"article\" \/>\n<meta property=\"og:title\" content=\"Caja de Ahorro y Pr\u00e9stamo Gonzalo Vega inaugura nueva sucursal en San Juan del R\u00edo generando empleos | Nexo Informativo Santiago de Quer\u00e9taro\" \/>\n<meta property=\"og:description\" content=\"Ahorro y Pr\u00e9stamo Gonzalo Vega inaugura nueva sucursal en San Juan del R\u00edo generando empleos\" \/>\n<meta property=\"og:url\" content=\"https:\/\/www.nexoinformativo.mx\/index.php\/2025\/01\/29\/caja-de-ahorro-y-prestamo-gonzalo-vega-inaugura-nueva-sucursal-en-san-juan-del-rio-generando-empleos\/\" \/>\n<meta property=\"og:site_name\" content=\"Nexo Informativo Santiago de Quer\u00e9taro\" \/>\n<meta property=\"article:publisher\" content=\"https:\/\/www.facebook.com\/people\/Nexo-Informativo\/61564066885511\/\" \/>\n<meta property=\"article:published_time\" content=\"2025-01-29T19:00:26+00:00\" \/>\n<meta property=\"article:modified_time\" content=\"2025-01-29T23:05:29+00:00\" \/>\n<meta property=\"og:image\" content=\"https:\/\/www.nexoinformativo.mx\/wp-content\/uploads\/2025\/01\/PHOTO-2025-01-29-15-08-03-e1738191892670.jpg\" \/>\n\t<meta property=\"og:image:width\" content=\"800\" \/>\n\t<meta property=\"og:image:height\" content=\"533\" \/>\n\t<meta property=\"og:image:type\" content=\"image\/jpeg\" \/>\n<meta name=\"author\" content=\"Nexo Informativo\" \/>\n<meta name=\"twitter:card\" content=\"summary_large_image\" \/>\n<meta name=\"twitter:label1\" content=\"Escrito por\" \/>\n\t<meta name=\"twitter:data1\" content=\"Nexo Informativo\" \/>\n\t<meta name=\"twitter:label2\" content=\"Tiempo de lectura\" \/>\n\t<meta name=\"twitter:data2\" content=\"2 minutos\" \/>\n<script type=\"application\/ld+json\" class=\"yoast-schema-graph\">{\"@context\":\"https:\/\/schema.org\",\"@graph\":[{\"@type\":\"Article\",\"@id\":\"https:\/\/www.nexoinformativo.mx\/index.php\/2025\/01\/29\/caja-de-ahorro-y-prestamo-gonzalo-vega-inaugura-nueva-sucursal-en-san-juan-del-rio-generando-empleos\/#article\",\"isPartOf\":{\"@id\":\"https:\/\/www.nexoinformativo.mx\/index.php\/2025\/01\/29\/caja-de-ahorro-y-prestamo-gonzalo-vega-inaugura-nueva-sucursal-en-san-juan-del-rio-generando-empleos\/\"},\"author\":{\"name\":\"Nexo Informativo\",\"@id\":\"https:\/\/www.nexoinformativo.mx\/#\/schema\/person\/7749d380ba08c8ca00d7bc76fd907b7d\"},\"headline\":\"Caja de Ahorro y Pr\u00e9stamo Gonzalo Vega inaugura nueva sucursal en San Juan del R\u00edo generando empleos\",\"datePublished\":\"2025-01-29T19:00:26+00:00\",\"dateModified\":\"2025-01-29T23:05:29+00:00\",\"mainEntityOfPage\":{\"@id\":\"https:\/\/www.nexoinformativo.mx\/index.php\/2025\/01\/29\/caja-de-ahorro-y-prestamo-gonzalo-vega-inaugura-nueva-sucursal-en-san-juan-del-rio-generando-empleos\/\"},\"wordCount\":274,\"commentCount\":0,\"publisher\":{\"@id\":\"https:\/\/www.nexoinformativo.mx\/#organization\"},\"image\":{\"@id\":\"https:\/\/www.nexoinformativo.mx\/index.php\/2025\/01\/29\/caja-de-ahorro-y-prestamo-gonzalo-vega-inaugura-nueva-sucursal-en-san-juan-del-rio-generando-empleos\/#primaryimage\"},\"thumbnailUrl\":\"https:\/\/www.nexoinformativo.mx\/wp-content\/uploads\/2025\/01\/PHOTO-2025-01-29-15-08-03-e1738191892670.jpg\",\"keywords\":[\"DesarrolloEcon\u00f3mico\",\"Empleo\",\"Inversi\u00f3n\",\"SanJuanDelR\u00edo\"],\"articleSection\":[\"Municipios\",\"\u00daltima Hora\"],\"inLanguage\":\"es\",\"potentialAction\":[{\"@type\":\"CommentAction\",\"name\":\"Comment\",\"target\":[\"https:\/\/www.nexoinformativo.mx\/index.php\/2025\/01\/29\/caja-de-ahorro-y-prestamo-gonzalo-vega-inaugura-nueva-sucursal-en-san-juan-del-rio-generando-empleos\/#respond\"]}]},{\"@type\":\"WebPage\",\"@id\":\"https:\/\/www.nexoinformativo.mx\/index.php\/2025\/01\/29\/caja-de-ahorro-y-prestamo-gonzalo-vega-inaugura-nueva-sucursal-en-san-juan-del-rio-generando-empleos\/\",\"url\":\"https:\/\/www.nexoinformativo.mx\/index.php\/2025\/01\/29\/caja-de-ahorro-y-prestamo-gonzalo-vega-inaugura-nueva-sucursal-en-san-juan-del-rio-generando-empleos\/\",\"name\":\"Caja de Ahorro y Pr\u00e9stamo Gonzalo Vega inaugura nueva sucursal en San Juan del R\u00edo generando empleos | Nexo Informativo Santiago de Quer\u00e9taro\",\"isPartOf\":{\"@id\":\"https:\/\/www.nexoinformativo.mx\/#website\"},\"primaryImageOfPage\":{\"@id\":\"https:\/\/www.nexoinformativo.mx\/index.php\/2025\/01\/29\/caja-de-ahorro-y-prestamo-gonzalo-vega-inaugura-nueva-sucursal-en-san-juan-del-rio-generando-empleos\/#primaryimage\"},\"image\":{\"@id\":\"https:\/\/www.nexoinformativo.mx\/index.php\/2025\/01\/29\/caja-de-ahorro-y-prestamo-gonzalo-vega-inaugura-nueva-sucursal-en-san-juan-del-rio-generando-empleos\/#primaryimage\"},\"thumbnailUrl\":\"https:\/\/www.nexoinformativo.mx\/wp-content\/uploads\/2025\/01\/PHOTO-2025-01-29-15-08-03-e1738191892670.jpg\",\"datePublished\":\"2025-01-29T19:00:26+00:00\",\"dateModified\":\"2025-01-29T23:05:29+00:00\",\"description\":\"Ahorro y Pr\u00e9stamo Gonzalo Vega inaugura nueva sucursal en San Juan del R\u00edo generando empleos\",\"breadcrumb\":{\"@id\":\"https:\/\/www.nexoinformativo.mx\/index.php\/2025\/01\/29\/caja-de-ahorro-y-prestamo-gonzalo-vega-inaugura-nueva-sucursal-en-san-juan-del-rio-generando-empleos\/#breadcrumb\"},\"inLanguage\":\"es\",\"potentialAction\":[{\"@type\":\"ReadAction\",\"target\":[\"https:\/\/www.nexoinformativo.mx\/index.php\/2025\/01\/29\/caja-de-ahorro-y-prestamo-gonzalo-vega-inaugura-nueva-sucursal-en-san-juan-del-rio-generando-empleos\/\"]}]},{\"@type\":\"ImageObject\",\"inLanguage\":\"es\",\"@id\":\"https:\/\/www.nexoinformativo.mx\/index.php\/2025\/01\/29\/caja-de-ahorro-y-prestamo-gonzalo-vega-inaugura-nueva-sucursal-en-san-juan-del-rio-generando-empleos\/#primaryimage\",\"url\":\"https:\/\/www.nexoinformativo.mx\/wp-content\/uploads\/2025\/01\/PHOTO-2025-01-29-15-08-03-e1738191892670.jpg\",\"contentUrl\":\"https:\/\/www.nexoinformativo.mx\/wp-content\/uploads\/2025\/01\/PHOTO-2025-01-29-15-08-03-e1738191892670.jpg\",\"width\":800,\"height\":533},{\"@type\":\"BreadcrumbList\",\"@id\":\"https:\/\/www.nexoinformativo.mx\/index.php\/2025\/01\/29\/caja-de-ahorro-y-prestamo-gonzalo-vega-inaugura-nueva-sucursal-en-san-juan-del-rio-generando-empleos\/#breadcrumb\",\"itemListElement\":[{\"@type\":\"ListItem\",\"position\":1,\"name\":\"Inicio\",\"item\":\"https:\/\/www.nexoinformativo.mx\/\"},{\"@type\":\"ListItem\",\"position\":2,\"name\":\"Caja de Ahorro y Pr\u00e9stamo Gonzalo Vega inaugura nueva sucursal en San Juan del R\u00edo generando empleos\"}]},{\"@type\":\"WebSite\",\"@id\":\"https:\/\/www.nexoinformativo.mx\/#website\",\"url\":\"https:\/\/www.nexoinformativo.mx\/\",\"name\":\"Nexo Informativo Santiago de Quer\u00e9taro\",\"description\":\"Explora NexoInformativo y convi\u00e9rtete en parte de una comunidad que valora el conocimiento y la verdad. Tu nexoinformativo es tu puente hacia una comprensi\u00f3n m\u00e1s profunda del mundo que te rodea.\",\"publisher\":{\"@id\":\"https:\/\/www.nexoinformativo.mx\/#organization\"},\"potentialAction\":[{\"@type\":\"SearchAction\",\"target\":{\"@type\":\"EntryPoint\",\"urlTemplate\":\"https:\/\/www.nexoinformativo.mx\/?s={search_term_string}\"},\"query-input\":{\"@type\":\"PropertyValueSpecification\",\"valueRequired\":true,\"valueName\":\"search_term_string\"}}],\"inLanguage\":\"es\"},{\"@type\":\"Organization\",\"@id\":\"https:\/\/www.nexoinformativo.mx\/#organization\",\"name\":\"Nexo Informativo Santiago de Quer\u00e9taro\",\"url\":\"https:\/\/www.nexoinformativo.mx\/\",\"logo\":{\"@type\":\"ImageObject\",\"inLanguage\":\"es\",\"@id\":\"https:\/\/www.nexoinformativo.mx\/#\/schema\/logo\/image\/\",\"url\":\"https:\/\/www.nexoinformativo.mx\/wp-content\/uploads\/2024\/07\/nexoi-trasparente-2.png\",\"contentUrl\":\"https:\/\/www.nexoinformativo.mx\/wp-content\/uploads\/2024\/07\/nexoi-trasparente-2.png\",\"width\":816,\"height\":339,\"caption\":\"Nexo Informativo Santiago de Quer\u00e9taro\"},\"image\":{\"@id\":\"https:\/\/www.nexoinformativo.mx\/#\/schema\/logo\/image\/\"},\"sameAs\":[\"https:\/\/www.facebook.com\/people\/Nexo-Informativo\/61564066885511\/\"]},{\"@type\":\"Person\",\"@id\":\"https:\/\/www.nexoinformativo.mx\/#\/schema\/person\/7749d380ba08c8ca00d7bc76fd907b7d\",\"name\":\"Nexo Informativo\",\"image\":{\"@type\":\"ImageObject\",\"inLanguage\":\"es\",\"@id\":\"https:\/\/www.nexoinformativo.mx\/#\/schema\/person\/image\/\",\"url\":\"https:\/\/secure.gravatar.com\/avatar\/dde2928154642a13d95f87ddf1ea9718fe2b46760a005c53e41ff5ad610704e6?s=96&d=mm&r=g\",\"contentUrl\":\"https:\/\/secure.gravatar.com\/avatar\/dde2928154642a13d95f87ddf1ea9718fe2b46760a005c53e41ff5ad610704e6?s=96&d=mm&r=g\",\"caption\":\"Nexo Informativo\"},\"url\":\"https:\/\/www.nexoinformativo.mx\/index.php\/author\/edicion\/\"}]}<\/script>\n<!-- \/ Yoast SEO plugin. -->","yoast_head_json":{"title":"Caja de Ahorro y Pr\u00e9stamo Gonzalo Vega inaugura nueva sucursal en San Juan del R\u00edo generando empleos | Nexo Informativo Santiago de Quer\u00e9taro","description":"Ahorro y Pr\u00e9stamo Gonzalo Vega inaugura nueva sucursal en San Juan del R\u00edo generando empleos","robots":{"index":"index","follow":"follow","max-snippet":"max-snippet:-1","max-image-preview":"max-image-preview:large","max-video-preview":"max-video-preview:-1"},"canonical":"https:\/\/www.nexoinformativo.mx\/index.php\/2025\/01\/29\/caja-de-ahorro-y-prestamo-gonzalo-vega-inaugura-nueva-sucursal-en-san-juan-del-rio-generando-empleos\/","og_locale":"es_MX","og_type":"article","og_title":"Caja de Ahorro y Pr\u00e9stamo Gonzalo Vega inaugura nueva sucursal en San Juan del R\u00edo generando empleos | Nexo Informativo Santiago de Quer\u00e9taro","og_description":"Ahorro y Pr\u00e9stamo Gonzalo Vega inaugura nueva sucursal en San Juan del R\u00edo generando empleos","og_url":"https:\/\/www.nexoinformativo.mx\/index.php\/2025\/01\/29\/caja-de-ahorro-y-prestamo-gonzalo-vega-inaugura-nueva-sucursal-en-san-juan-del-rio-generando-empleos\/","og_site_name":"Nexo Informativo Santiago de Quer\u00e9taro","article_publisher":"https:\/\/www.facebook.com\/people\/Nexo-Informativo\/61564066885511\/","article_published_time":"2025-01-29T19:00:26+00:00","article_modified_time":"2025-01-29T23:05:29+00:00","og_image":[{"width":800,"height":533,"url":"https:\/\/www.nexoinformativo.mx\/wp-content\/uploads\/2025\/01\/PHOTO-2025-01-29-15-08-03-e1738191892670.jpg","type":"image\/jpeg"}],"author":"Nexo Informativo","twitter_card":"summary_large_image","twitter_misc":{"Escrito por":"Nexo Informativo","Tiempo de lectura":"2 minutos"},"schema":{"@context":"https:\/\/schema.org","@graph":[{"@type":"Article","@id":"https:\/\/www.nexoinformativo.mx\/index.php\/2025\/01\/29\/caja-de-ahorro-y-prestamo-gonzalo-vega-inaugura-nueva-sucursal-en-san-juan-del-rio-generando-empleos\/#article","isPartOf":{"@id":"https:\/\/www.nexoinformativo.mx\/index.php\/2025\/01\/29\/caja-de-ahorro-y-prestamo-gonzalo-vega-inaugura-nueva-sucursal-en-san-juan-del-rio-generando-empleos\/"},"author":{"name":"Nexo Informativo","@id":"https:\/\/www.nexoinformativo.mx\/#\/schema\/person\/7749d380ba08c8ca00d7bc76fd907b7d"},"headline":"Caja de Ahorro y Pr\u00e9stamo Gonzalo Vega inaugura nueva sucursal en San Juan del R\u00edo generando empleos","datePublished":"2025-01-29T19:00:26+00:00","dateModified":"2025-01-29T23:05:29+00:00","mainEntityOfPage":{"@id":"https:\/\/www.nexoinformativo.mx\/index.php\/2025\/01\/29\/caja-de-ahorro-y-prestamo-gonzalo-vega-inaugura-nueva-sucursal-en-san-juan-del-rio-generando-empleos\/"},"wordCount":274,"commentCount":0,"publisher":{"@id":"https:\/\/www.nexoinformativo.mx\/#organization"},"image":{"@id":"https:\/\/www.nexoinformativo.mx\/index.php\/2025\/01\/29\/caja-de-ahorro-y-prestamo-gonzalo-vega-inaugura-nueva-sucursal-en-san-juan-del-rio-generando-empleos\/#primaryimage"},"thumbnailUrl":"https:\/\/www.nexoinformativo.mx\/wp-content\/uploads\/2025\/01\/PHOTO-2025-01-29-15-08-03-e1738191892670.jpg","keywords":["DesarrolloEcon\u00f3mico","Empleo","Inversi\u00f3n","SanJuanDelR\u00edo"],"articleSection":["Municipios","\u00daltima Hora"],"inLanguage":"es","potentialAction":[{"@type":"CommentAction","name":"Comment","target":["https:\/\/www.nexoinformativo.mx\/index.php\/2025\/01\/29\/caja-de-ahorro-y-prestamo-gonzalo-vega-inaugura-nueva-sucursal-en-san-juan-del-rio-generando-empleos\/#respond"]}]},{"@type":"WebPage","@id":"https:\/\/www.nexoinformativo.mx\/index.php\/2025\/01\/29\/caja-de-ahorro-y-prestamo-gonzalo-vega-inaugura-nueva-sucursal-en-san-juan-del-rio-generando-empleos\/","url":"https:\/\/www.nexoinformativo.mx\/index.php\/2025\/01\/29\/caja-de-ahorro-y-prestamo-gonzalo-vega-inaugura-nueva-sucursal-en-san-juan-del-rio-generando-empleos\/","name":"Caja de Ahorro y Pr\u00e9stamo Gonzalo Vega inaugura nueva sucursal en San Juan del R\u00edo generando empleos | Nexo Informativo Santiago de Quer\u00e9taro","isPartOf":{"@id":"https:\/\/www.nexoinformativo.mx\/#website"},"primaryImageOfPage":{"@id":"https:\/\/www.nexoinformativo.mx\/index.php\/2025\/01\/29\/caja-de-ahorro-y-prestamo-gonzalo-vega-inaugura-nueva-sucursal-en-san-juan-del-rio-generando-empleos\/#primaryimage"},"image":{"@id":"https:\/\/www.nexoinformativo.mx\/index.php\/2025\/01\/29\/caja-de-ahorro-y-prestamo-gonzalo-vega-inaugura-nueva-sucursal-en-san-juan-del-rio-generando-empleos\/#primaryimage"},"thumbnailUrl":"https:\/\/www.nexoinformativo.mx\/wp-content\/uploads\/2025\/01\/PHOTO-2025-01-29-15-08-03-e1738191892670.jpg","datePublished":"2025-01-29T19:00:26+00:00","dateModified":"2025-01-29T23:05:29+00:00","description":"Ahorro y Pr\u00e9stamo Gonzalo Vega inaugura nueva sucursal en San Juan del R\u00edo generando empleos","breadcrumb":{"@id":"https:\/\/www.nexoinformativo.mx\/index.php\/2025\/01\/29\/caja-de-ahorro-y-prestamo-gonzalo-vega-inaugura-nueva-sucursal-en-san-juan-del-rio-generando-empleos\/#breadcrumb"},"inLanguage":"es","potentialAction":[{"@type":"ReadAction","target":["https:\/\/www.nexoinformativo.mx\/index.php\/2025\/01\/29\/caja-de-ahorro-y-prestamo-gonzalo-vega-inaugura-nueva-sucursal-en-san-juan-del-rio-generando-empleos\/"]}]},{"@type":"ImageObject","inLanguage":"es","@id":"https:\/\/www.nexoinformativo.mx\/index.php\/2025\/01\/29\/caja-de-ahorro-y-prestamo-gonzalo-vega-inaugura-nueva-sucursal-en-san-juan-del-rio-generando-empleos\/#primaryimage","url":"https:\/\/www.nexoinformativo.mx\/wp-content\/uploads\/2025\/01\/PHOTO-2025-01-29-15-08-03-e1738191892670.jpg","contentUrl":"https:\/\/www.nexoinformativo.mx\/wp-content\/uploads\/2025\/01\/PHOTO-2025-01-29-15-08-03-e1738191892670.jpg","width":800,"height":533},{"@type":"BreadcrumbList","@id":"https:\/\/www.nexoinformativo.mx\/index.php\/2025\/01\/29\/caja-de-ahorro-y-prestamo-gonzalo-vega-inaugura-nueva-sucursal-en-san-juan-del-rio-generando-empleos\/#breadcrumb","itemListElement":[{"@type":"ListItem","position":1,"name":"Inicio","item":"https:\/\/www.nexoinformativo.mx\/"},{"@type":"ListItem","position":2,"name":"Caja de Ahorro y Pr\u00e9stamo Gonzalo Vega inaugura nueva sucursal en San Juan del R\u00edo generando empleos"}]},{"@type":"WebSite","@id":"https:\/\/www.nexoinformativo.mx\/#website","url":"https:\/\/www.nexoinformativo.mx\/","name":"Nexo Informativo Santiago de Quer\u00e9taro","description":"Explora NexoInformativo y convi\u00e9rtete en parte de una comunidad que valora el conocimiento y la verdad. Tu nexoinformativo es tu puente hacia una comprensi\u00f3n m\u00e1s profunda del mundo que te rodea.","publisher":{"@id":"https:\/\/www.nexoinformativo.mx\/#organization"},"potentialAction":[{"@type":"SearchAction","target":{"@type":"EntryPoint","urlTemplate":"https:\/\/www.nexoinformativo.mx\/?s={search_term_string}"},"query-input":{"@type":"PropertyValueSpecification","valueRequired":true,"valueName":"search_term_string"}}],"inLanguage":"es"},{"@type":"Organization","@id":"https:\/\/www.nexoinformativo.mx\/#organization","name":"Nexo Informativo Santiago de Quer\u00e9taro","url":"https:\/\/www.nexoinformativo.mx\/","logo":{"@type":"ImageObject","inLanguage":"es","@id":"https:\/\/www.nexoinformativo.mx\/#\/schema\/logo\/image\/","url":"https:\/\/www.nexoinformativo.mx\/wp-content\/uploads\/2024\/07\/nexoi-trasparente-2.png","contentUrl":"https:\/\/www.nexoinformativo.mx\/wp-content\/uploads\/2024\/07\/nexoi-trasparente-2.png","width":816,"height":339,"caption":"Nexo Informativo Santiago de Quer\u00e9taro"},"image":{"@id":"https:\/\/www.nexoinformativo.mx\/#\/schema\/logo\/image\/"},"sameAs":["https:\/\/www.facebook.com\/people\/Nexo-Informativo\/61564066885511\/"]},{"@type":"Person","@id":"https:\/\/www.nexoinformativo.mx\/#\/schema\/person\/7749d380ba08c8ca00d7bc76fd907b7d","name":"Nexo Informativo","image":{"@type":"ImageObject","inLanguage":"es","@id":"https:\/\/www.nexoinformativo.mx\/#\/schema\/person\/image\/","url":"https:\/\/secure.gravatar.com\/avatar\/dde2928154642a13d95f87ddf1ea9718fe2b46760a005c53e41ff5ad610704e6?s=96&d=mm&r=g","contentUrl":"https:\/\/secure.gravatar.com\/avatar\/dde2928154642a13d95f87ddf1ea9718fe2b46760a005c53e41ff5ad610704e6?s=96&d=mm&r=g","caption":"Nexo Informativo"},"url":"https:\/\/www.nexoinformativo.mx\/index.php\/author\/edicion\/"}]}},"_links":{"self":[{"href":"https:\/\/www.nexoinformativo.mx\/index.php\/wp-json\/wp\/v2\/posts\/10857","targetHints":{"allow":["GET"]}}],"collection":[{"href":"https:\/\/www.nexoinformativo.mx\/index.php\/wp-json\/wp\/v2\/posts"}],"about":[{"href":"https:\/\/www.nexoinformativo.mx\/index.php\/wp-json\/wp\/v2\/types\/post"}],"author":[{"embeddable":true,"href":"https:\/\/www.nexoinformativo.mx\/index.php\/wp-json\/wp\/v2\/users\/3"}],"replies":[{"embeddable":true,"href":"https:\/\/www.nexoinformativo.mx\/index.php\/wp-json\/wp\/v2\/comments?post=10857"}],"version-history":[{"count":3,"href":"https:\/\/www.nexoinformativo.mx\/index.php\/wp-json\/wp\/v2\/posts\/10857\/revisions"}],"predecessor-version":[{"id":10861,"href":"https:\/\/www.nexoinformativo.mx\/index.php\/wp-json\/wp\/v2\/posts\/10857\/revisions\/10861"}],"wp:featuredmedia":[{"embeddable":true,"href":"https:\/\/www.nexoinformativo.mx\/index.php\/wp-json\/wp\/v2\/media\/10858"}],"wp:attachment":[{"href":"https:\/\/www.nexoinformativo.mx\/index.php\/wp-json\/wp\/v2\/media?parent=10857"}],"wp:term":[{"taxonomy":"category","embeddable":true,"href":"https:\/\/www.nexoinformativo.mx\/index.php\/wp-json\/wp\/v2\/categories?post=10857"},{"taxonomy":"post_tag","embeddable":true,"href":"https:\/\/www.nexoinformativo.mx\/index.php\/wp-json\/wp\/v2\/tags?post=10857"}],"curies":[{"name":"wp","href":"https:\/\/api.w.org\/{rel}","templated":true}]}}