{"id":10862,"date":"2025-01-29T13:30:43","date_gmt":"2025-01-29T19:30:43","guid":{"rendered":"https:\/\/www.nexoinformativo.mx\/?p=10862"},"modified":"2025-01-29T17:14:37","modified_gmt":"2025-01-29T23:14:37","slug":"encuentran-a-hombre-sin-vida-en-su-domicilio-investigan-posible-suicidio-en-san-juan-del-rio","status":"publish","type":"post","link":"https:\/\/www.nexoinformativo.mx\/index.php\/2025\/01\/29\/encuentran-a-hombre-sin-vida-en-su-domicilio-investigan-posible-suicidio-en-san-juan-del-rio\/","title":{"rendered":"Encuentran a hombre sin vida en su domicilio investigan posible suicidio en San Juan del R\u00edo"},"content":{"rendered":"<p style=\"text-align: justify;\" data-sourcepos=\"11:1-11:269\">La ma\u00f1ana de este mi\u00e9rcoles se report\u00f3 un tr\u00e1gico suceso en la colonia Centro de San Juan del R\u00edo. Un hombre fue encontrado sin vida al interior de su domicilio, aparentemente tras haberse quitado la vida con un disparo de arma de fuego.<\/p>\n<\/p>\n<p>&nbsp;<\/p>\n<p style=\"text-align: justify;\" data-sourcepos=\"13:1-13:348\">Autoridades municipales, alertadas por vecinos, acudieron al lugar de los hechos donde confirmaron el fallecimiento del individuo.<\/p>\n<\/p>\n<p>&nbsp;<\/p>\n<p style=\"text-align: justify;\" data-sourcepos=\"13:1-13:348\">Personal de la Fiscal\u00eda General del Estado (FGE) se hizo cargo de las diligencias correspondientes, incluyendo el levantamiento del cuerpo para realizar la necropsia de ley y determinar las causas exactas del deceso.<\/p>\n<\/p>\n<p>&nbsp;<\/p>\n<p style=\"text-align: justify;\" data-sourcepos=\"15:1-15:200\">Las autoridades investigan las razones que pudieron llevar a esta persona a tomar esta fatal decisi\u00f3n. Se exhorta a la ciudadan\u00eda a buscar ayuda profesional en caso de presentar pensamientos suicidas.<\/p>\n<\/p>\n<p>&nbsp;<\/p>\n<p style=\"text-align: center;\" data-sourcepos=\"15:1-15:200\"><em><strong>\u00a1Informaci\u00f3n que transforma!<\/strong><\/em><\/p>\n","protected":false},"excerpt":{"rendered":"<p>La ma\u00f1ana de este mi\u00e9rcoles se report\u00f3 un tr\u00e1gico suceso en la colonia Centro de San Juan del R\u00edo. Un hombre fue encontrado sin vida al interior de su domicilio, aparentemente tras haberse quitado la vida con un disparo de arma de fuego.<\/p>\n","protected":false},"author":3,"featured_media":10863,"comment_status":"open","ping_status":"open","sticky":false,"template":"","format":"standard","meta":{"footnotes":""},"categories":[65,137,58],"tags":[751,382,131,3281],"class_list":["post-10862","post","type-post","status-publish","format-standard","has-post-thumbnail","hentry","category-municipios","category-sucesos","category-ultima-hora","tag-saludmental","tag-sanjuandelrio","tag-seguridad","tag-suicidio"],"yoast_head":"<!-- This site is optimized with the Yoast SEO plugin v25.0 - https:\/\/yoast.com\/wordpress\/plugins\/seo\/ -->\n<title>Encuentran a hombre sin vida en su domicilio investigan posible suicidio en San Juan del R\u00edo | Nexo Informativo Santiago de Quer\u00e9taro<\/title>\n<meta name=\"description\" content=\"Encuentran a hombre sin vida en su domicilio investigan posible suicidio en San Juan del R\u00edo\" \/>\n<meta name=\"robots\" content=\"index, follow, max-snippet:-1, max-image-preview:large, max-video-preview:-1\" \/>\n<link rel=\"canonical\" href=\"https:\/\/www.nexoinformativo.mx\/index.php\/2025\/01\/29\/encuentran-a-hombre-sin-vida-en-su-domicilio-investigan-posible-suicidio-en-san-juan-del-rio\/\" \/>\n<meta property=\"og:locale\" content=\"es_MX\" \/>\n<meta property=\"og:type\" content=\"article\" \/>\n<meta property=\"og:title\" content=\"Encuentran a hombre sin vida en su domicilio investigan posible suicidio en San Juan del R\u00edo | Nexo Informativo Santiago de Quer\u00e9taro\" \/>\n<meta property=\"og:description\" content=\"Encuentran a hombre sin vida en su domicilio investigan posible suicidio en San Juan del R\u00edo\" \/>\n<meta property=\"og:url\" content=\"https:\/\/www.nexoinformativo.mx\/index.php\/2025\/01\/29\/encuentran-a-hombre-sin-vida-en-su-domicilio-investigan-posible-suicidio-en-san-juan-del-rio\/\" \/>\n<meta property=\"og:site_name\" content=\"Nexo Informativo Santiago de Quer\u00e9taro\" \/>\n<meta property=\"article:publisher\" content=\"https:\/\/www.facebook.com\/people\/Nexo-Informativo\/61564066885511\/\" \/>\n<meta property=\"article:published_time\" content=\"2025-01-29T19:30:43+00:00\" \/>\n<meta property=\"article:modified_time\" content=\"2025-01-29T23:14:37+00:00\" \/>\n<meta property=\"og:image\" content=\"https:\/\/www.nexoinformativo.mx\/wp-content\/uploads\/2025\/01\/5d4e40ee-89d4-40a4-9a40-02ff7012fdb7-e1738192417983.jpg\" \/>\n\t<meta property=\"og:image:width\" content=\"800\" \/>\n\t<meta property=\"og:image:height\" content=\"450\" \/>\n\t<meta property=\"og:image:type\" content=\"image\/jpeg\" \/>\n<meta name=\"author\" content=\"Nexo Informativo\" \/>\n<meta name=\"twitter:card\" content=\"summary_large_image\" \/>\n<meta name=\"twitter:label1\" content=\"Escrito por\" \/>\n\t<meta name=\"twitter:data1\" content=\"Nexo Informativo\" \/>\n\t<meta name=\"twitter:label2\" content=\"Tiempo de lectura\" \/>\n\t<meta name=\"twitter:data2\" content=\"1 minuto\" \/>\n<script type=\"application\/ld+json\" class=\"yoast-schema-graph\">{\"@context\":\"https:\/\/schema.org\",\"@graph\":[{\"@type\":\"Article\",\"@id\":\"https:\/\/www.nexoinformativo.mx\/index.php\/2025\/01\/29\/encuentran-a-hombre-sin-vida-en-su-domicilio-investigan-posible-suicidio-en-san-juan-del-rio\/#article\",\"isPartOf\":{\"@id\":\"https:\/\/www.nexoinformativo.mx\/index.php\/2025\/01\/29\/encuentran-a-hombre-sin-vida-en-su-domicilio-investigan-posible-suicidio-en-san-juan-del-rio\/\"},\"author\":{\"name\":\"Nexo Informativo\",\"@id\":\"https:\/\/www.nexoinformativo.mx\/#\/schema\/person\/7749d380ba08c8ca00d7bc76fd907b7d\"},\"headline\":\"Encuentran a hombre sin vida en su domicilio investigan posible suicidio en San Juan del R\u00edo\",\"datePublished\":\"2025-01-29T19:30:43+00:00\",\"dateModified\":\"2025-01-29T23:14:37+00:00\",\"mainEntityOfPage\":{\"@id\":\"https:\/\/www.nexoinformativo.mx\/index.php\/2025\/01\/29\/encuentran-a-hombre-sin-vida-en-su-domicilio-investigan-posible-suicidio-en-san-juan-del-rio\/\"},\"wordCount\":156,\"commentCount\":0,\"publisher\":{\"@id\":\"https:\/\/www.nexoinformativo.mx\/#organization\"},\"image\":{\"@id\":\"https:\/\/www.nexoinformativo.mx\/index.php\/2025\/01\/29\/encuentran-a-hombre-sin-vida-en-su-domicilio-investigan-posible-suicidio-en-san-juan-del-rio\/#primaryimage\"},\"thumbnailUrl\":\"https:\/\/www.nexoinformativo.mx\/wp-content\/uploads\/2025\/01\/5d4e40ee-89d4-40a4-9a40-02ff7012fdb7-e1738192417983.jpg\",\"keywords\":[\"SaludMental\",\"SanJuanDelR\u00edo\",\"Seguridad\",\"Suicidio\"],\"articleSection\":[\"Municipios\",\"Sucesos\",\"\u00daltima Hora\"],\"inLanguage\":\"es\",\"potentialAction\":[{\"@type\":\"CommentAction\",\"name\":\"Comment\",\"target\":[\"https:\/\/www.nexoinformativo.mx\/index.php\/2025\/01\/29\/encuentran-a-hombre-sin-vida-en-su-domicilio-investigan-posible-suicidio-en-san-juan-del-rio\/#respond\"]}]},{\"@type\":\"WebPage\",\"@id\":\"https:\/\/www.nexoinformativo.mx\/index.php\/2025\/01\/29\/encuentran-a-hombre-sin-vida-en-su-domicilio-investigan-posible-suicidio-en-san-juan-del-rio\/\",\"url\":\"https:\/\/www.nexoinformativo.mx\/index.php\/2025\/01\/29\/encuentran-a-hombre-sin-vida-en-su-domicilio-investigan-posible-suicidio-en-san-juan-del-rio\/\",\"name\":\"Encuentran a hombre sin vida en su domicilio investigan posible suicidio en San Juan del R\u00edo | Nexo Informativo Santiago de Quer\u00e9taro\",\"isPartOf\":{\"@id\":\"https:\/\/www.nexoinformativo.mx\/#website\"},\"primaryImageOfPage\":{\"@id\":\"https:\/\/www.nexoinformativo.mx\/index.php\/2025\/01\/29\/encuentran-a-hombre-sin-vida-en-su-domicilio-investigan-posible-suicidio-en-san-juan-del-rio\/#primaryimage\"},\"image\":{\"@id\":\"https:\/\/www.nexoinformativo.mx\/index.php\/2025\/01\/29\/encuentran-a-hombre-sin-vida-en-su-domicilio-investigan-posible-suicidio-en-san-juan-del-rio\/#primaryimage\"},\"thumbnailUrl\":\"https:\/\/www.nexoinformativo.mx\/wp-content\/uploads\/2025\/01\/5d4e40ee-89d4-40a4-9a40-02ff7012fdb7-e1738192417983.jpg\",\"datePublished\":\"2025-01-29T19:30:43+00:00\",\"dateModified\":\"2025-01-29T23:14:37+00:00\",\"description\":\"Encuentran a hombre sin vida en su domicilio investigan posible suicidio en San Juan del R\u00edo\",\"breadcrumb\":{\"@id\":\"https:\/\/www.nexoinformativo.mx\/index.php\/2025\/01\/29\/encuentran-a-hombre-sin-vida-en-su-domicilio-investigan-posible-suicidio-en-san-juan-del-rio\/#breadcrumb\"},\"inLanguage\":\"es\",\"potentialAction\":[{\"@type\":\"ReadAction\",\"target\":[\"https:\/\/www.nexoinformativo.mx\/index.php\/2025\/01\/29\/encuentran-a-hombre-sin-vida-en-su-domicilio-investigan-posible-suicidio-en-san-juan-del-rio\/\"]}]},{\"@type\":\"ImageObject\",\"inLanguage\":\"es\",\"@id\":\"https:\/\/www.nexoinformativo.mx\/index.php\/2025\/01\/29\/encuentran-a-hombre-sin-vida-en-su-domicilio-investigan-posible-suicidio-en-san-juan-del-rio\/#primaryimage\",\"url\":\"https:\/\/www.nexoinformativo.mx\/wp-content\/uploads\/2025\/01\/5d4e40ee-89d4-40a4-9a40-02ff7012fdb7-e1738192417983.jpg\",\"contentUrl\":\"https:\/\/www.nexoinformativo.mx\/wp-content\/uploads\/2025\/01\/5d4e40ee-89d4-40a4-9a40-02ff7012fdb7-e1738192417983.jpg\",\"width\":800,\"height\":450},{\"@type\":\"BreadcrumbList\",\"@id\":\"https:\/\/www.nexoinformativo.mx\/index.php\/2025\/01\/29\/encuentran-a-hombre-sin-vida-en-su-domicilio-investigan-posible-suicidio-en-san-juan-del-rio\/#breadcrumb\",\"itemListElement\":[{\"@type\":\"ListItem\",\"position\":1,\"name\":\"Inicio\",\"item\":\"https:\/\/www.nexoinformativo.mx\/\"},{\"@type\":\"ListItem\",\"position\":2,\"name\":\"Encuentran a hombre sin vida en su domicilio investigan posible suicidio en San Juan del R\u00edo\"}]},{\"@type\":\"WebSite\",\"@id\":\"https:\/\/www.nexoinformativo.mx\/#website\",\"url\":\"https:\/\/www.nexoinformativo.mx\/\",\"name\":\"Nexo Informativo Santiago de Quer\u00e9taro\",\"description\":\"Explora NexoInformativo y convi\u00e9rtete en parte de una comunidad que valora el conocimiento y la verdad. Tu nexoinformativo es tu puente hacia una comprensi\u00f3n m\u00e1s profunda del mundo que te rodea.\",\"publisher\":{\"@id\":\"https:\/\/www.nexoinformativo.mx\/#organization\"},\"potentialAction\":[{\"@type\":\"SearchAction\",\"target\":{\"@type\":\"EntryPoint\",\"urlTemplate\":\"https:\/\/www.nexoinformativo.mx\/?s={search_term_string}\"},\"query-input\":{\"@type\":\"PropertyValueSpecification\",\"valueRequired\":true,\"valueName\":\"search_term_string\"}}],\"inLanguage\":\"es\"},{\"@type\":\"Organization\",\"@id\":\"https:\/\/www.nexoinformativo.mx\/#organization\",\"name\":\"Nexo Informativo Santiago de Quer\u00e9taro\",\"url\":\"https:\/\/www.nexoinformativo.mx\/\",\"logo\":{\"@type\":\"ImageObject\",\"inLanguage\":\"es\",\"@id\":\"https:\/\/www.nexoinformativo.mx\/#\/schema\/logo\/image\/\",\"url\":\"https:\/\/www.nexoinformativo.mx\/wp-content\/uploads\/2024\/07\/nexoi-trasparente-2.png\",\"contentUrl\":\"https:\/\/www.nexoinformativo.mx\/wp-content\/uploads\/2024\/07\/nexoi-trasparente-2.png\",\"width\":816,\"height\":339,\"caption\":\"Nexo Informativo Santiago de Quer\u00e9taro\"},\"image\":{\"@id\":\"https:\/\/www.nexoinformativo.mx\/#\/schema\/logo\/image\/\"},\"sameAs\":[\"https:\/\/www.facebook.com\/people\/Nexo-Informativo\/61564066885511\/\"]},{\"@type\":\"Person\",\"@id\":\"https:\/\/www.nexoinformativo.mx\/#\/schema\/person\/7749d380ba08c8ca00d7bc76fd907b7d\",\"name\":\"Nexo Informativo\",\"image\":{\"@type\":\"ImageObject\",\"inLanguage\":\"es\",\"@id\":\"https:\/\/www.nexoinformativo.mx\/#\/schema\/person\/image\/\",\"url\":\"https:\/\/secure.gravatar.com\/avatar\/dde2928154642a13d95f87ddf1ea9718fe2b46760a005c53e41ff5ad610704e6?s=96&d=mm&r=g\",\"contentUrl\":\"https:\/\/secure.gravatar.com\/avatar\/dde2928154642a13d95f87ddf1ea9718fe2b46760a005c53e41ff5ad610704e6?s=96&d=mm&r=g\",\"caption\":\"Nexo Informativo\"},\"url\":\"https:\/\/www.nexoinformativo.mx\/index.php\/author\/edicion\/\"}]}<\/script>\n<!-- \/ Yoast SEO plugin. -->","yoast_head_json":{"title":"Encuentran a hombre sin vida en su domicilio investigan posible suicidio en San Juan del R\u00edo | Nexo Informativo Santiago de Quer\u00e9taro","description":"Encuentran a hombre sin vida en su domicilio investigan posible suicidio en San Juan del R\u00edo","robots":{"index":"index","follow":"follow","max-snippet":"max-snippet:-1","max-image-preview":"max-image-preview:large","max-video-preview":"max-video-preview:-1"},"canonical":"https:\/\/www.nexoinformativo.mx\/index.php\/2025\/01\/29\/encuentran-a-hombre-sin-vida-en-su-domicilio-investigan-posible-suicidio-en-san-juan-del-rio\/","og_locale":"es_MX","og_type":"article","og_title":"Encuentran a hombre sin vida en su domicilio investigan posible suicidio en San Juan del R\u00edo | Nexo Informativo Santiago de Quer\u00e9taro","og_description":"Encuentran a hombre sin vida en su domicilio investigan posible suicidio en San Juan del R\u00edo","og_url":"https:\/\/www.nexoinformativo.mx\/index.php\/2025\/01\/29\/encuentran-a-hombre-sin-vida-en-su-domicilio-investigan-posible-suicidio-en-san-juan-del-rio\/","og_site_name":"Nexo Informativo Santiago de Quer\u00e9taro","article_publisher":"https:\/\/www.facebook.com\/people\/Nexo-Informativo\/61564066885511\/","article_published_time":"2025-01-29T19:30:43+00:00","article_modified_time":"2025-01-29T23:14:37+00:00","og_image":[{"width":800,"height":450,"url":"https:\/\/www.nexoinformativo.mx\/wp-content\/uploads\/2025\/01\/5d4e40ee-89d4-40a4-9a40-02ff7012fdb7-e1738192417983.jpg","type":"image\/jpeg"}],"author":"Nexo Informativo","twitter_card":"summary_large_image","twitter_misc":{"Escrito por":"Nexo Informativo","Tiempo de lectura":"1 minuto"},"schema":{"@context":"https:\/\/schema.org","@graph":[{"@type":"Article","@id":"https:\/\/www.nexoinformativo.mx\/index.php\/2025\/01\/29\/encuentran-a-hombre-sin-vida-en-su-domicilio-investigan-posible-suicidio-en-san-juan-del-rio\/#article","isPartOf":{"@id":"https:\/\/www.nexoinformativo.mx\/index.php\/2025\/01\/29\/encuentran-a-hombre-sin-vida-en-su-domicilio-investigan-posible-suicidio-en-san-juan-del-rio\/"},"author":{"name":"Nexo Informativo","@id":"https:\/\/www.nexoinformativo.mx\/#\/schema\/person\/7749d380ba08c8ca00d7bc76fd907b7d"},"headline":"Encuentran a hombre sin vida en su domicilio investigan posible suicidio en San Juan del R\u00edo","datePublished":"2025-01-29T19:30:43+00:00","dateModified":"2025-01-29T23:14:37+00:00","mainEntityOfPage":{"@id":"https:\/\/www.nexoinformativo.mx\/index.php\/2025\/01\/29\/encuentran-a-hombre-sin-vida-en-su-domicilio-investigan-posible-suicidio-en-san-juan-del-rio\/"},"wordCount":156,"commentCount":0,"publisher":{"@id":"https:\/\/www.nexoinformativo.mx\/#organization"},"image":{"@id":"https:\/\/www.nexoinformativo.mx\/index.php\/2025\/01\/29\/encuentran-a-hombre-sin-vida-en-su-domicilio-investigan-posible-suicidio-en-san-juan-del-rio\/#primaryimage"},"thumbnailUrl":"https:\/\/www.nexoinformativo.mx\/wp-content\/uploads\/2025\/01\/5d4e40ee-89d4-40a4-9a40-02ff7012fdb7-e1738192417983.jpg","keywords":["SaludMental","SanJuanDelR\u00edo","Seguridad","Suicidio"],"articleSection":["Municipios","Sucesos","\u00daltima Hora"],"inLanguage":"es","potentialAction":[{"@type":"CommentAction","name":"Comment","target":["https:\/\/www.nexoinformativo.mx\/index.php\/2025\/01\/29\/encuentran-a-hombre-sin-vida-en-su-domicilio-investigan-posible-suicidio-en-san-juan-del-rio\/#respond"]}]},{"@type":"WebPage","@id":"https:\/\/www.nexoinformativo.mx\/index.php\/2025\/01\/29\/encuentran-a-hombre-sin-vida-en-su-domicilio-investigan-posible-suicidio-en-san-juan-del-rio\/","url":"https:\/\/www.nexoinformativo.mx\/index.php\/2025\/01\/29\/encuentran-a-hombre-sin-vida-en-su-domicilio-investigan-posible-suicidio-en-san-juan-del-rio\/","name":"Encuentran a hombre sin vida en su domicilio investigan posible suicidio en San Juan del R\u00edo | Nexo Informativo Santiago de Quer\u00e9taro","isPartOf":{"@id":"https:\/\/www.nexoinformativo.mx\/#website"},"primaryImageOfPage":{"@id":"https:\/\/www.nexoinformativo.mx\/index.php\/2025\/01\/29\/encuentran-a-hombre-sin-vida-en-su-domicilio-investigan-posible-suicidio-en-san-juan-del-rio\/#primaryimage"},"image":{"@id":"https:\/\/www.nexoinformativo.mx\/index.php\/2025\/01\/29\/encuentran-a-hombre-sin-vida-en-su-domicilio-investigan-posible-suicidio-en-san-juan-del-rio\/#primaryimage"},"thumbnailUrl":"https:\/\/www.nexoinformativo.mx\/wp-content\/uploads\/2025\/01\/5d4e40ee-89d4-40a4-9a40-02ff7012fdb7-e1738192417983.jpg","datePublished":"2025-01-29T19:30:43+00:00","dateModified":"2025-01-29T23:14:37+00:00","description":"Encuentran a hombre sin vida en su domicilio investigan posible suicidio en San Juan del R\u00edo","breadcrumb":{"@id":"https:\/\/www.nexoinformativo.mx\/index.php\/2025\/01\/29\/encuentran-a-hombre-sin-vida-en-su-domicilio-investigan-posible-suicidio-en-san-juan-del-rio\/#breadcrumb"},"inLanguage":"es","potentialAction":[{"@type":"ReadAction","target":["https:\/\/www.nexoinformativo.mx\/index.php\/2025\/01\/29\/encuentran-a-hombre-sin-vida-en-su-domicilio-investigan-posible-suicidio-en-san-juan-del-rio\/"]}]},{"@type":"ImageObject","inLanguage":"es","@id":"https:\/\/www.nexoinformativo.mx\/index.php\/2025\/01\/29\/encuentran-a-hombre-sin-vida-en-su-domicilio-investigan-posible-suicidio-en-san-juan-del-rio\/#primaryimage","url":"https:\/\/www.nexoinformativo.mx\/wp-content\/uploads\/2025\/01\/5d4e40ee-89d4-40a4-9a40-02ff7012fdb7-e1738192417983.jpg","contentUrl":"https:\/\/www.nexoinformativo.mx\/wp-content\/uploads\/2025\/01\/5d4e40ee-89d4-40a4-9a40-02ff7012fdb7-e1738192417983.jpg","width":800,"height":450},{"@type":"BreadcrumbList","@id":"https:\/\/www.nexoinformativo.mx\/index.php\/2025\/01\/29\/encuentran-a-hombre-sin-vida-en-su-domicilio-investigan-posible-suicidio-en-san-juan-del-rio\/#breadcrumb","itemListElement":[{"@type":"ListItem","position":1,"name":"Inicio","item":"https:\/\/www.nexoinformativo.mx\/"},{"@type":"ListItem","position":2,"name":"Encuentran a hombre sin vida en su domicilio investigan posible suicidio en San Juan del R\u00edo"}]},{"@type":"WebSite","@id":"https:\/\/www.nexoinformativo.mx\/#website","url":"https:\/\/www.nexoinformativo.mx\/","name":"Nexo Informativo Santiago de Quer\u00e9taro","description":"Explora NexoInformativo y convi\u00e9rtete en parte de una comunidad que valora el conocimiento y la verdad. Tu nexoinformativo es tu puente hacia una comprensi\u00f3n m\u00e1s profunda del mundo que te rodea.","publisher":{"@id":"https:\/\/www.nexoinformativo.mx\/#organization"},"potentialAction":[{"@type":"SearchAction","target":{"@type":"EntryPoint","urlTemplate":"https:\/\/www.nexoinformativo.mx\/?s={search_term_string}"},"query-input":{"@type":"PropertyValueSpecification","valueRequired":true,"valueName":"search_term_string"}}],"inLanguage":"es"},{"@type":"Organization","@id":"https:\/\/www.nexoinformativo.mx\/#organization","name":"Nexo Informativo Santiago de Quer\u00e9taro","url":"https:\/\/www.nexoinformativo.mx\/","logo":{"@type":"ImageObject","inLanguage":"es","@id":"https:\/\/www.nexoinformativo.mx\/#\/schema\/logo\/image\/","url":"https:\/\/www.nexoinformativo.mx\/wp-content\/uploads\/2024\/07\/nexoi-trasparente-2.png","contentUrl":"https:\/\/www.nexoinformativo.mx\/wp-content\/uploads\/2024\/07\/nexoi-trasparente-2.png","width":816,"height":339,"caption":"Nexo Informativo Santiago de Quer\u00e9taro"},"image":{"@id":"https:\/\/www.nexoinformativo.mx\/#\/schema\/logo\/image\/"},"sameAs":["https:\/\/www.facebook.com\/people\/Nexo-Informativo\/61564066885511\/"]},{"@type":"Person","@id":"https:\/\/www.nexoinformativo.mx\/#\/schema\/person\/7749d380ba08c8ca00d7bc76fd907b7d","name":"Nexo Informativo","image":{"@type":"ImageObject","inLanguage":"es","@id":"https:\/\/www.nexoinformativo.mx\/#\/schema\/person\/image\/","url":"https:\/\/secure.gravatar.com\/avatar\/dde2928154642a13d95f87ddf1ea9718fe2b46760a005c53e41ff5ad610704e6?s=96&d=mm&r=g","contentUrl":"https:\/\/secure.gravatar.com\/avatar\/dde2928154642a13d95f87ddf1ea9718fe2b46760a005c53e41ff5ad610704e6?s=96&d=mm&r=g","caption":"Nexo Informativo"},"url":"https:\/\/www.nexoinformativo.mx\/index.php\/author\/edicion\/"}]}},"_links":{"self":[{"href":"https:\/\/www.nexoinformativo.mx\/index.php\/wp-json\/wp\/v2\/posts\/10862","targetHints":{"allow":["GET"]}}],"collection":[{"href":"https:\/\/www.nexoinformativo.mx\/index.php\/wp-json\/wp\/v2\/posts"}],"about":[{"href":"https:\/\/www.nexoinformativo.mx\/index.php\/wp-json\/wp\/v2\/types\/post"}],"author":[{"embeddable":true,"href":"https:\/\/www.nexoinformativo.mx\/index.php\/wp-json\/wp\/v2\/users\/3"}],"replies":[{"embeddable":true,"href":"https:\/\/www.nexoinformativo.mx\/index.php\/wp-json\/wp\/v2\/comments?post=10862"}],"version-history":[{"count":3,"href":"https:\/\/www.nexoinformativo.mx\/index.php\/wp-json\/wp\/v2\/posts\/10862\/revisions"}],"predecessor-version":[{"id":10866,"href":"https:\/\/www.nexoinformativo.mx\/index.php\/wp-json\/wp\/v2\/posts\/10862\/revisions\/10866"}],"wp:featuredmedia":[{"embeddable":true,"href":"https:\/\/www.nexoinformativo.mx\/index.php\/wp-json\/wp\/v2\/media\/10863"}],"wp:attachment":[{"href":"https:\/\/www.nexoinformativo.mx\/index.php\/wp-json\/wp\/v2\/media?parent=10862"}],"wp:term":[{"taxonomy":"category","embeddable":true,"href":"https:\/\/www.nexoinformativo.mx\/index.php\/wp-json\/wp\/v2\/categories?post=10862"},{"taxonomy":"post_tag","embeddable":true,"href":"https:\/\/www.nexoinformativo.mx\/index.php\/wp-json\/wp\/v2\/tags?post=10862"}],"curies":[{"name":"wp","href":"https:\/\/api.w.org\/{rel}","templated":true}]}}