{"id":10867,"date":"2025-01-29T14:00:52","date_gmt":"2025-01-29T20:00:52","guid":{"rendered":"https:\/\/www.nexoinformativo.mx\/?p=10867"},"modified":"2025-01-29T17:18:55","modified_gmt":"2025-01-29T23:18:55","slug":"muere-mujer-en-situacion-de-calle-en-menchaca-iii-autoridades-investigan-las-causas","status":"publish","type":"post","link":"https:\/\/www.nexoinformativo.mx\/index.php\/2025\/01\/29\/muere-mujer-en-situacion-de-calle-en-menchaca-iii-autoridades-investigan-las-causas\/","title":{"rendered":"Muere mujer en situaci\u00f3n de calle en Menchaca III autoridades investigan las causas"},"content":{"rendered":"<p style=\"text-align: justify;\" data-sourcepos=\"11:1-11:219\">Una lamentable noticia sacude a la comunidad queretana. Una mujer, aparentemente en situaci\u00f3n de calle, fue encontrada sin vida esta ma\u00f1ana en la calle R\u00edo Hondo de la colonia Menchaca III.<\/p>\n<\/p>\n<p>&nbsp;<\/p>\n<p style=\"text-align: justify;\" data-sourcepos=\"13:1-13:240\">De acuerdo con los primeros reportes, vecinos de la zona se percataron de la mujer inconsciente sobre la banqueta y dieron aviso a las autoridades. Al arribar al lugar, param\u00e9dicos confirmaron que la mujer ya no contaba con signos vitales.<\/p>\n<\/p>\n<p>&nbsp;<\/p>\n<p style=\"text-align: justify;\" data-sourcepos=\"15:1-15:220\">Elementos de la Polic\u00eda Municipal acordonaron el \u00e1rea y dieron parte a la Fiscal\u00eda General del Estado (FGE), quienes se encargar\u00e1n de realizar las investigaciones correspondientes para determinar las causas de la muerte.<\/p>\n<\/p>\n<p>&nbsp;<\/p>\n<p style=\"text-align: justify;\" data-sourcepos=\"17:1-17:163\">Se presume que la mujer pudo haber fallecido por causas naturales, sin embargo, ser\u00e1n los peritajes correspondientes los que determinen la causa exacta del deceso.<\/p>\n<\/p>\n<p>&nbsp;<\/p>\n<p style=\"text-align: justify;\" data-sourcepos=\"19:1-19:238\">Este lamentable suceso pone en evidencia la situaci\u00f3n de vulnerabilidad en la que viven muchas personas en situaci\u00f3n de calle y la necesidad de implementar pol\u00edticas p\u00fablicas para atender sus necesidades b\u00e1sicas y garantizar su bienestar.<\/p>\n<\/p>\n<p>&nbsp;<\/p>\n<p style=\"text-align: center;\" data-sourcepos=\"19:1-19:238\"><em><strong>\u00a1Informaci\u00f3n que transforma!<\/strong><\/em><\/p>\n<h3 data-sourcepos=\"21:1-21:37\"><\/h3>\n","protected":false},"excerpt":{"rendered":"<p>Una lamentable noticia sacude a la comunidad queretana. Una mujer, aparentemente en situaci\u00f3n de calle, fue encontrada sin vida esta ma\u00f1ana en la calle R\u00edo Hondo de la colonia Menchaca III.<\/p>\n","protected":false},"author":3,"featured_media":10868,"comment_status":"open","ping_status":"open","sticky":false,"template":"","format":"standard","meta":{"footnotes":""},"categories":[137,58],"tags":[3283,133,3282,1599],"class_list":["post-10867","post","type-post","status-publish","format-standard","has-post-thumbnail","hentry","category-sucesos","category-ultima-hora","tag-mueremujer","tag-queretaro","tag-situaciondecalle","tag-solidaridad"],"yoast_head":"<!-- This site is optimized with the Yoast SEO plugin v25.0 - https:\/\/yoast.com\/wordpress\/plugins\/seo\/ -->\n<title>Muere mujer en situaci\u00f3n de calle en Menchaca III autoridades investigan las causas | Nexo Informativo Santiago de Quer\u00e9taro<\/title>\n<meta name=\"description\" content=\"Muere mujer en situaci\u00f3n de calle en Menchaca III autoridades investigan las causas\" \/>\n<meta name=\"robots\" content=\"index, follow, max-snippet:-1, max-image-preview:large, max-video-preview:-1\" \/>\n<link rel=\"canonical\" href=\"https:\/\/www.nexoinformativo.mx\/index.php\/2025\/01\/29\/muere-mujer-en-situacion-de-calle-en-menchaca-iii-autoridades-investigan-las-causas\/\" \/>\n<meta property=\"og:locale\" content=\"es_MX\" \/>\n<meta property=\"og:type\" content=\"article\" \/>\n<meta property=\"og:title\" content=\"Muere mujer en situaci\u00f3n de calle en Menchaca III autoridades investigan las causas | Nexo Informativo Santiago de Quer\u00e9taro\" \/>\n<meta property=\"og:description\" content=\"Muere mujer en situaci\u00f3n de calle en Menchaca III autoridades investigan las causas\" \/>\n<meta property=\"og:url\" content=\"https:\/\/www.nexoinformativo.mx\/index.php\/2025\/01\/29\/muere-mujer-en-situacion-de-calle-en-menchaca-iii-autoridades-investigan-las-causas\/\" \/>\n<meta property=\"og:site_name\" content=\"Nexo Informativo Santiago de Quer\u00e9taro\" \/>\n<meta property=\"article:publisher\" content=\"https:\/\/www.facebook.com\/people\/Nexo-Informativo\/61564066885511\/\" \/>\n<meta property=\"article:published_time\" content=\"2025-01-29T20:00:52+00:00\" \/>\n<meta property=\"article:modified_time\" content=\"2025-01-29T23:18:55+00:00\" \/>\n<meta property=\"og:image\" content=\"https:\/\/www.nexoinformativo.mx\/wp-content\/uploads\/2025\/01\/PHOTO-2025-01-29-16-52-24-e1738192703872.jpg\" \/>\n\t<meta property=\"og:image:width\" content=\"700\" \/>\n\t<meta property=\"og:image:height\" content=\"467\" \/>\n\t<meta property=\"og:image:type\" content=\"image\/jpeg\" \/>\n<meta name=\"author\" content=\"Nexo Informativo\" \/>\n<meta name=\"twitter:card\" content=\"summary_large_image\" \/>\n<meta name=\"twitter:label1\" content=\"Escrito por\" \/>\n\t<meta name=\"twitter:data1\" content=\"Nexo Informativo\" \/>\n\t<meta name=\"twitter:label2\" content=\"Tiempo de lectura\" \/>\n\t<meta name=\"twitter:data2\" content=\"1 minuto\" \/>\n<script type=\"application\/ld+json\" class=\"yoast-schema-graph\">{\"@context\":\"https:\/\/schema.org\",\"@graph\":[{\"@type\":\"Article\",\"@id\":\"https:\/\/www.nexoinformativo.mx\/index.php\/2025\/01\/29\/muere-mujer-en-situacion-de-calle-en-menchaca-iii-autoridades-investigan-las-causas\/#article\",\"isPartOf\":{\"@id\":\"https:\/\/www.nexoinformativo.mx\/index.php\/2025\/01\/29\/muere-mujer-en-situacion-de-calle-en-menchaca-iii-autoridades-investigan-las-causas\/\"},\"author\":{\"name\":\"Nexo Informativo\",\"@id\":\"https:\/\/www.nexoinformativo.mx\/#\/schema\/person\/7749d380ba08c8ca00d7bc76fd907b7d\"},\"headline\":\"Muere mujer en situaci\u00f3n de calle en Menchaca III autoridades investigan las causas\",\"datePublished\":\"2025-01-29T20:00:52+00:00\",\"dateModified\":\"2025-01-29T23:18:55+00:00\",\"mainEntityOfPage\":{\"@id\":\"https:\/\/www.nexoinformativo.mx\/index.php\/2025\/01\/29\/muere-mujer-en-situacion-de-calle-en-menchaca-iii-autoridades-investigan-las-causas\/\"},\"wordCount\":201,\"commentCount\":0,\"publisher\":{\"@id\":\"https:\/\/www.nexoinformativo.mx\/#organization\"},\"image\":{\"@id\":\"https:\/\/www.nexoinformativo.mx\/index.php\/2025\/01\/29\/muere-mujer-en-situacion-de-calle-en-menchaca-iii-autoridades-investigan-las-causas\/#primaryimage\"},\"thumbnailUrl\":\"https:\/\/www.nexoinformativo.mx\/wp-content\/uploads\/2025\/01\/PHOTO-2025-01-29-16-52-24-e1738192703872.jpg\",\"keywords\":[\"MuereMujer\",\"Quer\u00e9taro\",\"Situaci\u00f3nDeCalle\",\"Solidaridad\"],\"articleSection\":[\"Sucesos\",\"\u00daltima Hora\"],\"inLanguage\":\"es\",\"potentialAction\":[{\"@type\":\"CommentAction\",\"name\":\"Comment\",\"target\":[\"https:\/\/www.nexoinformativo.mx\/index.php\/2025\/01\/29\/muere-mujer-en-situacion-de-calle-en-menchaca-iii-autoridades-investigan-las-causas\/#respond\"]}]},{\"@type\":\"WebPage\",\"@id\":\"https:\/\/www.nexoinformativo.mx\/index.php\/2025\/01\/29\/muere-mujer-en-situacion-de-calle-en-menchaca-iii-autoridades-investigan-las-causas\/\",\"url\":\"https:\/\/www.nexoinformativo.mx\/index.php\/2025\/01\/29\/muere-mujer-en-situacion-de-calle-en-menchaca-iii-autoridades-investigan-las-causas\/\",\"name\":\"Muere mujer en situaci\u00f3n de calle en Menchaca III autoridades investigan las causas | Nexo Informativo Santiago de Quer\u00e9taro\",\"isPartOf\":{\"@id\":\"https:\/\/www.nexoinformativo.mx\/#website\"},\"primaryImageOfPage\":{\"@id\":\"https:\/\/www.nexoinformativo.mx\/index.php\/2025\/01\/29\/muere-mujer-en-situacion-de-calle-en-menchaca-iii-autoridades-investigan-las-causas\/#primaryimage\"},\"image\":{\"@id\":\"https:\/\/www.nexoinformativo.mx\/index.php\/2025\/01\/29\/muere-mujer-en-situacion-de-calle-en-menchaca-iii-autoridades-investigan-las-causas\/#primaryimage\"},\"thumbnailUrl\":\"https:\/\/www.nexoinformativo.mx\/wp-content\/uploads\/2025\/01\/PHOTO-2025-01-29-16-52-24-e1738192703872.jpg\",\"datePublished\":\"2025-01-29T20:00:52+00:00\",\"dateModified\":\"2025-01-29T23:18:55+00:00\",\"description\":\"Muere mujer en situaci\u00f3n de calle en Menchaca III autoridades investigan las causas\",\"breadcrumb\":{\"@id\":\"https:\/\/www.nexoinformativo.mx\/index.php\/2025\/01\/29\/muere-mujer-en-situacion-de-calle-en-menchaca-iii-autoridades-investigan-las-causas\/#breadcrumb\"},\"inLanguage\":\"es\",\"potentialAction\":[{\"@type\":\"ReadAction\",\"target\":[\"https:\/\/www.nexoinformativo.mx\/index.php\/2025\/01\/29\/muere-mujer-en-situacion-de-calle-en-menchaca-iii-autoridades-investigan-las-causas\/\"]}]},{\"@type\":\"ImageObject\",\"inLanguage\":\"es\",\"@id\":\"https:\/\/www.nexoinformativo.mx\/index.php\/2025\/01\/29\/muere-mujer-en-situacion-de-calle-en-menchaca-iii-autoridades-investigan-las-causas\/#primaryimage\",\"url\":\"https:\/\/www.nexoinformativo.mx\/wp-content\/uploads\/2025\/01\/PHOTO-2025-01-29-16-52-24-e1738192703872.jpg\",\"contentUrl\":\"https:\/\/www.nexoinformativo.mx\/wp-content\/uploads\/2025\/01\/PHOTO-2025-01-29-16-52-24-e1738192703872.jpg\",\"width\":700,\"height\":467},{\"@type\":\"BreadcrumbList\",\"@id\":\"https:\/\/www.nexoinformativo.mx\/index.php\/2025\/01\/29\/muere-mujer-en-situacion-de-calle-en-menchaca-iii-autoridades-investigan-las-causas\/#breadcrumb\",\"itemListElement\":[{\"@type\":\"ListItem\",\"position\":1,\"name\":\"Inicio\",\"item\":\"https:\/\/www.nexoinformativo.mx\/\"},{\"@type\":\"ListItem\",\"position\":2,\"name\":\"Muere mujer en situaci\u00f3n de calle en Menchaca III autoridades investigan las causas\"}]},{\"@type\":\"WebSite\",\"@id\":\"https:\/\/www.nexoinformativo.mx\/#website\",\"url\":\"https:\/\/www.nexoinformativo.mx\/\",\"name\":\"Nexo Informativo Santiago de Quer\u00e9taro\",\"description\":\"Explora NexoInformativo y convi\u00e9rtete en parte de una comunidad que valora el conocimiento y la verdad. Tu nexoinformativo es tu puente hacia una comprensi\u00f3n m\u00e1s profunda del mundo que te rodea.\",\"publisher\":{\"@id\":\"https:\/\/www.nexoinformativo.mx\/#organization\"},\"potentialAction\":[{\"@type\":\"SearchAction\",\"target\":{\"@type\":\"EntryPoint\",\"urlTemplate\":\"https:\/\/www.nexoinformativo.mx\/?s={search_term_string}\"},\"query-input\":{\"@type\":\"PropertyValueSpecification\",\"valueRequired\":true,\"valueName\":\"search_term_string\"}}],\"inLanguage\":\"es\"},{\"@type\":\"Organization\",\"@id\":\"https:\/\/www.nexoinformativo.mx\/#organization\",\"name\":\"Nexo Informativo Santiago de Quer\u00e9taro\",\"url\":\"https:\/\/www.nexoinformativo.mx\/\",\"logo\":{\"@type\":\"ImageObject\",\"inLanguage\":\"es\",\"@id\":\"https:\/\/www.nexoinformativo.mx\/#\/schema\/logo\/image\/\",\"url\":\"https:\/\/www.nexoinformativo.mx\/wp-content\/uploads\/2024\/07\/nexoi-trasparente-2.png\",\"contentUrl\":\"https:\/\/www.nexoinformativo.mx\/wp-content\/uploads\/2024\/07\/nexoi-trasparente-2.png\",\"width\":816,\"height\":339,\"caption\":\"Nexo Informativo Santiago de Quer\u00e9taro\"},\"image\":{\"@id\":\"https:\/\/www.nexoinformativo.mx\/#\/schema\/logo\/image\/\"},\"sameAs\":[\"https:\/\/www.facebook.com\/people\/Nexo-Informativo\/61564066885511\/\"]},{\"@type\":\"Person\",\"@id\":\"https:\/\/www.nexoinformativo.mx\/#\/schema\/person\/7749d380ba08c8ca00d7bc76fd907b7d\",\"name\":\"Nexo Informativo\",\"image\":{\"@type\":\"ImageObject\",\"inLanguage\":\"es\",\"@id\":\"https:\/\/www.nexoinformativo.mx\/#\/schema\/person\/image\/\",\"url\":\"https:\/\/secure.gravatar.com\/avatar\/dde2928154642a13d95f87ddf1ea9718fe2b46760a005c53e41ff5ad610704e6?s=96&d=mm&r=g\",\"contentUrl\":\"https:\/\/secure.gravatar.com\/avatar\/dde2928154642a13d95f87ddf1ea9718fe2b46760a005c53e41ff5ad610704e6?s=96&d=mm&r=g\",\"caption\":\"Nexo Informativo\"},\"url\":\"https:\/\/www.nexoinformativo.mx\/index.php\/author\/edicion\/\"}]}<\/script>\n<!-- \/ Yoast SEO plugin. -->","yoast_head_json":{"title":"Muere mujer en situaci\u00f3n de calle en Menchaca III autoridades investigan las causas | Nexo Informativo Santiago de Quer\u00e9taro","description":"Muere mujer en situaci\u00f3n de calle en Menchaca III autoridades investigan las causas","robots":{"index":"index","follow":"follow","max-snippet":"max-snippet:-1","max-image-preview":"max-image-preview:large","max-video-preview":"max-video-preview:-1"},"canonical":"https:\/\/www.nexoinformativo.mx\/index.php\/2025\/01\/29\/muere-mujer-en-situacion-de-calle-en-menchaca-iii-autoridades-investigan-las-causas\/","og_locale":"es_MX","og_type":"article","og_title":"Muere mujer en situaci\u00f3n de calle en Menchaca III autoridades investigan las causas | Nexo Informativo Santiago de Quer\u00e9taro","og_description":"Muere mujer en situaci\u00f3n de calle en Menchaca III autoridades investigan las causas","og_url":"https:\/\/www.nexoinformativo.mx\/index.php\/2025\/01\/29\/muere-mujer-en-situacion-de-calle-en-menchaca-iii-autoridades-investigan-las-causas\/","og_site_name":"Nexo Informativo Santiago de Quer\u00e9taro","article_publisher":"https:\/\/www.facebook.com\/people\/Nexo-Informativo\/61564066885511\/","article_published_time":"2025-01-29T20:00:52+00:00","article_modified_time":"2025-01-29T23:18:55+00:00","og_image":[{"width":700,"height":467,"url":"https:\/\/www.nexoinformativo.mx\/wp-content\/uploads\/2025\/01\/PHOTO-2025-01-29-16-52-24-e1738192703872.jpg","type":"image\/jpeg"}],"author":"Nexo Informativo","twitter_card":"summary_large_image","twitter_misc":{"Escrito por":"Nexo Informativo","Tiempo de lectura":"1 minuto"},"schema":{"@context":"https:\/\/schema.org","@graph":[{"@type":"Article","@id":"https:\/\/www.nexoinformativo.mx\/index.php\/2025\/01\/29\/muere-mujer-en-situacion-de-calle-en-menchaca-iii-autoridades-investigan-las-causas\/#article","isPartOf":{"@id":"https:\/\/www.nexoinformativo.mx\/index.php\/2025\/01\/29\/muere-mujer-en-situacion-de-calle-en-menchaca-iii-autoridades-investigan-las-causas\/"},"author":{"name":"Nexo Informativo","@id":"https:\/\/www.nexoinformativo.mx\/#\/schema\/person\/7749d380ba08c8ca00d7bc76fd907b7d"},"headline":"Muere mujer en situaci\u00f3n de calle en Menchaca III autoridades investigan las causas","datePublished":"2025-01-29T20:00:52+00:00","dateModified":"2025-01-29T23:18:55+00:00","mainEntityOfPage":{"@id":"https:\/\/www.nexoinformativo.mx\/index.php\/2025\/01\/29\/muere-mujer-en-situacion-de-calle-en-menchaca-iii-autoridades-investigan-las-causas\/"},"wordCount":201,"commentCount":0,"publisher":{"@id":"https:\/\/www.nexoinformativo.mx\/#organization"},"image":{"@id":"https:\/\/www.nexoinformativo.mx\/index.php\/2025\/01\/29\/muere-mujer-en-situacion-de-calle-en-menchaca-iii-autoridades-investigan-las-causas\/#primaryimage"},"thumbnailUrl":"https:\/\/www.nexoinformativo.mx\/wp-content\/uploads\/2025\/01\/PHOTO-2025-01-29-16-52-24-e1738192703872.jpg","keywords":["MuereMujer","Quer\u00e9taro","Situaci\u00f3nDeCalle","Solidaridad"],"articleSection":["Sucesos","\u00daltima Hora"],"inLanguage":"es","potentialAction":[{"@type":"CommentAction","name":"Comment","target":["https:\/\/www.nexoinformativo.mx\/index.php\/2025\/01\/29\/muere-mujer-en-situacion-de-calle-en-menchaca-iii-autoridades-investigan-las-causas\/#respond"]}]},{"@type":"WebPage","@id":"https:\/\/www.nexoinformativo.mx\/index.php\/2025\/01\/29\/muere-mujer-en-situacion-de-calle-en-menchaca-iii-autoridades-investigan-las-causas\/","url":"https:\/\/www.nexoinformativo.mx\/index.php\/2025\/01\/29\/muere-mujer-en-situacion-de-calle-en-menchaca-iii-autoridades-investigan-las-causas\/","name":"Muere mujer en situaci\u00f3n de calle en Menchaca III autoridades investigan las causas | Nexo Informativo Santiago de Quer\u00e9taro","isPartOf":{"@id":"https:\/\/www.nexoinformativo.mx\/#website"},"primaryImageOfPage":{"@id":"https:\/\/www.nexoinformativo.mx\/index.php\/2025\/01\/29\/muere-mujer-en-situacion-de-calle-en-menchaca-iii-autoridades-investigan-las-causas\/#primaryimage"},"image":{"@id":"https:\/\/www.nexoinformativo.mx\/index.php\/2025\/01\/29\/muere-mujer-en-situacion-de-calle-en-menchaca-iii-autoridades-investigan-las-causas\/#primaryimage"},"thumbnailUrl":"https:\/\/www.nexoinformativo.mx\/wp-content\/uploads\/2025\/01\/PHOTO-2025-01-29-16-52-24-e1738192703872.jpg","datePublished":"2025-01-29T20:00:52+00:00","dateModified":"2025-01-29T23:18:55+00:00","description":"Muere mujer en situaci\u00f3n de calle en Menchaca III autoridades investigan las causas","breadcrumb":{"@id":"https:\/\/www.nexoinformativo.mx\/index.php\/2025\/01\/29\/muere-mujer-en-situacion-de-calle-en-menchaca-iii-autoridades-investigan-las-causas\/#breadcrumb"},"inLanguage":"es","potentialAction":[{"@type":"ReadAction","target":["https:\/\/www.nexoinformativo.mx\/index.php\/2025\/01\/29\/muere-mujer-en-situacion-de-calle-en-menchaca-iii-autoridades-investigan-las-causas\/"]}]},{"@type":"ImageObject","inLanguage":"es","@id":"https:\/\/www.nexoinformativo.mx\/index.php\/2025\/01\/29\/muere-mujer-en-situacion-de-calle-en-menchaca-iii-autoridades-investigan-las-causas\/#primaryimage","url":"https:\/\/www.nexoinformativo.mx\/wp-content\/uploads\/2025\/01\/PHOTO-2025-01-29-16-52-24-e1738192703872.jpg","contentUrl":"https:\/\/www.nexoinformativo.mx\/wp-content\/uploads\/2025\/01\/PHOTO-2025-01-29-16-52-24-e1738192703872.jpg","width":700,"height":467},{"@type":"BreadcrumbList","@id":"https:\/\/www.nexoinformativo.mx\/index.php\/2025\/01\/29\/muere-mujer-en-situacion-de-calle-en-menchaca-iii-autoridades-investigan-las-causas\/#breadcrumb","itemListElement":[{"@type":"ListItem","position":1,"name":"Inicio","item":"https:\/\/www.nexoinformativo.mx\/"},{"@type":"ListItem","position":2,"name":"Muere mujer en situaci\u00f3n de calle en Menchaca III autoridades investigan las causas"}]},{"@type":"WebSite","@id":"https:\/\/www.nexoinformativo.mx\/#website","url":"https:\/\/www.nexoinformativo.mx\/","name":"Nexo Informativo Santiago de Quer\u00e9taro","description":"Explora NexoInformativo y convi\u00e9rtete en parte de una comunidad que valora el conocimiento y la verdad. Tu nexoinformativo es tu puente hacia una comprensi\u00f3n m\u00e1s profunda del mundo que te rodea.","publisher":{"@id":"https:\/\/www.nexoinformativo.mx\/#organization"},"potentialAction":[{"@type":"SearchAction","target":{"@type":"EntryPoint","urlTemplate":"https:\/\/www.nexoinformativo.mx\/?s={search_term_string}"},"query-input":{"@type":"PropertyValueSpecification","valueRequired":true,"valueName":"search_term_string"}}],"inLanguage":"es"},{"@type":"Organization","@id":"https:\/\/www.nexoinformativo.mx\/#organization","name":"Nexo Informativo Santiago de Quer\u00e9taro","url":"https:\/\/www.nexoinformativo.mx\/","logo":{"@type":"ImageObject","inLanguage":"es","@id":"https:\/\/www.nexoinformativo.mx\/#\/schema\/logo\/image\/","url":"https:\/\/www.nexoinformativo.mx\/wp-content\/uploads\/2024\/07\/nexoi-trasparente-2.png","contentUrl":"https:\/\/www.nexoinformativo.mx\/wp-content\/uploads\/2024\/07\/nexoi-trasparente-2.png","width":816,"height":339,"caption":"Nexo Informativo Santiago de Quer\u00e9taro"},"image":{"@id":"https:\/\/www.nexoinformativo.mx\/#\/schema\/logo\/image\/"},"sameAs":["https:\/\/www.facebook.com\/people\/Nexo-Informativo\/61564066885511\/"]},{"@type":"Person","@id":"https:\/\/www.nexoinformativo.mx\/#\/schema\/person\/7749d380ba08c8ca00d7bc76fd907b7d","name":"Nexo Informativo","image":{"@type":"ImageObject","inLanguage":"es","@id":"https:\/\/www.nexoinformativo.mx\/#\/schema\/person\/image\/","url":"https:\/\/secure.gravatar.com\/avatar\/dde2928154642a13d95f87ddf1ea9718fe2b46760a005c53e41ff5ad610704e6?s=96&d=mm&r=g","contentUrl":"https:\/\/secure.gravatar.com\/avatar\/dde2928154642a13d95f87ddf1ea9718fe2b46760a005c53e41ff5ad610704e6?s=96&d=mm&r=g","caption":"Nexo Informativo"},"url":"https:\/\/www.nexoinformativo.mx\/index.php\/author\/edicion\/"}]}},"_links":{"self":[{"href":"https:\/\/www.nexoinformativo.mx\/index.php\/wp-json\/wp\/v2\/posts\/10867","targetHints":{"allow":["GET"]}}],"collection":[{"href":"https:\/\/www.nexoinformativo.mx\/index.php\/wp-json\/wp\/v2\/posts"}],"about":[{"href":"https:\/\/www.nexoinformativo.mx\/index.php\/wp-json\/wp\/v2\/types\/post"}],"author":[{"embeddable":true,"href":"https:\/\/www.nexoinformativo.mx\/index.php\/wp-json\/wp\/v2\/users\/3"}],"replies":[{"embeddable":true,"href":"https:\/\/www.nexoinformativo.mx\/index.php\/wp-json\/wp\/v2\/comments?post=10867"}],"version-history":[{"count":3,"href":"https:\/\/www.nexoinformativo.mx\/index.php\/wp-json\/wp\/v2\/posts\/10867\/revisions"}],"predecessor-version":[{"id":10871,"href":"https:\/\/www.nexoinformativo.mx\/index.php\/wp-json\/wp\/v2\/posts\/10867\/revisions\/10871"}],"wp:featuredmedia":[{"embeddable":true,"href":"https:\/\/www.nexoinformativo.mx\/index.php\/wp-json\/wp\/v2\/media\/10868"}],"wp:attachment":[{"href":"https:\/\/www.nexoinformativo.mx\/index.php\/wp-json\/wp\/v2\/media?parent=10867"}],"wp:term":[{"taxonomy":"category","embeddable":true,"href":"https:\/\/www.nexoinformativo.mx\/index.php\/wp-json\/wp\/v2\/categories?post=10867"},{"taxonomy":"post_tag","embeddable":true,"href":"https:\/\/www.nexoinformativo.mx\/index.php\/wp-json\/wp\/v2\/tags?post=10867"}],"curies":[{"name":"wp","href":"https:\/\/api.w.org\/{rel}","templated":true}]}}