{"id":10872,"date":"2025-01-29T14:30:13","date_gmt":"2025-01-29T20:30:13","guid":{"rendered":"https:\/\/www.nexoinformativo.mx\/?p=10872"},"modified":"2025-01-29T17:23:46","modified_gmt":"2025-01-29T23:23:46","slug":"accidente-en-queretaro-qrobus-provoca-caida-de-usuario-de-scooter-electrico","status":"publish","type":"post","link":"https:\/\/www.nexoinformativo.mx\/index.php\/2025\/01\/29\/accidente-en-queretaro-qrobus-provoca-caida-de-usuario-de-scooter-electrico\/","title":{"rendered":"Accidente en Quer\u00e9taro QroBus provoca ca\u00edda de usuario de scooter el\u00e9ctrico"},"content":{"rendered":"<p style=\"text-align: justify;\" data-sourcepos=\"11:1-11:273\">Un aparatoso accidente se registr\u00f3 esta ma\u00f1ana en la calle 20 de Noviembre esquina con Avenida Constituyentes, en la colonia Centro de Quer\u00e9taro. Un usuario de scooter el\u00e9ctrico result\u00f3 lesionado tras ser impactado por un autob\u00fas de la l\u00ednea QroBus.<\/p>\n<\/p>\n<p>&nbsp;<\/p>\n<p style=\"text-align: justify;\" data-sourcepos=\"13:1-13:244\">Seg\u00fan testigos, el conductor del autob\u00fas habr\u00eda realizado una maniobra brusca, provocando que el usuario del scooter perdiera el equilibrio y cayera al suelo. Afortunadamente, el joven solo sufri\u00f3 algunos raspones y no requiri\u00f3 atenci\u00f3n m\u00e9dica.<\/p>\n<\/p>\n<p>&nbsp;<\/p>\n<p style=\"text-align: justify;\" data-sourcepos=\"15:1-15:301\">Al lugar de los hechos arribaron elementos de la Agencia de Movilidad del Estado de Quer\u00e9taro (AMEQ), quienes tomaron conocimiento del incidente y realizaron las diligencias correspondientes. Se espera que la empresa responsable del transporte p\u00fablico cubra los da\u00f1os ocasionados al scooter el\u00e9ctrico.<\/p>\n<\/p>\n<p>&nbsp;<\/p>\n<p style=\"text-align: justify;\" data-sourcepos=\"17:1-17:320\">Este incidente pone de manifiesto la importancia de respetar las normas de tr\u00e1nsito y conducir de manera responsable. Tanto los conductores de veh\u00edculos particulares como los usuarios de transporte p\u00fablico y medios alternativos de movilidad deben ser conscientes de la importancia de compartir las v\u00edas de manera segura.<\/p>\n<\/p>\n<p>&nbsp;<\/p>\n<p style=\"text-align: center;\" data-sourcepos=\"17:1-17:320\"><em><strong>\u00a1Informaci\u00f3n que transforma!<\/strong><\/em><\/p>\n","protected":false},"excerpt":{"rendered":"<p>Un aparatoso accidente se registr\u00f3 esta ma\u00f1ana en la calle 20 de Noviembre esquina con Avenida Constituyentes, en la colonia Centro de Quer\u00e9taro. Un usuario de scooter el\u00e9ctrico result\u00f3 lesionado tras ser impactado por un autob\u00fas de la l\u00ednea QroBus.<\/p>\n","protected":false},"author":3,"featured_media":10873,"comment_status":"open","ping_status":"open","sticky":false,"template":"","format":"standard","meta":{"footnotes":""},"categories":[137,58],"tags":[153,726,133,151],"class_list":["post-10872","post","type-post","status-publish","format-standard","has-post-thumbnail","hentry","category-sucesos","category-ultima-hora","tag-accidente","tag-movilidad","tag-queretaro","tag-seguridadvial"],"yoast_head":"<!-- This site is optimized with the Yoast SEO plugin v25.0 - https:\/\/yoast.com\/wordpress\/plugins\/seo\/ -->\n<title>Accidente en Quer\u00e9taro QroBus provoca ca\u00edda de usuario de scooter el\u00e9ctrico | Nexo Informativo Santiago de Quer\u00e9taro<\/title>\n<meta name=\"description\" content=\"Accidente en Quer\u00e9taro QroBus provoca ca\u00edda de usuario de scooter el\u00e9ctrico\" \/>\n<meta name=\"robots\" content=\"index, follow, max-snippet:-1, max-image-preview:large, max-video-preview:-1\" \/>\n<link rel=\"canonical\" href=\"https:\/\/www.nexoinformativo.mx\/index.php\/2025\/01\/29\/accidente-en-queretaro-qrobus-provoca-caida-de-usuario-de-scooter-electrico\/\" \/>\n<meta property=\"og:locale\" content=\"es_MX\" \/>\n<meta property=\"og:type\" content=\"article\" \/>\n<meta property=\"og:title\" content=\"Accidente en Quer\u00e9taro QroBus provoca ca\u00edda de usuario de scooter el\u00e9ctrico | Nexo Informativo Santiago de Quer\u00e9taro\" \/>\n<meta property=\"og:description\" content=\"Accidente en Quer\u00e9taro QroBus provoca ca\u00edda de usuario de scooter el\u00e9ctrico\" \/>\n<meta property=\"og:url\" content=\"https:\/\/www.nexoinformativo.mx\/index.php\/2025\/01\/29\/accidente-en-queretaro-qrobus-provoca-caida-de-usuario-de-scooter-electrico\/\" \/>\n<meta property=\"og:site_name\" content=\"Nexo Informativo Santiago de Quer\u00e9taro\" \/>\n<meta property=\"article:publisher\" content=\"https:\/\/www.facebook.com\/people\/Nexo-Informativo\/61564066885511\/\" \/>\n<meta property=\"article:published_time\" content=\"2025-01-29T20:30:13+00:00\" \/>\n<meta property=\"article:modified_time\" content=\"2025-01-29T23:23:46+00:00\" \/>\n<meta property=\"og:image\" content=\"https:\/\/www.nexoinformativo.mx\/wp-content\/uploads\/2025\/01\/a0f2f5c7-aa66-4e31-a24c-1aeb33070450-e1738192982468.jpg\" \/>\n\t<meta property=\"og:image:width\" content=\"700\" \/>\n\t<meta property=\"og:image:height\" content=\"933\" \/>\n\t<meta property=\"og:image:type\" content=\"image\/jpeg\" \/>\n<meta name=\"author\" content=\"Nexo Informativo\" \/>\n<meta name=\"twitter:card\" content=\"summary_large_image\" \/>\n<meta name=\"twitter:label1\" content=\"Escrito por\" \/>\n\t<meta name=\"twitter:data1\" content=\"Nexo Informativo\" \/>\n\t<meta name=\"twitter:label2\" content=\"Tiempo de lectura\" \/>\n\t<meta name=\"twitter:data2\" content=\"1 minuto\" \/>\n<script type=\"application\/ld+json\" class=\"yoast-schema-graph\">{\"@context\":\"https:\/\/schema.org\",\"@graph\":[{\"@type\":\"Article\",\"@id\":\"https:\/\/www.nexoinformativo.mx\/index.php\/2025\/01\/29\/accidente-en-queretaro-qrobus-provoca-caida-de-usuario-de-scooter-electrico\/#article\",\"isPartOf\":{\"@id\":\"https:\/\/www.nexoinformativo.mx\/index.php\/2025\/01\/29\/accidente-en-queretaro-qrobus-provoca-caida-de-usuario-de-scooter-electrico\/\"},\"author\":{\"name\":\"Nexo Informativo\",\"@id\":\"https:\/\/www.nexoinformativo.mx\/#\/schema\/person\/7749d380ba08c8ca00d7bc76fd907b7d\"},\"headline\":\"Accidente en Quer\u00e9taro QroBus provoca ca\u00edda de usuario de scooter el\u00e9ctrico\",\"datePublished\":\"2025-01-29T20:30:13+00:00\",\"dateModified\":\"2025-01-29T23:23:46+00:00\",\"mainEntityOfPage\":{\"@id\":\"https:\/\/www.nexoinformativo.mx\/index.php\/2025\/01\/29\/accidente-en-queretaro-qrobus-provoca-caida-de-usuario-de-scooter-electrico\/\"},\"wordCount\":206,\"commentCount\":0,\"publisher\":{\"@id\":\"https:\/\/www.nexoinformativo.mx\/#organization\"},\"image\":{\"@id\":\"https:\/\/www.nexoinformativo.mx\/index.php\/2025\/01\/29\/accidente-en-queretaro-qrobus-provoca-caida-de-usuario-de-scooter-electrico\/#primaryimage\"},\"thumbnailUrl\":\"https:\/\/www.nexoinformativo.mx\/wp-content\/uploads\/2025\/01\/a0f2f5c7-aa66-4e31-a24c-1aeb33070450-e1738192982468.jpg\",\"keywords\":[\"accidente\",\"Movilidad\",\"Quer\u00e9taro\",\"seguridadvial\"],\"articleSection\":[\"Sucesos\",\"\u00daltima Hora\"],\"inLanguage\":\"es\",\"potentialAction\":[{\"@type\":\"CommentAction\",\"name\":\"Comment\",\"target\":[\"https:\/\/www.nexoinformativo.mx\/index.php\/2025\/01\/29\/accidente-en-queretaro-qrobus-provoca-caida-de-usuario-de-scooter-electrico\/#respond\"]}]},{\"@type\":\"WebPage\",\"@id\":\"https:\/\/www.nexoinformativo.mx\/index.php\/2025\/01\/29\/accidente-en-queretaro-qrobus-provoca-caida-de-usuario-de-scooter-electrico\/\",\"url\":\"https:\/\/www.nexoinformativo.mx\/index.php\/2025\/01\/29\/accidente-en-queretaro-qrobus-provoca-caida-de-usuario-de-scooter-electrico\/\",\"name\":\"Accidente en Quer\u00e9taro QroBus provoca ca\u00edda de usuario de scooter el\u00e9ctrico | Nexo Informativo Santiago de Quer\u00e9taro\",\"isPartOf\":{\"@id\":\"https:\/\/www.nexoinformativo.mx\/#website\"},\"primaryImageOfPage\":{\"@id\":\"https:\/\/www.nexoinformativo.mx\/index.php\/2025\/01\/29\/accidente-en-queretaro-qrobus-provoca-caida-de-usuario-de-scooter-electrico\/#primaryimage\"},\"image\":{\"@id\":\"https:\/\/www.nexoinformativo.mx\/index.php\/2025\/01\/29\/accidente-en-queretaro-qrobus-provoca-caida-de-usuario-de-scooter-electrico\/#primaryimage\"},\"thumbnailUrl\":\"https:\/\/www.nexoinformativo.mx\/wp-content\/uploads\/2025\/01\/a0f2f5c7-aa66-4e31-a24c-1aeb33070450-e1738192982468.jpg\",\"datePublished\":\"2025-01-29T20:30:13+00:00\",\"dateModified\":\"2025-01-29T23:23:46+00:00\",\"description\":\"Accidente en Quer\u00e9taro QroBus provoca ca\u00edda de usuario de scooter el\u00e9ctrico\",\"breadcrumb\":{\"@id\":\"https:\/\/www.nexoinformativo.mx\/index.php\/2025\/01\/29\/accidente-en-queretaro-qrobus-provoca-caida-de-usuario-de-scooter-electrico\/#breadcrumb\"},\"inLanguage\":\"es\",\"potentialAction\":[{\"@type\":\"ReadAction\",\"target\":[\"https:\/\/www.nexoinformativo.mx\/index.php\/2025\/01\/29\/accidente-en-queretaro-qrobus-provoca-caida-de-usuario-de-scooter-electrico\/\"]}]},{\"@type\":\"ImageObject\",\"inLanguage\":\"es\",\"@id\":\"https:\/\/www.nexoinformativo.mx\/index.php\/2025\/01\/29\/accidente-en-queretaro-qrobus-provoca-caida-de-usuario-de-scooter-electrico\/#primaryimage\",\"url\":\"https:\/\/www.nexoinformativo.mx\/wp-content\/uploads\/2025\/01\/a0f2f5c7-aa66-4e31-a24c-1aeb33070450-e1738192982468.jpg\",\"contentUrl\":\"https:\/\/www.nexoinformativo.mx\/wp-content\/uploads\/2025\/01\/a0f2f5c7-aa66-4e31-a24c-1aeb33070450-e1738192982468.jpg\",\"width\":700,\"height\":933},{\"@type\":\"BreadcrumbList\",\"@id\":\"https:\/\/www.nexoinformativo.mx\/index.php\/2025\/01\/29\/accidente-en-queretaro-qrobus-provoca-caida-de-usuario-de-scooter-electrico\/#breadcrumb\",\"itemListElement\":[{\"@type\":\"ListItem\",\"position\":1,\"name\":\"Inicio\",\"item\":\"https:\/\/www.nexoinformativo.mx\/\"},{\"@type\":\"ListItem\",\"position\":2,\"name\":\"Accidente en Quer\u00e9taro QroBus provoca ca\u00edda de usuario de scooter el\u00e9ctrico\"}]},{\"@type\":\"WebSite\",\"@id\":\"https:\/\/www.nexoinformativo.mx\/#website\",\"url\":\"https:\/\/www.nexoinformativo.mx\/\",\"name\":\"Nexo Informativo Santiago de Quer\u00e9taro\",\"description\":\"Explora NexoInformativo y convi\u00e9rtete en parte de una comunidad que valora el conocimiento y la verdad. Tu nexoinformativo es tu puente hacia una comprensi\u00f3n m\u00e1s profunda del mundo que te rodea.\",\"publisher\":{\"@id\":\"https:\/\/www.nexoinformativo.mx\/#organization\"},\"potentialAction\":[{\"@type\":\"SearchAction\",\"target\":{\"@type\":\"EntryPoint\",\"urlTemplate\":\"https:\/\/www.nexoinformativo.mx\/?s={search_term_string}\"},\"query-input\":{\"@type\":\"PropertyValueSpecification\",\"valueRequired\":true,\"valueName\":\"search_term_string\"}}],\"inLanguage\":\"es\"},{\"@type\":\"Organization\",\"@id\":\"https:\/\/www.nexoinformativo.mx\/#organization\",\"name\":\"Nexo Informativo Santiago de Quer\u00e9taro\",\"url\":\"https:\/\/www.nexoinformativo.mx\/\",\"logo\":{\"@type\":\"ImageObject\",\"inLanguage\":\"es\",\"@id\":\"https:\/\/www.nexoinformativo.mx\/#\/schema\/logo\/image\/\",\"url\":\"https:\/\/www.nexoinformativo.mx\/wp-content\/uploads\/2024\/07\/nexoi-trasparente-2.png\",\"contentUrl\":\"https:\/\/www.nexoinformativo.mx\/wp-content\/uploads\/2024\/07\/nexoi-trasparente-2.png\",\"width\":816,\"height\":339,\"caption\":\"Nexo Informativo Santiago de Quer\u00e9taro\"},\"image\":{\"@id\":\"https:\/\/www.nexoinformativo.mx\/#\/schema\/logo\/image\/\"},\"sameAs\":[\"https:\/\/www.facebook.com\/people\/Nexo-Informativo\/61564066885511\/\"]},{\"@type\":\"Person\",\"@id\":\"https:\/\/www.nexoinformativo.mx\/#\/schema\/person\/7749d380ba08c8ca00d7bc76fd907b7d\",\"name\":\"Nexo Informativo\",\"image\":{\"@type\":\"ImageObject\",\"inLanguage\":\"es\",\"@id\":\"https:\/\/www.nexoinformativo.mx\/#\/schema\/person\/image\/\",\"url\":\"https:\/\/secure.gravatar.com\/avatar\/dde2928154642a13d95f87ddf1ea9718fe2b46760a005c53e41ff5ad610704e6?s=96&d=mm&r=g\",\"contentUrl\":\"https:\/\/secure.gravatar.com\/avatar\/dde2928154642a13d95f87ddf1ea9718fe2b46760a005c53e41ff5ad610704e6?s=96&d=mm&r=g\",\"caption\":\"Nexo Informativo\"},\"url\":\"https:\/\/www.nexoinformativo.mx\/index.php\/author\/edicion\/\"}]}<\/script>\n<!-- \/ Yoast SEO plugin. -->","yoast_head_json":{"title":"Accidente en Quer\u00e9taro QroBus provoca ca\u00edda de usuario de scooter el\u00e9ctrico | Nexo Informativo Santiago de Quer\u00e9taro","description":"Accidente en Quer\u00e9taro QroBus provoca ca\u00edda de usuario de scooter el\u00e9ctrico","robots":{"index":"index","follow":"follow","max-snippet":"max-snippet:-1","max-image-preview":"max-image-preview:large","max-video-preview":"max-video-preview:-1"},"canonical":"https:\/\/www.nexoinformativo.mx\/index.php\/2025\/01\/29\/accidente-en-queretaro-qrobus-provoca-caida-de-usuario-de-scooter-electrico\/","og_locale":"es_MX","og_type":"article","og_title":"Accidente en Quer\u00e9taro QroBus provoca ca\u00edda de usuario de scooter el\u00e9ctrico | Nexo Informativo Santiago de Quer\u00e9taro","og_description":"Accidente en Quer\u00e9taro QroBus provoca ca\u00edda de usuario de scooter el\u00e9ctrico","og_url":"https:\/\/www.nexoinformativo.mx\/index.php\/2025\/01\/29\/accidente-en-queretaro-qrobus-provoca-caida-de-usuario-de-scooter-electrico\/","og_site_name":"Nexo Informativo Santiago de Quer\u00e9taro","article_publisher":"https:\/\/www.facebook.com\/people\/Nexo-Informativo\/61564066885511\/","article_published_time":"2025-01-29T20:30:13+00:00","article_modified_time":"2025-01-29T23:23:46+00:00","og_image":[{"width":700,"height":933,"url":"https:\/\/www.nexoinformativo.mx\/wp-content\/uploads\/2025\/01\/a0f2f5c7-aa66-4e31-a24c-1aeb33070450-e1738192982468.jpg","type":"image\/jpeg"}],"author":"Nexo Informativo","twitter_card":"summary_large_image","twitter_misc":{"Escrito por":"Nexo Informativo","Tiempo de lectura":"1 minuto"},"schema":{"@context":"https:\/\/schema.org","@graph":[{"@type":"Article","@id":"https:\/\/www.nexoinformativo.mx\/index.php\/2025\/01\/29\/accidente-en-queretaro-qrobus-provoca-caida-de-usuario-de-scooter-electrico\/#article","isPartOf":{"@id":"https:\/\/www.nexoinformativo.mx\/index.php\/2025\/01\/29\/accidente-en-queretaro-qrobus-provoca-caida-de-usuario-de-scooter-electrico\/"},"author":{"name":"Nexo Informativo","@id":"https:\/\/www.nexoinformativo.mx\/#\/schema\/person\/7749d380ba08c8ca00d7bc76fd907b7d"},"headline":"Accidente en Quer\u00e9taro QroBus provoca ca\u00edda de usuario de scooter el\u00e9ctrico","datePublished":"2025-01-29T20:30:13+00:00","dateModified":"2025-01-29T23:23:46+00:00","mainEntityOfPage":{"@id":"https:\/\/www.nexoinformativo.mx\/index.php\/2025\/01\/29\/accidente-en-queretaro-qrobus-provoca-caida-de-usuario-de-scooter-electrico\/"},"wordCount":206,"commentCount":0,"publisher":{"@id":"https:\/\/www.nexoinformativo.mx\/#organization"},"image":{"@id":"https:\/\/www.nexoinformativo.mx\/index.php\/2025\/01\/29\/accidente-en-queretaro-qrobus-provoca-caida-de-usuario-de-scooter-electrico\/#primaryimage"},"thumbnailUrl":"https:\/\/www.nexoinformativo.mx\/wp-content\/uploads\/2025\/01\/a0f2f5c7-aa66-4e31-a24c-1aeb33070450-e1738192982468.jpg","keywords":["accidente","Movilidad","Quer\u00e9taro","seguridadvial"],"articleSection":["Sucesos","\u00daltima Hora"],"inLanguage":"es","potentialAction":[{"@type":"CommentAction","name":"Comment","target":["https:\/\/www.nexoinformativo.mx\/index.php\/2025\/01\/29\/accidente-en-queretaro-qrobus-provoca-caida-de-usuario-de-scooter-electrico\/#respond"]}]},{"@type":"WebPage","@id":"https:\/\/www.nexoinformativo.mx\/index.php\/2025\/01\/29\/accidente-en-queretaro-qrobus-provoca-caida-de-usuario-de-scooter-electrico\/","url":"https:\/\/www.nexoinformativo.mx\/index.php\/2025\/01\/29\/accidente-en-queretaro-qrobus-provoca-caida-de-usuario-de-scooter-electrico\/","name":"Accidente en Quer\u00e9taro QroBus provoca ca\u00edda de usuario de scooter el\u00e9ctrico | Nexo Informativo Santiago de Quer\u00e9taro","isPartOf":{"@id":"https:\/\/www.nexoinformativo.mx\/#website"},"primaryImageOfPage":{"@id":"https:\/\/www.nexoinformativo.mx\/index.php\/2025\/01\/29\/accidente-en-queretaro-qrobus-provoca-caida-de-usuario-de-scooter-electrico\/#primaryimage"},"image":{"@id":"https:\/\/www.nexoinformativo.mx\/index.php\/2025\/01\/29\/accidente-en-queretaro-qrobus-provoca-caida-de-usuario-de-scooter-electrico\/#primaryimage"},"thumbnailUrl":"https:\/\/www.nexoinformativo.mx\/wp-content\/uploads\/2025\/01\/a0f2f5c7-aa66-4e31-a24c-1aeb33070450-e1738192982468.jpg","datePublished":"2025-01-29T20:30:13+00:00","dateModified":"2025-01-29T23:23:46+00:00","description":"Accidente en Quer\u00e9taro QroBus provoca ca\u00edda de usuario de scooter el\u00e9ctrico","breadcrumb":{"@id":"https:\/\/www.nexoinformativo.mx\/index.php\/2025\/01\/29\/accidente-en-queretaro-qrobus-provoca-caida-de-usuario-de-scooter-electrico\/#breadcrumb"},"inLanguage":"es","potentialAction":[{"@type":"ReadAction","target":["https:\/\/www.nexoinformativo.mx\/index.php\/2025\/01\/29\/accidente-en-queretaro-qrobus-provoca-caida-de-usuario-de-scooter-electrico\/"]}]},{"@type":"ImageObject","inLanguage":"es","@id":"https:\/\/www.nexoinformativo.mx\/index.php\/2025\/01\/29\/accidente-en-queretaro-qrobus-provoca-caida-de-usuario-de-scooter-electrico\/#primaryimage","url":"https:\/\/www.nexoinformativo.mx\/wp-content\/uploads\/2025\/01\/a0f2f5c7-aa66-4e31-a24c-1aeb33070450-e1738192982468.jpg","contentUrl":"https:\/\/www.nexoinformativo.mx\/wp-content\/uploads\/2025\/01\/a0f2f5c7-aa66-4e31-a24c-1aeb33070450-e1738192982468.jpg","width":700,"height":933},{"@type":"BreadcrumbList","@id":"https:\/\/www.nexoinformativo.mx\/index.php\/2025\/01\/29\/accidente-en-queretaro-qrobus-provoca-caida-de-usuario-de-scooter-electrico\/#breadcrumb","itemListElement":[{"@type":"ListItem","position":1,"name":"Inicio","item":"https:\/\/www.nexoinformativo.mx\/"},{"@type":"ListItem","position":2,"name":"Accidente en Quer\u00e9taro QroBus provoca ca\u00edda de usuario de scooter el\u00e9ctrico"}]},{"@type":"WebSite","@id":"https:\/\/www.nexoinformativo.mx\/#website","url":"https:\/\/www.nexoinformativo.mx\/","name":"Nexo Informativo Santiago de Quer\u00e9taro","description":"Explora NexoInformativo y convi\u00e9rtete en parte de una comunidad que valora el conocimiento y la verdad. Tu nexoinformativo es tu puente hacia una comprensi\u00f3n m\u00e1s profunda del mundo que te rodea.","publisher":{"@id":"https:\/\/www.nexoinformativo.mx\/#organization"},"potentialAction":[{"@type":"SearchAction","target":{"@type":"EntryPoint","urlTemplate":"https:\/\/www.nexoinformativo.mx\/?s={search_term_string}"},"query-input":{"@type":"PropertyValueSpecification","valueRequired":true,"valueName":"search_term_string"}}],"inLanguage":"es"},{"@type":"Organization","@id":"https:\/\/www.nexoinformativo.mx\/#organization","name":"Nexo Informativo Santiago de Quer\u00e9taro","url":"https:\/\/www.nexoinformativo.mx\/","logo":{"@type":"ImageObject","inLanguage":"es","@id":"https:\/\/www.nexoinformativo.mx\/#\/schema\/logo\/image\/","url":"https:\/\/www.nexoinformativo.mx\/wp-content\/uploads\/2024\/07\/nexoi-trasparente-2.png","contentUrl":"https:\/\/www.nexoinformativo.mx\/wp-content\/uploads\/2024\/07\/nexoi-trasparente-2.png","width":816,"height":339,"caption":"Nexo Informativo Santiago de Quer\u00e9taro"},"image":{"@id":"https:\/\/www.nexoinformativo.mx\/#\/schema\/logo\/image\/"},"sameAs":["https:\/\/www.facebook.com\/people\/Nexo-Informativo\/61564066885511\/"]},{"@type":"Person","@id":"https:\/\/www.nexoinformativo.mx\/#\/schema\/person\/7749d380ba08c8ca00d7bc76fd907b7d","name":"Nexo Informativo","image":{"@type":"ImageObject","inLanguage":"es","@id":"https:\/\/www.nexoinformativo.mx\/#\/schema\/person\/image\/","url":"https:\/\/secure.gravatar.com\/avatar\/dde2928154642a13d95f87ddf1ea9718fe2b46760a005c53e41ff5ad610704e6?s=96&d=mm&r=g","contentUrl":"https:\/\/secure.gravatar.com\/avatar\/dde2928154642a13d95f87ddf1ea9718fe2b46760a005c53e41ff5ad610704e6?s=96&d=mm&r=g","caption":"Nexo Informativo"},"url":"https:\/\/www.nexoinformativo.mx\/index.php\/author\/edicion\/"}]}},"_links":{"self":[{"href":"https:\/\/www.nexoinformativo.mx\/index.php\/wp-json\/wp\/v2\/posts\/10872","targetHints":{"allow":["GET"]}}],"collection":[{"href":"https:\/\/www.nexoinformativo.mx\/index.php\/wp-json\/wp\/v2\/posts"}],"about":[{"href":"https:\/\/www.nexoinformativo.mx\/index.php\/wp-json\/wp\/v2\/types\/post"}],"author":[{"embeddable":true,"href":"https:\/\/www.nexoinformativo.mx\/index.php\/wp-json\/wp\/v2\/users\/3"}],"replies":[{"embeddable":true,"href":"https:\/\/www.nexoinformativo.mx\/index.php\/wp-json\/wp\/v2\/comments?post=10872"}],"version-history":[{"count":3,"href":"https:\/\/www.nexoinformativo.mx\/index.php\/wp-json\/wp\/v2\/posts\/10872\/revisions"}],"predecessor-version":[{"id":10876,"href":"https:\/\/www.nexoinformativo.mx\/index.php\/wp-json\/wp\/v2\/posts\/10872\/revisions\/10876"}],"wp:featuredmedia":[{"embeddable":true,"href":"https:\/\/www.nexoinformativo.mx\/index.php\/wp-json\/wp\/v2\/media\/10873"}],"wp:attachment":[{"href":"https:\/\/www.nexoinformativo.mx\/index.php\/wp-json\/wp\/v2\/media?parent=10872"}],"wp:term":[{"taxonomy":"category","embeddable":true,"href":"https:\/\/www.nexoinformativo.mx\/index.php\/wp-json\/wp\/v2\/categories?post=10872"},{"taxonomy":"post_tag","embeddable":true,"href":"https:\/\/www.nexoinformativo.mx\/index.php\/wp-json\/wp\/v2\/tags?post=10872"}],"curies":[{"name":"wp","href":"https:\/\/api.w.org\/{rel}","templated":true}]}}