{"id":10877,"date":"2025-01-30T06:00:02","date_gmt":"2025-01-30T12:00:02","guid":{"rendered":"https:\/\/www.nexoinformativo.mx\/?p=10877"},"modified":"2025-01-30T12:58:06","modified_gmt":"2025-01-30T18:58:06","slug":"felifer-macias-supervisa-urbanizacion-de-calles-en-epigmenio-gonzalez","status":"publish","type":"post","link":"https:\/\/www.nexoinformativo.mx\/index.php\/2025\/01\/30\/felifer-macias-supervisa-urbanizacion-de-calles-en-epigmenio-gonzalez\/","title":{"rendered":"Felifer Mac\u00edas supervisa urbanizaci\u00f3n de calles en Epigmenio Gonz\u00e1lez"},"content":{"rendered":"<p style=\"text-align: justify;\">El presidente municipal de Quer\u00e9taro, Felifer Mac\u00edas, encabez\u00f3 la supervisi\u00f3n de la urbanizaci\u00f3n de 12 calles en las colonias El Granjenal, San Juan y Lomas del Tepeyac, Epigmenio Gonz\u00e1lez.<\/p>\n<p>&nbsp;<\/p>\n<p style=\"text-align: justify;\">Con una inversi\u00f3n superior a los 35 millones de pesos, estas obras dignificar\u00e1n la calidad de vida de las y los ciudadanos que viven en la zona. En 11 de las 12 calles se invierten 24.7 millones de pesos, beneficiando a seis mil 394 habitantes.<\/p>\n<p>&nbsp;<\/p>\n<p style=\"text-align: justify;\">Los trabajos incluyen 14 mil 84 metros cuadrados de pavimento empedrado con mortero, cuatro mil 559 metros cuadrados de banquetas de concreto y tres mil 40 metros lineales de guarniciones de concreto. La obra presenta un avance del 21%.<\/p>\n<p>&nbsp;<\/p>\n<p style=\"text-align: justify;\">La urbanizaci\u00f3n de la calle Guadalupe, con una inversi\u00f3n de 12.4 millones de pesos, beneficiar\u00e1 a tres mil 791 personas. Las obras sociales iniciaron el 16 de diciembre del 2024 y est\u00e1n previstas para concluir el 9 de marzo del 2025.<\/p>\n<p>&nbsp;<\/p>\n<p style=\"text-align: justify;\">Esta obra incluye cuatro mil 734 metros cuadrados de pavimento de concreto hidr\u00e1ulico, 96 metros cuadrados de rampas y pasos peatonales, 930 metros cuadrados de banquetas de concreto y mil 52 metros lineales de guarniciones de concreto, con un avance del 35%.<\/p>\n<p>&nbsp;<\/p>\n<p style=\"text-align: justify;\">Durante la supervisi\u00f3n, Felifer Mac\u00edas enfatiz\u00f3 la importancia de estar en las calles, verificando que las obras se realicen y destacando los resultados tangibles a favor de la gente.<\/p>\n<p>&nbsp;<\/p>\n<p style=\"text-align: center;\"><em><strong>\u00a1Informaci\u00f3n que transforma!<\/strong><\/em><\/p>\n","protected":false},"excerpt":{"rendered":"<p>El presidente municipal de Quer\u00e9taro, Felifer Mac\u00edas, encabez\u00f3 la supervisi\u00f3n de la urbanizaci\u00f3n de 12 calles en las colonias El Granjenal, San Juan y Lomas del Tepeyac, Epigmenio Gonz\u00e1lez.<\/p>\n","protected":false},"author":3,"featured_media":10878,"comment_status":"open","ping_status":"open","sticky":false,"template":"","format":"standard","meta":{"footnotes":""},"categories":[65,58],"tags":[3260,1000,1447,3284],"class_list":["post-10877","post","type-post","status-publish","format-standard","has-post-thumbnail","hentry","category-municipios","category-ultima-hora","tag-desarrollocomunitario","tag-felifermacias","tag-mejoraurbana","tag-urbanizacionqueretaro"],"yoast_head":"<!-- This site is optimized with the Yoast SEO plugin v25.0 - https:\/\/yoast.com\/wordpress\/plugins\/seo\/ -->\n<title>Felifer Mac\u00edas supervisa urbanizaci\u00f3n de calles en Epigmenio Gonz\u00e1lez | Nexo Informativo Santiago de Quer\u00e9taro<\/title>\n<meta name=\"description\" content=\"Felifer Mac\u00edas supervisa urbanizaci\u00f3n de calles en Epigmenio Gonz\u00e1lez\" \/>\n<meta name=\"robots\" content=\"index, follow, max-snippet:-1, max-image-preview:large, max-video-preview:-1\" \/>\n<link rel=\"canonical\" href=\"https:\/\/www.nexoinformativo.mx\/index.php\/2025\/01\/30\/felifer-macias-supervisa-urbanizacion-de-calles-en-epigmenio-gonzalez\/\" \/>\n<meta property=\"og:locale\" content=\"es_MX\" \/>\n<meta property=\"og:type\" content=\"article\" \/>\n<meta property=\"og:title\" content=\"Felifer Mac\u00edas supervisa urbanizaci\u00f3n de calles en Epigmenio Gonz\u00e1lez | Nexo Informativo Santiago de Quer\u00e9taro\" \/>\n<meta property=\"og:description\" content=\"Felifer Mac\u00edas supervisa urbanizaci\u00f3n de calles en Epigmenio Gonz\u00e1lez\" \/>\n<meta property=\"og:url\" content=\"https:\/\/www.nexoinformativo.mx\/index.php\/2025\/01\/30\/felifer-macias-supervisa-urbanizacion-de-calles-en-epigmenio-gonzalez\/\" \/>\n<meta property=\"og:site_name\" content=\"Nexo Informativo Santiago de Quer\u00e9taro\" \/>\n<meta property=\"article:publisher\" content=\"https:\/\/www.facebook.com\/people\/Nexo-Informativo\/61564066885511\/\" \/>\n<meta property=\"article:published_time\" content=\"2025-01-30T12:00:02+00:00\" \/>\n<meta property=\"article:modified_time\" content=\"2025-01-30T18:58:06+00:00\" \/>\n<meta property=\"og:image\" content=\"https:\/\/www.nexoinformativo.mx\/wp-content\/uploads\/2025\/01\/PHOTO-2025-01-29-19-55-56-e1738263377568.jpg\" \/>\n\t<meta property=\"og:image:width\" content=\"800\" \/>\n\t<meta property=\"og:image:height\" content=\"533\" \/>\n\t<meta property=\"og:image:type\" content=\"image\/jpeg\" \/>\n<meta name=\"author\" content=\"Nexo Informativo\" \/>\n<meta name=\"twitter:card\" content=\"summary_large_image\" \/>\n<meta name=\"twitter:label1\" content=\"Escrito por\" \/>\n\t<meta name=\"twitter:data1\" content=\"Nexo Informativo\" \/>\n\t<meta name=\"twitter:label2\" content=\"Tiempo de lectura\" \/>\n\t<meta name=\"twitter:data2\" content=\"2 minutos\" \/>\n<script type=\"application\/ld+json\" class=\"yoast-schema-graph\">{\"@context\":\"https:\/\/schema.org\",\"@graph\":[{\"@type\":\"Article\",\"@id\":\"https:\/\/www.nexoinformativo.mx\/index.php\/2025\/01\/30\/felifer-macias-supervisa-urbanizacion-de-calles-en-epigmenio-gonzalez\/#article\",\"isPartOf\":{\"@id\":\"https:\/\/www.nexoinformativo.mx\/index.php\/2025\/01\/30\/felifer-macias-supervisa-urbanizacion-de-calles-en-epigmenio-gonzalez\/\"},\"author\":{\"name\":\"Nexo Informativo\",\"@id\":\"https:\/\/www.nexoinformativo.mx\/#\/schema\/person\/7749d380ba08c8ca00d7bc76fd907b7d\"},\"headline\":\"Felifer Mac\u00edas supervisa urbanizaci\u00f3n de calles en Epigmenio Gonz\u00e1lez\",\"datePublished\":\"2025-01-30T12:00:02+00:00\",\"dateModified\":\"2025-01-30T18:58:06+00:00\",\"mainEntityOfPage\":{\"@id\":\"https:\/\/www.nexoinformativo.mx\/index.php\/2025\/01\/30\/felifer-macias-supervisa-urbanizacion-de-calles-en-epigmenio-gonzalez\/\"},\"wordCount\":238,\"commentCount\":0,\"publisher\":{\"@id\":\"https:\/\/www.nexoinformativo.mx\/#organization\"},\"image\":{\"@id\":\"https:\/\/www.nexoinformativo.mx\/index.php\/2025\/01\/30\/felifer-macias-supervisa-urbanizacion-de-calles-en-epigmenio-gonzalez\/#primaryimage\"},\"thumbnailUrl\":\"https:\/\/www.nexoinformativo.mx\/wp-content\/uploads\/2025\/01\/PHOTO-2025-01-29-19-55-56-e1738263377568.jpg\",\"keywords\":[\"DesarrolloComunitario\",\"FeliferMac\u00edas\",\"MejoraUrbana\",\"Urbanizaci\u00f3nQuer\u00e9taro\"],\"articleSection\":[\"Municipios\",\"\u00daltima Hora\"],\"inLanguage\":\"es\",\"potentialAction\":[{\"@type\":\"CommentAction\",\"name\":\"Comment\",\"target\":[\"https:\/\/www.nexoinformativo.mx\/index.php\/2025\/01\/30\/felifer-macias-supervisa-urbanizacion-de-calles-en-epigmenio-gonzalez\/#respond\"]}]},{\"@type\":\"WebPage\",\"@id\":\"https:\/\/www.nexoinformativo.mx\/index.php\/2025\/01\/30\/felifer-macias-supervisa-urbanizacion-de-calles-en-epigmenio-gonzalez\/\",\"url\":\"https:\/\/www.nexoinformativo.mx\/index.php\/2025\/01\/30\/felifer-macias-supervisa-urbanizacion-de-calles-en-epigmenio-gonzalez\/\",\"name\":\"Felifer Mac\u00edas supervisa urbanizaci\u00f3n de calles en Epigmenio Gonz\u00e1lez | Nexo Informativo Santiago de Quer\u00e9taro\",\"isPartOf\":{\"@id\":\"https:\/\/www.nexoinformativo.mx\/#website\"},\"primaryImageOfPage\":{\"@id\":\"https:\/\/www.nexoinformativo.mx\/index.php\/2025\/01\/30\/felifer-macias-supervisa-urbanizacion-de-calles-en-epigmenio-gonzalez\/#primaryimage\"},\"image\":{\"@id\":\"https:\/\/www.nexoinformativo.mx\/index.php\/2025\/01\/30\/felifer-macias-supervisa-urbanizacion-de-calles-en-epigmenio-gonzalez\/#primaryimage\"},\"thumbnailUrl\":\"https:\/\/www.nexoinformativo.mx\/wp-content\/uploads\/2025\/01\/PHOTO-2025-01-29-19-55-56-e1738263377568.jpg\",\"datePublished\":\"2025-01-30T12:00:02+00:00\",\"dateModified\":\"2025-01-30T18:58:06+00:00\",\"description\":\"Felifer Mac\u00edas supervisa urbanizaci\u00f3n de calles en Epigmenio Gonz\u00e1lez\",\"breadcrumb\":{\"@id\":\"https:\/\/www.nexoinformativo.mx\/index.php\/2025\/01\/30\/felifer-macias-supervisa-urbanizacion-de-calles-en-epigmenio-gonzalez\/#breadcrumb\"},\"inLanguage\":\"es\",\"potentialAction\":[{\"@type\":\"ReadAction\",\"target\":[\"https:\/\/www.nexoinformativo.mx\/index.php\/2025\/01\/30\/felifer-macias-supervisa-urbanizacion-de-calles-en-epigmenio-gonzalez\/\"]}]},{\"@type\":\"ImageObject\",\"inLanguage\":\"es\",\"@id\":\"https:\/\/www.nexoinformativo.mx\/index.php\/2025\/01\/30\/felifer-macias-supervisa-urbanizacion-de-calles-en-epigmenio-gonzalez\/#primaryimage\",\"url\":\"https:\/\/www.nexoinformativo.mx\/wp-content\/uploads\/2025\/01\/PHOTO-2025-01-29-19-55-56-e1738263377568.jpg\",\"contentUrl\":\"https:\/\/www.nexoinformativo.mx\/wp-content\/uploads\/2025\/01\/PHOTO-2025-01-29-19-55-56-e1738263377568.jpg\",\"width\":800,\"height\":533},{\"@type\":\"BreadcrumbList\",\"@id\":\"https:\/\/www.nexoinformativo.mx\/index.php\/2025\/01\/30\/felifer-macias-supervisa-urbanizacion-de-calles-en-epigmenio-gonzalez\/#breadcrumb\",\"itemListElement\":[{\"@type\":\"ListItem\",\"position\":1,\"name\":\"Inicio\",\"item\":\"https:\/\/www.nexoinformativo.mx\/\"},{\"@type\":\"ListItem\",\"position\":2,\"name\":\"Felifer Mac\u00edas supervisa urbanizaci\u00f3n de calles en Epigmenio Gonz\u00e1lez\"}]},{\"@type\":\"WebSite\",\"@id\":\"https:\/\/www.nexoinformativo.mx\/#website\",\"url\":\"https:\/\/www.nexoinformativo.mx\/\",\"name\":\"Nexo Informativo Santiago de Quer\u00e9taro\",\"description\":\"Explora NexoInformativo y convi\u00e9rtete en parte de una comunidad que valora el conocimiento y la verdad. Tu nexoinformativo es tu puente hacia una comprensi\u00f3n m\u00e1s profunda del mundo que te rodea.\",\"publisher\":{\"@id\":\"https:\/\/www.nexoinformativo.mx\/#organization\"},\"potentialAction\":[{\"@type\":\"SearchAction\",\"target\":{\"@type\":\"EntryPoint\",\"urlTemplate\":\"https:\/\/www.nexoinformativo.mx\/?s={search_term_string}\"},\"query-input\":{\"@type\":\"PropertyValueSpecification\",\"valueRequired\":true,\"valueName\":\"search_term_string\"}}],\"inLanguage\":\"es\"},{\"@type\":\"Organization\",\"@id\":\"https:\/\/www.nexoinformativo.mx\/#organization\",\"name\":\"Nexo Informativo Santiago de Quer\u00e9taro\",\"url\":\"https:\/\/www.nexoinformativo.mx\/\",\"logo\":{\"@type\":\"ImageObject\",\"inLanguage\":\"es\",\"@id\":\"https:\/\/www.nexoinformativo.mx\/#\/schema\/logo\/image\/\",\"url\":\"https:\/\/www.nexoinformativo.mx\/wp-content\/uploads\/2024\/07\/nexoi-trasparente-2.png\",\"contentUrl\":\"https:\/\/www.nexoinformativo.mx\/wp-content\/uploads\/2024\/07\/nexoi-trasparente-2.png\",\"width\":816,\"height\":339,\"caption\":\"Nexo Informativo Santiago de Quer\u00e9taro\"},\"image\":{\"@id\":\"https:\/\/www.nexoinformativo.mx\/#\/schema\/logo\/image\/\"},\"sameAs\":[\"https:\/\/www.facebook.com\/people\/Nexo-Informativo\/61564066885511\/\"]},{\"@type\":\"Person\",\"@id\":\"https:\/\/www.nexoinformativo.mx\/#\/schema\/person\/7749d380ba08c8ca00d7bc76fd907b7d\",\"name\":\"Nexo Informativo\",\"image\":{\"@type\":\"ImageObject\",\"inLanguage\":\"es\",\"@id\":\"https:\/\/www.nexoinformativo.mx\/#\/schema\/person\/image\/\",\"url\":\"https:\/\/secure.gravatar.com\/avatar\/dde2928154642a13d95f87ddf1ea9718fe2b46760a005c53e41ff5ad610704e6?s=96&d=mm&r=g\",\"contentUrl\":\"https:\/\/secure.gravatar.com\/avatar\/dde2928154642a13d95f87ddf1ea9718fe2b46760a005c53e41ff5ad610704e6?s=96&d=mm&r=g\",\"caption\":\"Nexo Informativo\"},\"url\":\"https:\/\/www.nexoinformativo.mx\/index.php\/author\/edicion\/\"}]}<\/script>\n<!-- \/ Yoast SEO plugin. -->","yoast_head_json":{"title":"Felifer Mac\u00edas supervisa urbanizaci\u00f3n de calles en Epigmenio Gonz\u00e1lez | Nexo Informativo Santiago de Quer\u00e9taro","description":"Felifer Mac\u00edas supervisa urbanizaci\u00f3n de calles en Epigmenio Gonz\u00e1lez","robots":{"index":"index","follow":"follow","max-snippet":"max-snippet:-1","max-image-preview":"max-image-preview:large","max-video-preview":"max-video-preview:-1"},"canonical":"https:\/\/www.nexoinformativo.mx\/index.php\/2025\/01\/30\/felifer-macias-supervisa-urbanizacion-de-calles-en-epigmenio-gonzalez\/","og_locale":"es_MX","og_type":"article","og_title":"Felifer Mac\u00edas supervisa urbanizaci\u00f3n de calles en Epigmenio Gonz\u00e1lez | Nexo Informativo Santiago de Quer\u00e9taro","og_description":"Felifer Mac\u00edas supervisa urbanizaci\u00f3n de calles en Epigmenio Gonz\u00e1lez","og_url":"https:\/\/www.nexoinformativo.mx\/index.php\/2025\/01\/30\/felifer-macias-supervisa-urbanizacion-de-calles-en-epigmenio-gonzalez\/","og_site_name":"Nexo Informativo Santiago de Quer\u00e9taro","article_publisher":"https:\/\/www.facebook.com\/people\/Nexo-Informativo\/61564066885511\/","article_published_time":"2025-01-30T12:00:02+00:00","article_modified_time":"2025-01-30T18:58:06+00:00","og_image":[{"width":800,"height":533,"url":"https:\/\/www.nexoinformativo.mx\/wp-content\/uploads\/2025\/01\/PHOTO-2025-01-29-19-55-56-e1738263377568.jpg","type":"image\/jpeg"}],"author":"Nexo Informativo","twitter_card":"summary_large_image","twitter_misc":{"Escrito por":"Nexo Informativo","Tiempo de lectura":"2 minutos"},"schema":{"@context":"https:\/\/schema.org","@graph":[{"@type":"Article","@id":"https:\/\/www.nexoinformativo.mx\/index.php\/2025\/01\/30\/felifer-macias-supervisa-urbanizacion-de-calles-en-epigmenio-gonzalez\/#article","isPartOf":{"@id":"https:\/\/www.nexoinformativo.mx\/index.php\/2025\/01\/30\/felifer-macias-supervisa-urbanizacion-de-calles-en-epigmenio-gonzalez\/"},"author":{"name":"Nexo Informativo","@id":"https:\/\/www.nexoinformativo.mx\/#\/schema\/person\/7749d380ba08c8ca00d7bc76fd907b7d"},"headline":"Felifer Mac\u00edas supervisa urbanizaci\u00f3n de calles en Epigmenio Gonz\u00e1lez","datePublished":"2025-01-30T12:00:02+00:00","dateModified":"2025-01-30T18:58:06+00:00","mainEntityOfPage":{"@id":"https:\/\/www.nexoinformativo.mx\/index.php\/2025\/01\/30\/felifer-macias-supervisa-urbanizacion-de-calles-en-epigmenio-gonzalez\/"},"wordCount":238,"commentCount":0,"publisher":{"@id":"https:\/\/www.nexoinformativo.mx\/#organization"},"image":{"@id":"https:\/\/www.nexoinformativo.mx\/index.php\/2025\/01\/30\/felifer-macias-supervisa-urbanizacion-de-calles-en-epigmenio-gonzalez\/#primaryimage"},"thumbnailUrl":"https:\/\/www.nexoinformativo.mx\/wp-content\/uploads\/2025\/01\/PHOTO-2025-01-29-19-55-56-e1738263377568.jpg","keywords":["DesarrolloComunitario","FeliferMac\u00edas","MejoraUrbana","Urbanizaci\u00f3nQuer\u00e9taro"],"articleSection":["Municipios","\u00daltima Hora"],"inLanguage":"es","potentialAction":[{"@type":"CommentAction","name":"Comment","target":["https:\/\/www.nexoinformativo.mx\/index.php\/2025\/01\/30\/felifer-macias-supervisa-urbanizacion-de-calles-en-epigmenio-gonzalez\/#respond"]}]},{"@type":"WebPage","@id":"https:\/\/www.nexoinformativo.mx\/index.php\/2025\/01\/30\/felifer-macias-supervisa-urbanizacion-de-calles-en-epigmenio-gonzalez\/","url":"https:\/\/www.nexoinformativo.mx\/index.php\/2025\/01\/30\/felifer-macias-supervisa-urbanizacion-de-calles-en-epigmenio-gonzalez\/","name":"Felifer Mac\u00edas supervisa urbanizaci\u00f3n de calles en Epigmenio Gonz\u00e1lez | Nexo Informativo Santiago de Quer\u00e9taro","isPartOf":{"@id":"https:\/\/www.nexoinformativo.mx\/#website"},"primaryImageOfPage":{"@id":"https:\/\/www.nexoinformativo.mx\/index.php\/2025\/01\/30\/felifer-macias-supervisa-urbanizacion-de-calles-en-epigmenio-gonzalez\/#primaryimage"},"image":{"@id":"https:\/\/www.nexoinformativo.mx\/index.php\/2025\/01\/30\/felifer-macias-supervisa-urbanizacion-de-calles-en-epigmenio-gonzalez\/#primaryimage"},"thumbnailUrl":"https:\/\/www.nexoinformativo.mx\/wp-content\/uploads\/2025\/01\/PHOTO-2025-01-29-19-55-56-e1738263377568.jpg","datePublished":"2025-01-30T12:00:02+00:00","dateModified":"2025-01-30T18:58:06+00:00","description":"Felifer Mac\u00edas supervisa urbanizaci\u00f3n de calles en Epigmenio Gonz\u00e1lez","breadcrumb":{"@id":"https:\/\/www.nexoinformativo.mx\/index.php\/2025\/01\/30\/felifer-macias-supervisa-urbanizacion-de-calles-en-epigmenio-gonzalez\/#breadcrumb"},"inLanguage":"es","potentialAction":[{"@type":"ReadAction","target":["https:\/\/www.nexoinformativo.mx\/index.php\/2025\/01\/30\/felifer-macias-supervisa-urbanizacion-de-calles-en-epigmenio-gonzalez\/"]}]},{"@type":"ImageObject","inLanguage":"es","@id":"https:\/\/www.nexoinformativo.mx\/index.php\/2025\/01\/30\/felifer-macias-supervisa-urbanizacion-de-calles-en-epigmenio-gonzalez\/#primaryimage","url":"https:\/\/www.nexoinformativo.mx\/wp-content\/uploads\/2025\/01\/PHOTO-2025-01-29-19-55-56-e1738263377568.jpg","contentUrl":"https:\/\/www.nexoinformativo.mx\/wp-content\/uploads\/2025\/01\/PHOTO-2025-01-29-19-55-56-e1738263377568.jpg","width":800,"height":533},{"@type":"BreadcrumbList","@id":"https:\/\/www.nexoinformativo.mx\/index.php\/2025\/01\/30\/felifer-macias-supervisa-urbanizacion-de-calles-en-epigmenio-gonzalez\/#breadcrumb","itemListElement":[{"@type":"ListItem","position":1,"name":"Inicio","item":"https:\/\/www.nexoinformativo.mx\/"},{"@type":"ListItem","position":2,"name":"Felifer Mac\u00edas supervisa urbanizaci\u00f3n de calles en Epigmenio Gonz\u00e1lez"}]},{"@type":"WebSite","@id":"https:\/\/www.nexoinformativo.mx\/#website","url":"https:\/\/www.nexoinformativo.mx\/","name":"Nexo Informativo Santiago de Quer\u00e9taro","description":"Explora NexoInformativo y convi\u00e9rtete en parte de una comunidad que valora el conocimiento y la verdad. Tu nexoinformativo es tu puente hacia una comprensi\u00f3n m\u00e1s profunda del mundo que te rodea.","publisher":{"@id":"https:\/\/www.nexoinformativo.mx\/#organization"},"potentialAction":[{"@type":"SearchAction","target":{"@type":"EntryPoint","urlTemplate":"https:\/\/www.nexoinformativo.mx\/?s={search_term_string}"},"query-input":{"@type":"PropertyValueSpecification","valueRequired":true,"valueName":"search_term_string"}}],"inLanguage":"es"},{"@type":"Organization","@id":"https:\/\/www.nexoinformativo.mx\/#organization","name":"Nexo Informativo Santiago de Quer\u00e9taro","url":"https:\/\/www.nexoinformativo.mx\/","logo":{"@type":"ImageObject","inLanguage":"es","@id":"https:\/\/www.nexoinformativo.mx\/#\/schema\/logo\/image\/","url":"https:\/\/www.nexoinformativo.mx\/wp-content\/uploads\/2024\/07\/nexoi-trasparente-2.png","contentUrl":"https:\/\/www.nexoinformativo.mx\/wp-content\/uploads\/2024\/07\/nexoi-trasparente-2.png","width":816,"height":339,"caption":"Nexo Informativo Santiago de Quer\u00e9taro"},"image":{"@id":"https:\/\/www.nexoinformativo.mx\/#\/schema\/logo\/image\/"},"sameAs":["https:\/\/www.facebook.com\/people\/Nexo-Informativo\/61564066885511\/"]},{"@type":"Person","@id":"https:\/\/www.nexoinformativo.mx\/#\/schema\/person\/7749d380ba08c8ca00d7bc76fd907b7d","name":"Nexo Informativo","image":{"@type":"ImageObject","inLanguage":"es","@id":"https:\/\/www.nexoinformativo.mx\/#\/schema\/person\/image\/","url":"https:\/\/secure.gravatar.com\/avatar\/dde2928154642a13d95f87ddf1ea9718fe2b46760a005c53e41ff5ad610704e6?s=96&d=mm&r=g","contentUrl":"https:\/\/secure.gravatar.com\/avatar\/dde2928154642a13d95f87ddf1ea9718fe2b46760a005c53e41ff5ad610704e6?s=96&d=mm&r=g","caption":"Nexo Informativo"},"url":"https:\/\/www.nexoinformativo.mx\/index.php\/author\/edicion\/"}]}},"_links":{"self":[{"href":"https:\/\/www.nexoinformativo.mx\/index.php\/wp-json\/wp\/v2\/posts\/10877","targetHints":{"allow":["GET"]}}],"collection":[{"href":"https:\/\/www.nexoinformativo.mx\/index.php\/wp-json\/wp\/v2\/posts"}],"about":[{"href":"https:\/\/www.nexoinformativo.mx\/index.php\/wp-json\/wp\/v2\/types\/post"}],"author":[{"embeddable":true,"href":"https:\/\/www.nexoinformativo.mx\/index.php\/wp-json\/wp\/v2\/users\/3"}],"replies":[{"embeddable":true,"href":"https:\/\/www.nexoinformativo.mx\/index.php\/wp-json\/wp\/v2\/comments?post=10877"}],"version-history":[{"count":5,"href":"https:\/\/www.nexoinformativo.mx\/index.php\/wp-json\/wp\/v2\/posts\/10877\/revisions"}],"predecessor-version":[{"id":10881,"href":"https:\/\/www.nexoinformativo.mx\/index.php\/wp-json\/wp\/v2\/posts\/10877\/revisions\/10881"}],"wp:featuredmedia":[{"embeddable":true,"href":"https:\/\/www.nexoinformativo.mx\/index.php\/wp-json\/wp\/v2\/media\/10878"}],"wp:attachment":[{"href":"https:\/\/www.nexoinformativo.mx\/index.php\/wp-json\/wp\/v2\/media?parent=10877"}],"wp:term":[{"taxonomy":"category","embeddable":true,"href":"https:\/\/www.nexoinformativo.mx\/index.php\/wp-json\/wp\/v2\/categories?post=10877"},{"taxonomy":"post_tag","embeddable":true,"href":"https:\/\/www.nexoinformativo.mx\/index.php\/wp-json\/wp\/v2\/tags?post=10877"}],"curies":[{"name":"wp","href":"https:\/\/api.w.org\/{rel}","templated":true}]}}