{"id":10884,"date":"2025-01-30T06:30:45","date_gmt":"2025-01-30T12:30:45","guid":{"rendered":"https:\/\/www.nexoinformativo.mx\/?p=10884"},"modified":"2025-01-30T13:21:14","modified_gmt":"2025-01-30T19:21:14","slug":"afirma-ebrard-que-el-t-mec-es-una-historia-de-exito-que-mexico-y-eu-no-pueden-arriesgar","status":"publish","type":"post","link":"https:\/\/www.nexoinformativo.mx\/index.php\/2025\/01\/30\/afirma-ebrard-que-el-t-mec-es-una-historia-de-exito-que-mexico-y-eu-no-pueden-arriesgar\/","title":{"rendered":"Afirma Ebrard que el T-MEC es una historia de \u00e9xito que M\u00e9xico y EU no pueden arriesgar"},"content":{"rendered":"<p style=\"text-align: justify;\" data-sourcepos=\"11:1-11:401\">El secretario de Econom\u00eda, Marcelo Ebrard, se mostr\u00f3 optimista sobre el futuro de la relaci\u00f3n comercial entre M\u00e9xico y Estados Unidos. Durante su participaci\u00f3n en la 85\u00b0 <strong>Asamblea General Anual de la American Society of Mexico<\/strong>, Ebrard asegur\u00f3 que ambos pa\u00edses encontrar\u00e1n puntos de acuerdo y destac\u00f3 el \u00e9xito del T-MEC como un ejemplo de la fruct\u00edfera relaci\u00f3n bilateral.<\/p>\n<p>&nbsp;<\/p>\n<p style=\"text-align: justify;\" data-sourcepos=\"13:1-13:327\"><strong>&#8220;El T-MEC ha sido una historia de un \u00e9xito fenomenal&#8221;<\/strong>, afirm\u00f3 Ebrard, recordando que el acuerdo comercial ha impulsado el crecimiento del comercio y la inversi\u00f3n en un 37%. Adem\u00e1s, destac\u00f3 que el complejo econ\u00f3mico industrial entre M\u00e9xico, Estados Unidos y Canad\u00e1 ha fortalecido la posici\u00f3n de la regi\u00f3n en la econom\u00eda mundial.<\/p>\n<p>&nbsp;<\/p>\n<p style=\"text-align: justify;\" data-sourcepos=\"15:1-15:393\">En cuanto a la relaci\u00f3n con EU, Ebrard resalt\u00f3 la estrategia de la presidenta Claudia Sheinbaum de actuar con &#8220;sangre fr\u00eda, serenidad y templanza&#8221; para encontrar puntos de acuerdo y establecer un di\u00e1logo constructivo.<\/p>\n<p>&nbsp;<\/p>\n<p style=\"text-align: justify;\" data-sourcepos=\"15:1-15:393\">En este sentido, el secretario de Econom\u00eda reafirm\u00f3 el compromiso de M\u00e9xico de cooperar con Estados Unidos en diversas materias, como la lucha contra el fentanilo.<\/p>\n<p>&nbsp;<\/p>\n<p style=\"text-align: justify;\" data-sourcepos=\"17:1-17:291\">Ebrard tambi\u00e9n present\u00f3 el Plan M\u00e9xico como una herramienta clave para el desarrollo y la industrializaci\u00f3n del pa\u00eds. Este plan se enfoca en aumentar el contenido nacional de los productos mexicanos, reducir la dependencia de pa\u00edses de Asia y fortalecer la econom\u00eda regional de Norteam\u00e9rica.<\/p>\n<p>&nbsp;<\/p>\n<p style=\"text-align: justify;\" data-sourcepos=\"19:1-19:213\">&#8220;<strong>El Plan M\u00e9xico nos dice qu\u00e9 se va a hacer por sector, por regi\u00f3n y cu\u00e1les son sus objetivos&#8221;,<\/strong> explic\u00f3 Ebrard. &#8220;Es la primera vez que tenemos un plan con muchos objetivos verificables y menos p\u00e1ginas de discurso&#8221;.<\/p>\n<p>&nbsp;<\/p>\n<p style=\"text-align: justify;\" data-sourcepos=\"21:1-21:252\">Con estas declaraciones, el secretario de Econom\u00eda busca transmitir un mensaje de confianza en la relaci\u00f3n comercial entre M\u00e9xico y Estados Unidos, as\u00ed como en la capacidad del pa\u00eds para impulsar su propio desarrollo econ\u00f3mico a trav\u00e9s del Plan M\u00e9xico.<\/p>\n<p>&nbsp;<\/p>\n<p style=\"text-align: center;\" data-sourcepos=\"21:1-21:252\"><em><strong>\u00a1Informaci\u00f3n que transforma!<\/strong><\/em><\/p>\n","protected":false},"excerpt":{"rendered":"<p>El secretario de Econom\u00eda, Marcelo Ebrard, se mostr\u00f3 optimista sobre el futuro de la relaci\u00f3n comercial entre M\u00e9xico y Estados Unidos.<\/p>\n","protected":false},"author":3,"featured_media":10886,"comment_status":"open","ping_status":"open","sticky":false,"template":"","format":"standard","meta":{"footnotes":""},"categories":[5,88,58],"tags":[1517,1610,3100,1437],"class_list":["post-10884","post","type-post","status-publish","format-standard","has-post-thumbnail","hentry","category-economia","category-nacional","category-ultima-hora","tag-estadosunidos","tag-mexico","tag-planmexico","tag-tmec"],"yoast_head":"<!-- This site is optimized with the Yoast SEO plugin v25.0 - https:\/\/yoast.com\/wordpress\/plugins\/seo\/ -->\n<title>Afirma Ebrard que el T-MEC es una historia de \u00e9xito que M\u00e9xico y EU no pueden arriesgar | Nexo Informativo Santiago de Quer\u00e9taro<\/title>\n<meta name=\"description\" content=\"Afirma Ebrard que el T-MEC es una historia de \u00e9xito que M\u00e9xico y EU no pueden arriesgar\" \/>\n<meta name=\"robots\" content=\"index, follow, max-snippet:-1, max-image-preview:large, max-video-preview:-1\" \/>\n<link rel=\"canonical\" href=\"https:\/\/www.nexoinformativo.mx\/index.php\/2025\/01\/30\/afirma-ebrard-que-el-t-mec-es-una-historia-de-exito-que-mexico-y-eu-no-pueden-arriesgar\/\" \/>\n<meta property=\"og:locale\" content=\"es_MX\" \/>\n<meta property=\"og:type\" content=\"article\" \/>\n<meta property=\"og:title\" content=\"Afirma Ebrard que el T-MEC es una historia de \u00e9xito que M\u00e9xico y EU no pueden arriesgar | Nexo Informativo Santiago de Quer\u00e9taro\" \/>\n<meta property=\"og:description\" content=\"Afirma Ebrard que el T-MEC es una historia de \u00e9xito que M\u00e9xico y EU no pueden arriesgar\" \/>\n<meta property=\"og:url\" content=\"https:\/\/www.nexoinformativo.mx\/index.php\/2025\/01\/30\/afirma-ebrard-que-el-t-mec-es-una-historia-de-exito-que-mexico-y-eu-no-pueden-arriesgar\/\" \/>\n<meta property=\"og:site_name\" content=\"Nexo Informativo Santiago de Quer\u00e9taro\" \/>\n<meta property=\"article:publisher\" content=\"https:\/\/www.facebook.com\/people\/Nexo-Informativo\/61564066885511\/\" \/>\n<meta property=\"article:published_time\" content=\"2025-01-30T12:30:45+00:00\" \/>\n<meta property=\"article:modified_time\" content=\"2025-01-30T19:21:14+00:00\" \/>\n<meta property=\"og:image\" content=\"https:\/\/www.nexoinformativo.mx\/wp-content\/uploads\/2025\/01\/IMG_9665.jpg\" \/>\n\t<meta property=\"og:image:width\" content=\"650\" \/>\n\t<meta property=\"og:image:height\" content=\"380\" \/>\n\t<meta property=\"og:image:type\" content=\"image\/jpeg\" \/>\n<meta name=\"author\" content=\"Nexo Informativo\" \/>\n<meta name=\"twitter:card\" content=\"summary_large_image\" \/>\n<meta name=\"twitter:label1\" content=\"Escrito por\" \/>\n\t<meta name=\"twitter:data1\" content=\"Nexo Informativo\" \/>\n\t<meta name=\"twitter:label2\" content=\"Tiempo de lectura\" \/>\n\t<meta name=\"twitter:data2\" content=\"2 minutos\" \/>\n<script type=\"application\/ld+json\" class=\"yoast-schema-graph\">{\"@context\":\"https:\/\/schema.org\",\"@graph\":[{\"@type\":\"Article\",\"@id\":\"https:\/\/www.nexoinformativo.mx\/index.php\/2025\/01\/30\/afirma-ebrard-que-el-t-mec-es-una-historia-de-exito-que-mexico-y-eu-no-pueden-arriesgar\/#article\",\"isPartOf\":{\"@id\":\"https:\/\/www.nexoinformativo.mx\/index.php\/2025\/01\/30\/afirma-ebrard-que-el-t-mec-es-una-historia-de-exito-que-mexico-y-eu-no-pueden-arriesgar\/\"},\"author\":{\"name\":\"Nexo Informativo\",\"@id\":\"https:\/\/www.nexoinformativo.mx\/#\/schema\/person\/7749d380ba08c8ca00d7bc76fd907b7d\"},\"headline\":\"Afirma Ebrard que el T-MEC es una historia de \u00e9xito que M\u00e9xico y EU no pueden arriesgar\",\"datePublished\":\"2025-01-30T12:30:45+00:00\",\"dateModified\":\"2025-01-30T19:21:14+00:00\",\"mainEntityOfPage\":{\"@id\":\"https:\/\/www.nexoinformativo.mx\/index.php\/2025\/01\/30\/afirma-ebrard-que-el-t-mec-es-una-historia-de-exito-que-mexico-y-eu-no-pueden-arriesgar\/\"},\"wordCount\":360,\"commentCount\":0,\"publisher\":{\"@id\":\"https:\/\/www.nexoinformativo.mx\/#organization\"},\"image\":{\"@id\":\"https:\/\/www.nexoinformativo.mx\/index.php\/2025\/01\/30\/afirma-ebrard-que-el-t-mec-es-una-historia-de-exito-que-mexico-y-eu-no-pueden-arriesgar\/#primaryimage\"},\"thumbnailUrl\":\"https:\/\/www.nexoinformativo.mx\/wp-content\/uploads\/2025\/01\/IMG_9665.jpg\",\"keywords\":[\"EstadosUnidos\",\"M\u00e9xico\",\"PlanM\u00e9xico\",\"TMEC\"],\"articleSection\":[\"Econom\u00eda\",\"Nacional\",\"\u00daltima Hora\"],\"inLanguage\":\"es\",\"potentialAction\":[{\"@type\":\"CommentAction\",\"name\":\"Comment\",\"target\":[\"https:\/\/www.nexoinformativo.mx\/index.php\/2025\/01\/30\/afirma-ebrard-que-el-t-mec-es-una-historia-de-exito-que-mexico-y-eu-no-pueden-arriesgar\/#respond\"]}]},{\"@type\":\"WebPage\",\"@id\":\"https:\/\/www.nexoinformativo.mx\/index.php\/2025\/01\/30\/afirma-ebrard-que-el-t-mec-es-una-historia-de-exito-que-mexico-y-eu-no-pueden-arriesgar\/\",\"url\":\"https:\/\/www.nexoinformativo.mx\/index.php\/2025\/01\/30\/afirma-ebrard-que-el-t-mec-es-una-historia-de-exito-que-mexico-y-eu-no-pueden-arriesgar\/\",\"name\":\"Afirma Ebrard que el T-MEC es una historia de \u00e9xito que M\u00e9xico y EU no pueden arriesgar | Nexo Informativo Santiago de Quer\u00e9taro\",\"isPartOf\":{\"@id\":\"https:\/\/www.nexoinformativo.mx\/#website\"},\"primaryImageOfPage\":{\"@id\":\"https:\/\/www.nexoinformativo.mx\/index.php\/2025\/01\/30\/afirma-ebrard-que-el-t-mec-es-una-historia-de-exito-que-mexico-y-eu-no-pueden-arriesgar\/#primaryimage\"},\"image\":{\"@id\":\"https:\/\/www.nexoinformativo.mx\/index.php\/2025\/01\/30\/afirma-ebrard-que-el-t-mec-es-una-historia-de-exito-que-mexico-y-eu-no-pueden-arriesgar\/#primaryimage\"},\"thumbnailUrl\":\"https:\/\/www.nexoinformativo.mx\/wp-content\/uploads\/2025\/01\/IMG_9665.jpg\",\"datePublished\":\"2025-01-30T12:30:45+00:00\",\"dateModified\":\"2025-01-30T19:21:14+00:00\",\"description\":\"Afirma Ebrard que el T-MEC es una historia de \u00e9xito que M\u00e9xico y EU no pueden arriesgar\",\"breadcrumb\":{\"@id\":\"https:\/\/www.nexoinformativo.mx\/index.php\/2025\/01\/30\/afirma-ebrard-que-el-t-mec-es-una-historia-de-exito-que-mexico-y-eu-no-pueden-arriesgar\/#breadcrumb\"},\"inLanguage\":\"es\",\"potentialAction\":[{\"@type\":\"ReadAction\",\"target\":[\"https:\/\/www.nexoinformativo.mx\/index.php\/2025\/01\/30\/afirma-ebrard-que-el-t-mec-es-una-historia-de-exito-que-mexico-y-eu-no-pueden-arriesgar\/\"]}]},{\"@type\":\"ImageObject\",\"inLanguage\":\"es\",\"@id\":\"https:\/\/www.nexoinformativo.mx\/index.php\/2025\/01\/30\/afirma-ebrard-que-el-t-mec-es-una-historia-de-exito-que-mexico-y-eu-no-pueden-arriesgar\/#primaryimage\",\"url\":\"https:\/\/www.nexoinformativo.mx\/wp-content\/uploads\/2025\/01\/IMG_9665.jpg\",\"contentUrl\":\"https:\/\/www.nexoinformativo.mx\/wp-content\/uploads\/2025\/01\/IMG_9665.jpg\",\"width\":650,\"height\":380},{\"@type\":\"BreadcrumbList\",\"@id\":\"https:\/\/www.nexoinformativo.mx\/index.php\/2025\/01\/30\/afirma-ebrard-que-el-t-mec-es-una-historia-de-exito-que-mexico-y-eu-no-pueden-arriesgar\/#breadcrumb\",\"itemListElement\":[{\"@type\":\"ListItem\",\"position\":1,\"name\":\"Inicio\",\"item\":\"https:\/\/www.nexoinformativo.mx\/\"},{\"@type\":\"ListItem\",\"position\":2,\"name\":\"Afirma Ebrard que el T-MEC es una historia de \u00e9xito que M\u00e9xico y EU no pueden arriesgar\"}]},{\"@type\":\"WebSite\",\"@id\":\"https:\/\/www.nexoinformativo.mx\/#website\",\"url\":\"https:\/\/www.nexoinformativo.mx\/\",\"name\":\"Nexo Informativo Santiago de Quer\u00e9taro\",\"description\":\"Explora NexoInformativo y convi\u00e9rtete en parte de una comunidad que valora el conocimiento y la verdad. Tu nexoinformativo es tu puente hacia una comprensi\u00f3n m\u00e1s profunda del mundo que te rodea.\",\"publisher\":{\"@id\":\"https:\/\/www.nexoinformativo.mx\/#organization\"},\"potentialAction\":[{\"@type\":\"SearchAction\",\"target\":{\"@type\":\"EntryPoint\",\"urlTemplate\":\"https:\/\/www.nexoinformativo.mx\/?s={search_term_string}\"},\"query-input\":{\"@type\":\"PropertyValueSpecification\",\"valueRequired\":true,\"valueName\":\"search_term_string\"}}],\"inLanguage\":\"es\"},{\"@type\":\"Organization\",\"@id\":\"https:\/\/www.nexoinformativo.mx\/#organization\",\"name\":\"Nexo Informativo Santiago de Quer\u00e9taro\",\"url\":\"https:\/\/www.nexoinformativo.mx\/\",\"logo\":{\"@type\":\"ImageObject\",\"inLanguage\":\"es\",\"@id\":\"https:\/\/www.nexoinformativo.mx\/#\/schema\/logo\/image\/\",\"url\":\"https:\/\/www.nexoinformativo.mx\/wp-content\/uploads\/2024\/07\/nexoi-trasparente-2.png\",\"contentUrl\":\"https:\/\/www.nexoinformativo.mx\/wp-content\/uploads\/2024\/07\/nexoi-trasparente-2.png\",\"width\":816,\"height\":339,\"caption\":\"Nexo Informativo Santiago de Quer\u00e9taro\"},\"image\":{\"@id\":\"https:\/\/www.nexoinformativo.mx\/#\/schema\/logo\/image\/\"},\"sameAs\":[\"https:\/\/www.facebook.com\/people\/Nexo-Informativo\/61564066885511\/\"]},{\"@type\":\"Person\",\"@id\":\"https:\/\/www.nexoinformativo.mx\/#\/schema\/person\/7749d380ba08c8ca00d7bc76fd907b7d\",\"name\":\"Nexo Informativo\",\"image\":{\"@type\":\"ImageObject\",\"inLanguage\":\"es\",\"@id\":\"https:\/\/www.nexoinformativo.mx\/#\/schema\/person\/image\/\",\"url\":\"https:\/\/secure.gravatar.com\/avatar\/dde2928154642a13d95f87ddf1ea9718fe2b46760a005c53e41ff5ad610704e6?s=96&d=mm&r=g\",\"contentUrl\":\"https:\/\/secure.gravatar.com\/avatar\/dde2928154642a13d95f87ddf1ea9718fe2b46760a005c53e41ff5ad610704e6?s=96&d=mm&r=g\",\"caption\":\"Nexo Informativo\"},\"url\":\"https:\/\/www.nexoinformativo.mx\/index.php\/author\/edicion\/\"}]}<\/script>\n<!-- \/ Yoast SEO plugin. -->","yoast_head_json":{"title":"Afirma Ebrard que el T-MEC es una historia de \u00e9xito que M\u00e9xico y EU no pueden arriesgar | Nexo Informativo Santiago de Quer\u00e9taro","description":"Afirma Ebrard que el T-MEC es una historia de \u00e9xito que M\u00e9xico y EU no pueden arriesgar","robots":{"index":"index","follow":"follow","max-snippet":"max-snippet:-1","max-image-preview":"max-image-preview:large","max-video-preview":"max-video-preview:-1"},"canonical":"https:\/\/www.nexoinformativo.mx\/index.php\/2025\/01\/30\/afirma-ebrard-que-el-t-mec-es-una-historia-de-exito-que-mexico-y-eu-no-pueden-arriesgar\/","og_locale":"es_MX","og_type":"article","og_title":"Afirma Ebrard que el T-MEC es una historia de \u00e9xito que M\u00e9xico y EU no pueden arriesgar | Nexo Informativo Santiago de Quer\u00e9taro","og_description":"Afirma Ebrard que el T-MEC es una historia de \u00e9xito que M\u00e9xico y EU no pueden arriesgar","og_url":"https:\/\/www.nexoinformativo.mx\/index.php\/2025\/01\/30\/afirma-ebrard-que-el-t-mec-es-una-historia-de-exito-que-mexico-y-eu-no-pueden-arriesgar\/","og_site_name":"Nexo Informativo Santiago de Quer\u00e9taro","article_publisher":"https:\/\/www.facebook.com\/people\/Nexo-Informativo\/61564066885511\/","article_published_time":"2025-01-30T12:30:45+00:00","article_modified_time":"2025-01-30T19:21:14+00:00","og_image":[{"width":650,"height":380,"url":"https:\/\/www.nexoinformativo.mx\/wp-content\/uploads\/2025\/01\/IMG_9665.jpg","type":"image\/jpeg"}],"author":"Nexo Informativo","twitter_card":"summary_large_image","twitter_misc":{"Escrito por":"Nexo Informativo","Tiempo de lectura":"2 minutos"},"schema":{"@context":"https:\/\/schema.org","@graph":[{"@type":"Article","@id":"https:\/\/www.nexoinformativo.mx\/index.php\/2025\/01\/30\/afirma-ebrard-que-el-t-mec-es-una-historia-de-exito-que-mexico-y-eu-no-pueden-arriesgar\/#article","isPartOf":{"@id":"https:\/\/www.nexoinformativo.mx\/index.php\/2025\/01\/30\/afirma-ebrard-que-el-t-mec-es-una-historia-de-exito-que-mexico-y-eu-no-pueden-arriesgar\/"},"author":{"name":"Nexo Informativo","@id":"https:\/\/www.nexoinformativo.mx\/#\/schema\/person\/7749d380ba08c8ca00d7bc76fd907b7d"},"headline":"Afirma Ebrard que el T-MEC es una historia de \u00e9xito que M\u00e9xico y EU no pueden arriesgar","datePublished":"2025-01-30T12:30:45+00:00","dateModified":"2025-01-30T19:21:14+00:00","mainEntityOfPage":{"@id":"https:\/\/www.nexoinformativo.mx\/index.php\/2025\/01\/30\/afirma-ebrard-que-el-t-mec-es-una-historia-de-exito-que-mexico-y-eu-no-pueden-arriesgar\/"},"wordCount":360,"commentCount":0,"publisher":{"@id":"https:\/\/www.nexoinformativo.mx\/#organization"},"image":{"@id":"https:\/\/www.nexoinformativo.mx\/index.php\/2025\/01\/30\/afirma-ebrard-que-el-t-mec-es-una-historia-de-exito-que-mexico-y-eu-no-pueden-arriesgar\/#primaryimage"},"thumbnailUrl":"https:\/\/www.nexoinformativo.mx\/wp-content\/uploads\/2025\/01\/IMG_9665.jpg","keywords":["EstadosUnidos","M\u00e9xico","PlanM\u00e9xico","TMEC"],"articleSection":["Econom\u00eda","Nacional","\u00daltima Hora"],"inLanguage":"es","potentialAction":[{"@type":"CommentAction","name":"Comment","target":["https:\/\/www.nexoinformativo.mx\/index.php\/2025\/01\/30\/afirma-ebrard-que-el-t-mec-es-una-historia-de-exito-que-mexico-y-eu-no-pueden-arriesgar\/#respond"]}]},{"@type":"WebPage","@id":"https:\/\/www.nexoinformativo.mx\/index.php\/2025\/01\/30\/afirma-ebrard-que-el-t-mec-es-una-historia-de-exito-que-mexico-y-eu-no-pueden-arriesgar\/","url":"https:\/\/www.nexoinformativo.mx\/index.php\/2025\/01\/30\/afirma-ebrard-que-el-t-mec-es-una-historia-de-exito-que-mexico-y-eu-no-pueden-arriesgar\/","name":"Afirma Ebrard que el T-MEC es una historia de \u00e9xito que M\u00e9xico y EU no pueden arriesgar | Nexo Informativo Santiago de Quer\u00e9taro","isPartOf":{"@id":"https:\/\/www.nexoinformativo.mx\/#website"},"primaryImageOfPage":{"@id":"https:\/\/www.nexoinformativo.mx\/index.php\/2025\/01\/30\/afirma-ebrard-que-el-t-mec-es-una-historia-de-exito-que-mexico-y-eu-no-pueden-arriesgar\/#primaryimage"},"image":{"@id":"https:\/\/www.nexoinformativo.mx\/index.php\/2025\/01\/30\/afirma-ebrard-que-el-t-mec-es-una-historia-de-exito-que-mexico-y-eu-no-pueden-arriesgar\/#primaryimage"},"thumbnailUrl":"https:\/\/www.nexoinformativo.mx\/wp-content\/uploads\/2025\/01\/IMG_9665.jpg","datePublished":"2025-01-30T12:30:45+00:00","dateModified":"2025-01-30T19:21:14+00:00","description":"Afirma Ebrard que el T-MEC es una historia de \u00e9xito que M\u00e9xico y EU no pueden arriesgar","breadcrumb":{"@id":"https:\/\/www.nexoinformativo.mx\/index.php\/2025\/01\/30\/afirma-ebrard-que-el-t-mec-es-una-historia-de-exito-que-mexico-y-eu-no-pueden-arriesgar\/#breadcrumb"},"inLanguage":"es","potentialAction":[{"@type":"ReadAction","target":["https:\/\/www.nexoinformativo.mx\/index.php\/2025\/01\/30\/afirma-ebrard-que-el-t-mec-es-una-historia-de-exito-que-mexico-y-eu-no-pueden-arriesgar\/"]}]},{"@type":"ImageObject","inLanguage":"es","@id":"https:\/\/www.nexoinformativo.mx\/index.php\/2025\/01\/30\/afirma-ebrard-que-el-t-mec-es-una-historia-de-exito-que-mexico-y-eu-no-pueden-arriesgar\/#primaryimage","url":"https:\/\/www.nexoinformativo.mx\/wp-content\/uploads\/2025\/01\/IMG_9665.jpg","contentUrl":"https:\/\/www.nexoinformativo.mx\/wp-content\/uploads\/2025\/01\/IMG_9665.jpg","width":650,"height":380},{"@type":"BreadcrumbList","@id":"https:\/\/www.nexoinformativo.mx\/index.php\/2025\/01\/30\/afirma-ebrard-que-el-t-mec-es-una-historia-de-exito-que-mexico-y-eu-no-pueden-arriesgar\/#breadcrumb","itemListElement":[{"@type":"ListItem","position":1,"name":"Inicio","item":"https:\/\/www.nexoinformativo.mx\/"},{"@type":"ListItem","position":2,"name":"Afirma Ebrard que el T-MEC es una historia de \u00e9xito que M\u00e9xico y EU no pueden arriesgar"}]},{"@type":"WebSite","@id":"https:\/\/www.nexoinformativo.mx\/#website","url":"https:\/\/www.nexoinformativo.mx\/","name":"Nexo Informativo Santiago de Quer\u00e9taro","description":"Explora NexoInformativo y convi\u00e9rtete en parte de una comunidad que valora el conocimiento y la verdad. Tu nexoinformativo es tu puente hacia una comprensi\u00f3n m\u00e1s profunda del mundo que te rodea.","publisher":{"@id":"https:\/\/www.nexoinformativo.mx\/#organization"},"potentialAction":[{"@type":"SearchAction","target":{"@type":"EntryPoint","urlTemplate":"https:\/\/www.nexoinformativo.mx\/?s={search_term_string}"},"query-input":{"@type":"PropertyValueSpecification","valueRequired":true,"valueName":"search_term_string"}}],"inLanguage":"es"},{"@type":"Organization","@id":"https:\/\/www.nexoinformativo.mx\/#organization","name":"Nexo Informativo Santiago de Quer\u00e9taro","url":"https:\/\/www.nexoinformativo.mx\/","logo":{"@type":"ImageObject","inLanguage":"es","@id":"https:\/\/www.nexoinformativo.mx\/#\/schema\/logo\/image\/","url":"https:\/\/www.nexoinformativo.mx\/wp-content\/uploads\/2024\/07\/nexoi-trasparente-2.png","contentUrl":"https:\/\/www.nexoinformativo.mx\/wp-content\/uploads\/2024\/07\/nexoi-trasparente-2.png","width":816,"height":339,"caption":"Nexo Informativo Santiago de Quer\u00e9taro"},"image":{"@id":"https:\/\/www.nexoinformativo.mx\/#\/schema\/logo\/image\/"},"sameAs":["https:\/\/www.facebook.com\/people\/Nexo-Informativo\/61564066885511\/"]},{"@type":"Person","@id":"https:\/\/www.nexoinformativo.mx\/#\/schema\/person\/7749d380ba08c8ca00d7bc76fd907b7d","name":"Nexo Informativo","image":{"@type":"ImageObject","inLanguage":"es","@id":"https:\/\/www.nexoinformativo.mx\/#\/schema\/person\/image\/","url":"https:\/\/secure.gravatar.com\/avatar\/dde2928154642a13d95f87ddf1ea9718fe2b46760a005c53e41ff5ad610704e6?s=96&d=mm&r=g","contentUrl":"https:\/\/secure.gravatar.com\/avatar\/dde2928154642a13d95f87ddf1ea9718fe2b46760a005c53e41ff5ad610704e6?s=96&d=mm&r=g","caption":"Nexo Informativo"},"url":"https:\/\/www.nexoinformativo.mx\/index.php\/author\/edicion\/"}]}},"_links":{"self":[{"href":"https:\/\/www.nexoinformativo.mx\/index.php\/wp-json\/wp\/v2\/posts\/10884","targetHints":{"allow":["GET"]}}],"collection":[{"href":"https:\/\/www.nexoinformativo.mx\/index.php\/wp-json\/wp\/v2\/posts"}],"about":[{"href":"https:\/\/www.nexoinformativo.mx\/index.php\/wp-json\/wp\/v2\/types\/post"}],"author":[{"embeddable":true,"href":"https:\/\/www.nexoinformativo.mx\/index.php\/wp-json\/wp\/v2\/users\/3"}],"replies":[{"embeddable":true,"href":"https:\/\/www.nexoinformativo.mx\/index.php\/wp-json\/wp\/v2\/comments?post=10884"}],"version-history":[{"count":7,"href":"https:\/\/www.nexoinformativo.mx\/index.php\/wp-json\/wp\/v2\/posts\/10884\/revisions"}],"predecessor-version":[{"id":10893,"href":"https:\/\/www.nexoinformativo.mx\/index.php\/wp-json\/wp\/v2\/posts\/10884\/revisions\/10893"}],"wp:featuredmedia":[{"embeddable":true,"href":"https:\/\/www.nexoinformativo.mx\/index.php\/wp-json\/wp\/v2\/media\/10886"}],"wp:attachment":[{"href":"https:\/\/www.nexoinformativo.mx\/index.php\/wp-json\/wp\/v2\/media?parent=10884"}],"wp:term":[{"taxonomy":"category","embeddable":true,"href":"https:\/\/www.nexoinformativo.mx\/index.php\/wp-json\/wp\/v2\/categories?post=10884"},{"taxonomy":"post_tag","embeddable":true,"href":"https:\/\/www.nexoinformativo.mx\/index.php\/wp-json\/wp\/v2\/tags?post=10884"}],"curies":[{"name":"wp","href":"https:\/\/api.w.org\/{rel}","templated":true}]}}