{"id":10894,"date":"2025-01-30T07:00:19","date_gmt":"2025-01-30T13:00:19","guid":{"rendered":"https:\/\/www.nexoinformativo.mx\/?p=10894"},"modified":"2025-01-30T13:25:13","modified_gmt":"2025-01-30T19:25:13","slug":"xpertos-mundiales-se-reunen-en-mexico-para-hablar-de-conmociones-cerebrales-en-atletas","status":"publish","type":"post","link":"https:\/\/www.nexoinformativo.mx\/index.php\/2025\/01\/30\/xpertos-mundiales-se-reunen-en-mexico-para-hablar-de-conmociones-cerebrales-en-atletas\/","title":{"rendered":"Expertos mundiales se re\u00fanen en M\u00e9xico para hablar de conmociones cerebrales en atletas"},"content":{"rendered":"<p style=\"text-align: justify;\" data-sourcepos=\"11:1-11:320\"><strong>El Instituto Nacional de Neurolog\u00eda y Neurocirug\u00ed<\/strong>a <strong>&#8220;Dr. Manuel Velasco Su\u00e1rez&#8221;<\/strong> (INNNMVS) fue sede del Primer Congreso Internacional de Conmoci\u00f3n Cerebral en el Deporte, un evento hist\u00f3rico que reuni\u00f3 a especialistas de talla mundial para abordar un tema crucial en la salud de los atletas.<\/p>\n<\/p>\n<p>&nbsp;<\/p>\n<p style=\"text-align: justify;\" data-sourcepos=\"13:1-13:421\">El congreso destac\u00f3 la importancia de la prevenci\u00f3n, el diagn\u00f3stico y el tratamiento oportuno de las conmociones cerebrales, lesiones que pueden tener consecuencias a largo plazo para la salud de los deportistas.<\/p>\n<\/p>\n<p>&nbsp;<\/p>\n<p style=\"text-align: justify;\" data-sourcepos=\"13:1-13:421\">Expertos en neurolog\u00eda, neurocirug\u00eda y medicina deportiva, as\u00ed como representantes de ligas deportivas nacionales e internacionales, compartieron sus conocimientos y experiencias en torno a esta problem\u00e1tica.<\/p>\n<\/p>\n<p>&nbsp;<\/p>\n<p style=\"text-align: justify;\" data-sourcepos=\"15:1-15:362\">Durante el evento, se resalt\u00f3 la necesidad de implementar protocolos de conmoci\u00f3n cerebral en el deporte, como el que ha desarrollado la Federaci\u00f3n Mexicana de Futbol (FEMEXFUT) con la asesor\u00eda del INNNMVS.<\/p>\n<\/p>\n<p>&nbsp;<\/p>\n<p style=\"text-align: justify;\" data-sourcepos=\"15:1-15:362\">Este tipo de protocolos permiten evaluar a los jugadores en el campo y determinar si pueden continuar el partido, priorizando siempre su salud y bienestar.<\/p>\n<\/p>\n<p>&nbsp;<\/p>\n<p style=\"text-align: justify;\" data-sourcepos=\"21:1-21:336\">El evento cont\u00f3 con la participaci\u00f3n de especialistas de ligas deportivas nacionales e internacionales, incluyendo representantes de equipos como Am\u00e9rica, Pachuca, Cruz Azul, Santos Laguna, Necaxa, Ju\u00e1rez y Toluca, as\u00ed como expertos de la Liga Nacional de Hockey (NHL) y la Liga Nacional de Futbol Americano (NFL) de los Estados Unidos.<\/p>\n<\/p>\n<p>&nbsp;<\/p>\n<p style=\"text-align: justify;\" data-sourcepos=\"23:1-23:327\">El Instituto Nacional de Neurolog\u00eda y Neurocirug\u00eda reafirma su compromiso con la innovaci\u00f3n en la investigaci\u00f3n y tratamiento de las conmociones cerebrales, contribuyendo a la protecci\u00f3n de la salud de los deportistas y al desarrollo de nuevas estrategias para la prevenci\u00f3n de enfermedades neurol\u00f3gicas.<\/p>\n<\/p>\n<p>&nbsp;<\/p>\n<p style=\"text-align: center;\" data-sourcepos=\"23:1-23:327\"><em><strong>\u00a1Informaci\u00f3n que transforma!<\/strong><\/em><\/p>\n","protected":false},"excerpt":{"rendered":"<p>El Instituto Nacional de Neurolog\u00eda y Neurocirug\u00eda &#8220;Dr. Manuel Velasco Su\u00e1rez&#8221; (INNNMVS) fue sede del Primer Congreso Internacional de Conmoci\u00f3n Cerebral en el Deporte, un evento hist\u00f3rico que reuni\u00f3 a especialistas de talla mundial para abordar un tema crucial en la salud de los atletas.<\/p>\n","protected":false},"author":3,"featured_media":10895,"comment_status":"open","ping_status":"open","sticky":false,"template":"","format":"standard","meta":{"footnotes":""},"categories":[88,58],"tags":[3285,989,3286,3287],"class_list":["post-10894","post","type-post","status-publish","format-standard","has-post-thumbnail","hentry","category-nacional","category-ultima-hora","tag-conmocioncerebral","tag-deporteseguro","tag-innnmvs","tag-saluddeportiva"],"yoast_head":"<!-- This site is optimized with the Yoast SEO plugin v25.0 - https:\/\/yoast.com\/wordpress\/plugins\/seo\/ -->\n<title>Expertos mundiales se re\u00fanen en M\u00e9xico para hablar de conmociones cerebrales en atletas | Nexo Informativo Santiago de Quer\u00e9taro<\/title>\n<meta name=\"description\" content=\"Expertos mundiales se re\u00fanen en M\u00e9xico para hablar de conmociones cerebrales en atletas\" \/>\n<meta name=\"robots\" content=\"index, follow, max-snippet:-1, max-image-preview:large, max-video-preview:-1\" \/>\n<link rel=\"canonical\" href=\"https:\/\/www.nexoinformativo.mx\/index.php\/2025\/01\/30\/xpertos-mundiales-se-reunen-en-mexico-para-hablar-de-conmociones-cerebrales-en-atletas\/\" \/>\n<meta property=\"og:locale\" content=\"es_MX\" \/>\n<meta property=\"og:type\" content=\"article\" \/>\n<meta property=\"og:title\" content=\"Expertos mundiales se re\u00fanen en M\u00e9xico para hablar de conmociones cerebrales en atletas | Nexo Informativo Santiago de Quer\u00e9taro\" \/>\n<meta property=\"og:description\" content=\"Expertos mundiales se re\u00fanen en M\u00e9xico para hablar de conmociones cerebrales en atletas\" \/>\n<meta property=\"og:url\" content=\"https:\/\/www.nexoinformativo.mx\/index.php\/2025\/01\/30\/xpertos-mundiales-se-reunen-en-mexico-para-hablar-de-conmociones-cerebrales-en-atletas\/\" \/>\n<meta property=\"og:site_name\" content=\"Nexo Informativo Santiago de Quer\u00e9taro\" \/>\n<meta property=\"article:publisher\" content=\"https:\/\/www.facebook.com\/people\/Nexo-Informativo\/61564066885511\/\" \/>\n<meta property=\"article:published_time\" content=\"2025-01-30T13:00:19+00:00\" \/>\n<meta property=\"article:modified_time\" content=\"2025-01-30T19:25:13+00:00\" \/>\n<meta property=\"og:image\" content=\"https:\/\/www.nexoinformativo.mx\/wp-content\/uploads\/2025\/01\/IMG_9666.jpg\" \/>\n\t<meta property=\"og:image:width\" content=\"650\" \/>\n\t<meta property=\"og:image:height\" content=\"380\" \/>\n\t<meta property=\"og:image:type\" content=\"image\/jpeg\" \/>\n<meta name=\"author\" content=\"Nexo Informativo\" \/>\n<meta name=\"twitter:card\" content=\"summary_large_image\" \/>\n<meta name=\"twitter:label1\" content=\"Escrito por\" \/>\n\t<meta name=\"twitter:data1\" content=\"Nexo Informativo\" \/>\n\t<meta name=\"twitter:label2\" content=\"Tiempo de lectura\" \/>\n\t<meta name=\"twitter:data2\" content=\"2 minutos\" \/>\n<script type=\"application\/ld+json\" class=\"yoast-schema-graph\">{\"@context\":\"https:\/\/schema.org\",\"@graph\":[{\"@type\":\"Article\",\"@id\":\"https:\/\/www.nexoinformativo.mx\/index.php\/2025\/01\/30\/xpertos-mundiales-se-reunen-en-mexico-para-hablar-de-conmociones-cerebrales-en-atletas\/#article\",\"isPartOf\":{\"@id\":\"https:\/\/www.nexoinformativo.mx\/index.php\/2025\/01\/30\/xpertos-mundiales-se-reunen-en-mexico-para-hablar-de-conmociones-cerebrales-en-atletas\/\"},\"author\":{\"name\":\"Nexo Informativo\",\"@id\":\"https:\/\/www.nexoinformativo.mx\/#\/schema\/person\/7749d380ba08c8ca00d7bc76fd907b7d\"},\"headline\":\"Expertos mundiales se re\u00fanen en M\u00e9xico para hablar de conmociones cerebrales en atletas\",\"datePublished\":\"2025-01-30T13:00:19+00:00\",\"dateModified\":\"2025-01-30T19:25:13+00:00\",\"mainEntityOfPage\":{\"@id\":\"https:\/\/www.nexoinformativo.mx\/index.php\/2025\/01\/30\/xpertos-mundiales-se-reunen-en-mexico-para-hablar-de-conmociones-cerebrales-en-atletas\/\"},\"wordCount\":304,\"commentCount\":0,\"publisher\":{\"@id\":\"https:\/\/www.nexoinformativo.mx\/#organization\"},\"image\":{\"@id\":\"https:\/\/www.nexoinformativo.mx\/index.php\/2025\/01\/30\/xpertos-mundiales-se-reunen-en-mexico-para-hablar-de-conmociones-cerebrales-en-atletas\/#primaryimage\"},\"thumbnailUrl\":\"https:\/\/www.nexoinformativo.mx\/wp-content\/uploads\/2025\/01\/IMG_9666.jpg\",\"keywords\":[\"Conmoci\u00f3nCerebral\",\"DeporteSeguro\",\"INNNMVS\",\"SaludDeportiva\"],\"articleSection\":[\"Nacional\",\"\u00daltima Hora\"],\"inLanguage\":\"es\",\"potentialAction\":[{\"@type\":\"CommentAction\",\"name\":\"Comment\",\"target\":[\"https:\/\/www.nexoinformativo.mx\/index.php\/2025\/01\/30\/xpertos-mundiales-se-reunen-en-mexico-para-hablar-de-conmociones-cerebrales-en-atletas\/#respond\"]}]},{\"@type\":\"WebPage\",\"@id\":\"https:\/\/www.nexoinformativo.mx\/index.php\/2025\/01\/30\/xpertos-mundiales-se-reunen-en-mexico-para-hablar-de-conmociones-cerebrales-en-atletas\/\",\"url\":\"https:\/\/www.nexoinformativo.mx\/index.php\/2025\/01\/30\/xpertos-mundiales-se-reunen-en-mexico-para-hablar-de-conmociones-cerebrales-en-atletas\/\",\"name\":\"Expertos mundiales se re\u00fanen en M\u00e9xico para hablar de conmociones cerebrales en atletas | Nexo Informativo Santiago de Quer\u00e9taro\",\"isPartOf\":{\"@id\":\"https:\/\/www.nexoinformativo.mx\/#website\"},\"primaryImageOfPage\":{\"@id\":\"https:\/\/www.nexoinformativo.mx\/index.php\/2025\/01\/30\/xpertos-mundiales-se-reunen-en-mexico-para-hablar-de-conmociones-cerebrales-en-atletas\/#primaryimage\"},\"image\":{\"@id\":\"https:\/\/www.nexoinformativo.mx\/index.php\/2025\/01\/30\/xpertos-mundiales-se-reunen-en-mexico-para-hablar-de-conmociones-cerebrales-en-atletas\/#primaryimage\"},\"thumbnailUrl\":\"https:\/\/www.nexoinformativo.mx\/wp-content\/uploads\/2025\/01\/IMG_9666.jpg\",\"datePublished\":\"2025-01-30T13:00:19+00:00\",\"dateModified\":\"2025-01-30T19:25:13+00:00\",\"description\":\"Expertos mundiales se re\u00fanen en M\u00e9xico para hablar de conmociones cerebrales en atletas\",\"breadcrumb\":{\"@id\":\"https:\/\/www.nexoinformativo.mx\/index.php\/2025\/01\/30\/xpertos-mundiales-se-reunen-en-mexico-para-hablar-de-conmociones-cerebrales-en-atletas\/#breadcrumb\"},\"inLanguage\":\"es\",\"potentialAction\":[{\"@type\":\"ReadAction\",\"target\":[\"https:\/\/www.nexoinformativo.mx\/index.php\/2025\/01\/30\/xpertos-mundiales-se-reunen-en-mexico-para-hablar-de-conmociones-cerebrales-en-atletas\/\"]}]},{\"@type\":\"ImageObject\",\"inLanguage\":\"es\",\"@id\":\"https:\/\/www.nexoinformativo.mx\/index.php\/2025\/01\/30\/xpertos-mundiales-se-reunen-en-mexico-para-hablar-de-conmociones-cerebrales-en-atletas\/#primaryimage\",\"url\":\"https:\/\/www.nexoinformativo.mx\/wp-content\/uploads\/2025\/01\/IMG_9666.jpg\",\"contentUrl\":\"https:\/\/www.nexoinformativo.mx\/wp-content\/uploads\/2025\/01\/IMG_9666.jpg\",\"width\":650,\"height\":380},{\"@type\":\"BreadcrumbList\",\"@id\":\"https:\/\/www.nexoinformativo.mx\/index.php\/2025\/01\/30\/xpertos-mundiales-se-reunen-en-mexico-para-hablar-de-conmociones-cerebrales-en-atletas\/#breadcrumb\",\"itemListElement\":[{\"@type\":\"ListItem\",\"position\":1,\"name\":\"Inicio\",\"item\":\"https:\/\/www.nexoinformativo.mx\/\"},{\"@type\":\"ListItem\",\"position\":2,\"name\":\"Expertos mundiales se re\u00fanen en M\u00e9xico para hablar de conmociones cerebrales en atletas\"}]},{\"@type\":\"WebSite\",\"@id\":\"https:\/\/www.nexoinformativo.mx\/#website\",\"url\":\"https:\/\/www.nexoinformativo.mx\/\",\"name\":\"Nexo Informativo Santiago de Quer\u00e9taro\",\"description\":\"Explora NexoInformativo y convi\u00e9rtete en parte de una comunidad que valora el conocimiento y la verdad. Tu nexoinformativo es tu puente hacia una comprensi\u00f3n m\u00e1s profunda del mundo que te rodea.\",\"publisher\":{\"@id\":\"https:\/\/www.nexoinformativo.mx\/#organization\"},\"potentialAction\":[{\"@type\":\"SearchAction\",\"target\":{\"@type\":\"EntryPoint\",\"urlTemplate\":\"https:\/\/www.nexoinformativo.mx\/?s={search_term_string}\"},\"query-input\":{\"@type\":\"PropertyValueSpecification\",\"valueRequired\":true,\"valueName\":\"search_term_string\"}}],\"inLanguage\":\"es\"},{\"@type\":\"Organization\",\"@id\":\"https:\/\/www.nexoinformativo.mx\/#organization\",\"name\":\"Nexo Informativo Santiago de Quer\u00e9taro\",\"url\":\"https:\/\/www.nexoinformativo.mx\/\",\"logo\":{\"@type\":\"ImageObject\",\"inLanguage\":\"es\",\"@id\":\"https:\/\/www.nexoinformativo.mx\/#\/schema\/logo\/image\/\",\"url\":\"https:\/\/www.nexoinformativo.mx\/wp-content\/uploads\/2024\/07\/nexoi-trasparente-2.png\",\"contentUrl\":\"https:\/\/www.nexoinformativo.mx\/wp-content\/uploads\/2024\/07\/nexoi-trasparente-2.png\",\"width\":816,\"height\":339,\"caption\":\"Nexo Informativo Santiago de Quer\u00e9taro\"},\"image\":{\"@id\":\"https:\/\/www.nexoinformativo.mx\/#\/schema\/logo\/image\/\"},\"sameAs\":[\"https:\/\/www.facebook.com\/people\/Nexo-Informativo\/61564066885511\/\"]},{\"@type\":\"Person\",\"@id\":\"https:\/\/www.nexoinformativo.mx\/#\/schema\/person\/7749d380ba08c8ca00d7bc76fd907b7d\",\"name\":\"Nexo Informativo\",\"image\":{\"@type\":\"ImageObject\",\"inLanguage\":\"es\",\"@id\":\"https:\/\/www.nexoinformativo.mx\/#\/schema\/person\/image\/\",\"url\":\"https:\/\/secure.gravatar.com\/avatar\/dde2928154642a13d95f87ddf1ea9718fe2b46760a005c53e41ff5ad610704e6?s=96&d=mm&r=g\",\"contentUrl\":\"https:\/\/secure.gravatar.com\/avatar\/dde2928154642a13d95f87ddf1ea9718fe2b46760a005c53e41ff5ad610704e6?s=96&d=mm&r=g\",\"caption\":\"Nexo Informativo\"},\"url\":\"https:\/\/www.nexoinformativo.mx\/index.php\/author\/edicion\/\"}]}<\/script>\n<!-- \/ Yoast SEO plugin. -->","yoast_head_json":{"title":"Expertos mundiales se re\u00fanen en M\u00e9xico para hablar de conmociones cerebrales en atletas | Nexo Informativo Santiago de Quer\u00e9taro","description":"Expertos mundiales se re\u00fanen en M\u00e9xico para hablar de conmociones cerebrales en atletas","robots":{"index":"index","follow":"follow","max-snippet":"max-snippet:-1","max-image-preview":"max-image-preview:large","max-video-preview":"max-video-preview:-1"},"canonical":"https:\/\/www.nexoinformativo.mx\/index.php\/2025\/01\/30\/xpertos-mundiales-se-reunen-en-mexico-para-hablar-de-conmociones-cerebrales-en-atletas\/","og_locale":"es_MX","og_type":"article","og_title":"Expertos mundiales se re\u00fanen en M\u00e9xico para hablar de conmociones cerebrales en atletas | Nexo Informativo Santiago de Quer\u00e9taro","og_description":"Expertos mundiales se re\u00fanen en M\u00e9xico para hablar de conmociones cerebrales en atletas","og_url":"https:\/\/www.nexoinformativo.mx\/index.php\/2025\/01\/30\/xpertos-mundiales-se-reunen-en-mexico-para-hablar-de-conmociones-cerebrales-en-atletas\/","og_site_name":"Nexo Informativo Santiago de Quer\u00e9taro","article_publisher":"https:\/\/www.facebook.com\/people\/Nexo-Informativo\/61564066885511\/","article_published_time":"2025-01-30T13:00:19+00:00","article_modified_time":"2025-01-30T19:25:13+00:00","og_image":[{"width":650,"height":380,"url":"https:\/\/www.nexoinformativo.mx\/wp-content\/uploads\/2025\/01\/IMG_9666.jpg","type":"image\/jpeg"}],"author":"Nexo Informativo","twitter_card":"summary_large_image","twitter_misc":{"Escrito por":"Nexo Informativo","Tiempo de lectura":"2 minutos"},"schema":{"@context":"https:\/\/schema.org","@graph":[{"@type":"Article","@id":"https:\/\/www.nexoinformativo.mx\/index.php\/2025\/01\/30\/xpertos-mundiales-se-reunen-en-mexico-para-hablar-de-conmociones-cerebrales-en-atletas\/#article","isPartOf":{"@id":"https:\/\/www.nexoinformativo.mx\/index.php\/2025\/01\/30\/xpertos-mundiales-se-reunen-en-mexico-para-hablar-de-conmociones-cerebrales-en-atletas\/"},"author":{"name":"Nexo Informativo","@id":"https:\/\/www.nexoinformativo.mx\/#\/schema\/person\/7749d380ba08c8ca00d7bc76fd907b7d"},"headline":"Expertos mundiales se re\u00fanen en M\u00e9xico para hablar de conmociones cerebrales en atletas","datePublished":"2025-01-30T13:00:19+00:00","dateModified":"2025-01-30T19:25:13+00:00","mainEntityOfPage":{"@id":"https:\/\/www.nexoinformativo.mx\/index.php\/2025\/01\/30\/xpertos-mundiales-se-reunen-en-mexico-para-hablar-de-conmociones-cerebrales-en-atletas\/"},"wordCount":304,"commentCount":0,"publisher":{"@id":"https:\/\/www.nexoinformativo.mx\/#organization"},"image":{"@id":"https:\/\/www.nexoinformativo.mx\/index.php\/2025\/01\/30\/xpertos-mundiales-se-reunen-en-mexico-para-hablar-de-conmociones-cerebrales-en-atletas\/#primaryimage"},"thumbnailUrl":"https:\/\/www.nexoinformativo.mx\/wp-content\/uploads\/2025\/01\/IMG_9666.jpg","keywords":["Conmoci\u00f3nCerebral","DeporteSeguro","INNNMVS","SaludDeportiva"],"articleSection":["Nacional","\u00daltima Hora"],"inLanguage":"es","potentialAction":[{"@type":"CommentAction","name":"Comment","target":["https:\/\/www.nexoinformativo.mx\/index.php\/2025\/01\/30\/xpertos-mundiales-se-reunen-en-mexico-para-hablar-de-conmociones-cerebrales-en-atletas\/#respond"]}]},{"@type":"WebPage","@id":"https:\/\/www.nexoinformativo.mx\/index.php\/2025\/01\/30\/xpertos-mundiales-se-reunen-en-mexico-para-hablar-de-conmociones-cerebrales-en-atletas\/","url":"https:\/\/www.nexoinformativo.mx\/index.php\/2025\/01\/30\/xpertos-mundiales-se-reunen-en-mexico-para-hablar-de-conmociones-cerebrales-en-atletas\/","name":"Expertos mundiales se re\u00fanen en M\u00e9xico para hablar de conmociones cerebrales en atletas | Nexo Informativo Santiago de Quer\u00e9taro","isPartOf":{"@id":"https:\/\/www.nexoinformativo.mx\/#website"},"primaryImageOfPage":{"@id":"https:\/\/www.nexoinformativo.mx\/index.php\/2025\/01\/30\/xpertos-mundiales-se-reunen-en-mexico-para-hablar-de-conmociones-cerebrales-en-atletas\/#primaryimage"},"image":{"@id":"https:\/\/www.nexoinformativo.mx\/index.php\/2025\/01\/30\/xpertos-mundiales-se-reunen-en-mexico-para-hablar-de-conmociones-cerebrales-en-atletas\/#primaryimage"},"thumbnailUrl":"https:\/\/www.nexoinformativo.mx\/wp-content\/uploads\/2025\/01\/IMG_9666.jpg","datePublished":"2025-01-30T13:00:19+00:00","dateModified":"2025-01-30T19:25:13+00:00","description":"Expertos mundiales se re\u00fanen en M\u00e9xico para hablar de conmociones cerebrales en atletas","breadcrumb":{"@id":"https:\/\/www.nexoinformativo.mx\/index.php\/2025\/01\/30\/xpertos-mundiales-se-reunen-en-mexico-para-hablar-de-conmociones-cerebrales-en-atletas\/#breadcrumb"},"inLanguage":"es","potentialAction":[{"@type":"ReadAction","target":["https:\/\/www.nexoinformativo.mx\/index.php\/2025\/01\/30\/xpertos-mundiales-se-reunen-en-mexico-para-hablar-de-conmociones-cerebrales-en-atletas\/"]}]},{"@type":"ImageObject","inLanguage":"es","@id":"https:\/\/www.nexoinformativo.mx\/index.php\/2025\/01\/30\/xpertos-mundiales-se-reunen-en-mexico-para-hablar-de-conmociones-cerebrales-en-atletas\/#primaryimage","url":"https:\/\/www.nexoinformativo.mx\/wp-content\/uploads\/2025\/01\/IMG_9666.jpg","contentUrl":"https:\/\/www.nexoinformativo.mx\/wp-content\/uploads\/2025\/01\/IMG_9666.jpg","width":650,"height":380},{"@type":"BreadcrumbList","@id":"https:\/\/www.nexoinformativo.mx\/index.php\/2025\/01\/30\/xpertos-mundiales-se-reunen-en-mexico-para-hablar-de-conmociones-cerebrales-en-atletas\/#breadcrumb","itemListElement":[{"@type":"ListItem","position":1,"name":"Inicio","item":"https:\/\/www.nexoinformativo.mx\/"},{"@type":"ListItem","position":2,"name":"Expertos mundiales se re\u00fanen en M\u00e9xico para hablar de conmociones cerebrales en atletas"}]},{"@type":"WebSite","@id":"https:\/\/www.nexoinformativo.mx\/#website","url":"https:\/\/www.nexoinformativo.mx\/","name":"Nexo Informativo Santiago de Quer\u00e9taro","description":"Explora NexoInformativo y convi\u00e9rtete en parte de una comunidad que valora el conocimiento y la verdad. Tu nexoinformativo es tu puente hacia una comprensi\u00f3n m\u00e1s profunda del mundo que te rodea.","publisher":{"@id":"https:\/\/www.nexoinformativo.mx\/#organization"},"potentialAction":[{"@type":"SearchAction","target":{"@type":"EntryPoint","urlTemplate":"https:\/\/www.nexoinformativo.mx\/?s={search_term_string}"},"query-input":{"@type":"PropertyValueSpecification","valueRequired":true,"valueName":"search_term_string"}}],"inLanguage":"es"},{"@type":"Organization","@id":"https:\/\/www.nexoinformativo.mx\/#organization","name":"Nexo Informativo Santiago de Quer\u00e9taro","url":"https:\/\/www.nexoinformativo.mx\/","logo":{"@type":"ImageObject","inLanguage":"es","@id":"https:\/\/www.nexoinformativo.mx\/#\/schema\/logo\/image\/","url":"https:\/\/www.nexoinformativo.mx\/wp-content\/uploads\/2024\/07\/nexoi-trasparente-2.png","contentUrl":"https:\/\/www.nexoinformativo.mx\/wp-content\/uploads\/2024\/07\/nexoi-trasparente-2.png","width":816,"height":339,"caption":"Nexo Informativo Santiago de Quer\u00e9taro"},"image":{"@id":"https:\/\/www.nexoinformativo.mx\/#\/schema\/logo\/image\/"},"sameAs":["https:\/\/www.facebook.com\/people\/Nexo-Informativo\/61564066885511\/"]},{"@type":"Person","@id":"https:\/\/www.nexoinformativo.mx\/#\/schema\/person\/7749d380ba08c8ca00d7bc76fd907b7d","name":"Nexo Informativo","image":{"@type":"ImageObject","inLanguage":"es","@id":"https:\/\/www.nexoinformativo.mx\/#\/schema\/person\/image\/","url":"https:\/\/secure.gravatar.com\/avatar\/dde2928154642a13d95f87ddf1ea9718fe2b46760a005c53e41ff5ad610704e6?s=96&d=mm&r=g","contentUrl":"https:\/\/secure.gravatar.com\/avatar\/dde2928154642a13d95f87ddf1ea9718fe2b46760a005c53e41ff5ad610704e6?s=96&d=mm&r=g","caption":"Nexo Informativo"},"url":"https:\/\/www.nexoinformativo.mx\/index.php\/author\/edicion\/"}]}},"_links":{"self":[{"href":"https:\/\/www.nexoinformativo.mx\/index.php\/wp-json\/wp\/v2\/posts\/10894","targetHints":{"allow":["GET"]}}],"collection":[{"href":"https:\/\/www.nexoinformativo.mx\/index.php\/wp-json\/wp\/v2\/posts"}],"about":[{"href":"https:\/\/www.nexoinformativo.mx\/index.php\/wp-json\/wp\/v2\/types\/post"}],"author":[{"embeddable":true,"href":"https:\/\/www.nexoinformativo.mx\/index.php\/wp-json\/wp\/v2\/users\/3"}],"replies":[{"embeddable":true,"href":"https:\/\/www.nexoinformativo.mx\/index.php\/wp-json\/wp\/v2\/comments?post=10894"}],"version-history":[{"count":4,"href":"https:\/\/www.nexoinformativo.mx\/index.php\/wp-json\/wp\/v2\/posts\/10894\/revisions"}],"predecessor-version":[{"id":10898,"href":"https:\/\/www.nexoinformativo.mx\/index.php\/wp-json\/wp\/v2\/posts\/10894\/revisions\/10898"}],"wp:featuredmedia":[{"embeddable":true,"href":"https:\/\/www.nexoinformativo.mx\/index.php\/wp-json\/wp\/v2\/media\/10895"}],"wp:attachment":[{"href":"https:\/\/www.nexoinformativo.mx\/index.php\/wp-json\/wp\/v2\/media?parent=10894"}],"wp:term":[{"taxonomy":"category","embeddable":true,"href":"https:\/\/www.nexoinformativo.mx\/index.php\/wp-json\/wp\/v2\/categories?post=10894"},{"taxonomy":"post_tag","embeddable":true,"href":"https:\/\/www.nexoinformativo.mx\/index.php\/wp-json\/wp\/v2\/tags?post=10894"}],"curies":[{"name":"wp","href":"https:\/\/api.w.org\/{rel}","templated":true}]}}