{"id":10900,"date":"2025-01-30T07:30:38","date_gmt":"2025-01-30T13:30:38","guid":{"rendered":"https:\/\/www.nexoinformativo.mx\/?p=10900"},"modified":"2025-01-30T13:35:04","modified_gmt":"2025-01-30T19:35:04","slug":"copa-mundial-fifa-2026-la-gran-oportunidad-de-mexico-para-brillar-en-el-turismo-global","status":"publish","type":"post","link":"https:\/\/www.nexoinformativo.mx\/index.php\/2025\/01\/30\/copa-mundial-fifa-2026-la-gran-oportunidad-de-mexico-para-brillar-en-el-turismo-global\/","title":{"rendered":"Copa Mundial FIFA 2026 la gran oportunidad de M\u00e9xico para brillar en el turismo global"},"content":{"rendered":"<p style=\"text-align: justify;\" data-sourcepos=\"11:1-11:433\">La secretaria de Turismo de M\u00e9xico, Josefina Rodr\u00edguez Zamora, present\u00f3 el plan de turismo nacional para el a\u00f1o 2025 ante miembros de la <strong>American Society of Mexico<\/strong>, durante la 85\u00aa Asamblea General Anual.<\/p>\n<\/p>\n<p>&nbsp;<\/p>\n<p style=\"text-align: justify;\" data-sourcepos=\"11:1-11:433\">El plan se enfoca en el turismo comunitario y sostenible, buscando incluir a todos los actores de la cadena productiva y redistribuir equitativamente los beneficios econ\u00f3micos que genera el turismo.<\/p>\n<\/p>\n<p>&nbsp;<\/p>\n<p style=\"text-align: justify;\" data-sourcepos=\"13:1-13:439\">Rodr\u00edguez Zamora destac\u00f3 el papel fundamental del turismo como puente de colaboraci\u00f3n entre M\u00e9xico y Estados Unidos, y resalt\u00f3 la importancia de Estados Unidos como el principal mercado emisor de turistas hacia M\u00e9xico.<\/p>\n<\/p>\n<p>&nbsp;<\/p>\n<p style=\"text-align: justify;\" data-sourcepos=\"13:1-13:439\">Seg\u00fan datos de la Secretar\u00eda de Gobernaci\u00f3n, en los primeros 11 meses de 1 2024, 12.2 millones de estadounidenses llegaron a M\u00e9xico v\u00eda a\u00e9rea, generando una derrama econ\u00f3mica de 14 mil 186 millones de d\u00f3lares.<\/p>\n<\/p>\n<p>&nbsp;<\/p>\n<p style=\"text-align: justify;\" data-sourcepos=\"15:1-15:453\">La secretaria tambi\u00e9n enfatiz\u00f3 la importancia de la <strong>Copa Mundial FIFA 2026<\/strong>, a realizarse en M\u00e9xico, Estados Unidos y Canad\u00e1, como una oportunidad \u00fanica para promocionar el turismo en M\u00e9xico a nivel internacional.<\/p>\n<\/p>\n<p>&nbsp;<\/p>\n<p style=\"text-align: justify;\" data-sourcepos=\"15:1-15:453\">Se espera que el evento atraiga a millones de visitantes adicionales, y se est\u00e1 trabajando para que este &#8220;Mundial del Bienestar&#8221; permita a los turistas conocer m\u00e1s de M\u00e9xico y que los beneficios del evento se distribuyan en m\u00e1s localidades.<\/p>\n<\/p>\n<p>&nbsp;<\/p>\n<p style=\"text-align: justify;\" data-sourcepos=\"17:1-17:212\">Para promover el turismo en Norteam\u00e9rica, se tienen preparadas diversas actividades, como roadshows en ciudades de Estados Unidos y Canad\u00e1, y la participaci\u00f3n en eventos como IMEX Am\u00e9rica y el Tianguis Tur\u00edstico.<\/p>\n<\/p>\n<p>&nbsp;<\/p>\n<p style=\"text-align: center;\" data-sourcepos=\"17:1-17:212\"><em><strong>\u00a1Informaci\u00f3n que transforma!<\/strong><\/em><\/p>\n","protected":false},"excerpt":{"rendered":"<p>La secretaria de Turismo de M\u00e9xico, Josefina Rodr\u00edguez Zamora, present\u00f3 el plan de turismo nacional para el a\u00f1o 2025 ante miembros de la American Society of Mexico, durante la 85\u00aa Asamblea General Anual.<\/p>\n","protected":false},"author":3,"featured_media":10901,"comment_status":"open","ping_status":"open","sticky":false,"template":"","format":"standard","meta":{"footnotes":""},"categories":[5,88,58],"tags":[3288,3040,2220,3289],"class_list":["post-10900","post","type-post","status-publish","format-standard","has-post-thumbnail","hentry","category-economia","category-nacional","category-ultima-hora","tag-copamundial2026","tag-turismocomunitario","tag-turismomexico","tag-viajapormexico"],"yoast_head":"<!-- This site is optimized with the Yoast SEO plugin v25.0 - https:\/\/yoast.com\/wordpress\/plugins\/seo\/ -->\n<title>Copa Mundial FIFA 2026 la gran oportunidad de M\u00e9xico para brillar en el turismo global | Nexo Informativo Santiago de Quer\u00e9taro<\/title>\n<meta name=\"description\" content=\"Copa Mundial FIFA 2026 la gran oportunidad de M\u00e9xico para brillar en el turismo global\" \/>\n<meta name=\"robots\" content=\"index, follow, max-snippet:-1, max-image-preview:large, max-video-preview:-1\" \/>\n<link rel=\"canonical\" href=\"https:\/\/www.nexoinformativo.mx\/index.php\/2025\/01\/30\/copa-mundial-fifa-2026-la-gran-oportunidad-de-mexico-para-brillar-en-el-turismo-global\/\" \/>\n<meta property=\"og:locale\" content=\"es_MX\" \/>\n<meta property=\"og:type\" content=\"article\" \/>\n<meta property=\"og:title\" content=\"Copa Mundial FIFA 2026 la gran oportunidad de M\u00e9xico para brillar en el turismo global | Nexo Informativo Santiago de Quer\u00e9taro\" \/>\n<meta property=\"og:description\" content=\"Copa Mundial FIFA 2026 la gran oportunidad de M\u00e9xico para brillar en el turismo global\" \/>\n<meta property=\"og:url\" content=\"https:\/\/www.nexoinformativo.mx\/index.php\/2025\/01\/30\/copa-mundial-fifa-2026-la-gran-oportunidad-de-mexico-para-brillar-en-el-turismo-global\/\" \/>\n<meta property=\"og:site_name\" content=\"Nexo Informativo Santiago de Quer\u00e9taro\" \/>\n<meta property=\"article:publisher\" content=\"https:\/\/www.facebook.com\/people\/Nexo-Informativo\/61564066885511\/\" \/>\n<meta property=\"article:published_time\" content=\"2025-01-30T13:30:38+00:00\" \/>\n<meta property=\"article:modified_time\" content=\"2025-01-30T19:35:04+00:00\" \/>\n<meta property=\"og:image\" content=\"https:\/\/www.nexoinformativo.mx\/wp-content\/uploads\/2025\/01\/PHOTO-2025-01-30-13-33-08-e1738265661593.jpg\" \/>\n\t<meta property=\"og:image:width\" content=\"800\" \/>\n\t<meta property=\"og:image:height\" content=\"533\" \/>\n\t<meta property=\"og:image:type\" content=\"image\/jpeg\" \/>\n<meta name=\"author\" content=\"Nexo Informativo\" \/>\n<meta name=\"twitter:card\" content=\"summary_large_image\" \/>\n<meta name=\"twitter:label1\" content=\"Escrito por\" \/>\n\t<meta name=\"twitter:data1\" content=\"Nexo Informativo\" \/>\n\t<meta name=\"twitter:label2\" content=\"Tiempo de lectura\" \/>\n\t<meta name=\"twitter:data2\" content=\"2 minutos\" \/>\n<script type=\"application\/ld+json\" class=\"yoast-schema-graph\">{\"@context\":\"https:\/\/schema.org\",\"@graph\":[{\"@type\":\"Article\",\"@id\":\"https:\/\/www.nexoinformativo.mx\/index.php\/2025\/01\/30\/copa-mundial-fifa-2026-la-gran-oportunidad-de-mexico-para-brillar-en-el-turismo-global\/#article\",\"isPartOf\":{\"@id\":\"https:\/\/www.nexoinformativo.mx\/index.php\/2025\/01\/30\/copa-mundial-fifa-2026-la-gran-oportunidad-de-mexico-para-brillar-en-el-turismo-global\/\"},\"author\":{\"name\":\"Nexo Informativo\",\"@id\":\"https:\/\/www.nexoinformativo.mx\/#\/schema\/person\/7749d380ba08c8ca00d7bc76fd907b7d\"},\"headline\":\"Copa Mundial FIFA 2026 la gran oportunidad de M\u00e9xico para brillar en el turismo global\",\"datePublished\":\"2025-01-30T13:30:38+00:00\",\"dateModified\":\"2025-01-30T19:35:04+00:00\",\"mainEntityOfPage\":{\"@id\":\"https:\/\/www.nexoinformativo.mx\/index.php\/2025\/01\/30\/copa-mundial-fifa-2026-la-gran-oportunidad-de-mexico-para-brillar-en-el-turismo-global\/\"},\"wordCount\":279,\"commentCount\":0,\"publisher\":{\"@id\":\"https:\/\/www.nexoinformativo.mx\/#organization\"},\"image\":{\"@id\":\"https:\/\/www.nexoinformativo.mx\/index.php\/2025\/01\/30\/copa-mundial-fifa-2026-la-gran-oportunidad-de-mexico-para-brillar-en-el-turismo-global\/#primaryimage\"},\"thumbnailUrl\":\"https:\/\/www.nexoinformativo.mx\/wp-content\/uploads\/2025\/01\/PHOTO-2025-01-30-13-33-08-e1738265661593.jpg\",\"keywords\":[\"CopaMundial2026\",\"TurismoComunitario\",\"TurismoM\u00e9xico\",\"ViajaPorM\u00e9xico\"],\"articleSection\":[\"Econom\u00eda\",\"Nacional\",\"\u00daltima Hora\"],\"inLanguage\":\"es\",\"potentialAction\":[{\"@type\":\"CommentAction\",\"name\":\"Comment\",\"target\":[\"https:\/\/www.nexoinformativo.mx\/index.php\/2025\/01\/30\/copa-mundial-fifa-2026-la-gran-oportunidad-de-mexico-para-brillar-en-el-turismo-global\/#respond\"]}]},{\"@type\":\"WebPage\",\"@id\":\"https:\/\/www.nexoinformativo.mx\/index.php\/2025\/01\/30\/copa-mundial-fifa-2026-la-gran-oportunidad-de-mexico-para-brillar-en-el-turismo-global\/\",\"url\":\"https:\/\/www.nexoinformativo.mx\/index.php\/2025\/01\/30\/copa-mundial-fifa-2026-la-gran-oportunidad-de-mexico-para-brillar-en-el-turismo-global\/\",\"name\":\"Copa Mundial FIFA 2026 la gran oportunidad de M\u00e9xico para brillar en el turismo global | Nexo Informativo Santiago de Quer\u00e9taro\",\"isPartOf\":{\"@id\":\"https:\/\/www.nexoinformativo.mx\/#website\"},\"primaryImageOfPage\":{\"@id\":\"https:\/\/www.nexoinformativo.mx\/index.php\/2025\/01\/30\/copa-mundial-fifa-2026-la-gran-oportunidad-de-mexico-para-brillar-en-el-turismo-global\/#primaryimage\"},\"image\":{\"@id\":\"https:\/\/www.nexoinformativo.mx\/index.php\/2025\/01\/30\/copa-mundial-fifa-2026-la-gran-oportunidad-de-mexico-para-brillar-en-el-turismo-global\/#primaryimage\"},\"thumbnailUrl\":\"https:\/\/www.nexoinformativo.mx\/wp-content\/uploads\/2025\/01\/PHOTO-2025-01-30-13-33-08-e1738265661593.jpg\",\"datePublished\":\"2025-01-30T13:30:38+00:00\",\"dateModified\":\"2025-01-30T19:35:04+00:00\",\"description\":\"Copa Mundial FIFA 2026 la gran oportunidad de M\u00e9xico para brillar en el turismo global\",\"breadcrumb\":{\"@id\":\"https:\/\/www.nexoinformativo.mx\/index.php\/2025\/01\/30\/copa-mundial-fifa-2026-la-gran-oportunidad-de-mexico-para-brillar-en-el-turismo-global\/#breadcrumb\"},\"inLanguage\":\"es\",\"potentialAction\":[{\"@type\":\"ReadAction\",\"target\":[\"https:\/\/www.nexoinformativo.mx\/index.php\/2025\/01\/30\/copa-mundial-fifa-2026-la-gran-oportunidad-de-mexico-para-brillar-en-el-turismo-global\/\"]}]},{\"@type\":\"ImageObject\",\"inLanguage\":\"es\",\"@id\":\"https:\/\/www.nexoinformativo.mx\/index.php\/2025\/01\/30\/copa-mundial-fifa-2026-la-gran-oportunidad-de-mexico-para-brillar-en-el-turismo-global\/#primaryimage\",\"url\":\"https:\/\/www.nexoinformativo.mx\/wp-content\/uploads\/2025\/01\/PHOTO-2025-01-30-13-33-08-e1738265661593.jpg\",\"contentUrl\":\"https:\/\/www.nexoinformativo.mx\/wp-content\/uploads\/2025\/01\/PHOTO-2025-01-30-13-33-08-e1738265661593.jpg\",\"width\":800,\"height\":533},{\"@type\":\"BreadcrumbList\",\"@id\":\"https:\/\/www.nexoinformativo.mx\/index.php\/2025\/01\/30\/copa-mundial-fifa-2026-la-gran-oportunidad-de-mexico-para-brillar-en-el-turismo-global\/#breadcrumb\",\"itemListElement\":[{\"@type\":\"ListItem\",\"position\":1,\"name\":\"Inicio\",\"item\":\"https:\/\/www.nexoinformativo.mx\/\"},{\"@type\":\"ListItem\",\"position\":2,\"name\":\"Copa Mundial FIFA 2026 la gran oportunidad de M\u00e9xico para brillar en el turismo global\"}]},{\"@type\":\"WebSite\",\"@id\":\"https:\/\/www.nexoinformativo.mx\/#website\",\"url\":\"https:\/\/www.nexoinformativo.mx\/\",\"name\":\"Nexo Informativo Santiago de Quer\u00e9taro\",\"description\":\"Explora NexoInformativo y convi\u00e9rtete en parte de una comunidad que valora el conocimiento y la verdad. Tu nexoinformativo es tu puente hacia una comprensi\u00f3n m\u00e1s profunda del mundo que te rodea.\",\"publisher\":{\"@id\":\"https:\/\/www.nexoinformativo.mx\/#organization\"},\"potentialAction\":[{\"@type\":\"SearchAction\",\"target\":{\"@type\":\"EntryPoint\",\"urlTemplate\":\"https:\/\/www.nexoinformativo.mx\/?s={search_term_string}\"},\"query-input\":{\"@type\":\"PropertyValueSpecification\",\"valueRequired\":true,\"valueName\":\"search_term_string\"}}],\"inLanguage\":\"es\"},{\"@type\":\"Organization\",\"@id\":\"https:\/\/www.nexoinformativo.mx\/#organization\",\"name\":\"Nexo Informativo Santiago de Quer\u00e9taro\",\"url\":\"https:\/\/www.nexoinformativo.mx\/\",\"logo\":{\"@type\":\"ImageObject\",\"inLanguage\":\"es\",\"@id\":\"https:\/\/www.nexoinformativo.mx\/#\/schema\/logo\/image\/\",\"url\":\"https:\/\/www.nexoinformativo.mx\/wp-content\/uploads\/2024\/07\/nexoi-trasparente-2.png\",\"contentUrl\":\"https:\/\/www.nexoinformativo.mx\/wp-content\/uploads\/2024\/07\/nexoi-trasparente-2.png\",\"width\":816,\"height\":339,\"caption\":\"Nexo Informativo Santiago de Quer\u00e9taro\"},\"image\":{\"@id\":\"https:\/\/www.nexoinformativo.mx\/#\/schema\/logo\/image\/\"},\"sameAs\":[\"https:\/\/www.facebook.com\/people\/Nexo-Informativo\/61564066885511\/\"]},{\"@type\":\"Person\",\"@id\":\"https:\/\/www.nexoinformativo.mx\/#\/schema\/person\/7749d380ba08c8ca00d7bc76fd907b7d\",\"name\":\"Nexo Informativo\",\"image\":{\"@type\":\"ImageObject\",\"inLanguage\":\"es\",\"@id\":\"https:\/\/www.nexoinformativo.mx\/#\/schema\/person\/image\/\",\"url\":\"https:\/\/secure.gravatar.com\/avatar\/dde2928154642a13d95f87ddf1ea9718fe2b46760a005c53e41ff5ad610704e6?s=96&d=mm&r=g\",\"contentUrl\":\"https:\/\/secure.gravatar.com\/avatar\/dde2928154642a13d95f87ddf1ea9718fe2b46760a005c53e41ff5ad610704e6?s=96&d=mm&r=g\",\"caption\":\"Nexo Informativo\"},\"url\":\"https:\/\/www.nexoinformativo.mx\/index.php\/author\/edicion\/\"}]}<\/script>\n<!-- \/ Yoast SEO plugin. -->","yoast_head_json":{"title":"Copa Mundial FIFA 2026 la gran oportunidad de M\u00e9xico para brillar en el turismo global | Nexo Informativo Santiago de Quer\u00e9taro","description":"Copa Mundial FIFA 2026 la gran oportunidad de M\u00e9xico para brillar en el turismo global","robots":{"index":"index","follow":"follow","max-snippet":"max-snippet:-1","max-image-preview":"max-image-preview:large","max-video-preview":"max-video-preview:-1"},"canonical":"https:\/\/www.nexoinformativo.mx\/index.php\/2025\/01\/30\/copa-mundial-fifa-2026-la-gran-oportunidad-de-mexico-para-brillar-en-el-turismo-global\/","og_locale":"es_MX","og_type":"article","og_title":"Copa Mundial FIFA 2026 la gran oportunidad de M\u00e9xico para brillar en el turismo global | Nexo Informativo Santiago de Quer\u00e9taro","og_description":"Copa Mundial FIFA 2026 la gran oportunidad de M\u00e9xico para brillar en el turismo global","og_url":"https:\/\/www.nexoinformativo.mx\/index.php\/2025\/01\/30\/copa-mundial-fifa-2026-la-gran-oportunidad-de-mexico-para-brillar-en-el-turismo-global\/","og_site_name":"Nexo Informativo Santiago de Quer\u00e9taro","article_publisher":"https:\/\/www.facebook.com\/people\/Nexo-Informativo\/61564066885511\/","article_published_time":"2025-01-30T13:30:38+00:00","article_modified_time":"2025-01-30T19:35:04+00:00","og_image":[{"width":800,"height":533,"url":"https:\/\/www.nexoinformativo.mx\/wp-content\/uploads\/2025\/01\/PHOTO-2025-01-30-13-33-08-e1738265661593.jpg","type":"image\/jpeg"}],"author":"Nexo Informativo","twitter_card":"summary_large_image","twitter_misc":{"Escrito por":"Nexo Informativo","Tiempo de lectura":"2 minutos"},"schema":{"@context":"https:\/\/schema.org","@graph":[{"@type":"Article","@id":"https:\/\/www.nexoinformativo.mx\/index.php\/2025\/01\/30\/copa-mundial-fifa-2026-la-gran-oportunidad-de-mexico-para-brillar-en-el-turismo-global\/#article","isPartOf":{"@id":"https:\/\/www.nexoinformativo.mx\/index.php\/2025\/01\/30\/copa-mundial-fifa-2026-la-gran-oportunidad-de-mexico-para-brillar-en-el-turismo-global\/"},"author":{"name":"Nexo Informativo","@id":"https:\/\/www.nexoinformativo.mx\/#\/schema\/person\/7749d380ba08c8ca00d7bc76fd907b7d"},"headline":"Copa Mundial FIFA 2026 la gran oportunidad de M\u00e9xico para brillar en el turismo global","datePublished":"2025-01-30T13:30:38+00:00","dateModified":"2025-01-30T19:35:04+00:00","mainEntityOfPage":{"@id":"https:\/\/www.nexoinformativo.mx\/index.php\/2025\/01\/30\/copa-mundial-fifa-2026-la-gran-oportunidad-de-mexico-para-brillar-en-el-turismo-global\/"},"wordCount":279,"commentCount":0,"publisher":{"@id":"https:\/\/www.nexoinformativo.mx\/#organization"},"image":{"@id":"https:\/\/www.nexoinformativo.mx\/index.php\/2025\/01\/30\/copa-mundial-fifa-2026-la-gran-oportunidad-de-mexico-para-brillar-en-el-turismo-global\/#primaryimage"},"thumbnailUrl":"https:\/\/www.nexoinformativo.mx\/wp-content\/uploads\/2025\/01\/PHOTO-2025-01-30-13-33-08-e1738265661593.jpg","keywords":["CopaMundial2026","TurismoComunitario","TurismoM\u00e9xico","ViajaPorM\u00e9xico"],"articleSection":["Econom\u00eda","Nacional","\u00daltima Hora"],"inLanguage":"es","potentialAction":[{"@type":"CommentAction","name":"Comment","target":["https:\/\/www.nexoinformativo.mx\/index.php\/2025\/01\/30\/copa-mundial-fifa-2026-la-gran-oportunidad-de-mexico-para-brillar-en-el-turismo-global\/#respond"]}]},{"@type":"WebPage","@id":"https:\/\/www.nexoinformativo.mx\/index.php\/2025\/01\/30\/copa-mundial-fifa-2026-la-gran-oportunidad-de-mexico-para-brillar-en-el-turismo-global\/","url":"https:\/\/www.nexoinformativo.mx\/index.php\/2025\/01\/30\/copa-mundial-fifa-2026-la-gran-oportunidad-de-mexico-para-brillar-en-el-turismo-global\/","name":"Copa Mundial FIFA 2026 la gran oportunidad de M\u00e9xico para brillar en el turismo global | Nexo Informativo Santiago de Quer\u00e9taro","isPartOf":{"@id":"https:\/\/www.nexoinformativo.mx\/#website"},"primaryImageOfPage":{"@id":"https:\/\/www.nexoinformativo.mx\/index.php\/2025\/01\/30\/copa-mundial-fifa-2026-la-gran-oportunidad-de-mexico-para-brillar-en-el-turismo-global\/#primaryimage"},"image":{"@id":"https:\/\/www.nexoinformativo.mx\/index.php\/2025\/01\/30\/copa-mundial-fifa-2026-la-gran-oportunidad-de-mexico-para-brillar-en-el-turismo-global\/#primaryimage"},"thumbnailUrl":"https:\/\/www.nexoinformativo.mx\/wp-content\/uploads\/2025\/01\/PHOTO-2025-01-30-13-33-08-e1738265661593.jpg","datePublished":"2025-01-30T13:30:38+00:00","dateModified":"2025-01-30T19:35:04+00:00","description":"Copa Mundial FIFA 2026 la gran oportunidad de M\u00e9xico para brillar en el turismo global","breadcrumb":{"@id":"https:\/\/www.nexoinformativo.mx\/index.php\/2025\/01\/30\/copa-mundial-fifa-2026-la-gran-oportunidad-de-mexico-para-brillar-en-el-turismo-global\/#breadcrumb"},"inLanguage":"es","potentialAction":[{"@type":"ReadAction","target":["https:\/\/www.nexoinformativo.mx\/index.php\/2025\/01\/30\/copa-mundial-fifa-2026-la-gran-oportunidad-de-mexico-para-brillar-en-el-turismo-global\/"]}]},{"@type":"ImageObject","inLanguage":"es","@id":"https:\/\/www.nexoinformativo.mx\/index.php\/2025\/01\/30\/copa-mundial-fifa-2026-la-gran-oportunidad-de-mexico-para-brillar-en-el-turismo-global\/#primaryimage","url":"https:\/\/www.nexoinformativo.mx\/wp-content\/uploads\/2025\/01\/PHOTO-2025-01-30-13-33-08-e1738265661593.jpg","contentUrl":"https:\/\/www.nexoinformativo.mx\/wp-content\/uploads\/2025\/01\/PHOTO-2025-01-30-13-33-08-e1738265661593.jpg","width":800,"height":533},{"@type":"BreadcrumbList","@id":"https:\/\/www.nexoinformativo.mx\/index.php\/2025\/01\/30\/copa-mundial-fifa-2026-la-gran-oportunidad-de-mexico-para-brillar-en-el-turismo-global\/#breadcrumb","itemListElement":[{"@type":"ListItem","position":1,"name":"Inicio","item":"https:\/\/www.nexoinformativo.mx\/"},{"@type":"ListItem","position":2,"name":"Copa Mundial FIFA 2026 la gran oportunidad de M\u00e9xico para brillar en el turismo global"}]},{"@type":"WebSite","@id":"https:\/\/www.nexoinformativo.mx\/#website","url":"https:\/\/www.nexoinformativo.mx\/","name":"Nexo Informativo Santiago de Quer\u00e9taro","description":"Explora NexoInformativo y convi\u00e9rtete en parte de una comunidad que valora el conocimiento y la verdad. Tu nexoinformativo es tu puente hacia una comprensi\u00f3n m\u00e1s profunda del mundo que te rodea.","publisher":{"@id":"https:\/\/www.nexoinformativo.mx\/#organization"},"potentialAction":[{"@type":"SearchAction","target":{"@type":"EntryPoint","urlTemplate":"https:\/\/www.nexoinformativo.mx\/?s={search_term_string}"},"query-input":{"@type":"PropertyValueSpecification","valueRequired":true,"valueName":"search_term_string"}}],"inLanguage":"es"},{"@type":"Organization","@id":"https:\/\/www.nexoinformativo.mx\/#organization","name":"Nexo Informativo Santiago de Quer\u00e9taro","url":"https:\/\/www.nexoinformativo.mx\/","logo":{"@type":"ImageObject","inLanguage":"es","@id":"https:\/\/www.nexoinformativo.mx\/#\/schema\/logo\/image\/","url":"https:\/\/www.nexoinformativo.mx\/wp-content\/uploads\/2024\/07\/nexoi-trasparente-2.png","contentUrl":"https:\/\/www.nexoinformativo.mx\/wp-content\/uploads\/2024\/07\/nexoi-trasparente-2.png","width":816,"height":339,"caption":"Nexo Informativo Santiago de Quer\u00e9taro"},"image":{"@id":"https:\/\/www.nexoinformativo.mx\/#\/schema\/logo\/image\/"},"sameAs":["https:\/\/www.facebook.com\/people\/Nexo-Informativo\/61564066885511\/"]},{"@type":"Person","@id":"https:\/\/www.nexoinformativo.mx\/#\/schema\/person\/7749d380ba08c8ca00d7bc76fd907b7d","name":"Nexo Informativo","image":{"@type":"ImageObject","inLanguage":"es","@id":"https:\/\/www.nexoinformativo.mx\/#\/schema\/person\/image\/","url":"https:\/\/secure.gravatar.com\/avatar\/dde2928154642a13d95f87ddf1ea9718fe2b46760a005c53e41ff5ad610704e6?s=96&d=mm&r=g","contentUrl":"https:\/\/secure.gravatar.com\/avatar\/dde2928154642a13d95f87ddf1ea9718fe2b46760a005c53e41ff5ad610704e6?s=96&d=mm&r=g","caption":"Nexo Informativo"},"url":"https:\/\/www.nexoinformativo.mx\/index.php\/author\/edicion\/"}]}},"_links":{"self":[{"href":"https:\/\/www.nexoinformativo.mx\/index.php\/wp-json\/wp\/v2\/posts\/10900","targetHints":{"allow":["GET"]}}],"collection":[{"href":"https:\/\/www.nexoinformativo.mx\/index.php\/wp-json\/wp\/v2\/posts"}],"about":[{"href":"https:\/\/www.nexoinformativo.mx\/index.php\/wp-json\/wp\/v2\/types\/post"}],"author":[{"embeddable":true,"href":"https:\/\/www.nexoinformativo.mx\/index.php\/wp-json\/wp\/v2\/users\/3"}],"replies":[{"embeddable":true,"href":"https:\/\/www.nexoinformativo.mx\/index.php\/wp-json\/wp\/v2\/comments?post=10900"}],"version-history":[{"count":3,"href":"https:\/\/www.nexoinformativo.mx\/index.php\/wp-json\/wp\/v2\/posts\/10900\/revisions"}],"predecessor-version":[{"id":10904,"href":"https:\/\/www.nexoinformativo.mx\/index.php\/wp-json\/wp\/v2\/posts\/10900\/revisions\/10904"}],"wp:featuredmedia":[{"embeddable":true,"href":"https:\/\/www.nexoinformativo.mx\/index.php\/wp-json\/wp\/v2\/media\/10901"}],"wp:attachment":[{"href":"https:\/\/www.nexoinformativo.mx\/index.php\/wp-json\/wp\/v2\/media?parent=10900"}],"wp:term":[{"taxonomy":"category","embeddable":true,"href":"https:\/\/www.nexoinformativo.mx\/index.php\/wp-json\/wp\/v2\/categories?post=10900"},{"taxonomy":"post_tag","embeddable":true,"href":"https:\/\/www.nexoinformativo.mx\/index.php\/wp-json\/wp\/v2\/tags?post=10900"}],"curies":[{"name":"wp","href":"https:\/\/api.w.org\/{rel}","templated":true}]}}