{"id":10910,"date":"2025-01-30T08:30:05","date_gmt":"2025-01-30T14:30:05","guid":{"rendered":"https:\/\/www.nexoinformativo.mx\/?p=10910"},"modified":"2025-01-30T13:45:34","modified_gmt":"2025-01-30T19:45:34","slug":"queretaro-afina-detalles-de-seguridad-para-el-5-de-febrero-con-apoyo-federal","status":"publish","type":"post","link":"https:\/\/www.nexoinformativo.mx\/index.php\/2025\/01\/30\/queretaro-afina-detalles-de-seguridad-para-el-5-de-febrero-con-apoyo-federal\/","title":{"rendered":"Quer\u00e9taro afina detalles de seguridad para el 5 de Febrero con apoyo federal"},"content":{"rendered":"<p style=\"text-align: justify;\" data-sourcepos=\"11:1-11:420\">El secretario de Seguridad Ciudadana, Iov\u00e1n El\u00edas P\u00e9rez Hern\u00e1ndez, y el secretario de Gobierno, Carlos Alberto Alcaraz, se reunieron con representantes de la federaci\u00f3n para ultimar detalles del operativo de seguridad que se implementar\u00e1 en Quer\u00e9taro el pr\u00f3ximo 5 de febrero, con motivo del <strong>108 Aniversario de la Promulgaci\u00f3n de la Constituci\u00f3n Pol\u00edtica de los Estados Unidos Mexicanos.<\/strong><\/p>\n<\/p>\n<p>&nbsp;<\/p>\n<p style=\"text-align: justify;\" data-sourcepos=\"13:1-13:371\">En el encuentro, que cont\u00f3 con la presencia del general de Brigada Diplomado del Estado Mayor, Vinicio Perea Alcaraz, y el coordinador estatal de la Guardia Nacional en Quer\u00e9taro, Comisario Jefe Filiberto Oropeza Fabi\u00e1n, se abordaron las acciones que se llevar\u00e1n a cabo de manera interinstitucional para garantizar la tranquilidad y el orden durante este evento nacional.<\/p>\n<\/p>\n<p>&nbsp;<\/p>\n<p style=\"text-align: justify;\" data-sourcepos=\"15:1-15:210\">Las autoridades estatales y federales reafirmaron su compromiso de trabajar en conjunto para que la celebraci\u00f3n del 5 de Febrero se desarrolle de manera segura y pac\u00edfica para todos los queretanos y visitantes.<\/p>\n<\/p>\n<p>&nbsp;<\/p>\n<p style=\"text-align: center;\" data-sourcepos=\"15:1-15:210\"><em><strong>\u00a1Informaci\u00f3n que transforma!<\/strong><\/em><\/p>\n","protected":false},"excerpt":{"rendered":"<p>El secretario de Seguridad Ciudadana, Iov\u00e1n El\u00edas P\u00e9rez Hern\u00e1ndez, y el secretario de Gobierno, Carlos Alberto Alcaraz, se reunieron con representantes de la federaci\u00f3n para ultimar detalles del operativo de seguridad que se implementar\u00e1 en Quer\u00e9taro el pr\u00f3ximo 5 de febrero<\/p>\n","protected":false},"author":3,"featured_media":10911,"comment_status":"open","ping_status":"open","sticky":false,"template":"","format":"standard","meta":{"footnotes":""},"categories":[42,58],"tags":[3000,3001,133,131],"class_list":["post-10910","post","type-post","status-publish","format-standard","has-post-thumbnail","hentry","category-estado","category-ultima-hora","tag-5defebrero","tag-constitucionmexicana","tag-queretaro","tag-seguridad"],"yoast_head":"<!-- This site is optimized with the Yoast SEO plugin v25.0 - https:\/\/yoast.com\/wordpress\/plugins\/seo\/ -->\n<title>Quer\u00e9taro afina detalles de seguridad para el 5 de Febrero con apoyo federal | Nexo Informativo Santiago de Quer\u00e9taro<\/title>\n<meta name=\"description\" content=\"Quer\u00e9taro afina detalles de seguridad para el 5 de Febrero con apoyo federal\" \/>\n<meta name=\"robots\" content=\"index, follow, max-snippet:-1, max-image-preview:large, max-video-preview:-1\" \/>\n<link rel=\"canonical\" href=\"https:\/\/www.nexoinformativo.mx\/index.php\/2025\/01\/30\/queretaro-afina-detalles-de-seguridad-para-el-5-de-febrero-con-apoyo-federal\/\" \/>\n<meta property=\"og:locale\" content=\"es_MX\" \/>\n<meta property=\"og:type\" content=\"article\" \/>\n<meta property=\"og:title\" content=\"Quer\u00e9taro afina detalles de seguridad para el 5 de Febrero con apoyo federal | Nexo Informativo Santiago de Quer\u00e9taro\" \/>\n<meta property=\"og:description\" content=\"Quer\u00e9taro afina detalles de seguridad para el 5 de Febrero con apoyo federal\" \/>\n<meta property=\"og:url\" content=\"https:\/\/www.nexoinformativo.mx\/index.php\/2025\/01\/30\/queretaro-afina-detalles-de-seguridad-para-el-5-de-febrero-con-apoyo-federal\/\" \/>\n<meta property=\"og:site_name\" content=\"Nexo Informativo Santiago de Quer\u00e9taro\" \/>\n<meta property=\"article:publisher\" content=\"https:\/\/www.facebook.com\/people\/Nexo-Informativo\/61564066885511\/\" \/>\n<meta property=\"article:published_time\" content=\"2025-01-30T14:30:05+00:00\" \/>\n<meta property=\"article:modified_time\" content=\"2025-01-30T19:45:34+00:00\" \/>\n<meta property=\"og:image\" content=\"https:\/\/www.nexoinformativo.mx\/wp-content\/uploads\/2025\/01\/8458b05c-9090-4024-8466-555edbd74e51-e1738266295818.jpg\" \/>\n\t<meta property=\"og:image:width\" content=\"800\" \/>\n\t<meta property=\"og:image:height\" content=\"533\" \/>\n\t<meta property=\"og:image:type\" content=\"image\/jpeg\" \/>\n<meta name=\"author\" content=\"Nexo Informativo\" \/>\n<meta name=\"twitter:card\" content=\"summary_large_image\" \/>\n<meta name=\"twitter:label1\" content=\"Escrito por\" \/>\n\t<meta name=\"twitter:data1\" content=\"Nexo Informativo\" \/>\n\t<meta name=\"twitter:label2\" content=\"Tiempo de lectura\" \/>\n\t<meta name=\"twitter:data2\" content=\"1 minuto\" \/>\n<script type=\"application\/ld+json\" class=\"yoast-schema-graph\">{\"@context\":\"https:\/\/schema.org\",\"@graph\":[{\"@type\":\"Article\",\"@id\":\"https:\/\/www.nexoinformativo.mx\/index.php\/2025\/01\/30\/queretaro-afina-detalles-de-seguridad-para-el-5-de-febrero-con-apoyo-federal\/#article\",\"isPartOf\":{\"@id\":\"https:\/\/www.nexoinformativo.mx\/index.php\/2025\/01\/30\/queretaro-afina-detalles-de-seguridad-para-el-5-de-febrero-con-apoyo-federal\/\"},\"author\":{\"name\":\"Nexo Informativo\",\"@id\":\"https:\/\/www.nexoinformativo.mx\/#\/schema\/person\/7749d380ba08c8ca00d7bc76fd907b7d\"},\"headline\":\"Quer\u00e9taro afina detalles de seguridad para el 5 de Febrero con apoyo federal\",\"datePublished\":\"2025-01-30T14:30:05+00:00\",\"dateModified\":\"2025-01-30T19:45:34+00:00\",\"mainEntityOfPage\":{\"@id\":\"https:\/\/www.nexoinformativo.mx\/index.php\/2025\/01\/30\/queretaro-afina-detalles-de-seguridad-para-el-5-de-febrero-con-apoyo-federal\/\"},\"wordCount\":180,\"commentCount\":0,\"publisher\":{\"@id\":\"https:\/\/www.nexoinformativo.mx\/#organization\"},\"image\":{\"@id\":\"https:\/\/www.nexoinformativo.mx\/index.php\/2025\/01\/30\/queretaro-afina-detalles-de-seguridad-para-el-5-de-febrero-con-apoyo-federal\/#primaryimage\"},\"thumbnailUrl\":\"https:\/\/www.nexoinformativo.mx\/wp-content\/uploads\/2025\/01\/8458b05c-9090-4024-8466-555edbd74e51-e1738266295818.jpg\",\"keywords\":[\"5deFebrero\",\"Constituci\u00f3nMexicana\",\"Quer\u00e9taro\",\"Seguridad\"],\"articleSection\":[\"Estado\",\"\u00daltima Hora\"],\"inLanguage\":\"es\",\"potentialAction\":[{\"@type\":\"CommentAction\",\"name\":\"Comment\",\"target\":[\"https:\/\/www.nexoinformativo.mx\/index.php\/2025\/01\/30\/queretaro-afina-detalles-de-seguridad-para-el-5-de-febrero-con-apoyo-federal\/#respond\"]}]},{\"@type\":\"WebPage\",\"@id\":\"https:\/\/www.nexoinformativo.mx\/index.php\/2025\/01\/30\/queretaro-afina-detalles-de-seguridad-para-el-5-de-febrero-con-apoyo-federal\/\",\"url\":\"https:\/\/www.nexoinformativo.mx\/index.php\/2025\/01\/30\/queretaro-afina-detalles-de-seguridad-para-el-5-de-febrero-con-apoyo-federal\/\",\"name\":\"Quer\u00e9taro afina detalles de seguridad para el 5 de Febrero con apoyo federal | Nexo Informativo Santiago de Quer\u00e9taro\",\"isPartOf\":{\"@id\":\"https:\/\/www.nexoinformativo.mx\/#website\"},\"primaryImageOfPage\":{\"@id\":\"https:\/\/www.nexoinformativo.mx\/index.php\/2025\/01\/30\/queretaro-afina-detalles-de-seguridad-para-el-5-de-febrero-con-apoyo-federal\/#primaryimage\"},\"image\":{\"@id\":\"https:\/\/www.nexoinformativo.mx\/index.php\/2025\/01\/30\/queretaro-afina-detalles-de-seguridad-para-el-5-de-febrero-con-apoyo-federal\/#primaryimage\"},\"thumbnailUrl\":\"https:\/\/www.nexoinformativo.mx\/wp-content\/uploads\/2025\/01\/8458b05c-9090-4024-8466-555edbd74e51-e1738266295818.jpg\",\"datePublished\":\"2025-01-30T14:30:05+00:00\",\"dateModified\":\"2025-01-30T19:45:34+00:00\",\"description\":\"Quer\u00e9taro afina detalles de seguridad para el 5 de Febrero con apoyo federal\",\"breadcrumb\":{\"@id\":\"https:\/\/www.nexoinformativo.mx\/index.php\/2025\/01\/30\/queretaro-afina-detalles-de-seguridad-para-el-5-de-febrero-con-apoyo-federal\/#breadcrumb\"},\"inLanguage\":\"es\",\"potentialAction\":[{\"@type\":\"ReadAction\",\"target\":[\"https:\/\/www.nexoinformativo.mx\/index.php\/2025\/01\/30\/queretaro-afina-detalles-de-seguridad-para-el-5-de-febrero-con-apoyo-federal\/\"]}]},{\"@type\":\"ImageObject\",\"inLanguage\":\"es\",\"@id\":\"https:\/\/www.nexoinformativo.mx\/index.php\/2025\/01\/30\/queretaro-afina-detalles-de-seguridad-para-el-5-de-febrero-con-apoyo-federal\/#primaryimage\",\"url\":\"https:\/\/www.nexoinformativo.mx\/wp-content\/uploads\/2025\/01\/8458b05c-9090-4024-8466-555edbd74e51-e1738266295818.jpg\",\"contentUrl\":\"https:\/\/www.nexoinformativo.mx\/wp-content\/uploads\/2025\/01\/8458b05c-9090-4024-8466-555edbd74e51-e1738266295818.jpg\",\"width\":800,\"height\":533},{\"@type\":\"BreadcrumbList\",\"@id\":\"https:\/\/www.nexoinformativo.mx\/index.php\/2025\/01\/30\/queretaro-afina-detalles-de-seguridad-para-el-5-de-febrero-con-apoyo-federal\/#breadcrumb\",\"itemListElement\":[{\"@type\":\"ListItem\",\"position\":1,\"name\":\"Inicio\",\"item\":\"https:\/\/www.nexoinformativo.mx\/\"},{\"@type\":\"ListItem\",\"position\":2,\"name\":\"Quer\u00e9taro afina detalles de seguridad para el 5 de Febrero con apoyo federal\"}]},{\"@type\":\"WebSite\",\"@id\":\"https:\/\/www.nexoinformativo.mx\/#website\",\"url\":\"https:\/\/www.nexoinformativo.mx\/\",\"name\":\"Nexo Informativo Santiago de Quer\u00e9taro\",\"description\":\"Explora NexoInformativo y convi\u00e9rtete en parte de una comunidad que valora el conocimiento y la verdad. Tu nexoinformativo es tu puente hacia una comprensi\u00f3n m\u00e1s profunda del mundo que te rodea.\",\"publisher\":{\"@id\":\"https:\/\/www.nexoinformativo.mx\/#organization\"},\"potentialAction\":[{\"@type\":\"SearchAction\",\"target\":{\"@type\":\"EntryPoint\",\"urlTemplate\":\"https:\/\/www.nexoinformativo.mx\/?s={search_term_string}\"},\"query-input\":{\"@type\":\"PropertyValueSpecification\",\"valueRequired\":true,\"valueName\":\"search_term_string\"}}],\"inLanguage\":\"es\"},{\"@type\":\"Organization\",\"@id\":\"https:\/\/www.nexoinformativo.mx\/#organization\",\"name\":\"Nexo Informativo Santiago de Quer\u00e9taro\",\"url\":\"https:\/\/www.nexoinformativo.mx\/\",\"logo\":{\"@type\":\"ImageObject\",\"inLanguage\":\"es\",\"@id\":\"https:\/\/www.nexoinformativo.mx\/#\/schema\/logo\/image\/\",\"url\":\"https:\/\/www.nexoinformativo.mx\/wp-content\/uploads\/2024\/07\/nexoi-trasparente-2.png\",\"contentUrl\":\"https:\/\/www.nexoinformativo.mx\/wp-content\/uploads\/2024\/07\/nexoi-trasparente-2.png\",\"width\":816,\"height\":339,\"caption\":\"Nexo Informativo Santiago de Quer\u00e9taro\"},\"image\":{\"@id\":\"https:\/\/www.nexoinformativo.mx\/#\/schema\/logo\/image\/\"},\"sameAs\":[\"https:\/\/www.facebook.com\/people\/Nexo-Informativo\/61564066885511\/\"]},{\"@type\":\"Person\",\"@id\":\"https:\/\/www.nexoinformativo.mx\/#\/schema\/person\/7749d380ba08c8ca00d7bc76fd907b7d\",\"name\":\"Nexo Informativo\",\"image\":{\"@type\":\"ImageObject\",\"inLanguage\":\"es\",\"@id\":\"https:\/\/www.nexoinformativo.mx\/#\/schema\/person\/image\/\",\"url\":\"https:\/\/secure.gravatar.com\/avatar\/dde2928154642a13d95f87ddf1ea9718fe2b46760a005c53e41ff5ad610704e6?s=96&d=mm&r=g\",\"contentUrl\":\"https:\/\/secure.gravatar.com\/avatar\/dde2928154642a13d95f87ddf1ea9718fe2b46760a005c53e41ff5ad610704e6?s=96&d=mm&r=g\",\"caption\":\"Nexo Informativo\"},\"url\":\"https:\/\/www.nexoinformativo.mx\/index.php\/author\/edicion\/\"}]}<\/script>\n<!-- \/ Yoast SEO plugin. -->","yoast_head_json":{"title":"Quer\u00e9taro afina detalles de seguridad para el 5 de Febrero con apoyo federal | Nexo Informativo Santiago de Quer\u00e9taro","description":"Quer\u00e9taro afina detalles de seguridad para el 5 de Febrero con apoyo federal","robots":{"index":"index","follow":"follow","max-snippet":"max-snippet:-1","max-image-preview":"max-image-preview:large","max-video-preview":"max-video-preview:-1"},"canonical":"https:\/\/www.nexoinformativo.mx\/index.php\/2025\/01\/30\/queretaro-afina-detalles-de-seguridad-para-el-5-de-febrero-con-apoyo-federal\/","og_locale":"es_MX","og_type":"article","og_title":"Quer\u00e9taro afina detalles de seguridad para el 5 de Febrero con apoyo federal | Nexo Informativo Santiago de Quer\u00e9taro","og_description":"Quer\u00e9taro afina detalles de seguridad para el 5 de Febrero con apoyo federal","og_url":"https:\/\/www.nexoinformativo.mx\/index.php\/2025\/01\/30\/queretaro-afina-detalles-de-seguridad-para-el-5-de-febrero-con-apoyo-federal\/","og_site_name":"Nexo Informativo Santiago de Quer\u00e9taro","article_publisher":"https:\/\/www.facebook.com\/people\/Nexo-Informativo\/61564066885511\/","article_published_time":"2025-01-30T14:30:05+00:00","article_modified_time":"2025-01-30T19:45:34+00:00","og_image":[{"width":800,"height":533,"url":"https:\/\/www.nexoinformativo.mx\/wp-content\/uploads\/2025\/01\/8458b05c-9090-4024-8466-555edbd74e51-e1738266295818.jpg","type":"image\/jpeg"}],"author":"Nexo Informativo","twitter_card":"summary_large_image","twitter_misc":{"Escrito por":"Nexo Informativo","Tiempo de lectura":"1 minuto"},"schema":{"@context":"https:\/\/schema.org","@graph":[{"@type":"Article","@id":"https:\/\/www.nexoinformativo.mx\/index.php\/2025\/01\/30\/queretaro-afina-detalles-de-seguridad-para-el-5-de-febrero-con-apoyo-federal\/#article","isPartOf":{"@id":"https:\/\/www.nexoinformativo.mx\/index.php\/2025\/01\/30\/queretaro-afina-detalles-de-seguridad-para-el-5-de-febrero-con-apoyo-federal\/"},"author":{"name":"Nexo Informativo","@id":"https:\/\/www.nexoinformativo.mx\/#\/schema\/person\/7749d380ba08c8ca00d7bc76fd907b7d"},"headline":"Quer\u00e9taro afina detalles de seguridad para el 5 de Febrero con apoyo federal","datePublished":"2025-01-30T14:30:05+00:00","dateModified":"2025-01-30T19:45:34+00:00","mainEntityOfPage":{"@id":"https:\/\/www.nexoinformativo.mx\/index.php\/2025\/01\/30\/queretaro-afina-detalles-de-seguridad-para-el-5-de-febrero-con-apoyo-federal\/"},"wordCount":180,"commentCount":0,"publisher":{"@id":"https:\/\/www.nexoinformativo.mx\/#organization"},"image":{"@id":"https:\/\/www.nexoinformativo.mx\/index.php\/2025\/01\/30\/queretaro-afina-detalles-de-seguridad-para-el-5-de-febrero-con-apoyo-federal\/#primaryimage"},"thumbnailUrl":"https:\/\/www.nexoinformativo.mx\/wp-content\/uploads\/2025\/01\/8458b05c-9090-4024-8466-555edbd74e51-e1738266295818.jpg","keywords":["5deFebrero","Constituci\u00f3nMexicana","Quer\u00e9taro","Seguridad"],"articleSection":["Estado","\u00daltima Hora"],"inLanguage":"es","potentialAction":[{"@type":"CommentAction","name":"Comment","target":["https:\/\/www.nexoinformativo.mx\/index.php\/2025\/01\/30\/queretaro-afina-detalles-de-seguridad-para-el-5-de-febrero-con-apoyo-federal\/#respond"]}]},{"@type":"WebPage","@id":"https:\/\/www.nexoinformativo.mx\/index.php\/2025\/01\/30\/queretaro-afina-detalles-de-seguridad-para-el-5-de-febrero-con-apoyo-federal\/","url":"https:\/\/www.nexoinformativo.mx\/index.php\/2025\/01\/30\/queretaro-afina-detalles-de-seguridad-para-el-5-de-febrero-con-apoyo-federal\/","name":"Quer\u00e9taro afina detalles de seguridad para el 5 de Febrero con apoyo federal | Nexo Informativo Santiago de Quer\u00e9taro","isPartOf":{"@id":"https:\/\/www.nexoinformativo.mx\/#website"},"primaryImageOfPage":{"@id":"https:\/\/www.nexoinformativo.mx\/index.php\/2025\/01\/30\/queretaro-afina-detalles-de-seguridad-para-el-5-de-febrero-con-apoyo-federal\/#primaryimage"},"image":{"@id":"https:\/\/www.nexoinformativo.mx\/index.php\/2025\/01\/30\/queretaro-afina-detalles-de-seguridad-para-el-5-de-febrero-con-apoyo-federal\/#primaryimage"},"thumbnailUrl":"https:\/\/www.nexoinformativo.mx\/wp-content\/uploads\/2025\/01\/8458b05c-9090-4024-8466-555edbd74e51-e1738266295818.jpg","datePublished":"2025-01-30T14:30:05+00:00","dateModified":"2025-01-30T19:45:34+00:00","description":"Quer\u00e9taro afina detalles de seguridad para el 5 de Febrero con apoyo federal","breadcrumb":{"@id":"https:\/\/www.nexoinformativo.mx\/index.php\/2025\/01\/30\/queretaro-afina-detalles-de-seguridad-para-el-5-de-febrero-con-apoyo-federal\/#breadcrumb"},"inLanguage":"es","potentialAction":[{"@type":"ReadAction","target":["https:\/\/www.nexoinformativo.mx\/index.php\/2025\/01\/30\/queretaro-afina-detalles-de-seguridad-para-el-5-de-febrero-con-apoyo-federal\/"]}]},{"@type":"ImageObject","inLanguage":"es","@id":"https:\/\/www.nexoinformativo.mx\/index.php\/2025\/01\/30\/queretaro-afina-detalles-de-seguridad-para-el-5-de-febrero-con-apoyo-federal\/#primaryimage","url":"https:\/\/www.nexoinformativo.mx\/wp-content\/uploads\/2025\/01\/8458b05c-9090-4024-8466-555edbd74e51-e1738266295818.jpg","contentUrl":"https:\/\/www.nexoinformativo.mx\/wp-content\/uploads\/2025\/01\/8458b05c-9090-4024-8466-555edbd74e51-e1738266295818.jpg","width":800,"height":533},{"@type":"BreadcrumbList","@id":"https:\/\/www.nexoinformativo.mx\/index.php\/2025\/01\/30\/queretaro-afina-detalles-de-seguridad-para-el-5-de-febrero-con-apoyo-federal\/#breadcrumb","itemListElement":[{"@type":"ListItem","position":1,"name":"Inicio","item":"https:\/\/www.nexoinformativo.mx\/"},{"@type":"ListItem","position":2,"name":"Quer\u00e9taro afina detalles de seguridad para el 5 de Febrero con apoyo federal"}]},{"@type":"WebSite","@id":"https:\/\/www.nexoinformativo.mx\/#website","url":"https:\/\/www.nexoinformativo.mx\/","name":"Nexo Informativo Santiago de Quer\u00e9taro","description":"Explora NexoInformativo y convi\u00e9rtete en parte de una comunidad que valora el conocimiento y la verdad. Tu nexoinformativo es tu puente hacia una comprensi\u00f3n m\u00e1s profunda del mundo que te rodea.","publisher":{"@id":"https:\/\/www.nexoinformativo.mx\/#organization"},"potentialAction":[{"@type":"SearchAction","target":{"@type":"EntryPoint","urlTemplate":"https:\/\/www.nexoinformativo.mx\/?s={search_term_string}"},"query-input":{"@type":"PropertyValueSpecification","valueRequired":true,"valueName":"search_term_string"}}],"inLanguage":"es"},{"@type":"Organization","@id":"https:\/\/www.nexoinformativo.mx\/#organization","name":"Nexo Informativo Santiago de Quer\u00e9taro","url":"https:\/\/www.nexoinformativo.mx\/","logo":{"@type":"ImageObject","inLanguage":"es","@id":"https:\/\/www.nexoinformativo.mx\/#\/schema\/logo\/image\/","url":"https:\/\/www.nexoinformativo.mx\/wp-content\/uploads\/2024\/07\/nexoi-trasparente-2.png","contentUrl":"https:\/\/www.nexoinformativo.mx\/wp-content\/uploads\/2024\/07\/nexoi-trasparente-2.png","width":816,"height":339,"caption":"Nexo Informativo Santiago de Quer\u00e9taro"},"image":{"@id":"https:\/\/www.nexoinformativo.mx\/#\/schema\/logo\/image\/"},"sameAs":["https:\/\/www.facebook.com\/people\/Nexo-Informativo\/61564066885511\/"]},{"@type":"Person","@id":"https:\/\/www.nexoinformativo.mx\/#\/schema\/person\/7749d380ba08c8ca00d7bc76fd907b7d","name":"Nexo Informativo","image":{"@type":"ImageObject","inLanguage":"es","@id":"https:\/\/www.nexoinformativo.mx\/#\/schema\/person\/image\/","url":"https:\/\/secure.gravatar.com\/avatar\/dde2928154642a13d95f87ddf1ea9718fe2b46760a005c53e41ff5ad610704e6?s=96&d=mm&r=g","contentUrl":"https:\/\/secure.gravatar.com\/avatar\/dde2928154642a13d95f87ddf1ea9718fe2b46760a005c53e41ff5ad610704e6?s=96&d=mm&r=g","caption":"Nexo Informativo"},"url":"https:\/\/www.nexoinformativo.mx\/index.php\/author\/edicion\/"}]}},"_links":{"self":[{"href":"https:\/\/www.nexoinformativo.mx\/index.php\/wp-json\/wp\/v2\/posts\/10910","targetHints":{"allow":["GET"]}}],"collection":[{"href":"https:\/\/www.nexoinformativo.mx\/index.php\/wp-json\/wp\/v2\/posts"}],"about":[{"href":"https:\/\/www.nexoinformativo.mx\/index.php\/wp-json\/wp\/v2\/types\/post"}],"author":[{"embeddable":true,"href":"https:\/\/www.nexoinformativo.mx\/index.php\/wp-json\/wp\/v2\/users\/3"}],"replies":[{"embeddable":true,"href":"https:\/\/www.nexoinformativo.mx\/index.php\/wp-json\/wp\/v2\/comments?post=10910"}],"version-history":[{"count":3,"href":"https:\/\/www.nexoinformativo.mx\/index.php\/wp-json\/wp\/v2\/posts\/10910\/revisions"}],"predecessor-version":[{"id":10914,"href":"https:\/\/www.nexoinformativo.mx\/index.php\/wp-json\/wp\/v2\/posts\/10910\/revisions\/10914"}],"wp:featuredmedia":[{"embeddable":true,"href":"https:\/\/www.nexoinformativo.mx\/index.php\/wp-json\/wp\/v2\/media\/10911"}],"wp:attachment":[{"href":"https:\/\/www.nexoinformativo.mx\/index.php\/wp-json\/wp\/v2\/media?parent=10910"}],"wp:term":[{"taxonomy":"category","embeddable":true,"href":"https:\/\/www.nexoinformativo.mx\/index.php\/wp-json\/wp\/v2\/categories?post=10910"},{"taxonomy":"post_tag","embeddable":true,"href":"https:\/\/www.nexoinformativo.mx\/index.php\/wp-json\/wp\/v2\/tags?post=10910"}],"curies":[{"name":"wp","href":"https:\/\/api.w.org\/{rel}","templated":true}]}}