{"id":10920,"date":"2025-01-30T09:30:19","date_gmt":"2025-01-30T15:30:19","guid":{"rendered":"https:\/\/www.nexoinformativo.mx\/?p=10920"},"modified":"2025-01-30T13:54:53","modified_gmt":"2025-01-30T19:54:53","slug":"escuelas-de-queretaro-reportan-baja-incidencia-de-enfermedades-respiratorias","status":"publish","type":"post","link":"https:\/\/www.nexoinformativo.mx\/index.php\/2025\/01\/30\/escuelas-de-queretaro-reportan-baja-incidencia-de-enfermedades-respiratorias\/","title":{"rendered":"Escuelas de Quer\u00e9taro reportan baja incidencia de enfermedades respiratorias"},"content":{"rendered":"<p style=\"text-align: justify;\" data-sourcepos=\"11:1-11:214\">La secretaria de Educaci\u00f3n, Martha Elena Soto Obreg\u00f3n, inform\u00f3 que no se han registrado casos de ausentismo escolar significativo por enfermedades respiratorias en las escuelas de Quer\u00e9taro.<\/p>\n<\/p>\n<p>&nbsp;<\/p>\n<p style=\"text-align: justify;\" data-sourcepos=\"13:1-13:383\">Soto Obreg\u00f3n se\u00f1al\u00f3 que, si bien se han presentado casos aislados de estudiantes con s\u00edntomas respiratorios, estos no han representado un problema generalizado en las escuelas.<\/p>\n<\/p>\n<p>&nbsp;<\/p>\n<p style=\"text-align: justify;\" data-sourcepos=\"13:1-13:383\">Sin embargo, la secretaria hizo un llamado a los padres de familia y a las escuelas a no bajar la guardia y seguir implementando medidas preventivas para evitar la propagaci\u00f3n de enfermedades respiratorias.<\/p>\n<\/p>\n<p>&nbsp;<\/p>\n<p style=\"text-align: justify;\" data-sourcepos=\"15:1-15:219\"><strong>&#8220;Es importante que los padres de familia mantengan a sus hijos en casa si presentan s\u00edntomas respiratorios y que las escuelas contin\u00faen aplicando filtros sanitarios para detectar posibles casos&#8221;<\/strong>, recomend\u00f3 Soto Obreg\u00f3n.<\/p>\n<\/p>\n<p>&nbsp;<\/p>\n<p style=\"text-align: justify;\" data-sourcepos=\"17:1-17:174\">La secretaria tambi\u00e9n destac\u00f3 la importancia de que los estudiantes utilicen cubrebocas y mantengan una buena higiene de manos para protegerse a s\u00ed mismos y a sus compa\u00f1eros.<\/p>\n<\/p>\n<p>&nbsp;<\/p>\n<p style=\"text-align: justify;\" data-sourcepos=\"19:1-19:285\">A pesar de la baja incidencia de enfermedades respiratorias en las escuelas, la Secretar\u00eda de Educaci\u00f3n reitera su compromiso con la salud y el bienestar de los estudiantes y exhorta a la comunidad educativa a seguir trabajando en conjunto para prevenir la propagaci\u00f3n de enfermedades.<\/p>\n<\/p>\n<p>&nbsp;<\/p>\n<p style=\"text-align: center;\" data-sourcepos=\"19:1-19:285\"><em><strong>\u00a1Informaci\u00f3n que transforma!<\/strong><\/em><\/p>\n","protected":false},"excerpt":{"rendered":"<p>La secretaria de Educaci\u00f3n, Martha Elena Soto Obreg\u00f3n, inform\u00f3 que no se han registrado casos de ausentismo escolar significativo por enfermedades respiratorias en las escuelas de Quer\u00e9taro.<\/p>\n","protected":false},"author":3,"featured_media":10921,"comment_status":"open","ping_status":"open","sticky":false,"template":"","format":"standard","meta":{"footnotes":""},"categories":[42,58],"tags":[2322,806,133,947],"class_list":["post-10920","post","type-post","status-publish","format-standard","has-post-thumbnail","hentry","category-estado","category-ultima-hora","tag-enfermedadesrespiratorias","tag-prevencion","tag-queretaro","tag-saludescolar"],"yoast_head":"<!-- This site is optimized with the Yoast SEO plugin v25.0 - https:\/\/yoast.com\/wordpress\/plugins\/seo\/ -->\n<title>Escuelas de Quer\u00e9taro reportan baja incidencia de enfermedades respiratorias | Nexo Informativo Santiago de Quer\u00e9taro<\/title>\n<meta name=\"description\" content=\"Escuelas de Quer\u00e9taro reportan baja incidencia de enfermedades respiratorias\" \/>\n<meta name=\"robots\" content=\"index, follow, max-snippet:-1, max-image-preview:large, max-video-preview:-1\" \/>\n<link rel=\"canonical\" href=\"https:\/\/www.nexoinformativo.mx\/index.php\/2025\/01\/30\/escuelas-de-queretaro-reportan-baja-incidencia-de-enfermedades-respiratorias\/\" \/>\n<meta property=\"og:locale\" content=\"es_MX\" \/>\n<meta property=\"og:type\" content=\"article\" \/>\n<meta property=\"og:title\" content=\"Escuelas de Quer\u00e9taro reportan baja incidencia de enfermedades respiratorias | Nexo Informativo Santiago de Quer\u00e9taro\" \/>\n<meta property=\"og:description\" content=\"Escuelas de Quer\u00e9taro reportan baja incidencia de enfermedades respiratorias\" \/>\n<meta property=\"og:url\" content=\"https:\/\/www.nexoinformativo.mx\/index.php\/2025\/01\/30\/escuelas-de-queretaro-reportan-baja-incidencia-de-enfermedades-respiratorias\/\" \/>\n<meta property=\"og:site_name\" content=\"Nexo Informativo Santiago de Quer\u00e9taro\" \/>\n<meta property=\"article:publisher\" content=\"https:\/\/www.facebook.com\/people\/Nexo-Informativo\/61564066885511\/\" \/>\n<meta property=\"article:published_time\" content=\"2025-01-30T15:30:19+00:00\" \/>\n<meta property=\"article:modified_time\" content=\"2025-01-30T19:54:53+00:00\" \/>\n<meta property=\"og:image\" content=\"https:\/\/www.nexoinformativo.mx\/wp-content\/uploads\/2025\/01\/a609b718-9c1e-42ac-b6df-9afeb135f91d-e1738266852866.jpg\" \/>\n\t<meta property=\"og:image:width\" content=\"700\" \/>\n\t<meta property=\"og:image:height\" content=\"427\" \/>\n\t<meta property=\"og:image:type\" content=\"image\/jpeg\" \/>\n<meta name=\"author\" content=\"Nexo Informativo\" \/>\n<meta name=\"twitter:card\" content=\"summary_large_image\" \/>\n<meta name=\"twitter:label1\" content=\"Escrito por\" \/>\n\t<meta name=\"twitter:data1\" content=\"Nexo Informativo\" \/>\n\t<meta name=\"twitter:label2\" content=\"Tiempo de lectura\" \/>\n\t<meta name=\"twitter:data2\" content=\"2 minutos\" \/>\n<script type=\"application\/ld+json\" class=\"yoast-schema-graph\">{\"@context\":\"https:\/\/schema.org\",\"@graph\":[{\"@type\":\"Article\",\"@id\":\"https:\/\/www.nexoinformativo.mx\/index.php\/2025\/01\/30\/escuelas-de-queretaro-reportan-baja-incidencia-de-enfermedades-respiratorias\/#article\",\"isPartOf\":{\"@id\":\"https:\/\/www.nexoinformativo.mx\/index.php\/2025\/01\/30\/escuelas-de-queretaro-reportan-baja-incidencia-de-enfermedades-respiratorias\/\"},\"author\":{\"name\":\"Nexo Informativo\",\"@id\":\"https:\/\/www.nexoinformativo.mx\/#\/schema\/person\/7749d380ba08c8ca00d7bc76fd907b7d\"},\"headline\":\"Escuelas de Quer\u00e9taro reportan baja incidencia de enfermedades respiratorias\",\"datePublished\":\"2025-01-30T15:30:19+00:00\",\"dateModified\":\"2025-01-30T19:54:53+00:00\",\"mainEntityOfPage\":{\"@id\":\"https:\/\/www.nexoinformativo.mx\/index.php\/2025\/01\/30\/escuelas-de-queretaro-reportan-baja-incidencia-de-enfermedades-respiratorias\/\"},\"wordCount\":226,\"commentCount\":0,\"publisher\":{\"@id\":\"https:\/\/www.nexoinformativo.mx\/#organization\"},\"image\":{\"@id\":\"https:\/\/www.nexoinformativo.mx\/index.php\/2025\/01\/30\/escuelas-de-queretaro-reportan-baja-incidencia-de-enfermedades-respiratorias\/#primaryimage\"},\"thumbnailUrl\":\"https:\/\/www.nexoinformativo.mx\/wp-content\/uploads\/2025\/01\/a609b718-9c1e-42ac-b6df-9afeb135f91d-e1738266852866.jpg\",\"keywords\":[\"EnfermedadesRespiratorias\",\"Prevenci\u00f3n\",\"Quer\u00e9taro\",\"SaludEscolar\"],\"articleSection\":[\"Estado\",\"\u00daltima Hora\"],\"inLanguage\":\"es\",\"potentialAction\":[{\"@type\":\"CommentAction\",\"name\":\"Comment\",\"target\":[\"https:\/\/www.nexoinformativo.mx\/index.php\/2025\/01\/30\/escuelas-de-queretaro-reportan-baja-incidencia-de-enfermedades-respiratorias\/#respond\"]}]},{\"@type\":\"WebPage\",\"@id\":\"https:\/\/www.nexoinformativo.mx\/index.php\/2025\/01\/30\/escuelas-de-queretaro-reportan-baja-incidencia-de-enfermedades-respiratorias\/\",\"url\":\"https:\/\/www.nexoinformativo.mx\/index.php\/2025\/01\/30\/escuelas-de-queretaro-reportan-baja-incidencia-de-enfermedades-respiratorias\/\",\"name\":\"Escuelas de Quer\u00e9taro reportan baja incidencia de enfermedades respiratorias | Nexo Informativo Santiago de Quer\u00e9taro\",\"isPartOf\":{\"@id\":\"https:\/\/www.nexoinformativo.mx\/#website\"},\"primaryImageOfPage\":{\"@id\":\"https:\/\/www.nexoinformativo.mx\/index.php\/2025\/01\/30\/escuelas-de-queretaro-reportan-baja-incidencia-de-enfermedades-respiratorias\/#primaryimage\"},\"image\":{\"@id\":\"https:\/\/www.nexoinformativo.mx\/index.php\/2025\/01\/30\/escuelas-de-queretaro-reportan-baja-incidencia-de-enfermedades-respiratorias\/#primaryimage\"},\"thumbnailUrl\":\"https:\/\/www.nexoinformativo.mx\/wp-content\/uploads\/2025\/01\/a609b718-9c1e-42ac-b6df-9afeb135f91d-e1738266852866.jpg\",\"datePublished\":\"2025-01-30T15:30:19+00:00\",\"dateModified\":\"2025-01-30T19:54:53+00:00\",\"description\":\"Escuelas de Quer\u00e9taro reportan baja incidencia de enfermedades respiratorias\",\"breadcrumb\":{\"@id\":\"https:\/\/www.nexoinformativo.mx\/index.php\/2025\/01\/30\/escuelas-de-queretaro-reportan-baja-incidencia-de-enfermedades-respiratorias\/#breadcrumb\"},\"inLanguage\":\"es\",\"potentialAction\":[{\"@type\":\"ReadAction\",\"target\":[\"https:\/\/www.nexoinformativo.mx\/index.php\/2025\/01\/30\/escuelas-de-queretaro-reportan-baja-incidencia-de-enfermedades-respiratorias\/\"]}]},{\"@type\":\"ImageObject\",\"inLanguage\":\"es\",\"@id\":\"https:\/\/www.nexoinformativo.mx\/index.php\/2025\/01\/30\/escuelas-de-queretaro-reportan-baja-incidencia-de-enfermedades-respiratorias\/#primaryimage\",\"url\":\"https:\/\/www.nexoinformativo.mx\/wp-content\/uploads\/2025\/01\/a609b718-9c1e-42ac-b6df-9afeb135f91d-e1738266852866.jpg\",\"contentUrl\":\"https:\/\/www.nexoinformativo.mx\/wp-content\/uploads\/2025\/01\/a609b718-9c1e-42ac-b6df-9afeb135f91d-e1738266852866.jpg\",\"width\":700,\"height\":427},{\"@type\":\"BreadcrumbList\",\"@id\":\"https:\/\/www.nexoinformativo.mx\/index.php\/2025\/01\/30\/escuelas-de-queretaro-reportan-baja-incidencia-de-enfermedades-respiratorias\/#breadcrumb\",\"itemListElement\":[{\"@type\":\"ListItem\",\"position\":1,\"name\":\"Inicio\",\"item\":\"https:\/\/www.nexoinformativo.mx\/\"},{\"@type\":\"ListItem\",\"position\":2,\"name\":\"Escuelas de Quer\u00e9taro reportan baja incidencia de enfermedades respiratorias\"}]},{\"@type\":\"WebSite\",\"@id\":\"https:\/\/www.nexoinformativo.mx\/#website\",\"url\":\"https:\/\/www.nexoinformativo.mx\/\",\"name\":\"Nexo Informativo Santiago de Quer\u00e9taro\",\"description\":\"Explora NexoInformativo y convi\u00e9rtete en parte de una comunidad que valora el conocimiento y la verdad. Tu nexoinformativo es tu puente hacia una comprensi\u00f3n m\u00e1s profunda del mundo que te rodea.\",\"publisher\":{\"@id\":\"https:\/\/www.nexoinformativo.mx\/#organization\"},\"potentialAction\":[{\"@type\":\"SearchAction\",\"target\":{\"@type\":\"EntryPoint\",\"urlTemplate\":\"https:\/\/www.nexoinformativo.mx\/?s={search_term_string}\"},\"query-input\":{\"@type\":\"PropertyValueSpecification\",\"valueRequired\":true,\"valueName\":\"search_term_string\"}}],\"inLanguage\":\"es\"},{\"@type\":\"Organization\",\"@id\":\"https:\/\/www.nexoinformativo.mx\/#organization\",\"name\":\"Nexo Informativo Santiago de Quer\u00e9taro\",\"url\":\"https:\/\/www.nexoinformativo.mx\/\",\"logo\":{\"@type\":\"ImageObject\",\"inLanguage\":\"es\",\"@id\":\"https:\/\/www.nexoinformativo.mx\/#\/schema\/logo\/image\/\",\"url\":\"https:\/\/www.nexoinformativo.mx\/wp-content\/uploads\/2024\/07\/nexoi-trasparente-2.png\",\"contentUrl\":\"https:\/\/www.nexoinformativo.mx\/wp-content\/uploads\/2024\/07\/nexoi-trasparente-2.png\",\"width\":816,\"height\":339,\"caption\":\"Nexo Informativo Santiago de Quer\u00e9taro\"},\"image\":{\"@id\":\"https:\/\/www.nexoinformativo.mx\/#\/schema\/logo\/image\/\"},\"sameAs\":[\"https:\/\/www.facebook.com\/people\/Nexo-Informativo\/61564066885511\/\"]},{\"@type\":\"Person\",\"@id\":\"https:\/\/www.nexoinformativo.mx\/#\/schema\/person\/7749d380ba08c8ca00d7bc76fd907b7d\",\"name\":\"Nexo Informativo\",\"image\":{\"@type\":\"ImageObject\",\"inLanguage\":\"es\",\"@id\":\"https:\/\/www.nexoinformativo.mx\/#\/schema\/person\/image\/\",\"url\":\"https:\/\/secure.gravatar.com\/avatar\/dde2928154642a13d95f87ddf1ea9718fe2b46760a005c53e41ff5ad610704e6?s=96&d=mm&r=g\",\"contentUrl\":\"https:\/\/secure.gravatar.com\/avatar\/dde2928154642a13d95f87ddf1ea9718fe2b46760a005c53e41ff5ad610704e6?s=96&d=mm&r=g\",\"caption\":\"Nexo Informativo\"},\"url\":\"https:\/\/www.nexoinformativo.mx\/index.php\/author\/edicion\/\"}]}<\/script>\n<!-- \/ Yoast SEO plugin. -->","yoast_head_json":{"title":"Escuelas de Quer\u00e9taro reportan baja incidencia de enfermedades respiratorias | Nexo Informativo Santiago de Quer\u00e9taro","description":"Escuelas de Quer\u00e9taro reportan baja incidencia de enfermedades respiratorias","robots":{"index":"index","follow":"follow","max-snippet":"max-snippet:-1","max-image-preview":"max-image-preview:large","max-video-preview":"max-video-preview:-1"},"canonical":"https:\/\/www.nexoinformativo.mx\/index.php\/2025\/01\/30\/escuelas-de-queretaro-reportan-baja-incidencia-de-enfermedades-respiratorias\/","og_locale":"es_MX","og_type":"article","og_title":"Escuelas de Quer\u00e9taro reportan baja incidencia de enfermedades respiratorias | Nexo Informativo Santiago de Quer\u00e9taro","og_description":"Escuelas de Quer\u00e9taro reportan baja incidencia de enfermedades respiratorias","og_url":"https:\/\/www.nexoinformativo.mx\/index.php\/2025\/01\/30\/escuelas-de-queretaro-reportan-baja-incidencia-de-enfermedades-respiratorias\/","og_site_name":"Nexo Informativo Santiago de Quer\u00e9taro","article_publisher":"https:\/\/www.facebook.com\/people\/Nexo-Informativo\/61564066885511\/","article_published_time":"2025-01-30T15:30:19+00:00","article_modified_time":"2025-01-30T19:54:53+00:00","og_image":[{"width":700,"height":427,"url":"https:\/\/www.nexoinformativo.mx\/wp-content\/uploads\/2025\/01\/a609b718-9c1e-42ac-b6df-9afeb135f91d-e1738266852866.jpg","type":"image\/jpeg"}],"author":"Nexo Informativo","twitter_card":"summary_large_image","twitter_misc":{"Escrito por":"Nexo Informativo","Tiempo de lectura":"2 minutos"},"schema":{"@context":"https:\/\/schema.org","@graph":[{"@type":"Article","@id":"https:\/\/www.nexoinformativo.mx\/index.php\/2025\/01\/30\/escuelas-de-queretaro-reportan-baja-incidencia-de-enfermedades-respiratorias\/#article","isPartOf":{"@id":"https:\/\/www.nexoinformativo.mx\/index.php\/2025\/01\/30\/escuelas-de-queretaro-reportan-baja-incidencia-de-enfermedades-respiratorias\/"},"author":{"name":"Nexo Informativo","@id":"https:\/\/www.nexoinformativo.mx\/#\/schema\/person\/7749d380ba08c8ca00d7bc76fd907b7d"},"headline":"Escuelas de Quer\u00e9taro reportan baja incidencia de enfermedades respiratorias","datePublished":"2025-01-30T15:30:19+00:00","dateModified":"2025-01-30T19:54:53+00:00","mainEntityOfPage":{"@id":"https:\/\/www.nexoinformativo.mx\/index.php\/2025\/01\/30\/escuelas-de-queretaro-reportan-baja-incidencia-de-enfermedades-respiratorias\/"},"wordCount":226,"commentCount":0,"publisher":{"@id":"https:\/\/www.nexoinformativo.mx\/#organization"},"image":{"@id":"https:\/\/www.nexoinformativo.mx\/index.php\/2025\/01\/30\/escuelas-de-queretaro-reportan-baja-incidencia-de-enfermedades-respiratorias\/#primaryimage"},"thumbnailUrl":"https:\/\/www.nexoinformativo.mx\/wp-content\/uploads\/2025\/01\/a609b718-9c1e-42ac-b6df-9afeb135f91d-e1738266852866.jpg","keywords":["EnfermedadesRespiratorias","Prevenci\u00f3n","Quer\u00e9taro","SaludEscolar"],"articleSection":["Estado","\u00daltima Hora"],"inLanguage":"es","potentialAction":[{"@type":"CommentAction","name":"Comment","target":["https:\/\/www.nexoinformativo.mx\/index.php\/2025\/01\/30\/escuelas-de-queretaro-reportan-baja-incidencia-de-enfermedades-respiratorias\/#respond"]}]},{"@type":"WebPage","@id":"https:\/\/www.nexoinformativo.mx\/index.php\/2025\/01\/30\/escuelas-de-queretaro-reportan-baja-incidencia-de-enfermedades-respiratorias\/","url":"https:\/\/www.nexoinformativo.mx\/index.php\/2025\/01\/30\/escuelas-de-queretaro-reportan-baja-incidencia-de-enfermedades-respiratorias\/","name":"Escuelas de Quer\u00e9taro reportan baja incidencia de enfermedades respiratorias | Nexo Informativo Santiago de Quer\u00e9taro","isPartOf":{"@id":"https:\/\/www.nexoinformativo.mx\/#website"},"primaryImageOfPage":{"@id":"https:\/\/www.nexoinformativo.mx\/index.php\/2025\/01\/30\/escuelas-de-queretaro-reportan-baja-incidencia-de-enfermedades-respiratorias\/#primaryimage"},"image":{"@id":"https:\/\/www.nexoinformativo.mx\/index.php\/2025\/01\/30\/escuelas-de-queretaro-reportan-baja-incidencia-de-enfermedades-respiratorias\/#primaryimage"},"thumbnailUrl":"https:\/\/www.nexoinformativo.mx\/wp-content\/uploads\/2025\/01\/a609b718-9c1e-42ac-b6df-9afeb135f91d-e1738266852866.jpg","datePublished":"2025-01-30T15:30:19+00:00","dateModified":"2025-01-30T19:54:53+00:00","description":"Escuelas de Quer\u00e9taro reportan baja incidencia de enfermedades respiratorias","breadcrumb":{"@id":"https:\/\/www.nexoinformativo.mx\/index.php\/2025\/01\/30\/escuelas-de-queretaro-reportan-baja-incidencia-de-enfermedades-respiratorias\/#breadcrumb"},"inLanguage":"es","potentialAction":[{"@type":"ReadAction","target":["https:\/\/www.nexoinformativo.mx\/index.php\/2025\/01\/30\/escuelas-de-queretaro-reportan-baja-incidencia-de-enfermedades-respiratorias\/"]}]},{"@type":"ImageObject","inLanguage":"es","@id":"https:\/\/www.nexoinformativo.mx\/index.php\/2025\/01\/30\/escuelas-de-queretaro-reportan-baja-incidencia-de-enfermedades-respiratorias\/#primaryimage","url":"https:\/\/www.nexoinformativo.mx\/wp-content\/uploads\/2025\/01\/a609b718-9c1e-42ac-b6df-9afeb135f91d-e1738266852866.jpg","contentUrl":"https:\/\/www.nexoinformativo.mx\/wp-content\/uploads\/2025\/01\/a609b718-9c1e-42ac-b6df-9afeb135f91d-e1738266852866.jpg","width":700,"height":427},{"@type":"BreadcrumbList","@id":"https:\/\/www.nexoinformativo.mx\/index.php\/2025\/01\/30\/escuelas-de-queretaro-reportan-baja-incidencia-de-enfermedades-respiratorias\/#breadcrumb","itemListElement":[{"@type":"ListItem","position":1,"name":"Inicio","item":"https:\/\/www.nexoinformativo.mx\/"},{"@type":"ListItem","position":2,"name":"Escuelas de Quer\u00e9taro reportan baja incidencia de enfermedades respiratorias"}]},{"@type":"WebSite","@id":"https:\/\/www.nexoinformativo.mx\/#website","url":"https:\/\/www.nexoinformativo.mx\/","name":"Nexo Informativo Santiago de Quer\u00e9taro","description":"Explora NexoInformativo y convi\u00e9rtete en parte de una comunidad que valora el conocimiento y la verdad. Tu nexoinformativo es tu puente hacia una comprensi\u00f3n m\u00e1s profunda del mundo que te rodea.","publisher":{"@id":"https:\/\/www.nexoinformativo.mx\/#organization"},"potentialAction":[{"@type":"SearchAction","target":{"@type":"EntryPoint","urlTemplate":"https:\/\/www.nexoinformativo.mx\/?s={search_term_string}"},"query-input":{"@type":"PropertyValueSpecification","valueRequired":true,"valueName":"search_term_string"}}],"inLanguage":"es"},{"@type":"Organization","@id":"https:\/\/www.nexoinformativo.mx\/#organization","name":"Nexo Informativo Santiago de Quer\u00e9taro","url":"https:\/\/www.nexoinformativo.mx\/","logo":{"@type":"ImageObject","inLanguage":"es","@id":"https:\/\/www.nexoinformativo.mx\/#\/schema\/logo\/image\/","url":"https:\/\/www.nexoinformativo.mx\/wp-content\/uploads\/2024\/07\/nexoi-trasparente-2.png","contentUrl":"https:\/\/www.nexoinformativo.mx\/wp-content\/uploads\/2024\/07\/nexoi-trasparente-2.png","width":816,"height":339,"caption":"Nexo Informativo Santiago de Quer\u00e9taro"},"image":{"@id":"https:\/\/www.nexoinformativo.mx\/#\/schema\/logo\/image\/"},"sameAs":["https:\/\/www.facebook.com\/people\/Nexo-Informativo\/61564066885511\/"]},{"@type":"Person","@id":"https:\/\/www.nexoinformativo.mx\/#\/schema\/person\/7749d380ba08c8ca00d7bc76fd907b7d","name":"Nexo Informativo","image":{"@type":"ImageObject","inLanguage":"es","@id":"https:\/\/www.nexoinformativo.mx\/#\/schema\/person\/image\/","url":"https:\/\/secure.gravatar.com\/avatar\/dde2928154642a13d95f87ddf1ea9718fe2b46760a005c53e41ff5ad610704e6?s=96&d=mm&r=g","contentUrl":"https:\/\/secure.gravatar.com\/avatar\/dde2928154642a13d95f87ddf1ea9718fe2b46760a005c53e41ff5ad610704e6?s=96&d=mm&r=g","caption":"Nexo Informativo"},"url":"https:\/\/www.nexoinformativo.mx\/index.php\/author\/edicion\/"}]}},"_links":{"self":[{"href":"https:\/\/www.nexoinformativo.mx\/index.php\/wp-json\/wp\/v2\/posts\/10920","targetHints":{"allow":["GET"]}}],"collection":[{"href":"https:\/\/www.nexoinformativo.mx\/index.php\/wp-json\/wp\/v2\/posts"}],"about":[{"href":"https:\/\/www.nexoinformativo.mx\/index.php\/wp-json\/wp\/v2\/types\/post"}],"author":[{"embeddable":true,"href":"https:\/\/www.nexoinformativo.mx\/index.php\/wp-json\/wp\/v2\/users\/3"}],"replies":[{"embeddable":true,"href":"https:\/\/www.nexoinformativo.mx\/index.php\/wp-json\/wp\/v2\/comments?post=10920"}],"version-history":[{"count":3,"href":"https:\/\/www.nexoinformativo.mx\/index.php\/wp-json\/wp\/v2\/posts\/10920\/revisions"}],"predecessor-version":[{"id":10924,"href":"https:\/\/www.nexoinformativo.mx\/index.php\/wp-json\/wp\/v2\/posts\/10920\/revisions\/10924"}],"wp:featuredmedia":[{"embeddable":true,"href":"https:\/\/www.nexoinformativo.mx\/index.php\/wp-json\/wp\/v2\/media\/10921"}],"wp:attachment":[{"href":"https:\/\/www.nexoinformativo.mx\/index.php\/wp-json\/wp\/v2\/media?parent=10920"}],"wp:term":[{"taxonomy":"category","embeddable":true,"href":"https:\/\/www.nexoinformativo.mx\/index.php\/wp-json\/wp\/v2\/categories?post=10920"},{"taxonomy":"post_tag","embeddable":true,"href":"https:\/\/www.nexoinformativo.mx\/index.php\/wp-json\/wp\/v2\/tags?post=10920"}],"curies":[{"name":"wp","href":"https:\/\/api.w.org\/{rel}","templated":true}]}}