{"id":10925,"date":"2025-01-30T10:00:07","date_gmt":"2025-01-30T16:00:07","guid":{"rendered":"https:\/\/www.nexoinformativo.mx\/?p=10925"},"modified":"2025-01-30T14:01:02","modified_gmt":"2025-01-30T20:01:02","slug":"sedea-entrega-apoyos-de-maiz-a-familias-afectadas-por-la-sequia-en-amealco","status":"publish","type":"post","link":"https:\/\/www.nexoinformativo.mx\/index.php\/2025\/01\/30\/sedea-entrega-apoyos-de-maiz-a-familias-afectadas-por-la-sequia-en-amealco\/","title":{"rendered":"Sedea entrega apoyos de ma\u00edz a familias afectadas por la sequ\u00eda en Amealco"},"content":{"rendered":"<p style=\"text-align: justify;\" data-sourcepos=\"11:1-11:282\">Con el objetivo de mitigar los efectos de la sequ\u00eda que afecta a las familias del campo en Amealco de Bonfil, la Secretar\u00eda de Desarrollo Agropecuario (Sedea) entreg\u00f3 m\u00e1s de mil toneladas de ma\u00edz para consumo humano a cinco mil 139 productores.<\/p>\n<\/p>\n<p>&nbsp;<\/p>\n<p style=\"text-align: justify;\" data-sourcepos=\"13:1-13:295\">El titular de la Sedea, Rosendo Anaya, encabez\u00f3 la entrega de apoyos en el marco del Programa Estatal Emergente para Productores Agropecuarios Afectados por Sequ\u00eda. Durante el evento, Anaya Aguilar destac\u00f3 el compromiso del gobernador de estar cerca de los productores y atender sus necesidades.<\/p>\n<\/p>\n<p>&nbsp;<\/p>\n<p style=\"text-align: justify;\" data-sourcepos=\"15:1-15:393\">&#8220;Lo que nos dice el Gobernador es, a ver, tienen que estar cerca de los productores. Y nosotros, quiz\u00e1 ustedes nos pueden seguir en redes sociales, lo que hacemos, de manera permanente, es estar recorriendo los municipios, y en ese recorrido de los municipios, lo que hago, es la segunda instrucci\u00f3n que me da el Gobernador: escucha, pero ve qu\u00e9 es lo que necesita el productor&#8221;, se\u00f1al\u00f3 Anaya.<\/p>\n<\/p>\n<p>&nbsp;<\/p>\n<p style=\"text-align: justify;\" data-sourcepos=\"17:1-17:172\">El funcionario estatal pidi\u00f3 a los productores estar atentos a los pr\u00f3ximos programas de apoyo y reiter\u00f3 que solo trabajando unidos se podr\u00e1n superar los tiempos dif\u00edciles.<\/p>\n<\/p>\n<p>&nbsp;<\/p>\n<p style=\"text-align: justify;\" data-sourcepos=\"19:1-19:206\">Por su parte, el presidente municipal de Amealco de Bonfil, Oscar P\u00e9rez, agradeci\u00f3 el apoyo del Gobierno del Estado y reconoci\u00f3 la importancia de trabajar en equipo para beneficiar a las familias del campo.<\/p>\n<\/p>\n<p>&nbsp;<\/p>\n<p style=\"text-align: justify;\" data-sourcepos=\"21:1-21:181\">Finalmente, el representante de los beneficiarios, Luis Franco Mej\u00eda, agradeci\u00f3 el compromiso de las autoridades y destac\u00f3 que este apoyo es de gran ayuda para la econom\u00eda familiar.<\/p>\n<\/p>\n<p>&nbsp;<\/p>\n<p style=\"text-align: center;\" data-sourcepos=\"21:1-21:181\"><em><strong>\u00a1Informaci\u00f3n que transforma!<\/strong><\/em><\/p>\n","protected":false},"excerpt":{"rendered":"<p>Con el objetivo de mitigar los efectos de la sequ\u00eda que afecta a las familias del campo en Amealco de Bonfil, la Secretar\u00eda de Desarrollo Agropecuario (Sedea) entreg\u00f3 m\u00e1s de mil toneladas de ma\u00edz para consumo humano a cinco mil 139 productores.<\/p>\n","protected":false},"author":3,"featured_media":10926,"comment_status":"open","ping_status":"open","sticky":false,"template":"","format":"standard","meta":{"footnotes":""},"categories":[5,65,58],"tags":[216,211,3294,2597],"class_list":["post-10925","post","type-post","status-publish","format-standard","has-post-thumbnail","hentry","category-economia","category-municipios","category-ultima-hora","tag-amealco","tag-apoyoalcampo","tag-sedea","tag-sequia"],"yoast_head":"<!-- This site is optimized with the Yoast SEO plugin v25.0 - https:\/\/yoast.com\/wordpress\/plugins\/seo\/ -->\n<title>Sedea entrega apoyos de ma\u00edz a familias afectadas por la sequ\u00eda en Amealco | Nexo Informativo Santiago de Quer\u00e9taro<\/title>\n<meta name=\"description\" content=\"Sedea entrega apoyos de ma\u00edz a familias afectadas por la sequ\u00eda en Amealco\" \/>\n<meta name=\"robots\" content=\"index, follow, max-snippet:-1, max-image-preview:large, max-video-preview:-1\" \/>\n<link rel=\"canonical\" href=\"https:\/\/www.nexoinformativo.mx\/index.php\/2025\/01\/30\/sedea-entrega-apoyos-de-maiz-a-familias-afectadas-por-la-sequia-en-amealco\/\" \/>\n<meta property=\"og:locale\" content=\"es_MX\" \/>\n<meta property=\"og:type\" content=\"article\" \/>\n<meta property=\"og:title\" content=\"Sedea entrega apoyos de ma\u00edz a familias afectadas por la sequ\u00eda en Amealco | Nexo Informativo Santiago de Quer\u00e9taro\" \/>\n<meta property=\"og:description\" content=\"Sedea entrega apoyos de ma\u00edz a familias afectadas por la sequ\u00eda en Amealco\" \/>\n<meta property=\"og:url\" content=\"https:\/\/www.nexoinformativo.mx\/index.php\/2025\/01\/30\/sedea-entrega-apoyos-de-maiz-a-familias-afectadas-por-la-sequia-en-amealco\/\" \/>\n<meta property=\"og:site_name\" content=\"Nexo Informativo Santiago de Quer\u00e9taro\" \/>\n<meta property=\"article:publisher\" content=\"https:\/\/www.facebook.com\/people\/Nexo-Informativo\/61564066885511\/\" \/>\n<meta property=\"article:published_time\" content=\"2025-01-30T16:00:07+00:00\" \/>\n<meta property=\"article:modified_time\" content=\"2025-01-30T20:01:02+00:00\" \/>\n<meta property=\"og:image\" content=\"https:\/\/www.nexoinformativo.mx\/wp-content\/uploads\/2025\/01\/PHOTO-2025-01-30-12-47-03-e1738267216260.jpg\" \/>\n\t<meta property=\"og:image:width\" content=\"800\" \/>\n\t<meta property=\"og:image:height\" content=\"533\" \/>\n\t<meta property=\"og:image:type\" content=\"image\/jpeg\" \/>\n<meta name=\"author\" content=\"Nexo Informativo\" \/>\n<meta name=\"twitter:card\" content=\"summary_large_image\" \/>\n<meta name=\"twitter:label1\" content=\"Escrito por\" \/>\n\t<meta name=\"twitter:data1\" content=\"Nexo Informativo\" \/>\n\t<meta name=\"twitter:label2\" content=\"Tiempo de lectura\" \/>\n\t<meta name=\"twitter:data2\" content=\"2 minutos\" \/>\n<script type=\"application\/ld+json\" class=\"yoast-schema-graph\">{\"@context\":\"https:\/\/schema.org\",\"@graph\":[{\"@type\":\"Article\",\"@id\":\"https:\/\/www.nexoinformativo.mx\/index.php\/2025\/01\/30\/sedea-entrega-apoyos-de-maiz-a-familias-afectadas-por-la-sequia-en-amealco\/#article\",\"isPartOf\":{\"@id\":\"https:\/\/www.nexoinformativo.mx\/index.php\/2025\/01\/30\/sedea-entrega-apoyos-de-maiz-a-familias-afectadas-por-la-sequia-en-amealco\/\"},\"author\":{\"name\":\"Nexo Informativo\",\"@id\":\"https:\/\/www.nexoinformativo.mx\/#\/schema\/person\/7749d380ba08c8ca00d7bc76fd907b7d\"},\"headline\":\"Sedea entrega apoyos de ma\u00edz a familias afectadas por la sequ\u00eda en Amealco\",\"datePublished\":\"2025-01-30T16:00:07+00:00\",\"dateModified\":\"2025-01-30T20:01:02+00:00\",\"mainEntityOfPage\":{\"@id\":\"https:\/\/www.nexoinformativo.mx\/index.php\/2025\/01\/30\/sedea-entrega-apoyos-de-maiz-a-familias-afectadas-por-la-sequia-en-amealco\/\"},\"wordCount\":281,\"commentCount\":0,\"publisher\":{\"@id\":\"https:\/\/www.nexoinformativo.mx\/#organization\"},\"image\":{\"@id\":\"https:\/\/www.nexoinformativo.mx\/index.php\/2025\/01\/30\/sedea-entrega-apoyos-de-maiz-a-familias-afectadas-por-la-sequia-en-amealco\/#primaryimage\"},\"thumbnailUrl\":\"https:\/\/www.nexoinformativo.mx\/wp-content\/uploads\/2025\/01\/PHOTO-2025-01-30-12-47-03-e1738267216260.jpg\",\"keywords\":[\"Amealco\",\"ApoyoalCampo\",\"Sedea\",\"Sequ\u00eda\"],\"articleSection\":[\"Econom\u00eda\",\"Municipios\",\"\u00daltima Hora\"],\"inLanguage\":\"es\",\"potentialAction\":[{\"@type\":\"CommentAction\",\"name\":\"Comment\",\"target\":[\"https:\/\/www.nexoinformativo.mx\/index.php\/2025\/01\/30\/sedea-entrega-apoyos-de-maiz-a-familias-afectadas-por-la-sequia-en-amealco\/#respond\"]}]},{\"@type\":\"WebPage\",\"@id\":\"https:\/\/www.nexoinformativo.mx\/index.php\/2025\/01\/30\/sedea-entrega-apoyos-de-maiz-a-familias-afectadas-por-la-sequia-en-amealco\/\",\"url\":\"https:\/\/www.nexoinformativo.mx\/index.php\/2025\/01\/30\/sedea-entrega-apoyos-de-maiz-a-familias-afectadas-por-la-sequia-en-amealco\/\",\"name\":\"Sedea entrega apoyos de ma\u00edz a familias afectadas por la sequ\u00eda en Amealco | Nexo Informativo Santiago de Quer\u00e9taro\",\"isPartOf\":{\"@id\":\"https:\/\/www.nexoinformativo.mx\/#website\"},\"primaryImageOfPage\":{\"@id\":\"https:\/\/www.nexoinformativo.mx\/index.php\/2025\/01\/30\/sedea-entrega-apoyos-de-maiz-a-familias-afectadas-por-la-sequia-en-amealco\/#primaryimage\"},\"image\":{\"@id\":\"https:\/\/www.nexoinformativo.mx\/index.php\/2025\/01\/30\/sedea-entrega-apoyos-de-maiz-a-familias-afectadas-por-la-sequia-en-amealco\/#primaryimage\"},\"thumbnailUrl\":\"https:\/\/www.nexoinformativo.mx\/wp-content\/uploads\/2025\/01\/PHOTO-2025-01-30-12-47-03-e1738267216260.jpg\",\"datePublished\":\"2025-01-30T16:00:07+00:00\",\"dateModified\":\"2025-01-30T20:01:02+00:00\",\"description\":\"Sedea entrega apoyos de ma\u00edz a familias afectadas por la sequ\u00eda en Amealco\",\"breadcrumb\":{\"@id\":\"https:\/\/www.nexoinformativo.mx\/index.php\/2025\/01\/30\/sedea-entrega-apoyos-de-maiz-a-familias-afectadas-por-la-sequia-en-amealco\/#breadcrumb\"},\"inLanguage\":\"es\",\"potentialAction\":[{\"@type\":\"ReadAction\",\"target\":[\"https:\/\/www.nexoinformativo.mx\/index.php\/2025\/01\/30\/sedea-entrega-apoyos-de-maiz-a-familias-afectadas-por-la-sequia-en-amealco\/\"]}]},{\"@type\":\"ImageObject\",\"inLanguage\":\"es\",\"@id\":\"https:\/\/www.nexoinformativo.mx\/index.php\/2025\/01\/30\/sedea-entrega-apoyos-de-maiz-a-familias-afectadas-por-la-sequia-en-amealco\/#primaryimage\",\"url\":\"https:\/\/www.nexoinformativo.mx\/wp-content\/uploads\/2025\/01\/PHOTO-2025-01-30-12-47-03-e1738267216260.jpg\",\"contentUrl\":\"https:\/\/www.nexoinformativo.mx\/wp-content\/uploads\/2025\/01\/PHOTO-2025-01-30-12-47-03-e1738267216260.jpg\",\"width\":800,\"height\":533},{\"@type\":\"BreadcrumbList\",\"@id\":\"https:\/\/www.nexoinformativo.mx\/index.php\/2025\/01\/30\/sedea-entrega-apoyos-de-maiz-a-familias-afectadas-por-la-sequia-en-amealco\/#breadcrumb\",\"itemListElement\":[{\"@type\":\"ListItem\",\"position\":1,\"name\":\"Inicio\",\"item\":\"https:\/\/www.nexoinformativo.mx\/\"},{\"@type\":\"ListItem\",\"position\":2,\"name\":\"Sedea entrega apoyos de ma\u00edz a familias afectadas por la sequ\u00eda en Amealco\"}]},{\"@type\":\"WebSite\",\"@id\":\"https:\/\/www.nexoinformativo.mx\/#website\",\"url\":\"https:\/\/www.nexoinformativo.mx\/\",\"name\":\"Nexo Informativo Santiago de Quer\u00e9taro\",\"description\":\"Explora NexoInformativo y convi\u00e9rtete en parte de una comunidad que valora el conocimiento y la verdad. Tu nexoinformativo es tu puente hacia una comprensi\u00f3n m\u00e1s profunda del mundo que te rodea.\",\"publisher\":{\"@id\":\"https:\/\/www.nexoinformativo.mx\/#organization\"},\"potentialAction\":[{\"@type\":\"SearchAction\",\"target\":{\"@type\":\"EntryPoint\",\"urlTemplate\":\"https:\/\/www.nexoinformativo.mx\/?s={search_term_string}\"},\"query-input\":{\"@type\":\"PropertyValueSpecification\",\"valueRequired\":true,\"valueName\":\"search_term_string\"}}],\"inLanguage\":\"es\"},{\"@type\":\"Organization\",\"@id\":\"https:\/\/www.nexoinformativo.mx\/#organization\",\"name\":\"Nexo Informativo Santiago de Quer\u00e9taro\",\"url\":\"https:\/\/www.nexoinformativo.mx\/\",\"logo\":{\"@type\":\"ImageObject\",\"inLanguage\":\"es\",\"@id\":\"https:\/\/www.nexoinformativo.mx\/#\/schema\/logo\/image\/\",\"url\":\"https:\/\/www.nexoinformativo.mx\/wp-content\/uploads\/2024\/07\/nexoi-trasparente-2.png\",\"contentUrl\":\"https:\/\/www.nexoinformativo.mx\/wp-content\/uploads\/2024\/07\/nexoi-trasparente-2.png\",\"width\":816,\"height\":339,\"caption\":\"Nexo Informativo Santiago de Quer\u00e9taro\"},\"image\":{\"@id\":\"https:\/\/www.nexoinformativo.mx\/#\/schema\/logo\/image\/\"},\"sameAs\":[\"https:\/\/www.facebook.com\/people\/Nexo-Informativo\/61564066885511\/\"]},{\"@type\":\"Person\",\"@id\":\"https:\/\/www.nexoinformativo.mx\/#\/schema\/person\/7749d380ba08c8ca00d7bc76fd907b7d\",\"name\":\"Nexo Informativo\",\"image\":{\"@type\":\"ImageObject\",\"inLanguage\":\"es\",\"@id\":\"https:\/\/www.nexoinformativo.mx\/#\/schema\/person\/image\/\",\"url\":\"https:\/\/secure.gravatar.com\/avatar\/dde2928154642a13d95f87ddf1ea9718fe2b46760a005c53e41ff5ad610704e6?s=96&d=mm&r=g\",\"contentUrl\":\"https:\/\/secure.gravatar.com\/avatar\/dde2928154642a13d95f87ddf1ea9718fe2b46760a005c53e41ff5ad610704e6?s=96&d=mm&r=g\",\"caption\":\"Nexo Informativo\"},\"url\":\"https:\/\/www.nexoinformativo.mx\/index.php\/author\/edicion\/\"}]}<\/script>\n<!-- \/ Yoast SEO plugin. -->","yoast_head_json":{"title":"Sedea entrega apoyos de ma\u00edz a familias afectadas por la sequ\u00eda en Amealco | Nexo Informativo Santiago de Quer\u00e9taro","description":"Sedea entrega apoyos de ma\u00edz a familias afectadas por la sequ\u00eda en Amealco","robots":{"index":"index","follow":"follow","max-snippet":"max-snippet:-1","max-image-preview":"max-image-preview:large","max-video-preview":"max-video-preview:-1"},"canonical":"https:\/\/www.nexoinformativo.mx\/index.php\/2025\/01\/30\/sedea-entrega-apoyos-de-maiz-a-familias-afectadas-por-la-sequia-en-amealco\/","og_locale":"es_MX","og_type":"article","og_title":"Sedea entrega apoyos de ma\u00edz a familias afectadas por la sequ\u00eda en Amealco | Nexo Informativo Santiago de Quer\u00e9taro","og_description":"Sedea entrega apoyos de ma\u00edz a familias afectadas por la sequ\u00eda en Amealco","og_url":"https:\/\/www.nexoinformativo.mx\/index.php\/2025\/01\/30\/sedea-entrega-apoyos-de-maiz-a-familias-afectadas-por-la-sequia-en-amealco\/","og_site_name":"Nexo Informativo Santiago de Quer\u00e9taro","article_publisher":"https:\/\/www.facebook.com\/people\/Nexo-Informativo\/61564066885511\/","article_published_time":"2025-01-30T16:00:07+00:00","article_modified_time":"2025-01-30T20:01:02+00:00","og_image":[{"width":800,"height":533,"url":"https:\/\/www.nexoinformativo.mx\/wp-content\/uploads\/2025\/01\/PHOTO-2025-01-30-12-47-03-e1738267216260.jpg","type":"image\/jpeg"}],"author":"Nexo Informativo","twitter_card":"summary_large_image","twitter_misc":{"Escrito por":"Nexo Informativo","Tiempo de lectura":"2 minutos"},"schema":{"@context":"https:\/\/schema.org","@graph":[{"@type":"Article","@id":"https:\/\/www.nexoinformativo.mx\/index.php\/2025\/01\/30\/sedea-entrega-apoyos-de-maiz-a-familias-afectadas-por-la-sequia-en-amealco\/#article","isPartOf":{"@id":"https:\/\/www.nexoinformativo.mx\/index.php\/2025\/01\/30\/sedea-entrega-apoyos-de-maiz-a-familias-afectadas-por-la-sequia-en-amealco\/"},"author":{"name":"Nexo Informativo","@id":"https:\/\/www.nexoinformativo.mx\/#\/schema\/person\/7749d380ba08c8ca00d7bc76fd907b7d"},"headline":"Sedea entrega apoyos de ma\u00edz a familias afectadas por la sequ\u00eda en Amealco","datePublished":"2025-01-30T16:00:07+00:00","dateModified":"2025-01-30T20:01:02+00:00","mainEntityOfPage":{"@id":"https:\/\/www.nexoinformativo.mx\/index.php\/2025\/01\/30\/sedea-entrega-apoyos-de-maiz-a-familias-afectadas-por-la-sequia-en-amealco\/"},"wordCount":281,"commentCount":0,"publisher":{"@id":"https:\/\/www.nexoinformativo.mx\/#organization"},"image":{"@id":"https:\/\/www.nexoinformativo.mx\/index.php\/2025\/01\/30\/sedea-entrega-apoyos-de-maiz-a-familias-afectadas-por-la-sequia-en-amealco\/#primaryimage"},"thumbnailUrl":"https:\/\/www.nexoinformativo.mx\/wp-content\/uploads\/2025\/01\/PHOTO-2025-01-30-12-47-03-e1738267216260.jpg","keywords":["Amealco","ApoyoalCampo","Sedea","Sequ\u00eda"],"articleSection":["Econom\u00eda","Municipios","\u00daltima Hora"],"inLanguage":"es","potentialAction":[{"@type":"CommentAction","name":"Comment","target":["https:\/\/www.nexoinformativo.mx\/index.php\/2025\/01\/30\/sedea-entrega-apoyos-de-maiz-a-familias-afectadas-por-la-sequia-en-amealco\/#respond"]}]},{"@type":"WebPage","@id":"https:\/\/www.nexoinformativo.mx\/index.php\/2025\/01\/30\/sedea-entrega-apoyos-de-maiz-a-familias-afectadas-por-la-sequia-en-amealco\/","url":"https:\/\/www.nexoinformativo.mx\/index.php\/2025\/01\/30\/sedea-entrega-apoyos-de-maiz-a-familias-afectadas-por-la-sequia-en-amealco\/","name":"Sedea entrega apoyos de ma\u00edz a familias afectadas por la sequ\u00eda en Amealco | Nexo Informativo Santiago de Quer\u00e9taro","isPartOf":{"@id":"https:\/\/www.nexoinformativo.mx\/#website"},"primaryImageOfPage":{"@id":"https:\/\/www.nexoinformativo.mx\/index.php\/2025\/01\/30\/sedea-entrega-apoyos-de-maiz-a-familias-afectadas-por-la-sequia-en-amealco\/#primaryimage"},"image":{"@id":"https:\/\/www.nexoinformativo.mx\/index.php\/2025\/01\/30\/sedea-entrega-apoyos-de-maiz-a-familias-afectadas-por-la-sequia-en-amealco\/#primaryimage"},"thumbnailUrl":"https:\/\/www.nexoinformativo.mx\/wp-content\/uploads\/2025\/01\/PHOTO-2025-01-30-12-47-03-e1738267216260.jpg","datePublished":"2025-01-30T16:00:07+00:00","dateModified":"2025-01-30T20:01:02+00:00","description":"Sedea entrega apoyos de ma\u00edz a familias afectadas por la sequ\u00eda en Amealco","breadcrumb":{"@id":"https:\/\/www.nexoinformativo.mx\/index.php\/2025\/01\/30\/sedea-entrega-apoyos-de-maiz-a-familias-afectadas-por-la-sequia-en-amealco\/#breadcrumb"},"inLanguage":"es","potentialAction":[{"@type":"ReadAction","target":["https:\/\/www.nexoinformativo.mx\/index.php\/2025\/01\/30\/sedea-entrega-apoyos-de-maiz-a-familias-afectadas-por-la-sequia-en-amealco\/"]}]},{"@type":"ImageObject","inLanguage":"es","@id":"https:\/\/www.nexoinformativo.mx\/index.php\/2025\/01\/30\/sedea-entrega-apoyos-de-maiz-a-familias-afectadas-por-la-sequia-en-amealco\/#primaryimage","url":"https:\/\/www.nexoinformativo.mx\/wp-content\/uploads\/2025\/01\/PHOTO-2025-01-30-12-47-03-e1738267216260.jpg","contentUrl":"https:\/\/www.nexoinformativo.mx\/wp-content\/uploads\/2025\/01\/PHOTO-2025-01-30-12-47-03-e1738267216260.jpg","width":800,"height":533},{"@type":"BreadcrumbList","@id":"https:\/\/www.nexoinformativo.mx\/index.php\/2025\/01\/30\/sedea-entrega-apoyos-de-maiz-a-familias-afectadas-por-la-sequia-en-amealco\/#breadcrumb","itemListElement":[{"@type":"ListItem","position":1,"name":"Inicio","item":"https:\/\/www.nexoinformativo.mx\/"},{"@type":"ListItem","position":2,"name":"Sedea entrega apoyos de ma\u00edz a familias afectadas por la sequ\u00eda en Amealco"}]},{"@type":"WebSite","@id":"https:\/\/www.nexoinformativo.mx\/#website","url":"https:\/\/www.nexoinformativo.mx\/","name":"Nexo Informativo Santiago de Quer\u00e9taro","description":"Explora NexoInformativo y convi\u00e9rtete en parte de una comunidad que valora el conocimiento y la verdad. Tu nexoinformativo es tu puente hacia una comprensi\u00f3n m\u00e1s profunda del mundo que te rodea.","publisher":{"@id":"https:\/\/www.nexoinformativo.mx\/#organization"},"potentialAction":[{"@type":"SearchAction","target":{"@type":"EntryPoint","urlTemplate":"https:\/\/www.nexoinformativo.mx\/?s={search_term_string}"},"query-input":{"@type":"PropertyValueSpecification","valueRequired":true,"valueName":"search_term_string"}}],"inLanguage":"es"},{"@type":"Organization","@id":"https:\/\/www.nexoinformativo.mx\/#organization","name":"Nexo Informativo Santiago de Quer\u00e9taro","url":"https:\/\/www.nexoinformativo.mx\/","logo":{"@type":"ImageObject","inLanguage":"es","@id":"https:\/\/www.nexoinformativo.mx\/#\/schema\/logo\/image\/","url":"https:\/\/www.nexoinformativo.mx\/wp-content\/uploads\/2024\/07\/nexoi-trasparente-2.png","contentUrl":"https:\/\/www.nexoinformativo.mx\/wp-content\/uploads\/2024\/07\/nexoi-trasparente-2.png","width":816,"height":339,"caption":"Nexo Informativo Santiago de Quer\u00e9taro"},"image":{"@id":"https:\/\/www.nexoinformativo.mx\/#\/schema\/logo\/image\/"},"sameAs":["https:\/\/www.facebook.com\/people\/Nexo-Informativo\/61564066885511\/"]},{"@type":"Person","@id":"https:\/\/www.nexoinformativo.mx\/#\/schema\/person\/7749d380ba08c8ca00d7bc76fd907b7d","name":"Nexo Informativo","image":{"@type":"ImageObject","inLanguage":"es","@id":"https:\/\/www.nexoinformativo.mx\/#\/schema\/person\/image\/","url":"https:\/\/secure.gravatar.com\/avatar\/dde2928154642a13d95f87ddf1ea9718fe2b46760a005c53e41ff5ad610704e6?s=96&d=mm&r=g","contentUrl":"https:\/\/secure.gravatar.com\/avatar\/dde2928154642a13d95f87ddf1ea9718fe2b46760a005c53e41ff5ad610704e6?s=96&d=mm&r=g","caption":"Nexo Informativo"},"url":"https:\/\/www.nexoinformativo.mx\/index.php\/author\/edicion\/"}]}},"_links":{"self":[{"href":"https:\/\/www.nexoinformativo.mx\/index.php\/wp-json\/wp\/v2\/posts\/10925","targetHints":{"allow":["GET"]}}],"collection":[{"href":"https:\/\/www.nexoinformativo.mx\/index.php\/wp-json\/wp\/v2\/posts"}],"about":[{"href":"https:\/\/www.nexoinformativo.mx\/index.php\/wp-json\/wp\/v2\/types\/post"}],"author":[{"embeddable":true,"href":"https:\/\/www.nexoinformativo.mx\/index.php\/wp-json\/wp\/v2\/users\/3"}],"replies":[{"embeddable":true,"href":"https:\/\/www.nexoinformativo.mx\/index.php\/wp-json\/wp\/v2\/comments?post=10925"}],"version-history":[{"count":3,"href":"https:\/\/www.nexoinformativo.mx\/index.php\/wp-json\/wp\/v2\/posts\/10925\/revisions"}],"predecessor-version":[{"id":10929,"href":"https:\/\/www.nexoinformativo.mx\/index.php\/wp-json\/wp\/v2\/posts\/10925\/revisions\/10929"}],"wp:featuredmedia":[{"embeddable":true,"href":"https:\/\/www.nexoinformativo.mx\/index.php\/wp-json\/wp\/v2\/media\/10926"}],"wp:attachment":[{"href":"https:\/\/www.nexoinformativo.mx\/index.php\/wp-json\/wp\/v2\/media?parent=10925"}],"wp:term":[{"taxonomy":"category","embeddable":true,"href":"https:\/\/www.nexoinformativo.mx\/index.php\/wp-json\/wp\/v2\/categories?post=10925"},{"taxonomy":"post_tag","embeddable":true,"href":"https:\/\/www.nexoinformativo.mx\/index.php\/wp-json\/wp\/v2\/tags?post=10925"}],"curies":[{"name":"wp","href":"https:\/\/api.w.org\/{rel}","templated":true}]}}