{"id":10944,"date":"2025-01-30T12:30:57","date_gmt":"2025-01-30T18:30:57","guid":{"rendered":"https:\/\/www.nexoinformativo.mx\/?p=10944"},"modified":"2025-01-30T15:49:36","modified_gmt":"2025-01-30T21:49:36","slug":"el-marques-impulsa-16-actividades-deportivas-gratuitas-para-todas-las-edades","status":"publish","type":"post","link":"https:\/\/www.nexoinformativo.mx\/index.php\/2025\/01\/30\/el-marques-impulsa-16-actividades-deportivas-gratuitas-para-todas-las-edades\/","title":{"rendered":"El Marqu\u00e9s impulsa 16 actividades deportivas gratuitas para todas las edades"},"content":{"rendered":"<p style=\"text-align: justify;\" data-sourcepos=\"11:1-11:395\">El gobierno municipal de El Marqu\u00e9s, encabezado por Rodrigo Monsalvo, sigue apostando por el deporte como una herramienta fundamental para fortalecer el tejido social y mejorar la calidad de vida de sus habitantes.<\/p>\n<p>&nbsp;<\/p>\n<p style=\"text-align: justify;\" data-sourcepos=\"11:1-11:395\">A trav\u00e9s del Instituto del Deporte y Cultura (INDECU), se ofrecen de manera gratuita 16 disciplinas deportivas en diferentes puntos del municipio.<\/p>\n<p>&nbsp;<\/p>\n<p style=\"text-align: justify;\" data-sourcepos=\"13:1-13:279\">Con un equipo de 79 promotores deportivos, las actividades se llevan a cabo en 35 comunidades y 18 fraccionamientos, llegando a un gran n\u00famero de personas. Entre las disciplinas ofertadas se encuentran atletismo, boxeo, taekwondo, f\u00fatbol, baile fitness y kickboxing, entre otras.<\/p>\n<p>&nbsp;<\/p>\n<p style=\"text-align: justify;\" data-sourcepos=\"15:1-15:282\">Para participar, solo es necesario acudir al lugar de la actividad deseada con una copia de identificaci\u00f3n oficial, un certificado m\u00e9dico y llenar un formulario de inscripci\u00f3n. Los horarios y ubicaciones pueden consultarse llamando al tel\u00e9fono 442 238 84 00 extensiones 1204 y 2212.<\/p>\n<p>&nbsp;<\/p>\n<p style=\"text-align: justify;\" data-sourcepos=\"17:1-17:304\">&#8220;El deporte es una herramienta fundamental para fomentar la convivencia, la salud y el desarrollo integral de las personas, por eso, estamos comprometidos a ofrecer a nuestros ciudadanos espacios y programas deportivos de calidad y gratuitos&#8221; afirm\u00f3 el presidente municipal, Monsalvo.<\/p>\n<p>&nbsp;<\/p>\n<p style=\"text-align: center;\" data-sourcepos=\"17:1-17:304\"><em><strong>\u00a1Informacion que transforma!<\/strong><\/em><\/p>\n","protected":false},"excerpt":{"rendered":"<p>El gobierno municipal de El Marqu\u00e9s, encabezado por Rodrigo Monsalvo, sigue apostando por el deporte como una herramienta fundamental para fortalecer el tejido social y mejorar la calidad de vida de sus habitantes.<\/p>\n","protected":false},"author":3,"featured_media":10945,"comment_status":"open","ping_status":"open","sticky":false,"template":"","format":"standard","meta":{"footnotes":""},"categories":[65,58],"tags":[3299,1269,149,3298],"class_list":["post-10944","post","type-post","status-publish","format-standard","has-post-thumbnail","hentry","category-municipios","category-ultima-hora","tag-comunidad","tag-deporteparatodos","tag-elmarques","tag-vidasana"],"yoast_head":"<!-- This site is optimized with the Yoast SEO plugin v25.0 - https:\/\/yoast.com\/wordpress\/plugins\/seo\/ -->\n<title>El Marqu\u00e9s impulsa 16 actividades deportivas gratuitas para todas las edades | Nexo Informativo Santiago de Quer\u00e9taro<\/title>\n<meta name=\"description\" content=\"El Marqu\u00e9s impulsa 16 actividades deportivas gratuitas para todas las edades\" \/>\n<meta name=\"robots\" content=\"index, follow, max-snippet:-1, max-image-preview:large, max-video-preview:-1\" \/>\n<link rel=\"canonical\" href=\"https:\/\/www.nexoinformativo.mx\/index.php\/2025\/01\/30\/el-marques-impulsa-16-actividades-deportivas-gratuitas-para-todas-las-edades\/\" \/>\n<meta property=\"og:locale\" content=\"es_MX\" \/>\n<meta property=\"og:type\" content=\"article\" \/>\n<meta property=\"og:title\" content=\"El Marqu\u00e9s impulsa 16 actividades deportivas gratuitas para todas las edades | Nexo Informativo Santiago de Quer\u00e9taro\" \/>\n<meta property=\"og:description\" content=\"El Marqu\u00e9s impulsa 16 actividades deportivas gratuitas para todas las edades\" \/>\n<meta property=\"og:url\" content=\"https:\/\/www.nexoinformativo.mx\/index.php\/2025\/01\/30\/el-marques-impulsa-16-actividades-deportivas-gratuitas-para-todas-las-edades\/\" \/>\n<meta property=\"og:site_name\" content=\"Nexo Informativo Santiago de Quer\u00e9taro\" \/>\n<meta property=\"article:publisher\" content=\"https:\/\/www.facebook.com\/people\/Nexo-Informativo\/61564066885511\/\" \/>\n<meta property=\"article:published_time\" content=\"2025-01-30T18:30:57+00:00\" \/>\n<meta property=\"article:modified_time\" content=\"2025-01-30T21:49:36+00:00\" \/>\n<meta property=\"og:image\" content=\"https:\/\/www.nexoinformativo.mx\/wp-content\/uploads\/2025\/01\/46cd9617-e1fb-489e-895e-1a7f68300c3a-e1738273711116.jpg\" \/>\n\t<meta property=\"og:image:width\" content=\"800\" \/>\n\t<meta property=\"og:image:height\" content=\"532\" \/>\n\t<meta property=\"og:image:type\" content=\"image\/jpeg\" \/>\n<meta name=\"author\" content=\"Nexo Informativo\" \/>\n<meta name=\"twitter:card\" content=\"summary_large_image\" \/>\n<meta name=\"twitter:label1\" content=\"Escrito por\" \/>\n\t<meta name=\"twitter:data1\" content=\"Nexo Informativo\" \/>\n\t<meta name=\"twitter:label2\" content=\"Tiempo de lectura\" \/>\n\t<meta name=\"twitter:data2\" content=\"2 minutos\" \/>\n<script type=\"application\/ld+json\" class=\"yoast-schema-graph\">{\"@context\":\"https:\/\/schema.org\",\"@graph\":[{\"@type\":\"Article\",\"@id\":\"https:\/\/www.nexoinformativo.mx\/index.php\/2025\/01\/30\/el-marques-impulsa-16-actividades-deportivas-gratuitas-para-todas-las-edades\/#article\",\"isPartOf\":{\"@id\":\"https:\/\/www.nexoinformativo.mx\/index.php\/2025\/01\/30\/el-marques-impulsa-16-actividades-deportivas-gratuitas-para-todas-las-edades\/\"},\"author\":{\"name\":\"Nexo Informativo\",\"@id\":\"https:\/\/www.nexoinformativo.mx\/#\/schema\/person\/7749d380ba08c8ca00d7bc76fd907b7d\"},\"headline\":\"El Marqu\u00e9s impulsa 16 actividades deportivas gratuitas para todas las edades\",\"datePublished\":\"2025-01-30T18:30:57+00:00\",\"dateModified\":\"2025-01-30T21:49:36+00:00\",\"mainEntityOfPage\":{\"@id\":\"https:\/\/www.nexoinformativo.mx\/index.php\/2025\/01\/30\/el-marques-impulsa-16-actividades-deportivas-gratuitas-para-todas-las-edades\/\"},\"wordCount\":199,\"commentCount\":0,\"publisher\":{\"@id\":\"https:\/\/www.nexoinformativo.mx\/#organization\"},\"image\":{\"@id\":\"https:\/\/www.nexoinformativo.mx\/index.php\/2025\/01\/30\/el-marques-impulsa-16-actividades-deportivas-gratuitas-para-todas-las-edades\/#primaryimage\"},\"thumbnailUrl\":\"https:\/\/www.nexoinformativo.mx\/wp-content\/uploads\/2025\/01\/46cd9617-e1fb-489e-895e-1a7f68300c3a-e1738273711116.jpg\",\"keywords\":[\"Comunidad\",\"DeporteParaTodos\",\"elmarques\",\"VidaSana\"],\"articleSection\":[\"Municipios\",\"\u00daltima Hora\"],\"inLanguage\":\"es\",\"potentialAction\":[{\"@type\":\"CommentAction\",\"name\":\"Comment\",\"target\":[\"https:\/\/www.nexoinformativo.mx\/index.php\/2025\/01\/30\/el-marques-impulsa-16-actividades-deportivas-gratuitas-para-todas-las-edades\/#respond\"]}]},{\"@type\":\"WebPage\",\"@id\":\"https:\/\/www.nexoinformativo.mx\/index.php\/2025\/01\/30\/el-marques-impulsa-16-actividades-deportivas-gratuitas-para-todas-las-edades\/\",\"url\":\"https:\/\/www.nexoinformativo.mx\/index.php\/2025\/01\/30\/el-marques-impulsa-16-actividades-deportivas-gratuitas-para-todas-las-edades\/\",\"name\":\"El Marqu\u00e9s impulsa 16 actividades deportivas gratuitas para todas las edades | Nexo Informativo Santiago de Quer\u00e9taro\",\"isPartOf\":{\"@id\":\"https:\/\/www.nexoinformativo.mx\/#website\"},\"primaryImageOfPage\":{\"@id\":\"https:\/\/www.nexoinformativo.mx\/index.php\/2025\/01\/30\/el-marques-impulsa-16-actividades-deportivas-gratuitas-para-todas-las-edades\/#primaryimage\"},\"image\":{\"@id\":\"https:\/\/www.nexoinformativo.mx\/index.php\/2025\/01\/30\/el-marques-impulsa-16-actividades-deportivas-gratuitas-para-todas-las-edades\/#primaryimage\"},\"thumbnailUrl\":\"https:\/\/www.nexoinformativo.mx\/wp-content\/uploads\/2025\/01\/46cd9617-e1fb-489e-895e-1a7f68300c3a-e1738273711116.jpg\",\"datePublished\":\"2025-01-30T18:30:57+00:00\",\"dateModified\":\"2025-01-30T21:49:36+00:00\",\"description\":\"El Marqu\u00e9s impulsa 16 actividades deportivas gratuitas para todas las edades\",\"breadcrumb\":{\"@id\":\"https:\/\/www.nexoinformativo.mx\/index.php\/2025\/01\/30\/el-marques-impulsa-16-actividades-deportivas-gratuitas-para-todas-las-edades\/#breadcrumb\"},\"inLanguage\":\"es\",\"potentialAction\":[{\"@type\":\"ReadAction\",\"target\":[\"https:\/\/www.nexoinformativo.mx\/index.php\/2025\/01\/30\/el-marques-impulsa-16-actividades-deportivas-gratuitas-para-todas-las-edades\/\"]}]},{\"@type\":\"ImageObject\",\"inLanguage\":\"es\",\"@id\":\"https:\/\/www.nexoinformativo.mx\/index.php\/2025\/01\/30\/el-marques-impulsa-16-actividades-deportivas-gratuitas-para-todas-las-edades\/#primaryimage\",\"url\":\"https:\/\/www.nexoinformativo.mx\/wp-content\/uploads\/2025\/01\/46cd9617-e1fb-489e-895e-1a7f68300c3a-e1738273711116.jpg\",\"contentUrl\":\"https:\/\/www.nexoinformativo.mx\/wp-content\/uploads\/2025\/01\/46cd9617-e1fb-489e-895e-1a7f68300c3a-e1738273711116.jpg\",\"width\":800,\"height\":532},{\"@type\":\"BreadcrumbList\",\"@id\":\"https:\/\/www.nexoinformativo.mx\/index.php\/2025\/01\/30\/el-marques-impulsa-16-actividades-deportivas-gratuitas-para-todas-las-edades\/#breadcrumb\",\"itemListElement\":[{\"@type\":\"ListItem\",\"position\":1,\"name\":\"Inicio\",\"item\":\"https:\/\/www.nexoinformativo.mx\/\"},{\"@type\":\"ListItem\",\"position\":2,\"name\":\"El Marqu\u00e9s impulsa 16 actividades deportivas gratuitas para todas las edades\"}]},{\"@type\":\"WebSite\",\"@id\":\"https:\/\/www.nexoinformativo.mx\/#website\",\"url\":\"https:\/\/www.nexoinformativo.mx\/\",\"name\":\"Nexo Informativo Santiago de Quer\u00e9taro\",\"description\":\"Explora NexoInformativo y convi\u00e9rtete en parte de una comunidad que valora el conocimiento y la verdad. Tu nexoinformativo es tu puente hacia una comprensi\u00f3n m\u00e1s profunda del mundo que te rodea.\",\"publisher\":{\"@id\":\"https:\/\/www.nexoinformativo.mx\/#organization\"},\"potentialAction\":[{\"@type\":\"SearchAction\",\"target\":{\"@type\":\"EntryPoint\",\"urlTemplate\":\"https:\/\/www.nexoinformativo.mx\/?s={search_term_string}\"},\"query-input\":{\"@type\":\"PropertyValueSpecification\",\"valueRequired\":true,\"valueName\":\"search_term_string\"}}],\"inLanguage\":\"es\"},{\"@type\":\"Organization\",\"@id\":\"https:\/\/www.nexoinformativo.mx\/#organization\",\"name\":\"Nexo Informativo Santiago de Quer\u00e9taro\",\"url\":\"https:\/\/www.nexoinformativo.mx\/\",\"logo\":{\"@type\":\"ImageObject\",\"inLanguage\":\"es\",\"@id\":\"https:\/\/www.nexoinformativo.mx\/#\/schema\/logo\/image\/\",\"url\":\"https:\/\/www.nexoinformativo.mx\/wp-content\/uploads\/2024\/07\/nexoi-trasparente-2.png\",\"contentUrl\":\"https:\/\/www.nexoinformativo.mx\/wp-content\/uploads\/2024\/07\/nexoi-trasparente-2.png\",\"width\":816,\"height\":339,\"caption\":\"Nexo Informativo Santiago de Quer\u00e9taro\"},\"image\":{\"@id\":\"https:\/\/www.nexoinformativo.mx\/#\/schema\/logo\/image\/\"},\"sameAs\":[\"https:\/\/www.facebook.com\/people\/Nexo-Informativo\/61564066885511\/\"]},{\"@type\":\"Person\",\"@id\":\"https:\/\/www.nexoinformativo.mx\/#\/schema\/person\/7749d380ba08c8ca00d7bc76fd907b7d\",\"name\":\"Nexo Informativo\",\"image\":{\"@type\":\"ImageObject\",\"inLanguage\":\"es\",\"@id\":\"https:\/\/www.nexoinformativo.mx\/#\/schema\/person\/image\/\",\"url\":\"https:\/\/secure.gravatar.com\/avatar\/dde2928154642a13d95f87ddf1ea9718fe2b46760a005c53e41ff5ad610704e6?s=96&d=mm&r=g\",\"contentUrl\":\"https:\/\/secure.gravatar.com\/avatar\/dde2928154642a13d95f87ddf1ea9718fe2b46760a005c53e41ff5ad610704e6?s=96&d=mm&r=g\",\"caption\":\"Nexo Informativo\"},\"url\":\"https:\/\/www.nexoinformativo.mx\/index.php\/author\/edicion\/\"}]}<\/script>\n<!-- \/ Yoast SEO plugin. -->","yoast_head_json":{"title":"El Marqu\u00e9s impulsa 16 actividades deportivas gratuitas para todas las edades | Nexo Informativo Santiago de Quer\u00e9taro","description":"El Marqu\u00e9s impulsa 16 actividades deportivas gratuitas para todas las edades","robots":{"index":"index","follow":"follow","max-snippet":"max-snippet:-1","max-image-preview":"max-image-preview:large","max-video-preview":"max-video-preview:-1"},"canonical":"https:\/\/www.nexoinformativo.mx\/index.php\/2025\/01\/30\/el-marques-impulsa-16-actividades-deportivas-gratuitas-para-todas-las-edades\/","og_locale":"es_MX","og_type":"article","og_title":"El Marqu\u00e9s impulsa 16 actividades deportivas gratuitas para todas las edades | Nexo Informativo Santiago de Quer\u00e9taro","og_description":"El Marqu\u00e9s impulsa 16 actividades deportivas gratuitas para todas las edades","og_url":"https:\/\/www.nexoinformativo.mx\/index.php\/2025\/01\/30\/el-marques-impulsa-16-actividades-deportivas-gratuitas-para-todas-las-edades\/","og_site_name":"Nexo Informativo Santiago de Quer\u00e9taro","article_publisher":"https:\/\/www.facebook.com\/people\/Nexo-Informativo\/61564066885511\/","article_published_time":"2025-01-30T18:30:57+00:00","article_modified_time":"2025-01-30T21:49:36+00:00","og_image":[{"width":800,"height":532,"url":"https:\/\/www.nexoinformativo.mx\/wp-content\/uploads\/2025\/01\/46cd9617-e1fb-489e-895e-1a7f68300c3a-e1738273711116.jpg","type":"image\/jpeg"}],"author":"Nexo Informativo","twitter_card":"summary_large_image","twitter_misc":{"Escrito por":"Nexo Informativo","Tiempo de lectura":"2 minutos"},"schema":{"@context":"https:\/\/schema.org","@graph":[{"@type":"Article","@id":"https:\/\/www.nexoinformativo.mx\/index.php\/2025\/01\/30\/el-marques-impulsa-16-actividades-deportivas-gratuitas-para-todas-las-edades\/#article","isPartOf":{"@id":"https:\/\/www.nexoinformativo.mx\/index.php\/2025\/01\/30\/el-marques-impulsa-16-actividades-deportivas-gratuitas-para-todas-las-edades\/"},"author":{"name":"Nexo Informativo","@id":"https:\/\/www.nexoinformativo.mx\/#\/schema\/person\/7749d380ba08c8ca00d7bc76fd907b7d"},"headline":"El Marqu\u00e9s impulsa 16 actividades deportivas gratuitas para todas las edades","datePublished":"2025-01-30T18:30:57+00:00","dateModified":"2025-01-30T21:49:36+00:00","mainEntityOfPage":{"@id":"https:\/\/www.nexoinformativo.mx\/index.php\/2025\/01\/30\/el-marques-impulsa-16-actividades-deportivas-gratuitas-para-todas-las-edades\/"},"wordCount":199,"commentCount":0,"publisher":{"@id":"https:\/\/www.nexoinformativo.mx\/#organization"},"image":{"@id":"https:\/\/www.nexoinformativo.mx\/index.php\/2025\/01\/30\/el-marques-impulsa-16-actividades-deportivas-gratuitas-para-todas-las-edades\/#primaryimage"},"thumbnailUrl":"https:\/\/www.nexoinformativo.mx\/wp-content\/uploads\/2025\/01\/46cd9617-e1fb-489e-895e-1a7f68300c3a-e1738273711116.jpg","keywords":["Comunidad","DeporteParaTodos","elmarques","VidaSana"],"articleSection":["Municipios","\u00daltima Hora"],"inLanguage":"es","potentialAction":[{"@type":"CommentAction","name":"Comment","target":["https:\/\/www.nexoinformativo.mx\/index.php\/2025\/01\/30\/el-marques-impulsa-16-actividades-deportivas-gratuitas-para-todas-las-edades\/#respond"]}]},{"@type":"WebPage","@id":"https:\/\/www.nexoinformativo.mx\/index.php\/2025\/01\/30\/el-marques-impulsa-16-actividades-deportivas-gratuitas-para-todas-las-edades\/","url":"https:\/\/www.nexoinformativo.mx\/index.php\/2025\/01\/30\/el-marques-impulsa-16-actividades-deportivas-gratuitas-para-todas-las-edades\/","name":"El Marqu\u00e9s impulsa 16 actividades deportivas gratuitas para todas las edades | Nexo Informativo Santiago de Quer\u00e9taro","isPartOf":{"@id":"https:\/\/www.nexoinformativo.mx\/#website"},"primaryImageOfPage":{"@id":"https:\/\/www.nexoinformativo.mx\/index.php\/2025\/01\/30\/el-marques-impulsa-16-actividades-deportivas-gratuitas-para-todas-las-edades\/#primaryimage"},"image":{"@id":"https:\/\/www.nexoinformativo.mx\/index.php\/2025\/01\/30\/el-marques-impulsa-16-actividades-deportivas-gratuitas-para-todas-las-edades\/#primaryimage"},"thumbnailUrl":"https:\/\/www.nexoinformativo.mx\/wp-content\/uploads\/2025\/01\/46cd9617-e1fb-489e-895e-1a7f68300c3a-e1738273711116.jpg","datePublished":"2025-01-30T18:30:57+00:00","dateModified":"2025-01-30T21:49:36+00:00","description":"El Marqu\u00e9s impulsa 16 actividades deportivas gratuitas para todas las edades","breadcrumb":{"@id":"https:\/\/www.nexoinformativo.mx\/index.php\/2025\/01\/30\/el-marques-impulsa-16-actividades-deportivas-gratuitas-para-todas-las-edades\/#breadcrumb"},"inLanguage":"es","potentialAction":[{"@type":"ReadAction","target":["https:\/\/www.nexoinformativo.mx\/index.php\/2025\/01\/30\/el-marques-impulsa-16-actividades-deportivas-gratuitas-para-todas-las-edades\/"]}]},{"@type":"ImageObject","inLanguage":"es","@id":"https:\/\/www.nexoinformativo.mx\/index.php\/2025\/01\/30\/el-marques-impulsa-16-actividades-deportivas-gratuitas-para-todas-las-edades\/#primaryimage","url":"https:\/\/www.nexoinformativo.mx\/wp-content\/uploads\/2025\/01\/46cd9617-e1fb-489e-895e-1a7f68300c3a-e1738273711116.jpg","contentUrl":"https:\/\/www.nexoinformativo.mx\/wp-content\/uploads\/2025\/01\/46cd9617-e1fb-489e-895e-1a7f68300c3a-e1738273711116.jpg","width":800,"height":532},{"@type":"BreadcrumbList","@id":"https:\/\/www.nexoinformativo.mx\/index.php\/2025\/01\/30\/el-marques-impulsa-16-actividades-deportivas-gratuitas-para-todas-las-edades\/#breadcrumb","itemListElement":[{"@type":"ListItem","position":1,"name":"Inicio","item":"https:\/\/www.nexoinformativo.mx\/"},{"@type":"ListItem","position":2,"name":"El Marqu\u00e9s impulsa 16 actividades deportivas gratuitas para todas las edades"}]},{"@type":"WebSite","@id":"https:\/\/www.nexoinformativo.mx\/#website","url":"https:\/\/www.nexoinformativo.mx\/","name":"Nexo Informativo Santiago de Quer\u00e9taro","description":"Explora NexoInformativo y convi\u00e9rtete en parte de una comunidad que valora el conocimiento y la verdad. Tu nexoinformativo es tu puente hacia una comprensi\u00f3n m\u00e1s profunda del mundo que te rodea.","publisher":{"@id":"https:\/\/www.nexoinformativo.mx\/#organization"},"potentialAction":[{"@type":"SearchAction","target":{"@type":"EntryPoint","urlTemplate":"https:\/\/www.nexoinformativo.mx\/?s={search_term_string}"},"query-input":{"@type":"PropertyValueSpecification","valueRequired":true,"valueName":"search_term_string"}}],"inLanguage":"es"},{"@type":"Organization","@id":"https:\/\/www.nexoinformativo.mx\/#organization","name":"Nexo Informativo Santiago de Quer\u00e9taro","url":"https:\/\/www.nexoinformativo.mx\/","logo":{"@type":"ImageObject","inLanguage":"es","@id":"https:\/\/www.nexoinformativo.mx\/#\/schema\/logo\/image\/","url":"https:\/\/www.nexoinformativo.mx\/wp-content\/uploads\/2024\/07\/nexoi-trasparente-2.png","contentUrl":"https:\/\/www.nexoinformativo.mx\/wp-content\/uploads\/2024\/07\/nexoi-trasparente-2.png","width":816,"height":339,"caption":"Nexo Informativo Santiago de Quer\u00e9taro"},"image":{"@id":"https:\/\/www.nexoinformativo.mx\/#\/schema\/logo\/image\/"},"sameAs":["https:\/\/www.facebook.com\/people\/Nexo-Informativo\/61564066885511\/"]},{"@type":"Person","@id":"https:\/\/www.nexoinformativo.mx\/#\/schema\/person\/7749d380ba08c8ca00d7bc76fd907b7d","name":"Nexo Informativo","image":{"@type":"ImageObject","inLanguage":"es","@id":"https:\/\/www.nexoinformativo.mx\/#\/schema\/person\/image\/","url":"https:\/\/secure.gravatar.com\/avatar\/dde2928154642a13d95f87ddf1ea9718fe2b46760a005c53e41ff5ad610704e6?s=96&d=mm&r=g","contentUrl":"https:\/\/secure.gravatar.com\/avatar\/dde2928154642a13d95f87ddf1ea9718fe2b46760a005c53e41ff5ad610704e6?s=96&d=mm&r=g","caption":"Nexo Informativo"},"url":"https:\/\/www.nexoinformativo.mx\/index.php\/author\/edicion\/"}]}},"_links":{"self":[{"href":"https:\/\/www.nexoinformativo.mx\/index.php\/wp-json\/wp\/v2\/posts\/10944","targetHints":{"allow":["GET"]}}],"collection":[{"href":"https:\/\/www.nexoinformativo.mx\/index.php\/wp-json\/wp\/v2\/posts"}],"about":[{"href":"https:\/\/www.nexoinformativo.mx\/index.php\/wp-json\/wp\/v2\/types\/post"}],"author":[{"embeddable":true,"href":"https:\/\/www.nexoinformativo.mx\/index.php\/wp-json\/wp\/v2\/users\/3"}],"replies":[{"embeddable":true,"href":"https:\/\/www.nexoinformativo.mx\/index.php\/wp-json\/wp\/v2\/comments?post=10944"}],"version-history":[{"count":3,"href":"https:\/\/www.nexoinformativo.mx\/index.php\/wp-json\/wp\/v2\/posts\/10944\/revisions"}],"predecessor-version":[{"id":10949,"href":"https:\/\/www.nexoinformativo.mx\/index.php\/wp-json\/wp\/v2\/posts\/10944\/revisions\/10949"}],"wp:featuredmedia":[{"embeddable":true,"href":"https:\/\/www.nexoinformativo.mx\/index.php\/wp-json\/wp\/v2\/media\/10945"}],"wp:attachment":[{"href":"https:\/\/www.nexoinformativo.mx\/index.php\/wp-json\/wp\/v2\/media?parent=10944"}],"wp:term":[{"taxonomy":"category","embeddable":true,"href":"https:\/\/www.nexoinformativo.mx\/index.php\/wp-json\/wp\/v2\/categories?post=10944"},{"taxonomy":"post_tag","embeddable":true,"href":"https:\/\/www.nexoinformativo.mx\/index.php\/wp-json\/wp\/v2\/tags?post=10944"}],"curies":[{"name":"wp","href":"https:\/\/api.w.org\/{rel}","templated":true}]}}