{"id":10961,"date":"2025-01-31T07:30:02","date_gmt":"2025-01-31T13:30:02","guid":{"rendered":"https:\/\/www.nexoinformativo.mx\/?p=10961"},"modified":"2025-01-31T10:23:54","modified_gmt":"2025-01-31T16:23:54","slug":"queretaro-proyecta-un-aumento-del-20-en-turismo-tras-su-participacion-en-fitur","status":"publish","type":"post","link":"https:\/\/www.nexoinformativo.mx\/index.php\/2025\/01\/31\/queretaro-proyecta-un-aumento-del-20-en-turismo-tras-su-participacion-en-fitur\/","title":{"rendered":"Quer\u00e9taro proyecta un aumento del 20% en turismo tras su participaci\u00f3n en FITUR"},"content":{"rendered":"<p style=\"text-align: justify;\" data-sourcepos=\"11:1-11:355\">La participaci\u00f3n de Quer\u00e9taro en la Feria Internacional de Turismo (FITUR) ha dejado resultados positivos para el sector tur\u00edstico de la ciudad.<\/p>\n<\/p>\n<p>&nbsp;<\/p>\n<p style=\"text-align: justify;\" data-sourcepos=\"11:1-11:355\">La secretaria de Turismo, Mariana Ruiz, revel\u00f3 que se proyecta un aumento entre el 15% y 20% en el n\u00famero de turistas, as\u00ed como una ocupaci\u00f3n hotelera del 60% al 65% para el pr\u00f3ximo a\u00f1o.<\/p>\n<\/p>\n<p>&nbsp;<\/p>\n<p style=\"text-align: justify;\" data-sourcepos=\"13:1-13:338\">Durante su estancia en Madrid, la funcionaria entabl\u00f3 diversas reuniones con representantes de ciudades con nombramientos de la UNESCO similares a los de Quer\u00e9taro, como el de Ciudad Creativa.<\/p>\n<\/p>\n<p>&nbsp;<\/p>\n<p style=\"text-align: justify;\" data-sourcepos=\"13:1-13:338\">Estas alianzas permitir\u00e1n fortalecer la promoci\u00f3n tur\u00edstica de la capital queretana a nivel internacional y atraer un mayor n\u00famero de visitantes.<\/p>\n<\/p>\n<p>&nbsp;<\/p>\n<p style=\"text-align: justify;\" data-sourcepos=\"15:1-15:220\">&#8220;Estamos hablando que esperamos de un 15 a un 20% m\u00e1s para el pr\u00f3ximo a\u00f1o y en ocupaci\u00f3n hotelera aproximadamente entre un 60 y 65%&#8221; afirm\u00f3 Mariana Ruiz.<\/p>\n<\/p>\n<p>&nbsp;<\/p>\n<p style=\"text-align: justify;\" data-sourcepos=\"17:1-17:269\">Adem\u00e1s de las reuniones con representantes de otras ciudades, la secretaria de Turismo tambi\u00e9n sostuvo encuentros con hoteleros y dem\u00e1s representantes de M\u00e9xico radicados en Espa\u00f1a, con el objetivo de generar estrategias conjuntas para promover el turismo en Quer\u00e9taro.<\/p>\n<\/p>\n<p>&nbsp;<\/p>\n<p style=\"text-align: center;\" data-sourcepos=\"17:1-17:269\"><em><strong>\u00a1Informaci\u00f3n que transforma!<\/strong><\/em><\/p>\n","protected":false},"excerpt":{"rendered":"<p>La participaci\u00f3n de Quer\u00e9taro en la Feria Internacional de Turismo (FITUR) ha dejado resultados positivos para el sector tur\u00edstico de la ciudad.<\/p>\n","protected":false},"author":3,"featured_media":10962,"comment_status":"open","ping_status":"open","sticky":false,"template":"","format":"standard","meta":{"footnotes":""},"categories":[5,42,58],"tags":[3214,133,1686,3302],"class_list":["post-10961","post","type-post","status-publish","format-standard","has-post-thumbnail","hentry","category-economia","category-estado","category-ultima-hora","tag-fitur","tag-queretaro","tag-turismo","tag-viajaaqueretaro"],"yoast_head":"<!-- This site is optimized with the Yoast SEO plugin v25.0 - https:\/\/yoast.com\/wordpress\/plugins\/seo\/ -->\n<title>Quer\u00e9taro proyecta un aumento del 20% en turismo tras su participaci\u00f3n en FITUR | Nexo Informativo Santiago de Quer\u00e9taro<\/title>\n<meta name=\"description\" content=\"Quer\u00e9taro proyecta un aumento del 20% en turismo tras su participaci\u00f3n en FITUR\" \/>\n<meta name=\"robots\" content=\"index, follow, max-snippet:-1, max-image-preview:large, max-video-preview:-1\" \/>\n<link rel=\"canonical\" href=\"https:\/\/www.nexoinformativo.mx\/index.php\/2025\/01\/31\/queretaro-proyecta-un-aumento-del-20-en-turismo-tras-su-participacion-en-fitur\/\" \/>\n<meta property=\"og:locale\" content=\"es_MX\" \/>\n<meta property=\"og:type\" content=\"article\" \/>\n<meta property=\"og:title\" content=\"Quer\u00e9taro proyecta un aumento del 20% en turismo tras su participaci\u00f3n en FITUR | Nexo Informativo Santiago de Quer\u00e9taro\" \/>\n<meta property=\"og:description\" content=\"Quer\u00e9taro proyecta un aumento del 20% en turismo tras su participaci\u00f3n en FITUR\" \/>\n<meta property=\"og:url\" content=\"https:\/\/www.nexoinformativo.mx\/index.php\/2025\/01\/31\/queretaro-proyecta-un-aumento-del-20-en-turismo-tras-su-participacion-en-fitur\/\" \/>\n<meta property=\"og:site_name\" content=\"Nexo Informativo Santiago de Quer\u00e9taro\" \/>\n<meta property=\"article:publisher\" content=\"https:\/\/www.facebook.com\/people\/Nexo-Informativo\/61564066885511\/\" \/>\n<meta property=\"article:published_time\" content=\"2025-01-31T13:30:02+00:00\" \/>\n<meta property=\"article:modified_time\" content=\"2025-01-31T16:23:54+00:00\" \/>\n<meta property=\"og:image\" content=\"https:\/\/www.nexoinformativo.mx\/wp-content\/uploads\/2025\/01\/a6176fa9-7796-4d95-a461-1c5db2f34e54-scaled-e1738340603344.jpg\" \/>\n\t<meta property=\"og:image:width\" content=\"800\" \/>\n\t<meta property=\"og:image:height\" content=\"600\" \/>\n\t<meta property=\"og:image:type\" content=\"image\/jpeg\" \/>\n<meta name=\"author\" content=\"Nexo Informativo\" \/>\n<meta name=\"twitter:card\" content=\"summary_large_image\" \/>\n<meta name=\"twitter:label1\" content=\"Escrito por\" \/>\n\t<meta name=\"twitter:data1\" content=\"Nexo Informativo\" \/>\n\t<meta name=\"twitter:label2\" content=\"Tiempo de lectura\" \/>\n\t<meta name=\"twitter:data2\" content=\"2 minutos\" \/>\n<script type=\"application\/ld+json\" class=\"yoast-schema-graph\">{\"@context\":\"https:\/\/schema.org\",\"@graph\":[{\"@type\":\"Article\",\"@id\":\"https:\/\/www.nexoinformativo.mx\/index.php\/2025\/01\/31\/queretaro-proyecta-un-aumento-del-20-en-turismo-tras-su-participacion-en-fitur\/#article\",\"isPartOf\":{\"@id\":\"https:\/\/www.nexoinformativo.mx\/index.php\/2025\/01\/31\/queretaro-proyecta-un-aumento-del-20-en-turismo-tras-su-participacion-en-fitur\/\"},\"author\":{\"name\":\"Nexo Informativo\",\"@id\":\"https:\/\/www.nexoinformativo.mx\/#\/schema\/person\/7749d380ba08c8ca00d7bc76fd907b7d\"},\"headline\":\"Quer\u00e9taro proyecta un aumento del 20% en turismo tras su participaci\u00f3n en FITUR\",\"datePublished\":\"2025-01-31T13:30:02+00:00\",\"dateModified\":\"2025-01-31T16:23:54+00:00\",\"mainEntityOfPage\":{\"@id\":\"https:\/\/www.nexoinformativo.mx\/index.php\/2025\/01\/31\/queretaro-proyecta-un-aumento-del-20-en-turismo-tras-su-participacion-en-fitur\/\"},\"wordCount\":212,\"commentCount\":0,\"publisher\":{\"@id\":\"https:\/\/www.nexoinformativo.mx\/#organization\"},\"image\":{\"@id\":\"https:\/\/www.nexoinformativo.mx\/index.php\/2025\/01\/31\/queretaro-proyecta-un-aumento-del-20-en-turismo-tras-su-participacion-en-fitur\/#primaryimage\"},\"thumbnailUrl\":\"https:\/\/www.nexoinformativo.mx\/wp-content\/uploads\/2025\/01\/a6176fa9-7796-4d95-a461-1c5db2f34e54-scaled-e1738340603344.jpg\",\"keywords\":[\"FITUR\",\"Quer\u00e9taro\",\"Turismo\",\"ViajaAQuer\u00e9taro\"],\"articleSection\":[\"Econom\u00eda\",\"Estado\",\"\u00daltima Hora\"],\"inLanguage\":\"es\",\"potentialAction\":[{\"@type\":\"CommentAction\",\"name\":\"Comment\",\"target\":[\"https:\/\/www.nexoinformativo.mx\/index.php\/2025\/01\/31\/queretaro-proyecta-un-aumento-del-20-en-turismo-tras-su-participacion-en-fitur\/#respond\"]}]},{\"@type\":\"WebPage\",\"@id\":\"https:\/\/www.nexoinformativo.mx\/index.php\/2025\/01\/31\/queretaro-proyecta-un-aumento-del-20-en-turismo-tras-su-participacion-en-fitur\/\",\"url\":\"https:\/\/www.nexoinformativo.mx\/index.php\/2025\/01\/31\/queretaro-proyecta-un-aumento-del-20-en-turismo-tras-su-participacion-en-fitur\/\",\"name\":\"Quer\u00e9taro proyecta un aumento del 20% en turismo tras su participaci\u00f3n en FITUR | Nexo Informativo Santiago de Quer\u00e9taro\",\"isPartOf\":{\"@id\":\"https:\/\/www.nexoinformativo.mx\/#website\"},\"primaryImageOfPage\":{\"@id\":\"https:\/\/www.nexoinformativo.mx\/index.php\/2025\/01\/31\/queretaro-proyecta-un-aumento-del-20-en-turismo-tras-su-participacion-en-fitur\/#primaryimage\"},\"image\":{\"@id\":\"https:\/\/www.nexoinformativo.mx\/index.php\/2025\/01\/31\/queretaro-proyecta-un-aumento-del-20-en-turismo-tras-su-participacion-en-fitur\/#primaryimage\"},\"thumbnailUrl\":\"https:\/\/www.nexoinformativo.mx\/wp-content\/uploads\/2025\/01\/a6176fa9-7796-4d95-a461-1c5db2f34e54-scaled-e1738340603344.jpg\",\"datePublished\":\"2025-01-31T13:30:02+00:00\",\"dateModified\":\"2025-01-31T16:23:54+00:00\",\"description\":\"Quer\u00e9taro proyecta un aumento del 20% en turismo tras su participaci\u00f3n en FITUR\",\"breadcrumb\":{\"@id\":\"https:\/\/www.nexoinformativo.mx\/index.php\/2025\/01\/31\/queretaro-proyecta-un-aumento-del-20-en-turismo-tras-su-participacion-en-fitur\/#breadcrumb\"},\"inLanguage\":\"es\",\"potentialAction\":[{\"@type\":\"ReadAction\",\"target\":[\"https:\/\/www.nexoinformativo.mx\/index.php\/2025\/01\/31\/queretaro-proyecta-un-aumento-del-20-en-turismo-tras-su-participacion-en-fitur\/\"]}]},{\"@type\":\"ImageObject\",\"inLanguage\":\"es\",\"@id\":\"https:\/\/www.nexoinformativo.mx\/index.php\/2025\/01\/31\/queretaro-proyecta-un-aumento-del-20-en-turismo-tras-su-participacion-en-fitur\/#primaryimage\",\"url\":\"https:\/\/www.nexoinformativo.mx\/wp-content\/uploads\/2025\/01\/a6176fa9-7796-4d95-a461-1c5db2f34e54-scaled-e1738340603344.jpg\",\"contentUrl\":\"https:\/\/www.nexoinformativo.mx\/wp-content\/uploads\/2025\/01\/a6176fa9-7796-4d95-a461-1c5db2f34e54-scaled-e1738340603344.jpg\",\"width\":800,\"height\":600},{\"@type\":\"BreadcrumbList\",\"@id\":\"https:\/\/www.nexoinformativo.mx\/index.php\/2025\/01\/31\/queretaro-proyecta-un-aumento-del-20-en-turismo-tras-su-participacion-en-fitur\/#breadcrumb\",\"itemListElement\":[{\"@type\":\"ListItem\",\"position\":1,\"name\":\"Inicio\",\"item\":\"https:\/\/www.nexoinformativo.mx\/\"},{\"@type\":\"ListItem\",\"position\":2,\"name\":\"Quer\u00e9taro proyecta un aumento del 20% en turismo tras su participaci\u00f3n en FITUR\"}]},{\"@type\":\"WebSite\",\"@id\":\"https:\/\/www.nexoinformativo.mx\/#website\",\"url\":\"https:\/\/www.nexoinformativo.mx\/\",\"name\":\"Nexo Informativo Santiago de Quer\u00e9taro\",\"description\":\"Explora NexoInformativo y convi\u00e9rtete en parte de una comunidad que valora el conocimiento y la verdad. Tu nexoinformativo es tu puente hacia una comprensi\u00f3n m\u00e1s profunda del mundo que te rodea.\",\"publisher\":{\"@id\":\"https:\/\/www.nexoinformativo.mx\/#organization\"},\"potentialAction\":[{\"@type\":\"SearchAction\",\"target\":{\"@type\":\"EntryPoint\",\"urlTemplate\":\"https:\/\/www.nexoinformativo.mx\/?s={search_term_string}\"},\"query-input\":{\"@type\":\"PropertyValueSpecification\",\"valueRequired\":true,\"valueName\":\"search_term_string\"}}],\"inLanguage\":\"es\"},{\"@type\":\"Organization\",\"@id\":\"https:\/\/www.nexoinformativo.mx\/#organization\",\"name\":\"Nexo Informativo Santiago de Quer\u00e9taro\",\"url\":\"https:\/\/www.nexoinformativo.mx\/\",\"logo\":{\"@type\":\"ImageObject\",\"inLanguage\":\"es\",\"@id\":\"https:\/\/www.nexoinformativo.mx\/#\/schema\/logo\/image\/\",\"url\":\"https:\/\/www.nexoinformativo.mx\/wp-content\/uploads\/2024\/07\/nexoi-trasparente-2.png\",\"contentUrl\":\"https:\/\/www.nexoinformativo.mx\/wp-content\/uploads\/2024\/07\/nexoi-trasparente-2.png\",\"width\":816,\"height\":339,\"caption\":\"Nexo Informativo Santiago de Quer\u00e9taro\"},\"image\":{\"@id\":\"https:\/\/www.nexoinformativo.mx\/#\/schema\/logo\/image\/\"},\"sameAs\":[\"https:\/\/www.facebook.com\/people\/Nexo-Informativo\/61564066885511\/\"]},{\"@type\":\"Person\",\"@id\":\"https:\/\/www.nexoinformativo.mx\/#\/schema\/person\/7749d380ba08c8ca00d7bc76fd907b7d\",\"name\":\"Nexo Informativo\",\"image\":{\"@type\":\"ImageObject\",\"inLanguage\":\"es\",\"@id\":\"https:\/\/www.nexoinformativo.mx\/#\/schema\/person\/image\/\",\"url\":\"https:\/\/secure.gravatar.com\/avatar\/dde2928154642a13d95f87ddf1ea9718fe2b46760a005c53e41ff5ad610704e6?s=96&d=mm&r=g\",\"contentUrl\":\"https:\/\/secure.gravatar.com\/avatar\/dde2928154642a13d95f87ddf1ea9718fe2b46760a005c53e41ff5ad610704e6?s=96&d=mm&r=g\",\"caption\":\"Nexo Informativo\"},\"url\":\"https:\/\/www.nexoinformativo.mx\/index.php\/author\/edicion\/\"}]}<\/script>\n<!-- \/ Yoast SEO plugin. -->","yoast_head_json":{"title":"Quer\u00e9taro proyecta un aumento del 20% en turismo tras su participaci\u00f3n en FITUR | Nexo Informativo Santiago de Quer\u00e9taro","description":"Quer\u00e9taro proyecta un aumento del 20% en turismo tras su participaci\u00f3n en FITUR","robots":{"index":"index","follow":"follow","max-snippet":"max-snippet:-1","max-image-preview":"max-image-preview:large","max-video-preview":"max-video-preview:-1"},"canonical":"https:\/\/www.nexoinformativo.mx\/index.php\/2025\/01\/31\/queretaro-proyecta-un-aumento-del-20-en-turismo-tras-su-participacion-en-fitur\/","og_locale":"es_MX","og_type":"article","og_title":"Quer\u00e9taro proyecta un aumento del 20% en turismo tras su participaci\u00f3n en FITUR | Nexo Informativo Santiago de Quer\u00e9taro","og_description":"Quer\u00e9taro proyecta un aumento del 20% en turismo tras su participaci\u00f3n en FITUR","og_url":"https:\/\/www.nexoinformativo.mx\/index.php\/2025\/01\/31\/queretaro-proyecta-un-aumento-del-20-en-turismo-tras-su-participacion-en-fitur\/","og_site_name":"Nexo Informativo Santiago de Quer\u00e9taro","article_publisher":"https:\/\/www.facebook.com\/people\/Nexo-Informativo\/61564066885511\/","article_published_time":"2025-01-31T13:30:02+00:00","article_modified_time":"2025-01-31T16:23:54+00:00","og_image":[{"width":800,"height":600,"url":"https:\/\/www.nexoinformativo.mx\/wp-content\/uploads\/2025\/01\/a6176fa9-7796-4d95-a461-1c5db2f34e54-scaled-e1738340603344.jpg","type":"image\/jpeg"}],"author":"Nexo Informativo","twitter_card":"summary_large_image","twitter_misc":{"Escrito por":"Nexo Informativo","Tiempo de lectura":"2 minutos"},"schema":{"@context":"https:\/\/schema.org","@graph":[{"@type":"Article","@id":"https:\/\/www.nexoinformativo.mx\/index.php\/2025\/01\/31\/queretaro-proyecta-un-aumento-del-20-en-turismo-tras-su-participacion-en-fitur\/#article","isPartOf":{"@id":"https:\/\/www.nexoinformativo.mx\/index.php\/2025\/01\/31\/queretaro-proyecta-un-aumento-del-20-en-turismo-tras-su-participacion-en-fitur\/"},"author":{"name":"Nexo Informativo","@id":"https:\/\/www.nexoinformativo.mx\/#\/schema\/person\/7749d380ba08c8ca00d7bc76fd907b7d"},"headline":"Quer\u00e9taro proyecta un aumento del 20% en turismo tras su participaci\u00f3n en FITUR","datePublished":"2025-01-31T13:30:02+00:00","dateModified":"2025-01-31T16:23:54+00:00","mainEntityOfPage":{"@id":"https:\/\/www.nexoinformativo.mx\/index.php\/2025\/01\/31\/queretaro-proyecta-un-aumento-del-20-en-turismo-tras-su-participacion-en-fitur\/"},"wordCount":212,"commentCount":0,"publisher":{"@id":"https:\/\/www.nexoinformativo.mx\/#organization"},"image":{"@id":"https:\/\/www.nexoinformativo.mx\/index.php\/2025\/01\/31\/queretaro-proyecta-un-aumento-del-20-en-turismo-tras-su-participacion-en-fitur\/#primaryimage"},"thumbnailUrl":"https:\/\/www.nexoinformativo.mx\/wp-content\/uploads\/2025\/01\/a6176fa9-7796-4d95-a461-1c5db2f34e54-scaled-e1738340603344.jpg","keywords":["FITUR","Quer\u00e9taro","Turismo","ViajaAQuer\u00e9taro"],"articleSection":["Econom\u00eda","Estado","\u00daltima Hora"],"inLanguage":"es","potentialAction":[{"@type":"CommentAction","name":"Comment","target":["https:\/\/www.nexoinformativo.mx\/index.php\/2025\/01\/31\/queretaro-proyecta-un-aumento-del-20-en-turismo-tras-su-participacion-en-fitur\/#respond"]}]},{"@type":"WebPage","@id":"https:\/\/www.nexoinformativo.mx\/index.php\/2025\/01\/31\/queretaro-proyecta-un-aumento-del-20-en-turismo-tras-su-participacion-en-fitur\/","url":"https:\/\/www.nexoinformativo.mx\/index.php\/2025\/01\/31\/queretaro-proyecta-un-aumento-del-20-en-turismo-tras-su-participacion-en-fitur\/","name":"Quer\u00e9taro proyecta un aumento del 20% en turismo tras su participaci\u00f3n en FITUR | Nexo Informativo Santiago de Quer\u00e9taro","isPartOf":{"@id":"https:\/\/www.nexoinformativo.mx\/#website"},"primaryImageOfPage":{"@id":"https:\/\/www.nexoinformativo.mx\/index.php\/2025\/01\/31\/queretaro-proyecta-un-aumento-del-20-en-turismo-tras-su-participacion-en-fitur\/#primaryimage"},"image":{"@id":"https:\/\/www.nexoinformativo.mx\/index.php\/2025\/01\/31\/queretaro-proyecta-un-aumento-del-20-en-turismo-tras-su-participacion-en-fitur\/#primaryimage"},"thumbnailUrl":"https:\/\/www.nexoinformativo.mx\/wp-content\/uploads\/2025\/01\/a6176fa9-7796-4d95-a461-1c5db2f34e54-scaled-e1738340603344.jpg","datePublished":"2025-01-31T13:30:02+00:00","dateModified":"2025-01-31T16:23:54+00:00","description":"Quer\u00e9taro proyecta un aumento del 20% en turismo tras su participaci\u00f3n en FITUR","breadcrumb":{"@id":"https:\/\/www.nexoinformativo.mx\/index.php\/2025\/01\/31\/queretaro-proyecta-un-aumento-del-20-en-turismo-tras-su-participacion-en-fitur\/#breadcrumb"},"inLanguage":"es","potentialAction":[{"@type":"ReadAction","target":["https:\/\/www.nexoinformativo.mx\/index.php\/2025\/01\/31\/queretaro-proyecta-un-aumento-del-20-en-turismo-tras-su-participacion-en-fitur\/"]}]},{"@type":"ImageObject","inLanguage":"es","@id":"https:\/\/www.nexoinformativo.mx\/index.php\/2025\/01\/31\/queretaro-proyecta-un-aumento-del-20-en-turismo-tras-su-participacion-en-fitur\/#primaryimage","url":"https:\/\/www.nexoinformativo.mx\/wp-content\/uploads\/2025\/01\/a6176fa9-7796-4d95-a461-1c5db2f34e54-scaled-e1738340603344.jpg","contentUrl":"https:\/\/www.nexoinformativo.mx\/wp-content\/uploads\/2025\/01\/a6176fa9-7796-4d95-a461-1c5db2f34e54-scaled-e1738340603344.jpg","width":800,"height":600},{"@type":"BreadcrumbList","@id":"https:\/\/www.nexoinformativo.mx\/index.php\/2025\/01\/31\/queretaro-proyecta-un-aumento-del-20-en-turismo-tras-su-participacion-en-fitur\/#breadcrumb","itemListElement":[{"@type":"ListItem","position":1,"name":"Inicio","item":"https:\/\/www.nexoinformativo.mx\/"},{"@type":"ListItem","position":2,"name":"Quer\u00e9taro proyecta un aumento del 20% en turismo tras su participaci\u00f3n en FITUR"}]},{"@type":"WebSite","@id":"https:\/\/www.nexoinformativo.mx\/#website","url":"https:\/\/www.nexoinformativo.mx\/","name":"Nexo Informativo Santiago de Quer\u00e9taro","description":"Explora NexoInformativo y convi\u00e9rtete en parte de una comunidad que valora el conocimiento y la verdad. Tu nexoinformativo es tu puente hacia una comprensi\u00f3n m\u00e1s profunda del mundo que te rodea.","publisher":{"@id":"https:\/\/www.nexoinformativo.mx\/#organization"},"potentialAction":[{"@type":"SearchAction","target":{"@type":"EntryPoint","urlTemplate":"https:\/\/www.nexoinformativo.mx\/?s={search_term_string}"},"query-input":{"@type":"PropertyValueSpecification","valueRequired":true,"valueName":"search_term_string"}}],"inLanguage":"es"},{"@type":"Organization","@id":"https:\/\/www.nexoinformativo.mx\/#organization","name":"Nexo Informativo Santiago de Quer\u00e9taro","url":"https:\/\/www.nexoinformativo.mx\/","logo":{"@type":"ImageObject","inLanguage":"es","@id":"https:\/\/www.nexoinformativo.mx\/#\/schema\/logo\/image\/","url":"https:\/\/www.nexoinformativo.mx\/wp-content\/uploads\/2024\/07\/nexoi-trasparente-2.png","contentUrl":"https:\/\/www.nexoinformativo.mx\/wp-content\/uploads\/2024\/07\/nexoi-trasparente-2.png","width":816,"height":339,"caption":"Nexo Informativo Santiago de Quer\u00e9taro"},"image":{"@id":"https:\/\/www.nexoinformativo.mx\/#\/schema\/logo\/image\/"},"sameAs":["https:\/\/www.facebook.com\/people\/Nexo-Informativo\/61564066885511\/"]},{"@type":"Person","@id":"https:\/\/www.nexoinformativo.mx\/#\/schema\/person\/7749d380ba08c8ca00d7bc76fd907b7d","name":"Nexo Informativo","image":{"@type":"ImageObject","inLanguage":"es","@id":"https:\/\/www.nexoinformativo.mx\/#\/schema\/person\/image\/","url":"https:\/\/secure.gravatar.com\/avatar\/dde2928154642a13d95f87ddf1ea9718fe2b46760a005c53e41ff5ad610704e6?s=96&d=mm&r=g","contentUrl":"https:\/\/secure.gravatar.com\/avatar\/dde2928154642a13d95f87ddf1ea9718fe2b46760a005c53e41ff5ad610704e6?s=96&d=mm&r=g","caption":"Nexo Informativo"},"url":"https:\/\/www.nexoinformativo.mx\/index.php\/author\/edicion\/"}]}},"_links":{"self":[{"href":"https:\/\/www.nexoinformativo.mx\/index.php\/wp-json\/wp\/v2\/posts\/10961","targetHints":{"allow":["GET"]}}],"collection":[{"href":"https:\/\/www.nexoinformativo.mx\/index.php\/wp-json\/wp\/v2\/posts"}],"about":[{"href":"https:\/\/www.nexoinformativo.mx\/index.php\/wp-json\/wp\/v2\/types\/post"}],"author":[{"embeddable":true,"href":"https:\/\/www.nexoinformativo.mx\/index.php\/wp-json\/wp\/v2\/users\/3"}],"replies":[{"embeddable":true,"href":"https:\/\/www.nexoinformativo.mx\/index.php\/wp-json\/wp\/v2\/comments?post=10961"}],"version-history":[{"count":3,"href":"https:\/\/www.nexoinformativo.mx\/index.php\/wp-json\/wp\/v2\/posts\/10961\/revisions"}],"predecessor-version":[{"id":10965,"href":"https:\/\/www.nexoinformativo.mx\/index.php\/wp-json\/wp\/v2\/posts\/10961\/revisions\/10965"}],"wp:featuredmedia":[{"embeddable":true,"href":"https:\/\/www.nexoinformativo.mx\/index.php\/wp-json\/wp\/v2\/media\/10962"}],"wp:attachment":[{"href":"https:\/\/www.nexoinformativo.mx\/index.php\/wp-json\/wp\/v2\/media?parent=10961"}],"wp:term":[{"taxonomy":"category","embeddable":true,"href":"https:\/\/www.nexoinformativo.mx\/index.php\/wp-json\/wp\/v2\/categories?post=10961"},{"taxonomy":"post_tag","embeddable":true,"href":"https:\/\/www.nexoinformativo.mx\/index.php\/wp-json\/wp\/v2\/tags?post=10961"}],"curies":[{"name":"wp","href":"https:\/\/api.w.org\/{rel}","templated":true}]}}