{"id":10966,"date":"2025-01-31T08:00:08","date_gmt":"2025-01-31T14:00:08","guid":{"rendered":"https:\/\/www.nexoinformativo.mx\/?p=10966"},"modified":"2025-01-31T10:29:31","modified_gmt":"2025-01-31T16:29:31","slug":"hombre-que-escalo-escultura-en-queretaro-sera-atendido-por-adicciones","status":"publish","type":"post","link":"https:\/\/www.nexoinformativo.mx\/index.php\/2025\/01\/31\/hombre-que-escalo-escultura-en-queretaro-sera-atendido-por-adicciones\/","title":{"rendered":"Hombre que escal\u00f3 escultura en Quer\u00e9taro ser\u00e1 atendido por adicciones"},"content":{"rendered":"<p style=\"text-align: justify;\" data-sourcepos=\"11:1-11:305\">El hombre de 34 a\u00f1os que el pasado mi\u00e9rcoles escal\u00f3 una escultura en la Plaza Constituci\u00f3n y moviliz\u00f3 a los cuerpos de emergencia, ser\u00e1 evaluado para determinar si requiere tratamiento por adicciones.<\/p>\n<\/p>\n<p>&nbsp;<\/p>\n<p style=\"text-align: justify;\" data-sourcepos=\"11:1-11:305\">As\u00ed lo inform\u00f3 el secretario de Seguridad P\u00fablica Municipal, Juan Luis Ferrusca. Luego de ser detenido y puesto a disposici\u00f3n del juzgado c\u00edvico, se determin\u00f3 que el individuo, originario de la CDMX, presenta una adicci\u00f3n al cristal desde hace cinco a\u00f1os.<\/p>\n<\/p>\n<p>&nbsp;<\/p>\n<p style=\"text-align: justify;\" data-sourcepos=\"11:1-11:305\">Ante esta situaci\u00f3n, las autoridades municipales activar\u00e1n los protocolos establecidos en convenio con la Secretar\u00eda de Salud del estado y el Centro Estatal Contra las Adicciones (CECA) para brindar al hombre la atenci\u00f3n especializada que requiere.<\/p>\n<\/p>\n<p>&nbsp;<\/p>\n<p style=\"text-align: justify;\" data-sourcepos=\"15:1-15:412\">&#8220;Lo que hacemos nosotros en calidad de polic\u00eda municipal es llevar al infractor ante el juzgado c\u00edvico, el juzgado c\u00edvico en el convenio que hay con el centro estatal contra las adicciones genera un tamizaje, una valoraci\u00f3n de expertos para verificar, en todo caso, si cuenta con condiciones de adicci\u00f3n, se dicta una medida de protecci\u00f3n generando la protecci\u00f3n del derecho humano a la salud&#8221;, explic\u00f3 Ferrusca.<\/p>\n<\/p>\n<p>&nbsp;<\/p>\n<p style=\"text-align: justify;\" data-sourcepos=\"17:1-17:326\">Con este caso, ya son 20 las personas que han sido canalizadas a centros de rehabilitaci\u00f3n en lo que va del a\u00f1o, gracias al convenio firmado entre el municipio y el estado.<\/p>\n<\/p>\n<p>&nbsp;<\/p>\n<p style=\"text-align: justify;\" data-sourcepos=\"17:1-17:326\">El objetivo de este programa es brindar una segunda oportunidad a personas en situaci\u00f3n de vulnerabilidad y evitar que reincidan en conductas delictivas.<\/p>\n<\/p>\n<p>&nbsp;<\/p>\n<p style=\"text-align: center;\" data-sourcepos=\"17:1-17:326\"><em><strong>\u00a1Informaci\u00f3n que transforma!<\/strong><\/em><\/p>\n","protected":false},"excerpt":{"rendered":"<p>El hombre de 34 a\u00f1os que el pasado mi\u00e9rcoles escal\u00f3 una escultura en la Plaza Constituci\u00f3n y moviliz\u00f3 a los cuerpos de emergencia, ser\u00e1 evaluado para determinar si requiere tratamiento por adicciones.<\/p>\n","protected":false},"author":3,"featured_media":10967,"comment_status":"open","ping_status":"open","sticky":false,"template":"","format":"standard","meta":{"footnotes":""},"categories":[137,58],"tags":[2642,133,2641,157],"class_list":["post-10966","post","type-post","status-publish","format-standard","has-post-thumbnail","hentry","category-sucesos","category-ultima-hora","tag-adicciones","tag-queretaro","tag-rehabilitacion","tag-seguridadciudadana"],"yoast_head":"<!-- This site is optimized with the Yoast SEO plugin v25.0 - https:\/\/yoast.com\/wordpress\/plugins\/seo\/ -->\n<title>Hombre que escal\u00f3 escultura en Quer\u00e9taro ser\u00e1 atendido por adicciones | Nexo Informativo Santiago de Quer\u00e9taro<\/title>\n<meta name=\"description\" content=\"Hombre que escal\u00f3 escultura en Quer\u00e9taro ser\u00e1 atendido por adicciones\" \/>\n<meta name=\"robots\" content=\"index, follow, max-snippet:-1, max-image-preview:large, max-video-preview:-1\" \/>\n<link rel=\"canonical\" href=\"https:\/\/www.nexoinformativo.mx\/index.php\/2025\/01\/31\/hombre-que-escalo-escultura-en-queretaro-sera-atendido-por-adicciones\/\" \/>\n<meta property=\"og:locale\" content=\"es_MX\" \/>\n<meta property=\"og:type\" content=\"article\" \/>\n<meta property=\"og:title\" content=\"Hombre que escal\u00f3 escultura en Quer\u00e9taro ser\u00e1 atendido por adicciones | Nexo Informativo Santiago de Quer\u00e9taro\" \/>\n<meta property=\"og:description\" content=\"Hombre que escal\u00f3 escultura en Quer\u00e9taro ser\u00e1 atendido por adicciones\" \/>\n<meta property=\"og:url\" content=\"https:\/\/www.nexoinformativo.mx\/index.php\/2025\/01\/31\/hombre-que-escalo-escultura-en-queretaro-sera-atendido-por-adicciones\/\" \/>\n<meta property=\"og:site_name\" content=\"Nexo Informativo Santiago de Quer\u00e9taro\" \/>\n<meta property=\"article:publisher\" content=\"https:\/\/www.facebook.com\/people\/Nexo-Informativo\/61564066885511\/\" \/>\n<meta property=\"article:published_time\" content=\"2025-01-31T14:00:08+00:00\" \/>\n<meta property=\"article:modified_time\" content=\"2025-01-31T16:29:31+00:00\" \/>\n<meta property=\"og:image\" content=\"https:\/\/www.nexoinformativo.mx\/wp-content\/uploads\/2025\/01\/da08da19-fd7e-4c9e-8fa5-848690101be8-e1738340933103.jpg\" \/>\n\t<meta property=\"og:image:width\" content=\"800\" \/>\n\t<meta property=\"og:image:height\" content=\"600\" \/>\n\t<meta property=\"og:image:type\" content=\"image\/jpeg\" \/>\n<meta name=\"author\" content=\"Nexo Informativo\" \/>\n<meta name=\"twitter:card\" content=\"summary_large_image\" \/>\n<meta name=\"twitter:label1\" content=\"Escrito por\" \/>\n\t<meta name=\"twitter:data1\" content=\"Nexo Informativo\" \/>\n\t<meta name=\"twitter:label2\" content=\"Tiempo de lectura\" \/>\n\t<meta name=\"twitter:data2\" content=\"2 minutos\" \/>\n<script type=\"application\/ld+json\" class=\"yoast-schema-graph\">{\"@context\":\"https:\/\/schema.org\",\"@graph\":[{\"@type\":\"Article\",\"@id\":\"https:\/\/www.nexoinformativo.mx\/index.php\/2025\/01\/31\/hombre-que-escalo-escultura-en-queretaro-sera-atendido-por-adicciones\/#article\",\"isPartOf\":{\"@id\":\"https:\/\/www.nexoinformativo.mx\/index.php\/2025\/01\/31\/hombre-que-escalo-escultura-en-queretaro-sera-atendido-por-adicciones\/\"},\"author\":{\"name\":\"Nexo Informativo\",\"@id\":\"https:\/\/www.nexoinformativo.mx\/#\/schema\/person\/7749d380ba08c8ca00d7bc76fd907b7d\"},\"headline\":\"Hombre que escal\u00f3 escultura en Quer\u00e9taro ser\u00e1 atendido por adicciones\",\"datePublished\":\"2025-01-31T14:00:08+00:00\",\"dateModified\":\"2025-01-31T16:29:31+00:00\",\"mainEntityOfPage\":{\"@id\":\"https:\/\/www.nexoinformativo.mx\/index.php\/2025\/01\/31\/hombre-que-escalo-escultura-en-queretaro-sera-atendido-por-adicciones\/\"},\"wordCount\":272,\"commentCount\":0,\"publisher\":{\"@id\":\"https:\/\/www.nexoinformativo.mx\/#organization\"},\"image\":{\"@id\":\"https:\/\/www.nexoinformativo.mx\/index.php\/2025\/01\/31\/hombre-que-escalo-escultura-en-queretaro-sera-atendido-por-adicciones\/#primaryimage\"},\"thumbnailUrl\":\"https:\/\/www.nexoinformativo.mx\/wp-content\/uploads\/2025\/01\/da08da19-fd7e-4c9e-8fa5-848690101be8-e1738340933103.jpg\",\"keywords\":[\"Adicciones\",\"Quer\u00e9taro\",\"Rehabilitaci\u00f3n\",\"SeguridadCiudadana\"],\"articleSection\":[\"Sucesos\",\"\u00daltima Hora\"],\"inLanguage\":\"es\",\"potentialAction\":[{\"@type\":\"CommentAction\",\"name\":\"Comment\",\"target\":[\"https:\/\/www.nexoinformativo.mx\/index.php\/2025\/01\/31\/hombre-que-escalo-escultura-en-queretaro-sera-atendido-por-adicciones\/#respond\"]}]},{\"@type\":\"WebPage\",\"@id\":\"https:\/\/www.nexoinformativo.mx\/index.php\/2025\/01\/31\/hombre-que-escalo-escultura-en-queretaro-sera-atendido-por-adicciones\/\",\"url\":\"https:\/\/www.nexoinformativo.mx\/index.php\/2025\/01\/31\/hombre-que-escalo-escultura-en-queretaro-sera-atendido-por-adicciones\/\",\"name\":\"Hombre que escal\u00f3 escultura en Quer\u00e9taro ser\u00e1 atendido por adicciones | Nexo Informativo Santiago de Quer\u00e9taro\",\"isPartOf\":{\"@id\":\"https:\/\/www.nexoinformativo.mx\/#website\"},\"primaryImageOfPage\":{\"@id\":\"https:\/\/www.nexoinformativo.mx\/index.php\/2025\/01\/31\/hombre-que-escalo-escultura-en-queretaro-sera-atendido-por-adicciones\/#primaryimage\"},\"image\":{\"@id\":\"https:\/\/www.nexoinformativo.mx\/index.php\/2025\/01\/31\/hombre-que-escalo-escultura-en-queretaro-sera-atendido-por-adicciones\/#primaryimage\"},\"thumbnailUrl\":\"https:\/\/www.nexoinformativo.mx\/wp-content\/uploads\/2025\/01\/da08da19-fd7e-4c9e-8fa5-848690101be8-e1738340933103.jpg\",\"datePublished\":\"2025-01-31T14:00:08+00:00\",\"dateModified\":\"2025-01-31T16:29:31+00:00\",\"description\":\"Hombre que escal\u00f3 escultura en Quer\u00e9taro ser\u00e1 atendido por adicciones\",\"breadcrumb\":{\"@id\":\"https:\/\/www.nexoinformativo.mx\/index.php\/2025\/01\/31\/hombre-que-escalo-escultura-en-queretaro-sera-atendido-por-adicciones\/#breadcrumb\"},\"inLanguage\":\"es\",\"potentialAction\":[{\"@type\":\"ReadAction\",\"target\":[\"https:\/\/www.nexoinformativo.mx\/index.php\/2025\/01\/31\/hombre-que-escalo-escultura-en-queretaro-sera-atendido-por-adicciones\/\"]}]},{\"@type\":\"ImageObject\",\"inLanguage\":\"es\",\"@id\":\"https:\/\/www.nexoinformativo.mx\/index.php\/2025\/01\/31\/hombre-que-escalo-escultura-en-queretaro-sera-atendido-por-adicciones\/#primaryimage\",\"url\":\"https:\/\/www.nexoinformativo.mx\/wp-content\/uploads\/2025\/01\/da08da19-fd7e-4c9e-8fa5-848690101be8-e1738340933103.jpg\",\"contentUrl\":\"https:\/\/www.nexoinformativo.mx\/wp-content\/uploads\/2025\/01\/da08da19-fd7e-4c9e-8fa5-848690101be8-e1738340933103.jpg\",\"width\":800,\"height\":600},{\"@type\":\"BreadcrumbList\",\"@id\":\"https:\/\/www.nexoinformativo.mx\/index.php\/2025\/01\/31\/hombre-que-escalo-escultura-en-queretaro-sera-atendido-por-adicciones\/#breadcrumb\",\"itemListElement\":[{\"@type\":\"ListItem\",\"position\":1,\"name\":\"Inicio\",\"item\":\"https:\/\/www.nexoinformativo.mx\/\"},{\"@type\":\"ListItem\",\"position\":2,\"name\":\"Hombre que escal\u00f3 escultura en Quer\u00e9taro ser\u00e1 atendido por adicciones\"}]},{\"@type\":\"WebSite\",\"@id\":\"https:\/\/www.nexoinformativo.mx\/#website\",\"url\":\"https:\/\/www.nexoinformativo.mx\/\",\"name\":\"Nexo Informativo Santiago de Quer\u00e9taro\",\"description\":\"Explora NexoInformativo y convi\u00e9rtete en parte de una comunidad que valora el conocimiento y la verdad. Tu nexoinformativo es tu puente hacia una comprensi\u00f3n m\u00e1s profunda del mundo que te rodea.\",\"publisher\":{\"@id\":\"https:\/\/www.nexoinformativo.mx\/#organization\"},\"potentialAction\":[{\"@type\":\"SearchAction\",\"target\":{\"@type\":\"EntryPoint\",\"urlTemplate\":\"https:\/\/www.nexoinformativo.mx\/?s={search_term_string}\"},\"query-input\":{\"@type\":\"PropertyValueSpecification\",\"valueRequired\":true,\"valueName\":\"search_term_string\"}}],\"inLanguage\":\"es\"},{\"@type\":\"Organization\",\"@id\":\"https:\/\/www.nexoinformativo.mx\/#organization\",\"name\":\"Nexo Informativo Santiago de Quer\u00e9taro\",\"url\":\"https:\/\/www.nexoinformativo.mx\/\",\"logo\":{\"@type\":\"ImageObject\",\"inLanguage\":\"es\",\"@id\":\"https:\/\/www.nexoinformativo.mx\/#\/schema\/logo\/image\/\",\"url\":\"https:\/\/www.nexoinformativo.mx\/wp-content\/uploads\/2024\/07\/nexoi-trasparente-2.png\",\"contentUrl\":\"https:\/\/www.nexoinformativo.mx\/wp-content\/uploads\/2024\/07\/nexoi-trasparente-2.png\",\"width\":816,\"height\":339,\"caption\":\"Nexo Informativo Santiago de Quer\u00e9taro\"},\"image\":{\"@id\":\"https:\/\/www.nexoinformativo.mx\/#\/schema\/logo\/image\/\"},\"sameAs\":[\"https:\/\/www.facebook.com\/people\/Nexo-Informativo\/61564066885511\/\"]},{\"@type\":\"Person\",\"@id\":\"https:\/\/www.nexoinformativo.mx\/#\/schema\/person\/7749d380ba08c8ca00d7bc76fd907b7d\",\"name\":\"Nexo Informativo\",\"image\":{\"@type\":\"ImageObject\",\"inLanguage\":\"es\",\"@id\":\"https:\/\/www.nexoinformativo.mx\/#\/schema\/person\/image\/\",\"url\":\"https:\/\/secure.gravatar.com\/avatar\/dde2928154642a13d95f87ddf1ea9718fe2b46760a005c53e41ff5ad610704e6?s=96&d=mm&r=g\",\"contentUrl\":\"https:\/\/secure.gravatar.com\/avatar\/dde2928154642a13d95f87ddf1ea9718fe2b46760a005c53e41ff5ad610704e6?s=96&d=mm&r=g\",\"caption\":\"Nexo Informativo\"},\"url\":\"https:\/\/www.nexoinformativo.mx\/index.php\/author\/edicion\/\"}]}<\/script>\n<!-- \/ Yoast SEO plugin. -->","yoast_head_json":{"title":"Hombre que escal\u00f3 escultura en Quer\u00e9taro ser\u00e1 atendido por adicciones | Nexo Informativo Santiago de Quer\u00e9taro","description":"Hombre que escal\u00f3 escultura en Quer\u00e9taro ser\u00e1 atendido por adicciones","robots":{"index":"index","follow":"follow","max-snippet":"max-snippet:-1","max-image-preview":"max-image-preview:large","max-video-preview":"max-video-preview:-1"},"canonical":"https:\/\/www.nexoinformativo.mx\/index.php\/2025\/01\/31\/hombre-que-escalo-escultura-en-queretaro-sera-atendido-por-adicciones\/","og_locale":"es_MX","og_type":"article","og_title":"Hombre que escal\u00f3 escultura en Quer\u00e9taro ser\u00e1 atendido por adicciones | Nexo Informativo Santiago de Quer\u00e9taro","og_description":"Hombre que escal\u00f3 escultura en Quer\u00e9taro ser\u00e1 atendido por adicciones","og_url":"https:\/\/www.nexoinformativo.mx\/index.php\/2025\/01\/31\/hombre-que-escalo-escultura-en-queretaro-sera-atendido-por-adicciones\/","og_site_name":"Nexo Informativo Santiago de Quer\u00e9taro","article_publisher":"https:\/\/www.facebook.com\/people\/Nexo-Informativo\/61564066885511\/","article_published_time":"2025-01-31T14:00:08+00:00","article_modified_time":"2025-01-31T16:29:31+00:00","og_image":[{"width":800,"height":600,"url":"https:\/\/www.nexoinformativo.mx\/wp-content\/uploads\/2025\/01\/da08da19-fd7e-4c9e-8fa5-848690101be8-e1738340933103.jpg","type":"image\/jpeg"}],"author":"Nexo Informativo","twitter_card":"summary_large_image","twitter_misc":{"Escrito por":"Nexo Informativo","Tiempo de lectura":"2 minutos"},"schema":{"@context":"https:\/\/schema.org","@graph":[{"@type":"Article","@id":"https:\/\/www.nexoinformativo.mx\/index.php\/2025\/01\/31\/hombre-que-escalo-escultura-en-queretaro-sera-atendido-por-adicciones\/#article","isPartOf":{"@id":"https:\/\/www.nexoinformativo.mx\/index.php\/2025\/01\/31\/hombre-que-escalo-escultura-en-queretaro-sera-atendido-por-adicciones\/"},"author":{"name":"Nexo Informativo","@id":"https:\/\/www.nexoinformativo.mx\/#\/schema\/person\/7749d380ba08c8ca00d7bc76fd907b7d"},"headline":"Hombre que escal\u00f3 escultura en Quer\u00e9taro ser\u00e1 atendido por adicciones","datePublished":"2025-01-31T14:00:08+00:00","dateModified":"2025-01-31T16:29:31+00:00","mainEntityOfPage":{"@id":"https:\/\/www.nexoinformativo.mx\/index.php\/2025\/01\/31\/hombre-que-escalo-escultura-en-queretaro-sera-atendido-por-adicciones\/"},"wordCount":272,"commentCount":0,"publisher":{"@id":"https:\/\/www.nexoinformativo.mx\/#organization"},"image":{"@id":"https:\/\/www.nexoinformativo.mx\/index.php\/2025\/01\/31\/hombre-que-escalo-escultura-en-queretaro-sera-atendido-por-adicciones\/#primaryimage"},"thumbnailUrl":"https:\/\/www.nexoinformativo.mx\/wp-content\/uploads\/2025\/01\/da08da19-fd7e-4c9e-8fa5-848690101be8-e1738340933103.jpg","keywords":["Adicciones","Quer\u00e9taro","Rehabilitaci\u00f3n","SeguridadCiudadana"],"articleSection":["Sucesos","\u00daltima Hora"],"inLanguage":"es","potentialAction":[{"@type":"CommentAction","name":"Comment","target":["https:\/\/www.nexoinformativo.mx\/index.php\/2025\/01\/31\/hombre-que-escalo-escultura-en-queretaro-sera-atendido-por-adicciones\/#respond"]}]},{"@type":"WebPage","@id":"https:\/\/www.nexoinformativo.mx\/index.php\/2025\/01\/31\/hombre-que-escalo-escultura-en-queretaro-sera-atendido-por-adicciones\/","url":"https:\/\/www.nexoinformativo.mx\/index.php\/2025\/01\/31\/hombre-que-escalo-escultura-en-queretaro-sera-atendido-por-adicciones\/","name":"Hombre que escal\u00f3 escultura en Quer\u00e9taro ser\u00e1 atendido por adicciones | Nexo Informativo Santiago de Quer\u00e9taro","isPartOf":{"@id":"https:\/\/www.nexoinformativo.mx\/#website"},"primaryImageOfPage":{"@id":"https:\/\/www.nexoinformativo.mx\/index.php\/2025\/01\/31\/hombre-que-escalo-escultura-en-queretaro-sera-atendido-por-adicciones\/#primaryimage"},"image":{"@id":"https:\/\/www.nexoinformativo.mx\/index.php\/2025\/01\/31\/hombre-que-escalo-escultura-en-queretaro-sera-atendido-por-adicciones\/#primaryimage"},"thumbnailUrl":"https:\/\/www.nexoinformativo.mx\/wp-content\/uploads\/2025\/01\/da08da19-fd7e-4c9e-8fa5-848690101be8-e1738340933103.jpg","datePublished":"2025-01-31T14:00:08+00:00","dateModified":"2025-01-31T16:29:31+00:00","description":"Hombre que escal\u00f3 escultura en Quer\u00e9taro ser\u00e1 atendido por adicciones","breadcrumb":{"@id":"https:\/\/www.nexoinformativo.mx\/index.php\/2025\/01\/31\/hombre-que-escalo-escultura-en-queretaro-sera-atendido-por-adicciones\/#breadcrumb"},"inLanguage":"es","potentialAction":[{"@type":"ReadAction","target":["https:\/\/www.nexoinformativo.mx\/index.php\/2025\/01\/31\/hombre-que-escalo-escultura-en-queretaro-sera-atendido-por-adicciones\/"]}]},{"@type":"ImageObject","inLanguage":"es","@id":"https:\/\/www.nexoinformativo.mx\/index.php\/2025\/01\/31\/hombre-que-escalo-escultura-en-queretaro-sera-atendido-por-adicciones\/#primaryimage","url":"https:\/\/www.nexoinformativo.mx\/wp-content\/uploads\/2025\/01\/da08da19-fd7e-4c9e-8fa5-848690101be8-e1738340933103.jpg","contentUrl":"https:\/\/www.nexoinformativo.mx\/wp-content\/uploads\/2025\/01\/da08da19-fd7e-4c9e-8fa5-848690101be8-e1738340933103.jpg","width":800,"height":600},{"@type":"BreadcrumbList","@id":"https:\/\/www.nexoinformativo.mx\/index.php\/2025\/01\/31\/hombre-que-escalo-escultura-en-queretaro-sera-atendido-por-adicciones\/#breadcrumb","itemListElement":[{"@type":"ListItem","position":1,"name":"Inicio","item":"https:\/\/www.nexoinformativo.mx\/"},{"@type":"ListItem","position":2,"name":"Hombre que escal\u00f3 escultura en Quer\u00e9taro ser\u00e1 atendido por adicciones"}]},{"@type":"WebSite","@id":"https:\/\/www.nexoinformativo.mx\/#website","url":"https:\/\/www.nexoinformativo.mx\/","name":"Nexo Informativo Santiago de Quer\u00e9taro","description":"Explora NexoInformativo y convi\u00e9rtete en parte de una comunidad que valora el conocimiento y la verdad. Tu nexoinformativo es tu puente hacia una comprensi\u00f3n m\u00e1s profunda del mundo que te rodea.","publisher":{"@id":"https:\/\/www.nexoinformativo.mx\/#organization"},"potentialAction":[{"@type":"SearchAction","target":{"@type":"EntryPoint","urlTemplate":"https:\/\/www.nexoinformativo.mx\/?s={search_term_string}"},"query-input":{"@type":"PropertyValueSpecification","valueRequired":true,"valueName":"search_term_string"}}],"inLanguage":"es"},{"@type":"Organization","@id":"https:\/\/www.nexoinformativo.mx\/#organization","name":"Nexo Informativo Santiago de Quer\u00e9taro","url":"https:\/\/www.nexoinformativo.mx\/","logo":{"@type":"ImageObject","inLanguage":"es","@id":"https:\/\/www.nexoinformativo.mx\/#\/schema\/logo\/image\/","url":"https:\/\/www.nexoinformativo.mx\/wp-content\/uploads\/2024\/07\/nexoi-trasparente-2.png","contentUrl":"https:\/\/www.nexoinformativo.mx\/wp-content\/uploads\/2024\/07\/nexoi-trasparente-2.png","width":816,"height":339,"caption":"Nexo Informativo Santiago de Quer\u00e9taro"},"image":{"@id":"https:\/\/www.nexoinformativo.mx\/#\/schema\/logo\/image\/"},"sameAs":["https:\/\/www.facebook.com\/people\/Nexo-Informativo\/61564066885511\/"]},{"@type":"Person","@id":"https:\/\/www.nexoinformativo.mx\/#\/schema\/person\/7749d380ba08c8ca00d7bc76fd907b7d","name":"Nexo Informativo","image":{"@type":"ImageObject","inLanguage":"es","@id":"https:\/\/www.nexoinformativo.mx\/#\/schema\/person\/image\/","url":"https:\/\/secure.gravatar.com\/avatar\/dde2928154642a13d95f87ddf1ea9718fe2b46760a005c53e41ff5ad610704e6?s=96&d=mm&r=g","contentUrl":"https:\/\/secure.gravatar.com\/avatar\/dde2928154642a13d95f87ddf1ea9718fe2b46760a005c53e41ff5ad610704e6?s=96&d=mm&r=g","caption":"Nexo Informativo"},"url":"https:\/\/www.nexoinformativo.mx\/index.php\/author\/edicion\/"}]}},"_links":{"self":[{"href":"https:\/\/www.nexoinformativo.mx\/index.php\/wp-json\/wp\/v2\/posts\/10966","targetHints":{"allow":["GET"]}}],"collection":[{"href":"https:\/\/www.nexoinformativo.mx\/index.php\/wp-json\/wp\/v2\/posts"}],"about":[{"href":"https:\/\/www.nexoinformativo.mx\/index.php\/wp-json\/wp\/v2\/types\/post"}],"author":[{"embeddable":true,"href":"https:\/\/www.nexoinformativo.mx\/index.php\/wp-json\/wp\/v2\/users\/3"}],"replies":[{"embeddable":true,"href":"https:\/\/www.nexoinformativo.mx\/index.php\/wp-json\/wp\/v2\/comments?post=10966"}],"version-history":[{"count":3,"href":"https:\/\/www.nexoinformativo.mx\/index.php\/wp-json\/wp\/v2\/posts\/10966\/revisions"}],"predecessor-version":[{"id":10970,"href":"https:\/\/www.nexoinformativo.mx\/index.php\/wp-json\/wp\/v2\/posts\/10966\/revisions\/10970"}],"wp:featuredmedia":[{"embeddable":true,"href":"https:\/\/www.nexoinformativo.mx\/index.php\/wp-json\/wp\/v2\/media\/10967"}],"wp:attachment":[{"href":"https:\/\/www.nexoinformativo.mx\/index.php\/wp-json\/wp\/v2\/media?parent=10966"}],"wp:term":[{"taxonomy":"category","embeddable":true,"href":"https:\/\/www.nexoinformativo.mx\/index.php\/wp-json\/wp\/v2\/categories?post=10966"},{"taxonomy":"post_tag","embeddable":true,"href":"https:\/\/www.nexoinformativo.mx\/index.php\/wp-json\/wp\/v2\/tags?post=10966"}],"curies":[{"name":"wp","href":"https:\/\/api.w.org\/{rel}","templated":true}]}}