{"id":10976,"date":"2025-01-31T09:00:08","date_gmt":"2025-01-31T15:00:08","guid":{"rendered":"https:\/\/www.nexoinformativo.mx\/?p=10976"},"modified":"2025-01-31T10:39:33","modified_gmt":"2025-01-31T16:39:33","slug":"upq-celebra-su-xix-aniversario-y-destaca-el-compromiso-de-los-jovenes","status":"publish","type":"post","link":"https:\/\/www.nexoinformativo.mx\/index.php\/2025\/01\/31\/upq-celebra-su-xix-aniversario-y-destaca-el-compromiso-de-los-jovenes\/","title":{"rendered":"UPQ celebra su XIX aniversario y destaca el compromiso de los j\u00f3venes"},"content":{"rendered":"<p style=\"text-align: justify;\" data-sourcepos=\"11:1-11:435\">La Universidad Polit\u00e9cnica de Quer\u00e9taro (UPQ) celebr\u00f3 su XIX aniversario, un hito que refleja el compromiso de la instituci\u00f3n con la formaci\u00f3n de profesionales altamente capacitados y el desarrollo de la entidad.<\/p>\n<\/p>\n<p>&nbsp;<\/p>\n<p style=\"text-align: justify;\" data-sourcepos=\"11:1-11:435\">El evento fue encabezado por el secretario de Desarrollo Social del Estado de Quer\u00e9taro, Luis Nava, quien destac\u00f3 el papel fundamental de los j\u00f3venes en el crecimiento econ\u00f3mico y social del estado.<\/p>\n<\/p>\n<p>&nbsp;<\/p>\n<p style=\"text-align: justify;\" data-sourcepos=\"13:1-13:291\"><strong>&#8220;En Quer\u00e9taro, los j\u00f3venes s\u00ed estudian, emprenden y se emplean, Aqu\u00ed los j\u00f3venes buscan prepararse para salir adelante y eso hace que Quer\u00e9taro se distinga&#8221; <\/strong>\u00a0afirm\u00f3 Nava.<\/p>\n<\/p>\n<p>&nbsp;<\/p>\n<p style=\"text-align: justify;\" data-sourcepos=\"15:1-15:404\">La rectora de la UPQ, Diana Yadira P\u00e9rez Mej\u00eda, coincidi\u00f3 con Nava al se\u00f1alar que la universidad est\u00e1 preparada para formar el talento que las empresas demandan.<\/p>\n<\/p>\n<p>&nbsp;<\/p>\n<p style=\"text-align: justify;\" data-sourcepos=\"15:1-15:404\">&#8220;Hoy en d\u00eda, Quer\u00e9taro vive un momento hist\u00f3rico, empresas como Amazon, Google y Microsoft han elegido establecerse en nuestro estado, lo que nos exige estar a la altura para seguir fortaleciendo y mejorando nuestro modelo educativo&#8221;, afirm\u00f3.<\/p>\n<\/p>\n<p>&nbsp;<\/p>\n<p style=\"text-align: justify;\" data-sourcepos=\"17:1-17:292\">La UPQ ofrece una amplia gama de programas acad\u00e9micos, incluyendo dos licenciaturas y cinco ingenier\u00edas, adem\u00e1s de tres programas de posgrado. Con una matr\u00edcula de tres mil 998 estudiantes, la universidad se ha consolidado como un referente en la formaci\u00f3n de profesionales en diversas \u00e1reas.<\/p>\n<\/p>\n<p>&nbsp;<\/p>\n<p style=\"text-align: justify;\" data-sourcepos=\"19:1-19:288\">Durante la ceremonia, se reconoci\u00f3 el trabajo de docentes, estudiantes y administrativos que han contribuido al \u00e9xito de la instituci\u00f3n. Se destac\u00f3 la importancia de la colaboraci\u00f3n entre la universidad y el sector empresarial para impulsar el desarrollo econ\u00f3mico de la regi\u00f3n.<\/p>\n<\/p>\n<p>&nbsp;<\/p>\n<p style=\"text-align: center;\" data-sourcepos=\"19:1-19:288\"><em><strong>\u00a1Informaci\u00f3n que transforma!<\/strong><\/em><\/p>\n","protected":false},"excerpt":{"rendered":"<p>La Universidad Polit\u00e9cnica de Quer\u00e9taro (UPQ) celebr\u00f3 su XIX aniversario, un hito que refleja el compromiso de la instituci\u00f3n con la formaci\u00f3n de profesionales altamente capacitados y el desarrollo de la entidad.<\/p>\n","protected":false},"author":3,"featured_media":10977,"comment_status":"open","ping_status":"open","sticky":false,"template":"","format":"standard","meta":{"footnotes":""},"categories":[42,58],"tags":[1163,3297,133,2634],"class_list":["post-10976","post","type-post","status-publish","format-standard","has-post-thumbnail","hentry","category-estado","category-ultima-hora","tag-educacionsuperior","tag-jovenes","tag-queretaro","tag-upq"],"yoast_head":"<!-- This site is optimized with the Yoast SEO plugin v25.0 - https:\/\/yoast.com\/wordpress\/plugins\/seo\/ -->\n<title>UPQ celebra su XIX aniversario y destaca el compromiso de los j\u00f3venes | Nexo Informativo Santiago de Quer\u00e9taro<\/title>\n<meta name=\"description\" content=\"UPQ celebra su XIX aniversario y destaca el compromiso de los j\u00f3venes\" \/>\n<meta name=\"robots\" content=\"index, follow, max-snippet:-1, max-image-preview:large, max-video-preview:-1\" \/>\n<link rel=\"canonical\" href=\"https:\/\/www.nexoinformativo.mx\/index.php\/2025\/01\/31\/upq-celebra-su-xix-aniversario-y-destaca-el-compromiso-de-los-jovenes\/\" \/>\n<meta property=\"og:locale\" content=\"es_MX\" \/>\n<meta property=\"og:type\" content=\"article\" \/>\n<meta property=\"og:title\" content=\"UPQ celebra su XIX aniversario y destaca el compromiso de los j\u00f3venes | Nexo Informativo Santiago de Quer\u00e9taro\" \/>\n<meta property=\"og:description\" content=\"UPQ celebra su XIX aniversario y destaca el compromiso de los j\u00f3venes\" \/>\n<meta property=\"og:url\" content=\"https:\/\/www.nexoinformativo.mx\/index.php\/2025\/01\/31\/upq-celebra-su-xix-aniversario-y-destaca-el-compromiso-de-los-jovenes\/\" \/>\n<meta property=\"og:site_name\" content=\"Nexo Informativo Santiago de Quer\u00e9taro\" \/>\n<meta property=\"article:publisher\" content=\"https:\/\/www.facebook.com\/people\/Nexo-Informativo\/61564066885511\/\" \/>\n<meta property=\"article:published_time\" content=\"2025-01-31T15:00:08+00:00\" \/>\n<meta property=\"article:modified_time\" content=\"2025-01-31T16:39:33+00:00\" \/>\n<meta property=\"og:image\" content=\"https:\/\/www.nexoinformativo.mx\/wp-content\/uploads\/2025\/01\/PHOTO-2025-01-31-10-07-37.jpg\" \/>\n\t<meta property=\"og:image:width\" content=\"1280\" \/>\n\t<meta property=\"og:image:height\" content=\"853\" \/>\n\t<meta property=\"og:image:type\" content=\"image\/jpeg\" \/>\n<meta name=\"author\" content=\"Nexo Informativo\" \/>\n<meta name=\"twitter:card\" content=\"summary_large_image\" \/>\n<meta name=\"twitter:label1\" content=\"Escrito por\" \/>\n\t<meta name=\"twitter:data1\" content=\"Nexo Informativo\" \/>\n\t<meta name=\"twitter:label2\" content=\"Tiempo de lectura\" \/>\n\t<meta name=\"twitter:data2\" content=\"2 minutos\" \/>\n<script type=\"application\/ld+json\" class=\"yoast-schema-graph\">{\"@context\":\"https:\/\/schema.org\",\"@graph\":[{\"@type\":\"Article\",\"@id\":\"https:\/\/www.nexoinformativo.mx\/index.php\/2025\/01\/31\/upq-celebra-su-xix-aniversario-y-destaca-el-compromiso-de-los-jovenes\/#article\",\"isPartOf\":{\"@id\":\"https:\/\/www.nexoinformativo.mx\/index.php\/2025\/01\/31\/upq-celebra-su-xix-aniversario-y-destaca-el-compromiso-de-los-jovenes\/\"},\"author\":{\"name\":\"Nexo Informativo\",\"@id\":\"https:\/\/www.nexoinformativo.mx\/#\/schema\/person\/7749d380ba08c8ca00d7bc76fd907b7d\"},\"headline\":\"UPQ celebra su XIX aniversario y destaca el compromiso de los j\u00f3venes\",\"datePublished\":\"2025-01-31T15:00:08+00:00\",\"dateModified\":\"2025-01-31T16:39:33+00:00\",\"mainEntityOfPage\":{\"@id\":\"https:\/\/www.nexoinformativo.mx\/index.php\/2025\/01\/31\/upq-celebra-su-xix-aniversario-y-destaca-el-compromiso-de-los-jovenes\/\"},\"wordCount\":291,\"commentCount\":0,\"publisher\":{\"@id\":\"https:\/\/www.nexoinformativo.mx\/#organization\"},\"image\":{\"@id\":\"https:\/\/www.nexoinformativo.mx\/index.php\/2025\/01\/31\/upq-celebra-su-xix-aniversario-y-destaca-el-compromiso-de-los-jovenes\/#primaryimage\"},\"thumbnailUrl\":\"https:\/\/www.nexoinformativo.mx\/wp-content\/uploads\/2025\/01\/PHOTO-2025-01-31-10-07-37.jpg\",\"keywords\":[\"Educaci\u00f3nSuperior\",\"J\u00f3venes\",\"Quer\u00e9taro\",\"UPQ\"],\"articleSection\":[\"Estado\",\"\u00daltima Hora\"],\"inLanguage\":\"es\",\"potentialAction\":[{\"@type\":\"CommentAction\",\"name\":\"Comment\",\"target\":[\"https:\/\/www.nexoinformativo.mx\/index.php\/2025\/01\/31\/upq-celebra-su-xix-aniversario-y-destaca-el-compromiso-de-los-jovenes\/#respond\"]}]},{\"@type\":\"WebPage\",\"@id\":\"https:\/\/www.nexoinformativo.mx\/index.php\/2025\/01\/31\/upq-celebra-su-xix-aniversario-y-destaca-el-compromiso-de-los-jovenes\/\",\"url\":\"https:\/\/www.nexoinformativo.mx\/index.php\/2025\/01\/31\/upq-celebra-su-xix-aniversario-y-destaca-el-compromiso-de-los-jovenes\/\",\"name\":\"UPQ celebra su XIX aniversario y destaca el compromiso de los j\u00f3venes | Nexo Informativo Santiago de Quer\u00e9taro\",\"isPartOf\":{\"@id\":\"https:\/\/www.nexoinformativo.mx\/#website\"},\"primaryImageOfPage\":{\"@id\":\"https:\/\/www.nexoinformativo.mx\/index.php\/2025\/01\/31\/upq-celebra-su-xix-aniversario-y-destaca-el-compromiso-de-los-jovenes\/#primaryimage\"},\"image\":{\"@id\":\"https:\/\/www.nexoinformativo.mx\/index.php\/2025\/01\/31\/upq-celebra-su-xix-aniversario-y-destaca-el-compromiso-de-los-jovenes\/#primaryimage\"},\"thumbnailUrl\":\"https:\/\/www.nexoinformativo.mx\/wp-content\/uploads\/2025\/01\/PHOTO-2025-01-31-10-07-37.jpg\",\"datePublished\":\"2025-01-31T15:00:08+00:00\",\"dateModified\":\"2025-01-31T16:39:33+00:00\",\"description\":\"UPQ celebra su XIX aniversario y destaca el compromiso de los j\u00f3venes\",\"breadcrumb\":{\"@id\":\"https:\/\/www.nexoinformativo.mx\/index.php\/2025\/01\/31\/upq-celebra-su-xix-aniversario-y-destaca-el-compromiso-de-los-jovenes\/#breadcrumb\"},\"inLanguage\":\"es\",\"potentialAction\":[{\"@type\":\"ReadAction\",\"target\":[\"https:\/\/www.nexoinformativo.mx\/index.php\/2025\/01\/31\/upq-celebra-su-xix-aniversario-y-destaca-el-compromiso-de-los-jovenes\/\"]}]},{\"@type\":\"ImageObject\",\"inLanguage\":\"es\",\"@id\":\"https:\/\/www.nexoinformativo.mx\/index.php\/2025\/01\/31\/upq-celebra-su-xix-aniversario-y-destaca-el-compromiso-de-los-jovenes\/#primaryimage\",\"url\":\"https:\/\/www.nexoinformativo.mx\/wp-content\/uploads\/2025\/01\/PHOTO-2025-01-31-10-07-37.jpg\",\"contentUrl\":\"https:\/\/www.nexoinformativo.mx\/wp-content\/uploads\/2025\/01\/PHOTO-2025-01-31-10-07-37.jpg\",\"width\":1280,\"height\":853},{\"@type\":\"BreadcrumbList\",\"@id\":\"https:\/\/www.nexoinformativo.mx\/index.php\/2025\/01\/31\/upq-celebra-su-xix-aniversario-y-destaca-el-compromiso-de-los-jovenes\/#breadcrumb\",\"itemListElement\":[{\"@type\":\"ListItem\",\"position\":1,\"name\":\"Inicio\",\"item\":\"https:\/\/www.nexoinformativo.mx\/\"},{\"@type\":\"ListItem\",\"position\":2,\"name\":\"UPQ celebra su XIX aniversario y destaca el compromiso de los j\u00f3venes\"}]},{\"@type\":\"WebSite\",\"@id\":\"https:\/\/www.nexoinformativo.mx\/#website\",\"url\":\"https:\/\/www.nexoinformativo.mx\/\",\"name\":\"Nexo Informativo Santiago de Quer\u00e9taro\",\"description\":\"Explora NexoInformativo y convi\u00e9rtete en parte de una comunidad que valora el conocimiento y la verdad. Tu nexoinformativo es tu puente hacia una comprensi\u00f3n m\u00e1s profunda del mundo que te rodea.\",\"publisher\":{\"@id\":\"https:\/\/www.nexoinformativo.mx\/#organization\"},\"potentialAction\":[{\"@type\":\"SearchAction\",\"target\":{\"@type\":\"EntryPoint\",\"urlTemplate\":\"https:\/\/www.nexoinformativo.mx\/?s={search_term_string}\"},\"query-input\":{\"@type\":\"PropertyValueSpecification\",\"valueRequired\":true,\"valueName\":\"search_term_string\"}}],\"inLanguage\":\"es\"},{\"@type\":\"Organization\",\"@id\":\"https:\/\/www.nexoinformativo.mx\/#organization\",\"name\":\"Nexo Informativo Santiago de Quer\u00e9taro\",\"url\":\"https:\/\/www.nexoinformativo.mx\/\",\"logo\":{\"@type\":\"ImageObject\",\"inLanguage\":\"es\",\"@id\":\"https:\/\/www.nexoinformativo.mx\/#\/schema\/logo\/image\/\",\"url\":\"https:\/\/www.nexoinformativo.mx\/wp-content\/uploads\/2024\/07\/nexoi-trasparente-2.png\",\"contentUrl\":\"https:\/\/www.nexoinformativo.mx\/wp-content\/uploads\/2024\/07\/nexoi-trasparente-2.png\",\"width\":816,\"height\":339,\"caption\":\"Nexo Informativo Santiago de Quer\u00e9taro\"},\"image\":{\"@id\":\"https:\/\/www.nexoinformativo.mx\/#\/schema\/logo\/image\/\"},\"sameAs\":[\"https:\/\/www.facebook.com\/people\/Nexo-Informativo\/61564066885511\/\"]},{\"@type\":\"Person\",\"@id\":\"https:\/\/www.nexoinformativo.mx\/#\/schema\/person\/7749d380ba08c8ca00d7bc76fd907b7d\",\"name\":\"Nexo Informativo\",\"image\":{\"@type\":\"ImageObject\",\"inLanguage\":\"es\",\"@id\":\"https:\/\/www.nexoinformativo.mx\/#\/schema\/person\/image\/\",\"url\":\"https:\/\/secure.gravatar.com\/avatar\/dde2928154642a13d95f87ddf1ea9718fe2b46760a005c53e41ff5ad610704e6?s=96&d=mm&r=g\",\"contentUrl\":\"https:\/\/secure.gravatar.com\/avatar\/dde2928154642a13d95f87ddf1ea9718fe2b46760a005c53e41ff5ad610704e6?s=96&d=mm&r=g\",\"caption\":\"Nexo Informativo\"},\"url\":\"https:\/\/www.nexoinformativo.mx\/index.php\/author\/edicion\/\"}]}<\/script>\n<!-- \/ Yoast SEO plugin. -->","yoast_head_json":{"title":"UPQ celebra su XIX aniversario y destaca el compromiso de los j\u00f3venes | Nexo Informativo Santiago de Quer\u00e9taro","description":"UPQ celebra su XIX aniversario y destaca el compromiso de los j\u00f3venes","robots":{"index":"index","follow":"follow","max-snippet":"max-snippet:-1","max-image-preview":"max-image-preview:large","max-video-preview":"max-video-preview:-1"},"canonical":"https:\/\/www.nexoinformativo.mx\/index.php\/2025\/01\/31\/upq-celebra-su-xix-aniversario-y-destaca-el-compromiso-de-los-jovenes\/","og_locale":"es_MX","og_type":"article","og_title":"UPQ celebra su XIX aniversario y destaca el compromiso de los j\u00f3venes | Nexo Informativo Santiago de Quer\u00e9taro","og_description":"UPQ celebra su XIX aniversario y destaca el compromiso de los j\u00f3venes","og_url":"https:\/\/www.nexoinformativo.mx\/index.php\/2025\/01\/31\/upq-celebra-su-xix-aniversario-y-destaca-el-compromiso-de-los-jovenes\/","og_site_name":"Nexo Informativo Santiago de Quer\u00e9taro","article_publisher":"https:\/\/www.facebook.com\/people\/Nexo-Informativo\/61564066885511\/","article_published_time":"2025-01-31T15:00:08+00:00","article_modified_time":"2025-01-31T16:39:33+00:00","og_image":[{"width":1280,"height":853,"url":"https:\/\/www.nexoinformativo.mx\/wp-content\/uploads\/2025\/01\/PHOTO-2025-01-31-10-07-37.jpg","type":"image\/jpeg"}],"author":"Nexo Informativo","twitter_card":"summary_large_image","twitter_misc":{"Escrito por":"Nexo Informativo","Tiempo de lectura":"2 minutos"},"schema":{"@context":"https:\/\/schema.org","@graph":[{"@type":"Article","@id":"https:\/\/www.nexoinformativo.mx\/index.php\/2025\/01\/31\/upq-celebra-su-xix-aniversario-y-destaca-el-compromiso-de-los-jovenes\/#article","isPartOf":{"@id":"https:\/\/www.nexoinformativo.mx\/index.php\/2025\/01\/31\/upq-celebra-su-xix-aniversario-y-destaca-el-compromiso-de-los-jovenes\/"},"author":{"name":"Nexo Informativo","@id":"https:\/\/www.nexoinformativo.mx\/#\/schema\/person\/7749d380ba08c8ca00d7bc76fd907b7d"},"headline":"UPQ celebra su XIX aniversario y destaca el compromiso de los j\u00f3venes","datePublished":"2025-01-31T15:00:08+00:00","dateModified":"2025-01-31T16:39:33+00:00","mainEntityOfPage":{"@id":"https:\/\/www.nexoinformativo.mx\/index.php\/2025\/01\/31\/upq-celebra-su-xix-aniversario-y-destaca-el-compromiso-de-los-jovenes\/"},"wordCount":291,"commentCount":0,"publisher":{"@id":"https:\/\/www.nexoinformativo.mx\/#organization"},"image":{"@id":"https:\/\/www.nexoinformativo.mx\/index.php\/2025\/01\/31\/upq-celebra-su-xix-aniversario-y-destaca-el-compromiso-de-los-jovenes\/#primaryimage"},"thumbnailUrl":"https:\/\/www.nexoinformativo.mx\/wp-content\/uploads\/2025\/01\/PHOTO-2025-01-31-10-07-37.jpg","keywords":["Educaci\u00f3nSuperior","J\u00f3venes","Quer\u00e9taro","UPQ"],"articleSection":["Estado","\u00daltima Hora"],"inLanguage":"es","potentialAction":[{"@type":"CommentAction","name":"Comment","target":["https:\/\/www.nexoinformativo.mx\/index.php\/2025\/01\/31\/upq-celebra-su-xix-aniversario-y-destaca-el-compromiso-de-los-jovenes\/#respond"]}]},{"@type":"WebPage","@id":"https:\/\/www.nexoinformativo.mx\/index.php\/2025\/01\/31\/upq-celebra-su-xix-aniversario-y-destaca-el-compromiso-de-los-jovenes\/","url":"https:\/\/www.nexoinformativo.mx\/index.php\/2025\/01\/31\/upq-celebra-su-xix-aniversario-y-destaca-el-compromiso-de-los-jovenes\/","name":"UPQ celebra su XIX aniversario y destaca el compromiso de los j\u00f3venes | Nexo Informativo Santiago de Quer\u00e9taro","isPartOf":{"@id":"https:\/\/www.nexoinformativo.mx\/#website"},"primaryImageOfPage":{"@id":"https:\/\/www.nexoinformativo.mx\/index.php\/2025\/01\/31\/upq-celebra-su-xix-aniversario-y-destaca-el-compromiso-de-los-jovenes\/#primaryimage"},"image":{"@id":"https:\/\/www.nexoinformativo.mx\/index.php\/2025\/01\/31\/upq-celebra-su-xix-aniversario-y-destaca-el-compromiso-de-los-jovenes\/#primaryimage"},"thumbnailUrl":"https:\/\/www.nexoinformativo.mx\/wp-content\/uploads\/2025\/01\/PHOTO-2025-01-31-10-07-37.jpg","datePublished":"2025-01-31T15:00:08+00:00","dateModified":"2025-01-31T16:39:33+00:00","description":"UPQ celebra su XIX aniversario y destaca el compromiso de los j\u00f3venes","breadcrumb":{"@id":"https:\/\/www.nexoinformativo.mx\/index.php\/2025\/01\/31\/upq-celebra-su-xix-aniversario-y-destaca-el-compromiso-de-los-jovenes\/#breadcrumb"},"inLanguage":"es","potentialAction":[{"@type":"ReadAction","target":["https:\/\/www.nexoinformativo.mx\/index.php\/2025\/01\/31\/upq-celebra-su-xix-aniversario-y-destaca-el-compromiso-de-los-jovenes\/"]}]},{"@type":"ImageObject","inLanguage":"es","@id":"https:\/\/www.nexoinformativo.mx\/index.php\/2025\/01\/31\/upq-celebra-su-xix-aniversario-y-destaca-el-compromiso-de-los-jovenes\/#primaryimage","url":"https:\/\/www.nexoinformativo.mx\/wp-content\/uploads\/2025\/01\/PHOTO-2025-01-31-10-07-37.jpg","contentUrl":"https:\/\/www.nexoinformativo.mx\/wp-content\/uploads\/2025\/01\/PHOTO-2025-01-31-10-07-37.jpg","width":1280,"height":853},{"@type":"BreadcrumbList","@id":"https:\/\/www.nexoinformativo.mx\/index.php\/2025\/01\/31\/upq-celebra-su-xix-aniversario-y-destaca-el-compromiso-de-los-jovenes\/#breadcrumb","itemListElement":[{"@type":"ListItem","position":1,"name":"Inicio","item":"https:\/\/www.nexoinformativo.mx\/"},{"@type":"ListItem","position":2,"name":"UPQ celebra su XIX aniversario y destaca el compromiso de los j\u00f3venes"}]},{"@type":"WebSite","@id":"https:\/\/www.nexoinformativo.mx\/#website","url":"https:\/\/www.nexoinformativo.mx\/","name":"Nexo Informativo Santiago de Quer\u00e9taro","description":"Explora NexoInformativo y convi\u00e9rtete en parte de una comunidad que valora el conocimiento y la verdad. Tu nexoinformativo es tu puente hacia una comprensi\u00f3n m\u00e1s profunda del mundo que te rodea.","publisher":{"@id":"https:\/\/www.nexoinformativo.mx\/#organization"},"potentialAction":[{"@type":"SearchAction","target":{"@type":"EntryPoint","urlTemplate":"https:\/\/www.nexoinformativo.mx\/?s={search_term_string}"},"query-input":{"@type":"PropertyValueSpecification","valueRequired":true,"valueName":"search_term_string"}}],"inLanguage":"es"},{"@type":"Organization","@id":"https:\/\/www.nexoinformativo.mx\/#organization","name":"Nexo Informativo Santiago de Quer\u00e9taro","url":"https:\/\/www.nexoinformativo.mx\/","logo":{"@type":"ImageObject","inLanguage":"es","@id":"https:\/\/www.nexoinformativo.mx\/#\/schema\/logo\/image\/","url":"https:\/\/www.nexoinformativo.mx\/wp-content\/uploads\/2024\/07\/nexoi-trasparente-2.png","contentUrl":"https:\/\/www.nexoinformativo.mx\/wp-content\/uploads\/2024\/07\/nexoi-trasparente-2.png","width":816,"height":339,"caption":"Nexo Informativo Santiago de Quer\u00e9taro"},"image":{"@id":"https:\/\/www.nexoinformativo.mx\/#\/schema\/logo\/image\/"},"sameAs":["https:\/\/www.facebook.com\/people\/Nexo-Informativo\/61564066885511\/"]},{"@type":"Person","@id":"https:\/\/www.nexoinformativo.mx\/#\/schema\/person\/7749d380ba08c8ca00d7bc76fd907b7d","name":"Nexo Informativo","image":{"@type":"ImageObject","inLanguage":"es","@id":"https:\/\/www.nexoinformativo.mx\/#\/schema\/person\/image\/","url":"https:\/\/secure.gravatar.com\/avatar\/dde2928154642a13d95f87ddf1ea9718fe2b46760a005c53e41ff5ad610704e6?s=96&d=mm&r=g","contentUrl":"https:\/\/secure.gravatar.com\/avatar\/dde2928154642a13d95f87ddf1ea9718fe2b46760a005c53e41ff5ad610704e6?s=96&d=mm&r=g","caption":"Nexo Informativo"},"url":"https:\/\/www.nexoinformativo.mx\/index.php\/author\/edicion\/"}]}},"_links":{"self":[{"href":"https:\/\/www.nexoinformativo.mx\/index.php\/wp-json\/wp\/v2\/posts\/10976","targetHints":{"allow":["GET"]}}],"collection":[{"href":"https:\/\/www.nexoinformativo.mx\/index.php\/wp-json\/wp\/v2\/posts"}],"about":[{"href":"https:\/\/www.nexoinformativo.mx\/index.php\/wp-json\/wp\/v2\/types\/post"}],"author":[{"embeddable":true,"href":"https:\/\/www.nexoinformativo.mx\/index.php\/wp-json\/wp\/v2\/users\/3"}],"replies":[{"embeddable":true,"href":"https:\/\/www.nexoinformativo.mx\/index.php\/wp-json\/wp\/v2\/comments?post=10976"}],"version-history":[{"count":2,"href":"https:\/\/www.nexoinformativo.mx\/index.php\/wp-json\/wp\/v2\/posts\/10976\/revisions"}],"predecessor-version":[{"id":10979,"href":"https:\/\/www.nexoinformativo.mx\/index.php\/wp-json\/wp\/v2\/posts\/10976\/revisions\/10979"}],"wp:featuredmedia":[{"embeddable":true,"href":"https:\/\/www.nexoinformativo.mx\/index.php\/wp-json\/wp\/v2\/media\/10977"}],"wp:attachment":[{"href":"https:\/\/www.nexoinformativo.mx\/index.php\/wp-json\/wp\/v2\/media?parent=10976"}],"wp:term":[{"taxonomy":"category","embeddable":true,"href":"https:\/\/www.nexoinformativo.mx\/index.php\/wp-json\/wp\/v2\/categories?post=10976"},{"taxonomy":"post_tag","embeddable":true,"href":"https:\/\/www.nexoinformativo.mx\/index.php\/wp-json\/wp\/v2\/tags?post=10976"}],"curies":[{"name":"wp","href":"https:\/\/api.w.org\/{rel}","templated":true}]}}