{"id":10982,"date":"2025-01-31T09:30:55","date_gmt":"2025-01-31T15:30:55","guid":{"rendered":"https:\/\/www.nexoinformativo.mx\/?p=10982"},"modified":"2025-01-31T10:47:17","modified_gmt":"2025-01-31T16:47:17","slug":"rosendo-anaya-se-reune-con-autoridades-municipales-para-impulsar-el-sector-agropecuario","status":"publish","type":"post","link":"https:\/\/www.nexoinformativo.mx\/index.php\/2025\/01\/31\/rosendo-anaya-se-reune-con-autoridades-municipales-para-impulsar-el-sector-agropecuario\/","title":{"rendered":"Rosendo Anaya se re\u00fane con autoridades municipales para impulsar el sector agropecuario"},"content":{"rendered":"<p style=\"text-align: justify;\" data-sourcepos=\"11:1-11:317\">El secretario de Desarrollo Agropecuario, Rosendo Anaya, sostuvo una reuni\u00f3n con funcionarios del sector agropecuario de los municipios para reafirmar el compromiso del Gobierno del Estado de trabajar de manera conjunta y trazar las estrategias para impulsar la productividad agr\u00edcola en 2025.<\/p>\n<p>&nbsp;<\/p>\n<p style=\"text-align: justify;\" data-sourcepos=\"13:1-13:455\">Durante el encuentro, Anaya Aguilar destac\u00f3 la importancia de sumar esfuerzos entre los tres niveles de gobierno y los productores para enfrentar los desaf\u00edos del sector y aprovechar las oportunidades que se presentan.<\/p>\n<p>&nbsp;<\/p>\n<p style=\"text-align: justify;\" data-sourcepos=\"13:1-13:455\"><strong>&#8220;Este es un acuerdo para trabajar en forma directa y ayudar a mantener la reactivaci\u00f3n econ\u00f3mica del Sector Primario, apoyando con recursos propios del gobierno y en otros casos sumando a los municipios e incluso a productores&#8221;<\/strong>, se\u00f1al\u00f3.<\/p>\n<p>&nbsp;<\/p>\n<p style=\"text-align: justify;\" data-sourcepos=\"15:1-15:315\">La reuni\u00f3n sirvi\u00f3 para analizar las necesidades del sector agropecuario en cada municipio y definir las acciones a implementar durante este a\u00f1o.<\/p>\n<p>&nbsp;<\/p>\n<p style=\"text-align: justify;\" data-sourcepos=\"15:1-15:315\">Se acord\u00f3 trabajar en proyectos productivos que permitan aumentar la producci\u00f3n y la calidad de los productos agr\u00edcolas, as\u00ed como en programas de apoyo a los productores.<\/p>\n<p>&nbsp;<\/p>\n<p style=\"text-align: justify;\" data-sourcepos=\"17:1-17:166\">Con esta iniciativa, el Gobierno del Estado demuestra su compromiso con el desarrollo del campo queretano y busca garantizar la seguridad alimentaria de la poblaci\u00f3n.<\/p>\n<p>&nbsp;<\/p>\n<p style=\"text-align: center;\" data-sourcepos=\"17:1-17:166\"><em><strong>\u00a1Informaci\u00f3n que transforma!<\/strong><\/em><\/p>\n","protected":false},"excerpt":{"rendered":"<p>El secretario de Desarrollo Agropecuario, Rosendo Anaya, sostuvo una reuni\u00f3n con funcionarios del sector agropecuario de los municipios para reafirmar el compromiso del Gobierno del Estado de trabajar de manera conjunta y trazar las estrategias para impulsar la productividad agr\u00edcola en 2025.<\/p>\n","protected":false},"author":3,"featured_media":10984,"comment_status":"open","ping_status":"open","sticky":false,"template":"","format":"standard","meta":{"footnotes":""},"categories":[65,58],"tags":[1277,3304,133,3303],"class_list":["post-10982","post","type-post","status-publish","format-standard","has-post-thumbnail","hentry","category-municipios","category-ultima-hora","tag-desarrollorural","tag-productividad","tag-queretaro","tag-sectoragropecuario"],"yoast_head":"<!-- This site is optimized with the Yoast SEO plugin v25.0 - https:\/\/yoast.com\/wordpress\/plugins\/seo\/ -->\n<title>Rosendo Anaya se re\u00fane con autoridades municipales para impulsar el sector agropecuario | Nexo Informativo Santiago de Quer\u00e9taro<\/title>\n<meta name=\"description\" content=\"Rosendo Anaya se re\u00fane con autoridades municipales para impulsar el sector agropecuario\" \/>\n<meta name=\"robots\" content=\"index, follow, max-snippet:-1, max-image-preview:large, max-video-preview:-1\" \/>\n<link rel=\"canonical\" href=\"https:\/\/www.nexoinformativo.mx\/index.php\/2025\/01\/31\/rosendo-anaya-se-reune-con-autoridades-municipales-para-impulsar-el-sector-agropecuario\/\" \/>\n<meta property=\"og:locale\" content=\"es_MX\" \/>\n<meta property=\"og:type\" content=\"article\" \/>\n<meta property=\"og:title\" content=\"Rosendo Anaya se re\u00fane con autoridades municipales para impulsar el sector agropecuario | Nexo Informativo Santiago de Quer\u00e9taro\" \/>\n<meta property=\"og:description\" content=\"Rosendo Anaya se re\u00fane con autoridades municipales para impulsar el sector agropecuario\" \/>\n<meta property=\"og:url\" content=\"https:\/\/www.nexoinformativo.mx\/index.php\/2025\/01\/31\/rosendo-anaya-se-reune-con-autoridades-municipales-para-impulsar-el-sector-agropecuario\/\" \/>\n<meta property=\"og:site_name\" content=\"Nexo Informativo Santiago de Quer\u00e9taro\" \/>\n<meta property=\"article:publisher\" content=\"https:\/\/www.facebook.com\/people\/Nexo-Informativo\/61564066885511\/\" \/>\n<meta property=\"article:published_time\" content=\"2025-01-31T15:30:55+00:00\" \/>\n<meta property=\"article:modified_time\" content=\"2025-01-31T16:47:17+00:00\" \/>\n<meta property=\"og:image\" content=\"https:\/\/www.nexoinformativo.mx\/wp-content\/uploads\/2025\/01\/PHOTO-2025-01-31-10-09-50-e1738341854504.jpg\" \/>\n\t<meta property=\"og:image:width\" content=\"800\" \/>\n\t<meta property=\"og:image:height\" content=\"533\" \/>\n\t<meta property=\"og:image:type\" content=\"image\/jpeg\" \/>\n<meta name=\"author\" content=\"Nexo Informativo\" \/>\n<meta name=\"twitter:card\" content=\"summary_large_image\" \/>\n<meta name=\"twitter:label1\" content=\"Escrito por\" \/>\n\t<meta name=\"twitter:data1\" content=\"Nexo Informativo\" \/>\n\t<meta name=\"twitter:label2\" content=\"Tiempo de lectura\" \/>\n\t<meta name=\"twitter:data2\" content=\"2 minutos\" \/>\n<script type=\"application\/ld+json\" class=\"yoast-schema-graph\">{\"@context\":\"https:\/\/schema.org\",\"@graph\":[{\"@type\":\"Article\",\"@id\":\"https:\/\/www.nexoinformativo.mx\/index.php\/2025\/01\/31\/rosendo-anaya-se-reune-con-autoridades-municipales-para-impulsar-el-sector-agropecuario\/#article\",\"isPartOf\":{\"@id\":\"https:\/\/www.nexoinformativo.mx\/index.php\/2025\/01\/31\/rosendo-anaya-se-reune-con-autoridades-municipales-para-impulsar-el-sector-agropecuario\/\"},\"author\":{\"name\":\"Nexo Informativo\",\"@id\":\"https:\/\/www.nexoinformativo.mx\/#\/schema\/person\/7749d380ba08c8ca00d7bc76fd907b7d\"},\"headline\":\"Rosendo Anaya se re\u00fane con autoridades municipales para impulsar el sector agropecuario\",\"datePublished\":\"2025-01-31T15:30:55+00:00\",\"dateModified\":\"2025-01-31T16:47:17+00:00\",\"mainEntityOfPage\":{\"@id\":\"https:\/\/www.nexoinformativo.mx\/index.php\/2025\/01\/31\/rosendo-anaya-se-reune-con-autoridades-municipales-para-impulsar-el-sector-agropecuario\/\"},\"wordCount\":220,\"commentCount\":0,\"publisher\":{\"@id\":\"https:\/\/www.nexoinformativo.mx\/#organization\"},\"image\":{\"@id\":\"https:\/\/www.nexoinformativo.mx\/index.php\/2025\/01\/31\/rosendo-anaya-se-reune-con-autoridades-municipales-para-impulsar-el-sector-agropecuario\/#primaryimage\"},\"thumbnailUrl\":\"https:\/\/www.nexoinformativo.mx\/wp-content\/uploads\/2025\/01\/PHOTO-2025-01-31-10-09-50-e1738341854504.jpg\",\"keywords\":[\"DesarrolloRural\",\"Productividad\",\"Quer\u00e9taro\",\"SectorAgropecuario\"],\"articleSection\":[\"Municipios\",\"\u00daltima Hora\"],\"inLanguage\":\"es\",\"potentialAction\":[{\"@type\":\"CommentAction\",\"name\":\"Comment\",\"target\":[\"https:\/\/www.nexoinformativo.mx\/index.php\/2025\/01\/31\/rosendo-anaya-se-reune-con-autoridades-municipales-para-impulsar-el-sector-agropecuario\/#respond\"]}]},{\"@type\":\"WebPage\",\"@id\":\"https:\/\/www.nexoinformativo.mx\/index.php\/2025\/01\/31\/rosendo-anaya-se-reune-con-autoridades-municipales-para-impulsar-el-sector-agropecuario\/\",\"url\":\"https:\/\/www.nexoinformativo.mx\/index.php\/2025\/01\/31\/rosendo-anaya-se-reune-con-autoridades-municipales-para-impulsar-el-sector-agropecuario\/\",\"name\":\"Rosendo Anaya se re\u00fane con autoridades municipales para impulsar el sector agropecuario | Nexo Informativo Santiago de Quer\u00e9taro\",\"isPartOf\":{\"@id\":\"https:\/\/www.nexoinformativo.mx\/#website\"},\"primaryImageOfPage\":{\"@id\":\"https:\/\/www.nexoinformativo.mx\/index.php\/2025\/01\/31\/rosendo-anaya-se-reune-con-autoridades-municipales-para-impulsar-el-sector-agropecuario\/#primaryimage\"},\"image\":{\"@id\":\"https:\/\/www.nexoinformativo.mx\/index.php\/2025\/01\/31\/rosendo-anaya-se-reune-con-autoridades-municipales-para-impulsar-el-sector-agropecuario\/#primaryimage\"},\"thumbnailUrl\":\"https:\/\/www.nexoinformativo.mx\/wp-content\/uploads\/2025\/01\/PHOTO-2025-01-31-10-09-50-e1738341854504.jpg\",\"datePublished\":\"2025-01-31T15:30:55+00:00\",\"dateModified\":\"2025-01-31T16:47:17+00:00\",\"description\":\"Rosendo Anaya se re\u00fane con autoridades municipales para impulsar el sector agropecuario\",\"breadcrumb\":{\"@id\":\"https:\/\/www.nexoinformativo.mx\/index.php\/2025\/01\/31\/rosendo-anaya-se-reune-con-autoridades-municipales-para-impulsar-el-sector-agropecuario\/#breadcrumb\"},\"inLanguage\":\"es\",\"potentialAction\":[{\"@type\":\"ReadAction\",\"target\":[\"https:\/\/www.nexoinformativo.mx\/index.php\/2025\/01\/31\/rosendo-anaya-se-reune-con-autoridades-municipales-para-impulsar-el-sector-agropecuario\/\"]}]},{\"@type\":\"ImageObject\",\"inLanguage\":\"es\",\"@id\":\"https:\/\/www.nexoinformativo.mx\/index.php\/2025\/01\/31\/rosendo-anaya-se-reune-con-autoridades-municipales-para-impulsar-el-sector-agropecuario\/#primaryimage\",\"url\":\"https:\/\/www.nexoinformativo.mx\/wp-content\/uploads\/2025\/01\/PHOTO-2025-01-31-10-09-50-e1738341854504.jpg\",\"contentUrl\":\"https:\/\/www.nexoinformativo.mx\/wp-content\/uploads\/2025\/01\/PHOTO-2025-01-31-10-09-50-e1738341854504.jpg\",\"width\":800,\"height\":533},{\"@type\":\"BreadcrumbList\",\"@id\":\"https:\/\/www.nexoinformativo.mx\/index.php\/2025\/01\/31\/rosendo-anaya-se-reune-con-autoridades-municipales-para-impulsar-el-sector-agropecuario\/#breadcrumb\",\"itemListElement\":[{\"@type\":\"ListItem\",\"position\":1,\"name\":\"Inicio\",\"item\":\"https:\/\/www.nexoinformativo.mx\/\"},{\"@type\":\"ListItem\",\"position\":2,\"name\":\"Rosendo Anaya se re\u00fane con autoridades municipales para impulsar el sector agropecuario\"}]},{\"@type\":\"WebSite\",\"@id\":\"https:\/\/www.nexoinformativo.mx\/#website\",\"url\":\"https:\/\/www.nexoinformativo.mx\/\",\"name\":\"Nexo Informativo Santiago de Quer\u00e9taro\",\"description\":\"Explora NexoInformativo y convi\u00e9rtete en parte de una comunidad que valora el conocimiento y la verdad. Tu nexoinformativo es tu puente hacia una comprensi\u00f3n m\u00e1s profunda del mundo que te rodea.\",\"publisher\":{\"@id\":\"https:\/\/www.nexoinformativo.mx\/#organization\"},\"potentialAction\":[{\"@type\":\"SearchAction\",\"target\":{\"@type\":\"EntryPoint\",\"urlTemplate\":\"https:\/\/www.nexoinformativo.mx\/?s={search_term_string}\"},\"query-input\":{\"@type\":\"PropertyValueSpecification\",\"valueRequired\":true,\"valueName\":\"search_term_string\"}}],\"inLanguage\":\"es\"},{\"@type\":\"Organization\",\"@id\":\"https:\/\/www.nexoinformativo.mx\/#organization\",\"name\":\"Nexo Informativo Santiago de Quer\u00e9taro\",\"url\":\"https:\/\/www.nexoinformativo.mx\/\",\"logo\":{\"@type\":\"ImageObject\",\"inLanguage\":\"es\",\"@id\":\"https:\/\/www.nexoinformativo.mx\/#\/schema\/logo\/image\/\",\"url\":\"https:\/\/www.nexoinformativo.mx\/wp-content\/uploads\/2024\/07\/nexoi-trasparente-2.png\",\"contentUrl\":\"https:\/\/www.nexoinformativo.mx\/wp-content\/uploads\/2024\/07\/nexoi-trasparente-2.png\",\"width\":816,\"height\":339,\"caption\":\"Nexo Informativo Santiago de Quer\u00e9taro\"},\"image\":{\"@id\":\"https:\/\/www.nexoinformativo.mx\/#\/schema\/logo\/image\/\"},\"sameAs\":[\"https:\/\/www.facebook.com\/people\/Nexo-Informativo\/61564066885511\/\"]},{\"@type\":\"Person\",\"@id\":\"https:\/\/www.nexoinformativo.mx\/#\/schema\/person\/7749d380ba08c8ca00d7bc76fd907b7d\",\"name\":\"Nexo Informativo\",\"image\":{\"@type\":\"ImageObject\",\"inLanguage\":\"es\",\"@id\":\"https:\/\/www.nexoinformativo.mx\/#\/schema\/person\/image\/\",\"url\":\"https:\/\/secure.gravatar.com\/avatar\/dde2928154642a13d95f87ddf1ea9718fe2b46760a005c53e41ff5ad610704e6?s=96&d=mm&r=g\",\"contentUrl\":\"https:\/\/secure.gravatar.com\/avatar\/dde2928154642a13d95f87ddf1ea9718fe2b46760a005c53e41ff5ad610704e6?s=96&d=mm&r=g\",\"caption\":\"Nexo Informativo\"},\"url\":\"https:\/\/www.nexoinformativo.mx\/index.php\/author\/edicion\/\"}]}<\/script>\n<!-- \/ Yoast SEO plugin. -->","yoast_head_json":{"title":"Rosendo Anaya se re\u00fane con autoridades municipales para impulsar el sector agropecuario | Nexo Informativo Santiago de Quer\u00e9taro","description":"Rosendo Anaya se re\u00fane con autoridades municipales para impulsar el sector agropecuario","robots":{"index":"index","follow":"follow","max-snippet":"max-snippet:-1","max-image-preview":"max-image-preview:large","max-video-preview":"max-video-preview:-1"},"canonical":"https:\/\/www.nexoinformativo.mx\/index.php\/2025\/01\/31\/rosendo-anaya-se-reune-con-autoridades-municipales-para-impulsar-el-sector-agropecuario\/","og_locale":"es_MX","og_type":"article","og_title":"Rosendo Anaya se re\u00fane con autoridades municipales para impulsar el sector agropecuario | Nexo Informativo Santiago de Quer\u00e9taro","og_description":"Rosendo Anaya se re\u00fane con autoridades municipales para impulsar el sector agropecuario","og_url":"https:\/\/www.nexoinformativo.mx\/index.php\/2025\/01\/31\/rosendo-anaya-se-reune-con-autoridades-municipales-para-impulsar-el-sector-agropecuario\/","og_site_name":"Nexo Informativo Santiago de Quer\u00e9taro","article_publisher":"https:\/\/www.facebook.com\/people\/Nexo-Informativo\/61564066885511\/","article_published_time":"2025-01-31T15:30:55+00:00","article_modified_time":"2025-01-31T16:47:17+00:00","og_image":[{"width":800,"height":533,"url":"https:\/\/www.nexoinformativo.mx\/wp-content\/uploads\/2025\/01\/PHOTO-2025-01-31-10-09-50-e1738341854504.jpg","type":"image\/jpeg"}],"author":"Nexo Informativo","twitter_card":"summary_large_image","twitter_misc":{"Escrito por":"Nexo Informativo","Tiempo de lectura":"2 minutos"},"schema":{"@context":"https:\/\/schema.org","@graph":[{"@type":"Article","@id":"https:\/\/www.nexoinformativo.mx\/index.php\/2025\/01\/31\/rosendo-anaya-se-reune-con-autoridades-municipales-para-impulsar-el-sector-agropecuario\/#article","isPartOf":{"@id":"https:\/\/www.nexoinformativo.mx\/index.php\/2025\/01\/31\/rosendo-anaya-se-reune-con-autoridades-municipales-para-impulsar-el-sector-agropecuario\/"},"author":{"name":"Nexo Informativo","@id":"https:\/\/www.nexoinformativo.mx\/#\/schema\/person\/7749d380ba08c8ca00d7bc76fd907b7d"},"headline":"Rosendo Anaya se re\u00fane con autoridades municipales para impulsar el sector agropecuario","datePublished":"2025-01-31T15:30:55+00:00","dateModified":"2025-01-31T16:47:17+00:00","mainEntityOfPage":{"@id":"https:\/\/www.nexoinformativo.mx\/index.php\/2025\/01\/31\/rosendo-anaya-se-reune-con-autoridades-municipales-para-impulsar-el-sector-agropecuario\/"},"wordCount":220,"commentCount":0,"publisher":{"@id":"https:\/\/www.nexoinformativo.mx\/#organization"},"image":{"@id":"https:\/\/www.nexoinformativo.mx\/index.php\/2025\/01\/31\/rosendo-anaya-se-reune-con-autoridades-municipales-para-impulsar-el-sector-agropecuario\/#primaryimage"},"thumbnailUrl":"https:\/\/www.nexoinformativo.mx\/wp-content\/uploads\/2025\/01\/PHOTO-2025-01-31-10-09-50-e1738341854504.jpg","keywords":["DesarrolloRural","Productividad","Quer\u00e9taro","SectorAgropecuario"],"articleSection":["Municipios","\u00daltima Hora"],"inLanguage":"es","potentialAction":[{"@type":"CommentAction","name":"Comment","target":["https:\/\/www.nexoinformativo.mx\/index.php\/2025\/01\/31\/rosendo-anaya-se-reune-con-autoridades-municipales-para-impulsar-el-sector-agropecuario\/#respond"]}]},{"@type":"WebPage","@id":"https:\/\/www.nexoinformativo.mx\/index.php\/2025\/01\/31\/rosendo-anaya-se-reune-con-autoridades-municipales-para-impulsar-el-sector-agropecuario\/","url":"https:\/\/www.nexoinformativo.mx\/index.php\/2025\/01\/31\/rosendo-anaya-se-reune-con-autoridades-municipales-para-impulsar-el-sector-agropecuario\/","name":"Rosendo Anaya se re\u00fane con autoridades municipales para impulsar el sector agropecuario | Nexo Informativo Santiago de Quer\u00e9taro","isPartOf":{"@id":"https:\/\/www.nexoinformativo.mx\/#website"},"primaryImageOfPage":{"@id":"https:\/\/www.nexoinformativo.mx\/index.php\/2025\/01\/31\/rosendo-anaya-se-reune-con-autoridades-municipales-para-impulsar-el-sector-agropecuario\/#primaryimage"},"image":{"@id":"https:\/\/www.nexoinformativo.mx\/index.php\/2025\/01\/31\/rosendo-anaya-se-reune-con-autoridades-municipales-para-impulsar-el-sector-agropecuario\/#primaryimage"},"thumbnailUrl":"https:\/\/www.nexoinformativo.mx\/wp-content\/uploads\/2025\/01\/PHOTO-2025-01-31-10-09-50-e1738341854504.jpg","datePublished":"2025-01-31T15:30:55+00:00","dateModified":"2025-01-31T16:47:17+00:00","description":"Rosendo Anaya se re\u00fane con autoridades municipales para impulsar el sector agropecuario","breadcrumb":{"@id":"https:\/\/www.nexoinformativo.mx\/index.php\/2025\/01\/31\/rosendo-anaya-se-reune-con-autoridades-municipales-para-impulsar-el-sector-agropecuario\/#breadcrumb"},"inLanguage":"es","potentialAction":[{"@type":"ReadAction","target":["https:\/\/www.nexoinformativo.mx\/index.php\/2025\/01\/31\/rosendo-anaya-se-reune-con-autoridades-municipales-para-impulsar-el-sector-agropecuario\/"]}]},{"@type":"ImageObject","inLanguage":"es","@id":"https:\/\/www.nexoinformativo.mx\/index.php\/2025\/01\/31\/rosendo-anaya-se-reune-con-autoridades-municipales-para-impulsar-el-sector-agropecuario\/#primaryimage","url":"https:\/\/www.nexoinformativo.mx\/wp-content\/uploads\/2025\/01\/PHOTO-2025-01-31-10-09-50-e1738341854504.jpg","contentUrl":"https:\/\/www.nexoinformativo.mx\/wp-content\/uploads\/2025\/01\/PHOTO-2025-01-31-10-09-50-e1738341854504.jpg","width":800,"height":533},{"@type":"BreadcrumbList","@id":"https:\/\/www.nexoinformativo.mx\/index.php\/2025\/01\/31\/rosendo-anaya-se-reune-con-autoridades-municipales-para-impulsar-el-sector-agropecuario\/#breadcrumb","itemListElement":[{"@type":"ListItem","position":1,"name":"Inicio","item":"https:\/\/www.nexoinformativo.mx\/"},{"@type":"ListItem","position":2,"name":"Rosendo Anaya se re\u00fane con autoridades municipales para impulsar el sector agropecuario"}]},{"@type":"WebSite","@id":"https:\/\/www.nexoinformativo.mx\/#website","url":"https:\/\/www.nexoinformativo.mx\/","name":"Nexo Informativo Santiago de Quer\u00e9taro","description":"Explora NexoInformativo y convi\u00e9rtete en parte de una comunidad que valora el conocimiento y la verdad. Tu nexoinformativo es tu puente hacia una comprensi\u00f3n m\u00e1s profunda del mundo que te rodea.","publisher":{"@id":"https:\/\/www.nexoinformativo.mx\/#organization"},"potentialAction":[{"@type":"SearchAction","target":{"@type":"EntryPoint","urlTemplate":"https:\/\/www.nexoinformativo.mx\/?s={search_term_string}"},"query-input":{"@type":"PropertyValueSpecification","valueRequired":true,"valueName":"search_term_string"}}],"inLanguage":"es"},{"@type":"Organization","@id":"https:\/\/www.nexoinformativo.mx\/#organization","name":"Nexo Informativo Santiago de Quer\u00e9taro","url":"https:\/\/www.nexoinformativo.mx\/","logo":{"@type":"ImageObject","inLanguage":"es","@id":"https:\/\/www.nexoinformativo.mx\/#\/schema\/logo\/image\/","url":"https:\/\/www.nexoinformativo.mx\/wp-content\/uploads\/2024\/07\/nexoi-trasparente-2.png","contentUrl":"https:\/\/www.nexoinformativo.mx\/wp-content\/uploads\/2024\/07\/nexoi-trasparente-2.png","width":816,"height":339,"caption":"Nexo Informativo Santiago de Quer\u00e9taro"},"image":{"@id":"https:\/\/www.nexoinformativo.mx\/#\/schema\/logo\/image\/"},"sameAs":["https:\/\/www.facebook.com\/people\/Nexo-Informativo\/61564066885511\/"]},{"@type":"Person","@id":"https:\/\/www.nexoinformativo.mx\/#\/schema\/person\/7749d380ba08c8ca00d7bc76fd907b7d","name":"Nexo Informativo","image":{"@type":"ImageObject","inLanguage":"es","@id":"https:\/\/www.nexoinformativo.mx\/#\/schema\/person\/image\/","url":"https:\/\/secure.gravatar.com\/avatar\/dde2928154642a13d95f87ddf1ea9718fe2b46760a005c53e41ff5ad610704e6?s=96&d=mm&r=g","contentUrl":"https:\/\/secure.gravatar.com\/avatar\/dde2928154642a13d95f87ddf1ea9718fe2b46760a005c53e41ff5ad610704e6?s=96&d=mm&r=g","caption":"Nexo Informativo"},"url":"https:\/\/www.nexoinformativo.mx\/index.php\/author\/edicion\/"}]}},"_links":{"self":[{"href":"https:\/\/www.nexoinformativo.mx\/index.php\/wp-json\/wp\/v2\/posts\/10982","targetHints":{"allow":["GET"]}}],"collection":[{"href":"https:\/\/www.nexoinformativo.mx\/index.php\/wp-json\/wp\/v2\/posts"}],"about":[{"href":"https:\/\/www.nexoinformativo.mx\/index.php\/wp-json\/wp\/v2\/types\/post"}],"author":[{"embeddable":true,"href":"https:\/\/www.nexoinformativo.mx\/index.php\/wp-json\/wp\/v2\/users\/3"}],"replies":[{"embeddable":true,"href":"https:\/\/www.nexoinformativo.mx\/index.php\/wp-json\/wp\/v2\/comments?post=10982"}],"version-history":[{"count":4,"href":"https:\/\/www.nexoinformativo.mx\/index.php\/wp-json\/wp\/v2\/posts\/10982\/revisions"}],"predecessor-version":[{"id":10987,"href":"https:\/\/www.nexoinformativo.mx\/index.php\/wp-json\/wp\/v2\/posts\/10982\/revisions\/10987"}],"wp:featuredmedia":[{"embeddable":true,"href":"https:\/\/www.nexoinformativo.mx\/index.php\/wp-json\/wp\/v2\/media\/10984"}],"wp:attachment":[{"href":"https:\/\/www.nexoinformativo.mx\/index.php\/wp-json\/wp\/v2\/media?parent=10982"}],"wp:term":[{"taxonomy":"category","embeddable":true,"href":"https:\/\/www.nexoinformativo.mx\/index.php\/wp-json\/wp\/v2\/categories?post=10982"},{"taxonomy":"post_tag","embeddable":true,"href":"https:\/\/www.nexoinformativo.mx\/index.php\/wp-json\/wp\/v2\/tags?post=10982"}],"curies":[{"name":"wp","href":"https:\/\/api.w.org\/{rel}","templated":true}]}}