{"id":11042,"date":"2025-02-01T07:00:02","date_gmt":"2025-02-01T13:00:02","guid":{"rendered":"https:\/\/www.nexoinformativo.mx\/?p=11042"},"modified":"2025-02-01T11:19:28","modified_gmt":"2025-02-01T17:19:28","slug":"la-sict-te-recomienda-como-viajar-seguro-por-carretera-este-fin-de-semana","status":"publish","type":"post","link":"https:\/\/www.nexoinformativo.mx\/index.php\/2025\/02\/01\/la-sict-te-recomienda-como-viajar-seguro-por-carretera-este-fin-de-semana\/","title":{"rendered":"La SICT te recomienda c\u00f3mo viajar seguro por carretera este fin de semana"},"content":{"rendered":"<p style=\"text-align: justify;\" data-sourcepos=\"11:1-11:269\">Con el fin de garantizar un viaje seguro durante este fin de semana largo, la Secretar\u00eda de Infraestructura, Comunicaciones y Transportes (SICT) ha emitido una serie de recomendaciones para todos aquellos que planean viajar por carretera.<\/p>\n<p>&nbsp;<\/p>\n<p style=\"text-align: justify;\" data-sourcepos=\"13:1-13:149\">La SICT hace un llamado a los conductores a ser responsables y a respetar las normas de tr\u00e1nsito. Algunas de las recomendaciones m\u00e1s importantes son:<\/p>\n<p>&nbsp;<\/p>\n<ul style=\"text-align: justify;\" data-sourcepos=\"15:1-21:0\">\n<li data-sourcepos=\"15:1-15:103\">Abrocharse el cintur\u00f3n de seguridad: Este sencillo acto puede salvar vidas en caso de accidente.<\/li>\n<li data-sourcepos=\"16:1-16:147\">Respetar los l\u00edmites de velocidad: Los l\u00edmites de velocidad est\u00e1n establecidos para garantizar la seguridad de todos los usuarios de la v\u00eda.<\/li>\n<li data-sourcepos=\"17:1-17:115\">Evitar distracciones: El uso del tel\u00e9fono celular al volante es una de las principales causas de accidentes.<\/li>\n<li data-sourcepos=\"18:1-18:154\">No conducir bajo los efectos del alcohol o drogas: El consumo de alcohol o drogas disminuye los reflejos y aumenta el riesgo de sufrir un accidente.<\/li>\n<li data-sourcepos=\"19:1-19:185\">Realizar revisiones mec\u00e1nicas al veh\u00edculo antes de salir de viaje: Asegurarse de que el veh\u00edculo est\u00e9 en \u00f3ptimas condiciones es fundamental para evitar contratiempos en el camino.<\/li>\n<li data-sourcepos=\"20:1-21:0\">Planificar la ruta y tomar descansos: Es importante planificar la ruta con anticipaci\u00f3n y hacer paradas regulares para descansar y estirar las piernas.<\/li>\n<\/ul>\n<p>&nbsp;<\/p>\n<p style=\"text-align: justify;\" data-sourcepos=\"22:1-22:196\">Adem\u00e1s, la SICT recomienda llevar consigo los n\u00fameros de emergencia en caso de cualquier eventualidad: 911, 074 de Caminos y Puentes Federales, 088 de Guardia Nacional y 078 de los \u00c1ngeles Verdes.<\/p>\n<p>&nbsp;<\/p>\n<p style=\"text-align: justify;\" data-sourcepos=\"24:1-24:177\">&#8220;La seguridad vial es responsabilidad de todos&#8221;, se\u00f1al\u00f3 un representante de la SICT. &#8220;Al seguir estas recomendaciones, podemos disfrutar de un viaje seguro y sin contratiempos&#8221;.<\/p>\n<p>&nbsp;<\/p>\n<p style=\"text-align: center;\" data-sourcepos=\"24:1-24:177\"><em><strong>\u00a1Informaci\u00f3n que transforma!<\/strong><\/em><\/p>\n","protected":false},"excerpt":{"rendered":"<p>Con el fin de garantizar un viaje seguro durante este fin de semana largo, la Secretar\u00eda de Infraestructura, Comunicaciones y Transportes (SICT) ha emitido una serie de recomendaciones para todos aquellos que planean viajar por carretera.<\/p>\n","protected":false},"author":3,"featured_media":11046,"comment_status":"open","ping_status":"open","sticky":false,"template":"","format":"standard","meta":{"footnotes":""},"categories":[88,58],"tags":[3317,151,1608,3316],"class_list":["post-11042","post","type-post","status-publish","format-standard","has-post-thumbnail","hentry","category-nacional","category-ultima-hora","tag-findesemanalargo","tag-seguridadvial","tag-sict","tag-viajesseguros"],"yoast_head":"<!-- This site is optimized with the Yoast SEO plugin v25.0 - https:\/\/yoast.com\/wordpress\/plugins\/seo\/ -->\n<title>La SICT te recomienda c\u00f3mo viajar seguro por carretera este fin de semana | Nexo Informativo Santiago de Quer\u00e9taro<\/title>\n<meta name=\"description\" content=\"La SICT te recomienda c\u00f3mo viajar seguro por carretera este fin de semana\" \/>\n<meta name=\"robots\" content=\"index, follow, max-snippet:-1, max-image-preview:large, max-video-preview:-1\" \/>\n<link rel=\"canonical\" href=\"https:\/\/www.nexoinformativo.mx\/index.php\/2025\/02\/01\/la-sict-te-recomienda-como-viajar-seguro-por-carretera-este-fin-de-semana\/\" \/>\n<meta property=\"og:locale\" content=\"es_MX\" \/>\n<meta property=\"og:type\" content=\"article\" \/>\n<meta property=\"og:title\" content=\"La SICT te recomienda c\u00f3mo viajar seguro por carretera este fin de semana | Nexo Informativo Santiago de Quer\u00e9taro\" \/>\n<meta property=\"og:description\" content=\"La SICT te recomienda c\u00f3mo viajar seguro por carretera este fin de semana\" \/>\n<meta property=\"og:url\" content=\"https:\/\/www.nexoinformativo.mx\/index.php\/2025\/02\/01\/la-sict-te-recomienda-como-viajar-seguro-por-carretera-este-fin-de-semana\/\" \/>\n<meta property=\"og:site_name\" content=\"Nexo Informativo Santiago de Quer\u00e9taro\" \/>\n<meta property=\"article:publisher\" content=\"https:\/\/www.facebook.com\/people\/Nexo-Informativo\/61564066885511\/\" \/>\n<meta property=\"article:published_time\" content=\"2025-02-01T13:00:02+00:00\" \/>\n<meta property=\"article:modified_time\" content=\"2025-02-01T17:19:28+00:00\" \/>\n<meta property=\"og:image\" content=\"https:\/\/www.nexoinformativo.mx\/wp-content\/uploads\/2025\/02\/IMG_9713.png\" \/>\n\t<meta property=\"og:image:width\" content=\"650\" \/>\n\t<meta property=\"og:image:height\" content=\"380\" \/>\n\t<meta property=\"og:image:type\" content=\"image\/png\" \/>\n<meta name=\"author\" content=\"Nexo Informativo\" \/>\n<meta name=\"twitter:card\" content=\"summary_large_image\" \/>\n<meta name=\"twitter:label1\" content=\"Escrito por\" \/>\n\t<meta name=\"twitter:data1\" content=\"Nexo Informativo\" \/>\n\t<meta name=\"twitter:label2\" content=\"Tiempo de lectura\" \/>\n\t<meta name=\"twitter:data2\" content=\"2 minutos\" \/>\n<script type=\"application\/ld+json\" class=\"yoast-schema-graph\">{\"@context\":\"https:\/\/schema.org\",\"@graph\":[{\"@type\":\"Article\",\"@id\":\"https:\/\/www.nexoinformativo.mx\/index.php\/2025\/02\/01\/la-sict-te-recomienda-como-viajar-seguro-por-carretera-este-fin-de-semana\/#article\",\"isPartOf\":{\"@id\":\"https:\/\/www.nexoinformativo.mx\/index.php\/2025\/02\/01\/la-sict-te-recomienda-como-viajar-seguro-por-carretera-este-fin-de-semana\/\"},\"author\":{\"name\":\"Nexo Informativo\",\"@id\":\"https:\/\/www.nexoinformativo.mx\/#\/schema\/person\/7749d380ba08c8ca00d7bc76fd907b7d\"},\"headline\":\"La SICT te recomienda c\u00f3mo viajar seguro por carretera este fin de semana\",\"datePublished\":\"2025-02-01T13:00:02+00:00\",\"dateModified\":\"2025-02-01T17:19:28+00:00\",\"mainEntityOfPage\":{\"@id\":\"https:\/\/www.nexoinformativo.mx\/index.php\/2025\/02\/01\/la-sict-te-recomienda-como-viajar-seguro-por-carretera-este-fin-de-semana\/\"},\"wordCount\":284,\"commentCount\":0,\"publisher\":{\"@id\":\"https:\/\/www.nexoinformativo.mx\/#organization\"},\"image\":{\"@id\":\"https:\/\/www.nexoinformativo.mx\/index.php\/2025\/02\/01\/la-sict-te-recomienda-como-viajar-seguro-por-carretera-este-fin-de-semana\/#primaryimage\"},\"thumbnailUrl\":\"https:\/\/www.nexoinformativo.mx\/wp-content\/uploads\/2025\/02\/IMG_9713.png\",\"keywords\":[\"FinDeSemanaLargo\",\"seguridadvial\",\"SICT\",\"ViajesSeguros\"],\"articleSection\":[\"Nacional\",\"\u00daltima Hora\"],\"inLanguage\":\"es\",\"potentialAction\":[{\"@type\":\"CommentAction\",\"name\":\"Comment\",\"target\":[\"https:\/\/www.nexoinformativo.mx\/index.php\/2025\/02\/01\/la-sict-te-recomienda-como-viajar-seguro-por-carretera-este-fin-de-semana\/#respond\"]}]},{\"@type\":\"WebPage\",\"@id\":\"https:\/\/www.nexoinformativo.mx\/index.php\/2025\/02\/01\/la-sict-te-recomienda-como-viajar-seguro-por-carretera-este-fin-de-semana\/\",\"url\":\"https:\/\/www.nexoinformativo.mx\/index.php\/2025\/02\/01\/la-sict-te-recomienda-como-viajar-seguro-por-carretera-este-fin-de-semana\/\",\"name\":\"La SICT te recomienda c\u00f3mo viajar seguro por carretera este fin de semana | Nexo Informativo Santiago de Quer\u00e9taro\",\"isPartOf\":{\"@id\":\"https:\/\/www.nexoinformativo.mx\/#website\"},\"primaryImageOfPage\":{\"@id\":\"https:\/\/www.nexoinformativo.mx\/index.php\/2025\/02\/01\/la-sict-te-recomienda-como-viajar-seguro-por-carretera-este-fin-de-semana\/#primaryimage\"},\"image\":{\"@id\":\"https:\/\/www.nexoinformativo.mx\/index.php\/2025\/02\/01\/la-sict-te-recomienda-como-viajar-seguro-por-carretera-este-fin-de-semana\/#primaryimage\"},\"thumbnailUrl\":\"https:\/\/www.nexoinformativo.mx\/wp-content\/uploads\/2025\/02\/IMG_9713.png\",\"datePublished\":\"2025-02-01T13:00:02+00:00\",\"dateModified\":\"2025-02-01T17:19:28+00:00\",\"description\":\"La SICT te recomienda c\u00f3mo viajar seguro por carretera este fin de semana\",\"breadcrumb\":{\"@id\":\"https:\/\/www.nexoinformativo.mx\/index.php\/2025\/02\/01\/la-sict-te-recomienda-como-viajar-seguro-por-carretera-este-fin-de-semana\/#breadcrumb\"},\"inLanguage\":\"es\",\"potentialAction\":[{\"@type\":\"ReadAction\",\"target\":[\"https:\/\/www.nexoinformativo.mx\/index.php\/2025\/02\/01\/la-sict-te-recomienda-como-viajar-seguro-por-carretera-este-fin-de-semana\/\"]}]},{\"@type\":\"ImageObject\",\"inLanguage\":\"es\",\"@id\":\"https:\/\/www.nexoinformativo.mx\/index.php\/2025\/02\/01\/la-sict-te-recomienda-como-viajar-seguro-por-carretera-este-fin-de-semana\/#primaryimage\",\"url\":\"https:\/\/www.nexoinformativo.mx\/wp-content\/uploads\/2025\/02\/IMG_9713.png\",\"contentUrl\":\"https:\/\/www.nexoinformativo.mx\/wp-content\/uploads\/2025\/02\/IMG_9713.png\",\"width\":650,\"height\":380},{\"@type\":\"BreadcrumbList\",\"@id\":\"https:\/\/www.nexoinformativo.mx\/index.php\/2025\/02\/01\/la-sict-te-recomienda-como-viajar-seguro-por-carretera-este-fin-de-semana\/#breadcrumb\",\"itemListElement\":[{\"@type\":\"ListItem\",\"position\":1,\"name\":\"Inicio\",\"item\":\"https:\/\/www.nexoinformativo.mx\/\"},{\"@type\":\"ListItem\",\"position\":2,\"name\":\"La SICT te recomienda c\u00f3mo viajar seguro por carretera este fin de semana\"}]},{\"@type\":\"WebSite\",\"@id\":\"https:\/\/www.nexoinformativo.mx\/#website\",\"url\":\"https:\/\/www.nexoinformativo.mx\/\",\"name\":\"Nexo Informativo Santiago de Quer\u00e9taro\",\"description\":\"Explora NexoInformativo y convi\u00e9rtete en parte de una comunidad que valora el conocimiento y la verdad. Tu nexoinformativo es tu puente hacia una comprensi\u00f3n m\u00e1s profunda del mundo que te rodea.\",\"publisher\":{\"@id\":\"https:\/\/www.nexoinformativo.mx\/#organization\"},\"potentialAction\":[{\"@type\":\"SearchAction\",\"target\":{\"@type\":\"EntryPoint\",\"urlTemplate\":\"https:\/\/www.nexoinformativo.mx\/?s={search_term_string}\"},\"query-input\":{\"@type\":\"PropertyValueSpecification\",\"valueRequired\":true,\"valueName\":\"search_term_string\"}}],\"inLanguage\":\"es\"},{\"@type\":\"Organization\",\"@id\":\"https:\/\/www.nexoinformativo.mx\/#organization\",\"name\":\"Nexo Informativo Santiago de Quer\u00e9taro\",\"url\":\"https:\/\/www.nexoinformativo.mx\/\",\"logo\":{\"@type\":\"ImageObject\",\"inLanguage\":\"es\",\"@id\":\"https:\/\/www.nexoinformativo.mx\/#\/schema\/logo\/image\/\",\"url\":\"https:\/\/www.nexoinformativo.mx\/wp-content\/uploads\/2024\/07\/nexoi-trasparente-2.png\",\"contentUrl\":\"https:\/\/www.nexoinformativo.mx\/wp-content\/uploads\/2024\/07\/nexoi-trasparente-2.png\",\"width\":816,\"height\":339,\"caption\":\"Nexo Informativo Santiago de Quer\u00e9taro\"},\"image\":{\"@id\":\"https:\/\/www.nexoinformativo.mx\/#\/schema\/logo\/image\/\"},\"sameAs\":[\"https:\/\/www.facebook.com\/people\/Nexo-Informativo\/61564066885511\/\"]},{\"@type\":\"Person\",\"@id\":\"https:\/\/www.nexoinformativo.mx\/#\/schema\/person\/7749d380ba08c8ca00d7bc76fd907b7d\",\"name\":\"Nexo Informativo\",\"image\":{\"@type\":\"ImageObject\",\"inLanguage\":\"es\",\"@id\":\"https:\/\/www.nexoinformativo.mx\/#\/schema\/person\/image\/\",\"url\":\"https:\/\/secure.gravatar.com\/avatar\/dde2928154642a13d95f87ddf1ea9718fe2b46760a005c53e41ff5ad610704e6?s=96&d=mm&r=g\",\"contentUrl\":\"https:\/\/secure.gravatar.com\/avatar\/dde2928154642a13d95f87ddf1ea9718fe2b46760a005c53e41ff5ad610704e6?s=96&d=mm&r=g\",\"caption\":\"Nexo Informativo\"},\"url\":\"https:\/\/www.nexoinformativo.mx\/index.php\/author\/edicion\/\"}]}<\/script>\n<!-- \/ Yoast SEO plugin. -->","yoast_head_json":{"title":"La SICT te recomienda c\u00f3mo viajar seguro por carretera este fin de semana | Nexo Informativo Santiago de Quer\u00e9taro","description":"La SICT te recomienda c\u00f3mo viajar seguro por carretera este fin de semana","robots":{"index":"index","follow":"follow","max-snippet":"max-snippet:-1","max-image-preview":"max-image-preview:large","max-video-preview":"max-video-preview:-1"},"canonical":"https:\/\/www.nexoinformativo.mx\/index.php\/2025\/02\/01\/la-sict-te-recomienda-como-viajar-seguro-por-carretera-este-fin-de-semana\/","og_locale":"es_MX","og_type":"article","og_title":"La SICT te recomienda c\u00f3mo viajar seguro por carretera este fin de semana | Nexo Informativo Santiago de Quer\u00e9taro","og_description":"La SICT te recomienda c\u00f3mo viajar seguro por carretera este fin de semana","og_url":"https:\/\/www.nexoinformativo.mx\/index.php\/2025\/02\/01\/la-sict-te-recomienda-como-viajar-seguro-por-carretera-este-fin-de-semana\/","og_site_name":"Nexo Informativo Santiago de Quer\u00e9taro","article_publisher":"https:\/\/www.facebook.com\/people\/Nexo-Informativo\/61564066885511\/","article_published_time":"2025-02-01T13:00:02+00:00","article_modified_time":"2025-02-01T17:19:28+00:00","og_image":[{"width":650,"height":380,"url":"https:\/\/www.nexoinformativo.mx\/wp-content\/uploads\/2025\/02\/IMG_9713.png","type":"image\/png"}],"author":"Nexo Informativo","twitter_card":"summary_large_image","twitter_misc":{"Escrito por":"Nexo Informativo","Tiempo de lectura":"2 minutos"},"schema":{"@context":"https:\/\/schema.org","@graph":[{"@type":"Article","@id":"https:\/\/www.nexoinformativo.mx\/index.php\/2025\/02\/01\/la-sict-te-recomienda-como-viajar-seguro-por-carretera-este-fin-de-semana\/#article","isPartOf":{"@id":"https:\/\/www.nexoinformativo.mx\/index.php\/2025\/02\/01\/la-sict-te-recomienda-como-viajar-seguro-por-carretera-este-fin-de-semana\/"},"author":{"name":"Nexo Informativo","@id":"https:\/\/www.nexoinformativo.mx\/#\/schema\/person\/7749d380ba08c8ca00d7bc76fd907b7d"},"headline":"La SICT te recomienda c\u00f3mo viajar seguro por carretera este fin de semana","datePublished":"2025-02-01T13:00:02+00:00","dateModified":"2025-02-01T17:19:28+00:00","mainEntityOfPage":{"@id":"https:\/\/www.nexoinformativo.mx\/index.php\/2025\/02\/01\/la-sict-te-recomienda-como-viajar-seguro-por-carretera-este-fin-de-semana\/"},"wordCount":284,"commentCount":0,"publisher":{"@id":"https:\/\/www.nexoinformativo.mx\/#organization"},"image":{"@id":"https:\/\/www.nexoinformativo.mx\/index.php\/2025\/02\/01\/la-sict-te-recomienda-como-viajar-seguro-por-carretera-este-fin-de-semana\/#primaryimage"},"thumbnailUrl":"https:\/\/www.nexoinformativo.mx\/wp-content\/uploads\/2025\/02\/IMG_9713.png","keywords":["FinDeSemanaLargo","seguridadvial","SICT","ViajesSeguros"],"articleSection":["Nacional","\u00daltima Hora"],"inLanguage":"es","potentialAction":[{"@type":"CommentAction","name":"Comment","target":["https:\/\/www.nexoinformativo.mx\/index.php\/2025\/02\/01\/la-sict-te-recomienda-como-viajar-seguro-por-carretera-este-fin-de-semana\/#respond"]}]},{"@type":"WebPage","@id":"https:\/\/www.nexoinformativo.mx\/index.php\/2025\/02\/01\/la-sict-te-recomienda-como-viajar-seguro-por-carretera-este-fin-de-semana\/","url":"https:\/\/www.nexoinformativo.mx\/index.php\/2025\/02\/01\/la-sict-te-recomienda-como-viajar-seguro-por-carretera-este-fin-de-semana\/","name":"La SICT te recomienda c\u00f3mo viajar seguro por carretera este fin de semana | Nexo Informativo Santiago de Quer\u00e9taro","isPartOf":{"@id":"https:\/\/www.nexoinformativo.mx\/#website"},"primaryImageOfPage":{"@id":"https:\/\/www.nexoinformativo.mx\/index.php\/2025\/02\/01\/la-sict-te-recomienda-como-viajar-seguro-por-carretera-este-fin-de-semana\/#primaryimage"},"image":{"@id":"https:\/\/www.nexoinformativo.mx\/index.php\/2025\/02\/01\/la-sict-te-recomienda-como-viajar-seguro-por-carretera-este-fin-de-semana\/#primaryimage"},"thumbnailUrl":"https:\/\/www.nexoinformativo.mx\/wp-content\/uploads\/2025\/02\/IMG_9713.png","datePublished":"2025-02-01T13:00:02+00:00","dateModified":"2025-02-01T17:19:28+00:00","description":"La SICT te recomienda c\u00f3mo viajar seguro por carretera este fin de semana","breadcrumb":{"@id":"https:\/\/www.nexoinformativo.mx\/index.php\/2025\/02\/01\/la-sict-te-recomienda-como-viajar-seguro-por-carretera-este-fin-de-semana\/#breadcrumb"},"inLanguage":"es","potentialAction":[{"@type":"ReadAction","target":["https:\/\/www.nexoinformativo.mx\/index.php\/2025\/02\/01\/la-sict-te-recomienda-como-viajar-seguro-por-carretera-este-fin-de-semana\/"]}]},{"@type":"ImageObject","inLanguage":"es","@id":"https:\/\/www.nexoinformativo.mx\/index.php\/2025\/02\/01\/la-sict-te-recomienda-como-viajar-seguro-por-carretera-este-fin-de-semana\/#primaryimage","url":"https:\/\/www.nexoinformativo.mx\/wp-content\/uploads\/2025\/02\/IMG_9713.png","contentUrl":"https:\/\/www.nexoinformativo.mx\/wp-content\/uploads\/2025\/02\/IMG_9713.png","width":650,"height":380},{"@type":"BreadcrumbList","@id":"https:\/\/www.nexoinformativo.mx\/index.php\/2025\/02\/01\/la-sict-te-recomienda-como-viajar-seguro-por-carretera-este-fin-de-semana\/#breadcrumb","itemListElement":[{"@type":"ListItem","position":1,"name":"Inicio","item":"https:\/\/www.nexoinformativo.mx\/"},{"@type":"ListItem","position":2,"name":"La SICT te recomienda c\u00f3mo viajar seguro por carretera este fin de semana"}]},{"@type":"WebSite","@id":"https:\/\/www.nexoinformativo.mx\/#website","url":"https:\/\/www.nexoinformativo.mx\/","name":"Nexo Informativo Santiago de Quer\u00e9taro","description":"Explora NexoInformativo y convi\u00e9rtete en parte de una comunidad que valora el conocimiento y la verdad. Tu nexoinformativo es tu puente hacia una comprensi\u00f3n m\u00e1s profunda del mundo que te rodea.","publisher":{"@id":"https:\/\/www.nexoinformativo.mx\/#organization"},"potentialAction":[{"@type":"SearchAction","target":{"@type":"EntryPoint","urlTemplate":"https:\/\/www.nexoinformativo.mx\/?s={search_term_string}"},"query-input":{"@type":"PropertyValueSpecification","valueRequired":true,"valueName":"search_term_string"}}],"inLanguage":"es"},{"@type":"Organization","@id":"https:\/\/www.nexoinformativo.mx\/#organization","name":"Nexo Informativo Santiago de Quer\u00e9taro","url":"https:\/\/www.nexoinformativo.mx\/","logo":{"@type":"ImageObject","inLanguage":"es","@id":"https:\/\/www.nexoinformativo.mx\/#\/schema\/logo\/image\/","url":"https:\/\/www.nexoinformativo.mx\/wp-content\/uploads\/2024\/07\/nexoi-trasparente-2.png","contentUrl":"https:\/\/www.nexoinformativo.mx\/wp-content\/uploads\/2024\/07\/nexoi-trasparente-2.png","width":816,"height":339,"caption":"Nexo Informativo Santiago de Quer\u00e9taro"},"image":{"@id":"https:\/\/www.nexoinformativo.mx\/#\/schema\/logo\/image\/"},"sameAs":["https:\/\/www.facebook.com\/people\/Nexo-Informativo\/61564066885511\/"]},{"@type":"Person","@id":"https:\/\/www.nexoinformativo.mx\/#\/schema\/person\/7749d380ba08c8ca00d7bc76fd907b7d","name":"Nexo Informativo","image":{"@type":"ImageObject","inLanguage":"es","@id":"https:\/\/www.nexoinformativo.mx\/#\/schema\/person\/image\/","url":"https:\/\/secure.gravatar.com\/avatar\/dde2928154642a13d95f87ddf1ea9718fe2b46760a005c53e41ff5ad610704e6?s=96&d=mm&r=g","contentUrl":"https:\/\/secure.gravatar.com\/avatar\/dde2928154642a13d95f87ddf1ea9718fe2b46760a005c53e41ff5ad610704e6?s=96&d=mm&r=g","caption":"Nexo Informativo"},"url":"https:\/\/www.nexoinformativo.mx\/index.php\/author\/edicion\/"}]}},"_links":{"self":[{"href":"https:\/\/www.nexoinformativo.mx\/index.php\/wp-json\/wp\/v2\/posts\/11042","targetHints":{"allow":["GET"]}}],"collection":[{"href":"https:\/\/www.nexoinformativo.mx\/index.php\/wp-json\/wp\/v2\/posts"}],"about":[{"href":"https:\/\/www.nexoinformativo.mx\/index.php\/wp-json\/wp\/v2\/types\/post"}],"author":[{"embeddable":true,"href":"https:\/\/www.nexoinformativo.mx\/index.php\/wp-json\/wp\/v2\/users\/3"}],"replies":[{"embeddable":true,"href":"https:\/\/www.nexoinformativo.mx\/index.php\/wp-json\/wp\/v2\/comments?post=11042"}],"version-history":[{"count":4,"href":"https:\/\/www.nexoinformativo.mx\/index.php\/wp-json\/wp\/v2\/posts\/11042\/revisions"}],"predecessor-version":[{"id":11045,"href":"https:\/\/www.nexoinformativo.mx\/index.php\/wp-json\/wp\/v2\/posts\/11042\/revisions\/11045"}],"wp:featuredmedia":[{"embeddable":true,"href":"https:\/\/www.nexoinformativo.mx\/index.php\/wp-json\/wp\/v2\/media\/11046"}],"wp:attachment":[{"href":"https:\/\/www.nexoinformativo.mx\/index.php\/wp-json\/wp\/v2\/media?parent=11042"}],"wp:term":[{"taxonomy":"category","embeddable":true,"href":"https:\/\/www.nexoinformativo.mx\/index.php\/wp-json\/wp\/v2\/categories?post=11042"},{"taxonomy":"post_tag","embeddable":true,"href":"https:\/\/www.nexoinformativo.mx\/index.php\/wp-json\/wp\/v2\/tags?post=11042"}],"curies":[{"name":"wp","href":"https:\/\/api.w.org\/{rel}","templated":true}]}}