{"id":11049,"date":"2025-02-01T07:30:35","date_gmt":"2025-02-01T13:30:35","guid":{"rendered":"https:\/\/www.nexoinformativo.mx\/?p=11049"},"modified":"2025-02-01T12:23:30","modified_gmt":"2025-02-01T18:23:30","slug":"sedesoq-inicia-entrega-de-paquetes-alimentarios-basicos-para-apoyar-a-familias-queretanas","status":"publish","type":"post","link":"https:\/\/www.nexoinformativo.mx\/index.php\/2025\/02\/01\/sedesoq-inicia-entrega-de-paquetes-alimentarios-basicos-para-apoyar-a-familias-queretanas\/","title":{"rendered":"SEDESOQ inicia entrega de paquetes alimentarios b\u00e1sicos para apoyar a familias queretanas"},"content":{"rendered":"<p style=\"text-align: justify;\" data-sourcepos=\"11:1-11:306\">Con el objetivo de fortalecer la seguridad alimentaria y apoyar a las familias en situaci\u00f3n de vulnerabilidad, la<strong> Secretar\u00eda de Desarrollo Social del Estado de Quer\u00e9taro<\/strong> (SEDESOQ) ha iniciado la entrega de 14 mil 730 paquetes alimentarios correspondientes al bimestre enero-febrero.<\/p>\n<p>&nbsp;<\/p>\n<p style=\"text-align: justify;\" data-sourcepos=\"13:1-13:350\">Los primeros municipios en recibir estos paquetes fueron: Cadereyta de Montes, Corregidora, El Marqu\u00e9s, Ezequiel Montes, Quer\u00e9taro, San Juan del R\u00edo y Tequisquiapan.<\/p>\n<p>&nbsp;<\/p>\n<p style=\"text-align: justify;\" data-sourcepos=\"13:1-13:350\">Cada paquete contiene una variedad de productos b\u00e1sicos como at\u00fan, arroz, frijoles, leche en polvo y otros alimentos esenciales para garantizar una alimentaci\u00f3n balanceada y nutritiva.<\/p>\n<p>&nbsp;<\/p>\n<p style=\"text-align: justify;\" data-sourcepos=\"15:1-15:318\">Este programa se suma a los esfuerzos realizados en 2024, cuando se distribuyeron 81 mil 029 paquetes alimentarios en los 18 municipios del estado.<\/p>\n<p>&nbsp;<\/p>\n<p style=\"text-align: justify;\" data-sourcepos=\"15:1-15:318\">El objetivo principal es asegurar que las familias en situaci\u00f3n de vulnerabilidad, personas mayores y personas con discapacidad tengan acceso a una alimentaci\u00f3n adecuada.<\/p>\n<p>&nbsp;<\/p>\n<p style=\"text-align: justify;\" data-sourcepos=\"17:1-17:196\">Los paquetes alimentarios est\u00e1n compuestos por productos de alta calidad y valor nutricional, lo que permite a las familias beneficiarias complementar su alimentaci\u00f3n y mejorar su calidad de vida.<\/p>\n<p>&nbsp;<\/p>\n<p style=\"text-align: justify;\" data-sourcepos=\"19:1-19:178\">Con esta iniciativa, el Gobierno del Estado refrenda su compromiso con el bienestar de los queretanos, especialmente de aquellos que se encuentran en situaci\u00f3n de vulnerabilidad.<\/p>\n<p>&nbsp;<\/p>\n<p style=\"text-align: center;\" data-sourcepos=\"19:1-19:178\"><em><strong>\u00a1Informaci\u00f3n que transforma!<\/strong><\/em><\/p>\n","protected":false},"excerpt":{"rendered":"<p>Con el objetivo de fortalecer la seguridad alimentaria y apoyar a las familias en situaci\u00f3n de vulnerabilidad, la Secretar\u00eda de Desarrollo Social del Estado de Quer\u00e9taro (SEDESOQ) ha iniciado la entrega de 14 mil 730 paquetes alimentarios correspondientes al bimestre enero-febrero.<\/p>\n","protected":false},"author":3,"featured_media":11050,"comment_status":"open","ping_status":"open","sticky":false,"template":"","format":"standard","meta":{"footnotes":""},"categories":[5,42,58],"tags":[3318,133,2131,1599],"class_list":["post-11049","post","type-post","status-publish","format-standard","has-post-thumbnail","hentry","category-economia","category-estado","category-ultima-hora","tag-alimentos","tag-queretaro","tag-sedesoq","tag-solidaridad"],"yoast_head":"<!-- This site is optimized with the Yoast SEO plugin v25.0 - https:\/\/yoast.com\/wordpress\/plugins\/seo\/ -->\n<title>SEDESOQ inicia entrega de paquetes alimentarios b\u00e1sicos para apoyar a familias queretanas | Nexo Informativo Santiago de Quer\u00e9taro<\/title>\n<meta name=\"description\" content=\"SEDESOQ inicia entrega de paquetes alimentarios b\u00e1sicos para apoyar a familias queretanas\" \/>\n<meta name=\"robots\" content=\"index, follow, max-snippet:-1, max-image-preview:large, max-video-preview:-1\" \/>\n<link rel=\"canonical\" href=\"https:\/\/www.nexoinformativo.mx\/index.php\/2025\/02\/01\/sedesoq-inicia-entrega-de-paquetes-alimentarios-basicos-para-apoyar-a-familias-queretanas\/\" \/>\n<meta property=\"og:locale\" content=\"es_MX\" \/>\n<meta property=\"og:type\" content=\"article\" \/>\n<meta property=\"og:title\" content=\"SEDESOQ inicia entrega de paquetes alimentarios b\u00e1sicos para apoyar a familias queretanas | Nexo Informativo Santiago de Quer\u00e9taro\" \/>\n<meta property=\"og:description\" content=\"SEDESOQ inicia entrega de paquetes alimentarios b\u00e1sicos para apoyar a familias queretanas\" \/>\n<meta property=\"og:url\" content=\"https:\/\/www.nexoinformativo.mx\/index.php\/2025\/02\/01\/sedesoq-inicia-entrega-de-paquetes-alimentarios-basicos-para-apoyar-a-familias-queretanas\/\" \/>\n<meta property=\"og:site_name\" content=\"Nexo Informativo Santiago de Quer\u00e9taro\" \/>\n<meta property=\"article:publisher\" content=\"https:\/\/www.facebook.com\/people\/Nexo-Informativo\/61564066885511\/\" \/>\n<meta property=\"article:published_time\" content=\"2025-02-01T13:30:35+00:00\" \/>\n<meta property=\"article:modified_time\" content=\"2025-02-01T18:23:30+00:00\" \/>\n<meta property=\"og:image\" content=\"https:\/\/www.nexoinformativo.mx\/wp-content\/uploads\/2025\/02\/PHOTO-2025-02-01-09-09-50-e1738434111728.jpg\" \/>\n\t<meta property=\"og:image:width\" content=\"800\" \/>\n\t<meta property=\"og:image:height\" content=\"600\" \/>\n\t<meta property=\"og:image:type\" content=\"image\/jpeg\" \/>\n<meta name=\"author\" content=\"Nexo Informativo\" \/>\n<meta name=\"twitter:card\" content=\"summary_large_image\" \/>\n<meta name=\"twitter:label1\" content=\"Escrito por\" \/>\n\t<meta name=\"twitter:data1\" content=\"Nexo Informativo\" \/>\n\t<meta name=\"twitter:label2\" content=\"Tiempo de lectura\" \/>\n\t<meta name=\"twitter:data2\" content=\"2 minutos\" \/>\n<script type=\"application\/ld+json\" class=\"yoast-schema-graph\">{\"@context\":\"https:\/\/schema.org\",\"@graph\":[{\"@type\":\"Article\",\"@id\":\"https:\/\/www.nexoinformativo.mx\/index.php\/2025\/02\/01\/sedesoq-inicia-entrega-de-paquetes-alimentarios-basicos-para-apoyar-a-familias-queretanas\/#article\",\"isPartOf\":{\"@id\":\"https:\/\/www.nexoinformativo.mx\/index.php\/2025\/02\/01\/sedesoq-inicia-entrega-de-paquetes-alimentarios-basicos-para-apoyar-a-familias-queretanas\/\"},\"author\":{\"name\":\"Nexo Informativo\",\"@id\":\"https:\/\/www.nexoinformativo.mx\/#\/schema\/person\/7749d380ba08c8ca00d7bc76fd907b7d\"},\"headline\":\"SEDESOQ inicia entrega de paquetes alimentarios b\u00e1sicos para apoyar a familias queretanas\",\"datePublished\":\"2025-02-01T13:30:35+00:00\",\"dateModified\":\"2025-02-01T18:23:30+00:00\",\"mainEntityOfPage\":{\"@id\":\"https:\/\/www.nexoinformativo.mx\/index.php\/2025\/02\/01\/sedesoq-inicia-entrega-de-paquetes-alimentarios-basicos-para-apoyar-a-familias-queretanas\/\"},\"wordCount\":225,\"commentCount\":0,\"publisher\":{\"@id\":\"https:\/\/www.nexoinformativo.mx\/#organization\"},\"image\":{\"@id\":\"https:\/\/www.nexoinformativo.mx\/index.php\/2025\/02\/01\/sedesoq-inicia-entrega-de-paquetes-alimentarios-basicos-para-apoyar-a-familias-queretanas\/#primaryimage\"},\"thumbnailUrl\":\"https:\/\/www.nexoinformativo.mx\/wp-content\/uploads\/2025\/02\/PHOTO-2025-02-01-09-09-50-e1738434111728.jpg\",\"keywords\":[\"Alimentos\",\"Quer\u00e9taro\",\"SEDESOQ\",\"Solidaridad\"],\"articleSection\":[\"Econom\u00eda\",\"Estado\",\"\u00daltima Hora\"],\"inLanguage\":\"es\",\"potentialAction\":[{\"@type\":\"CommentAction\",\"name\":\"Comment\",\"target\":[\"https:\/\/www.nexoinformativo.mx\/index.php\/2025\/02\/01\/sedesoq-inicia-entrega-de-paquetes-alimentarios-basicos-para-apoyar-a-familias-queretanas\/#respond\"]}]},{\"@type\":\"WebPage\",\"@id\":\"https:\/\/www.nexoinformativo.mx\/index.php\/2025\/02\/01\/sedesoq-inicia-entrega-de-paquetes-alimentarios-basicos-para-apoyar-a-familias-queretanas\/\",\"url\":\"https:\/\/www.nexoinformativo.mx\/index.php\/2025\/02\/01\/sedesoq-inicia-entrega-de-paquetes-alimentarios-basicos-para-apoyar-a-familias-queretanas\/\",\"name\":\"SEDESOQ inicia entrega de paquetes alimentarios b\u00e1sicos para apoyar a familias queretanas | Nexo Informativo Santiago de Quer\u00e9taro\",\"isPartOf\":{\"@id\":\"https:\/\/www.nexoinformativo.mx\/#website\"},\"primaryImageOfPage\":{\"@id\":\"https:\/\/www.nexoinformativo.mx\/index.php\/2025\/02\/01\/sedesoq-inicia-entrega-de-paquetes-alimentarios-basicos-para-apoyar-a-familias-queretanas\/#primaryimage\"},\"image\":{\"@id\":\"https:\/\/www.nexoinformativo.mx\/index.php\/2025\/02\/01\/sedesoq-inicia-entrega-de-paquetes-alimentarios-basicos-para-apoyar-a-familias-queretanas\/#primaryimage\"},\"thumbnailUrl\":\"https:\/\/www.nexoinformativo.mx\/wp-content\/uploads\/2025\/02\/PHOTO-2025-02-01-09-09-50-e1738434111728.jpg\",\"datePublished\":\"2025-02-01T13:30:35+00:00\",\"dateModified\":\"2025-02-01T18:23:30+00:00\",\"description\":\"SEDESOQ inicia entrega de paquetes alimentarios b\u00e1sicos para apoyar a familias queretanas\",\"breadcrumb\":{\"@id\":\"https:\/\/www.nexoinformativo.mx\/index.php\/2025\/02\/01\/sedesoq-inicia-entrega-de-paquetes-alimentarios-basicos-para-apoyar-a-familias-queretanas\/#breadcrumb\"},\"inLanguage\":\"es\",\"potentialAction\":[{\"@type\":\"ReadAction\",\"target\":[\"https:\/\/www.nexoinformativo.mx\/index.php\/2025\/02\/01\/sedesoq-inicia-entrega-de-paquetes-alimentarios-basicos-para-apoyar-a-familias-queretanas\/\"]}]},{\"@type\":\"ImageObject\",\"inLanguage\":\"es\",\"@id\":\"https:\/\/www.nexoinformativo.mx\/index.php\/2025\/02\/01\/sedesoq-inicia-entrega-de-paquetes-alimentarios-basicos-para-apoyar-a-familias-queretanas\/#primaryimage\",\"url\":\"https:\/\/www.nexoinformativo.mx\/wp-content\/uploads\/2025\/02\/PHOTO-2025-02-01-09-09-50-e1738434111728.jpg\",\"contentUrl\":\"https:\/\/www.nexoinformativo.mx\/wp-content\/uploads\/2025\/02\/PHOTO-2025-02-01-09-09-50-e1738434111728.jpg\",\"width\":800,\"height\":600},{\"@type\":\"BreadcrumbList\",\"@id\":\"https:\/\/www.nexoinformativo.mx\/index.php\/2025\/02\/01\/sedesoq-inicia-entrega-de-paquetes-alimentarios-basicos-para-apoyar-a-familias-queretanas\/#breadcrumb\",\"itemListElement\":[{\"@type\":\"ListItem\",\"position\":1,\"name\":\"Inicio\",\"item\":\"https:\/\/www.nexoinformativo.mx\/\"},{\"@type\":\"ListItem\",\"position\":2,\"name\":\"SEDESOQ inicia entrega de paquetes alimentarios b\u00e1sicos para apoyar a familias queretanas\"}]},{\"@type\":\"WebSite\",\"@id\":\"https:\/\/www.nexoinformativo.mx\/#website\",\"url\":\"https:\/\/www.nexoinformativo.mx\/\",\"name\":\"Nexo Informativo Santiago de Quer\u00e9taro\",\"description\":\"Explora NexoInformativo y convi\u00e9rtete en parte de una comunidad que valora el conocimiento y la verdad. Tu nexoinformativo es tu puente hacia una comprensi\u00f3n m\u00e1s profunda del mundo que te rodea.\",\"publisher\":{\"@id\":\"https:\/\/www.nexoinformativo.mx\/#organization\"},\"potentialAction\":[{\"@type\":\"SearchAction\",\"target\":{\"@type\":\"EntryPoint\",\"urlTemplate\":\"https:\/\/www.nexoinformativo.mx\/?s={search_term_string}\"},\"query-input\":{\"@type\":\"PropertyValueSpecification\",\"valueRequired\":true,\"valueName\":\"search_term_string\"}}],\"inLanguage\":\"es\"},{\"@type\":\"Organization\",\"@id\":\"https:\/\/www.nexoinformativo.mx\/#organization\",\"name\":\"Nexo Informativo Santiago de Quer\u00e9taro\",\"url\":\"https:\/\/www.nexoinformativo.mx\/\",\"logo\":{\"@type\":\"ImageObject\",\"inLanguage\":\"es\",\"@id\":\"https:\/\/www.nexoinformativo.mx\/#\/schema\/logo\/image\/\",\"url\":\"https:\/\/www.nexoinformativo.mx\/wp-content\/uploads\/2024\/07\/nexoi-trasparente-2.png\",\"contentUrl\":\"https:\/\/www.nexoinformativo.mx\/wp-content\/uploads\/2024\/07\/nexoi-trasparente-2.png\",\"width\":816,\"height\":339,\"caption\":\"Nexo Informativo Santiago de Quer\u00e9taro\"},\"image\":{\"@id\":\"https:\/\/www.nexoinformativo.mx\/#\/schema\/logo\/image\/\"},\"sameAs\":[\"https:\/\/www.facebook.com\/people\/Nexo-Informativo\/61564066885511\/\"]},{\"@type\":\"Person\",\"@id\":\"https:\/\/www.nexoinformativo.mx\/#\/schema\/person\/7749d380ba08c8ca00d7bc76fd907b7d\",\"name\":\"Nexo Informativo\",\"image\":{\"@type\":\"ImageObject\",\"inLanguage\":\"es\",\"@id\":\"https:\/\/www.nexoinformativo.mx\/#\/schema\/person\/image\/\",\"url\":\"https:\/\/secure.gravatar.com\/avatar\/dde2928154642a13d95f87ddf1ea9718fe2b46760a005c53e41ff5ad610704e6?s=96&d=mm&r=g\",\"contentUrl\":\"https:\/\/secure.gravatar.com\/avatar\/dde2928154642a13d95f87ddf1ea9718fe2b46760a005c53e41ff5ad610704e6?s=96&d=mm&r=g\",\"caption\":\"Nexo Informativo\"},\"url\":\"https:\/\/www.nexoinformativo.mx\/index.php\/author\/edicion\/\"}]}<\/script>\n<!-- \/ Yoast SEO plugin. -->","yoast_head_json":{"title":"SEDESOQ inicia entrega de paquetes alimentarios b\u00e1sicos para apoyar a familias queretanas | Nexo Informativo Santiago de Quer\u00e9taro","description":"SEDESOQ inicia entrega de paquetes alimentarios b\u00e1sicos para apoyar a familias queretanas","robots":{"index":"index","follow":"follow","max-snippet":"max-snippet:-1","max-image-preview":"max-image-preview:large","max-video-preview":"max-video-preview:-1"},"canonical":"https:\/\/www.nexoinformativo.mx\/index.php\/2025\/02\/01\/sedesoq-inicia-entrega-de-paquetes-alimentarios-basicos-para-apoyar-a-familias-queretanas\/","og_locale":"es_MX","og_type":"article","og_title":"SEDESOQ inicia entrega de paquetes alimentarios b\u00e1sicos para apoyar a familias queretanas | Nexo Informativo Santiago de Quer\u00e9taro","og_description":"SEDESOQ inicia entrega de paquetes alimentarios b\u00e1sicos para apoyar a familias queretanas","og_url":"https:\/\/www.nexoinformativo.mx\/index.php\/2025\/02\/01\/sedesoq-inicia-entrega-de-paquetes-alimentarios-basicos-para-apoyar-a-familias-queretanas\/","og_site_name":"Nexo Informativo Santiago de Quer\u00e9taro","article_publisher":"https:\/\/www.facebook.com\/people\/Nexo-Informativo\/61564066885511\/","article_published_time":"2025-02-01T13:30:35+00:00","article_modified_time":"2025-02-01T18:23:30+00:00","og_image":[{"width":800,"height":600,"url":"https:\/\/www.nexoinformativo.mx\/wp-content\/uploads\/2025\/02\/PHOTO-2025-02-01-09-09-50-e1738434111728.jpg","type":"image\/jpeg"}],"author":"Nexo Informativo","twitter_card":"summary_large_image","twitter_misc":{"Escrito por":"Nexo Informativo","Tiempo de lectura":"2 minutos"},"schema":{"@context":"https:\/\/schema.org","@graph":[{"@type":"Article","@id":"https:\/\/www.nexoinformativo.mx\/index.php\/2025\/02\/01\/sedesoq-inicia-entrega-de-paquetes-alimentarios-basicos-para-apoyar-a-familias-queretanas\/#article","isPartOf":{"@id":"https:\/\/www.nexoinformativo.mx\/index.php\/2025\/02\/01\/sedesoq-inicia-entrega-de-paquetes-alimentarios-basicos-para-apoyar-a-familias-queretanas\/"},"author":{"name":"Nexo Informativo","@id":"https:\/\/www.nexoinformativo.mx\/#\/schema\/person\/7749d380ba08c8ca00d7bc76fd907b7d"},"headline":"SEDESOQ inicia entrega de paquetes alimentarios b\u00e1sicos para apoyar a familias queretanas","datePublished":"2025-02-01T13:30:35+00:00","dateModified":"2025-02-01T18:23:30+00:00","mainEntityOfPage":{"@id":"https:\/\/www.nexoinformativo.mx\/index.php\/2025\/02\/01\/sedesoq-inicia-entrega-de-paquetes-alimentarios-basicos-para-apoyar-a-familias-queretanas\/"},"wordCount":225,"commentCount":0,"publisher":{"@id":"https:\/\/www.nexoinformativo.mx\/#organization"},"image":{"@id":"https:\/\/www.nexoinformativo.mx\/index.php\/2025\/02\/01\/sedesoq-inicia-entrega-de-paquetes-alimentarios-basicos-para-apoyar-a-familias-queretanas\/#primaryimage"},"thumbnailUrl":"https:\/\/www.nexoinformativo.mx\/wp-content\/uploads\/2025\/02\/PHOTO-2025-02-01-09-09-50-e1738434111728.jpg","keywords":["Alimentos","Quer\u00e9taro","SEDESOQ","Solidaridad"],"articleSection":["Econom\u00eda","Estado","\u00daltima Hora"],"inLanguage":"es","potentialAction":[{"@type":"CommentAction","name":"Comment","target":["https:\/\/www.nexoinformativo.mx\/index.php\/2025\/02\/01\/sedesoq-inicia-entrega-de-paquetes-alimentarios-basicos-para-apoyar-a-familias-queretanas\/#respond"]}]},{"@type":"WebPage","@id":"https:\/\/www.nexoinformativo.mx\/index.php\/2025\/02\/01\/sedesoq-inicia-entrega-de-paquetes-alimentarios-basicos-para-apoyar-a-familias-queretanas\/","url":"https:\/\/www.nexoinformativo.mx\/index.php\/2025\/02\/01\/sedesoq-inicia-entrega-de-paquetes-alimentarios-basicos-para-apoyar-a-familias-queretanas\/","name":"SEDESOQ inicia entrega de paquetes alimentarios b\u00e1sicos para apoyar a familias queretanas | Nexo Informativo Santiago de Quer\u00e9taro","isPartOf":{"@id":"https:\/\/www.nexoinformativo.mx\/#website"},"primaryImageOfPage":{"@id":"https:\/\/www.nexoinformativo.mx\/index.php\/2025\/02\/01\/sedesoq-inicia-entrega-de-paquetes-alimentarios-basicos-para-apoyar-a-familias-queretanas\/#primaryimage"},"image":{"@id":"https:\/\/www.nexoinformativo.mx\/index.php\/2025\/02\/01\/sedesoq-inicia-entrega-de-paquetes-alimentarios-basicos-para-apoyar-a-familias-queretanas\/#primaryimage"},"thumbnailUrl":"https:\/\/www.nexoinformativo.mx\/wp-content\/uploads\/2025\/02\/PHOTO-2025-02-01-09-09-50-e1738434111728.jpg","datePublished":"2025-02-01T13:30:35+00:00","dateModified":"2025-02-01T18:23:30+00:00","description":"SEDESOQ inicia entrega de paquetes alimentarios b\u00e1sicos para apoyar a familias queretanas","breadcrumb":{"@id":"https:\/\/www.nexoinformativo.mx\/index.php\/2025\/02\/01\/sedesoq-inicia-entrega-de-paquetes-alimentarios-basicos-para-apoyar-a-familias-queretanas\/#breadcrumb"},"inLanguage":"es","potentialAction":[{"@type":"ReadAction","target":["https:\/\/www.nexoinformativo.mx\/index.php\/2025\/02\/01\/sedesoq-inicia-entrega-de-paquetes-alimentarios-basicos-para-apoyar-a-familias-queretanas\/"]}]},{"@type":"ImageObject","inLanguage":"es","@id":"https:\/\/www.nexoinformativo.mx\/index.php\/2025\/02\/01\/sedesoq-inicia-entrega-de-paquetes-alimentarios-basicos-para-apoyar-a-familias-queretanas\/#primaryimage","url":"https:\/\/www.nexoinformativo.mx\/wp-content\/uploads\/2025\/02\/PHOTO-2025-02-01-09-09-50-e1738434111728.jpg","contentUrl":"https:\/\/www.nexoinformativo.mx\/wp-content\/uploads\/2025\/02\/PHOTO-2025-02-01-09-09-50-e1738434111728.jpg","width":800,"height":600},{"@type":"BreadcrumbList","@id":"https:\/\/www.nexoinformativo.mx\/index.php\/2025\/02\/01\/sedesoq-inicia-entrega-de-paquetes-alimentarios-basicos-para-apoyar-a-familias-queretanas\/#breadcrumb","itemListElement":[{"@type":"ListItem","position":1,"name":"Inicio","item":"https:\/\/www.nexoinformativo.mx\/"},{"@type":"ListItem","position":2,"name":"SEDESOQ inicia entrega de paquetes alimentarios b\u00e1sicos para apoyar a familias queretanas"}]},{"@type":"WebSite","@id":"https:\/\/www.nexoinformativo.mx\/#website","url":"https:\/\/www.nexoinformativo.mx\/","name":"Nexo Informativo Santiago de Quer\u00e9taro","description":"Explora NexoInformativo y convi\u00e9rtete en parte de una comunidad que valora el conocimiento y la verdad. Tu nexoinformativo es tu puente hacia una comprensi\u00f3n m\u00e1s profunda del mundo que te rodea.","publisher":{"@id":"https:\/\/www.nexoinformativo.mx\/#organization"},"potentialAction":[{"@type":"SearchAction","target":{"@type":"EntryPoint","urlTemplate":"https:\/\/www.nexoinformativo.mx\/?s={search_term_string}"},"query-input":{"@type":"PropertyValueSpecification","valueRequired":true,"valueName":"search_term_string"}}],"inLanguage":"es"},{"@type":"Organization","@id":"https:\/\/www.nexoinformativo.mx\/#organization","name":"Nexo Informativo Santiago de Quer\u00e9taro","url":"https:\/\/www.nexoinformativo.mx\/","logo":{"@type":"ImageObject","inLanguage":"es","@id":"https:\/\/www.nexoinformativo.mx\/#\/schema\/logo\/image\/","url":"https:\/\/www.nexoinformativo.mx\/wp-content\/uploads\/2024\/07\/nexoi-trasparente-2.png","contentUrl":"https:\/\/www.nexoinformativo.mx\/wp-content\/uploads\/2024\/07\/nexoi-trasparente-2.png","width":816,"height":339,"caption":"Nexo Informativo Santiago de Quer\u00e9taro"},"image":{"@id":"https:\/\/www.nexoinformativo.mx\/#\/schema\/logo\/image\/"},"sameAs":["https:\/\/www.facebook.com\/people\/Nexo-Informativo\/61564066885511\/"]},{"@type":"Person","@id":"https:\/\/www.nexoinformativo.mx\/#\/schema\/person\/7749d380ba08c8ca00d7bc76fd907b7d","name":"Nexo Informativo","image":{"@type":"ImageObject","inLanguage":"es","@id":"https:\/\/www.nexoinformativo.mx\/#\/schema\/person\/image\/","url":"https:\/\/secure.gravatar.com\/avatar\/dde2928154642a13d95f87ddf1ea9718fe2b46760a005c53e41ff5ad610704e6?s=96&d=mm&r=g","contentUrl":"https:\/\/secure.gravatar.com\/avatar\/dde2928154642a13d95f87ddf1ea9718fe2b46760a005c53e41ff5ad610704e6?s=96&d=mm&r=g","caption":"Nexo Informativo"},"url":"https:\/\/www.nexoinformativo.mx\/index.php\/author\/edicion\/"}]}},"_links":{"self":[{"href":"https:\/\/www.nexoinformativo.mx\/index.php\/wp-json\/wp\/v2\/posts\/11049","targetHints":{"allow":["GET"]}}],"collection":[{"href":"https:\/\/www.nexoinformativo.mx\/index.php\/wp-json\/wp\/v2\/posts"}],"about":[{"href":"https:\/\/www.nexoinformativo.mx\/index.php\/wp-json\/wp\/v2\/types\/post"}],"author":[{"embeddable":true,"href":"https:\/\/www.nexoinformativo.mx\/index.php\/wp-json\/wp\/v2\/users\/3"}],"replies":[{"embeddable":true,"href":"https:\/\/www.nexoinformativo.mx\/index.php\/wp-json\/wp\/v2\/comments?post=11049"}],"version-history":[{"count":5,"href":"https:\/\/www.nexoinformativo.mx\/index.php\/wp-json\/wp\/v2\/posts\/11049\/revisions"}],"predecessor-version":[{"id":11055,"href":"https:\/\/www.nexoinformativo.mx\/index.php\/wp-json\/wp\/v2\/posts\/11049\/revisions\/11055"}],"wp:featuredmedia":[{"embeddable":true,"href":"https:\/\/www.nexoinformativo.mx\/index.php\/wp-json\/wp\/v2\/media\/11050"}],"wp:attachment":[{"href":"https:\/\/www.nexoinformativo.mx\/index.php\/wp-json\/wp\/v2\/media?parent=11049"}],"wp:term":[{"taxonomy":"category","embeddable":true,"href":"https:\/\/www.nexoinformativo.mx\/index.php\/wp-json\/wp\/v2\/categories?post=11049"},{"taxonomy":"post_tag","embeddable":true,"href":"https:\/\/www.nexoinformativo.mx\/index.php\/wp-json\/wp\/v2\/tags?post=11049"}],"curies":[{"name":"wp","href":"https:\/\/api.w.org\/{rel}","templated":true}]}}