{"id":11102,"date":"2025-02-03T06:00:32","date_gmt":"2025-02-03T12:00:32","guid":{"rendered":"https:\/\/www.nexoinformativo.mx\/?p=11102"},"modified":"2025-02-03T11:52:26","modified_gmt":"2025-02-03T17:52:26","slug":"ariadna-montiel-reafirma-el-compromiso-con-los-programas-sociales-en-mexico","status":"publish","type":"post","link":"https:\/\/www.nexoinformativo.mx\/index.php\/2025\/02\/03\/ariadna-montiel-reafirma-el-compromiso-con-los-programas-sociales-en-mexico\/","title":{"rendered":"Ariadna Montiel reafirma el compromiso con los programas sociales en M\u00e9xico"},"content":{"rendered":"<p style=\"text-align: justify;\" data-sourcepos=\"11:1-11:271\">La secretaria de Bienestar, Ariadna Montiel, reafirm\u00f3 el compromiso del gobierno federal con los programas sociales y destac\u00f3 que estos son fundamentales para construir la paz y atender las causas de la desigualdad en M\u00e9xico.<\/p>\n<p>&nbsp;<\/p>\n<p style=\"text-align: justify;\" data-sourcepos=\"13:1-13:298\">Durante un evento en Texcoco, Estado de M\u00e9xico, donde se entregaron tarjetas del Programa de Mejoramiento de Vivienda, Montiel Reyes subray\u00f3 que los programas de bienestar son un derecho constitucional y que el gobierno de la presidenta Claudia Sheinbaum cuenta con el respaldo del pueblo mexicano.<\/p>\n<p>&nbsp;<\/p>\n<p style=\"text-align: justify;\" data-sourcepos=\"15:1-15:159\"><strong>&#8220;En el segundo piso de la Cuarta Transformaci\u00f3n construimos la paz y atendemos las causas de desigualdad con los Programas de Bienestar&#8221;<\/strong>, afirm\u00f3 la secretaria.<\/p>\n<p>&nbsp;<\/p>\n<p style=\"text-align: justify;\" data-sourcepos=\"17:1-17:302\">Entre los nuevos programas anunciados se encuentran la Beca <strong>&#8220;Rita Cetina&#8221;<\/strong> para estudiantes de secundaria, la Pensi\u00f3n para Mujeres Bienestar y el Programa Salud Casa por Casa. Este \u00faltimo, en particular, busca brindar atenci\u00f3n m\u00e9dica a adultos mayores y personas con discapacidad en sus propios hogares.<\/p>\n<p>&nbsp;<\/p>\n<p style=\"text-align: justify;\" data-sourcepos=\"19:1-19:152\">Montiel Reyes tambi\u00e9n destac\u00f3 la importancia de la unidad y la soberan\u00eda nacional, se\u00f1alando que el gobierno de M\u00e9xico no aceptar\u00e1 injerencias externas.<\/p>\n<p>&nbsp;<\/p>\n<p style=\"text-align: justify;\" data-sourcepos=\"21:1-21:138\"><strong>&#8220;M\u00e9xico es un pa\u00eds libre, soberano e independiente; y hoy nuestra Presidenta Claudia Sheinbaum cuenta con el respaldo del pueblo&#8221;<\/strong>, afirm\u00f3.<\/p>\n<p>&nbsp;<\/p>\n<p style=\"text-align: center;\" data-sourcepos=\"21:1-21:138\"><em><strong>\u00a1Informaci\u00f3n que transforma!<\/strong><\/em><\/p>\n","protected":false},"excerpt":{"rendered":"<p>La secretaria de Bienestar, Ariadna Montiel, reafirm\u00f3 el compromiso del gobierno federal con los programas sociales y destac\u00f3 que estos son fundamentales para construir la paz y atender las causas de la desigualdad en M\u00e9xico.<\/p>\n","protected":false},"author":3,"featured_media":11106,"comment_status":"open","ping_status":"open","sticky":false,"template":"","format":"standard","meta":{"footnotes":""},"categories":[88,58],"tags":[679,967,1610,1854],"class_list":["post-11102","post","type-post","status-publish","format-standard","has-post-thumbnail","hentry","category-nacional","category-ultima-hora","tag-bienestar","tag-claudiasheinbaum","tag-mexico","tag-programassociales"],"yoast_head":"<!-- This site is optimized with the Yoast SEO plugin v25.0 - https:\/\/yoast.com\/wordpress\/plugins\/seo\/ -->\n<title>Ariadna Montiel reafirma el compromiso con los programas sociales en M\u00e9xico | Nexo Informativo Santiago de Quer\u00e9taro<\/title>\n<meta name=\"description\" content=\"Ariadna Montiel reafirma el compromiso con los programas sociales en M\u00e9xico\" \/>\n<meta name=\"robots\" content=\"index, follow, max-snippet:-1, max-image-preview:large, max-video-preview:-1\" \/>\n<link rel=\"canonical\" href=\"https:\/\/www.nexoinformativo.mx\/index.php\/2025\/02\/03\/ariadna-montiel-reafirma-el-compromiso-con-los-programas-sociales-en-mexico\/\" \/>\n<meta property=\"og:locale\" content=\"es_MX\" \/>\n<meta property=\"og:type\" content=\"article\" \/>\n<meta property=\"og:title\" content=\"Ariadna Montiel reafirma el compromiso con los programas sociales en M\u00e9xico | Nexo Informativo Santiago de Quer\u00e9taro\" \/>\n<meta property=\"og:description\" content=\"Ariadna Montiel reafirma el compromiso con los programas sociales en M\u00e9xico\" \/>\n<meta property=\"og:url\" content=\"https:\/\/www.nexoinformativo.mx\/index.php\/2025\/02\/03\/ariadna-montiel-reafirma-el-compromiso-con-los-programas-sociales-en-mexico\/\" \/>\n<meta property=\"og:site_name\" content=\"Nexo Informativo Santiago de Quer\u00e9taro\" \/>\n<meta property=\"article:publisher\" content=\"https:\/\/www.facebook.com\/people\/Nexo-Informativo\/61564066885511\/\" \/>\n<meta property=\"article:published_time\" content=\"2025-02-03T12:00:32+00:00\" \/>\n<meta property=\"article:modified_time\" content=\"2025-02-03T17:52:26+00:00\" \/>\n<meta property=\"og:image\" content=\"https:\/\/www.nexoinformativo.mx\/wp-content\/uploads\/2025\/02\/IMG_9775-e1738605140319.jpg\" \/>\n\t<meta property=\"og:image:width\" content=\"800\" \/>\n\t<meta property=\"og:image:height\" content=\"533\" \/>\n\t<meta property=\"og:image:type\" content=\"image\/jpeg\" \/>\n<meta name=\"author\" content=\"Nexo Informativo\" \/>\n<meta name=\"twitter:card\" content=\"summary_large_image\" \/>\n<meta name=\"twitter:label1\" content=\"Escrito por\" \/>\n\t<meta name=\"twitter:data1\" content=\"Nexo Informativo\" \/>\n\t<meta name=\"twitter:label2\" content=\"Tiempo de lectura\" \/>\n\t<meta name=\"twitter:data2\" content=\"2 minutos\" \/>\n<script type=\"application\/ld+json\" class=\"yoast-schema-graph\">{\"@context\":\"https:\/\/schema.org\",\"@graph\":[{\"@type\":\"Article\",\"@id\":\"https:\/\/www.nexoinformativo.mx\/index.php\/2025\/02\/03\/ariadna-montiel-reafirma-el-compromiso-con-los-programas-sociales-en-mexico\/#article\",\"isPartOf\":{\"@id\":\"https:\/\/www.nexoinformativo.mx\/index.php\/2025\/02\/03\/ariadna-montiel-reafirma-el-compromiso-con-los-programas-sociales-en-mexico\/\"},\"author\":{\"name\":\"Nexo Informativo\",\"@id\":\"https:\/\/www.nexoinformativo.mx\/#\/schema\/person\/7749d380ba08c8ca00d7bc76fd907b7d\"},\"headline\":\"Ariadna Montiel reafirma el compromiso con los programas sociales en M\u00e9xico\",\"datePublished\":\"2025-02-03T12:00:32+00:00\",\"dateModified\":\"2025-02-03T17:52:26+00:00\",\"mainEntityOfPage\":{\"@id\":\"https:\/\/www.nexoinformativo.mx\/index.php\/2025\/02\/03\/ariadna-montiel-reafirma-el-compromiso-con-los-programas-sociales-en-mexico\/\"},\"wordCount\":230,\"commentCount\":0,\"publisher\":{\"@id\":\"https:\/\/www.nexoinformativo.mx\/#organization\"},\"image\":{\"@id\":\"https:\/\/www.nexoinformativo.mx\/index.php\/2025\/02\/03\/ariadna-montiel-reafirma-el-compromiso-con-los-programas-sociales-en-mexico\/#primaryimage\"},\"thumbnailUrl\":\"https:\/\/www.nexoinformativo.mx\/wp-content\/uploads\/2025\/02\/IMG_9775-e1738605140319.jpg\",\"keywords\":[\"Bienestar\",\"ClaudiaSheinbaum\",\"M\u00e9xico\",\"ProgramasSociales\"],\"articleSection\":[\"Nacional\",\"\u00daltima Hora\"],\"inLanguage\":\"es\",\"potentialAction\":[{\"@type\":\"CommentAction\",\"name\":\"Comment\",\"target\":[\"https:\/\/www.nexoinformativo.mx\/index.php\/2025\/02\/03\/ariadna-montiel-reafirma-el-compromiso-con-los-programas-sociales-en-mexico\/#respond\"]}]},{\"@type\":\"WebPage\",\"@id\":\"https:\/\/www.nexoinformativo.mx\/index.php\/2025\/02\/03\/ariadna-montiel-reafirma-el-compromiso-con-los-programas-sociales-en-mexico\/\",\"url\":\"https:\/\/www.nexoinformativo.mx\/index.php\/2025\/02\/03\/ariadna-montiel-reafirma-el-compromiso-con-los-programas-sociales-en-mexico\/\",\"name\":\"Ariadna Montiel reafirma el compromiso con los programas sociales en M\u00e9xico | Nexo Informativo Santiago de Quer\u00e9taro\",\"isPartOf\":{\"@id\":\"https:\/\/www.nexoinformativo.mx\/#website\"},\"primaryImageOfPage\":{\"@id\":\"https:\/\/www.nexoinformativo.mx\/index.php\/2025\/02\/03\/ariadna-montiel-reafirma-el-compromiso-con-los-programas-sociales-en-mexico\/#primaryimage\"},\"image\":{\"@id\":\"https:\/\/www.nexoinformativo.mx\/index.php\/2025\/02\/03\/ariadna-montiel-reafirma-el-compromiso-con-los-programas-sociales-en-mexico\/#primaryimage\"},\"thumbnailUrl\":\"https:\/\/www.nexoinformativo.mx\/wp-content\/uploads\/2025\/02\/IMG_9775-e1738605140319.jpg\",\"datePublished\":\"2025-02-03T12:00:32+00:00\",\"dateModified\":\"2025-02-03T17:52:26+00:00\",\"description\":\"Ariadna Montiel reafirma el compromiso con los programas sociales en M\u00e9xico\",\"breadcrumb\":{\"@id\":\"https:\/\/www.nexoinformativo.mx\/index.php\/2025\/02\/03\/ariadna-montiel-reafirma-el-compromiso-con-los-programas-sociales-en-mexico\/#breadcrumb\"},\"inLanguage\":\"es\",\"potentialAction\":[{\"@type\":\"ReadAction\",\"target\":[\"https:\/\/www.nexoinformativo.mx\/index.php\/2025\/02\/03\/ariadna-montiel-reafirma-el-compromiso-con-los-programas-sociales-en-mexico\/\"]}]},{\"@type\":\"ImageObject\",\"inLanguage\":\"es\",\"@id\":\"https:\/\/www.nexoinformativo.mx\/index.php\/2025\/02\/03\/ariadna-montiel-reafirma-el-compromiso-con-los-programas-sociales-en-mexico\/#primaryimage\",\"url\":\"https:\/\/www.nexoinformativo.mx\/wp-content\/uploads\/2025\/02\/IMG_9775-e1738605140319.jpg\",\"contentUrl\":\"https:\/\/www.nexoinformativo.mx\/wp-content\/uploads\/2025\/02\/IMG_9775-e1738605140319.jpg\",\"width\":800,\"height\":533},{\"@type\":\"BreadcrumbList\",\"@id\":\"https:\/\/www.nexoinformativo.mx\/index.php\/2025\/02\/03\/ariadna-montiel-reafirma-el-compromiso-con-los-programas-sociales-en-mexico\/#breadcrumb\",\"itemListElement\":[{\"@type\":\"ListItem\",\"position\":1,\"name\":\"Inicio\",\"item\":\"https:\/\/www.nexoinformativo.mx\/\"},{\"@type\":\"ListItem\",\"position\":2,\"name\":\"Ariadna Montiel reafirma el compromiso con los programas sociales en M\u00e9xico\"}]},{\"@type\":\"WebSite\",\"@id\":\"https:\/\/www.nexoinformativo.mx\/#website\",\"url\":\"https:\/\/www.nexoinformativo.mx\/\",\"name\":\"Nexo Informativo Santiago de Quer\u00e9taro\",\"description\":\"Explora NexoInformativo y convi\u00e9rtete en parte de una comunidad que valora el conocimiento y la verdad. Tu nexoinformativo es tu puente hacia una comprensi\u00f3n m\u00e1s profunda del mundo que te rodea.\",\"publisher\":{\"@id\":\"https:\/\/www.nexoinformativo.mx\/#organization\"},\"potentialAction\":[{\"@type\":\"SearchAction\",\"target\":{\"@type\":\"EntryPoint\",\"urlTemplate\":\"https:\/\/www.nexoinformativo.mx\/?s={search_term_string}\"},\"query-input\":{\"@type\":\"PropertyValueSpecification\",\"valueRequired\":true,\"valueName\":\"search_term_string\"}}],\"inLanguage\":\"es\"},{\"@type\":\"Organization\",\"@id\":\"https:\/\/www.nexoinformativo.mx\/#organization\",\"name\":\"Nexo Informativo Santiago de Quer\u00e9taro\",\"url\":\"https:\/\/www.nexoinformativo.mx\/\",\"logo\":{\"@type\":\"ImageObject\",\"inLanguage\":\"es\",\"@id\":\"https:\/\/www.nexoinformativo.mx\/#\/schema\/logo\/image\/\",\"url\":\"https:\/\/www.nexoinformativo.mx\/wp-content\/uploads\/2024\/07\/nexoi-trasparente-2.png\",\"contentUrl\":\"https:\/\/www.nexoinformativo.mx\/wp-content\/uploads\/2024\/07\/nexoi-trasparente-2.png\",\"width\":816,\"height\":339,\"caption\":\"Nexo Informativo Santiago de Quer\u00e9taro\"},\"image\":{\"@id\":\"https:\/\/www.nexoinformativo.mx\/#\/schema\/logo\/image\/\"},\"sameAs\":[\"https:\/\/www.facebook.com\/people\/Nexo-Informativo\/61564066885511\/\"]},{\"@type\":\"Person\",\"@id\":\"https:\/\/www.nexoinformativo.mx\/#\/schema\/person\/7749d380ba08c8ca00d7bc76fd907b7d\",\"name\":\"Nexo Informativo\",\"image\":{\"@type\":\"ImageObject\",\"inLanguage\":\"es\",\"@id\":\"https:\/\/www.nexoinformativo.mx\/#\/schema\/person\/image\/\",\"url\":\"https:\/\/secure.gravatar.com\/avatar\/dde2928154642a13d95f87ddf1ea9718fe2b46760a005c53e41ff5ad610704e6?s=96&d=mm&r=g\",\"contentUrl\":\"https:\/\/secure.gravatar.com\/avatar\/dde2928154642a13d95f87ddf1ea9718fe2b46760a005c53e41ff5ad610704e6?s=96&d=mm&r=g\",\"caption\":\"Nexo Informativo\"},\"url\":\"https:\/\/www.nexoinformativo.mx\/index.php\/author\/edicion\/\"}]}<\/script>\n<!-- \/ Yoast SEO plugin. -->","yoast_head_json":{"title":"Ariadna Montiel reafirma el compromiso con los programas sociales en M\u00e9xico | Nexo Informativo Santiago de Quer\u00e9taro","description":"Ariadna Montiel reafirma el compromiso con los programas sociales en M\u00e9xico","robots":{"index":"index","follow":"follow","max-snippet":"max-snippet:-1","max-image-preview":"max-image-preview:large","max-video-preview":"max-video-preview:-1"},"canonical":"https:\/\/www.nexoinformativo.mx\/index.php\/2025\/02\/03\/ariadna-montiel-reafirma-el-compromiso-con-los-programas-sociales-en-mexico\/","og_locale":"es_MX","og_type":"article","og_title":"Ariadna Montiel reafirma el compromiso con los programas sociales en M\u00e9xico | Nexo Informativo Santiago de Quer\u00e9taro","og_description":"Ariadna Montiel reafirma el compromiso con los programas sociales en M\u00e9xico","og_url":"https:\/\/www.nexoinformativo.mx\/index.php\/2025\/02\/03\/ariadna-montiel-reafirma-el-compromiso-con-los-programas-sociales-en-mexico\/","og_site_name":"Nexo Informativo Santiago de Quer\u00e9taro","article_publisher":"https:\/\/www.facebook.com\/people\/Nexo-Informativo\/61564066885511\/","article_published_time":"2025-02-03T12:00:32+00:00","article_modified_time":"2025-02-03T17:52:26+00:00","og_image":[{"width":800,"height":533,"url":"https:\/\/www.nexoinformativo.mx\/wp-content\/uploads\/2025\/02\/IMG_9775-e1738605140319.jpg","type":"image\/jpeg"}],"author":"Nexo Informativo","twitter_card":"summary_large_image","twitter_misc":{"Escrito por":"Nexo Informativo","Tiempo de lectura":"2 minutos"},"schema":{"@context":"https:\/\/schema.org","@graph":[{"@type":"Article","@id":"https:\/\/www.nexoinformativo.mx\/index.php\/2025\/02\/03\/ariadna-montiel-reafirma-el-compromiso-con-los-programas-sociales-en-mexico\/#article","isPartOf":{"@id":"https:\/\/www.nexoinformativo.mx\/index.php\/2025\/02\/03\/ariadna-montiel-reafirma-el-compromiso-con-los-programas-sociales-en-mexico\/"},"author":{"name":"Nexo Informativo","@id":"https:\/\/www.nexoinformativo.mx\/#\/schema\/person\/7749d380ba08c8ca00d7bc76fd907b7d"},"headline":"Ariadna Montiel reafirma el compromiso con los programas sociales en M\u00e9xico","datePublished":"2025-02-03T12:00:32+00:00","dateModified":"2025-02-03T17:52:26+00:00","mainEntityOfPage":{"@id":"https:\/\/www.nexoinformativo.mx\/index.php\/2025\/02\/03\/ariadna-montiel-reafirma-el-compromiso-con-los-programas-sociales-en-mexico\/"},"wordCount":230,"commentCount":0,"publisher":{"@id":"https:\/\/www.nexoinformativo.mx\/#organization"},"image":{"@id":"https:\/\/www.nexoinformativo.mx\/index.php\/2025\/02\/03\/ariadna-montiel-reafirma-el-compromiso-con-los-programas-sociales-en-mexico\/#primaryimage"},"thumbnailUrl":"https:\/\/www.nexoinformativo.mx\/wp-content\/uploads\/2025\/02\/IMG_9775-e1738605140319.jpg","keywords":["Bienestar","ClaudiaSheinbaum","M\u00e9xico","ProgramasSociales"],"articleSection":["Nacional","\u00daltima Hora"],"inLanguage":"es","potentialAction":[{"@type":"CommentAction","name":"Comment","target":["https:\/\/www.nexoinformativo.mx\/index.php\/2025\/02\/03\/ariadna-montiel-reafirma-el-compromiso-con-los-programas-sociales-en-mexico\/#respond"]}]},{"@type":"WebPage","@id":"https:\/\/www.nexoinformativo.mx\/index.php\/2025\/02\/03\/ariadna-montiel-reafirma-el-compromiso-con-los-programas-sociales-en-mexico\/","url":"https:\/\/www.nexoinformativo.mx\/index.php\/2025\/02\/03\/ariadna-montiel-reafirma-el-compromiso-con-los-programas-sociales-en-mexico\/","name":"Ariadna Montiel reafirma el compromiso con los programas sociales en M\u00e9xico | Nexo Informativo Santiago de Quer\u00e9taro","isPartOf":{"@id":"https:\/\/www.nexoinformativo.mx\/#website"},"primaryImageOfPage":{"@id":"https:\/\/www.nexoinformativo.mx\/index.php\/2025\/02\/03\/ariadna-montiel-reafirma-el-compromiso-con-los-programas-sociales-en-mexico\/#primaryimage"},"image":{"@id":"https:\/\/www.nexoinformativo.mx\/index.php\/2025\/02\/03\/ariadna-montiel-reafirma-el-compromiso-con-los-programas-sociales-en-mexico\/#primaryimage"},"thumbnailUrl":"https:\/\/www.nexoinformativo.mx\/wp-content\/uploads\/2025\/02\/IMG_9775-e1738605140319.jpg","datePublished":"2025-02-03T12:00:32+00:00","dateModified":"2025-02-03T17:52:26+00:00","description":"Ariadna Montiel reafirma el compromiso con los programas sociales en M\u00e9xico","breadcrumb":{"@id":"https:\/\/www.nexoinformativo.mx\/index.php\/2025\/02\/03\/ariadna-montiel-reafirma-el-compromiso-con-los-programas-sociales-en-mexico\/#breadcrumb"},"inLanguage":"es","potentialAction":[{"@type":"ReadAction","target":["https:\/\/www.nexoinformativo.mx\/index.php\/2025\/02\/03\/ariadna-montiel-reafirma-el-compromiso-con-los-programas-sociales-en-mexico\/"]}]},{"@type":"ImageObject","inLanguage":"es","@id":"https:\/\/www.nexoinformativo.mx\/index.php\/2025\/02\/03\/ariadna-montiel-reafirma-el-compromiso-con-los-programas-sociales-en-mexico\/#primaryimage","url":"https:\/\/www.nexoinformativo.mx\/wp-content\/uploads\/2025\/02\/IMG_9775-e1738605140319.jpg","contentUrl":"https:\/\/www.nexoinformativo.mx\/wp-content\/uploads\/2025\/02\/IMG_9775-e1738605140319.jpg","width":800,"height":533},{"@type":"BreadcrumbList","@id":"https:\/\/www.nexoinformativo.mx\/index.php\/2025\/02\/03\/ariadna-montiel-reafirma-el-compromiso-con-los-programas-sociales-en-mexico\/#breadcrumb","itemListElement":[{"@type":"ListItem","position":1,"name":"Inicio","item":"https:\/\/www.nexoinformativo.mx\/"},{"@type":"ListItem","position":2,"name":"Ariadna Montiel reafirma el compromiso con los programas sociales en M\u00e9xico"}]},{"@type":"WebSite","@id":"https:\/\/www.nexoinformativo.mx\/#website","url":"https:\/\/www.nexoinformativo.mx\/","name":"Nexo Informativo Santiago de Quer\u00e9taro","description":"Explora NexoInformativo y convi\u00e9rtete en parte de una comunidad que valora el conocimiento y la verdad. Tu nexoinformativo es tu puente hacia una comprensi\u00f3n m\u00e1s profunda del mundo que te rodea.","publisher":{"@id":"https:\/\/www.nexoinformativo.mx\/#organization"},"potentialAction":[{"@type":"SearchAction","target":{"@type":"EntryPoint","urlTemplate":"https:\/\/www.nexoinformativo.mx\/?s={search_term_string}"},"query-input":{"@type":"PropertyValueSpecification","valueRequired":true,"valueName":"search_term_string"}}],"inLanguage":"es"},{"@type":"Organization","@id":"https:\/\/www.nexoinformativo.mx\/#organization","name":"Nexo Informativo Santiago de Quer\u00e9taro","url":"https:\/\/www.nexoinformativo.mx\/","logo":{"@type":"ImageObject","inLanguage":"es","@id":"https:\/\/www.nexoinformativo.mx\/#\/schema\/logo\/image\/","url":"https:\/\/www.nexoinformativo.mx\/wp-content\/uploads\/2024\/07\/nexoi-trasparente-2.png","contentUrl":"https:\/\/www.nexoinformativo.mx\/wp-content\/uploads\/2024\/07\/nexoi-trasparente-2.png","width":816,"height":339,"caption":"Nexo Informativo Santiago de Quer\u00e9taro"},"image":{"@id":"https:\/\/www.nexoinformativo.mx\/#\/schema\/logo\/image\/"},"sameAs":["https:\/\/www.facebook.com\/people\/Nexo-Informativo\/61564066885511\/"]},{"@type":"Person","@id":"https:\/\/www.nexoinformativo.mx\/#\/schema\/person\/7749d380ba08c8ca00d7bc76fd907b7d","name":"Nexo Informativo","image":{"@type":"ImageObject","inLanguage":"es","@id":"https:\/\/www.nexoinformativo.mx\/#\/schema\/person\/image\/","url":"https:\/\/secure.gravatar.com\/avatar\/dde2928154642a13d95f87ddf1ea9718fe2b46760a005c53e41ff5ad610704e6?s=96&d=mm&r=g","contentUrl":"https:\/\/secure.gravatar.com\/avatar\/dde2928154642a13d95f87ddf1ea9718fe2b46760a005c53e41ff5ad610704e6?s=96&d=mm&r=g","caption":"Nexo Informativo"},"url":"https:\/\/www.nexoinformativo.mx\/index.php\/author\/edicion\/"}]}},"_links":{"self":[{"href":"https:\/\/www.nexoinformativo.mx\/index.php\/wp-json\/wp\/v2\/posts\/11102","targetHints":{"allow":["GET"]}}],"collection":[{"href":"https:\/\/www.nexoinformativo.mx\/index.php\/wp-json\/wp\/v2\/posts"}],"about":[{"href":"https:\/\/www.nexoinformativo.mx\/index.php\/wp-json\/wp\/v2\/types\/post"}],"author":[{"embeddable":true,"href":"https:\/\/www.nexoinformativo.mx\/index.php\/wp-json\/wp\/v2\/users\/3"}],"replies":[{"embeddable":true,"href":"https:\/\/www.nexoinformativo.mx\/index.php\/wp-json\/wp\/v2\/comments?post=11102"}],"version-history":[{"count":4,"href":"https:\/\/www.nexoinformativo.mx\/index.php\/wp-json\/wp\/v2\/posts\/11102\/revisions"}],"predecessor-version":[{"id":11107,"href":"https:\/\/www.nexoinformativo.mx\/index.php\/wp-json\/wp\/v2\/posts\/11102\/revisions\/11107"}],"wp:featuredmedia":[{"embeddable":true,"href":"https:\/\/www.nexoinformativo.mx\/index.php\/wp-json\/wp\/v2\/media\/11106"}],"wp:attachment":[{"href":"https:\/\/www.nexoinformativo.mx\/index.php\/wp-json\/wp\/v2\/media?parent=11102"}],"wp:term":[{"taxonomy":"category","embeddable":true,"href":"https:\/\/www.nexoinformativo.mx\/index.php\/wp-json\/wp\/v2\/categories?post=11102"},{"taxonomy":"post_tag","embeddable":true,"href":"https:\/\/www.nexoinformativo.mx\/index.php\/wp-json\/wp\/v2\/tags?post=11102"}],"curies":[{"name":"wp","href":"https:\/\/api.w.org\/{rel}","templated":true}]}}