{"id":11108,"date":"2025-02-03T06:30:32","date_gmt":"2025-02-03T12:30:32","guid":{"rendered":"https:\/\/www.nexoinformativo.mx\/?p=11108"},"modified":"2025-02-03T11:59:32","modified_gmt":"2025-02-03T17:59:32","slug":"ampliar-la-educacion-superior-para-impulsar-a-mexico-entre-las-10-primeras-economias-dice-mario-delgado","status":"publish","type":"post","link":"https:\/\/www.nexoinformativo.mx\/index.php\/2025\/02\/03\/ampliar-la-educacion-superior-para-impulsar-a-mexico-entre-las-10-primeras-economias-dice-mario-delgado\/","title":{"rendered":"Ampliar la Educaci\u00f3n Superior para impulsar a M\u00e9xico entre las 10 Primeras Econom\u00edas dice Mario Delgado"},"content":{"rendered":"<p style=\"text-align: justify;\">El secretario de Educaci\u00f3n P\u00fablica, Mario Delgado, destac\u00f3 la importancia de ampliar la cobertura en Educaci\u00f3n Superior para que M\u00e9xico se convierta en una de las 10 primeras econom\u00edas del mundo.<\/p>\n<\/p>\n<p>&nbsp;<\/p>\n<p style=\"text-align: justify;\">Durante la Toma de Protesta de Christian Jorge Torres Ortiz como rector de la Universidad de Colima, Delgado Carrillo resalt\u00f3 las acciones del Gobierno de M\u00e9xico para impulsar el desarrollo de la entidad y la ampliaci\u00f3n del Puerto de Colima.<\/p>\n<\/p>\n<p>&nbsp;<\/p>\n<p style=\"text-align: justify;\">Delgado inform\u00f3 que la presidenta Claudia Sheinbaum ha presentado un plan para ampliar en, por lo menos, 330 mil lugares nuevos en instituciones como <strong>la Universidad Nacional Rosario Castellanos, la Universidad de la Salud, el Polit\u00e9cnico Nacional, el Tecnol\u00f3gico Nacional de M\u00e9xico y las Universidades del Bienestar Benito Ju\u00e1rez.<\/strong><\/p>\n<\/p>\n<p>&nbsp;<\/p>\n<p style=\"text-align: justify;\">El titular de la SEP anunci\u00f3 que se trabaja con la Asociaci\u00f3n de Universidades e Instituciones de Educaci\u00f3n Superior (ANUIES) para aumentar la cobertura en carreras que aseguren la vinculaci\u00f3n exitosa de los j\u00f3venes a la econom\u00eda.<\/p>\n<\/p>\n<p>&nbsp;<\/p>\n<p style=\"text-align: justify;\">Adem\u00e1s, destac\u00f3 que M\u00e9xico se dirige hacia un futuro en el que la educaci\u00f3n ser\u00e1 el cimiento de la transformaci\u00f3n, la econom\u00eda y el desarrollo incluyente.<\/p>\n<\/p>\n<p>&nbsp;<\/p>\n<p style=\"text-align: justify;\">Subray\u00f3 que la Universidad de Colima se adapta a la nueva era digital y present\u00f3 un protocolo para el uso responsable de la Inteligencia Artificial (IA) generativa, estableciendo lineamientos \u00e9ticos y pedag\u00f3gicos para aprovechar su potencial sin comprometer los valores fundamentales del aprendizaje y la investigaci\u00f3n.<\/p>\n<\/p>\n<p>&nbsp;<\/p>\n<p style=\"text-align: justify;\">El secretario de Gobierno del estado, Alberto Eloy Garc\u00eda, coment\u00f3 que mantendr\u00e1n una estrecha colaboraci\u00f3n con la universidad bajo el respeto de su autonom\u00eda, entregando los recursos econ\u00f3micos de manera oportuna en beneficio de los trabajadores universitarios.<\/p>\n<\/p>\n<p>&nbsp;<\/p>\n<p style=\"text-align: center;\"><em><strong>\u00a1Informaci\u00f3n que transforma!<\/strong><\/em><\/p>\n","protected":false},"excerpt":{"rendered":"<p>El secretario de Educaci\u00f3n P\u00fablica, Mario Delgado, destac\u00f3 la importancia de ampliar la cobertura en Educaci\u00f3n Superior para que M\u00e9xico se convierta en una de las 10 primeras econom\u00edas del mundo.<\/p>\n","protected":false},"author":3,"featured_media":11110,"comment_status":"open","ping_status":"open","sticky":false,"template":"","format":"standard","meta":{"footnotes":""},"categories":[88,58],"tags":[967,1163,2838,3328],"class_list":["post-11108","post","type-post","status-publish","format-standard","has-post-thumbnail","hentry","category-nacional","category-ultima-hora","tag-claudiasheinbaum","tag-educacionsuperior","tag-mariodelgado","tag-universidaddecolima"],"yoast_head":"<!-- This site is optimized with the Yoast SEO plugin v25.0 - https:\/\/yoast.com\/wordpress\/plugins\/seo\/ -->\n<title>Ampliar la Educaci\u00f3n Superior para impulsar a M\u00e9xico entre las 10 Primeras Econom\u00edas dice Mario Delgado | Nexo Informativo Santiago de Quer\u00e9taro<\/title>\n<meta name=\"description\" content=\"Ampliar la Educaci\u00f3n Superior para impulsar a M\u00e9xico entre las 10 Primeras Econom\u00edas dice Mario Delgado\" \/>\n<meta name=\"robots\" content=\"index, follow, max-snippet:-1, max-image-preview:large, max-video-preview:-1\" \/>\n<link rel=\"canonical\" href=\"https:\/\/www.nexoinformativo.mx\/index.php\/2025\/02\/03\/ampliar-la-educacion-superior-para-impulsar-a-mexico-entre-las-10-primeras-economias-dice-mario-delgado\/\" \/>\n<meta property=\"og:locale\" content=\"es_MX\" \/>\n<meta property=\"og:type\" content=\"article\" \/>\n<meta property=\"og:title\" content=\"Ampliar la Educaci\u00f3n Superior para impulsar a M\u00e9xico entre las 10 Primeras Econom\u00edas dice Mario Delgado | Nexo Informativo Santiago de Quer\u00e9taro\" \/>\n<meta property=\"og:description\" content=\"Ampliar la Educaci\u00f3n Superior para impulsar a M\u00e9xico entre las 10 Primeras Econom\u00edas dice Mario Delgado\" \/>\n<meta property=\"og:url\" content=\"https:\/\/www.nexoinformativo.mx\/index.php\/2025\/02\/03\/ampliar-la-educacion-superior-para-impulsar-a-mexico-entre-las-10-primeras-economias-dice-mario-delgado\/\" \/>\n<meta property=\"og:site_name\" content=\"Nexo Informativo Santiago de Quer\u00e9taro\" \/>\n<meta property=\"article:publisher\" content=\"https:\/\/www.facebook.com\/people\/Nexo-Informativo\/61564066885511\/\" \/>\n<meta property=\"article:published_time\" content=\"2025-02-03T12:30:32+00:00\" \/>\n<meta property=\"article:modified_time\" content=\"2025-02-03T17:59:32+00:00\" \/>\n<meta property=\"og:image\" content=\"https:\/\/www.nexoinformativo.mx\/wp-content\/uploads\/2025\/02\/IMG_9776.jpg\" \/>\n\t<meta property=\"og:image:width\" content=\"650\" \/>\n\t<meta property=\"og:image:height\" content=\"380\" \/>\n\t<meta property=\"og:image:type\" content=\"image\/jpeg\" \/>\n<meta name=\"author\" content=\"Nexo Informativo\" \/>\n<meta name=\"twitter:card\" content=\"summary_large_image\" \/>\n<meta name=\"twitter:label1\" content=\"Escrito por\" \/>\n\t<meta name=\"twitter:data1\" content=\"Nexo Informativo\" \/>\n\t<meta name=\"twitter:label2\" content=\"Tiempo de lectura\" \/>\n\t<meta name=\"twitter:data2\" content=\"2 minutos\" \/>\n<script type=\"application\/ld+json\" class=\"yoast-schema-graph\">{\"@context\":\"https:\/\/schema.org\",\"@graph\":[{\"@type\":\"Article\",\"@id\":\"https:\/\/www.nexoinformativo.mx\/index.php\/2025\/02\/03\/ampliar-la-educacion-superior-para-impulsar-a-mexico-entre-las-10-primeras-economias-dice-mario-delgado\/#article\",\"isPartOf\":{\"@id\":\"https:\/\/www.nexoinformativo.mx\/index.php\/2025\/02\/03\/ampliar-la-educacion-superior-para-impulsar-a-mexico-entre-las-10-primeras-economias-dice-mario-delgado\/\"},\"author\":{\"name\":\"Nexo Informativo\",\"@id\":\"https:\/\/www.nexoinformativo.mx\/#\/schema\/person\/7749d380ba08c8ca00d7bc76fd907b7d\"},\"headline\":\"Ampliar la Educaci\u00f3n Superior para impulsar a M\u00e9xico entre las 10 Primeras Econom\u00edas dice Mario Delgado\",\"datePublished\":\"2025-02-03T12:30:32+00:00\",\"dateModified\":\"2025-02-03T17:59:32+00:00\",\"mainEntityOfPage\":{\"@id\":\"https:\/\/www.nexoinformativo.mx\/index.php\/2025\/02\/03\/ampliar-la-educacion-superior-para-impulsar-a-mexico-entre-las-10-primeras-economias-dice-mario-delgado\/\"},\"wordCount\":321,\"commentCount\":0,\"publisher\":{\"@id\":\"https:\/\/www.nexoinformativo.mx\/#organization\"},\"image\":{\"@id\":\"https:\/\/www.nexoinformativo.mx\/index.php\/2025\/02\/03\/ampliar-la-educacion-superior-para-impulsar-a-mexico-entre-las-10-primeras-economias-dice-mario-delgado\/#primaryimage\"},\"thumbnailUrl\":\"https:\/\/www.nexoinformativo.mx\/wp-content\/uploads\/2025\/02\/IMG_9776.jpg\",\"keywords\":[\"ClaudiaSheinbaum\",\"Educaci\u00f3nSuperior\",\"MarioDelgado\",\"UniversidadDeColima\"],\"articleSection\":[\"Nacional\",\"\u00daltima Hora\"],\"inLanguage\":\"es\",\"potentialAction\":[{\"@type\":\"CommentAction\",\"name\":\"Comment\",\"target\":[\"https:\/\/www.nexoinformativo.mx\/index.php\/2025\/02\/03\/ampliar-la-educacion-superior-para-impulsar-a-mexico-entre-las-10-primeras-economias-dice-mario-delgado\/#respond\"]}]},{\"@type\":\"WebPage\",\"@id\":\"https:\/\/www.nexoinformativo.mx\/index.php\/2025\/02\/03\/ampliar-la-educacion-superior-para-impulsar-a-mexico-entre-las-10-primeras-economias-dice-mario-delgado\/\",\"url\":\"https:\/\/www.nexoinformativo.mx\/index.php\/2025\/02\/03\/ampliar-la-educacion-superior-para-impulsar-a-mexico-entre-las-10-primeras-economias-dice-mario-delgado\/\",\"name\":\"Ampliar la Educaci\u00f3n Superior para impulsar a M\u00e9xico entre las 10 Primeras Econom\u00edas dice Mario Delgado | Nexo Informativo Santiago de Quer\u00e9taro\",\"isPartOf\":{\"@id\":\"https:\/\/www.nexoinformativo.mx\/#website\"},\"primaryImageOfPage\":{\"@id\":\"https:\/\/www.nexoinformativo.mx\/index.php\/2025\/02\/03\/ampliar-la-educacion-superior-para-impulsar-a-mexico-entre-las-10-primeras-economias-dice-mario-delgado\/#primaryimage\"},\"image\":{\"@id\":\"https:\/\/www.nexoinformativo.mx\/index.php\/2025\/02\/03\/ampliar-la-educacion-superior-para-impulsar-a-mexico-entre-las-10-primeras-economias-dice-mario-delgado\/#primaryimage\"},\"thumbnailUrl\":\"https:\/\/www.nexoinformativo.mx\/wp-content\/uploads\/2025\/02\/IMG_9776.jpg\",\"datePublished\":\"2025-02-03T12:30:32+00:00\",\"dateModified\":\"2025-02-03T17:59:32+00:00\",\"description\":\"Ampliar la Educaci\u00f3n Superior para impulsar a M\u00e9xico entre las 10 Primeras Econom\u00edas dice Mario Delgado\",\"breadcrumb\":{\"@id\":\"https:\/\/www.nexoinformativo.mx\/index.php\/2025\/02\/03\/ampliar-la-educacion-superior-para-impulsar-a-mexico-entre-las-10-primeras-economias-dice-mario-delgado\/#breadcrumb\"},\"inLanguage\":\"es\",\"potentialAction\":[{\"@type\":\"ReadAction\",\"target\":[\"https:\/\/www.nexoinformativo.mx\/index.php\/2025\/02\/03\/ampliar-la-educacion-superior-para-impulsar-a-mexico-entre-las-10-primeras-economias-dice-mario-delgado\/\"]}]},{\"@type\":\"ImageObject\",\"inLanguage\":\"es\",\"@id\":\"https:\/\/www.nexoinformativo.mx\/index.php\/2025\/02\/03\/ampliar-la-educacion-superior-para-impulsar-a-mexico-entre-las-10-primeras-economias-dice-mario-delgado\/#primaryimage\",\"url\":\"https:\/\/www.nexoinformativo.mx\/wp-content\/uploads\/2025\/02\/IMG_9776.jpg\",\"contentUrl\":\"https:\/\/www.nexoinformativo.mx\/wp-content\/uploads\/2025\/02\/IMG_9776.jpg\",\"width\":650,\"height\":380},{\"@type\":\"BreadcrumbList\",\"@id\":\"https:\/\/www.nexoinformativo.mx\/index.php\/2025\/02\/03\/ampliar-la-educacion-superior-para-impulsar-a-mexico-entre-las-10-primeras-economias-dice-mario-delgado\/#breadcrumb\",\"itemListElement\":[{\"@type\":\"ListItem\",\"position\":1,\"name\":\"Inicio\",\"item\":\"https:\/\/www.nexoinformativo.mx\/\"},{\"@type\":\"ListItem\",\"position\":2,\"name\":\"Ampliar la Educaci\u00f3n Superior para impulsar a M\u00e9xico entre las 10 Primeras Econom\u00edas dice Mario Delgado\"}]},{\"@type\":\"WebSite\",\"@id\":\"https:\/\/www.nexoinformativo.mx\/#website\",\"url\":\"https:\/\/www.nexoinformativo.mx\/\",\"name\":\"Nexo Informativo Santiago de Quer\u00e9taro\",\"description\":\"Explora NexoInformativo y convi\u00e9rtete en parte de una comunidad que valora el conocimiento y la verdad. Tu nexoinformativo es tu puente hacia una comprensi\u00f3n m\u00e1s profunda del mundo que te rodea.\",\"publisher\":{\"@id\":\"https:\/\/www.nexoinformativo.mx\/#organization\"},\"potentialAction\":[{\"@type\":\"SearchAction\",\"target\":{\"@type\":\"EntryPoint\",\"urlTemplate\":\"https:\/\/www.nexoinformativo.mx\/?s={search_term_string}\"},\"query-input\":{\"@type\":\"PropertyValueSpecification\",\"valueRequired\":true,\"valueName\":\"search_term_string\"}}],\"inLanguage\":\"es\"},{\"@type\":\"Organization\",\"@id\":\"https:\/\/www.nexoinformativo.mx\/#organization\",\"name\":\"Nexo Informativo Santiago de Quer\u00e9taro\",\"url\":\"https:\/\/www.nexoinformativo.mx\/\",\"logo\":{\"@type\":\"ImageObject\",\"inLanguage\":\"es\",\"@id\":\"https:\/\/www.nexoinformativo.mx\/#\/schema\/logo\/image\/\",\"url\":\"https:\/\/www.nexoinformativo.mx\/wp-content\/uploads\/2024\/07\/nexoi-trasparente-2.png\",\"contentUrl\":\"https:\/\/www.nexoinformativo.mx\/wp-content\/uploads\/2024\/07\/nexoi-trasparente-2.png\",\"width\":816,\"height\":339,\"caption\":\"Nexo Informativo Santiago de Quer\u00e9taro\"},\"image\":{\"@id\":\"https:\/\/www.nexoinformativo.mx\/#\/schema\/logo\/image\/\"},\"sameAs\":[\"https:\/\/www.facebook.com\/people\/Nexo-Informativo\/61564066885511\/\"]},{\"@type\":\"Person\",\"@id\":\"https:\/\/www.nexoinformativo.mx\/#\/schema\/person\/7749d380ba08c8ca00d7bc76fd907b7d\",\"name\":\"Nexo Informativo\",\"image\":{\"@type\":\"ImageObject\",\"inLanguage\":\"es\",\"@id\":\"https:\/\/www.nexoinformativo.mx\/#\/schema\/person\/image\/\",\"url\":\"https:\/\/secure.gravatar.com\/avatar\/dde2928154642a13d95f87ddf1ea9718fe2b46760a005c53e41ff5ad610704e6?s=96&d=mm&r=g\",\"contentUrl\":\"https:\/\/secure.gravatar.com\/avatar\/dde2928154642a13d95f87ddf1ea9718fe2b46760a005c53e41ff5ad610704e6?s=96&d=mm&r=g\",\"caption\":\"Nexo Informativo\"},\"url\":\"https:\/\/www.nexoinformativo.mx\/index.php\/author\/edicion\/\"}]}<\/script>\n<!-- \/ Yoast SEO plugin. -->","yoast_head_json":{"title":"Ampliar la Educaci\u00f3n Superior para impulsar a M\u00e9xico entre las 10 Primeras Econom\u00edas dice Mario Delgado | Nexo Informativo Santiago de Quer\u00e9taro","description":"Ampliar la Educaci\u00f3n Superior para impulsar a M\u00e9xico entre las 10 Primeras Econom\u00edas dice Mario Delgado","robots":{"index":"index","follow":"follow","max-snippet":"max-snippet:-1","max-image-preview":"max-image-preview:large","max-video-preview":"max-video-preview:-1"},"canonical":"https:\/\/www.nexoinformativo.mx\/index.php\/2025\/02\/03\/ampliar-la-educacion-superior-para-impulsar-a-mexico-entre-las-10-primeras-economias-dice-mario-delgado\/","og_locale":"es_MX","og_type":"article","og_title":"Ampliar la Educaci\u00f3n Superior para impulsar a M\u00e9xico entre las 10 Primeras Econom\u00edas dice Mario Delgado | Nexo Informativo Santiago de Quer\u00e9taro","og_description":"Ampliar la Educaci\u00f3n Superior para impulsar a M\u00e9xico entre las 10 Primeras Econom\u00edas dice Mario Delgado","og_url":"https:\/\/www.nexoinformativo.mx\/index.php\/2025\/02\/03\/ampliar-la-educacion-superior-para-impulsar-a-mexico-entre-las-10-primeras-economias-dice-mario-delgado\/","og_site_name":"Nexo Informativo Santiago de Quer\u00e9taro","article_publisher":"https:\/\/www.facebook.com\/people\/Nexo-Informativo\/61564066885511\/","article_published_time":"2025-02-03T12:30:32+00:00","article_modified_time":"2025-02-03T17:59:32+00:00","og_image":[{"width":650,"height":380,"url":"https:\/\/www.nexoinformativo.mx\/wp-content\/uploads\/2025\/02\/IMG_9776.jpg","type":"image\/jpeg"}],"author":"Nexo Informativo","twitter_card":"summary_large_image","twitter_misc":{"Escrito por":"Nexo Informativo","Tiempo de lectura":"2 minutos"},"schema":{"@context":"https:\/\/schema.org","@graph":[{"@type":"Article","@id":"https:\/\/www.nexoinformativo.mx\/index.php\/2025\/02\/03\/ampliar-la-educacion-superior-para-impulsar-a-mexico-entre-las-10-primeras-economias-dice-mario-delgado\/#article","isPartOf":{"@id":"https:\/\/www.nexoinformativo.mx\/index.php\/2025\/02\/03\/ampliar-la-educacion-superior-para-impulsar-a-mexico-entre-las-10-primeras-economias-dice-mario-delgado\/"},"author":{"name":"Nexo Informativo","@id":"https:\/\/www.nexoinformativo.mx\/#\/schema\/person\/7749d380ba08c8ca00d7bc76fd907b7d"},"headline":"Ampliar la Educaci\u00f3n Superior para impulsar a M\u00e9xico entre las 10 Primeras Econom\u00edas dice Mario Delgado","datePublished":"2025-02-03T12:30:32+00:00","dateModified":"2025-02-03T17:59:32+00:00","mainEntityOfPage":{"@id":"https:\/\/www.nexoinformativo.mx\/index.php\/2025\/02\/03\/ampliar-la-educacion-superior-para-impulsar-a-mexico-entre-las-10-primeras-economias-dice-mario-delgado\/"},"wordCount":321,"commentCount":0,"publisher":{"@id":"https:\/\/www.nexoinformativo.mx\/#organization"},"image":{"@id":"https:\/\/www.nexoinformativo.mx\/index.php\/2025\/02\/03\/ampliar-la-educacion-superior-para-impulsar-a-mexico-entre-las-10-primeras-economias-dice-mario-delgado\/#primaryimage"},"thumbnailUrl":"https:\/\/www.nexoinformativo.mx\/wp-content\/uploads\/2025\/02\/IMG_9776.jpg","keywords":["ClaudiaSheinbaum","Educaci\u00f3nSuperior","MarioDelgado","UniversidadDeColima"],"articleSection":["Nacional","\u00daltima Hora"],"inLanguage":"es","potentialAction":[{"@type":"CommentAction","name":"Comment","target":["https:\/\/www.nexoinformativo.mx\/index.php\/2025\/02\/03\/ampliar-la-educacion-superior-para-impulsar-a-mexico-entre-las-10-primeras-economias-dice-mario-delgado\/#respond"]}]},{"@type":"WebPage","@id":"https:\/\/www.nexoinformativo.mx\/index.php\/2025\/02\/03\/ampliar-la-educacion-superior-para-impulsar-a-mexico-entre-las-10-primeras-economias-dice-mario-delgado\/","url":"https:\/\/www.nexoinformativo.mx\/index.php\/2025\/02\/03\/ampliar-la-educacion-superior-para-impulsar-a-mexico-entre-las-10-primeras-economias-dice-mario-delgado\/","name":"Ampliar la Educaci\u00f3n Superior para impulsar a M\u00e9xico entre las 10 Primeras Econom\u00edas dice Mario Delgado | Nexo Informativo Santiago de Quer\u00e9taro","isPartOf":{"@id":"https:\/\/www.nexoinformativo.mx\/#website"},"primaryImageOfPage":{"@id":"https:\/\/www.nexoinformativo.mx\/index.php\/2025\/02\/03\/ampliar-la-educacion-superior-para-impulsar-a-mexico-entre-las-10-primeras-economias-dice-mario-delgado\/#primaryimage"},"image":{"@id":"https:\/\/www.nexoinformativo.mx\/index.php\/2025\/02\/03\/ampliar-la-educacion-superior-para-impulsar-a-mexico-entre-las-10-primeras-economias-dice-mario-delgado\/#primaryimage"},"thumbnailUrl":"https:\/\/www.nexoinformativo.mx\/wp-content\/uploads\/2025\/02\/IMG_9776.jpg","datePublished":"2025-02-03T12:30:32+00:00","dateModified":"2025-02-03T17:59:32+00:00","description":"Ampliar la Educaci\u00f3n Superior para impulsar a M\u00e9xico entre las 10 Primeras Econom\u00edas dice Mario Delgado","breadcrumb":{"@id":"https:\/\/www.nexoinformativo.mx\/index.php\/2025\/02\/03\/ampliar-la-educacion-superior-para-impulsar-a-mexico-entre-las-10-primeras-economias-dice-mario-delgado\/#breadcrumb"},"inLanguage":"es","potentialAction":[{"@type":"ReadAction","target":["https:\/\/www.nexoinformativo.mx\/index.php\/2025\/02\/03\/ampliar-la-educacion-superior-para-impulsar-a-mexico-entre-las-10-primeras-economias-dice-mario-delgado\/"]}]},{"@type":"ImageObject","inLanguage":"es","@id":"https:\/\/www.nexoinformativo.mx\/index.php\/2025\/02\/03\/ampliar-la-educacion-superior-para-impulsar-a-mexico-entre-las-10-primeras-economias-dice-mario-delgado\/#primaryimage","url":"https:\/\/www.nexoinformativo.mx\/wp-content\/uploads\/2025\/02\/IMG_9776.jpg","contentUrl":"https:\/\/www.nexoinformativo.mx\/wp-content\/uploads\/2025\/02\/IMG_9776.jpg","width":650,"height":380},{"@type":"BreadcrumbList","@id":"https:\/\/www.nexoinformativo.mx\/index.php\/2025\/02\/03\/ampliar-la-educacion-superior-para-impulsar-a-mexico-entre-las-10-primeras-economias-dice-mario-delgado\/#breadcrumb","itemListElement":[{"@type":"ListItem","position":1,"name":"Inicio","item":"https:\/\/www.nexoinformativo.mx\/"},{"@type":"ListItem","position":2,"name":"Ampliar la Educaci\u00f3n Superior para impulsar a M\u00e9xico entre las 10 Primeras Econom\u00edas dice Mario Delgado"}]},{"@type":"WebSite","@id":"https:\/\/www.nexoinformativo.mx\/#website","url":"https:\/\/www.nexoinformativo.mx\/","name":"Nexo Informativo Santiago de Quer\u00e9taro","description":"Explora NexoInformativo y convi\u00e9rtete en parte de una comunidad que valora el conocimiento y la verdad. Tu nexoinformativo es tu puente hacia una comprensi\u00f3n m\u00e1s profunda del mundo que te rodea.","publisher":{"@id":"https:\/\/www.nexoinformativo.mx\/#organization"},"potentialAction":[{"@type":"SearchAction","target":{"@type":"EntryPoint","urlTemplate":"https:\/\/www.nexoinformativo.mx\/?s={search_term_string}"},"query-input":{"@type":"PropertyValueSpecification","valueRequired":true,"valueName":"search_term_string"}}],"inLanguage":"es"},{"@type":"Organization","@id":"https:\/\/www.nexoinformativo.mx\/#organization","name":"Nexo Informativo Santiago de Quer\u00e9taro","url":"https:\/\/www.nexoinformativo.mx\/","logo":{"@type":"ImageObject","inLanguage":"es","@id":"https:\/\/www.nexoinformativo.mx\/#\/schema\/logo\/image\/","url":"https:\/\/www.nexoinformativo.mx\/wp-content\/uploads\/2024\/07\/nexoi-trasparente-2.png","contentUrl":"https:\/\/www.nexoinformativo.mx\/wp-content\/uploads\/2024\/07\/nexoi-trasparente-2.png","width":816,"height":339,"caption":"Nexo Informativo Santiago de Quer\u00e9taro"},"image":{"@id":"https:\/\/www.nexoinformativo.mx\/#\/schema\/logo\/image\/"},"sameAs":["https:\/\/www.facebook.com\/people\/Nexo-Informativo\/61564066885511\/"]},{"@type":"Person","@id":"https:\/\/www.nexoinformativo.mx\/#\/schema\/person\/7749d380ba08c8ca00d7bc76fd907b7d","name":"Nexo Informativo","image":{"@type":"ImageObject","inLanguage":"es","@id":"https:\/\/www.nexoinformativo.mx\/#\/schema\/person\/image\/","url":"https:\/\/secure.gravatar.com\/avatar\/dde2928154642a13d95f87ddf1ea9718fe2b46760a005c53e41ff5ad610704e6?s=96&d=mm&r=g","contentUrl":"https:\/\/secure.gravatar.com\/avatar\/dde2928154642a13d95f87ddf1ea9718fe2b46760a005c53e41ff5ad610704e6?s=96&d=mm&r=g","caption":"Nexo Informativo"},"url":"https:\/\/www.nexoinformativo.mx\/index.php\/author\/edicion\/"}]}},"_links":{"self":[{"href":"https:\/\/www.nexoinformativo.mx\/index.php\/wp-json\/wp\/v2\/posts\/11108","targetHints":{"allow":["GET"]}}],"collection":[{"href":"https:\/\/www.nexoinformativo.mx\/index.php\/wp-json\/wp\/v2\/posts"}],"about":[{"href":"https:\/\/www.nexoinformativo.mx\/index.php\/wp-json\/wp\/v2\/types\/post"}],"author":[{"embeddable":true,"href":"https:\/\/www.nexoinformativo.mx\/index.php\/wp-json\/wp\/v2\/users\/3"}],"replies":[{"embeddable":true,"href":"https:\/\/www.nexoinformativo.mx\/index.php\/wp-json\/wp\/v2\/comments?post=11108"}],"version-history":[{"count":3,"href":"https:\/\/www.nexoinformativo.mx\/index.php\/wp-json\/wp\/v2\/posts\/11108\/revisions"}],"predecessor-version":[{"id":11113,"href":"https:\/\/www.nexoinformativo.mx\/index.php\/wp-json\/wp\/v2\/posts\/11108\/revisions\/11113"}],"wp:featuredmedia":[{"embeddable":true,"href":"https:\/\/www.nexoinformativo.mx\/index.php\/wp-json\/wp\/v2\/media\/11110"}],"wp:attachment":[{"href":"https:\/\/www.nexoinformativo.mx\/index.php\/wp-json\/wp\/v2\/media?parent=11108"}],"wp:term":[{"taxonomy":"category","embeddable":true,"href":"https:\/\/www.nexoinformativo.mx\/index.php\/wp-json\/wp\/v2\/categories?post=11108"},{"taxonomy":"post_tag","embeddable":true,"href":"https:\/\/www.nexoinformativo.mx\/index.php\/wp-json\/wp\/v2\/tags?post=11108"}],"curies":[{"name":"wp","href":"https:\/\/api.w.org\/{rel}","templated":true}]}}