{"id":11114,"date":"2025-02-03T07:00:38","date_gmt":"2025-02-03T13:00:38","guid":{"rendered":"https:\/\/www.nexoinformativo.mx\/?p=11114"},"modified":"2025-02-03T12:04:09","modified_gmt":"2025-02-03T18:04:09","slug":"mexico-reanuda-exportaciones-de-ganado-a-estados-unidos-un-paso-hacia-la-reactivacion-economica","status":"publish","type":"post","link":"https:\/\/www.nexoinformativo.mx\/index.php\/2025\/02\/03\/mexico-reanuda-exportaciones-de-ganado-a-estados-unidos-un-paso-hacia-la-reactivacion-economica\/","title":{"rendered":"M\u00e9xico reanuda exportaciones de ganado a Estados Unidos un paso hacia la reactivaci\u00f3n econ\u00f3mica"},"content":{"rendered":"<p style=\"text-align: justify;\" data-sourcepos=\"11:1-11:343\">El gobierno de M\u00e9xico anunci\u00f3 una importante noticia para el sector ganadero: se ha reanudado la exportaci\u00f3n de ganado en pie a Estados Unidos.<\/p>\n<p>&nbsp;<\/p>\n<p style=\"text-align: justify;\" data-sourcepos=\"11:1-11:343\">Esta decisi\u00f3n, fruto de la colaboraci\u00f3n entre ambos pa\u00edses, representa un impulso significativo para la econom\u00eda mexicana y fortalece los lazos comerciales bilaterales.<\/p>\n<p>&nbsp;<\/p>\n<p style=\"text-align: justify;\" data-sourcepos=\"13:1-13:341\">Gracias a la firma de dos memorandos de entendimiento entre el Servicio de Inspecci\u00f3n Sanitaria de Animales y Plantas de Estados Unidos (APHIS) y la Secretar\u00eda de Agricultura y Desarrollo Rural de M\u00e9xico, se han habilitado las estaciones cuarentenarias de San Jer\u00f3nimo, en Chihuahua, y Agua Prieta, en Sonora, para el cruce de ganado bovino.<\/p>\n<p>&nbsp;<\/p>\n<p style=\"text-align: justify;\" data-sourcepos=\"15:1-15:319\">Esta reactivaci\u00f3n de las exportaciones de ganado en pie es el resultado de un trabajo conjunto entre ambos pa\u00edses, con el objetivo de garantizar la seguridad sanitaria y la calidad de los productos c\u00e1rnicos. La medida permitir\u00e1 a los productores mexicanos acceder a un mercado m\u00e1s amplio y fortalecer la econom\u00eda local.<\/p>\n<p>&nbsp;<\/p>\n<p style=\"text-align: justify;\" data-sourcepos=\"17:1-17:194\">La reanudaci\u00f3n de las exportaciones de ganado representa una muestra de confianza en las medidas sanitarias implementadas por M\u00e9xico y abre nuevas oportunidades para el sector ganadero mexicano.<\/p>\n<p>&nbsp;<\/p>\n<p style=\"text-align: center;\" data-sourcepos=\"17:1-17:194\"><em><strong>\u00a1Informaci\u00f3n que transforma!<\/strong><\/em><\/p>\n","protected":false},"excerpt":{"rendered":"<p>El gobierno de M\u00e9xico anunci\u00f3 una importante noticia para el sector ganadero: se ha reanudado la exportaci\u00f3n de ganado en pie a Estados Unidos.<\/p>\n","protected":false},"author":3,"featured_media":11118,"comment_status":"open","ping_status":"open","sticky":false,"template":"","format":"standard","meta":{"footnotes":""},"categories":[5,88,58],"tags":[1517,1725,3329,1610],"class_list":["post-11114","post","type-post","status-publish","format-standard","has-post-thumbnail","hentry","category-economia","category-nacional","category-ultima-hora","tag-estadosunidos","tag-exportaciones","tag-ganado","tag-mexico"],"yoast_head":"<!-- This site is optimized with the Yoast SEO plugin v25.0 - https:\/\/yoast.com\/wordpress\/plugins\/seo\/ -->\n<title>M\u00e9xico reanuda exportaciones de ganado a Estados Unidos un paso hacia la reactivaci\u00f3n econ\u00f3mica | Nexo Informativo Santiago de Quer\u00e9taro<\/title>\n<meta name=\"description\" content=\"M\u00e9xico reanuda exportaciones de ganado a Estados Unidos un paso hacia la reactivaci\u00f3n econ\u00f3mica\" \/>\n<meta name=\"robots\" content=\"index, follow, max-snippet:-1, max-image-preview:large, max-video-preview:-1\" \/>\n<link rel=\"canonical\" href=\"https:\/\/www.nexoinformativo.mx\/index.php\/2025\/02\/03\/mexico-reanuda-exportaciones-de-ganado-a-estados-unidos-un-paso-hacia-la-reactivacion-economica\/\" \/>\n<meta property=\"og:locale\" content=\"es_MX\" \/>\n<meta property=\"og:type\" content=\"article\" \/>\n<meta property=\"og:title\" content=\"M\u00e9xico reanuda exportaciones de ganado a Estados Unidos un paso hacia la reactivaci\u00f3n econ\u00f3mica | Nexo Informativo Santiago de Quer\u00e9taro\" \/>\n<meta property=\"og:description\" content=\"M\u00e9xico reanuda exportaciones de ganado a Estados Unidos un paso hacia la reactivaci\u00f3n econ\u00f3mica\" \/>\n<meta property=\"og:url\" content=\"https:\/\/www.nexoinformativo.mx\/index.php\/2025\/02\/03\/mexico-reanuda-exportaciones-de-ganado-a-estados-unidos-un-paso-hacia-la-reactivacion-economica\/\" \/>\n<meta property=\"og:site_name\" content=\"Nexo Informativo Santiago de Quer\u00e9taro\" \/>\n<meta property=\"article:publisher\" content=\"https:\/\/www.facebook.com\/people\/Nexo-Informativo\/61564066885511\/\" \/>\n<meta property=\"article:published_time\" content=\"2025-02-03T13:00:38+00:00\" \/>\n<meta property=\"article:modified_time\" content=\"2025-02-03T18:04:09+00:00\" \/>\n<meta property=\"og:image\" content=\"https:\/\/www.nexoinformativo.mx\/wp-content\/uploads\/2025\/02\/IMG_9777.jpg\" \/>\n\t<meta property=\"og:image:width\" content=\"650\" \/>\n\t<meta property=\"og:image:height\" content=\"380\" \/>\n\t<meta property=\"og:image:type\" content=\"image\/jpeg\" \/>\n<meta name=\"author\" content=\"Nexo Informativo\" \/>\n<meta name=\"twitter:card\" content=\"summary_large_image\" \/>\n<meta name=\"twitter:label1\" content=\"Escrito por\" \/>\n\t<meta name=\"twitter:data1\" content=\"Nexo Informativo\" \/>\n\t<meta name=\"twitter:label2\" content=\"Tiempo de lectura\" \/>\n\t<meta name=\"twitter:data2\" content=\"2 minutos\" \/>\n<script type=\"application\/ld+json\" class=\"yoast-schema-graph\">{\"@context\":\"https:\/\/schema.org\",\"@graph\":[{\"@type\":\"Article\",\"@id\":\"https:\/\/www.nexoinformativo.mx\/index.php\/2025\/02\/03\/mexico-reanuda-exportaciones-de-ganado-a-estados-unidos-un-paso-hacia-la-reactivacion-economica\/#article\",\"isPartOf\":{\"@id\":\"https:\/\/www.nexoinformativo.mx\/index.php\/2025\/02\/03\/mexico-reanuda-exportaciones-de-ganado-a-estados-unidos-un-paso-hacia-la-reactivacion-economica\/\"},\"author\":{\"name\":\"Nexo Informativo\",\"@id\":\"https:\/\/www.nexoinformativo.mx\/#\/schema\/person\/7749d380ba08c8ca00d7bc76fd907b7d\"},\"headline\":\"M\u00e9xico reanuda exportaciones de ganado a Estados Unidos un paso hacia la reactivaci\u00f3n econ\u00f3mica\",\"datePublished\":\"2025-02-03T13:00:38+00:00\",\"dateModified\":\"2025-02-03T18:04:09+00:00\",\"mainEntityOfPage\":{\"@id\":\"https:\/\/www.nexoinformativo.mx\/index.php\/2025\/02\/03\/mexico-reanuda-exportaciones-de-ganado-a-estados-unidos-un-paso-hacia-la-reactivacion-economica\/\"},\"wordCount\":225,\"commentCount\":0,\"publisher\":{\"@id\":\"https:\/\/www.nexoinformativo.mx\/#organization\"},\"image\":{\"@id\":\"https:\/\/www.nexoinformativo.mx\/index.php\/2025\/02\/03\/mexico-reanuda-exportaciones-de-ganado-a-estados-unidos-un-paso-hacia-la-reactivacion-economica\/#primaryimage\"},\"thumbnailUrl\":\"https:\/\/www.nexoinformativo.mx\/wp-content\/uploads\/2025\/02\/IMG_9777.jpg\",\"keywords\":[\"EstadosUnidos\",\"Exportaciones\",\"Ganado\",\"M\u00e9xico\"],\"articleSection\":[\"Econom\u00eda\",\"Nacional\",\"\u00daltima Hora\"],\"inLanguage\":\"es\",\"potentialAction\":[{\"@type\":\"CommentAction\",\"name\":\"Comment\",\"target\":[\"https:\/\/www.nexoinformativo.mx\/index.php\/2025\/02\/03\/mexico-reanuda-exportaciones-de-ganado-a-estados-unidos-un-paso-hacia-la-reactivacion-economica\/#respond\"]}]},{\"@type\":\"WebPage\",\"@id\":\"https:\/\/www.nexoinformativo.mx\/index.php\/2025\/02\/03\/mexico-reanuda-exportaciones-de-ganado-a-estados-unidos-un-paso-hacia-la-reactivacion-economica\/\",\"url\":\"https:\/\/www.nexoinformativo.mx\/index.php\/2025\/02\/03\/mexico-reanuda-exportaciones-de-ganado-a-estados-unidos-un-paso-hacia-la-reactivacion-economica\/\",\"name\":\"M\u00e9xico reanuda exportaciones de ganado a Estados Unidos un paso hacia la reactivaci\u00f3n econ\u00f3mica | Nexo Informativo Santiago de Quer\u00e9taro\",\"isPartOf\":{\"@id\":\"https:\/\/www.nexoinformativo.mx\/#website\"},\"primaryImageOfPage\":{\"@id\":\"https:\/\/www.nexoinformativo.mx\/index.php\/2025\/02\/03\/mexico-reanuda-exportaciones-de-ganado-a-estados-unidos-un-paso-hacia-la-reactivacion-economica\/#primaryimage\"},\"image\":{\"@id\":\"https:\/\/www.nexoinformativo.mx\/index.php\/2025\/02\/03\/mexico-reanuda-exportaciones-de-ganado-a-estados-unidos-un-paso-hacia-la-reactivacion-economica\/#primaryimage\"},\"thumbnailUrl\":\"https:\/\/www.nexoinformativo.mx\/wp-content\/uploads\/2025\/02\/IMG_9777.jpg\",\"datePublished\":\"2025-02-03T13:00:38+00:00\",\"dateModified\":\"2025-02-03T18:04:09+00:00\",\"description\":\"M\u00e9xico reanuda exportaciones de ganado a Estados Unidos un paso hacia la reactivaci\u00f3n econ\u00f3mica\",\"breadcrumb\":{\"@id\":\"https:\/\/www.nexoinformativo.mx\/index.php\/2025\/02\/03\/mexico-reanuda-exportaciones-de-ganado-a-estados-unidos-un-paso-hacia-la-reactivacion-economica\/#breadcrumb\"},\"inLanguage\":\"es\",\"potentialAction\":[{\"@type\":\"ReadAction\",\"target\":[\"https:\/\/www.nexoinformativo.mx\/index.php\/2025\/02\/03\/mexico-reanuda-exportaciones-de-ganado-a-estados-unidos-un-paso-hacia-la-reactivacion-economica\/\"]}]},{\"@type\":\"ImageObject\",\"inLanguage\":\"es\",\"@id\":\"https:\/\/www.nexoinformativo.mx\/index.php\/2025\/02\/03\/mexico-reanuda-exportaciones-de-ganado-a-estados-unidos-un-paso-hacia-la-reactivacion-economica\/#primaryimage\",\"url\":\"https:\/\/www.nexoinformativo.mx\/wp-content\/uploads\/2025\/02\/IMG_9777.jpg\",\"contentUrl\":\"https:\/\/www.nexoinformativo.mx\/wp-content\/uploads\/2025\/02\/IMG_9777.jpg\",\"width\":650,\"height\":380},{\"@type\":\"BreadcrumbList\",\"@id\":\"https:\/\/www.nexoinformativo.mx\/index.php\/2025\/02\/03\/mexico-reanuda-exportaciones-de-ganado-a-estados-unidos-un-paso-hacia-la-reactivacion-economica\/#breadcrumb\",\"itemListElement\":[{\"@type\":\"ListItem\",\"position\":1,\"name\":\"Inicio\",\"item\":\"https:\/\/www.nexoinformativo.mx\/\"},{\"@type\":\"ListItem\",\"position\":2,\"name\":\"M\u00e9xico reanuda exportaciones de ganado a Estados Unidos un paso hacia la reactivaci\u00f3n econ\u00f3mica\"}]},{\"@type\":\"WebSite\",\"@id\":\"https:\/\/www.nexoinformativo.mx\/#website\",\"url\":\"https:\/\/www.nexoinformativo.mx\/\",\"name\":\"Nexo Informativo Santiago de Quer\u00e9taro\",\"description\":\"Explora NexoInformativo y convi\u00e9rtete en parte de una comunidad que valora el conocimiento y la verdad. Tu nexoinformativo es tu puente hacia una comprensi\u00f3n m\u00e1s profunda del mundo que te rodea.\",\"publisher\":{\"@id\":\"https:\/\/www.nexoinformativo.mx\/#organization\"},\"potentialAction\":[{\"@type\":\"SearchAction\",\"target\":{\"@type\":\"EntryPoint\",\"urlTemplate\":\"https:\/\/www.nexoinformativo.mx\/?s={search_term_string}\"},\"query-input\":{\"@type\":\"PropertyValueSpecification\",\"valueRequired\":true,\"valueName\":\"search_term_string\"}}],\"inLanguage\":\"es\"},{\"@type\":\"Organization\",\"@id\":\"https:\/\/www.nexoinformativo.mx\/#organization\",\"name\":\"Nexo Informativo Santiago de Quer\u00e9taro\",\"url\":\"https:\/\/www.nexoinformativo.mx\/\",\"logo\":{\"@type\":\"ImageObject\",\"inLanguage\":\"es\",\"@id\":\"https:\/\/www.nexoinformativo.mx\/#\/schema\/logo\/image\/\",\"url\":\"https:\/\/www.nexoinformativo.mx\/wp-content\/uploads\/2024\/07\/nexoi-trasparente-2.png\",\"contentUrl\":\"https:\/\/www.nexoinformativo.mx\/wp-content\/uploads\/2024\/07\/nexoi-trasparente-2.png\",\"width\":816,\"height\":339,\"caption\":\"Nexo Informativo Santiago de Quer\u00e9taro\"},\"image\":{\"@id\":\"https:\/\/www.nexoinformativo.mx\/#\/schema\/logo\/image\/\"},\"sameAs\":[\"https:\/\/www.facebook.com\/people\/Nexo-Informativo\/61564066885511\/\"]},{\"@type\":\"Person\",\"@id\":\"https:\/\/www.nexoinformativo.mx\/#\/schema\/person\/7749d380ba08c8ca00d7bc76fd907b7d\",\"name\":\"Nexo Informativo\",\"image\":{\"@type\":\"ImageObject\",\"inLanguage\":\"es\",\"@id\":\"https:\/\/www.nexoinformativo.mx\/#\/schema\/person\/image\/\",\"url\":\"https:\/\/secure.gravatar.com\/avatar\/dde2928154642a13d95f87ddf1ea9718fe2b46760a005c53e41ff5ad610704e6?s=96&d=mm&r=g\",\"contentUrl\":\"https:\/\/secure.gravatar.com\/avatar\/dde2928154642a13d95f87ddf1ea9718fe2b46760a005c53e41ff5ad610704e6?s=96&d=mm&r=g\",\"caption\":\"Nexo Informativo\"},\"url\":\"https:\/\/www.nexoinformativo.mx\/index.php\/author\/edicion\/\"}]}<\/script>\n<!-- \/ Yoast SEO plugin. -->","yoast_head_json":{"title":"M\u00e9xico reanuda exportaciones de ganado a Estados Unidos un paso hacia la reactivaci\u00f3n econ\u00f3mica | Nexo Informativo Santiago de Quer\u00e9taro","description":"M\u00e9xico reanuda exportaciones de ganado a Estados Unidos un paso hacia la reactivaci\u00f3n econ\u00f3mica","robots":{"index":"index","follow":"follow","max-snippet":"max-snippet:-1","max-image-preview":"max-image-preview:large","max-video-preview":"max-video-preview:-1"},"canonical":"https:\/\/www.nexoinformativo.mx\/index.php\/2025\/02\/03\/mexico-reanuda-exportaciones-de-ganado-a-estados-unidos-un-paso-hacia-la-reactivacion-economica\/","og_locale":"es_MX","og_type":"article","og_title":"M\u00e9xico reanuda exportaciones de ganado a Estados Unidos un paso hacia la reactivaci\u00f3n econ\u00f3mica | Nexo Informativo Santiago de Quer\u00e9taro","og_description":"M\u00e9xico reanuda exportaciones de ganado a Estados Unidos un paso hacia la reactivaci\u00f3n econ\u00f3mica","og_url":"https:\/\/www.nexoinformativo.mx\/index.php\/2025\/02\/03\/mexico-reanuda-exportaciones-de-ganado-a-estados-unidos-un-paso-hacia-la-reactivacion-economica\/","og_site_name":"Nexo Informativo Santiago de Quer\u00e9taro","article_publisher":"https:\/\/www.facebook.com\/people\/Nexo-Informativo\/61564066885511\/","article_published_time":"2025-02-03T13:00:38+00:00","article_modified_time":"2025-02-03T18:04:09+00:00","og_image":[{"width":650,"height":380,"url":"https:\/\/www.nexoinformativo.mx\/wp-content\/uploads\/2025\/02\/IMG_9777.jpg","type":"image\/jpeg"}],"author":"Nexo Informativo","twitter_card":"summary_large_image","twitter_misc":{"Escrito por":"Nexo Informativo","Tiempo de lectura":"2 minutos"},"schema":{"@context":"https:\/\/schema.org","@graph":[{"@type":"Article","@id":"https:\/\/www.nexoinformativo.mx\/index.php\/2025\/02\/03\/mexico-reanuda-exportaciones-de-ganado-a-estados-unidos-un-paso-hacia-la-reactivacion-economica\/#article","isPartOf":{"@id":"https:\/\/www.nexoinformativo.mx\/index.php\/2025\/02\/03\/mexico-reanuda-exportaciones-de-ganado-a-estados-unidos-un-paso-hacia-la-reactivacion-economica\/"},"author":{"name":"Nexo Informativo","@id":"https:\/\/www.nexoinformativo.mx\/#\/schema\/person\/7749d380ba08c8ca00d7bc76fd907b7d"},"headline":"M\u00e9xico reanuda exportaciones de ganado a Estados Unidos un paso hacia la reactivaci\u00f3n econ\u00f3mica","datePublished":"2025-02-03T13:00:38+00:00","dateModified":"2025-02-03T18:04:09+00:00","mainEntityOfPage":{"@id":"https:\/\/www.nexoinformativo.mx\/index.php\/2025\/02\/03\/mexico-reanuda-exportaciones-de-ganado-a-estados-unidos-un-paso-hacia-la-reactivacion-economica\/"},"wordCount":225,"commentCount":0,"publisher":{"@id":"https:\/\/www.nexoinformativo.mx\/#organization"},"image":{"@id":"https:\/\/www.nexoinformativo.mx\/index.php\/2025\/02\/03\/mexico-reanuda-exportaciones-de-ganado-a-estados-unidos-un-paso-hacia-la-reactivacion-economica\/#primaryimage"},"thumbnailUrl":"https:\/\/www.nexoinformativo.mx\/wp-content\/uploads\/2025\/02\/IMG_9777.jpg","keywords":["EstadosUnidos","Exportaciones","Ganado","M\u00e9xico"],"articleSection":["Econom\u00eda","Nacional","\u00daltima Hora"],"inLanguage":"es","potentialAction":[{"@type":"CommentAction","name":"Comment","target":["https:\/\/www.nexoinformativo.mx\/index.php\/2025\/02\/03\/mexico-reanuda-exportaciones-de-ganado-a-estados-unidos-un-paso-hacia-la-reactivacion-economica\/#respond"]}]},{"@type":"WebPage","@id":"https:\/\/www.nexoinformativo.mx\/index.php\/2025\/02\/03\/mexico-reanuda-exportaciones-de-ganado-a-estados-unidos-un-paso-hacia-la-reactivacion-economica\/","url":"https:\/\/www.nexoinformativo.mx\/index.php\/2025\/02\/03\/mexico-reanuda-exportaciones-de-ganado-a-estados-unidos-un-paso-hacia-la-reactivacion-economica\/","name":"M\u00e9xico reanuda exportaciones de ganado a Estados Unidos un paso hacia la reactivaci\u00f3n econ\u00f3mica | Nexo Informativo Santiago de Quer\u00e9taro","isPartOf":{"@id":"https:\/\/www.nexoinformativo.mx\/#website"},"primaryImageOfPage":{"@id":"https:\/\/www.nexoinformativo.mx\/index.php\/2025\/02\/03\/mexico-reanuda-exportaciones-de-ganado-a-estados-unidos-un-paso-hacia-la-reactivacion-economica\/#primaryimage"},"image":{"@id":"https:\/\/www.nexoinformativo.mx\/index.php\/2025\/02\/03\/mexico-reanuda-exportaciones-de-ganado-a-estados-unidos-un-paso-hacia-la-reactivacion-economica\/#primaryimage"},"thumbnailUrl":"https:\/\/www.nexoinformativo.mx\/wp-content\/uploads\/2025\/02\/IMG_9777.jpg","datePublished":"2025-02-03T13:00:38+00:00","dateModified":"2025-02-03T18:04:09+00:00","description":"M\u00e9xico reanuda exportaciones de ganado a Estados Unidos un paso hacia la reactivaci\u00f3n econ\u00f3mica","breadcrumb":{"@id":"https:\/\/www.nexoinformativo.mx\/index.php\/2025\/02\/03\/mexico-reanuda-exportaciones-de-ganado-a-estados-unidos-un-paso-hacia-la-reactivacion-economica\/#breadcrumb"},"inLanguage":"es","potentialAction":[{"@type":"ReadAction","target":["https:\/\/www.nexoinformativo.mx\/index.php\/2025\/02\/03\/mexico-reanuda-exportaciones-de-ganado-a-estados-unidos-un-paso-hacia-la-reactivacion-economica\/"]}]},{"@type":"ImageObject","inLanguage":"es","@id":"https:\/\/www.nexoinformativo.mx\/index.php\/2025\/02\/03\/mexico-reanuda-exportaciones-de-ganado-a-estados-unidos-un-paso-hacia-la-reactivacion-economica\/#primaryimage","url":"https:\/\/www.nexoinformativo.mx\/wp-content\/uploads\/2025\/02\/IMG_9777.jpg","contentUrl":"https:\/\/www.nexoinformativo.mx\/wp-content\/uploads\/2025\/02\/IMG_9777.jpg","width":650,"height":380},{"@type":"BreadcrumbList","@id":"https:\/\/www.nexoinformativo.mx\/index.php\/2025\/02\/03\/mexico-reanuda-exportaciones-de-ganado-a-estados-unidos-un-paso-hacia-la-reactivacion-economica\/#breadcrumb","itemListElement":[{"@type":"ListItem","position":1,"name":"Inicio","item":"https:\/\/www.nexoinformativo.mx\/"},{"@type":"ListItem","position":2,"name":"M\u00e9xico reanuda exportaciones de ganado a Estados Unidos un paso hacia la reactivaci\u00f3n econ\u00f3mica"}]},{"@type":"WebSite","@id":"https:\/\/www.nexoinformativo.mx\/#website","url":"https:\/\/www.nexoinformativo.mx\/","name":"Nexo Informativo Santiago de Quer\u00e9taro","description":"Explora NexoInformativo y convi\u00e9rtete en parte de una comunidad que valora el conocimiento y la verdad. Tu nexoinformativo es tu puente hacia una comprensi\u00f3n m\u00e1s profunda del mundo que te rodea.","publisher":{"@id":"https:\/\/www.nexoinformativo.mx\/#organization"},"potentialAction":[{"@type":"SearchAction","target":{"@type":"EntryPoint","urlTemplate":"https:\/\/www.nexoinformativo.mx\/?s={search_term_string}"},"query-input":{"@type":"PropertyValueSpecification","valueRequired":true,"valueName":"search_term_string"}}],"inLanguage":"es"},{"@type":"Organization","@id":"https:\/\/www.nexoinformativo.mx\/#organization","name":"Nexo Informativo Santiago de Quer\u00e9taro","url":"https:\/\/www.nexoinformativo.mx\/","logo":{"@type":"ImageObject","inLanguage":"es","@id":"https:\/\/www.nexoinformativo.mx\/#\/schema\/logo\/image\/","url":"https:\/\/www.nexoinformativo.mx\/wp-content\/uploads\/2024\/07\/nexoi-trasparente-2.png","contentUrl":"https:\/\/www.nexoinformativo.mx\/wp-content\/uploads\/2024\/07\/nexoi-trasparente-2.png","width":816,"height":339,"caption":"Nexo Informativo Santiago de Quer\u00e9taro"},"image":{"@id":"https:\/\/www.nexoinformativo.mx\/#\/schema\/logo\/image\/"},"sameAs":["https:\/\/www.facebook.com\/people\/Nexo-Informativo\/61564066885511\/"]},{"@type":"Person","@id":"https:\/\/www.nexoinformativo.mx\/#\/schema\/person\/7749d380ba08c8ca00d7bc76fd907b7d","name":"Nexo Informativo","image":{"@type":"ImageObject","inLanguage":"es","@id":"https:\/\/www.nexoinformativo.mx\/#\/schema\/person\/image\/","url":"https:\/\/secure.gravatar.com\/avatar\/dde2928154642a13d95f87ddf1ea9718fe2b46760a005c53e41ff5ad610704e6?s=96&d=mm&r=g","contentUrl":"https:\/\/secure.gravatar.com\/avatar\/dde2928154642a13d95f87ddf1ea9718fe2b46760a005c53e41ff5ad610704e6?s=96&d=mm&r=g","caption":"Nexo Informativo"},"url":"https:\/\/www.nexoinformativo.mx\/index.php\/author\/edicion\/"}]}},"_links":{"self":[{"href":"https:\/\/www.nexoinformativo.mx\/index.php\/wp-json\/wp\/v2\/posts\/11114","targetHints":{"allow":["GET"]}}],"collection":[{"href":"https:\/\/www.nexoinformativo.mx\/index.php\/wp-json\/wp\/v2\/posts"}],"about":[{"href":"https:\/\/www.nexoinformativo.mx\/index.php\/wp-json\/wp\/v2\/types\/post"}],"author":[{"embeddable":true,"href":"https:\/\/www.nexoinformativo.mx\/index.php\/wp-json\/wp\/v2\/users\/3"}],"replies":[{"embeddable":true,"href":"https:\/\/www.nexoinformativo.mx\/index.php\/wp-json\/wp\/v2\/comments?post=11114"}],"version-history":[{"count":4,"href":"https:\/\/www.nexoinformativo.mx\/index.php\/wp-json\/wp\/v2\/posts\/11114\/revisions"}],"predecessor-version":[{"id":11117,"href":"https:\/\/www.nexoinformativo.mx\/index.php\/wp-json\/wp\/v2\/posts\/11114\/revisions\/11117"}],"wp:featuredmedia":[{"embeddable":true,"href":"https:\/\/www.nexoinformativo.mx\/index.php\/wp-json\/wp\/v2\/media\/11118"}],"wp:attachment":[{"href":"https:\/\/www.nexoinformativo.mx\/index.php\/wp-json\/wp\/v2\/media?parent=11114"}],"wp:term":[{"taxonomy":"category","embeddable":true,"href":"https:\/\/www.nexoinformativo.mx\/index.php\/wp-json\/wp\/v2\/categories?post=11114"},{"taxonomy":"post_tag","embeddable":true,"href":"https:\/\/www.nexoinformativo.mx\/index.php\/wp-json\/wp\/v2\/tags?post=11114"}],"curies":[{"name":"wp","href":"https:\/\/api.w.org\/{rel}","templated":true}]}}