{"id":11120,"date":"2025-02-03T08:00:30","date_gmt":"2025-02-03T14:00:30","guid":{"rendered":"https:\/\/www.nexoinformativo.mx\/?p=11120"},"modified":"2025-02-03T12:13:29","modified_gmt":"2025-02-03T18:13:29","slug":"la-huasteca-se-reune-en-queretaro-para-celebrar-su-rica-cultura","status":"publish","type":"post","link":"https:\/\/www.nexoinformativo.mx\/index.php\/2025\/02\/03\/la-huasteca-se-reune-en-queretaro-para-celebrar-su-rica-cultura\/","title":{"rendered":"La Huasteca se re\u00fane en Quer\u00e9taro para celebrar su rica cultura"},"content":{"rendered":"<p style=\"text-align: justify;\">Durante la presentaci\u00f3n de la Coreograf\u00eda Monumental de Huapango, que se llev\u00f3 a cabo en el Jard\u00edn Guerrero de la capital queretana, evento con el que dio arranque formal el Festival, la funcionaria indic\u00f3 que del 16 al 19 de octubre el municipio de Jalpan de Serra ser\u00e1 la sede principal del encuentro.<\/p>\n<p>&nbsp;<\/p>\n<p style=\"text-align: justify;\">Donde las y los portadores del valioso legado de los seis estados de la Huasteca San Luis Potos\u00ed, Hidalgo, Puebla, Veracruz y Tamaulipas compartir\u00e1n sus saberes y sus expresiones m\u00e1s aut\u00e9nticas.<\/p>\n<p>&nbsp;<\/p>\n<p style=\"text-align: justify;\" data-sourcepos=\"13:1-13:322\">La secretaria de Cultura, Ana Paola L\u00f3pez Birlain, destac\u00f3 la importancia de este festival como un espacio de encuentro y di\u00e1logo entre los pueblos de la Huasteca. <strong>&#8220;La historia de la Huasteca es la historia de los pueblos que a lo largo del tiempo han tejido una cultura llena de matices, simbolismo y tradici\u00f3n&#8221;<\/strong>, expres\u00f3.<\/p>\n<p>&nbsp;<\/p>\n<p style=\"text-align: justify;\" data-sourcepos=\"15:1-15:313\">Este a\u00f1o, el festival llevar\u00e1 por tema<strong> &#8220;Cuerpos de ma\u00edz&#8221;<\/strong>, celebrando la estrecha relaci\u00f3n entre la cultura huasteca y la naturaleza. Los asistentes podr\u00e1n disfrutar de una amplia variedad de actividades, como presentaciones musicales, danzas tradicionales, exposiciones de arte, talleres y muestras gastron\u00f3micas.<\/p>\n<p>&nbsp;<\/p>\n<p style=\"text-align: justify;\" data-sourcepos=\"17:1-17:228\">Adem\u00e1s de Jalpan de Serra, los municipios de Landa de Matamoros, Arroyo Seco, Pinal de Amoles, Pe\u00f1amiller, San Joaqu\u00edn y Tolim\u00e1n tambi\u00e9n participar\u00e1n en el festival, ofreciendo una muestra de la diversidad cultural de la regi\u00f3n.<\/p>\n<p>&nbsp;<\/p>\n<p style=\"text-align: justify;\" data-sourcepos=\"19:1-19:183\">El Festival de la Huasteca es una oportunidad \u00fanica para conocer y valorar las tradiciones de esta regi\u00f3n, as\u00ed como para fortalecer los lazos de identidad entre los pueblos huastecos.<\/p>\n<p>&nbsp;<\/p>\n<p style=\"text-align: center;\" data-sourcepos=\"19:1-19:183\"><em><strong>\u00a1Informaci\u00f3n que transforma!<\/strong><\/em><\/p>\n","protected":false},"excerpt":{"rendered":"<p>Durante la presentaci\u00f3n de la Coreograf\u00eda Monumental de Huapango, que se llev\u00f3 a cabo en el Jard\u00edn Guerrero de la capital queretana, evento con el que dio arranque formal el Festival, la funcionaria indic\u00f3 que del 16 al 19 de octubre el municipio de Jalpan de Serra ser\u00e1 la sede principal del encuentro.<\/p>\n","protected":false},"author":3,"featured_media":11121,"comment_status":"open","ping_status":"open","sticky":false,"template":"","format":"standard","meta":{"footnotes":""},"categories":[50,42,58],"tags":[1538,3330,133,3331],"class_list":["post-11120","post","type-post","status-publish","format-standard","has-post-thumbnail","hentry","category-espectaculos","category-estado","category-ultima-hora","tag-culturamexicana","tag-festivaldelahuasteca","tag-queretaro","tag-tradiciones"],"yoast_head":"<!-- This site is optimized with the Yoast SEO plugin v25.0 - https:\/\/yoast.com\/wordpress\/plugins\/seo\/ -->\n<title>La Huasteca se re\u00fane en Quer\u00e9taro para celebrar su rica cultura | Nexo Informativo Santiago de Quer\u00e9taro<\/title>\n<meta name=\"description\" content=\"La Huasteca se re\u00fane en Quer\u00e9taro para celebrar su rica cultura\" \/>\n<meta name=\"robots\" content=\"index, follow, max-snippet:-1, max-image-preview:large, max-video-preview:-1\" \/>\n<link rel=\"canonical\" href=\"https:\/\/www.nexoinformativo.mx\/index.php\/2025\/02\/03\/la-huasteca-se-reune-en-queretaro-para-celebrar-su-rica-cultura\/\" \/>\n<meta property=\"og:locale\" content=\"es_MX\" \/>\n<meta property=\"og:type\" content=\"article\" \/>\n<meta property=\"og:title\" content=\"La Huasteca se re\u00fane en Quer\u00e9taro para celebrar su rica cultura | Nexo Informativo Santiago de Quer\u00e9taro\" \/>\n<meta property=\"og:description\" content=\"La Huasteca se re\u00fane en Quer\u00e9taro para celebrar su rica cultura\" \/>\n<meta property=\"og:url\" content=\"https:\/\/www.nexoinformativo.mx\/index.php\/2025\/02\/03\/la-huasteca-se-reune-en-queretaro-para-celebrar-su-rica-cultura\/\" \/>\n<meta property=\"og:site_name\" content=\"Nexo Informativo Santiago de Quer\u00e9taro\" \/>\n<meta property=\"article:publisher\" content=\"https:\/\/www.facebook.com\/people\/Nexo-Informativo\/61564066885511\/\" \/>\n<meta property=\"article:published_time\" content=\"2025-02-03T14:00:30+00:00\" \/>\n<meta property=\"article:modified_time\" content=\"2025-02-03T18:13:29+00:00\" \/>\n<meta property=\"og:image\" content=\"https:\/\/www.nexoinformativo.mx\/wp-content\/uploads\/2025\/02\/PHOTO-2025-02-03-11-39-16-e1738606291716.jpg\" \/>\n\t<meta property=\"og:image:width\" content=\"800\" \/>\n\t<meta property=\"og:image:height\" content=\"533\" \/>\n\t<meta property=\"og:image:type\" content=\"image\/jpeg\" \/>\n<meta name=\"author\" content=\"Nexo Informativo\" \/>\n<meta name=\"twitter:card\" content=\"summary_large_image\" \/>\n<meta name=\"twitter:label1\" content=\"Escrito por\" \/>\n\t<meta name=\"twitter:data1\" content=\"Nexo Informativo\" \/>\n\t<meta name=\"twitter:label2\" content=\"Tiempo de lectura\" \/>\n\t<meta name=\"twitter:data2\" content=\"2 minutos\" \/>\n<script type=\"application\/ld+json\" class=\"yoast-schema-graph\">{\"@context\":\"https:\/\/schema.org\",\"@graph\":[{\"@type\":\"Article\",\"@id\":\"https:\/\/www.nexoinformativo.mx\/index.php\/2025\/02\/03\/la-huasteca-se-reune-en-queretaro-para-celebrar-su-rica-cultura\/#article\",\"isPartOf\":{\"@id\":\"https:\/\/www.nexoinformativo.mx\/index.php\/2025\/02\/03\/la-huasteca-se-reune-en-queretaro-para-celebrar-su-rica-cultura\/\"},\"author\":{\"name\":\"Nexo Informativo\",\"@id\":\"https:\/\/www.nexoinformativo.mx\/#\/schema\/person\/7749d380ba08c8ca00d7bc76fd907b7d\"},\"headline\":\"La Huasteca se re\u00fane en Quer\u00e9taro para celebrar su rica cultura\",\"datePublished\":\"2025-02-03T14:00:30+00:00\",\"dateModified\":\"2025-02-03T18:13:29+00:00\",\"mainEntityOfPage\":{\"@id\":\"https:\/\/www.nexoinformativo.mx\/index.php\/2025\/02\/03\/la-huasteca-se-reune-en-queretaro-para-celebrar-su-rica-cultura\/\"},\"wordCount\":291,\"commentCount\":0,\"publisher\":{\"@id\":\"https:\/\/www.nexoinformativo.mx\/#organization\"},\"image\":{\"@id\":\"https:\/\/www.nexoinformativo.mx\/index.php\/2025\/02\/03\/la-huasteca-se-reune-en-queretaro-para-celebrar-su-rica-cultura\/#primaryimage\"},\"thumbnailUrl\":\"https:\/\/www.nexoinformativo.mx\/wp-content\/uploads\/2025\/02\/PHOTO-2025-02-03-11-39-16-e1738606291716.jpg\",\"keywords\":[\"CulturaMexicana\",\"FestivaldelaHuasteca\",\"Quer\u00e9taro\",\"Tradiciones\"],\"articleSection\":[\"Espect\u00e1culos\",\"Estado\",\"\u00daltima Hora\"],\"inLanguage\":\"es\",\"potentialAction\":[{\"@type\":\"CommentAction\",\"name\":\"Comment\",\"target\":[\"https:\/\/www.nexoinformativo.mx\/index.php\/2025\/02\/03\/la-huasteca-se-reune-en-queretaro-para-celebrar-su-rica-cultura\/#respond\"]}]},{\"@type\":\"WebPage\",\"@id\":\"https:\/\/www.nexoinformativo.mx\/index.php\/2025\/02\/03\/la-huasteca-se-reune-en-queretaro-para-celebrar-su-rica-cultura\/\",\"url\":\"https:\/\/www.nexoinformativo.mx\/index.php\/2025\/02\/03\/la-huasteca-se-reune-en-queretaro-para-celebrar-su-rica-cultura\/\",\"name\":\"La Huasteca se re\u00fane en Quer\u00e9taro para celebrar su rica cultura | Nexo Informativo Santiago de Quer\u00e9taro\",\"isPartOf\":{\"@id\":\"https:\/\/www.nexoinformativo.mx\/#website\"},\"primaryImageOfPage\":{\"@id\":\"https:\/\/www.nexoinformativo.mx\/index.php\/2025\/02\/03\/la-huasteca-se-reune-en-queretaro-para-celebrar-su-rica-cultura\/#primaryimage\"},\"image\":{\"@id\":\"https:\/\/www.nexoinformativo.mx\/index.php\/2025\/02\/03\/la-huasteca-se-reune-en-queretaro-para-celebrar-su-rica-cultura\/#primaryimage\"},\"thumbnailUrl\":\"https:\/\/www.nexoinformativo.mx\/wp-content\/uploads\/2025\/02\/PHOTO-2025-02-03-11-39-16-e1738606291716.jpg\",\"datePublished\":\"2025-02-03T14:00:30+00:00\",\"dateModified\":\"2025-02-03T18:13:29+00:00\",\"description\":\"La Huasteca se re\u00fane en Quer\u00e9taro para celebrar su rica cultura\",\"breadcrumb\":{\"@id\":\"https:\/\/www.nexoinformativo.mx\/index.php\/2025\/02\/03\/la-huasteca-se-reune-en-queretaro-para-celebrar-su-rica-cultura\/#breadcrumb\"},\"inLanguage\":\"es\",\"potentialAction\":[{\"@type\":\"ReadAction\",\"target\":[\"https:\/\/www.nexoinformativo.mx\/index.php\/2025\/02\/03\/la-huasteca-se-reune-en-queretaro-para-celebrar-su-rica-cultura\/\"]}]},{\"@type\":\"ImageObject\",\"inLanguage\":\"es\",\"@id\":\"https:\/\/www.nexoinformativo.mx\/index.php\/2025\/02\/03\/la-huasteca-se-reune-en-queretaro-para-celebrar-su-rica-cultura\/#primaryimage\",\"url\":\"https:\/\/www.nexoinformativo.mx\/wp-content\/uploads\/2025\/02\/PHOTO-2025-02-03-11-39-16-e1738606291716.jpg\",\"contentUrl\":\"https:\/\/www.nexoinformativo.mx\/wp-content\/uploads\/2025\/02\/PHOTO-2025-02-03-11-39-16-e1738606291716.jpg\",\"width\":800,\"height\":533},{\"@type\":\"BreadcrumbList\",\"@id\":\"https:\/\/www.nexoinformativo.mx\/index.php\/2025\/02\/03\/la-huasteca-se-reune-en-queretaro-para-celebrar-su-rica-cultura\/#breadcrumb\",\"itemListElement\":[{\"@type\":\"ListItem\",\"position\":1,\"name\":\"Inicio\",\"item\":\"https:\/\/www.nexoinformativo.mx\/\"},{\"@type\":\"ListItem\",\"position\":2,\"name\":\"La Huasteca se re\u00fane en Quer\u00e9taro para celebrar su rica cultura\"}]},{\"@type\":\"WebSite\",\"@id\":\"https:\/\/www.nexoinformativo.mx\/#website\",\"url\":\"https:\/\/www.nexoinformativo.mx\/\",\"name\":\"Nexo Informativo Santiago de Quer\u00e9taro\",\"description\":\"Explora NexoInformativo y convi\u00e9rtete en parte de una comunidad que valora el conocimiento y la verdad. Tu nexoinformativo es tu puente hacia una comprensi\u00f3n m\u00e1s profunda del mundo que te rodea.\",\"publisher\":{\"@id\":\"https:\/\/www.nexoinformativo.mx\/#organization\"},\"potentialAction\":[{\"@type\":\"SearchAction\",\"target\":{\"@type\":\"EntryPoint\",\"urlTemplate\":\"https:\/\/www.nexoinformativo.mx\/?s={search_term_string}\"},\"query-input\":{\"@type\":\"PropertyValueSpecification\",\"valueRequired\":true,\"valueName\":\"search_term_string\"}}],\"inLanguage\":\"es\"},{\"@type\":\"Organization\",\"@id\":\"https:\/\/www.nexoinformativo.mx\/#organization\",\"name\":\"Nexo Informativo Santiago de Quer\u00e9taro\",\"url\":\"https:\/\/www.nexoinformativo.mx\/\",\"logo\":{\"@type\":\"ImageObject\",\"inLanguage\":\"es\",\"@id\":\"https:\/\/www.nexoinformativo.mx\/#\/schema\/logo\/image\/\",\"url\":\"https:\/\/www.nexoinformativo.mx\/wp-content\/uploads\/2024\/07\/nexoi-trasparente-2.png\",\"contentUrl\":\"https:\/\/www.nexoinformativo.mx\/wp-content\/uploads\/2024\/07\/nexoi-trasparente-2.png\",\"width\":816,\"height\":339,\"caption\":\"Nexo Informativo Santiago de Quer\u00e9taro\"},\"image\":{\"@id\":\"https:\/\/www.nexoinformativo.mx\/#\/schema\/logo\/image\/\"},\"sameAs\":[\"https:\/\/www.facebook.com\/people\/Nexo-Informativo\/61564066885511\/\"]},{\"@type\":\"Person\",\"@id\":\"https:\/\/www.nexoinformativo.mx\/#\/schema\/person\/7749d380ba08c8ca00d7bc76fd907b7d\",\"name\":\"Nexo Informativo\",\"image\":{\"@type\":\"ImageObject\",\"inLanguage\":\"es\",\"@id\":\"https:\/\/www.nexoinformativo.mx\/#\/schema\/person\/image\/\",\"url\":\"https:\/\/secure.gravatar.com\/avatar\/dde2928154642a13d95f87ddf1ea9718fe2b46760a005c53e41ff5ad610704e6?s=96&d=mm&r=g\",\"contentUrl\":\"https:\/\/secure.gravatar.com\/avatar\/dde2928154642a13d95f87ddf1ea9718fe2b46760a005c53e41ff5ad610704e6?s=96&d=mm&r=g\",\"caption\":\"Nexo Informativo\"},\"url\":\"https:\/\/www.nexoinformativo.mx\/index.php\/author\/edicion\/\"}]}<\/script>\n<!-- \/ Yoast SEO plugin. -->","yoast_head_json":{"title":"La Huasteca se re\u00fane en Quer\u00e9taro para celebrar su rica cultura | Nexo Informativo Santiago de Quer\u00e9taro","description":"La Huasteca se re\u00fane en Quer\u00e9taro para celebrar su rica cultura","robots":{"index":"index","follow":"follow","max-snippet":"max-snippet:-1","max-image-preview":"max-image-preview:large","max-video-preview":"max-video-preview:-1"},"canonical":"https:\/\/www.nexoinformativo.mx\/index.php\/2025\/02\/03\/la-huasteca-se-reune-en-queretaro-para-celebrar-su-rica-cultura\/","og_locale":"es_MX","og_type":"article","og_title":"La Huasteca se re\u00fane en Quer\u00e9taro para celebrar su rica cultura | Nexo Informativo Santiago de Quer\u00e9taro","og_description":"La Huasteca se re\u00fane en Quer\u00e9taro para celebrar su rica cultura","og_url":"https:\/\/www.nexoinformativo.mx\/index.php\/2025\/02\/03\/la-huasteca-se-reune-en-queretaro-para-celebrar-su-rica-cultura\/","og_site_name":"Nexo Informativo Santiago de Quer\u00e9taro","article_publisher":"https:\/\/www.facebook.com\/people\/Nexo-Informativo\/61564066885511\/","article_published_time":"2025-02-03T14:00:30+00:00","article_modified_time":"2025-02-03T18:13:29+00:00","og_image":[{"width":800,"height":533,"url":"https:\/\/www.nexoinformativo.mx\/wp-content\/uploads\/2025\/02\/PHOTO-2025-02-03-11-39-16-e1738606291716.jpg","type":"image\/jpeg"}],"author":"Nexo Informativo","twitter_card":"summary_large_image","twitter_misc":{"Escrito por":"Nexo Informativo","Tiempo de lectura":"2 minutos"},"schema":{"@context":"https:\/\/schema.org","@graph":[{"@type":"Article","@id":"https:\/\/www.nexoinformativo.mx\/index.php\/2025\/02\/03\/la-huasteca-se-reune-en-queretaro-para-celebrar-su-rica-cultura\/#article","isPartOf":{"@id":"https:\/\/www.nexoinformativo.mx\/index.php\/2025\/02\/03\/la-huasteca-se-reune-en-queretaro-para-celebrar-su-rica-cultura\/"},"author":{"name":"Nexo Informativo","@id":"https:\/\/www.nexoinformativo.mx\/#\/schema\/person\/7749d380ba08c8ca00d7bc76fd907b7d"},"headline":"La Huasteca se re\u00fane en Quer\u00e9taro para celebrar su rica cultura","datePublished":"2025-02-03T14:00:30+00:00","dateModified":"2025-02-03T18:13:29+00:00","mainEntityOfPage":{"@id":"https:\/\/www.nexoinformativo.mx\/index.php\/2025\/02\/03\/la-huasteca-se-reune-en-queretaro-para-celebrar-su-rica-cultura\/"},"wordCount":291,"commentCount":0,"publisher":{"@id":"https:\/\/www.nexoinformativo.mx\/#organization"},"image":{"@id":"https:\/\/www.nexoinformativo.mx\/index.php\/2025\/02\/03\/la-huasteca-se-reune-en-queretaro-para-celebrar-su-rica-cultura\/#primaryimage"},"thumbnailUrl":"https:\/\/www.nexoinformativo.mx\/wp-content\/uploads\/2025\/02\/PHOTO-2025-02-03-11-39-16-e1738606291716.jpg","keywords":["CulturaMexicana","FestivaldelaHuasteca","Quer\u00e9taro","Tradiciones"],"articleSection":["Espect\u00e1culos","Estado","\u00daltima Hora"],"inLanguage":"es","potentialAction":[{"@type":"CommentAction","name":"Comment","target":["https:\/\/www.nexoinformativo.mx\/index.php\/2025\/02\/03\/la-huasteca-se-reune-en-queretaro-para-celebrar-su-rica-cultura\/#respond"]}]},{"@type":"WebPage","@id":"https:\/\/www.nexoinformativo.mx\/index.php\/2025\/02\/03\/la-huasteca-se-reune-en-queretaro-para-celebrar-su-rica-cultura\/","url":"https:\/\/www.nexoinformativo.mx\/index.php\/2025\/02\/03\/la-huasteca-se-reune-en-queretaro-para-celebrar-su-rica-cultura\/","name":"La Huasteca se re\u00fane en Quer\u00e9taro para celebrar su rica cultura | Nexo Informativo Santiago de Quer\u00e9taro","isPartOf":{"@id":"https:\/\/www.nexoinformativo.mx\/#website"},"primaryImageOfPage":{"@id":"https:\/\/www.nexoinformativo.mx\/index.php\/2025\/02\/03\/la-huasteca-se-reune-en-queretaro-para-celebrar-su-rica-cultura\/#primaryimage"},"image":{"@id":"https:\/\/www.nexoinformativo.mx\/index.php\/2025\/02\/03\/la-huasteca-se-reune-en-queretaro-para-celebrar-su-rica-cultura\/#primaryimage"},"thumbnailUrl":"https:\/\/www.nexoinformativo.mx\/wp-content\/uploads\/2025\/02\/PHOTO-2025-02-03-11-39-16-e1738606291716.jpg","datePublished":"2025-02-03T14:00:30+00:00","dateModified":"2025-02-03T18:13:29+00:00","description":"La Huasteca se re\u00fane en Quer\u00e9taro para celebrar su rica cultura","breadcrumb":{"@id":"https:\/\/www.nexoinformativo.mx\/index.php\/2025\/02\/03\/la-huasteca-se-reune-en-queretaro-para-celebrar-su-rica-cultura\/#breadcrumb"},"inLanguage":"es","potentialAction":[{"@type":"ReadAction","target":["https:\/\/www.nexoinformativo.mx\/index.php\/2025\/02\/03\/la-huasteca-se-reune-en-queretaro-para-celebrar-su-rica-cultura\/"]}]},{"@type":"ImageObject","inLanguage":"es","@id":"https:\/\/www.nexoinformativo.mx\/index.php\/2025\/02\/03\/la-huasteca-se-reune-en-queretaro-para-celebrar-su-rica-cultura\/#primaryimage","url":"https:\/\/www.nexoinformativo.mx\/wp-content\/uploads\/2025\/02\/PHOTO-2025-02-03-11-39-16-e1738606291716.jpg","contentUrl":"https:\/\/www.nexoinformativo.mx\/wp-content\/uploads\/2025\/02\/PHOTO-2025-02-03-11-39-16-e1738606291716.jpg","width":800,"height":533},{"@type":"BreadcrumbList","@id":"https:\/\/www.nexoinformativo.mx\/index.php\/2025\/02\/03\/la-huasteca-se-reune-en-queretaro-para-celebrar-su-rica-cultura\/#breadcrumb","itemListElement":[{"@type":"ListItem","position":1,"name":"Inicio","item":"https:\/\/www.nexoinformativo.mx\/"},{"@type":"ListItem","position":2,"name":"La Huasteca se re\u00fane en Quer\u00e9taro para celebrar su rica cultura"}]},{"@type":"WebSite","@id":"https:\/\/www.nexoinformativo.mx\/#website","url":"https:\/\/www.nexoinformativo.mx\/","name":"Nexo Informativo Santiago de Quer\u00e9taro","description":"Explora NexoInformativo y convi\u00e9rtete en parte de una comunidad que valora el conocimiento y la verdad. Tu nexoinformativo es tu puente hacia una comprensi\u00f3n m\u00e1s profunda del mundo que te rodea.","publisher":{"@id":"https:\/\/www.nexoinformativo.mx\/#organization"},"potentialAction":[{"@type":"SearchAction","target":{"@type":"EntryPoint","urlTemplate":"https:\/\/www.nexoinformativo.mx\/?s={search_term_string}"},"query-input":{"@type":"PropertyValueSpecification","valueRequired":true,"valueName":"search_term_string"}}],"inLanguage":"es"},{"@type":"Organization","@id":"https:\/\/www.nexoinformativo.mx\/#organization","name":"Nexo Informativo Santiago de Quer\u00e9taro","url":"https:\/\/www.nexoinformativo.mx\/","logo":{"@type":"ImageObject","inLanguage":"es","@id":"https:\/\/www.nexoinformativo.mx\/#\/schema\/logo\/image\/","url":"https:\/\/www.nexoinformativo.mx\/wp-content\/uploads\/2024\/07\/nexoi-trasparente-2.png","contentUrl":"https:\/\/www.nexoinformativo.mx\/wp-content\/uploads\/2024\/07\/nexoi-trasparente-2.png","width":816,"height":339,"caption":"Nexo Informativo Santiago de Quer\u00e9taro"},"image":{"@id":"https:\/\/www.nexoinformativo.mx\/#\/schema\/logo\/image\/"},"sameAs":["https:\/\/www.facebook.com\/people\/Nexo-Informativo\/61564066885511\/"]},{"@type":"Person","@id":"https:\/\/www.nexoinformativo.mx\/#\/schema\/person\/7749d380ba08c8ca00d7bc76fd907b7d","name":"Nexo Informativo","image":{"@type":"ImageObject","inLanguage":"es","@id":"https:\/\/www.nexoinformativo.mx\/#\/schema\/person\/image\/","url":"https:\/\/secure.gravatar.com\/avatar\/dde2928154642a13d95f87ddf1ea9718fe2b46760a005c53e41ff5ad610704e6?s=96&d=mm&r=g","contentUrl":"https:\/\/secure.gravatar.com\/avatar\/dde2928154642a13d95f87ddf1ea9718fe2b46760a005c53e41ff5ad610704e6?s=96&d=mm&r=g","caption":"Nexo Informativo"},"url":"https:\/\/www.nexoinformativo.mx\/index.php\/author\/edicion\/"}]}},"_links":{"self":[{"href":"https:\/\/www.nexoinformativo.mx\/index.php\/wp-json\/wp\/v2\/posts\/11120","targetHints":{"allow":["GET"]}}],"collection":[{"href":"https:\/\/www.nexoinformativo.mx\/index.php\/wp-json\/wp\/v2\/posts"}],"about":[{"href":"https:\/\/www.nexoinformativo.mx\/index.php\/wp-json\/wp\/v2\/types\/post"}],"author":[{"embeddable":true,"href":"https:\/\/www.nexoinformativo.mx\/index.php\/wp-json\/wp\/v2\/users\/3"}],"replies":[{"embeddable":true,"href":"https:\/\/www.nexoinformativo.mx\/index.php\/wp-json\/wp\/v2\/comments?post=11120"}],"version-history":[{"count":3,"href":"https:\/\/www.nexoinformativo.mx\/index.php\/wp-json\/wp\/v2\/posts\/11120\/revisions"}],"predecessor-version":[{"id":11124,"href":"https:\/\/www.nexoinformativo.mx\/index.php\/wp-json\/wp\/v2\/posts\/11120\/revisions\/11124"}],"wp:featuredmedia":[{"embeddable":true,"href":"https:\/\/www.nexoinformativo.mx\/index.php\/wp-json\/wp\/v2\/media\/11121"}],"wp:attachment":[{"href":"https:\/\/www.nexoinformativo.mx\/index.php\/wp-json\/wp\/v2\/media?parent=11120"}],"wp:term":[{"taxonomy":"category","embeddable":true,"href":"https:\/\/www.nexoinformativo.mx\/index.php\/wp-json\/wp\/v2\/categories?post=11120"},{"taxonomy":"post_tag","embeddable":true,"href":"https:\/\/www.nexoinformativo.mx\/index.php\/wp-json\/wp\/v2\/tags?post=11120"}],"curies":[{"name":"wp","href":"https:\/\/api.w.org\/{rel}","templated":true}]}}