{"id":11137,"date":"2025-02-03T10:00:24","date_gmt":"2025-02-03T16:00:24","guid":{"rendered":"https:\/\/www.nexoinformativo.mx\/?p=11137"},"modified":"2025-02-03T12:33:51","modified_gmt":"2025-02-03T18:33:51","slug":"sheinbaum-y-trump-llegan-a-acuerdos-para-reforzar-seguridad-y-comercio","status":"publish","type":"post","link":"https:\/\/www.nexoinformativo.mx\/index.php\/2025\/02\/03\/sheinbaum-y-trump-llegan-a-acuerdos-para-reforzar-seguridad-y-comercio\/","title":{"rendered":"Sheinbaum y Trump llegan a acuerdos para reforzar seguridad y comercio"},"content":{"rendered":"<p style=\"text-align: justify;\">La presidenta Claudia Sheinbaum anunci\u00f3 que, tras una conversaci\u00f3n con el presidente Donald Trump, se alcanzaron una serie de acuerdos para reforzar la seguridad y el comercio entre M\u00e9xico y Estados Unidos. Ambos l\u00edderes destacaron el respeto a la relaci\u00f3n y la soberan\u00eda de sus pa\u00edses.<\/p>\n<\/p>\n<p>&nbsp;<\/p>\n<p style=\"text-align: justify;\">M\u00e9xico reforzar\u00e1 la frontera norte con 10 mil elementos de la Guardia Nacional para evitar el tr\u00e1fico de drogas, especialmente fentanilo, hacia Estados Unidos.<\/p>\n<\/p>\n<p>&nbsp;<\/p>\n<p style=\"text-align: justify;\">Por su parte, Estados Unidos se compromete a trabajar para evitar el tr\u00e1fico de armas de alto poder a M\u00e9xico. Adem\u00e1s, los equipos de ambos pa\u00edses comenzar\u00e1n a trabajar de inmediato en dos vertientes: Seguridad y comercio.<\/p>\n<\/p>\n<p>&nbsp;<\/p>\n<p style=\"text-align: justify;\">Como parte de los acuerdos, se pondr\u00e1n en pausa los aranceles impuestos por Estados Unidos a M\u00e9xico por un mes a partir de ahora, lo que permitir\u00e1 a ambos pa\u00edses continuar las negociaciones y buscar soluciones a largo plazo.<\/p>\n<\/p>\n<p>&nbsp;<\/p>\n<p style=\"text-align: center;\"><em><strong>\u00a1Informaci\u00f3n que transforma!<\/strong><\/em><\/p>\n","protected":false},"excerpt":{"rendered":"<p>La presidenta Claudia Sheinbaum anunci\u00f3 que, tras una conversaci\u00f3n con el presidente Donald Trump, se alcanzaron una serie de acuerdos para reforzar la seguridad y el comercio entre M\u00e9xico y Estados Unidos. Ambos l\u00edderes destacaron el respeto a la relaci\u00f3n y la soberan\u00eda de sus pa\u00edses.<\/p>\n","protected":false},"author":3,"featured_media":11139,"comment_status":"open","ping_status":"open","sticky":false,"template":"","format":"standard","meta":{"footnotes":""},"categories":[5,88,58],"tags":[3332,967,1931,2419],"class_list":["post-11137","post","type-post","status-publish","format-standard","has-post-thumbnail","hentry","category-economia","category-nacional","category-ultima-hora","tag-acuerdosbilaterales","tag-claudiasheinbaum","tag-comerciomexicoeu","tag-seguridadfronteriza"],"yoast_head":"<!-- This site is optimized with the Yoast SEO plugin v25.0 - https:\/\/yoast.com\/wordpress\/plugins\/seo\/ -->\n<title>Sheinbaum y Trump llegan a acuerdos para reforzar seguridad y comercio | Nexo Informativo Santiago de Quer\u00e9taro<\/title>\n<meta name=\"description\" content=\"Sheinbaum y Trump llegan a acuerdos para reforzar seguridad y comercio\" \/>\n<meta name=\"robots\" content=\"index, follow, max-snippet:-1, max-image-preview:large, max-video-preview:-1\" \/>\n<link rel=\"canonical\" href=\"https:\/\/www.nexoinformativo.mx\/index.php\/2025\/02\/03\/sheinbaum-y-trump-llegan-a-acuerdos-para-reforzar-seguridad-y-comercio\/\" \/>\n<meta property=\"og:locale\" content=\"es_MX\" \/>\n<meta property=\"og:type\" content=\"article\" \/>\n<meta property=\"og:title\" content=\"Sheinbaum y Trump llegan a acuerdos para reforzar seguridad y comercio | Nexo Informativo Santiago de Quer\u00e9taro\" \/>\n<meta property=\"og:description\" content=\"Sheinbaum y Trump llegan a acuerdos para reforzar seguridad y comercio\" \/>\n<meta property=\"og:url\" content=\"https:\/\/www.nexoinformativo.mx\/index.php\/2025\/02\/03\/sheinbaum-y-trump-llegan-a-acuerdos-para-reforzar-seguridad-y-comercio\/\" \/>\n<meta property=\"og:site_name\" content=\"Nexo Informativo Santiago de Quer\u00e9taro\" \/>\n<meta property=\"article:publisher\" content=\"https:\/\/www.facebook.com\/people\/Nexo-Informativo\/61564066885511\/\" \/>\n<meta property=\"article:published_time\" content=\"2025-02-03T16:00:24+00:00\" \/>\n<meta property=\"article:modified_time\" content=\"2025-02-03T18:33:51+00:00\" \/>\n<meta property=\"og:image\" content=\"https:\/\/www.nexoinformativo.mx\/wp-content\/uploads\/2025\/02\/7d1e76ae-9b62-4756-b31e-69a9d06801f3-e1738607595403.jpg\" \/>\n\t<meta property=\"og:image:width\" content=\"800\" \/>\n\t<meta property=\"og:image:height\" content=\"436\" \/>\n\t<meta property=\"og:image:type\" content=\"image\/jpeg\" \/>\n<meta name=\"author\" content=\"Nexo Informativo\" \/>\n<meta name=\"twitter:card\" content=\"summary_large_image\" \/>\n<meta name=\"twitter:label1\" content=\"Escrito por\" \/>\n\t<meta name=\"twitter:data1\" content=\"Nexo Informativo\" \/>\n\t<meta name=\"twitter:label2\" content=\"Tiempo de lectura\" \/>\n\t<meta name=\"twitter:data2\" content=\"1 minuto\" \/>\n<script type=\"application\/ld+json\" class=\"yoast-schema-graph\">{\"@context\":\"https:\/\/schema.org\",\"@graph\":[{\"@type\":\"Article\",\"@id\":\"https:\/\/www.nexoinformativo.mx\/index.php\/2025\/02\/03\/sheinbaum-y-trump-llegan-a-acuerdos-para-reforzar-seguridad-y-comercio\/#article\",\"isPartOf\":{\"@id\":\"https:\/\/www.nexoinformativo.mx\/index.php\/2025\/02\/03\/sheinbaum-y-trump-llegan-a-acuerdos-para-reforzar-seguridad-y-comercio\/\"},\"author\":{\"name\":\"Nexo Informativo\",\"@id\":\"https:\/\/www.nexoinformativo.mx\/#\/schema\/person\/7749d380ba08c8ca00d7bc76fd907b7d\"},\"headline\":\"Sheinbaum y Trump llegan a acuerdos para reforzar seguridad y comercio\",\"datePublished\":\"2025-02-03T16:00:24+00:00\",\"dateModified\":\"2025-02-03T18:33:51+00:00\",\"mainEntityOfPage\":{\"@id\":\"https:\/\/www.nexoinformativo.mx\/index.php\/2025\/02\/03\/sheinbaum-y-trump-llegan-a-acuerdos-para-reforzar-seguridad-y-comercio\/\"},\"wordCount\":180,\"commentCount\":0,\"publisher\":{\"@id\":\"https:\/\/www.nexoinformativo.mx\/#organization\"},\"image\":{\"@id\":\"https:\/\/www.nexoinformativo.mx\/index.php\/2025\/02\/03\/sheinbaum-y-trump-llegan-a-acuerdos-para-reforzar-seguridad-y-comercio\/#primaryimage\"},\"thumbnailUrl\":\"https:\/\/www.nexoinformativo.mx\/wp-content\/uploads\/2025\/02\/7d1e76ae-9b62-4756-b31e-69a9d06801f3-e1738607595403.jpg\",\"keywords\":[\"AcuerdosBilaterales\",\"ClaudiaSheinbaum\",\"ComercioM\u00e9xicoEU\",\"SeguridadFronteriza\"],\"articleSection\":[\"Econom\u00eda\",\"Nacional\",\"\u00daltima Hora\"],\"inLanguage\":\"es\",\"potentialAction\":[{\"@type\":\"CommentAction\",\"name\":\"Comment\",\"target\":[\"https:\/\/www.nexoinformativo.mx\/index.php\/2025\/02\/03\/sheinbaum-y-trump-llegan-a-acuerdos-para-reforzar-seguridad-y-comercio\/#respond\"]}]},{\"@type\":\"WebPage\",\"@id\":\"https:\/\/www.nexoinformativo.mx\/index.php\/2025\/02\/03\/sheinbaum-y-trump-llegan-a-acuerdos-para-reforzar-seguridad-y-comercio\/\",\"url\":\"https:\/\/www.nexoinformativo.mx\/index.php\/2025\/02\/03\/sheinbaum-y-trump-llegan-a-acuerdos-para-reforzar-seguridad-y-comercio\/\",\"name\":\"Sheinbaum y Trump llegan a acuerdos para reforzar seguridad y comercio | Nexo Informativo Santiago de Quer\u00e9taro\",\"isPartOf\":{\"@id\":\"https:\/\/www.nexoinformativo.mx\/#website\"},\"primaryImageOfPage\":{\"@id\":\"https:\/\/www.nexoinformativo.mx\/index.php\/2025\/02\/03\/sheinbaum-y-trump-llegan-a-acuerdos-para-reforzar-seguridad-y-comercio\/#primaryimage\"},\"image\":{\"@id\":\"https:\/\/www.nexoinformativo.mx\/index.php\/2025\/02\/03\/sheinbaum-y-trump-llegan-a-acuerdos-para-reforzar-seguridad-y-comercio\/#primaryimage\"},\"thumbnailUrl\":\"https:\/\/www.nexoinformativo.mx\/wp-content\/uploads\/2025\/02\/7d1e76ae-9b62-4756-b31e-69a9d06801f3-e1738607595403.jpg\",\"datePublished\":\"2025-02-03T16:00:24+00:00\",\"dateModified\":\"2025-02-03T18:33:51+00:00\",\"description\":\"Sheinbaum y Trump llegan a acuerdos para reforzar seguridad y comercio\",\"breadcrumb\":{\"@id\":\"https:\/\/www.nexoinformativo.mx\/index.php\/2025\/02\/03\/sheinbaum-y-trump-llegan-a-acuerdos-para-reforzar-seguridad-y-comercio\/#breadcrumb\"},\"inLanguage\":\"es\",\"potentialAction\":[{\"@type\":\"ReadAction\",\"target\":[\"https:\/\/www.nexoinformativo.mx\/index.php\/2025\/02\/03\/sheinbaum-y-trump-llegan-a-acuerdos-para-reforzar-seguridad-y-comercio\/\"]}]},{\"@type\":\"ImageObject\",\"inLanguage\":\"es\",\"@id\":\"https:\/\/www.nexoinformativo.mx\/index.php\/2025\/02\/03\/sheinbaum-y-trump-llegan-a-acuerdos-para-reforzar-seguridad-y-comercio\/#primaryimage\",\"url\":\"https:\/\/www.nexoinformativo.mx\/wp-content\/uploads\/2025\/02\/7d1e76ae-9b62-4756-b31e-69a9d06801f3-e1738607595403.jpg\",\"contentUrl\":\"https:\/\/www.nexoinformativo.mx\/wp-content\/uploads\/2025\/02\/7d1e76ae-9b62-4756-b31e-69a9d06801f3-e1738607595403.jpg\",\"width\":800,\"height\":436},{\"@type\":\"BreadcrumbList\",\"@id\":\"https:\/\/www.nexoinformativo.mx\/index.php\/2025\/02\/03\/sheinbaum-y-trump-llegan-a-acuerdos-para-reforzar-seguridad-y-comercio\/#breadcrumb\",\"itemListElement\":[{\"@type\":\"ListItem\",\"position\":1,\"name\":\"Inicio\",\"item\":\"https:\/\/www.nexoinformativo.mx\/\"},{\"@type\":\"ListItem\",\"position\":2,\"name\":\"Sheinbaum y Trump llegan a acuerdos para reforzar seguridad y comercio\"}]},{\"@type\":\"WebSite\",\"@id\":\"https:\/\/www.nexoinformativo.mx\/#website\",\"url\":\"https:\/\/www.nexoinformativo.mx\/\",\"name\":\"Nexo Informativo Santiago de Quer\u00e9taro\",\"description\":\"Explora NexoInformativo y convi\u00e9rtete en parte de una comunidad que valora el conocimiento y la verdad. Tu nexoinformativo es tu puente hacia una comprensi\u00f3n m\u00e1s profunda del mundo que te rodea.\",\"publisher\":{\"@id\":\"https:\/\/www.nexoinformativo.mx\/#organization\"},\"potentialAction\":[{\"@type\":\"SearchAction\",\"target\":{\"@type\":\"EntryPoint\",\"urlTemplate\":\"https:\/\/www.nexoinformativo.mx\/?s={search_term_string}\"},\"query-input\":{\"@type\":\"PropertyValueSpecification\",\"valueRequired\":true,\"valueName\":\"search_term_string\"}}],\"inLanguage\":\"es\"},{\"@type\":\"Organization\",\"@id\":\"https:\/\/www.nexoinformativo.mx\/#organization\",\"name\":\"Nexo Informativo Santiago de Quer\u00e9taro\",\"url\":\"https:\/\/www.nexoinformativo.mx\/\",\"logo\":{\"@type\":\"ImageObject\",\"inLanguage\":\"es\",\"@id\":\"https:\/\/www.nexoinformativo.mx\/#\/schema\/logo\/image\/\",\"url\":\"https:\/\/www.nexoinformativo.mx\/wp-content\/uploads\/2024\/07\/nexoi-trasparente-2.png\",\"contentUrl\":\"https:\/\/www.nexoinformativo.mx\/wp-content\/uploads\/2024\/07\/nexoi-trasparente-2.png\",\"width\":816,\"height\":339,\"caption\":\"Nexo Informativo Santiago de Quer\u00e9taro\"},\"image\":{\"@id\":\"https:\/\/www.nexoinformativo.mx\/#\/schema\/logo\/image\/\"},\"sameAs\":[\"https:\/\/www.facebook.com\/people\/Nexo-Informativo\/61564066885511\/\"]},{\"@type\":\"Person\",\"@id\":\"https:\/\/www.nexoinformativo.mx\/#\/schema\/person\/7749d380ba08c8ca00d7bc76fd907b7d\",\"name\":\"Nexo Informativo\",\"image\":{\"@type\":\"ImageObject\",\"inLanguage\":\"es\",\"@id\":\"https:\/\/www.nexoinformativo.mx\/#\/schema\/person\/image\/\",\"url\":\"https:\/\/secure.gravatar.com\/avatar\/dde2928154642a13d95f87ddf1ea9718fe2b46760a005c53e41ff5ad610704e6?s=96&d=mm&r=g\",\"contentUrl\":\"https:\/\/secure.gravatar.com\/avatar\/dde2928154642a13d95f87ddf1ea9718fe2b46760a005c53e41ff5ad610704e6?s=96&d=mm&r=g\",\"caption\":\"Nexo Informativo\"},\"url\":\"https:\/\/www.nexoinformativo.mx\/index.php\/author\/edicion\/\"}]}<\/script>\n<!-- \/ Yoast SEO plugin. -->","yoast_head_json":{"title":"Sheinbaum y Trump llegan a acuerdos para reforzar seguridad y comercio | Nexo Informativo Santiago de Quer\u00e9taro","description":"Sheinbaum y Trump llegan a acuerdos para reforzar seguridad y comercio","robots":{"index":"index","follow":"follow","max-snippet":"max-snippet:-1","max-image-preview":"max-image-preview:large","max-video-preview":"max-video-preview:-1"},"canonical":"https:\/\/www.nexoinformativo.mx\/index.php\/2025\/02\/03\/sheinbaum-y-trump-llegan-a-acuerdos-para-reforzar-seguridad-y-comercio\/","og_locale":"es_MX","og_type":"article","og_title":"Sheinbaum y Trump llegan a acuerdos para reforzar seguridad y comercio | Nexo Informativo Santiago de Quer\u00e9taro","og_description":"Sheinbaum y Trump llegan a acuerdos para reforzar seguridad y comercio","og_url":"https:\/\/www.nexoinformativo.mx\/index.php\/2025\/02\/03\/sheinbaum-y-trump-llegan-a-acuerdos-para-reforzar-seguridad-y-comercio\/","og_site_name":"Nexo Informativo Santiago de Quer\u00e9taro","article_publisher":"https:\/\/www.facebook.com\/people\/Nexo-Informativo\/61564066885511\/","article_published_time":"2025-02-03T16:00:24+00:00","article_modified_time":"2025-02-03T18:33:51+00:00","og_image":[{"width":800,"height":436,"url":"https:\/\/www.nexoinformativo.mx\/wp-content\/uploads\/2025\/02\/7d1e76ae-9b62-4756-b31e-69a9d06801f3-e1738607595403.jpg","type":"image\/jpeg"}],"author":"Nexo Informativo","twitter_card":"summary_large_image","twitter_misc":{"Escrito por":"Nexo Informativo","Tiempo de lectura":"1 minuto"},"schema":{"@context":"https:\/\/schema.org","@graph":[{"@type":"Article","@id":"https:\/\/www.nexoinformativo.mx\/index.php\/2025\/02\/03\/sheinbaum-y-trump-llegan-a-acuerdos-para-reforzar-seguridad-y-comercio\/#article","isPartOf":{"@id":"https:\/\/www.nexoinformativo.mx\/index.php\/2025\/02\/03\/sheinbaum-y-trump-llegan-a-acuerdos-para-reforzar-seguridad-y-comercio\/"},"author":{"name":"Nexo Informativo","@id":"https:\/\/www.nexoinformativo.mx\/#\/schema\/person\/7749d380ba08c8ca00d7bc76fd907b7d"},"headline":"Sheinbaum y Trump llegan a acuerdos para reforzar seguridad y comercio","datePublished":"2025-02-03T16:00:24+00:00","dateModified":"2025-02-03T18:33:51+00:00","mainEntityOfPage":{"@id":"https:\/\/www.nexoinformativo.mx\/index.php\/2025\/02\/03\/sheinbaum-y-trump-llegan-a-acuerdos-para-reforzar-seguridad-y-comercio\/"},"wordCount":180,"commentCount":0,"publisher":{"@id":"https:\/\/www.nexoinformativo.mx\/#organization"},"image":{"@id":"https:\/\/www.nexoinformativo.mx\/index.php\/2025\/02\/03\/sheinbaum-y-trump-llegan-a-acuerdos-para-reforzar-seguridad-y-comercio\/#primaryimage"},"thumbnailUrl":"https:\/\/www.nexoinformativo.mx\/wp-content\/uploads\/2025\/02\/7d1e76ae-9b62-4756-b31e-69a9d06801f3-e1738607595403.jpg","keywords":["AcuerdosBilaterales","ClaudiaSheinbaum","ComercioM\u00e9xicoEU","SeguridadFronteriza"],"articleSection":["Econom\u00eda","Nacional","\u00daltima Hora"],"inLanguage":"es","potentialAction":[{"@type":"CommentAction","name":"Comment","target":["https:\/\/www.nexoinformativo.mx\/index.php\/2025\/02\/03\/sheinbaum-y-trump-llegan-a-acuerdos-para-reforzar-seguridad-y-comercio\/#respond"]}]},{"@type":"WebPage","@id":"https:\/\/www.nexoinformativo.mx\/index.php\/2025\/02\/03\/sheinbaum-y-trump-llegan-a-acuerdos-para-reforzar-seguridad-y-comercio\/","url":"https:\/\/www.nexoinformativo.mx\/index.php\/2025\/02\/03\/sheinbaum-y-trump-llegan-a-acuerdos-para-reforzar-seguridad-y-comercio\/","name":"Sheinbaum y Trump llegan a acuerdos para reforzar seguridad y comercio | Nexo Informativo Santiago de Quer\u00e9taro","isPartOf":{"@id":"https:\/\/www.nexoinformativo.mx\/#website"},"primaryImageOfPage":{"@id":"https:\/\/www.nexoinformativo.mx\/index.php\/2025\/02\/03\/sheinbaum-y-trump-llegan-a-acuerdos-para-reforzar-seguridad-y-comercio\/#primaryimage"},"image":{"@id":"https:\/\/www.nexoinformativo.mx\/index.php\/2025\/02\/03\/sheinbaum-y-trump-llegan-a-acuerdos-para-reforzar-seguridad-y-comercio\/#primaryimage"},"thumbnailUrl":"https:\/\/www.nexoinformativo.mx\/wp-content\/uploads\/2025\/02\/7d1e76ae-9b62-4756-b31e-69a9d06801f3-e1738607595403.jpg","datePublished":"2025-02-03T16:00:24+00:00","dateModified":"2025-02-03T18:33:51+00:00","description":"Sheinbaum y Trump llegan a acuerdos para reforzar seguridad y comercio","breadcrumb":{"@id":"https:\/\/www.nexoinformativo.mx\/index.php\/2025\/02\/03\/sheinbaum-y-trump-llegan-a-acuerdos-para-reforzar-seguridad-y-comercio\/#breadcrumb"},"inLanguage":"es","potentialAction":[{"@type":"ReadAction","target":["https:\/\/www.nexoinformativo.mx\/index.php\/2025\/02\/03\/sheinbaum-y-trump-llegan-a-acuerdos-para-reforzar-seguridad-y-comercio\/"]}]},{"@type":"ImageObject","inLanguage":"es","@id":"https:\/\/www.nexoinformativo.mx\/index.php\/2025\/02\/03\/sheinbaum-y-trump-llegan-a-acuerdos-para-reforzar-seguridad-y-comercio\/#primaryimage","url":"https:\/\/www.nexoinformativo.mx\/wp-content\/uploads\/2025\/02\/7d1e76ae-9b62-4756-b31e-69a9d06801f3-e1738607595403.jpg","contentUrl":"https:\/\/www.nexoinformativo.mx\/wp-content\/uploads\/2025\/02\/7d1e76ae-9b62-4756-b31e-69a9d06801f3-e1738607595403.jpg","width":800,"height":436},{"@type":"BreadcrumbList","@id":"https:\/\/www.nexoinformativo.mx\/index.php\/2025\/02\/03\/sheinbaum-y-trump-llegan-a-acuerdos-para-reforzar-seguridad-y-comercio\/#breadcrumb","itemListElement":[{"@type":"ListItem","position":1,"name":"Inicio","item":"https:\/\/www.nexoinformativo.mx\/"},{"@type":"ListItem","position":2,"name":"Sheinbaum y Trump llegan a acuerdos para reforzar seguridad y comercio"}]},{"@type":"WebSite","@id":"https:\/\/www.nexoinformativo.mx\/#website","url":"https:\/\/www.nexoinformativo.mx\/","name":"Nexo Informativo Santiago de Quer\u00e9taro","description":"Explora NexoInformativo y convi\u00e9rtete en parte de una comunidad que valora el conocimiento y la verdad. Tu nexoinformativo es tu puente hacia una comprensi\u00f3n m\u00e1s profunda del mundo que te rodea.","publisher":{"@id":"https:\/\/www.nexoinformativo.mx\/#organization"},"potentialAction":[{"@type":"SearchAction","target":{"@type":"EntryPoint","urlTemplate":"https:\/\/www.nexoinformativo.mx\/?s={search_term_string}"},"query-input":{"@type":"PropertyValueSpecification","valueRequired":true,"valueName":"search_term_string"}}],"inLanguage":"es"},{"@type":"Organization","@id":"https:\/\/www.nexoinformativo.mx\/#organization","name":"Nexo Informativo Santiago de Quer\u00e9taro","url":"https:\/\/www.nexoinformativo.mx\/","logo":{"@type":"ImageObject","inLanguage":"es","@id":"https:\/\/www.nexoinformativo.mx\/#\/schema\/logo\/image\/","url":"https:\/\/www.nexoinformativo.mx\/wp-content\/uploads\/2024\/07\/nexoi-trasparente-2.png","contentUrl":"https:\/\/www.nexoinformativo.mx\/wp-content\/uploads\/2024\/07\/nexoi-trasparente-2.png","width":816,"height":339,"caption":"Nexo Informativo Santiago de Quer\u00e9taro"},"image":{"@id":"https:\/\/www.nexoinformativo.mx\/#\/schema\/logo\/image\/"},"sameAs":["https:\/\/www.facebook.com\/people\/Nexo-Informativo\/61564066885511\/"]},{"@type":"Person","@id":"https:\/\/www.nexoinformativo.mx\/#\/schema\/person\/7749d380ba08c8ca00d7bc76fd907b7d","name":"Nexo Informativo","image":{"@type":"ImageObject","inLanguage":"es","@id":"https:\/\/www.nexoinformativo.mx\/#\/schema\/person\/image\/","url":"https:\/\/secure.gravatar.com\/avatar\/dde2928154642a13d95f87ddf1ea9718fe2b46760a005c53e41ff5ad610704e6?s=96&d=mm&r=g","contentUrl":"https:\/\/secure.gravatar.com\/avatar\/dde2928154642a13d95f87ddf1ea9718fe2b46760a005c53e41ff5ad610704e6?s=96&d=mm&r=g","caption":"Nexo Informativo"},"url":"https:\/\/www.nexoinformativo.mx\/index.php\/author\/edicion\/"}]}},"_links":{"self":[{"href":"https:\/\/www.nexoinformativo.mx\/index.php\/wp-json\/wp\/v2\/posts\/11137","targetHints":{"allow":["GET"]}}],"collection":[{"href":"https:\/\/www.nexoinformativo.mx\/index.php\/wp-json\/wp\/v2\/posts"}],"about":[{"href":"https:\/\/www.nexoinformativo.mx\/index.php\/wp-json\/wp\/v2\/types\/post"}],"author":[{"embeddable":true,"href":"https:\/\/www.nexoinformativo.mx\/index.php\/wp-json\/wp\/v2\/users\/3"}],"replies":[{"embeddable":true,"href":"https:\/\/www.nexoinformativo.mx\/index.php\/wp-json\/wp\/v2\/comments?post=11137"}],"version-history":[{"count":3,"href":"https:\/\/www.nexoinformativo.mx\/index.php\/wp-json\/wp\/v2\/posts\/11137\/revisions"}],"predecessor-version":[{"id":11141,"href":"https:\/\/www.nexoinformativo.mx\/index.php\/wp-json\/wp\/v2\/posts\/11137\/revisions\/11141"}],"wp:featuredmedia":[{"embeddable":true,"href":"https:\/\/www.nexoinformativo.mx\/index.php\/wp-json\/wp\/v2\/media\/11139"}],"wp:attachment":[{"href":"https:\/\/www.nexoinformativo.mx\/index.php\/wp-json\/wp\/v2\/media?parent=11137"}],"wp:term":[{"taxonomy":"category","embeddable":true,"href":"https:\/\/www.nexoinformativo.mx\/index.php\/wp-json\/wp\/v2\/categories?post=11137"},{"taxonomy":"post_tag","embeddable":true,"href":"https:\/\/www.nexoinformativo.mx\/index.php\/wp-json\/wp\/v2\/tags?post=11137"}],"curies":[{"name":"wp","href":"https:\/\/api.w.org\/{rel}","templated":true}]}}