{"id":11142,"date":"2025-02-03T09:30:04","date_gmt":"2025-02-03T15:30:04","guid":{"rendered":"https:\/\/www.nexoinformativo.mx\/?p=11142"},"modified":"2025-02-03T12:39:57","modified_gmt":"2025-02-03T18:39:57","slug":"felifer-macias-escucha-a-vecinos-de-josefa-ortiz-y-anuncia-obras-prioritarias","status":"publish","type":"post","link":"https:\/\/www.nexoinformativo.mx\/index.php\/2025\/02\/03\/felifer-macias-escucha-a-vecinos-de-josefa-ortiz-y-anuncia-obras-prioritarias\/","title":{"rendered":"Felifer Mac\u00edas escucha a vecinos de Josefa Ortiz y anuncia obras prioritarias"},"content":{"rendered":"<p style=\"text-align: justify;\" data-sourcepos=\"11:1-11:343\">El presidente municipal de Quer\u00e9taro, Felifer Mac\u00edas, encabez\u00f3 una reuni\u00f3n con vecinos de la colonia Josefa Ortiz de Dom\u00ednguez para conocer sus necesidades en materia de obra p\u00fablica. A trav\u00e9s de la plataforma <strong>&#8220;Decide Quer\u00e9taro&#8221;,<\/strong> los habitantes de la zona podr\u00e1n elegir las obras que consideren m\u00e1s prioritarias.<\/p>\n<p>&nbsp;<\/p>\n<p style=\"text-align: justify;\" data-sourcepos=\"13:1-13:351\">Durante el encuentro, el alcalde realiz\u00f3 un recorrido por las \u00e1reas comunes de la colonia y escuch\u00f3 las propuestas de los vecinos. Como resultado de esta consulta, se ha priorizado la construcci\u00f3n de torrenteras, una obra que incluye la sustituci\u00f3n de redes de drenaje, agua potable y pluvial, as\u00ed como la rehabilitaci\u00f3n de calles y espacios p\u00fablicos.<\/p>\n<p>&nbsp;<\/p>\n<p style=\"text-align: justify;\" data-sourcepos=\"15:1-15:250\"><strong>&#8220;Estamos con obras p\u00fablicas, con servicios p\u00fablicos, con seguridad p\u00fablica y con apoyos sociales y ah\u00ed vamos caminando estando en la calle todos los d\u00edas para que sepan y les quede bien claro que su municipio est\u00e1 chambeando&#8221;<\/strong>, asegur\u00f3 Felifer Mac\u00edas.<\/p>\n<p>&nbsp;<\/p>\n<p style=\"text-align: justify;\" data-sourcepos=\"17:1-17:288\">Adem\u00e1s de la construcci\u00f3n de torrenteras, el alcalde instruy\u00f3 a los equipos de servicios p\u00fablicos para realizar mejoras en el parque, las canchas de f\u00fatbol y b\u00e1squetbol de la colonia, incluyendo la sustituci\u00f3n de herrer\u00eda, pintura, desmalezado y la instalaci\u00f3n de nuevo alumbrado p\u00fablico.<\/p>\n<p>&nbsp;<\/p>\n<p style=\"text-align: justify;\" data-sourcepos=\"19:1-19:269\">La iniciativa <strong>&#8220;T\u00fa Decides la Obra&#8221;<\/strong> busca fomentar la participaci\u00f3n ciudadana en la toma de decisiones sobre el destino de los recursos p\u00fablicos. Los vecinos pueden participar a trav\u00e9s de la aplicaci\u00f3n m\u00f3vil, en la delegaci\u00f3n o mediante brigadas que visitan los hogares.<\/p>\n<p>&nbsp;<\/p>\n<p style=\"text-align: center;\" data-sourcepos=\"19:1-19:269\"><em><strong>\u00a1Informaci\u00f3n que transforma!<\/strong><\/em><\/p>\n","protected":false},"excerpt":{"rendered":"<p>El presidente municipal de Quer\u00e9taro, Felifer Mac\u00edas, encabez\u00f3 una reuni\u00f3n con vecinos de la colonia Josefa Ortiz de Dom\u00ednguez para conocer sus necesidades en materia de obra p\u00fablica. A trav\u00e9s de la plataforma &#8220;Decide Quer\u00e9taro&#8221;, los habitantes de la zona podr\u00e1n elegir las obras que consideren m\u00e1s prioritarias.<\/p>\n","protected":false},"author":3,"featured_media":11144,"comment_status":"open","ping_status":"open","sticky":false,"template":"","format":"standard","meta":{"footnotes":""},"categories":[65,58],"tags":[3173,1000,644,1238],"class_list":["post-11142","post","type-post","status-publish","format-standard","has-post-thumbnail","hentry","category-municipios","category-ultima-hora","tag-decidequeretaro","tag-felifermacias","tag-obraspublicas","tag-participacionciudadana"],"yoast_head":"<!-- This site is optimized with the Yoast SEO plugin v25.0 - https:\/\/yoast.com\/wordpress\/plugins\/seo\/ -->\n<title>Felifer Mac\u00edas escucha a vecinos de Josefa Ortiz y anuncia obras prioritarias | Nexo Informativo Santiago de Quer\u00e9taro<\/title>\n<meta name=\"description\" content=\"Felifer Mac\u00edas escucha a vecinos de Josefa Ortiz y anuncia obras prioritarias\" \/>\n<meta name=\"robots\" content=\"index, follow, max-snippet:-1, max-image-preview:large, max-video-preview:-1\" \/>\n<link rel=\"canonical\" href=\"https:\/\/www.nexoinformativo.mx\/index.php\/2025\/02\/03\/felifer-macias-escucha-a-vecinos-de-josefa-ortiz-y-anuncia-obras-prioritarias\/\" \/>\n<meta property=\"og:locale\" content=\"es_MX\" \/>\n<meta property=\"og:type\" content=\"article\" \/>\n<meta property=\"og:title\" content=\"Felifer Mac\u00edas escucha a vecinos de Josefa Ortiz y anuncia obras prioritarias | Nexo Informativo Santiago de Quer\u00e9taro\" \/>\n<meta property=\"og:description\" content=\"Felifer Mac\u00edas escucha a vecinos de Josefa Ortiz y anuncia obras prioritarias\" \/>\n<meta property=\"og:url\" content=\"https:\/\/www.nexoinformativo.mx\/index.php\/2025\/02\/03\/felifer-macias-escucha-a-vecinos-de-josefa-ortiz-y-anuncia-obras-prioritarias\/\" \/>\n<meta property=\"og:site_name\" content=\"Nexo Informativo Santiago de Quer\u00e9taro\" \/>\n<meta property=\"article:publisher\" content=\"https:\/\/www.facebook.com\/people\/Nexo-Informativo\/61564066885511\/\" \/>\n<meta property=\"article:published_time\" content=\"2025-02-03T15:30:04+00:00\" \/>\n<meta property=\"article:modified_time\" content=\"2025-02-03T18:39:57+00:00\" \/>\n<meta property=\"og:image\" content=\"https:\/\/www.nexoinformativo.mx\/wp-content\/uploads\/2025\/02\/PHOTO-2025-02-03-11-43-38-e1738607930188.jpg\" \/>\n\t<meta property=\"og:image:width\" content=\"800\" \/>\n\t<meta property=\"og:image:height\" content=\"533\" \/>\n\t<meta property=\"og:image:type\" content=\"image\/jpeg\" \/>\n<meta name=\"author\" content=\"Nexo Informativo\" \/>\n<meta name=\"twitter:card\" content=\"summary_large_image\" \/>\n<meta name=\"twitter:label1\" content=\"Escrito por\" \/>\n\t<meta name=\"twitter:data1\" content=\"Nexo Informativo\" \/>\n\t<meta name=\"twitter:label2\" content=\"Tiempo de lectura\" \/>\n\t<meta name=\"twitter:data2\" content=\"2 minutos\" \/>\n<script type=\"application\/ld+json\" class=\"yoast-schema-graph\">{\"@context\":\"https:\/\/schema.org\",\"@graph\":[{\"@type\":\"Article\",\"@id\":\"https:\/\/www.nexoinformativo.mx\/index.php\/2025\/02\/03\/felifer-macias-escucha-a-vecinos-de-josefa-ortiz-y-anuncia-obras-prioritarias\/#article\",\"isPartOf\":{\"@id\":\"https:\/\/www.nexoinformativo.mx\/index.php\/2025\/02\/03\/felifer-macias-escucha-a-vecinos-de-josefa-ortiz-y-anuncia-obras-prioritarias\/\"},\"author\":{\"name\":\"Nexo Informativo\",\"@id\":\"https:\/\/www.nexoinformativo.mx\/#\/schema\/person\/7749d380ba08c8ca00d7bc76fd907b7d\"},\"headline\":\"Felifer Mac\u00edas escucha a vecinos de Josefa Ortiz y anuncia obras prioritarias\",\"datePublished\":\"2025-02-03T15:30:04+00:00\",\"dateModified\":\"2025-02-03T18:39:57+00:00\",\"mainEntityOfPage\":{\"@id\":\"https:\/\/www.nexoinformativo.mx\/index.php\/2025\/02\/03\/felifer-macias-escucha-a-vecinos-de-josefa-ortiz-y-anuncia-obras-prioritarias\/\"},\"wordCount\":288,\"commentCount\":0,\"publisher\":{\"@id\":\"https:\/\/www.nexoinformativo.mx\/#organization\"},\"image\":{\"@id\":\"https:\/\/www.nexoinformativo.mx\/index.php\/2025\/02\/03\/felifer-macias-escucha-a-vecinos-de-josefa-ortiz-y-anuncia-obras-prioritarias\/#primaryimage\"},\"thumbnailUrl\":\"https:\/\/www.nexoinformativo.mx\/wp-content\/uploads\/2025\/02\/PHOTO-2025-02-03-11-43-38-e1738607930188.jpg\",\"keywords\":[\"DecideQuer\u00e9taro\",\"FeliferMac\u00edas\",\"ObrasP\u00fablicas\",\"Participaci\u00f3nCiudadana\"],\"articleSection\":[\"Municipios\",\"\u00daltima Hora\"],\"inLanguage\":\"es\",\"potentialAction\":[{\"@type\":\"CommentAction\",\"name\":\"Comment\",\"target\":[\"https:\/\/www.nexoinformativo.mx\/index.php\/2025\/02\/03\/felifer-macias-escucha-a-vecinos-de-josefa-ortiz-y-anuncia-obras-prioritarias\/#respond\"]}]},{\"@type\":\"WebPage\",\"@id\":\"https:\/\/www.nexoinformativo.mx\/index.php\/2025\/02\/03\/felifer-macias-escucha-a-vecinos-de-josefa-ortiz-y-anuncia-obras-prioritarias\/\",\"url\":\"https:\/\/www.nexoinformativo.mx\/index.php\/2025\/02\/03\/felifer-macias-escucha-a-vecinos-de-josefa-ortiz-y-anuncia-obras-prioritarias\/\",\"name\":\"Felifer Mac\u00edas escucha a vecinos de Josefa Ortiz y anuncia obras prioritarias | Nexo Informativo Santiago de Quer\u00e9taro\",\"isPartOf\":{\"@id\":\"https:\/\/www.nexoinformativo.mx\/#website\"},\"primaryImageOfPage\":{\"@id\":\"https:\/\/www.nexoinformativo.mx\/index.php\/2025\/02\/03\/felifer-macias-escucha-a-vecinos-de-josefa-ortiz-y-anuncia-obras-prioritarias\/#primaryimage\"},\"image\":{\"@id\":\"https:\/\/www.nexoinformativo.mx\/index.php\/2025\/02\/03\/felifer-macias-escucha-a-vecinos-de-josefa-ortiz-y-anuncia-obras-prioritarias\/#primaryimage\"},\"thumbnailUrl\":\"https:\/\/www.nexoinformativo.mx\/wp-content\/uploads\/2025\/02\/PHOTO-2025-02-03-11-43-38-e1738607930188.jpg\",\"datePublished\":\"2025-02-03T15:30:04+00:00\",\"dateModified\":\"2025-02-03T18:39:57+00:00\",\"description\":\"Felifer Mac\u00edas escucha a vecinos de Josefa Ortiz y anuncia obras prioritarias\",\"breadcrumb\":{\"@id\":\"https:\/\/www.nexoinformativo.mx\/index.php\/2025\/02\/03\/felifer-macias-escucha-a-vecinos-de-josefa-ortiz-y-anuncia-obras-prioritarias\/#breadcrumb\"},\"inLanguage\":\"es\",\"potentialAction\":[{\"@type\":\"ReadAction\",\"target\":[\"https:\/\/www.nexoinformativo.mx\/index.php\/2025\/02\/03\/felifer-macias-escucha-a-vecinos-de-josefa-ortiz-y-anuncia-obras-prioritarias\/\"]}]},{\"@type\":\"ImageObject\",\"inLanguage\":\"es\",\"@id\":\"https:\/\/www.nexoinformativo.mx\/index.php\/2025\/02\/03\/felifer-macias-escucha-a-vecinos-de-josefa-ortiz-y-anuncia-obras-prioritarias\/#primaryimage\",\"url\":\"https:\/\/www.nexoinformativo.mx\/wp-content\/uploads\/2025\/02\/PHOTO-2025-02-03-11-43-38-e1738607930188.jpg\",\"contentUrl\":\"https:\/\/www.nexoinformativo.mx\/wp-content\/uploads\/2025\/02\/PHOTO-2025-02-03-11-43-38-e1738607930188.jpg\",\"width\":800,\"height\":533},{\"@type\":\"BreadcrumbList\",\"@id\":\"https:\/\/www.nexoinformativo.mx\/index.php\/2025\/02\/03\/felifer-macias-escucha-a-vecinos-de-josefa-ortiz-y-anuncia-obras-prioritarias\/#breadcrumb\",\"itemListElement\":[{\"@type\":\"ListItem\",\"position\":1,\"name\":\"Inicio\",\"item\":\"https:\/\/www.nexoinformativo.mx\/\"},{\"@type\":\"ListItem\",\"position\":2,\"name\":\"Felifer Mac\u00edas escucha a vecinos de Josefa Ortiz y anuncia obras prioritarias\"}]},{\"@type\":\"WebSite\",\"@id\":\"https:\/\/www.nexoinformativo.mx\/#website\",\"url\":\"https:\/\/www.nexoinformativo.mx\/\",\"name\":\"Nexo Informativo Santiago de Quer\u00e9taro\",\"description\":\"Explora NexoInformativo y convi\u00e9rtete en parte de una comunidad que valora el conocimiento y la verdad. Tu nexoinformativo es tu puente hacia una comprensi\u00f3n m\u00e1s profunda del mundo que te rodea.\",\"publisher\":{\"@id\":\"https:\/\/www.nexoinformativo.mx\/#organization\"},\"potentialAction\":[{\"@type\":\"SearchAction\",\"target\":{\"@type\":\"EntryPoint\",\"urlTemplate\":\"https:\/\/www.nexoinformativo.mx\/?s={search_term_string}\"},\"query-input\":{\"@type\":\"PropertyValueSpecification\",\"valueRequired\":true,\"valueName\":\"search_term_string\"}}],\"inLanguage\":\"es\"},{\"@type\":\"Organization\",\"@id\":\"https:\/\/www.nexoinformativo.mx\/#organization\",\"name\":\"Nexo Informativo Santiago de Quer\u00e9taro\",\"url\":\"https:\/\/www.nexoinformativo.mx\/\",\"logo\":{\"@type\":\"ImageObject\",\"inLanguage\":\"es\",\"@id\":\"https:\/\/www.nexoinformativo.mx\/#\/schema\/logo\/image\/\",\"url\":\"https:\/\/www.nexoinformativo.mx\/wp-content\/uploads\/2024\/07\/nexoi-trasparente-2.png\",\"contentUrl\":\"https:\/\/www.nexoinformativo.mx\/wp-content\/uploads\/2024\/07\/nexoi-trasparente-2.png\",\"width\":816,\"height\":339,\"caption\":\"Nexo Informativo Santiago de Quer\u00e9taro\"},\"image\":{\"@id\":\"https:\/\/www.nexoinformativo.mx\/#\/schema\/logo\/image\/\"},\"sameAs\":[\"https:\/\/www.facebook.com\/people\/Nexo-Informativo\/61564066885511\/\"]},{\"@type\":\"Person\",\"@id\":\"https:\/\/www.nexoinformativo.mx\/#\/schema\/person\/7749d380ba08c8ca00d7bc76fd907b7d\",\"name\":\"Nexo Informativo\",\"image\":{\"@type\":\"ImageObject\",\"inLanguage\":\"es\",\"@id\":\"https:\/\/www.nexoinformativo.mx\/#\/schema\/person\/image\/\",\"url\":\"https:\/\/secure.gravatar.com\/avatar\/dde2928154642a13d95f87ddf1ea9718fe2b46760a005c53e41ff5ad610704e6?s=96&d=mm&r=g\",\"contentUrl\":\"https:\/\/secure.gravatar.com\/avatar\/dde2928154642a13d95f87ddf1ea9718fe2b46760a005c53e41ff5ad610704e6?s=96&d=mm&r=g\",\"caption\":\"Nexo Informativo\"},\"url\":\"https:\/\/www.nexoinformativo.mx\/index.php\/author\/edicion\/\"}]}<\/script>\n<!-- \/ Yoast SEO plugin. -->","yoast_head_json":{"title":"Felifer Mac\u00edas escucha a vecinos de Josefa Ortiz y anuncia obras prioritarias | Nexo Informativo Santiago de Quer\u00e9taro","description":"Felifer Mac\u00edas escucha a vecinos de Josefa Ortiz y anuncia obras prioritarias","robots":{"index":"index","follow":"follow","max-snippet":"max-snippet:-1","max-image-preview":"max-image-preview:large","max-video-preview":"max-video-preview:-1"},"canonical":"https:\/\/www.nexoinformativo.mx\/index.php\/2025\/02\/03\/felifer-macias-escucha-a-vecinos-de-josefa-ortiz-y-anuncia-obras-prioritarias\/","og_locale":"es_MX","og_type":"article","og_title":"Felifer Mac\u00edas escucha a vecinos de Josefa Ortiz y anuncia obras prioritarias | Nexo Informativo Santiago de Quer\u00e9taro","og_description":"Felifer Mac\u00edas escucha a vecinos de Josefa Ortiz y anuncia obras prioritarias","og_url":"https:\/\/www.nexoinformativo.mx\/index.php\/2025\/02\/03\/felifer-macias-escucha-a-vecinos-de-josefa-ortiz-y-anuncia-obras-prioritarias\/","og_site_name":"Nexo Informativo Santiago de Quer\u00e9taro","article_publisher":"https:\/\/www.facebook.com\/people\/Nexo-Informativo\/61564066885511\/","article_published_time":"2025-02-03T15:30:04+00:00","article_modified_time":"2025-02-03T18:39:57+00:00","og_image":[{"width":800,"height":533,"url":"https:\/\/www.nexoinformativo.mx\/wp-content\/uploads\/2025\/02\/PHOTO-2025-02-03-11-43-38-e1738607930188.jpg","type":"image\/jpeg"}],"author":"Nexo Informativo","twitter_card":"summary_large_image","twitter_misc":{"Escrito por":"Nexo Informativo","Tiempo de lectura":"2 minutos"},"schema":{"@context":"https:\/\/schema.org","@graph":[{"@type":"Article","@id":"https:\/\/www.nexoinformativo.mx\/index.php\/2025\/02\/03\/felifer-macias-escucha-a-vecinos-de-josefa-ortiz-y-anuncia-obras-prioritarias\/#article","isPartOf":{"@id":"https:\/\/www.nexoinformativo.mx\/index.php\/2025\/02\/03\/felifer-macias-escucha-a-vecinos-de-josefa-ortiz-y-anuncia-obras-prioritarias\/"},"author":{"name":"Nexo Informativo","@id":"https:\/\/www.nexoinformativo.mx\/#\/schema\/person\/7749d380ba08c8ca00d7bc76fd907b7d"},"headline":"Felifer Mac\u00edas escucha a vecinos de Josefa Ortiz y anuncia obras prioritarias","datePublished":"2025-02-03T15:30:04+00:00","dateModified":"2025-02-03T18:39:57+00:00","mainEntityOfPage":{"@id":"https:\/\/www.nexoinformativo.mx\/index.php\/2025\/02\/03\/felifer-macias-escucha-a-vecinos-de-josefa-ortiz-y-anuncia-obras-prioritarias\/"},"wordCount":288,"commentCount":0,"publisher":{"@id":"https:\/\/www.nexoinformativo.mx\/#organization"},"image":{"@id":"https:\/\/www.nexoinformativo.mx\/index.php\/2025\/02\/03\/felifer-macias-escucha-a-vecinos-de-josefa-ortiz-y-anuncia-obras-prioritarias\/#primaryimage"},"thumbnailUrl":"https:\/\/www.nexoinformativo.mx\/wp-content\/uploads\/2025\/02\/PHOTO-2025-02-03-11-43-38-e1738607930188.jpg","keywords":["DecideQuer\u00e9taro","FeliferMac\u00edas","ObrasP\u00fablicas","Participaci\u00f3nCiudadana"],"articleSection":["Municipios","\u00daltima Hora"],"inLanguage":"es","potentialAction":[{"@type":"CommentAction","name":"Comment","target":["https:\/\/www.nexoinformativo.mx\/index.php\/2025\/02\/03\/felifer-macias-escucha-a-vecinos-de-josefa-ortiz-y-anuncia-obras-prioritarias\/#respond"]}]},{"@type":"WebPage","@id":"https:\/\/www.nexoinformativo.mx\/index.php\/2025\/02\/03\/felifer-macias-escucha-a-vecinos-de-josefa-ortiz-y-anuncia-obras-prioritarias\/","url":"https:\/\/www.nexoinformativo.mx\/index.php\/2025\/02\/03\/felifer-macias-escucha-a-vecinos-de-josefa-ortiz-y-anuncia-obras-prioritarias\/","name":"Felifer Mac\u00edas escucha a vecinos de Josefa Ortiz y anuncia obras prioritarias | Nexo Informativo Santiago de Quer\u00e9taro","isPartOf":{"@id":"https:\/\/www.nexoinformativo.mx\/#website"},"primaryImageOfPage":{"@id":"https:\/\/www.nexoinformativo.mx\/index.php\/2025\/02\/03\/felifer-macias-escucha-a-vecinos-de-josefa-ortiz-y-anuncia-obras-prioritarias\/#primaryimage"},"image":{"@id":"https:\/\/www.nexoinformativo.mx\/index.php\/2025\/02\/03\/felifer-macias-escucha-a-vecinos-de-josefa-ortiz-y-anuncia-obras-prioritarias\/#primaryimage"},"thumbnailUrl":"https:\/\/www.nexoinformativo.mx\/wp-content\/uploads\/2025\/02\/PHOTO-2025-02-03-11-43-38-e1738607930188.jpg","datePublished":"2025-02-03T15:30:04+00:00","dateModified":"2025-02-03T18:39:57+00:00","description":"Felifer Mac\u00edas escucha a vecinos de Josefa Ortiz y anuncia obras prioritarias","breadcrumb":{"@id":"https:\/\/www.nexoinformativo.mx\/index.php\/2025\/02\/03\/felifer-macias-escucha-a-vecinos-de-josefa-ortiz-y-anuncia-obras-prioritarias\/#breadcrumb"},"inLanguage":"es","potentialAction":[{"@type":"ReadAction","target":["https:\/\/www.nexoinformativo.mx\/index.php\/2025\/02\/03\/felifer-macias-escucha-a-vecinos-de-josefa-ortiz-y-anuncia-obras-prioritarias\/"]}]},{"@type":"ImageObject","inLanguage":"es","@id":"https:\/\/www.nexoinformativo.mx\/index.php\/2025\/02\/03\/felifer-macias-escucha-a-vecinos-de-josefa-ortiz-y-anuncia-obras-prioritarias\/#primaryimage","url":"https:\/\/www.nexoinformativo.mx\/wp-content\/uploads\/2025\/02\/PHOTO-2025-02-03-11-43-38-e1738607930188.jpg","contentUrl":"https:\/\/www.nexoinformativo.mx\/wp-content\/uploads\/2025\/02\/PHOTO-2025-02-03-11-43-38-e1738607930188.jpg","width":800,"height":533},{"@type":"BreadcrumbList","@id":"https:\/\/www.nexoinformativo.mx\/index.php\/2025\/02\/03\/felifer-macias-escucha-a-vecinos-de-josefa-ortiz-y-anuncia-obras-prioritarias\/#breadcrumb","itemListElement":[{"@type":"ListItem","position":1,"name":"Inicio","item":"https:\/\/www.nexoinformativo.mx\/"},{"@type":"ListItem","position":2,"name":"Felifer Mac\u00edas escucha a vecinos de Josefa Ortiz y anuncia obras prioritarias"}]},{"@type":"WebSite","@id":"https:\/\/www.nexoinformativo.mx\/#website","url":"https:\/\/www.nexoinformativo.mx\/","name":"Nexo Informativo Santiago de Quer\u00e9taro","description":"Explora NexoInformativo y convi\u00e9rtete en parte de una comunidad que valora el conocimiento y la verdad. Tu nexoinformativo es tu puente hacia una comprensi\u00f3n m\u00e1s profunda del mundo que te rodea.","publisher":{"@id":"https:\/\/www.nexoinformativo.mx\/#organization"},"potentialAction":[{"@type":"SearchAction","target":{"@type":"EntryPoint","urlTemplate":"https:\/\/www.nexoinformativo.mx\/?s={search_term_string}"},"query-input":{"@type":"PropertyValueSpecification","valueRequired":true,"valueName":"search_term_string"}}],"inLanguage":"es"},{"@type":"Organization","@id":"https:\/\/www.nexoinformativo.mx\/#organization","name":"Nexo Informativo Santiago de Quer\u00e9taro","url":"https:\/\/www.nexoinformativo.mx\/","logo":{"@type":"ImageObject","inLanguage":"es","@id":"https:\/\/www.nexoinformativo.mx\/#\/schema\/logo\/image\/","url":"https:\/\/www.nexoinformativo.mx\/wp-content\/uploads\/2024\/07\/nexoi-trasparente-2.png","contentUrl":"https:\/\/www.nexoinformativo.mx\/wp-content\/uploads\/2024\/07\/nexoi-trasparente-2.png","width":816,"height":339,"caption":"Nexo Informativo Santiago de Quer\u00e9taro"},"image":{"@id":"https:\/\/www.nexoinformativo.mx\/#\/schema\/logo\/image\/"},"sameAs":["https:\/\/www.facebook.com\/people\/Nexo-Informativo\/61564066885511\/"]},{"@type":"Person","@id":"https:\/\/www.nexoinformativo.mx\/#\/schema\/person\/7749d380ba08c8ca00d7bc76fd907b7d","name":"Nexo Informativo","image":{"@type":"ImageObject","inLanguage":"es","@id":"https:\/\/www.nexoinformativo.mx\/#\/schema\/person\/image\/","url":"https:\/\/secure.gravatar.com\/avatar\/dde2928154642a13d95f87ddf1ea9718fe2b46760a005c53e41ff5ad610704e6?s=96&d=mm&r=g","contentUrl":"https:\/\/secure.gravatar.com\/avatar\/dde2928154642a13d95f87ddf1ea9718fe2b46760a005c53e41ff5ad610704e6?s=96&d=mm&r=g","caption":"Nexo Informativo"},"url":"https:\/\/www.nexoinformativo.mx\/index.php\/author\/edicion\/"}]}},"_links":{"self":[{"href":"https:\/\/www.nexoinformativo.mx\/index.php\/wp-json\/wp\/v2\/posts\/11142","targetHints":{"allow":["GET"]}}],"collection":[{"href":"https:\/\/www.nexoinformativo.mx\/index.php\/wp-json\/wp\/v2\/posts"}],"about":[{"href":"https:\/\/www.nexoinformativo.mx\/index.php\/wp-json\/wp\/v2\/types\/post"}],"author":[{"embeddable":true,"href":"https:\/\/www.nexoinformativo.mx\/index.php\/wp-json\/wp\/v2\/users\/3"}],"replies":[{"embeddable":true,"href":"https:\/\/www.nexoinformativo.mx\/index.php\/wp-json\/wp\/v2\/comments?post=11142"}],"version-history":[{"count":4,"href":"https:\/\/www.nexoinformativo.mx\/index.php\/wp-json\/wp\/v2\/posts\/11142\/revisions"}],"predecessor-version":[{"id":11146,"href":"https:\/\/www.nexoinformativo.mx\/index.php\/wp-json\/wp\/v2\/posts\/11142\/revisions\/11146"}],"wp:featuredmedia":[{"embeddable":true,"href":"https:\/\/www.nexoinformativo.mx\/index.php\/wp-json\/wp\/v2\/media\/11144"}],"wp:attachment":[{"href":"https:\/\/www.nexoinformativo.mx\/index.php\/wp-json\/wp\/v2\/media?parent=11142"}],"wp:term":[{"taxonomy":"category","embeddable":true,"href":"https:\/\/www.nexoinformativo.mx\/index.php\/wp-json\/wp\/v2\/categories?post=11142"},{"taxonomy":"post_tag","embeddable":true,"href":"https:\/\/www.nexoinformativo.mx\/index.php\/wp-json\/wp\/v2\/tags?post=11142"}],"curies":[{"name":"wp","href":"https:\/\/api.w.org\/{rel}","templated":true}]}}