{"id":11148,"date":"2025-02-03T11:00:59","date_gmt":"2025-02-03T17:00:59","guid":{"rendered":"https:\/\/www.nexoinformativo.mx\/?p=11148"},"modified":"2025-02-03T13:07:48","modified_gmt":"2025-02-03T19:07:48","slug":"en-el-marques-300-voluntarios-limpian-el-rio-queretaro-un-esfuerzo-conjunto-por-el-medio-ambiente","status":"publish","type":"post","link":"https:\/\/www.nexoinformativo.mx\/index.php\/2025\/02\/03\/en-el-marques-300-voluntarios-limpian-el-rio-queretaro-un-esfuerzo-conjunto-por-el-medio-ambiente\/","title":{"rendered":"En el Marqu\u00e9s 300 voluntarios limpian el R\u00edo Quer\u00e9taro un esfuerzo conjunto por el medio ambiente"},"content":{"rendered":"<p style=\"text-align: justify;\" data-sourcepos=\"11:1-11:382\">En un esfuerzo conjunto por preservar el medio ambiente, el municipio de El Marqu\u00e9s llev\u00f3 a cabo una importante jornada de limpieza en el R\u00edo Quer\u00e9taro. Con la participaci\u00f3n de cerca de 300 trabajadores municipales y voluntarios, se recolectaron toneladas de basura y se realizaron labores de desmalezado a lo largo de cuatro kil\u00f3metros del cauce.<\/p>\n<p>&nbsp;<\/p>\n<p style=\"text-align: justify;\" data-sourcepos=\"13:1-13:343\">Esta iniciativa, impulsada por el presidente municipal Rodrigo Monsalvo, busca recuperar y conservar este importante cuerpo de agua que cruza por La Ca\u00f1ada. La coordinadora de Gabinete Municipal, Claudia Guevara, encabez\u00f3 los trabajos y destac\u00f3 la importancia de esta acci\u00f3n para mejorar la calidad de vida de los habitantes.<\/p>\n<p>&nbsp;<\/p>\n<p style=\"text-align: justify;\" data-sourcepos=\"15:1-15:198\">Durante la jornada se recolectaron diversos tipos de residuos, como pl\u00e1sticos, llantas y otros desechos. Adem\u00e1s, se realizaron labores de desmalezado para mejorar la imagen y funcionalidad del \u00e1rea.<\/p>\n<p>&nbsp;<\/p>\n<p style=\"text-align: justify;\" data-sourcepos=\"17:1-17:191\"><strong>&#8220;A nombre de nuestro presidente municipal Rodrigo Monsalvo, primero agradecerles por sumarse a esta noble y gran labor que sin duda ayuda a nuestro entorno<\/strong>&#8220;, expres\u00f3 Claudia Guevara.<\/p>\n<p>&nbsp;<\/p>\n<p style=\"text-align: justify;\" data-sourcepos=\"19:1-19:311\">La jornada de limpieza cont\u00f3 con la participaci\u00f3n de diversas dependencias municipales, como la Secretar\u00eda de Seguridad P\u00fablica, la Secretar\u00eda de Desarrollo Sustentable y el Instituto del Deporte y Cultura. Adem\u00e1s, se cont\u00f3 con la presencia de Protecci\u00f3n Civil para garantizar la seguridad de los participantes.<\/p>\n<p>&nbsp;<\/p>\n<p style=\"text-align: justify;\" data-sourcepos=\"21:1-21:295\">Este esfuerzo demuestra el compromiso de la administraci\u00f3n municipal con la protecci\u00f3n del medio ambiente y la promoci\u00f3n de una cultura de cuidado del entorno. Se espera que esta sea la primera de muchas acciones enfocadas en la recuperaci\u00f3n del R\u00edo Quer\u00e9taro y su ecosistema.<\/p>\n<p>&nbsp;<\/p>\n<p style=\"text-align: center;\" data-sourcepos=\"21:1-21:295\"><em><strong>\u00a1Informaci\u00f3n que transforma!<\/strong><\/em><\/p>\n","protected":false},"excerpt":{"rendered":"<p>En un esfuerzo conjunto por preservar el medio ambiente, el municipio de El Marqu\u00e9s llev\u00f3 a cabo una importante jornada de limpieza en el R\u00edo Quer\u00e9taro. Con la participaci\u00f3n de cerca de 300 trabajadores municipales y voluntarios, se recolectaron toneladas de basura y se realizaron labores de desmalezado a lo largo de cuatro kil\u00f3metros del cauce.<\/p>\n","protected":false},"author":3,"featured_media":11149,"comment_status":"open","ping_status":"open","sticky":false,"template":"","format":"standard","meta":{"footnotes":""},"categories":[65,58],"tags":[149,3333,656,1451],"class_list":["post-11148","post","type-post","status-publish","format-standard","has-post-thumbnail","hentry","category-municipios","category-ultima-hora","tag-elmarques","tag-limpiezarioqueretaro","tag-medioambiente","tag-sostenibilidad"],"yoast_head":"<!-- This site is optimized with the Yoast SEO plugin v25.0 - https:\/\/yoast.com\/wordpress\/plugins\/seo\/ -->\n<title>En el Marqu\u00e9s 300 voluntarios limpian el R\u00edo Quer\u00e9taro un esfuerzo conjunto por el medio ambiente | Nexo Informativo Santiago de Quer\u00e9taro<\/title>\n<meta name=\"description\" content=\"En el Marqu\u00e9s 300 voluntarios limpian el R\u00edo Quer\u00e9taro un esfuerzo conjunto por el medio ambiente\" \/>\n<meta name=\"robots\" content=\"index, follow, max-snippet:-1, max-image-preview:large, max-video-preview:-1\" \/>\n<link rel=\"canonical\" href=\"https:\/\/www.nexoinformativo.mx\/index.php\/2025\/02\/03\/en-el-marques-300-voluntarios-limpian-el-rio-queretaro-un-esfuerzo-conjunto-por-el-medio-ambiente\/\" \/>\n<meta property=\"og:locale\" content=\"es_MX\" \/>\n<meta property=\"og:type\" content=\"article\" \/>\n<meta property=\"og:title\" content=\"En el Marqu\u00e9s 300 voluntarios limpian el R\u00edo Quer\u00e9taro un esfuerzo conjunto por el medio ambiente | Nexo Informativo Santiago de Quer\u00e9taro\" \/>\n<meta property=\"og:description\" content=\"En el Marqu\u00e9s 300 voluntarios limpian el R\u00edo Quer\u00e9taro un esfuerzo conjunto por el medio ambiente\" \/>\n<meta property=\"og:url\" content=\"https:\/\/www.nexoinformativo.mx\/index.php\/2025\/02\/03\/en-el-marques-300-voluntarios-limpian-el-rio-queretaro-un-esfuerzo-conjunto-por-el-medio-ambiente\/\" \/>\n<meta property=\"og:site_name\" content=\"Nexo Informativo Santiago de Quer\u00e9taro\" \/>\n<meta property=\"article:publisher\" content=\"https:\/\/www.facebook.com\/people\/Nexo-Informativo\/61564066885511\/\" \/>\n<meta property=\"article:published_time\" content=\"2025-02-03T17:00:59+00:00\" \/>\n<meta property=\"article:modified_time\" content=\"2025-02-03T19:07:48+00:00\" \/>\n<meta property=\"og:image\" content=\"https:\/\/www.nexoinformativo.mx\/wp-content\/uploads\/2025\/02\/PHOTO-2025-02-03-13-04-05-e1738609544659.jpg\" \/>\n\t<meta property=\"og:image:width\" content=\"800\" \/>\n\t<meta property=\"og:image:height\" content=\"533\" \/>\n\t<meta property=\"og:image:type\" content=\"image\/jpeg\" \/>\n<meta name=\"author\" content=\"Nexo Informativo\" \/>\n<meta name=\"twitter:card\" content=\"summary_large_image\" \/>\n<meta name=\"twitter:label1\" content=\"Escrito por\" \/>\n\t<meta name=\"twitter:data1\" content=\"Nexo Informativo\" \/>\n\t<meta name=\"twitter:label2\" content=\"Tiempo de lectura\" \/>\n\t<meta name=\"twitter:data2\" content=\"2 minutos\" \/>\n<script type=\"application\/ld+json\" class=\"yoast-schema-graph\">{\"@context\":\"https:\/\/schema.org\",\"@graph\":[{\"@type\":\"Article\",\"@id\":\"https:\/\/www.nexoinformativo.mx\/index.php\/2025\/02\/03\/en-el-marques-300-voluntarios-limpian-el-rio-queretaro-un-esfuerzo-conjunto-por-el-medio-ambiente\/#article\",\"isPartOf\":{\"@id\":\"https:\/\/www.nexoinformativo.mx\/index.php\/2025\/02\/03\/en-el-marques-300-voluntarios-limpian-el-rio-queretaro-un-esfuerzo-conjunto-por-el-medio-ambiente\/\"},\"author\":{\"name\":\"Nexo Informativo\",\"@id\":\"https:\/\/www.nexoinformativo.mx\/#\/schema\/person\/7749d380ba08c8ca00d7bc76fd907b7d\"},\"headline\":\"En el Marqu\u00e9s 300 voluntarios limpian el R\u00edo Quer\u00e9taro un esfuerzo conjunto por el medio ambiente\",\"datePublished\":\"2025-02-03T17:00:59+00:00\",\"dateModified\":\"2025-02-03T19:07:48+00:00\",\"mainEntityOfPage\":{\"@id\":\"https:\/\/www.nexoinformativo.mx\/index.php\/2025\/02\/03\/en-el-marques-300-voluntarios-limpian-el-rio-queretaro-un-esfuerzo-conjunto-por-el-medio-ambiente\/\"},\"wordCount\":301,\"commentCount\":0,\"publisher\":{\"@id\":\"https:\/\/www.nexoinformativo.mx\/#organization\"},\"image\":{\"@id\":\"https:\/\/www.nexoinformativo.mx\/index.php\/2025\/02\/03\/en-el-marques-300-voluntarios-limpian-el-rio-queretaro-un-esfuerzo-conjunto-por-el-medio-ambiente\/#primaryimage\"},\"thumbnailUrl\":\"https:\/\/www.nexoinformativo.mx\/wp-content\/uploads\/2025\/02\/PHOTO-2025-02-03-13-04-05-e1738609544659.jpg\",\"keywords\":[\"elmarques\",\"LimpiezaR\u00edoQuer\u00e9taro\",\"MedioAmbiente\",\"Sostenibilidad\"],\"articleSection\":[\"Municipios\",\"\u00daltima Hora\"],\"inLanguage\":\"es\",\"potentialAction\":[{\"@type\":\"CommentAction\",\"name\":\"Comment\",\"target\":[\"https:\/\/www.nexoinformativo.mx\/index.php\/2025\/02\/03\/en-el-marques-300-voluntarios-limpian-el-rio-queretaro-un-esfuerzo-conjunto-por-el-medio-ambiente\/#respond\"]}]},{\"@type\":\"WebPage\",\"@id\":\"https:\/\/www.nexoinformativo.mx\/index.php\/2025\/02\/03\/en-el-marques-300-voluntarios-limpian-el-rio-queretaro-un-esfuerzo-conjunto-por-el-medio-ambiente\/\",\"url\":\"https:\/\/www.nexoinformativo.mx\/index.php\/2025\/02\/03\/en-el-marques-300-voluntarios-limpian-el-rio-queretaro-un-esfuerzo-conjunto-por-el-medio-ambiente\/\",\"name\":\"En el Marqu\u00e9s 300 voluntarios limpian el R\u00edo Quer\u00e9taro un esfuerzo conjunto por el medio ambiente | Nexo Informativo Santiago de Quer\u00e9taro\",\"isPartOf\":{\"@id\":\"https:\/\/www.nexoinformativo.mx\/#website\"},\"primaryImageOfPage\":{\"@id\":\"https:\/\/www.nexoinformativo.mx\/index.php\/2025\/02\/03\/en-el-marques-300-voluntarios-limpian-el-rio-queretaro-un-esfuerzo-conjunto-por-el-medio-ambiente\/#primaryimage\"},\"image\":{\"@id\":\"https:\/\/www.nexoinformativo.mx\/index.php\/2025\/02\/03\/en-el-marques-300-voluntarios-limpian-el-rio-queretaro-un-esfuerzo-conjunto-por-el-medio-ambiente\/#primaryimage\"},\"thumbnailUrl\":\"https:\/\/www.nexoinformativo.mx\/wp-content\/uploads\/2025\/02\/PHOTO-2025-02-03-13-04-05-e1738609544659.jpg\",\"datePublished\":\"2025-02-03T17:00:59+00:00\",\"dateModified\":\"2025-02-03T19:07:48+00:00\",\"description\":\"En el Marqu\u00e9s 300 voluntarios limpian el R\u00edo Quer\u00e9taro un esfuerzo conjunto por el medio ambiente\",\"breadcrumb\":{\"@id\":\"https:\/\/www.nexoinformativo.mx\/index.php\/2025\/02\/03\/en-el-marques-300-voluntarios-limpian-el-rio-queretaro-un-esfuerzo-conjunto-por-el-medio-ambiente\/#breadcrumb\"},\"inLanguage\":\"es\",\"potentialAction\":[{\"@type\":\"ReadAction\",\"target\":[\"https:\/\/www.nexoinformativo.mx\/index.php\/2025\/02\/03\/en-el-marques-300-voluntarios-limpian-el-rio-queretaro-un-esfuerzo-conjunto-por-el-medio-ambiente\/\"]}]},{\"@type\":\"ImageObject\",\"inLanguage\":\"es\",\"@id\":\"https:\/\/www.nexoinformativo.mx\/index.php\/2025\/02\/03\/en-el-marques-300-voluntarios-limpian-el-rio-queretaro-un-esfuerzo-conjunto-por-el-medio-ambiente\/#primaryimage\",\"url\":\"https:\/\/www.nexoinformativo.mx\/wp-content\/uploads\/2025\/02\/PHOTO-2025-02-03-13-04-05-e1738609544659.jpg\",\"contentUrl\":\"https:\/\/www.nexoinformativo.mx\/wp-content\/uploads\/2025\/02\/PHOTO-2025-02-03-13-04-05-e1738609544659.jpg\",\"width\":800,\"height\":533},{\"@type\":\"BreadcrumbList\",\"@id\":\"https:\/\/www.nexoinformativo.mx\/index.php\/2025\/02\/03\/en-el-marques-300-voluntarios-limpian-el-rio-queretaro-un-esfuerzo-conjunto-por-el-medio-ambiente\/#breadcrumb\",\"itemListElement\":[{\"@type\":\"ListItem\",\"position\":1,\"name\":\"Inicio\",\"item\":\"https:\/\/www.nexoinformativo.mx\/\"},{\"@type\":\"ListItem\",\"position\":2,\"name\":\"En el Marqu\u00e9s 300 voluntarios limpian el R\u00edo Quer\u00e9taro un esfuerzo conjunto por el medio ambiente\"}]},{\"@type\":\"WebSite\",\"@id\":\"https:\/\/www.nexoinformativo.mx\/#website\",\"url\":\"https:\/\/www.nexoinformativo.mx\/\",\"name\":\"Nexo Informativo Santiago de Quer\u00e9taro\",\"description\":\"Explora NexoInformativo y convi\u00e9rtete en parte de una comunidad que valora el conocimiento y la verdad. Tu nexoinformativo es tu puente hacia una comprensi\u00f3n m\u00e1s profunda del mundo que te rodea.\",\"publisher\":{\"@id\":\"https:\/\/www.nexoinformativo.mx\/#organization\"},\"potentialAction\":[{\"@type\":\"SearchAction\",\"target\":{\"@type\":\"EntryPoint\",\"urlTemplate\":\"https:\/\/www.nexoinformativo.mx\/?s={search_term_string}\"},\"query-input\":{\"@type\":\"PropertyValueSpecification\",\"valueRequired\":true,\"valueName\":\"search_term_string\"}}],\"inLanguage\":\"es\"},{\"@type\":\"Organization\",\"@id\":\"https:\/\/www.nexoinformativo.mx\/#organization\",\"name\":\"Nexo Informativo Santiago de Quer\u00e9taro\",\"url\":\"https:\/\/www.nexoinformativo.mx\/\",\"logo\":{\"@type\":\"ImageObject\",\"inLanguage\":\"es\",\"@id\":\"https:\/\/www.nexoinformativo.mx\/#\/schema\/logo\/image\/\",\"url\":\"https:\/\/www.nexoinformativo.mx\/wp-content\/uploads\/2024\/07\/nexoi-trasparente-2.png\",\"contentUrl\":\"https:\/\/www.nexoinformativo.mx\/wp-content\/uploads\/2024\/07\/nexoi-trasparente-2.png\",\"width\":816,\"height\":339,\"caption\":\"Nexo Informativo Santiago de Quer\u00e9taro\"},\"image\":{\"@id\":\"https:\/\/www.nexoinformativo.mx\/#\/schema\/logo\/image\/\"},\"sameAs\":[\"https:\/\/www.facebook.com\/people\/Nexo-Informativo\/61564066885511\/\"]},{\"@type\":\"Person\",\"@id\":\"https:\/\/www.nexoinformativo.mx\/#\/schema\/person\/7749d380ba08c8ca00d7bc76fd907b7d\",\"name\":\"Nexo Informativo\",\"image\":{\"@type\":\"ImageObject\",\"inLanguage\":\"es\",\"@id\":\"https:\/\/www.nexoinformativo.mx\/#\/schema\/person\/image\/\",\"url\":\"https:\/\/secure.gravatar.com\/avatar\/dde2928154642a13d95f87ddf1ea9718fe2b46760a005c53e41ff5ad610704e6?s=96&d=mm&r=g\",\"contentUrl\":\"https:\/\/secure.gravatar.com\/avatar\/dde2928154642a13d95f87ddf1ea9718fe2b46760a005c53e41ff5ad610704e6?s=96&d=mm&r=g\",\"caption\":\"Nexo Informativo\"},\"url\":\"https:\/\/www.nexoinformativo.mx\/index.php\/author\/edicion\/\"}]}<\/script>\n<!-- \/ Yoast SEO plugin. -->","yoast_head_json":{"title":"En el Marqu\u00e9s 300 voluntarios limpian el R\u00edo Quer\u00e9taro un esfuerzo conjunto por el medio ambiente | Nexo Informativo Santiago de Quer\u00e9taro","description":"En el Marqu\u00e9s 300 voluntarios limpian el R\u00edo Quer\u00e9taro un esfuerzo conjunto por el medio ambiente","robots":{"index":"index","follow":"follow","max-snippet":"max-snippet:-1","max-image-preview":"max-image-preview:large","max-video-preview":"max-video-preview:-1"},"canonical":"https:\/\/www.nexoinformativo.mx\/index.php\/2025\/02\/03\/en-el-marques-300-voluntarios-limpian-el-rio-queretaro-un-esfuerzo-conjunto-por-el-medio-ambiente\/","og_locale":"es_MX","og_type":"article","og_title":"En el Marqu\u00e9s 300 voluntarios limpian el R\u00edo Quer\u00e9taro un esfuerzo conjunto por el medio ambiente | Nexo Informativo Santiago de Quer\u00e9taro","og_description":"En el Marqu\u00e9s 300 voluntarios limpian el R\u00edo Quer\u00e9taro un esfuerzo conjunto por el medio ambiente","og_url":"https:\/\/www.nexoinformativo.mx\/index.php\/2025\/02\/03\/en-el-marques-300-voluntarios-limpian-el-rio-queretaro-un-esfuerzo-conjunto-por-el-medio-ambiente\/","og_site_name":"Nexo Informativo Santiago de Quer\u00e9taro","article_publisher":"https:\/\/www.facebook.com\/people\/Nexo-Informativo\/61564066885511\/","article_published_time":"2025-02-03T17:00:59+00:00","article_modified_time":"2025-02-03T19:07:48+00:00","og_image":[{"width":800,"height":533,"url":"https:\/\/www.nexoinformativo.mx\/wp-content\/uploads\/2025\/02\/PHOTO-2025-02-03-13-04-05-e1738609544659.jpg","type":"image\/jpeg"}],"author":"Nexo Informativo","twitter_card":"summary_large_image","twitter_misc":{"Escrito por":"Nexo Informativo","Tiempo de lectura":"2 minutos"},"schema":{"@context":"https:\/\/schema.org","@graph":[{"@type":"Article","@id":"https:\/\/www.nexoinformativo.mx\/index.php\/2025\/02\/03\/en-el-marques-300-voluntarios-limpian-el-rio-queretaro-un-esfuerzo-conjunto-por-el-medio-ambiente\/#article","isPartOf":{"@id":"https:\/\/www.nexoinformativo.mx\/index.php\/2025\/02\/03\/en-el-marques-300-voluntarios-limpian-el-rio-queretaro-un-esfuerzo-conjunto-por-el-medio-ambiente\/"},"author":{"name":"Nexo Informativo","@id":"https:\/\/www.nexoinformativo.mx\/#\/schema\/person\/7749d380ba08c8ca00d7bc76fd907b7d"},"headline":"En el Marqu\u00e9s 300 voluntarios limpian el R\u00edo Quer\u00e9taro un esfuerzo conjunto por el medio ambiente","datePublished":"2025-02-03T17:00:59+00:00","dateModified":"2025-02-03T19:07:48+00:00","mainEntityOfPage":{"@id":"https:\/\/www.nexoinformativo.mx\/index.php\/2025\/02\/03\/en-el-marques-300-voluntarios-limpian-el-rio-queretaro-un-esfuerzo-conjunto-por-el-medio-ambiente\/"},"wordCount":301,"commentCount":0,"publisher":{"@id":"https:\/\/www.nexoinformativo.mx\/#organization"},"image":{"@id":"https:\/\/www.nexoinformativo.mx\/index.php\/2025\/02\/03\/en-el-marques-300-voluntarios-limpian-el-rio-queretaro-un-esfuerzo-conjunto-por-el-medio-ambiente\/#primaryimage"},"thumbnailUrl":"https:\/\/www.nexoinformativo.mx\/wp-content\/uploads\/2025\/02\/PHOTO-2025-02-03-13-04-05-e1738609544659.jpg","keywords":["elmarques","LimpiezaR\u00edoQuer\u00e9taro","MedioAmbiente","Sostenibilidad"],"articleSection":["Municipios","\u00daltima Hora"],"inLanguage":"es","potentialAction":[{"@type":"CommentAction","name":"Comment","target":["https:\/\/www.nexoinformativo.mx\/index.php\/2025\/02\/03\/en-el-marques-300-voluntarios-limpian-el-rio-queretaro-un-esfuerzo-conjunto-por-el-medio-ambiente\/#respond"]}]},{"@type":"WebPage","@id":"https:\/\/www.nexoinformativo.mx\/index.php\/2025\/02\/03\/en-el-marques-300-voluntarios-limpian-el-rio-queretaro-un-esfuerzo-conjunto-por-el-medio-ambiente\/","url":"https:\/\/www.nexoinformativo.mx\/index.php\/2025\/02\/03\/en-el-marques-300-voluntarios-limpian-el-rio-queretaro-un-esfuerzo-conjunto-por-el-medio-ambiente\/","name":"En el Marqu\u00e9s 300 voluntarios limpian el R\u00edo Quer\u00e9taro un esfuerzo conjunto por el medio ambiente | Nexo Informativo Santiago de Quer\u00e9taro","isPartOf":{"@id":"https:\/\/www.nexoinformativo.mx\/#website"},"primaryImageOfPage":{"@id":"https:\/\/www.nexoinformativo.mx\/index.php\/2025\/02\/03\/en-el-marques-300-voluntarios-limpian-el-rio-queretaro-un-esfuerzo-conjunto-por-el-medio-ambiente\/#primaryimage"},"image":{"@id":"https:\/\/www.nexoinformativo.mx\/index.php\/2025\/02\/03\/en-el-marques-300-voluntarios-limpian-el-rio-queretaro-un-esfuerzo-conjunto-por-el-medio-ambiente\/#primaryimage"},"thumbnailUrl":"https:\/\/www.nexoinformativo.mx\/wp-content\/uploads\/2025\/02\/PHOTO-2025-02-03-13-04-05-e1738609544659.jpg","datePublished":"2025-02-03T17:00:59+00:00","dateModified":"2025-02-03T19:07:48+00:00","description":"En el Marqu\u00e9s 300 voluntarios limpian el R\u00edo Quer\u00e9taro un esfuerzo conjunto por el medio ambiente","breadcrumb":{"@id":"https:\/\/www.nexoinformativo.mx\/index.php\/2025\/02\/03\/en-el-marques-300-voluntarios-limpian-el-rio-queretaro-un-esfuerzo-conjunto-por-el-medio-ambiente\/#breadcrumb"},"inLanguage":"es","potentialAction":[{"@type":"ReadAction","target":["https:\/\/www.nexoinformativo.mx\/index.php\/2025\/02\/03\/en-el-marques-300-voluntarios-limpian-el-rio-queretaro-un-esfuerzo-conjunto-por-el-medio-ambiente\/"]}]},{"@type":"ImageObject","inLanguage":"es","@id":"https:\/\/www.nexoinformativo.mx\/index.php\/2025\/02\/03\/en-el-marques-300-voluntarios-limpian-el-rio-queretaro-un-esfuerzo-conjunto-por-el-medio-ambiente\/#primaryimage","url":"https:\/\/www.nexoinformativo.mx\/wp-content\/uploads\/2025\/02\/PHOTO-2025-02-03-13-04-05-e1738609544659.jpg","contentUrl":"https:\/\/www.nexoinformativo.mx\/wp-content\/uploads\/2025\/02\/PHOTO-2025-02-03-13-04-05-e1738609544659.jpg","width":800,"height":533},{"@type":"BreadcrumbList","@id":"https:\/\/www.nexoinformativo.mx\/index.php\/2025\/02\/03\/en-el-marques-300-voluntarios-limpian-el-rio-queretaro-un-esfuerzo-conjunto-por-el-medio-ambiente\/#breadcrumb","itemListElement":[{"@type":"ListItem","position":1,"name":"Inicio","item":"https:\/\/www.nexoinformativo.mx\/"},{"@type":"ListItem","position":2,"name":"En el Marqu\u00e9s 300 voluntarios limpian el R\u00edo Quer\u00e9taro un esfuerzo conjunto por el medio ambiente"}]},{"@type":"WebSite","@id":"https:\/\/www.nexoinformativo.mx\/#website","url":"https:\/\/www.nexoinformativo.mx\/","name":"Nexo Informativo Santiago de Quer\u00e9taro","description":"Explora NexoInformativo y convi\u00e9rtete en parte de una comunidad que valora el conocimiento y la verdad. Tu nexoinformativo es tu puente hacia una comprensi\u00f3n m\u00e1s profunda del mundo que te rodea.","publisher":{"@id":"https:\/\/www.nexoinformativo.mx\/#organization"},"potentialAction":[{"@type":"SearchAction","target":{"@type":"EntryPoint","urlTemplate":"https:\/\/www.nexoinformativo.mx\/?s={search_term_string}"},"query-input":{"@type":"PropertyValueSpecification","valueRequired":true,"valueName":"search_term_string"}}],"inLanguage":"es"},{"@type":"Organization","@id":"https:\/\/www.nexoinformativo.mx\/#organization","name":"Nexo Informativo Santiago de Quer\u00e9taro","url":"https:\/\/www.nexoinformativo.mx\/","logo":{"@type":"ImageObject","inLanguage":"es","@id":"https:\/\/www.nexoinformativo.mx\/#\/schema\/logo\/image\/","url":"https:\/\/www.nexoinformativo.mx\/wp-content\/uploads\/2024\/07\/nexoi-trasparente-2.png","contentUrl":"https:\/\/www.nexoinformativo.mx\/wp-content\/uploads\/2024\/07\/nexoi-trasparente-2.png","width":816,"height":339,"caption":"Nexo Informativo Santiago de Quer\u00e9taro"},"image":{"@id":"https:\/\/www.nexoinformativo.mx\/#\/schema\/logo\/image\/"},"sameAs":["https:\/\/www.facebook.com\/people\/Nexo-Informativo\/61564066885511\/"]},{"@type":"Person","@id":"https:\/\/www.nexoinformativo.mx\/#\/schema\/person\/7749d380ba08c8ca00d7bc76fd907b7d","name":"Nexo Informativo","image":{"@type":"ImageObject","inLanguage":"es","@id":"https:\/\/www.nexoinformativo.mx\/#\/schema\/person\/image\/","url":"https:\/\/secure.gravatar.com\/avatar\/dde2928154642a13d95f87ddf1ea9718fe2b46760a005c53e41ff5ad610704e6?s=96&d=mm&r=g","contentUrl":"https:\/\/secure.gravatar.com\/avatar\/dde2928154642a13d95f87ddf1ea9718fe2b46760a005c53e41ff5ad610704e6?s=96&d=mm&r=g","caption":"Nexo Informativo"},"url":"https:\/\/www.nexoinformativo.mx\/index.php\/author\/edicion\/"}]}},"_links":{"self":[{"href":"https:\/\/www.nexoinformativo.mx\/index.php\/wp-json\/wp\/v2\/posts\/11148","targetHints":{"allow":["GET"]}}],"collection":[{"href":"https:\/\/www.nexoinformativo.mx\/index.php\/wp-json\/wp\/v2\/posts"}],"about":[{"href":"https:\/\/www.nexoinformativo.mx\/index.php\/wp-json\/wp\/v2\/types\/post"}],"author":[{"embeddable":true,"href":"https:\/\/www.nexoinformativo.mx\/index.php\/wp-json\/wp\/v2\/users\/3"}],"replies":[{"embeddable":true,"href":"https:\/\/www.nexoinformativo.mx\/index.php\/wp-json\/wp\/v2\/comments?post=11148"}],"version-history":[{"count":4,"href":"https:\/\/www.nexoinformativo.mx\/index.php\/wp-json\/wp\/v2\/posts\/11148\/revisions"}],"predecessor-version":[{"id":11153,"href":"https:\/\/www.nexoinformativo.mx\/index.php\/wp-json\/wp\/v2\/posts\/11148\/revisions\/11153"}],"wp:featuredmedia":[{"embeddable":true,"href":"https:\/\/www.nexoinformativo.mx\/index.php\/wp-json\/wp\/v2\/media\/11149"}],"wp:attachment":[{"href":"https:\/\/www.nexoinformativo.mx\/index.php\/wp-json\/wp\/v2\/media?parent=11148"}],"wp:term":[{"taxonomy":"category","embeddable":true,"href":"https:\/\/www.nexoinformativo.mx\/index.php\/wp-json\/wp\/v2\/categories?post=11148"},{"taxonomy":"post_tag","embeddable":true,"href":"https:\/\/www.nexoinformativo.mx\/index.php\/wp-json\/wp\/v2\/tags?post=11148"}],"curies":[{"name":"wp","href":"https:\/\/api.w.org\/{rel}","templated":true}]}}