{"id":11209,"date":"2025-02-04T12:00:00","date_gmt":"2025-02-04T18:00:00","guid":{"rendered":"https:\/\/www.nexoinformativo.mx\/?p=11209"},"modified":"2025-02-04T15:10:29","modified_gmt":"2025-02-04T21:10:29","slug":"canacope-queretaro-lanza-programa-para-apoyar-a-migrantes-deportados","status":"publish","type":"post","link":"https:\/\/www.nexoinformativo.mx\/index.php\/2025\/02\/04\/canacope-queretaro-lanza-programa-para-apoyar-a-migrantes-deportados\/","title":{"rendered":"Canacope Quer\u00e9taro lanza programa para apoyar a migrantes deportados"},"content":{"rendered":"<p style=\"text-align: justify;\" data-sourcepos=\"11:1-11:242\"><strong>La C\u00e1mara Nacional de Comercio en Peque\u00f1o<\/strong> (Canacope) en Quer\u00e9taro lanz\u00f3 el programa <strong>&#8220;M\u00e9xico te abraza&#8221;<\/strong> con el objetivo de brindar oportunidades de empleo y emprendimiento a los migrantes mexicanos que retornen al pa\u00eds.<\/p>\n<\/p>\n<p>&nbsp;<\/p>\n<p style=\"text-align: justify;\" data-sourcepos=\"13:1-13:270\">A trav\u00e9s de esta iniciativa, la Canacope invita a sus agremiados a generar empleos y a apoyar a los paisanos que deseen emprender sus propios negocios. Se colocar\u00e1n carteles en los establecimientos comerciales para informar sobre las oportunidades laborales disponibles.<\/p>\n<\/p>\n<p>&nbsp;<\/p>\n<p style=\"text-align: justify;\" data-sourcepos=\"15:1-15:379\">Eduardo Ch\u00e1vez, presidente de la Canacope Quer\u00e9taro, destac\u00f3 la importancia de brindar apoyo a los migrantes retornados y se\u00f1al\u00f3 que esta es una muestra de solidaridad y compromiso con la comunidad.<\/p>\n<\/p>\n<p>&nbsp;<\/p>\n<p style=\"text-align: justify;\" data-sourcepos=\"15:1-15:379\"><strong>&#8220;Hacemos un llamado a la membres\u00eda de Canacope al sector empresarial a los comercios en general para que generemos y al mismo tiempo compartamos oportunidades laborales<\/strong>&#8220;, enfatiz\u00f3.<\/p>\n<\/p>\n<p>&nbsp;<\/p>\n<p style=\"text-align: justify;\" data-sourcepos=\"17:1-17:165\">El programa se implementar\u00e1 en los 18 municipios del estado y se brindar\u00e1 orientaci\u00f3n y acompa\u00f1amiento a los migrantes para que puedan integrarse al mercado laboral.<\/p>\n<\/p>\n<p>&nbsp;<\/p>\n<p style=\"text-align: justify;\" data-sourcepos=\"21:1-21:133\">Con esta iniciativa, la Canacope Quer\u00e9taro busca contribuir a la integraci\u00f3n de los migrantes retornados y a su desarrollo econ\u00f3mico.<\/p>\n<\/p>\n<p>&nbsp;<\/p>\n<p style=\"text-align: center;\" data-sourcepos=\"21:1-21:133\"><em><strong>\u00a1Informaci\u00f3n que transforma!<\/strong><\/em><\/p>\n","protected":false},"excerpt":{"rendered":"<p>La C\u00e1mara Nacional de Comercio en Peque\u00f1o (Canacope) en Quer\u00e9taro lanz\u00f3 el programa &#8220;M\u00e9xico te abraza&#8221; con el objetivo de brindar oportunidades de empleo y emprendimiento a los migrantes mexicanos que retornen al pa\u00eds.<\/p>\n","protected":false},"author":3,"featured_media":11210,"comment_status":"open","ping_status":"open","sticky":false,"template":"","format":"standard","meta":{"footnotes":""},"categories":[5,42,58],"tags":[1733,3181,2504,133],"class_list":["post-11209","post","type-post","status-publish","format-standard","has-post-thumbnail","hentry","category-economia","category-estado","category-ultima-hora","tag-empleo","tag-mexicoteabraza","tag-migrantes","tag-queretaro"],"yoast_head":"<!-- This site is optimized with the Yoast SEO plugin v25.0 - https:\/\/yoast.com\/wordpress\/plugins\/seo\/ -->\n<title>Canacope Quer\u00e9taro lanza programa para apoyar a migrantes deportados | Nexo Informativo Santiago de Quer\u00e9taro<\/title>\n<meta name=\"description\" content=\"Canacope Quer\u00e9taro lanza programa para apoyar a migrantes deportados\" \/>\n<meta name=\"robots\" content=\"index, follow, max-snippet:-1, max-image-preview:large, max-video-preview:-1\" \/>\n<link rel=\"canonical\" href=\"https:\/\/www.nexoinformativo.mx\/index.php\/2025\/02\/04\/canacope-queretaro-lanza-programa-para-apoyar-a-migrantes-deportados\/\" \/>\n<meta property=\"og:locale\" content=\"es_MX\" \/>\n<meta property=\"og:type\" content=\"article\" \/>\n<meta property=\"og:title\" content=\"Canacope Quer\u00e9taro lanza programa para apoyar a migrantes deportados | Nexo Informativo Santiago de Quer\u00e9taro\" \/>\n<meta property=\"og:description\" content=\"Canacope Quer\u00e9taro lanza programa para apoyar a migrantes deportados\" \/>\n<meta property=\"og:url\" content=\"https:\/\/www.nexoinformativo.mx\/index.php\/2025\/02\/04\/canacope-queretaro-lanza-programa-para-apoyar-a-migrantes-deportados\/\" \/>\n<meta property=\"og:site_name\" content=\"Nexo Informativo Santiago de Quer\u00e9taro\" \/>\n<meta property=\"article:publisher\" content=\"https:\/\/www.facebook.com\/people\/Nexo-Informativo\/61564066885511\/\" \/>\n<meta property=\"article:published_time\" content=\"2025-02-04T18:00:00+00:00\" \/>\n<meta property=\"article:modified_time\" content=\"2025-02-04T21:10:29+00:00\" \/>\n<meta property=\"og:image\" content=\"https:\/\/www.nexoinformativo.mx\/wp-content\/uploads\/2025\/02\/3ff0f9b5-8364-4d9e-9649-c5151482c0ef-e1738703392199.jpg\" \/>\n\t<meta property=\"og:image:width\" content=\"800\" \/>\n\t<meta property=\"og:image:height\" content=\"450\" \/>\n\t<meta property=\"og:image:type\" content=\"image\/jpeg\" \/>\n<meta name=\"author\" content=\"Nexo Informativo\" \/>\n<meta name=\"twitter:card\" content=\"summary_large_image\" \/>\n<meta name=\"twitter:label1\" content=\"Escrito por\" \/>\n\t<meta name=\"twitter:data1\" content=\"Nexo Informativo\" \/>\n\t<meta name=\"twitter:label2\" content=\"Tiempo de lectura\" \/>\n\t<meta name=\"twitter:data2\" content=\"2 minutos\" \/>\n<script type=\"application\/ld+json\" class=\"yoast-schema-graph\">{\"@context\":\"https:\/\/schema.org\",\"@graph\":[{\"@type\":\"Article\",\"@id\":\"https:\/\/www.nexoinformativo.mx\/index.php\/2025\/02\/04\/canacope-queretaro-lanza-programa-para-apoyar-a-migrantes-deportados\/#article\",\"isPartOf\":{\"@id\":\"https:\/\/www.nexoinformativo.mx\/index.php\/2025\/02\/04\/canacope-queretaro-lanza-programa-para-apoyar-a-migrantes-deportados\/\"},\"author\":{\"name\":\"Nexo Informativo\",\"@id\":\"https:\/\/www.nexoinformativo.mx\/#\/schema\/person\/7749d380ba08c8ca00d7bc76fd907b7d\"},\"headline\":\"Canacope Quer\u00e9taro lanza programa para apoyar a migrantes deportados\",\"datePublished\":\"2025-02-04T18:00:00+00:00\",\"dateModified\":\"2025-02-04T21:10:29+00:00\",\"mainEntityOfPage\":{\"@id\":\"https:\/\/www.nexoinformativo.mx\/index.php\/2025\/02\/04\/canacope-queretaro-lanza-programa-para-apoyar-a-migrantes-deportados\/\"},\"wordCount\":213,\"commentCount\":0,\"publisher\":{\"@id\":\"https:\/\/www.nexoinformativo.mx\/#organization\"},\"image\":{\"@id\":\"https:\/\/www.nexoinformativo.mx\/index.php\/2025\/02\/04\/canacope-queretaro-lanza-programa-para-apoyar-a-migrantes-deportados\/#primaryimage\"},\"thumbnailUrl\":\"https:\/\/www.nexoinformativo.mx\/wp-content\/uploads\/2025\/02\/3ff0f9b5-8364-4d9e-9649-c5151482c0ef-e1738703392199.jpg\",\"keywords\":[\"Empleo\",\"M\u00e9xicoTeAbraza\",\"Migrantes\",\"Quer\u00e9taro\"],\"articleSection\":[\"Econom\u00eda\",\"Estado\",\"\u00daltima Hora\"],\"inLanguage\":\"es\",\"potentialAction\":[{\"@type\":\"CommentAction\",\"name\":\"Comment\",\"target\":[\"https:\/\/www.nexoinformativo.mx\/index.php\/2025\/02\/04\/canacope-queretaro-lanza-programa-para-apoyar-a-migrantes-deportados\/#respond\"]}]},{\"@type\":\"WebPage\",\"@id\":\"https:\/\/www.nexoinformativo.mx\/index.php\/2025\/02\/04\/canacope-queretaro-lanza-programa-para-apoyar-a-migrantes-deportados\/\",\"url\":\"https:\/\/www.nexoinformativo.mx\/index.php\/2025\/02\/04\/canacope-queretaro-lanza-programa-para-apoyar-a-migrantes-deportados\/\",\"name\":\"Canacope Quer\u00e9taro lanza programa para apoyar a migrantes deportados | Nexo Informativo Santiago de Quer\u00e9taro\",\"isPartOf\":{\"@id\":\"https:\/\/www.nexoinformativo.mx\/#website\"},\"primaryImageOfPage\":{\"@id\":\"https:\/\/www.nexoinformativo.mx\/index.php\/2025\/02\/04\/canacope-queretaro-lanza-programa-para-apoyar-a-migrantes-deportados\/#primaryimage\"},\"image\":{\"@id\":\"https:\/\/www.nexoinformativo.mx\/index.php\/2025\/02\/04\/canacope-queretaro-lanza-programa-para-apoyar-a-migrantes-deportados\/#primaryimage\"},\"thumbnailUrl\":\"https:\/\/www.nexoinformativo.mx\/wp-content\/uploads\/2025\/02\/3ff0f9b5-8364-4d9e-9649-c5151482c0ef-e1738703392199.jpg\",\"datePublished\":\"2025-02-04T18:00:00+00:00\",\"dateModified\":\"2025-02-04T21:10:29+00:00\",\"description\":\"Canacope Quer\u00e9taro lanza programa para apoyar a migrantes deportados\",\"breadcrumb\":{\"@id\":\"https:\/\/www.nexoinformativo.mx\/index.php\/2025\/02\/04\/canacope-queretaro-lanza-programa-para-apoyar-a-migrantes-deportados\/#breadcrumb\"},\"inLanguage\":\"es\",\"potentialAction\":[{\"@type\":\"ReadAction\",\"target\":[\"https:\/\/www.nexoinformativo.mx\/index.php\/2025\/02\/04\/canacope-queretaro-lanza-programa-para-apoyar-a-migrantes-deportados\/\"]}]},{\"@type\":\"ImageObject\",\"inLanguage\":\"es\",\"@id\":\"https:\/\/www.nexoinformativo.mx\/index.php\/2025\/02\/04\/canacope-queretaro-lanza-programa-para-apoyar-a-migrantes-deportados\/#primaryimage\",\"url\":\"https:\/\/www.nexoinformativo.mx\/wp-content\/uploads\/2025\/02\/3ff0f9b5-8364-4d9e-9649-c5151482c0ef-e1738703392199.jpg\",\"contentUrl\":\"https:\/\/www.nexoinformativo.mx\/wp-content\/uploads\/2025\/02\/3ff0f9b5-8364-4d9e-9649-c5151482c0ef-e1738703392199.jpg\",\"width\":800,\"height\":450},{\"@type\":\"BreadcrumbList\",\"@id\":\"https:\/\/www.nexoinformativo.mx\/index.php\/2025\/02\/04\/canacope-queretaro-lanza-programa-para-apoyar-a-migrantes-deportados\/#breadcrumb\",\"itemListElement\":[{\"@type\":\"ListItem\",\"position\":1,\"name\":\"Inicio\",\"item\":\"https:\/\/www.nexoinformativo.mx\/\"},{\"@type\":\"ListItem\",\"position\":2,\"name\":\"Canacope Quer\u00e9taro lanza programa para apoyar a migrantes deportados\"}]},{\"@type\":\"WebSite\",\"@id\":\"https:\/\/www.nexoinformativo.mx\/#website\",\"url\":\"https:\/\/www.nexoinformativo.mx\/\",\"name\":\"Nexo Informativo Santiago de Quer\u00e9taro\",\"description\":\"Explora NexoInformativo y convi\u00e9rtete en parte de una comunidad que valora el conocimiento y la verdad. Tu nexoinformativo es tu puente hacia una comprensi\u00f3n m\u00e1s profunda del mundo que te rodea.\",\"publisher\":{\"@id\":\"https:\/\/www.nexoinformativo.mx\/#organization\"},\"potentialAction\":[{\"@type\":\"SearchAction\",\"target\":{\"@type\":\"EntryPoint\",\"urlTemplate\":\"https:\/\/www.nexoinformativo.mx\/?s={search_term_string}\"},\"query-input\":{\"@type\":\"PropertyValueSpecification\",\"valueRequired\":true,\"valueName\":\"search_term_string\"}}],\"inLanguage\":\"es\"},{\"@type\":\"Organization\",\"@id\":\"https:\/\/www.nexoinformativo.mx\/#organization\",\"name\":\"Nexo Informativo Santiago de Quer\u00e9taro\",\"url\":\"https:\/\/www.nexoinformativo.mx\/\",\"logo\":{\"@type\":\"ImageObject\",\"inLanguage\":\"es\",\"@id\":\"https:\/\/www.nexoinformativo.mx\/#\/schema\/logo\/image\/\",\"url\":\"https:\/\/www.nexoinformativo.mx\/wp-content\/uploads\/2024\/07\/nexoi-trasparente-2.png\",\"contentUrl\":\"https:\/\/www.nexoinformativo.mx\/wp-content\/uploads\/2024\/07\/nexoi-trasparente-2.png\",\"width\":816,\"height\":339,\"caption\":\"Nexo Informativo Santiago de Quer\u00e9taro\"},\"image\":{\"@id\":\"https:\/\/www.nexoinformativo.mx\/#\/schema\/logo\/image\/\"},\"sameAs\":[\"https:\/\/www.facebook.com\/people\/Nexo-Informativo\/61564066885511\/\"]},{\"@type\":\"Person\",\"@id\":\"https:\/\/www.nexoinformativo.mx\/#\/schema\/person\/7749d380ba08c8ca00d7bc76fd907b7d\",\"name\":\"Nexo Informativo\",\"image\":{\"@type\":\"ImageObject\",\"inLanguage\":\"es\",\"@id\":\"https:\/\/www.nexoinformativo.mx\/#\/schema\/person\/image\/\",\"url\":\"https:\/\/secure.gravatar.com\/avatar\/dde2928154642a13d95f87ddf1ea9718fe2b46760a005c53e41ff5ad610704e6?s=96&d=mm&r=g\",\"contentUrl\":\"https:\/\/secure.gravatar.com\/avatar\/dde2928154642a13d95f87ddf1ea9718fe2b46760a005c53e41ff5ad610704e6?s=96&d=mm&r=g\",\"caption\":\"Nexo Informativo\"},\"url\":\"https:\/\/www.nexoinformativo.mx\/index.php\/author\/edicion\/\"}]}<\/script>\n<!-- \/ Yoast SEO plugin. -->","yoast_head_json":{"title":"Canacope Quer\u00e9taro lanza programa para apoyar a migrantes deportados | Nexo Informativo Santiago de Quer\u00e9taro","description":"Canacope Quer\u00e9taro lanza programa para apoyar a migrantes deportados","robots":{"index":"index","follow":"follow","max-snippet":"max-snippet:-1","max-image-preview":"max-image-preview:large","max-video-preview":"max-video-preview:-1"},"canonical":"https:\/\/www.nexoinformativo.mx\/index.php\/2025\/02\/04\/canacope-queretaro-lanza-programa-para-apoyar-a-migrantes-deportados\/","og_locale":"es_MX","og_type":"article","og_title":"Canacope Quer\u00e9taro lanza programa para apoyar a migrantes deportados | Nexo Informativo Santiago de Quer\u00e9taro","og_description":"Canacope Quer\u00e9taro lanza programa para apoyar a migrantes deportados","og_url":"https:\/\/www.nexoinformativo.mx\/index.php\/2025\/02\/04\/canacope-queretaro-lanza-programa-para-apoyar-a-migrantes-deportados\/","og_site_name":"Nexo Informativo Santiago de Quer\u00e9taro","article_publisher":"https:\/\/www.facebook.com\/people\/Nexo-Informativo\/61564066885511\/","article_published_time":"2025-02-04T18:00:00+00:00","article_modified_time":"2025-02-04T21:10:29+00:00","og_image":[{"width":800,"height":450,"url":"https:\/\/www.nexoinformativo.mx\/wp-content\/uploads\/2025\/02\/3ff0f9b5-8364-4d9e-9649-c5151482c0ef-e1738703392199.jpg","type":"image\/jpeg"}],"author":"Nexo Informativo","twitter_card":"summary_large_image","twitter_misc":{"Escrito por":"Nexo Informativo","Tiempo de lectura":"2 minutos"},"schema":{"@context":"https:\/\/schema.org","@graph":[{"@type":"Article","@id":"https:\/\/www.nexoinformativo.mx\/index.php\/2025\/02\/04\/canacope-queretaro-lanza-programa-para-apoyar-a-migrantes-deportados\/#article","isPartOf":{"@id":"https:\/\/www.nexoinformativo.mx\/index.php\/2025\/02\/04\/canacope-queretaro-lanza-programa-para-apoyar-a-migrantes-deportados\/"},"author":{"name":"Nexo Informativo","@id":"https:\/\/www.nexoinformativo.mx\/#\/schema\/person\/7749d380ba08c8ca00d7bc76fd907b7d"},"headline":"Canacope Quer\u00e9taro lanza programa para apoyar a migrantes deportados","datePublished":"2025-02-04T18:00:00+00:00","dateModified":"2025-02-04T21:10:29+00:00","mainEntityOfPage":{"@id":"https:\/\/www.nexoinformativo.mx\/index.php\/2025\/02\/04\/canacope-queretaro-lanza-programa-para-apoyar-a-migrantes-deportados\/"},"wordCount":213,"commentCount":0,"publisher":{"@id":"https:\/\/www.nexoinformativo.mx\/#organization"},"image":{"@id":"https:\/\/www.nexoinformativo.mx\/index.php\/2025\/02\/04\/canacope-queretaro-lanza-programa-para-apoyar-a-migrantes-deportados\/#primaryimage"},"thumbnailUrl":"https:\/\/www.nexoinformativo.mx\/wp-content\/uploads\/2025\/02\/3ff0f9b5-8364-4d9e-9649-c5151482c0ef-e1738703392199.jpg","keywords":["Empleo","M\u00e9xicoTeAbraza","Migrantes","Quer\u00e9taro"],"articleSection":["Econom\u00eda","Estado","\u00daltima Hora"],"inLanguage":"es","potentialAction":[{"@type":"CommentAction","name":"Comment","target":["https:\/\/www.nexoinformativo.mx\/index.php\/2025\/02\/04\/canacope-queretaro-lanza-programa-para-apoyar-a-migrantes-deportados\/#respond"]}]},{"@type":"WebPage","@id":"https:\/\/www.nexoinformativo.mx\/index.php\/2025\/02\/04\/canacope-queretaro-lanza-programa-para-apoyar-a-migrantes-deportados\/","url":"https:\/\/www.nexoinformativo.mx\/index.php\/2025\/02\/04\/canacope-queretaro-lanza-programa-para-apoyar-a-migrantes-deportados\/","name":"Canacope Quer\u00e9taro lanza programa para apoyar a migrantes deportados | Nexo Informativo Santiago de Quer\u00e9taro","isPartOf":{"@id":"https:\/\/www.nexoinformativo.mx\/#website"},"primaryImageOfPage":{"@id":"https:\/\/www.nexoinformativo.mx\/index.php\/2025\/02\/04\/canacope-queretaro-lanza-programa-para-apoyar-a-migrantes-deportados\/#primaryimage"},"image":{"@id":"https:\/\/www.nexoinformativo.mx\/index.php\/2025\/02\/04\/canacope-queretaro-lanza-programa-para-apoyar-a-migrantes-deportados\/#primaryimage"},"thumbnailUrl":"https:\/\/www.nexoinformativo.mx\/wp-content\/uploads\/2025\/02\/3ff0f9b5-8364-4d9e-9649-c5151482c0ef-e1738703392199.jpg","datePublished":"2025-02-04T18:00:00+00:00","dateModified":"2025-02-04T21:10:29+00:00","description":"Canacope Quer\u00e9taro lanza programa para apoyar a migrantes deportados","breadcrumb":{"@id":"https:\/\/www.nexoinformativo.mx\/index.php\/2025\/02\/04\/canacope-queretaro-lanza-programa-para-apoyar-a-migrantes-deportados\/#breadcrumb"},"inLanguage":"es","potentialAction":[{"@type":"ReadAction","target":["https:\/\/www.nexoinformativo.mx\/index.php\/2025\/02\/04\/canacope-queretaro-lanza-programa-para-apoyar-a-migrantes-deportados\/"]}]},{"@type":"ImageObject","inLanguage":"es","@id":"https:\/\/www.nexoinformativo.mx\/index.php\/2025\/02\/04\/canacope-queretaro-lanza-programa-para-apoyar-a-migrantes-deportados\/#primaryimage","url":"https:\/\/www.nexoinformativo.mx\/wp-content\/uploads\/2025\/02\/3ff0f9b5-8364-4d9e-9649-c5151482c0ef-e1738703392199.jpg","contentUrl":"https:\/\/www.nexoinformativo.mx\/wp-content\/uploads\/2025\/02\/3ff0f9b5-8364-4d9e-9649-c5151482c0ef-e1738703392199.jpg","width":800,"height":450},{"@type":"BreadcrumbList","@id":"https:\/\/www.nexoinformativo.mx\/index.php\/2025\/02\/04\/canacope-queretaro-lanza-programa-para-apoyar-a-migrantes-deportados\/#breadcrumb","itemListElement":[{"@type":"ListItem","position":1,"name":"Inicio","item":"https:\/\/www.nexoinformativo.mx\/"},{"@type":"ListItem","position":2,"name":"Canacope Quer\u00e9taro lanza programa para apoyar a migrantes deportados"}]},{"@type":"WebSite","@id":"https:\/\/www.nexoinformativo.mx\/#website","url":"https:\/\/www.nexoinformativo.mx\/","name":"Nexo Informativo Santiago de Quer\u00e9taro","description":"Explora NexoInformativo y convi\u00e9rtete en parte de una comunidad que valora el conocimiento y la verdad. Tu nexoinformativo es tu puente hacia una comprensi\u00f3n m\u00e1s profunda del mundo que te rodea.","publisher":{"@id":"https:\/\/www.nexoinformativo.mx\/#organization"},"potentialAction":[{"@type":"SearchAction","target":{"@type":"EntryPoint","urlTemplate":"https:\/\/www.nexoinformativo.mx\/?s={search_term_string}"},"query-input":{"@type":"PropertyValueSpecification","valueRequired":true,"valueName":"search_term_string"}}],"inLanguage":"es"},{"@type":"Organization","@id":"https:\/\/www.nexoinformativo.mx\/#organization","name":"Nexo Informativo Santiago de Quer\u00e9taro","url":"https:\/\/www.nexoinformativo.mx\/","logo":{"@type":"ImageObject","inLanguage":"es","@id":"https:\/\/www.nexoinformativo.mx\/#\/schema\/logo\/image\/","url":"https:\/\/www.nexoinformativo.mx\/wp-content\/uploads\/2024\/07\/nexoi-trasparente-2.png","contentUrl":"https:\/\/www.nexoinformativo.mx\/wp-content\/uploads\/2024\/07\/nexoi-trasparente-2.png","width":816,"height":339,"caption":"Nexo Informativo Santiago de Quer\u00e9taro"},"image":{"@id":"https:\/\/www.nexoinformativo.mx\/#\/schema\/logo\/image\/"},"sameAs":["https:\/\/www.facebook.com\/people\/Nexo-Informativo\/61564066885511\/"]},{"@type":"Person","@id":"https:\/\/www.nexoinformativo.mx\/#\/schema\/person\/7749d380ba08c8ca00d7bc76fd907b7d","name":"Nexo Informativo","image":{"@type":"ImageObject","inLanguage":"es","@id":"https:\/\/www.nexoinformativo.mx\/#\/schema\/person\/image\/","url":"https:\/\/secure.gravatar.com\/avatar\/dde2928154642a13d95f87ddf1ea9718fe2b46760a005c53e41ff5ad610704e6?s=96&d=mm&r=g","contentUrl":"https:\/\/secure.gravatar.com\/avatar\/dde2928154642a13d95f87ddf1ea9718fe2b46760a005c53e41ff5ad610704e6?s=96&d=mm&r=g","caption":"Nexo Informativo"},"url":"https:\/\/www.nexoinformativo.mx\/index.php\/author\/edicion\/"}]}},"_links":{"self":[{"href":"https:\/\/www.nexoinformativo.mx\/index.php\/wp-json\/wp\/v2\/posts\/11209","targetHints":{"allow":["GET"]}}],"collection":[{"href":"https:\/\/www.nexoinformativo.mx\/index.php\/wp-json\/wp\/v2\/posts"}],"about":[{"href":"https:\/\/www.nexoinformativo.mx\/index.php\/wp-json\/wp\/v2\/types\/post"}],"author":[{"embeddable":true,"href":"https:\/\/www.nexoinformativo.mx\/index.php\/wp-json\/wp\/v2\/users\/3"}],"replies":[{"embeddable":true,"href":"https:\/\/www.nexoinformativo.mx\/index.php\/wp-json\/wp\/v2\/comments?post=11209"}],"version-history":[{"count":3,"href":"https:\/\/www.nexoinformativo.mx\/index.php\/wp-json\/wp\/v2\/posts\/11209\/revisions"}],"predecessor-version":[{"id":11213,"href":"https:\/\/www.nexoinformativo.mx\/index.php\/wp-json\/wp\/v2\/posts\/11209\/revisions\/11213"}],"wp:featuredmedia":[{"embeddable":true,"href":"https:\/\/www.nexoinformativo.mx\/index.php\/wp-json\/wp\/v2\/media\/11210"}],"wp:attachment":[{"href":"https:\/\/www.nexoinformativo.mx\/index.php\/wp-json\/wp\/v2\/media?parent=11209"}],"wp:term":[{"taxonomy":"category","embeddable":true,"href":"https:\/\/www.nexoinformativo.mx\/index.php\/wp-json\/wp\/v2\/categories?post=11209"},{"taxonomy":"post_tag","embeddable":true,"href":"https:\/\/www.nexoinformativo.mx\/index.php\/wp-json\/wp\/v2\/tags?post=11209"}],"curies":[{"name":"wp","href":"https:\/\/api.w.org\/{rel}","templated":true}]}}