{"id":1122,"date":"2024-08-28T10:00:04","date_gmt":"2024-08-28T16:00:04","guid":{"rendered":"https:\/\/www.nexoinformativo.mx\/?p=1122"},"modified":"2024-08-28T11:08:42","modified_gmt":"2024-08-28T17:08:42","slug":"el-marques-anuncia-el-segundo-foro-metropolitano-el-5-de-septiembre","status":"publish","type":"post","link":"https:\/\/www.nexoinformativo.mx\/index.php\/2024\/08\/28\/el-marques-anuncia-el-segundo-foro-metropolitano-el-5-de-septiembre\/","title":{"rendered":"El Marqu\u00e9s anuncia el segundo foro Metropolitano el 5 de Septiembre"},"content":{"rendered":"<p style=\"text-align: justify;\">El Instituto Municipal de Planeaci\u00f3n de El Marqu\u00e9s (IMPLAN), en conjunto con su hom\u00f3nimo de Quer\u00e9taro, anunci\u00f3 la realizaci\u00f3n del \u201cSegundo Foro Metropolitano\u201d, que tendr\u00e1 lugar el 5 de septiembre en las instalaciones de la Universidad Polit\u00e9cnica de Quer\u00e9taro (UPQ) a partir de las 09:00 horas.<\/p>\n<p>&nbsp;<\/p>\n<p style=\"text-align: justify;\">En esta segunda edici\u00f3n, el Foro Metropolitano abordar\u00e1 temas clave como la perspectiva metropolitana, el Plan 20-50 y la movilidad, con el objetivo de mejorar la calidad de vida de los ciudadanos. Jos\u00e9 Guadalupe Bautista Rubio, director general del IMPLAN de El Marqu\u00e9s, destac\u00f3 la importancia de estos espacios informativos para tratar temas prioritarios de planificaci\u00f3n urbana que beneficien tanto a los residentes locales como a los nuevos habitantes. <strong>\u201cTenemos que garantizar que todos esos esfuerzos de planeaci\u00f3n se vean reflejados en la calidad de vida de los ciudadanos\u201d<\/strong>, se\u00f1al\u00f3.<\/p>\n<p>&nbsp;<\/p>\n<p><img loading=\"lazy\" decoding=\"async\" class=\"alignnone size-full wp-image-1127\" src=\"https:\/\/www.nexoinformativo.mx\/wp-content\/uploads\/2024\/08\/PHOTO-2024-08-28-09-37-43-scaled-e1724864781741.jpg\" alt=\"\" width=\"800\" height=\"533\" \/><\/p>\n<p>&nbsp;<\/p>\n<p style=\"text-align: justify;\">El director del IMPLAN Quer\u00e9taro, Jos\u00e9 Gustavo Botello Montes, agreg\u00f3 que para mejorar la planeaci\u00f3n a largo plazo, El Marqu\u00e9s ha desarrollado el Plan 20-40, mientras que Quer\u00e9taro cuenta con el Plan 20-50, ambos orientados a crear demarcaciones sostenibles e integrales en el futuro.<\/p>\n<p>&nbsp;<\/p>\n<p style=\"text-align: justify;\">El foro estar\u00e1 abierto al p\u00fablico, aunque se requiere un pre-registro para ingresar a las pl\u00e1ticas, lo que permitir\u00e1 a los asistentes conocer m\u00e1s sobre los esfuerzos de planificaci\u00f3n y desarrollo urbano en la regi\u00f3n.<\/p>\n<p>&nbsp;<\/p>\n<p><img loading=\"lazy\" decoding=\"async\" class=\"alignnone size-full wp-image-1128\" src=\"https:\/\/www.nexoinformativo.mx\/wp-content\/uploads\/2024\/08\/PHOTO-2024-08-28-09-37-42-scaled-e1724864833768.jpg\" alt=\"\" width=\"800\" height=\"533\" \/><\/p>\n","protected":false},"excerpt":{"rendered":"<p>El Instituto Municipal de Planeaci\u00f3n de El Marqu\u00e9s (IMPLAN), en conjunto con su hom\u00f3nimo de Quer\u00e9taro, anunci\u00f3 la realizaci\u00f3n del \u201cSegundo Foro Metropolitano\u201d, que tendr\u00e1 lugar el 5 de septiembre en las instalaciones de la Universidad Polit\u00e9cnica de Quer\u00e9taro (UPQ) a partir de las 09:00 horas. &nbsp; En esta segunda edici\u00f3n, el Foro Metropolitano abordar\u00e1 [&hellip;]<\/p>\n","protected":false},"author":3,"featured_media":1123,"comment_status":"open","ping_status":"open","sticky":false,"template":"","format":"standard","meta":{"footnotes":""},"categories":[58],"tags":[149,271,269,270],"class_list":["post-1122","post","type-post","status-publish","format-standard","has-post-thumbnail","hentry","category-ultima-hora","tag-elmarques","tag-elmarquesenaccion","tag-forometropolitano2024","tag-planeacionurbana"],"yoast_head":"<!-- This site is optimized with the Yoast SEO plugin v25.0 - https:\/\/yoast.com\/wordpress\/plugins\/seo\/ -->\n<title>El Marqu\u00e9s anuncia el segundo foro Metropolitano el 5 de Septiembre | Nexo Informativo Santiago de Quer\u00e9taro<\/title>\n<meta name=\"robots\" content=\"index, follow, max-snippet:-1, max-image-preview:large, max-video-preview:-1\" \/>\n<link rel=\"canonical\" href=\"https:\/\/www.nexoinformativo.mx\/index.php\/2024\/08\/28\/el-marques-anuncia-el-segundo-foro-metropolitano-el-5-de-septiembre\/\" \/>\n<meta property=\"og:locale\" content=\"es_MX\" \/>\n<meta property=\"og:type\" content=\"article\" \/>\n<meta property=\"og:title\" content=\"El Marqu\u00e9s anuncia el segundo foro Metropolitano el 5 de Septiembre | Nexo Informativo Santiago de Quer\u00e9taro\" \/>\n<meta property=\"og:description\" content=\"El Instituto Municipal de Planeaci\u00f3n de El Marqu\u00e9s (IMPLAN), en conjunto con su hom\u00f3nimo de Quer\u00e9taro, anunci\u00f3 la realizaci\u00f3n del \u201cSegundo Foro Metropolitano\u201d, que tendr\u00e1 lugar el 5 de septiembre en las instalaciones de la Universidad Polit\u00e9cnica de Quer\u00e9taro (UPQ) a partir de las 09:00 horas. &nbsp; En esta segunda edici\u00f3n, el Foro Metropolitano abordar\u00e1 [&hellip;]\" \/>\n<meta property=\"og:url\" content=\"https:\/\/www.nexoinformativo.mx\/index.php\/2024\/08\/28\/el-marques-anuncia-el-segundo-foro-metropolitano-el-5-de-septiembre\/\" \/>\n<meta property=\"og:site_name\" content=\"Nexo Informativo Santiago de Quer\u00e9taro\" \/>\n<meta property=\"article:publisher\" content=\"https:\/\/www.facebook.com\/people\/Nexo-Informativo\/61564066885511\/\" \/>\n<meta property=\"article:published_time\" content=\"2024-08-28T16:00:04+00:00\" \/>\n<meta property=\"article:modified_time\" content=\"2024-08-28T17:08:42+00:00\" \/>\n<meta property=\"og:image\" content=\"https:\/\/www.nexoinformativo.mx\/wp-content\/uploads\/2024\/08\/PHOTO-2024-08-28-09-37-42-2-scaled.jpg\" \/>\n\t<meta property=\"og:image:width\" content=\"2560\" \/>\n\t<meta property=\"og:image:height\" content=\"1706\" \/>\n\t<meta property=\"og:image:type\" content=\"image\/jpeg\" \/>\n<meta name=\"author\" content=\"Nexo Informativo\" \/>\n<meta name=\"twitter:card\" content=\"summary_large_image\" \/>\n<meta name=\"twitter:label1\" content=\"Escrito por\" \/>\n\t<meta name=\"twitter:data1\" content=\"Nexo Informativo\" \/>\n\t<meta name=\"twitter:label2\" content=\"Tiempo de lectura\" \/>\n\t<meta name=\"twitter:data2\" content=\"1 minuto\" \/>\n<script type=\"application\/ld+json\" class=\"yoast-schema-graph\">{\"@context\":\"https:\/\/schema.org\",\"@graph\":[{\"@type\":\"Article\",\"@id\":\"https:\/\/www.nexoinformativo.mx\/index.php\/2024\/08\/28\/el-marques-anuncia-el-segundo-foro-metropolitano-el-5-de-septiembre\/#article\",\"isPartOf\":{\"@id\":\"https:\/\/www.nexoinformativo.mx\/index.php\/2024\/08\/28\/el-marques-anuncia-el-segundo-foro-metropolitano-el-5-de-septiembre\/\"},\"author\":{\"name\":\"Nexo Informativo\",\"@id\":\"https:\/\/www.nexoinformativo.mx\/#\/schema\/person\/7749d380ba08c8ca00d7bc76fd907b7d\"},\"headline\":\"El Marqu\u00e9s anuncia el segundo foro Metropolitano el 5 de Septiembre\",\"datePublished\":\"2024-08-28T16:00:04+00:00\",\"dateModified\":\"2024-08-28T17:08:42+00:00\",\"mainEntityOfPage\":{\"@id\":\"https:\/\/www.nexoinformativo.mx\/index.php\/2024\/08\/28\/el-marques-anuncia-el-segundo-foro-metropolitano-el-5-de-septiembre\/\"},\"wordCount\":250,\"commentCount\":0,\"publisher\":{\"@id\":\"https:\/\/www.nexoinformativo.mx\/#organization\"},\"image\":{\"@id\":\"https:\/\/www.nexoinformativo.mx\/index.php\/2024\/08\/28\/el-marques-anuncia-el-segundo-foro-metropolitano-el-5-de-septiembre\/#primaryimage\"},\"thumbnailUrl\":\"https:\/\/www.nexoinformativo.mx\/wp-content\/uploads\/2024\/08\/PHOTO-2024-08-28-09-37-42-2-scaled.jpg\",\"keywords\":[\"elmarques\",\"ElMarquesEnAcci\u00f3n\",\"ForoMetropolitano2024\",\"planeacionurbana\"],\"articleSection\":[\"\u00daltima Hora\"],\"inLanguage\":\"es\",\"potentialAction\":[{\"@type\":\"CommentAction\",\"name\":\"Comment\",\"target\":[\"https:\/\/www.nexoinformativo.mx\/index.php\/2024\/08\/28\/el-marques-anuncia-el-segundo-foro-metropolitano-el-5-de-septiembre\/#respond\"]}]},{\"@type\":\"WebPage\",\"@id\":\"https:\/\/www.nexoinformativo.mx\/index.php\/2024\/08\/28\/el-marques-anuncia-el-segundo-foro-metropolitano-el-5-de-septiembre\/\",\"url\":\"https:\/\/www.nexoinformativo.mx\/index.php\/2024\/08\/28\/el-marques-anuncia-el-segundo-foro-metropolitano-el-5-de-septiembre\/\",\"name\":\"El Marqu\u00e9s anuncia el segundo foro Metropolitano el 5 de Septiembre | Nexo Informativo Santiago de Quer\u00e9taro\",\"isPartOf\":{\"@id\":\"https:\/\/www.nexoinformativo.mx\/#website\"},\"primaryImageOfPage\":{\"@id\":\"https:\/\/www.nexoinformativo.mx\/index.php\/2024\/08\/28\/el-marques-anuncia-el-segundo-foro-metropolitano-el-5-de-septiembre\/#primaryimage\"},\"image\":{\"@id\":\"https:\/\/www.nexoinformativo.mx\/index.php\/2024\/08\/28\/el-marques-anuncia-el-segundo-foro-metropolitano-el-5-de-septiembre\/#primaryimage\"},\"thumbnailUrl\":\"https:\/\/www.nexoinformativo.mx\/wp-content\/uploads\/2024\/08\/PHOTO-2024-08-28-09-37-42-2-scaled.jpg\",\"datePublished\":\"2024-08-28T16:00:04+00:00\",\"dateModified\":\"2024-08-28T17:08:42+00:00\",\"breadcrumb\":{\"@id\":\"https:\/\/www.nexoinformativo.mx\/index.php\/2024\/08\/28\/el-marques-anuncia-el-segundo-foro-metropolitano-el-5-de-septiembre\/#breadcrumb\"},\"inLanguage\":\"es\",\"potentialAction\":[{\"@type\":\"ReadAction\",\"target\":[\"https:\/\/www.nexoinformativo.mx\/index.php\/2024\/08\/28\/el-marques-anuncia-el-segundo-foro-metropolitano-el-5-de-septiembre\/\"]}]},{\"@type\":\"ImageObject\",\"inLanguage\":\"es\",\"@id\":\"https:\/\/www.nexoinformativo.mx\/index.php\/2024\/08\/28\/el-marques-anuncia-el-segundo-foro-metropolitano-el-5-de-septiembre\/#primaryimage\",\"url\":\"https:\/\/www.nexoinformativo.mx\/wp-content\/uploads\/2024\/08\/PHOTO-2024-08-28-09-37-42-2-scaled.jpg\",\"contentUrl\":\"https:\/\/www.nexoinformativo.mx\/wp-content\/uploads\/2024\/08\/PHOTO-2024-08-28-09-37-42-2-scaled.jpg\",\"width\":2560,\"height\":1706},{\"@type\":\"BreadcrumbList\",\"@id\":\"https:\/\/www.nexoinformativo.mx\/index.php\/2024\/08\/28\/el-marques-anuncia-el-segundo-foro-metropolitano-el-5-de-septiembre\/#breadcrumb\",\"itemListElement\":[{\"@type\":\"ListItem\",\"position\":1,\"name\":\"Inicio\",\"item\":\"https:\/\/www.nexoinformativo.mx\/\"},{\"@type\":\"ListItem\",\"position\":2,\"name\":\"El Marqu\u00e9s anuncia el segundo foro Metropolitano el 5 de Septiembre\"}]},{\"@type\":\"WebSite\",\"@id\":\"https:\/\/www.nexoinformativo.mx\/#website\",\"url\":\"https:\/\/www.nexoinformativo.mx\/\",\"name\":\"Nexo Informativo Santiago de Quer\u00e9taro\",\"description\":\"Explora NexoInformativo y convi\u00e9rtete en parte de una comunidad que valora el conocimiento y la verdad. Tu nexoinformativo es tu puente hacia una comprensi\u00f3n m\u00e1s profunda del mundo que te rodea.\",\"publisher\":{\"@id\":\"https:\/\/www.nexoinformativo.mx\/#organization\"},\"potentialAction\":[{\"@type\":\"SearchAction\",\"target\":{\"@type\":\"EntryPoint\",\"urlTemplate\":\"https:\/\/www.nexoinformativo.mx\/?s={search_term_string}\"},\"query-input\":{\"@type\":\"PropertyValueSpecification\",\"valueRequired\":true,\"valueName\":\"search_term_string\"}}],\"inLanguage\":\"es\"},{\"@type\":\"Organization\",\"@id\":\"https:\/\/www.nexoinformativo.mx\/#organization\",\"name\":\"Nexo Informativo Santiago de Quer\u00e9taro\",\"url\":\"https:\/\/www.nexoinformativo.mx\/\",\"logo\":{\"@type\":\"ImageObject\",\"inLanguage\":\"es\",\"@id\":\"https:\/\/www.nexoinformativo.mx\/#\/schema\/logo\/image\/\",\"url\":\"https:\/\/www.nexoinformativo.mx\/wp-content\/uploads\/2024\/07\/nexoi-trasparente-2.png\",\"contentUrl\":\"https:\/\/www.nexoinformativo.mx\/wp-content\/uploads\/2024\/07\/nexoi-trasparente-2.png\",\"width\":816,\"height\":339,\"caption\":\"Nexo Informativo Santiago de Quer\u00e9taro\"},\"image\":{\"@id\":\"https:\/\/www.nexoinformativo.mx\/#\/schema\/logo\/image\/\"},\"sameAs\":[\"https:\/\/www.facebook.com\/people\/Nexo-Informativo\/61564066885511\/\"]},{\"@type\":\"Person\",\"@id\":\"https:\/\/www.nexoinformativo.mx\/#\/schema\/person\/7749d380ba08c8ca00d7bc76fd907b7d\",\"name\":\"Nexo Informativo\",\"image\":{\"@type\":\"ImageObject\",\"inLanguage\":\"es\",\"@id\":\"https:\/\/www.nexoinformativo.mx\/#\/schema\/person\/image\/\",\"url\":\"https:\/\/secure.gravatar.com\/avatar\/dde2928154642a13d95f87ddf1ea9718fe2b46760a005c53e41ff5ad610704e6?s=96&d=mm&r=g\",\"contentUrl\":\"https:\/\/secure.gravatar.com\/avatar\/dde2928154642a13d95f87ddf1ea9718fe2b46760a005c53e41ff5ad610704e6?s=96&d=mm&r=g\",\"caption\":\"Nexo Informativo\"},\"url\":\"https:\/\/www.nexoinformativo.mx\/index.php\/author\/edicion\/\"}]}<\/script>\n<!-- \/ Yoast SEO plugin. -->","yoast_head_json":{"title":"El Marqu\u00e9s anuncia el segundo foro Metropolitano el 5 de Septiembre | Nexo Informativo Santiago de Quer\u00e9taro","robots":{"index":"index","follow":"follow","max-snippet":"max-snippet:-1","max-image-preview":"max-image-preview:large","max-video-preview":"max-video-preview:-1"},"canonical":"https:\/\/www.nexoinformativo.mx\/index.php\/2024\/08\/28\/el-marques-anuncia-el-segundo-foro-metropolitano-el-5-de-septiembre\/","og_locale":"es_MX","og_type":"article","og_title":"El Marqu\u00e9s anuncia el segundo foro Metropolitano el 5 de Septiembre | Nexo Informativo Santiago de Quer\u00e9taro","og_description":"El Instituto Municipal de Planeaci\u00f3n de El Marqu\u00e9s (IMPLAN), en conjunto con su hom\u00f3nimo de Quer\u00e9taro, anunci\u00f3 la realizaci\u00f3n del \u201cSegundo Foro Metropolitano\u201d, que tendr\u00e1 lugar el 5 de septiembre en las instalaciones de la Universidad Polit\u00e9cnica de Quer\u00e9taro (UPQ) a partir de las 09:00 horas. &nbsp; En esta segunda edici\u00f3n, el Foro Metropolitano abordar\u00e1 [&hellip;]","og_url":"https:\/\/www.nexoinformativo.mx\/index.php\/2024\/08\/28\/el-marques-anuncia-el-segundo-foro-metropolitano-el-5-de-septiembre\/","og_site_name":"Nexo Informativo Santiago de Quer\u00e9taro","article_publisher":"https:\/\/www.facebook.com\/people\/Nexo-Informativo\/61564066885511\/","article_published_time":"2024-08-28T16:00:04+00:00","article_modified_time":"2024-08-28T17:08:42+00:00","og_image":[{"width":2560,"height":1706,"url":"https:\/\/www.nexoinformativo.mx\/wp-content\/uploads\/2024\/08\/PHOTO-2024-08-28-09-37-42-2-scaled.jpg","type":"image\/jpeg"}],"author":"Nexo Informativo","twitter_card":"summary_large_image","twitter_misc":{"Escrito por":"Nexo Informativo","Tiempo de lectura":"1 minuto"},"schema":{"@context":"https:\/\/schema.org","@graph":[{"@type":"Article","@id":"https:\/\/www.nexoinformativo.mx\/index.php\/2024\/08\/28\/el-marques-anuncia-el-segundo-foro-metropolitano-el-5-de-septiembre\/#article","isPartOf":{"@id":"https:\/\/www.nexoinformativo.mx\/index.php\/2024\/08\/28\/el-marques-anuncia-el-segundo-foro-metropolitano-el-5-de-septiembre\/"},"author":{"name":"Nexo Informativo","@id":"https:\/\/www.nexoinformativo.mx\/#\/schema\/person\/7749d380ba08c8ca00d7bc76fd907b7d"},"headline":"El Marqu\u00e9s anuncia el segundo foro Metropolitano el 5 de Septiembre","datePublished":"2024-08-28T16:00:04+00:00","dateModified":"2024-08-28T17:08:42+00:00","mainEntityOfPage":{"@id":"https:\/\/www.nexoinformativo.mx\/index.php\/2024\/08\/28\/el-marques-anuncia-el-segundo-foro-metropolitano-el-5-de-septiembre\/"},"wordCount":250,"commentCount":0,"publisher":{"@id":"https:\/\/www.nexoinformativo.mx\/#organization"},"image":{"@id":"https:\/\/www.nexoinformativo.mx\/index.php\/2024\/08\/28\/el-marques-anuncia-el-segundo-foro-metropolitano-el-5-de-septiembre\/#primaryimage"},"thumbnailUrl":"https:\/\/www.nexoinformativo.mx\/wp-content\/uploads\/2024\/08\/PHOTO-2024-08-28-09-37-42-2-scaled.jpg","keywords":["elmarques","ElMarquesEnAcci\u00f3n","ForoMetropolitano2024","planeacionurbana"],"articleSection":["\u00daltima Hora"],"inLanguage":"es","potentialAction":[{"@type":"CommentAction","name":"Comment","target":["https:\/\/www.nexoinformativo.mx\/index.php\/2024\/08\/28\/el-marques-anuncia-el-segundo-foro-metropolitano-el-5-de-septiembre\/#respond"]}]},{"@type":"WebPage","@id":"https:\/\/www.nexoinformativo.mx\/index.php\/2024\/08\/28\/el-marques-anuncia-el-segundo-foro-metropolitano-el-5-de-septiembre\/","url":"https:\/\/www.nexoinformativo.mx\/index.php\/2024\/08\/28\/el-marques-anuncia-el-segundo-foro-metropolitano-el-5-de-septiembre\/","name":"El Marqu\u00e9s anuncia el segundo foro Metropolitano el 5 de Septiembre | Nexo Informativo Santiago de Quer\u00e9taro","isPartOf":{"@id":"https:\/\/www.nexoinformativo.mx\/#website"},"primaryImageOfPage":{"@id":"https:\/\/www.nexoinformativo.mx\/index.php\/2024\/08\/28\/el-marques-anuncia-el-segundo-foro-metropolitano-el-5-de-septiembre\/#primaryimage"},"image":{"@id":"https:\/\/www.nexoinformativo.mx\/index.php\/2024\/08\/28\/el-marques-anuncia-el-segundo-foro-metropolitano-el-5-de-septiembre\/#primaryimage"},"thumbnailUrl":"https:\/\/www.nexoinformativo.mx\/wp-content\/uploads\/2024\/08\/PHOTO-2024-08-28-09-37-42-2-scaled.jpg","datePublished":"2024-08-28T16:00:04+00:00","dateModified":"2024-08-28T17:08:42+00:00","breadcrumb":{"@id":"https:\/\/www.nexoinformativo.mx\/index.php\/2024\/08\/28\/el-marques-anuncia-el-segundo-foro-metropolitano-el-5-de-septiembre\/#breadcrumb"},"inLanguage":"es","potentialAction":[{"@type":"ReadAction","target":["https:\/\/www.nexoinformativo.mx\/index.php\/2024\/08\/28\/el-marques-anuncia-el-segundo-foro-metropolitano-el-5-de-septiembre\/"]}]},{"@type":"ImageObject","inLanguage":"es","@id":"https:\/\/www.nexoinformativo.mx\/index.php\/2024\/08\/28\/el-marques-anuncia-el-segundo-foro-metropolitano-el-5-de-septiembre\/#primaryimage","url":"https:\/\/www.nexoinformativo.mx\/wp-content\/uploads\/2024\/08\/PHOTO-2024-08-28-09-37-42-2-scaled.jpg","contentUrl":"https:\/\/www.nexoinformativo.mx\/wp-content\/uploads\/2024\/08\/PHOTO-2024-08-28-09-37-42-2-scaled.jpg","width":2560,"height":1706},{"@type":"BreadcrumbList","@id":"https:\/\/www.nexoinformativo.mx\/index.php\/2024\/08\/28\/el-marques-anuncia-el-segundo-foro-metropolitano-el-5-de-septiembre\/#breadcrumb","itemListElement":[{"@type":"ListItem","position":1,"name":"Inicio","item":"https:\/\/www.nexoinformativo.mx\/"},{"@type":"ListItem","position":2,"name":"El Marqu\u00e9s anuncia el segundo foro Metropolitano el 5 de Septiembre"}]},{"@type":"WebSite","@id":"https:\/\/www.nexoinformativo.mx\/#website","url":"https:\/\/www.nexoinformativo.mx\/","name":"Nexo Informativo Santiago de Quer\u00e9taro","description":"Explora NexoInformativo y convi\u00e9rtete en parte de una comunidad que valora el conocimiento y la verdad. Tu nexoinformativo es tu puente hacia una comprensi\u00f3n m\u00e1s profunda del mundo que te rodea.","publisher":{"@id":"https:\/\/www.nexoinformativo.mx\/#organization"},"potentialAction":[{"@type":"SearchAction","target":{"@type":"EntryPoint","urlTemplate":"https:\/\/www.nexoinformativo.mx\/?s={search_term_string}"},"query-input":{"@type":"PropertyValueSpecification","valueRequired":true,"valueName":"search_term_string"}}],"inLanguage":"es"},{"@type":"Organization","@id":"https:\/\/www.nexoinformativo.mx\/#organization","name":"Nexo Informativo Santiago de Quer\u00e9taro","url":"https:\/\/www.nexoinformativo.mx\/","logo":{"@type":"ImageObject","inLanguage":"es","@id":"https:\/\/www.nexoinformativo.mx\/#\/schema\/logo\/image\/","url":"https:\/\/www.nexoinformativo.mx\/wp-content\/uploads\/2024\/07\/nexoi-trasparente-2.png","contentUrl":"https:\/\/www.nexoinformativo.mx\/wp-content\/uploads\/2024\/07\/nexoi-trasparente-2.png","width":816,"height":339,"caption":"Nexo Informativo Santiago de Quer\u00e9taro"},"image":{"@id":"https:\/\/www.nexoinformativo.mx\/#\/schema\/logo\/image\/"},"sameAs":["https:\/\/www.facebook.com\/people\/Nexo-Informativo\/61564066885511\/"]},{"@type":"Person","@id":"https:\/\/www.nexoinformativo.mx\/#\/schema\/person\/7749d380ba08c8ca00d7bc76fd907b7d","name":"Nexo Informativo","image":{"@type":"ImageObject","inLanguage":"es","@id":"https:\/\/www.nexoinformativo.mx\/#\/schema\/person\/image\/","url":"https:\/\/secure.gravatar.com\/avatar\/dde2928154642a13d95f87ddf1ea9718fe2b46760a005c53e41ff5ad610704e6?s=96&d=mm&r=g","contentUrl":"https:\/\/secure.gravatar.com\/avatar\/dde2928154642a13d95f87ddf1ea9718fe2b46760a005c53e41ff5ad610704e6?s=96&d=mm&r=g","caption":"Nexo Informativo"},"url":"https:\/\/www.nexoinformativo.mx\/index.php\/author\/edicion\/"}]}},"_links":{"self":[{"href":"https:\/\/www.nexoinformativo.mx\/index.php\/wp-json\/wp\/v2\/posts\/1122","targetHints":{"allow":["GET"]}}],"collection":[{"href":"https:\/\/www.nexoinformativo.mx\/index.php\/wp-json\/wp\/v2\/posts"}],"about":[{"href":"https:\/\/www.nexoinformativo.mx\/index.php\/wp-json\/wp\/v2\/types\/post"}],"author":[{"embeddable":true,"href":"https:\/\/www.nexoinformativo.mx\/index.php\/wp-json\/wp\/v2\/users\/3"}],"replies":[{"embeddable":true,"href":"https:\/\/www.nexoinformativo.mx\/index.php\/wp-json\/wp\/v2\/comments?post=1122"}],"version-history":[{"count":4,"href":"https:\/\/www.nexoinformativo.mx\/index.php\/wp-json\/wp\/v2\/posts\/1122\/revisions"}],"predecessor-version":[{"id":1125,"href":"https:\/\/www.nexoinformativo.mx\/index.php\/wp-json\/wp\/v2\/posts\/1122\/revisions\/1125"}],"wp:featuredmedia":[{"embeddable":true,"href":"https:\/\/www.nexoinformativo.mx\/index.php\/wp-json\/wp\/v2\/media\/1123"}],"wp:attachment":[{"href":"https:\/\/www.nexoinformativo.mx\/index.php\/wp-json\/wp\/v2\/media?parent=1122"}],"wp:term":[{"taxonomy":"category","embeddable":true,"href":"https:\/\/www.nexoinformativo.mx\/index.php\/wp-json\/wp\/v2\/categories?post=1122"},{"taxonomy":"post_tag","embeddable":true,"href":"https:\/\/www.nexoinformativo.mx\/index.php\/wp-json\/wp\/v2\/tags?post=1122"}],"curies":[{"name":"wp","href":"https:\/\/api.w.org\/{rel}","templated":true}]}}