{"id":11227,"date":"2025-02-05T06:00:21","date_gmt":"2025-02-05T12:00:21","guid":{"rendered":"https:\/\/www.nexoinformativo.mx\/?p=11227"},"modified":"2025-02-05T07:44:23","modified_gmt":"2025-02-05T13:44:23","slug":"gobierno-de-mexico-busca-acuerdo-con-gasolineras-para-frenar-el-alza-de-precios","status":"publish","type":"post","link":"https:\/\/www.nexoinformativo.mx\/index.php\/2025\/02\/05\/gobierno-de-mexico-busca-acuerdo-con-gasolineras-para-frenar-el-alza-de-precios\/","title":{"rendered":"Gobierno de M\u00e9xico busca acuerdo con gasolineras para frenar el alza de precios"},"content":{"rendered":"<p style=\"text-align: justify;\" data-sourcepos=\"11:1-11:341\">La presidenta de M\u00e9xico, Claudia Sheinbaum, anunci\u00f3 que su gobierno est\u00e1 trabajando en un acuerdo con las empresas gasolineras para establecer precios m\u00e1ximos a los combustibles.<\/p>\n<\/p>\n<p>&nbsp;<\/p>\n<p style=\"text-align: justify;\" data-sourcepos=\"11:1-11:341\">Esta medida busca contrarrestar los constantes incrementos en el precio de la gasolina y proteger el bolsillo de los consumidores.<\/p>\n<\/p>\n<p>&nbsp;<\/p>\n<p style=\"text-align: justify;\" data-sourcepos=\"13:1-13:244\">La mandataria argument\u00f3 que el objetivo es evitar que las gasolineras obtengan ganancias excesivas a costa de los consumidores. <strong>&#8220;Lo que no queremos es meter el lEPS para financiar la ganancia de gasolineros, eso no est\u00e1 bien&#8221;<\/strong>, se\u00f1al\u00f3 Sheinbaum.<\/p>\n<\/p>\n<p>&nbsp;<\/p>\n<p style=\"text-align: justify;\" data-sourcepos=\"15:1-15:233\">Sin embargo, esta medida ha generado cierta incertidumbre en el sector, ya que la <strong>Organizaci\u00f3n Nacional de Expendedores de Petr\u00f3leo<\/strong> (Onexpo) ha expresado su preocupaci\u00f3n por la complejidad de fijar precios en un mercado tan vol\u00e1til.<\/p>\n<\/p>\n<p>&nbsp;<\/p>\n<p style=\"text-align: justify;\" data-sourcepos=\"17:1-17:240\">Por otro lado, la presidenta tambi\u00e9n alert\u00f3 sobre un problema de salinizaci\u00f3n del crudo que afecta a la refiner\u00eda de Dos Bocas, lo que podr\u00eda comprometer su producci\u00f3n y generar presiones adicionales en el mercado de combustibles.<\/p>\n<\/p>\n<p>&nbsp;<\/p>\n<p style=\"text-align: justify;\" data-sourcepos=\"19:1-19:368\">Esta serie de anuncios ha generado un debate sobre la pol\u00edtica energ\u00e9tica del gobierno mexicano y sobre la efectividad de las medidas para controlar los precios de los combustibles.<\/p>\n<\/p>\n<p>&nbsp;<\/p>\n<p style=\"text-align: justify;\" data-sourcepos=\"19:1-19:368\">Expertos se\u00f1alan que la fijaci\u00f3n de precios m\u00e1ximos puede generar desabasto y distorsiones en el mercado, mientras que otros consideran que es necesaria para proteger a los consumidores.<\/p>\n<\/p>\n<p>&nbsp;<\/p>\n<p style=\"text-align: center;\" data-sourcepos=\"19:1-19:368\"><em><strong>\u00a1Informaci\u00f3n que transforma!<\/strong><\/em><\/p>\n","protected":false},"excerpt":{"rendered":"<p>La presidenta de M\u00e9xico, Claudia Sheinbaum, anunci\u00f3 que su gobierno est\u00e1 trabajando en un acuerdo con las empresas gasolineras para establecer precios m\u00e1ximos a los combustibles.<\/p>\n","protected":false},"author":3,"featured_media":11228,"comment_status":"open","ping_status":"open","sticky":false,"template":"","format":"standard","meta":{"footnotes":""},"categories":[5,88,58],"tags":[3342,1610,3341,1256],"class_list":["post-11227","post","type-post","status-publish","format-standard","has-post-thumbnail","hentry","category-economia","category-nacional","category-ultima-hora","tag-energia","tag-mexico","tag-preciodelagasolina","tag-sheinbaum"],"yoast_head":"<!-- This site is optimized with the Yoast SEO plugin v25.0 - https:\/\/yoast.com\/wordpress\/plugins\/seo\/ -->\n<title>Gobierno de M\u00e9xico busca acuerdo con gasolineras para frenar el alza de precios | Nexo Informativo Santiago de Quer\u00e9taro<\/title>\n<meta name=\"robots\" content=\"index, follow, max-snippet:-1, max-image-preview:large, max-video-preview:-1\" \/>\n<link rel=\"canonical\" href=\"https:\/\/www.nexoinformativo.mx\/index.php\/2025\/02\/05\/gobierno-de-mexico-busca-acuerdo-con-gasolineras-para-frenar-el-alza-de-precios\/\" \/>\n<meta property=\"og:locale\" content=\"es_MX\" \/>\n<meta property=\"og:type\" content=\"article\" \/>\n<meta property=\"og:title\" content=\"Gobierno de M\u00e9xico busca acuerdo con gasolineras para frenar el alza de precios | Nexo Informativo Santiago de Quer\u00e9taro\" \/>\n<meta property=\"og:description\" content=\"La presidenta de M\u00e9xico, Claudia Sheinbaum, anunci\u00f3 que su gobierno est\u00e1 trabajando en un acuerdo con las empresas gasolineras para establecer precios m\u00e1ximos a los combustibles.\" \/>\n<meta property=\"og:url\" content=\"https:\/\/www.nexoinformativo.mx\/index.php\/2025\/02\/05\/gobierno-de-mexico-busca-acuerdo-con-gasolineras-para-frenar-el-alza-de-precios\/\" \/>\n<meta property=\"og:site_name\" content=\"Nexo Informativo Santiago de Quer\u00e9taro\" \/>\n<meta property=\"article:publisher\" content=\"https:\/\/www.facebook.com\/people\/Nexo-Informativo\/61564066885511\/\" \/>\n<meta property=\"article:published_time\" content=\"2025-02-05T12:00:21+00:00\" \/>\n<meta property=\"article:modified_time\" content=\"2025-02-05T13:44:23+00:00\" \/>\n<meta property=\"og:image\" content=\"https:\/\/www.nexoinformativo.mx\/wp-content\/uploads\/2025\/02\/IMG_0020.jpg\" \/>\n\t<meta property=\"og:image:width\" content=\"640\" \/>\n\t<meta property=\"og:image:height\" content=\"480\" \/>\n\t<meta property=\"og:image:type\" content=\"image\/jpeg\" \/>\n<meta name=\"author\" content=\"Nexo Informativo\" \/>\n<meta name=\"twitter:card\" content=\"summary_large_image\" \/>\n<meta name=\"twitter:label1\" content=\"Escrito por\" \/>\n\t<meta name=\"twitter:data1\" content=\"Nexo Informativo\" \/>\n\t<meta name=\"twitter:label2\" content=\"Tiempo de lectura\" \/>\n\t<meta name=\"twitter:data2\" content=\"2 minutos\" \/>\n<script type=\"application\/ld+json\" class=\"yoast-schema-graph\">{\"@context\":\"https:\/\/schema.org\",\"@graph\":[{\"@type\":\"Article\",\"@id\":\"https:\/\/www.nexoinformativo.mx\/index.php\/2025\/02\/05\/gobierno-de-mexico-busca-acuerdo-con-gasolineras-para-frenar-el-alza-de-precios\/#article\",\"isPartOf\":{\"@id\":\"https:\/\/www.nexoinformativo.mx\/index.php\/2025\/02\/05\/gobierno-de-mexico-busca-acuerdo-con-gasolineras-para-frenar-el-alza-de-precios\/\"},\"author\":{\"name\":\"Nexo Informativo\",\"@id\":\"https:\/\/www.nexoinformativo.mx\/#\/schema\/person\/7749d380ba08c8ca00d7bc76fd907b7d\"},\"headline\":\"Gobierno de M\u00e9xico busca acuerdo con gasolineras para frenar el alza de precios\",\"datePublished\":\"2025-02-05T12:00:21+00:00\",\"dateModified\":\"2025-02-05T13:44:23+00:00\",\"mainEntityOfPage\":{\"@id\":\"https:\/\/www.nexoinformativo.mx\/index.php\/2025\/02\/05\/gobierno-de-mexico-busca-acuerdo-con-gasolineras-para-frenar-el-alza-de-precios\/\"},\"wordCount\":257,\"commentCount\":0,\"publisher\":{\"@id\":\"https:\/\/www.nexoinformativo.mx\/#organization\"},\"image\":{\"@id\":\"https:\/\/www.nexoinformativo.mx\/index.php\/2025\/02\/05\/gobierno-de-mexico-busca-acuerdo-con-gasolineras-para-frenar-el-alza-de-precios\/#primaryimage\"},\"thumbnailUrl\":\"https:\/\/www.nexoinformativo.mx\/wp-content\/uploads\/2025\/02\/IMG_0020.jpg\",\"keywords\":[\"Energia\",\"M\u00e9xico\",\"PrecioDeLaGasolina\",\"Sheinbaum\"],\"articleSection\":[\"Econom\u00eda\",\"Nacional\",\"\u00daltima Hora\"],\"inLanguage\":\"es\",\"potentialAction\":[{\"@type\":\"CommentAction\",\"name\":\"Comment\",\"target\":[\"https:\/\/www.nexoinformativo.mx\/index.php\/2025\/02\/05\/gobierno-de-mexico-busca-acuerdo-con-gasolineras-para-frenar-el-alza-de-precios\/#respond\"]}]},{\"@type\":\"WebPage\",\"@id\":\"https:\/\/www.nexoinformativo.mx\/index.php\/2025\/02\/05\/gobierno-de-mexico-busca-acuerdo-con-gasolineras-para-frenar-el-alza-de-precios\/\",\"url\":\"https:\/\/www.nexoinformativo.mx\/index.php\/2025\/02\/05\/gobierno-de-mexico-busca-acuerdo-con-gasolineras-para-frenar-el-alza-de-precios\/\",\"name\":\"Gobierno de M\u00e9xico busca acuerdo con gasolineras para frenar el alza de precios | Nexo Informativo Santiago de Quer\u00e9taro\",\"isPartOf\":{\"@id\":\"https:\/\/www.nexoinformativo.mx\/#website\"},\"primaryImageOfPage\":{\"@id\":\"https:\/\/www.nexoinformativo.mx\/index.php\/2025\/02\/05\/gobierno-de-mexico-busca-acuerdo-con-gasolineras-para-frenar-el-alza-de-precios\/#primaryimage\"},\"image\":{\"@id\":\"https:\/\/www.nexoinformativo.mx\/index.php\/2025\/02\/05\/gobierno-de-mexico-busca-acuerdo-con-gasolineras-para-frenar-el-alza-de-precios\/#primaryimage\"},\"thumbnailUrl\":\"https:\/\/www.nexoinformativo.mx\/wp-content\/uploads\/2025\/02\/IMG_0020.jpg\",\"datePublished\":\"2025-02-05T12:00:21+00:00\",\"dateModified\":\"2025-02-05T13:44:23+00:00\",\"breadcrumb\":{\"@id\":\"https:\/\/www.nexoinformativo.mx\/index.php\/2025\/02\/05\/gobierno-de-mexico-busca-acuerdo-con-gasolineras-para-frenar-el-alza-de-precios\/#breadcrumb\"},\"inLanguage\":\"es\",\"potentialAction\":[{\"@type\":\"ReadAction\",\"target\":[\"https:\/\/www.nexoinformativo.mx\/index.php\/2025\/02\/05\/gobierno-de-mexico-busca-acuerdo-con-gasolineras-para-frenar-el-alza-de-precios\/\"]}]},{\"@type\":\"ImageObject\",\"inLanguage\":\"es\",\"@id\":\"https:\/\/www.nexoinformativo.mx\/index.php\/2025\/02\/05\/gobierno-de-mexico-busca-acuerdo-con-gasolineras-para-frenar-el-alza-de-precios\/#primaryimage\",\"url\":\"https:\/\/www.nexoinformativo.mx\/wp-content\/uploads\/2025\/02\/IMG_0020.jpg\",\"contentUrl\":\"https:\/\/www.nexoinformativo.mx\/wp-content\/uploads\/2025\/02\/IMG_0020.jpg\",\"width\":640,\"height\":480},{\"@type\":\"BreadcrumbList\",\"@id\":\"https:\/\/www.nexoinformativo.mx\/index.php\/2025\/02\/05\/gobierno-de-mexico-busca-acuerdo-con-gasolineras-para-frenar-el-alza-de-precios\/#breadcrumb\",\"itemListElement\":[{\"@type\":\"ListItem\",\"position\":1,\"name\":\"Inicio\",\"item\":\"https:\/\/www.nexoinformativo.mx\/\"},{\"@type\":\"ListItem\",\"position\":2,\"name\":\"Gobierno de M\u00e9xico busca acuerdo con gasolineras para frenar el alza de precios\"}]},{\"@type\":\"WebSite\",\"@id\":\"https:\/\/www.nexoinformativo.mx\/#website\",\"url\":\"https:\/\/www.nexoinformativo.mx\/\",\"name\":\"Nexo Informativo Santiago de Quer\u00e9taro\",\"description\":\"Explora NexoInformativo y convi\u00e9rtete en parte de una comunidad que valora el conocimiento y la verdad. Tu nexoinformativo es tu puente hacia una comprensi\u00f3n m\u00e1s profunda del mundo que te rodea.\",\"publisher\":{\"@id\":\"https:\/\/www.nexoinformativo.mx\/#organization\"},\"potentialAction\":[{\"@type\":\"SearchAction\",\"target\":{\"@type\":\"EntryPoint\",\"urlTemplate\":\"https:\/\/www.nexoinformativo.mx\/?s={search_term_string}\"},\"query-input\":{\"@type\":\"PropertyValueSpecification\",\"valueRequired\":true,\"valueName\":\"search_term_string\"}}],\"inLanguage\":\"es\"},{\"@type\":\"Organization\",\"@id\":\"https:\/\/www.nexoinformativo.mx\/#organization\",\"name\":\"Nexo Informativo Santiago de Quer\u00e9taro\",\"url\":\"https:\/\/www.nexoinformativo.mx\/\",\"logo\":{\"@type\":\"ImageObject\",\"inLanguage\":\"es\",\"@id\":\"https:\/\/www.nexoinformativo.mx\/#\/schema\/logo\/image\/\",\"url\":\"https:\/\/www.nexoinformativo.mx\/wp-content\/uploads\/2024\/07\/nexoi-trasparente-2.png\",\"contentUrl\":\"https:\/\/www.nexoinformativo.mx\/wp-content\/uploads\/2024\/07\/nexoi-trasparente-2.png\",\"width\":816,\"height\":339,\"caption\":\"Nexo Informativo Santiago de Quer\u00e9taro\"},\"image\":{\"@id\":\"https:\/\/www.nexoinformativo.mx\/#\/schema\/logo\/image\/\"},\"sameAs\":[\"https:\/\/www.facebook.com\/people\/Nexo-Informativo\/61564066885511\/\"]},{\"@type\":\"Person\",\"@id\":\"https:\/\/www.nexoinformativo.mx\/#\/schema\/person\/7749d380ba08c8ca00d7bc76fd907b7d\",\"name\":\"Nexo Informativo\",\"image\":{\"@type\":\"ImageObject\",\"inLanguage\":\"es\",\"@id\":\"https:\/\/www.nexoinformativo.mx\/#\/schema\/person\/image\/\",\"url\":\"https:\/\/secure.gravatar.com\/avatar\/dde2928154642a13d95f87ddf1ea9718fe2b46760a005c53e41ff5ad610704e6?s=96&d=mm&r=g\",\"contentUrl\":\"https:\/\/secure.gravatar.com\/avatar\/dde2928154642a13d95f87ddf1ea9718fe2b46760a005c53e41ff5ad610704e6?s=96&d=mm&r=g\",\"caption\":\"Nexo Informativo\"},\"url\":\"https:\/\/www.nexoinformativo.mx\/index.php\/author\/edicion\/\"}]}<\/script>\n<!-- \/ Yoast SEO plugin. -->","yoast_head_json":{"title":"Gobierno de M\u00e9xico busca acuerdo con gasolineras para frenar el alza de precios | Nexo Informativo Santiago de Quer\u00e9taro","robots":{"index":"index","follow":"follow","max-snippet":"max-snippet:-1","max-image-preview":"max-image-preview:large","max-video-preview":"max-video-preview:-1"},"canonical":"https:\/\/www.nexoinformativo.mx\/index.php\/2025\/02\/05\/gobierno-de-mexico-busca-acuerdo-con-gasolineras-para-frenar-el-alza-de-precios\/","og_locale":"es_MX","og_type":"article","og_title":"Gobierno de M\u00e9xico busca acuerdo con gasolineras para frenar el alza de precios | Nexo Informativo Santiago de Quer\u00e9taro","og_description":"La presidenta de M\u00e9xico, Claudia Sheinbaum, anunci\u00f3 que su gobierno est\u00e1 trabajando en un acuerdo con las empresas gasolineras para establecer precios m\u00e1ximos a los combustibles.","og_url":"https:\/\/www.nexoinformativo.mx\/index.php\/2025\/02\/05\/gobierno-de-mexico-busca-acuerdo-con-gasolineras-para-frenar-el-alza-de-precios\/","og_site_name":"Nexo Informativo Santiago de Quer\u00e9taro","article_publisher":"https:\/\/www.facebook.com\/people\/Nexo-Informativo\/61564066885511\/","article_published_time":"2025-02-05T12:00:21+00:00","article_modified_time":"2025-02-05T13:44:23+00:00","og_image":[{"width":640,"height":480,"url":"https:\/\/www.nexoinformativo.mx\/wp-content\/uploads\/2025\/02\/IMG_0020.jpg","type":"image\/jpeg"}],"author":"Nexo Informativo","twitter_card":"summary_large_image","twitter_misc":{"Escrito por":"Nexo Informativo","Tiempo de lectura":"2 minutos"},"schema":{"@context":"https:\/\/schema.org","@graph":[{"@type":"Article","@id":"https:\/\/www.nexoinformativo.mx\/index.php\/2025\/02\/05\/gobierno-de-mexico-busca-acuerdo-con-gasolineras-para-frenar-el-alza-de-precios\/#article","isPartOf":{"@id":"https:\/\/www.nexoinformativo.mx\/index.php\/2025\/02\/05\/gobierno-de-mexico-busca-acuerdo-con-gasolineras-para-frenar-el-alza-de-precios\/"},"author":{"name":"Nexo Informativo","@id":"https:\/\/www.nexoinformativo.mx\/#\/schema\/person\/7749d380ba08c8ca00d7bc76fd907b7d"},"headline":"Gobierno de M\u00e9xico busca acuerdo con gasolineras para frenar el alza de precios","datePublished":"2025-02-05T12:00:21+00:00","dateModified":"2025-02-05T13:44:23+00:00","mainEntityOfPage":{"@id":"https:\/\/www.nexoinformativo.mx\/index.php\/2025\/02\/05\/gobierno-de-mexico-busca-acuerdo-con-gasolineras-para-frenar-el-alza-de-precios\/"},"wordCount":257,"commentCount":0,"publisher":{"@id":"https:\/\/www.nexoinformativo.mx\/#organization"},"image":{"@id":"https:\/\/www.nexoinformativo.mx\/index.php\/2025\/02\/05\/gobierno-de-mexico-busca-acuerdo-con-gasolineras-para-frenar-el-alza-de-precios\/#primaryimage"},"thumbnailUrl":"https:\/\/www.nexoinformativo.mx\/wp-content\/uploads\/2025\/02\/IMG_0020.jpg","keywords":["Energia","M\u00e9xico","PrecioDeLaGasolina","Sheinbaum"],"articleSection":["Econom\u00eda","Nacional","\u00daltima Hora"],"inLanguage":"es","potentialAction":[{"@type":"CommentAction","name":"Comment","target":["https:\/\/www.nexoinformativo.mx\/index.php\/2025\/02\/05\/gobierno-de-mexico-busca-acuerdo-con-gasolineras-para-frenar-el-alza-de-precios\/#respond"]}]},{"@type":"WebPage","@id":"https:\/\/www.nexoinformativo.mx\/index.php\/2025\/02\/05\/gobierno-de-mexico-busca-acuerdo-con-gasolineras-para-frenar-el-alza-de-precios\/","url":"https:\/\/www.nexoinformativo.mx\/index.php\/2025\/02\/05\/gobierno-de-mexico-busca-acuerdo-con-gasolineras-para-frenar-el-alza-de-precios\/","name":"Gobierno de M\u00e9xico busca acuerdo con gasolineras para frenar el alza de precios | Nexo Informativo Santiago de Quer\u00e9taro","isPartOf":{"@id":"https:\/\/www.nexoinformativo.mx\/#website"},"primaryImageOfPage":{"@id":"https:\/\/www.nexoinformativo.mx\/index.php\/2025\/02\/05\/gobierno-de-mexico-busca-acuerdo-con-gasolineras-para-frenar-el-alza-de-precios\/#primaryimage"},"image":{"@id":"https:\/\/www.nexoinformativo.mx\/index.php\/2025\/02\/05\/gobierno-de-mexico-busca-acuerdo-con-gasolineras-para-frenar-el-alza-de-precios\/#primaryimage"},"thumbnailUrl":"https:\/\/www.nexoinformativo.mx\/wp-content\/uploads\/2025\/02\/IMG_0020.jpg","datePublished":"2025-02-05T12:00:21+00:00","dateModified":"2025-02-05T13:44:23+00:00","breadcrumb":{"@id":"https:\/\/www.nexoinformativo.mx\/index.php\/2025\/02\/05\/gobierno-de-mexico-busca-acuerdo-con-gasolineras-para-frenar-el-alza-de-precios\/#breadcrumb"},"inLanguage":"es","potentialAction":[{"@type":"ReadAction","target":["https:\/\/www.nexoinformativo.mx\/index.php\/2025\/02\/05\/gobierno-de-mexico-busca-acuerdo-con-gasolineras-para-frenar-el-alza-de-precios\/"]}]},{"@type":"ImageObject","inLanguage":"es","@id":"https:\/\/www.nexoinformativo.mx\/index.php\/2025\/02\/05\/gobierno-de-mexico-busca-acuerdo-con-gasolineras-para-frenar-el-alza-de-precios\/#primaryimage","url":"https:\/\/www.nexoinformativo.mx\/wp-content\/uploads\/2025\/02\/IMG_0020.jpg","contentUrl":"https:\/\/www.nexoinformativo.mx\/wp-content\/uploads\/2025\/02\/IMG_0020.jpg","width":640,"height":480},{"@type":"BreadcrumbList","@id":"https:\/\/www.nexoinformativo.mx\/index.php\/2025\/02\/05\/gobierno-de-mexico-busca-acuerdo-con-gasolineras-para-frenar-el-alza-de-precios\/#breadcrumb","itemListElement":[{"@type":"ListItem","position":1,"name":"Inicio","item":"https:\/\/www.nexoinformativo.mx\/"},{"@type":"ListItem","position":2,"name":"Gobierno de M\u00e9xico busca acuerdo con gasolineras para frenar el alza de precios"}]},{"@type":"WebSite","@id":"https:\/\/www.nexoinformativo.mx\/#website","url":"https:\/\/www.nexoinformativo.mx\/","name":"Nexo Informativo Santiago de Quer\u00e9taro","description":"Explora NexoInformativo y convi\u00e9rtete en parte de una comunidad que valora el conocimiento y la verdad. Tu nexoinformativo es tu puente hacia una comprensi\u00f3n m\u00e1s profunda del mundo que te rodea.","publisher":{"@id":"https:\/\/www.nexoinformativo.mx\/#organization"},"potentialAction":[{"@type":"SearchAction","target":{"@type":"EntryPoint","urlTemplate":"https:\/\/www.nexoinformativo.mx\/?s={search_term_string}"},"query-input":{"@type":"PropertyValueSpecification","valueRequired":true,"valueName":"search_term_string"}}],"inLanguage":"es"},{"@type":"Organization","@id":"https:\/\/www.nexoinformativo.mx\/#organization","name":"Nexo Informativo Santiago de Quer\u00e9taro","url":"https:\/\/www.nexoinformativo.mx\/","logo":{"@type":"ImageObject","inLanguage":"es","@id":"https:\/\/www.nexoinformativo.mx\/#\/schema\/logo\/image\/","url":"https:\/\/www.nexoinformativo.mx\/wp-content\/uploads\/2024\/07\/nexoi-trasparente-2.png","contentUrl":"https:\/\/www.nexoinformativo.mx\/wp-content\/uploads\/2024\/07\/nexoi-trasparente-2.png","width":816,"height":339,"caption":"Nexo Informativo Santiago de Quer\u00e9taro"},"image":{"@id":"https:\/\/www.nexoinformativo.mx\/#\/schema\/logo\/image\/"},"sameAs":["https:\/\/www.facebook.com\/people\/Nexo-Informativo\/61564066885511\/"]},{"@type":"Person","@id":"https:\/\/www.nexoinformativo.mx\/#\/schema\/person\/7749d380ba08c8ca00d7bc76fd907b7d","name":"Nexo Informativo","image":{"@type":"ImageObject","inLanguage":"es","@id":"https:\/\/www.nexoinformativo.mx\/#\/schema\/person\/image\/","url":"https:\/\/secure.gravatar.com\/avatar\/dde2928154642a13d95f87ddf1ea9718fe2b46760a005c53e41ff5ad610704e6?s=96&d=mm&r=g","contentUrl":"https:\/\/secure.gravatar.com\/avatar\/dde2928154642a13d95f87ddf1ea9718fe2b46760a005c53e41ff5ad610704e6?s=96&d=mm&r=g","caption":"Nexo Informativo"},"url":"https:\/\/www.nexoinformativo.mx\/index.php\/author\/edicion\/"}]}},"_links":{"self":[{"href":"https:\/\/www.nexoinformativo.mx\/index.php\/wp-json\/wp\/v2\/posts\/11227","targetHints":{"allow":["GET"]}}],"collection":[{"href":"https:\/\/www.nexoinformativo.mx\/index.php\/wp-json\/wp\/v2\/posts"}],"about":[{"href":"https:\/\/www.nexoinformativo.mx\/index.php\/wp-json\/wp\/v2\/types\/post"}],"author":[{"embeddable":true,"href":"https:\/\/www.nexoinformativo.mx\/index.php\/wp-json\/wp\/v2\/users\/3"}],"replies":[{"embeddable":true,"href":"https:\/\/www.nexoinformativo.mx\/index.php\/wp-json\/wp\/v2\/comments?post=11227"}],"version-history":[{"count":3,"href":"https:\/\/www.nexoinformativo.mx\/index.php\/wp-json\/wp\/v2\/posts\/11227\/revisions"}],"predecessor-version":[{"id":11231,"href":"https:\/\/www.nexoinformativo.mx\/index.php\/wp-json\/wp\/v2\/posts\/11227\/revisions\/11231"}],"wp:featuredmedia":[{"embeddable":true,"href":"https:\/\/www.nexoinformativo.mx\/index.php\/wp-json\/wp\/v2\/media\/11228"}],"wp:attachment":[{"href":"https:\/\/www.nexoinformativo.mx\/index.php\/wp-json\/wp\/v2\/media?parent=11227"}],"wp:term":[{"taxonomy":"category","embeddable":true,"href":"https:\/\/www.nexoinformativo.mx\/index.php\/wp-json\/wp\/v2\/categories?post=11227"},{"taxonomy":"post_tag","embeddable":true,"href":"https:\/\/www.nexoinformativo.mx\/index.php\/wp-json\/wp\/v2\/tags?post=11227"}],"curies":[{"name":"wp","href":"https:\/\/api.w.org\/{rel}","templated":true}]}}