{"id":11250,"date":"2025-02-05T09:00:17","date_gmt":"2025-02-05T15:00:17","guid":{"rendered":"https:\/\/www.nexoinformativo.mx\/?p=11250"},"modified":"2025-02-05T14:39:44","modified_gmt":"2025-02-05T20:39:44","slug":"ejecutan-a-balazos-a-hombre-dentro-de-su-vehiculo-en-san-juan-del-rio","status":"publish","type":"post","link":"https:\/\/www.nexoinformativo.mx\/index.php\/2025\/02\/05\/ejecutan-a-balazos-a-hombre-dentro-de-su-vehiculo-en-san-juan-del-rio\/","title":{"rendered":"Ejecutan a balazos a hombre dentro de su veh\u00edculo en San Juan del R\u00edo"},"content":{"rendered":"<p style=\"text-align: justify;\" data-sourcepos=\"11:1-11:313\">Un nuevo hecho violento sacudi\u00f3 a la comunidad de Paso de Mata en el municipio de San Juan del R\u00edo. La tarde de este martes, un hombre de aproximadamente 23 a\u00f1os fue asesinado a balazos en el interior de su veh\u00edculo, mientras se encontraba estacionado en la calle Alfredo V. Bonfil.<\/p>\n<p>&nbsp;<\/p>\n<p style=\"text-align: justify;\" data-sourcepos=\"13:1-13:321\">Vecinos de la zona fueron quienes alertaron a las autoridades al escuchar m\u00faltiples detonaciones de arma de fuego. Al arribar al lugar, elementos de seguridad confirmaron el fallecimiento del hombre y aseguraron la zona para que personal de la Fiscal\u00eda General del Estado (FGE) realizara las diligencias correspondientes.<\/p>\n<p>&nbsp;<\/p>\n<p style=\"text-align: justify;\" data-sourcepos=\"15:1-15:202\">De acuerdo con los primeros reportes, el ataque fue directo y los agresores, quienes viajaban en un veh\u00edculo, huyeron del lugar tras perpetrar el crimen. Hasta el momento, no se han reportado detenidos.<\/p>\n<p>&nbsp;<\/p>\n<p style=\"text-align: justify;\" data-sourcepos=\"17:1-17:229\">La Fiscal\u00eda inici\u00f3 una carpeta de investigaci\u00f3n para esclarecer los hechos y dar con los responsables de este homicidio. Se desconoce el motivo del ataque, sin embargo, las autoridades no descartan ninguna l\u00ednea de investigaci\u00f3n.<\/p>\n<p>&nbsp;<\/p>\n<p style=\"text-align: justify;\" data-sourcepos=\"19:1-19:138\">Este nuevo hecho violento ha generado consternaci\u00f3n entre los habitantes de San Juan del R\u00edo, quienes demandan mayor seguridad en la zona.<\/p>\n<p>&nbsp;<\/p>\n<p style=\"text-align: center;\" data-sourcepos=\"19:1-19:138\"><em><strong>\u00a1Informaci\u00f3n que transforma!<\/strong><\/em><\/p>\n","protected":false},"excerpt":{"rendered":"<p>Un nuevo hecho violento sacudi\u00f3 a la comunidad de Paso de Mata en el municipio de San Juan del R\u00edo. La tarde de este martes, un hombre de aproximadamente 23 a\u00f1os fue asesinado a balazos en el interior de su veh\u00edculo, mientras se encontraba estacionado en la calle Alfredo V. Bonfil.<\/p>\n","protected":false},"author":3,"featured_media":11252,"comment_status":"open","ping_status":"open","sticky":false,"template":"","format":"standard","meta":{"footnotes":""},"categories":[137,58],"tags":[3345,968,133,382],"class_list":["post-11250","post","type-post","status-publish","format-standard","has-post-thumbnail","hentry","category-sucesos","category-ultima-hora","tag-ejecucion","tag-inseguridad","tag-queretaro","tag-sanjuandelrio"],"yoast_head":"<!-- This site is optimized with the Yoast SEO plugin v25.0 - https:\/\/yoast.com\/wordpress\/plugins\/seo\/ -->\n<title>Ejecutan a balazos a hombre dentro de su veh\u00edculo en San Juan del R\u00edo | Nexo Informativo Santiago de Quer\u00e9taro<\/title>\n<meta name=\"description\" content=\"Ejecutan a balazos a hombre dentro de su veh\u00edculo en San Juan del R\u00edo\" \/>\n<meta name=\"robots\" content=\"index, follow, max-snippet:-1, max-image-preview:large, max-video-preview:-1\" \/>\n<link rel=\"canonical\" href=\"https:\/\/www.nexoinformativo.mx\/index.php\/2025\/02\/05\/ejecutan-a-balazos-a-hombre-dentro-de-su-vehiculo-en-san-juan-del-rio\/\" \/>\n<meta property=\"og:locale\" content=\"es_MX\" \/>\n<meta property=\"og:type\" content=\"article\" \/>\n<meta property=\"og:title\" content=\"Ejecutan a balazos a hombre dentro de su veh\u00edculo en San Juan del R\u00edo | Nexo Informativo Santiago de Quer\u00e9taro\" \/>\n<meta property=\"og:description\" content=\"Ejecutan a balazos a hombre dentro de su veh\u00edculo en San Juan del R\u00edo\" \/>\n<meta property=\"og:url\" content=\"https:\/\/www.nexoinformativo.mx\/index.php\/2025\/02\/05\/ejecutan-a-balazos-a-hombre-dentro-de-su-vehiculo-en-san-juan-del-rio\/\" \/>\n<meta property=\"og:site_name\" content=\"Nexo Informativo Santiago de Quer\u00e9taro\" \/>\n<meta property=\"article:publisher\" content=\"https:\/\/www.facebook.com\/people\/Nexo-Informativo\/61564066885511\/\" \/>\n<meta property=\"article:published_time\" content=\"2025-02-05T15:00:17+00:00\" \/>\n<meta property=\"article:modified_time\" content=\"2025-02-05T20:39:44+00:00\" \/>\n<meta property=\"og:image\" content=\"https:\/\/www.nexoinformativo.mx\/wp-content\/uploads\/2025\/02\/4263f72b-a67d-4f4d-9178-1e32bb9dd2fa-e1738773688826.jpeg\" \/>\n\t<meta property=\"og:image:width\" content=\"800\" \/>\n\t<meta property=\"og:image:height\" content=\"600\" \/>\n\t<meta property=\"og:image:type\" content=\"image\/jpeg\" \/>\n<meta name=\"author\" content=\"Nexo Informativo\" \/>\n<meta name=\"twitter:card\" content=\"summary_large_image\" \/>\n<meta name=\"twitter:label1\" content=\"Escrito por\" \/>\n\t<meta name=\"twitter:data1\" content=\"Nexo Informativo\" \/>\n\t<meta name=\"twitter:label2\" content=\"Tiempo de lectura\" \/>\n\t<meta name=\"twitter:data2\" content=\"2 minutos\" \/>\n<script type=\"application\/ld+json\" class=\"yoast-schema-graph\">{\"@context\":\"https:\/\/schema.org\",\"@graph\":[{\"@type\":\"Article\",\"@id\":\"https:\/\/www.nexoinformativo.mx\/index.php\/2025\/02\/05\/ejecutan-a-balazos-a-hombre-dentro-de-su-vehiculo-en-san-juan-del-rio\/#article\",\"isPartOf\":{\"@id\":\"https:\/\/www.nexoinformativo.mx\/index.php\/2025\/02\/05\/ejecutan-a-balazos-a-hombre-dentro-de-su-vehiculo-en-san-juan-del-rio\/\"},\"author\":{\"name\":\"Nexo Informativo\",\"@id\":\"https:\/\/www.nexoinformativo.mx\/#\/schema\/person\/7749d380ba08c8ca00d7bc76fd907b7d\"},\"headline\":\"Ejecutan a balazos a hombre dentro de su veh\u00edculo en San Juan del R\u00edo\",\"datePublished\":\"2025-02-05T15:00:17+00:00\",\"dateModified\":\"2025-02-05T20:39:44+00:00\",\"mainEntityOfPage\":{\"@id\":\"https:\/\/www.nexoinformativo.mx\/index.php\/2025\/02\/05\/ejecutan-a-balazos-a-hombre-dentro-de-su-vehiculo-en-san-juan-del-rio\/\"},\"wordCount\":225,\"commentCount\":0,\"publisher\":{\"@id\":\"https:\/\/www.nexoinformativo.mx\/#organization\"},\"image\":{\"@id\":\"https:\/\/www.nexoinformativo.mx\/index.php\/2025\/02\/05\/ejecutan-a-balazos-a-hombre-dentro-de-su-vehiculo-en-san-juan-del-rio\/#primaryimage\"},\"thumbnailUrl\":\"https:\/\/www.nexoinformativo.mx\/wp-content\/uploads\/2025\/02\/4263f72b-a67d-4f4d-9178-1e32bb9dd2fa-e1738773688826.jpeg\",\"keywords\":[\"Ejecuci\u00f3n\",\"Inseguridad\",\"Quer\u00e9taro\",\"SanJuanDelR\u00edo\"],\"articleSection\":[\"Sucesos\",\"\u00daltima Hora\"],\"inLanguage\":\"es\",\"potentialAction\":[{\"@type\":\"CommentAction\",\"name\":\"Comment\",\"target\":[\"https:\/\/www.nexoinformativo.mx\/index.php\/2025\/02\/05\/ejecutan-a-balazos-a-hombre-dentro-de-su-vehiculo-en-san-juan-del-rio\/#respond\"]}]},{\"@type\":\"WebPage\",\"@id\":\"https:\/\/www.nexoinformativo.mx\/index.php\/2025\/02\/05\/ejecutan-a-balazos-a-hombre-dentro-de-su-vehiculo-en-san-juan-del-rio\/\",\"url\":\"https:\/\/www.nexoinformativo.mx\/index.php\/2025\/02\/05\/ejecutan-a-balazos-a-hombre-dentro-de-su-vehiculo-en-san-juan-del-rio\/\",\"name\":\"Ejecutan a balazos a hombre dentro de su veh\u00edculo en San Juan del R\u00edo | Nexo Informativo Santiago de Quer\u00e9taro\",\"isPartOf\":{\"@id\":\"https:\/\/www.nexoinformativo.mx\/#website\"},\"primaryImageOfPage\":{\"@id\":\"https:\/\/www.nexoinformativo.mx\/index.php\/2025\/02\/05\/ejecutan-a-balazos-a-hombre-dentro-de-su-vehiculo-en-san-juan-del-rio\/#primaryimage\"},\"image\":{\"@id\":\"https:\/\/www.nexoinformativo.mx\/index.php\/2025\/02\/05\/ejecutan-a-balazos-a-hombre-dentro-de-su-vehiculo-en-san-juan-del-rio\/#primaryimage\"},\"thumbnailUrl\":\"https:\/\/www.nexoinformativo.mx\/wp-content\/uploads\/2025\/02\/4263f72b-a67d-4f4d-9178-1e32bb9dd2fa-e1738773688826.jpeg\",\"datePublished\":\"2025-02-05T15:00:17+00:00\",\"dateModified\":\"2025-02-05T20:39:44+00:00\",\"description\":\"Ejecutan a balazos a hombre dentro de su veh\u00edculo en San Juan del R\u00edo\",\"breadcrumb\":{\"@id\":\"https:\/\/www.nexoinformativo.mx\/index.php\/2025\/02\/05\/ejecutan-a-balazos-a-hombre-dentro-de-su-vehiculo-en-san-juan-del-rio\/#breadcrumb\"},\"inLanguage\":\"es\",\"potentialAction\":[{\"@type\":\"ReadAction\",\"target\":[\"https:\/\/www.nexoinformativo.mx\/index.php\/2025\/02\/05\/ejecutan-a-balazos-a-hombre-dentro-de-su-vehiculo-en-san-juan-del-rio\/\"]}]},{\"@type\":\"ImageObject\",\"inLanguage\":\"es\",\"@id\":\"https:\/\/www.nexoinformativo.mx\/index.php\/2025\/02\/05\/ejecutan-a-balazos-a-hombre-dentro-de-su-vehiculo-en-san-juan-del-rio\/#primaryimage\",\"url\":\"https:\/\/www.nexoinformativo.mx\/wp-content\/uploads\/2025\/02\/4263f72b-a67d-4f4d-9178-1e32bb9dd2fa-e1738773688826.jpeg\",\"contentUrl\":\"https:\/\/www.nexoinformativo.mx\/wp-content\/uploads\/2025\/02\/4263f72b-a67d-4f4d-9178-1e32bb9dd2fa-e1738773688826.jpeg\",\"width\":800,\"height\":600},{\"@type\":\"BreadcrumbList\",\"@id\":\"https:\/\/www.nexoinformativo.mx\/index.php\/2025\/02\/05\/ejecutan-a-balazos-a-hombre-dentro-de-su-vehiculo-en-san-juan-del-rio\/#breadcrumb\",\"itemListElement\":[{\"@type\":\"ListItem\",\"position\":1,\"name\":\"Inicio\",\"item\":\"https:\/\/www.nexoinformativo.mx\/\"},{\"@type\":\"ListItem\",\"position\":2,\"name\":\"Ejecutan a balazos a hombre dentro de su veh\u00edculo en San Juan del R\u00edo\"}]},{\"@type\":\"WebSite\",\"@id\":\"https:\/\/www.nexoinformativo.mx\/#website\",\"url\":\"https:\/\/www.nexoinformativo.mx\/\",\"name\":\"Nexo Informativo Santiago de Quer\u00e9taro\",\"description\":\"Explora NexoInformativo y convi\u00e9rtete en parte de una comunidad que valora el conocimiento y la verdad. Tu nexoinformativo es tu puente hacia una comprensi\u00f3n m\u00e1s profunda del mundo que te rodea.\",\"publisher\":{\"@id\":\"https:\/\/www.nexoinformativo.mx\/#organization\"},\"potentialAction\":[{\"@type\":\"SearchAction\",\"target\":{\"@type\":\"EntryPoint\",\"urlTemplate\":\"https:\/\/www.nexoinformativo.mx\/?s={search_term_string}\"},\"query-input\":{\"@type\":\"PropertyValueSpecification\",\"valueRequired\":true,\"valueName\":\"search_term_string\"}}],\"inLanguage\":\"es\"},{\"@type\":\"Organization\",\"@id\":\"https:\/\/www.nexoinformativo.mx\/#organization\",\"name\":\"Nexo Informativo Santiago de Quer\u00e9taro\",\"url\":\"https:\/\/www.nexoinformativo.mx\/\",\"logo\":{\"@type\":\"ImageObject\",\"inLanguage\":\"es\",\"@id\":\"https:\/\/www.nexoinformativo.mx\/#\/schema\/logo\/image\/\",\"url\":\"https:\/\/www.nexoinformativo.mx\/wp-content\/uploads\/2024\/07\/nexoi-trasparente-2.png\",\"contentUrl\":\"https:\/\/www.nexoinformativo.mx\/wp-content\/uploads\/2024\/07\/nexoi-trasparente-2.png\",\"width\":816,\"height\":339,\"caption\":\"Nexo Informativo Santiago de Quer\u00e9taro\"},\"image\":{\"@id\":\"https:\/\/www.nexoinformativo.mx\/#\/schema\/logo\/image\/\"},\"sameAs\":[\"https:\/\/www.facebook.com\/people\/Nexo-Informativo\/61564066885511\/\"]},{\"@type\":\"Person\",\"@id\":\"https:\/\/www.nexoinformativo.mx\/#\/schema\/person\/7749d380ba08c8ca00d7bc76fd907b7d\",\"name\":\"Nexo Informativo\",\"image\":{\"@type\":\"ImageObject\",\"inLanguage\":\"es\",\"@id\":\"https:\/\/www.nexoinformativo.mx\/#\/schema\/person\/image\/\",\"url\":\"https:\/\/secure.gravatar.com\/avatar\/dde2928154642a13d95f87ddf1ea9718fe2b46760a005c53e41ff5ad610704e6?s=96&d=mm&r=g\",\"contentUrl\":\"https:\/\/secure.gravatar.com\/avatar\/dde2928154642a13d95f87ddf1ea9718fe2b46760a005c53e41ff5ad610704e6?s=96&d=mm&r=g\",\"caption\":\"Nexo Informativo\"},\"url\":\"https:\/\/www.nexoinformativo.mx\/index.php\/author\/edicion\/\"}]}<\/script>\n<!-- \/ Yoast SEO plugin. -->","yoast_head_json":{"title":"Ejecutan a balazos a hombre dentro de su veh\u00edculo en San Juan del R\u00edo | Nexo Informativo Santiago de Quer\u00e9taro","description":"Ejecutan a balazos a hombre dentro de su veh\u00edculo en San Juan del R\u00edo","robots":{"index":"index","follow":"follow","max-snippet":"max-snippet:-1","max-image-preview":"max-image-preview:large","max-video-preview":"max-video-preview:-1"},"canonical":"https:\/\/www.nexoinformativo.mx\/index.php\/2025\/02\/05\/ejecutan-a-balazos-a-hombre-dentro-de-su-vehiculo-en-san-juan-del-rio\/","og_locale":"es_MX","og_type":"article","og_title":"Ejecutan a balazos a hombre dentro de su veh\u00edculo en San Juan del R\u00edo | Nexo Informativo Santiago de Quer\u00e9taro","og_description":"Ejecutan a balazos a hombre dentro de su veh\u00edculo en San Juan del R\u00edo","og_url":"https:\/\/www.nexoinformativo.mx\/index.php\/2025\/02\/05\/ejecutan-a-balazos-a-hombre-dentro-de-su-vehiculo-en-san-juan-del-rio\/","og_site_name":"Nexo Informativo Santiago de Quer\u00e9taro","article_publisher":"https:\/\/www.facebook.com\/people\/Nexo-Informativo\/61564066885511\/","article_published_time":"2025-02-05T15:00:17+00:00","article_modified_time":"2025-02-05T20:39:44+00:00","og_image":[{"width":800,"height":600,"url":"https:\/\/www.nexoinformativo.mx\/wp-content\/uploads\/2025\/02\/4263f72b-a67d-4f4d-9178-1e32bb9dd2fa-e1738773688826.jpeg","type":"image\/jpeg"}],"author":"Nexo Informativo","twitter_card":"summary_large_image","twitter_misc":{"Escrito por":"Nexo Informativo","Tiempo de lectura":"2 minutos"},"schema":{"@context":"https:\/\/schema.org","@graph":[{"@type":"Article","@id":"https:\/\/www.nexoinformativo.mx\/index.php\/2025\/02\/05\/ejecutan-a-balazos-a-hombre-dentro-de-su-vehiculo-en-san-juan-del-rio\/#article","isPartOf":{"@id":"https:\/\/www.nexoinformativo.mx\/index.php\/2025\/02\/05\/ejecutan-a-balazos-a-hombre-dentro-de-su-vehiculo-en-san-juan-del-rio\/"},"author":{"name":"Nexo Informativo","@id":"https:\/\/www.nexoinformativo.mx\/#\/schema\/person\/7749d380ba08c8ca00d7bc76fd907b7d"},"headline":"Ejecutan a balazos a hombre dentro de su veh\u00edculo en San Juan del R\u00edo","datePublished":"2025-02-05T15:00:17+00:00","dateModified":"2025-02-05T20:39:44+00:00","mainEntityOfPage":{"@id":"https:\/\/www.nexoinformativo.mx\/index.php\/2025\/02\/05\/ejecutan-a-balazos-a-hombre-dentro-de-su-vehiculo-en-san-juan-del-rio\/"},"wordCount":225,"commentCount":0,"publisher":{"@id":"https:\/\/www.nexoinformativo.mx\/#organization"},"image":{"@id":"https:\/\/www.nexoinformativo.mx\/index.php\/2025\/02\/05\/ejecutan-a-balazos-a-hombre-dentro-de-su-vehiculo-en-san-juan-del-rio\/#primaryimage"},"thumbnailUrl":"https:\/\/www.nexoinformativo.mx\/wp-content\/uploads\/2025\/02\/4263f72b-a67d-4f4d-9178-1e32bb9dd2fa-e1738773688826.jpeg","keywords":["Ejecuci\u00f3n","Inseguridad","Quer\u00e9taro","SanJuanDelR\u00edo"],"articleSection":["Sucesos","\u00daltima Hora"],"inLanguage":"es","potentialAction":[{"@type":"CommentAction","name":"Comment","target":["https:\/\/www.nexoinformativo.mx\/index.php\/2025\/02\/05\/ejecutan-a-balazos-a-hombre-dentro-de-su-vehiculo-en-san-juan-del-rio\/#respond"]}]},{"@type":"WebPage","@id":"https:\/\/www.nexoinformativo.mx\/index.php\/2025\/02\/05\/ejecutan-a-balazos-a-hombre-dentro-de-su-vehiculo-en-san-juan-del-rio\/","url":"https:\/\/www.nexoinformativo.mx\/index.php\/2025\/02\/05\/ejecutan-a-balazos-a-hombre-dentro-de-su-vehiculo-en-san-juan-del-rio\/","name":"Ejecutan a balazos a hombre dentro de su veh\u00edculo en San Juan del R\u00edo | Nexo Informativo Santiago de Quer\u00e9taro","isPartOf":{"@id":"https:\/\/www.nexoinformativo.mx\/#website"},"primaryImageOfPage":{"@id":"https:\/\/www.nexoinformativo.mx\/index.php\/2025\/02\/05\/ejecutan-a-balazos-a-hombre-dentro-de-su-vehiculo-en-san-juan-del-rio\/#primaryimage"},"image":{"@id":"https:\/\/www.nexoinformativo.mx\/index.php\/2025\/02\/05\/ejecutan-a-balazos-a-hombre-dentro-de-su-vehiculo-en-san-juan-del-rio\/#primaryimage"},"thumbnailUrl":"https:\/\/www.nexoinformativo.mx\/wp-content\/uploads\/2025\/02\/4263f72b-a67d-4f4d-9178-1e32bb9dd2fa-e1738773688826.jpeg","datePublished":"2025-02-05T15:00:17+00:00","dateModified":"2025-02-05T20:39:44+00:00","description":"Ejecutan a balazos a hombre dentro de su veh\u00edculo en San Juan del R\u00edo","breadcrumb":{"@id":"https:\/\/www.nexoinformativo.mx\/index.php\/2025\/02\/05\/ejecutan-a-balazos-a-hombre-dentro-de-su-vehiculo-en-san-juan-del-rio\/#breadcrumb"},"inLanguage":"es","potentialAction":[{"@type":"ReadAction","target":["https:\/\/www.nexoinformativo.mx\/index.php\/2025\/02\/05\/ejecutan-a-balazos-a-hombre-dentro-de-su-vehiculo-en-san-juan-del-rio\/"]}]},{"@type":"ImageObject","inLanguage":"es","@id":"https:\/\/www.nexoinformativo.mx\/index.php\/2025\/02\/05\/ejecutan-a-balazos-a-hombre-dentro-de-su-vehiculo-en-san-juan-del-rio\/#primaryimage","url":"https:\/\/www.nexoinformativo.mx\/wp-content\/uploads\/2025\/02\/4263f72b-a67d-4f4d-9178-1e32bb9dd2fa-e1738773688826.jpeg","contentUrl":"https:\/\/www.nexoinformativo.mx\/wp-content\/uploads\/2025\/02\/4263f72b-a67d-4f4d-9178-1e32bb9dd2fa-e1738773688826.jpeg","width":800,"height":600},{"@type":"BreadcrumbList","@id":"https:\/\/www.nexoinformativo.mx\/index.php\/2025\/02\/05\/ejecutan-a-balazos-a-hombre-dentro-de-su-vehiculo-en-san-juan-del-rio\/#breadcrumb","itemListElement":[{"@type":"ListItem","position":1,"name":"Inicio","item":"https:\/\/www.nexoinformativo.mx\/"},{"@type":"ListItem","position":2,"name":"Ejecutan a balazos a hombre dentro de su veh\u00edculo en San Juan del R\u00edo"}]},{"@type":"WebSite","@id":"https:\/\/www.nexoinformativo.mx\/#website","url":"https:\/\/www.nexoinformativo.mx\/","name":"Nexo Informativo Santiago de Quer\u00e9taro","description":"Explora NexoInformativo y convi\u00e9rtete en parte de una comunidad que valora el conocimiento y la verdad. Tu nexoinformativo es tu puente hacia una comprensi\u00f3n m\u00e1s profunda del mundo que te rodea.","publisher":{"@id":"https:\/\/www.nexoinformativo.mx\/#organization"},"potentialAction":[{"@type":"SearchAction","target":{"@type":"EntryPoint","urlTemplate":"https:\/\/www.nexoinformativo.mx\/?s={search_term_string}"},"query-input":{"@type":"PropertyValueSpecification","valueRequired":true,"valueName":"search_term_string"}}],"inLanguage":"es"},{"@type":"Organization","@id":"https:\/\/www.nexoinformativo.mx\/#organization","name":"Nexo Informativo Santiago de Quer\u00e9taro","url":"https:\/\/www.nexoinformativo.mx\/","logo":{"@type":"ImageObject","inLanguage":"es","@id":"https:\/\/www.nexoinformativo.mx\/#\/schema\/logo\/image\/","url":"https:\/\/www.nexoinformativo.mx\/wp-content\/uploads\/2024\/07\/nexoi-trasparente-2.png","contentUrl":"https:\/\/www.nexoinformativo.mx\/wp-content\/uploads\/2024\/07\/nexoi-trasparente-2.png","width":816,"height":339,"caption":"Nexo Informativo Santiago de Quer\u00e9taro"},"image":{"@id":"https:\/\/www.nexoinformativo.mx\/#\/schema\/logo\/image\/"},"sameAs":["https:\/\/www.facebook.com\/people\/Nexo-Informativo\/61564066885511\/"]},{"@type":"Person","@id":"https:\/\/www.nexoinformativo.mx\/#\/schema\/person\/7749d380ba08c8ca00d7bc76fd907b7d","name":"Nexo Informativo","image":{"@type":"ImageObject","inLanguage":"es","@id":"https:\/\/www.nexoinformativo.mx\/#\/schema\/person\/image\/","url":"https:\/\/secure.gravatar.com\/avatar\/dde2928154642a13d95f87ddf1ea9718fe2b46760a005c53e41ff5ad610704e6?s=96&d=mm&r=g","contentUrl":"https:\/\/secure.gravatar.com\/avatar\/dde2928154642a13d95f87ddf1ea9718fe2b46760a005c53e41ff5ad610704e6?s=96&d=mm&r=g","caption":"Nexo Informativo"},"url":"https:\/\/www.nexoinformativo.mx\/index.php\/author\/edicion\/"}]}},"_links":{"self":[{"href":"https:\/\/www.nexoinformativo.mx\/index.php\/wp-json\/wp\/v2\/posts\/11250","targetHints":{"allow":["GET"]}}],"collection":[{"href":"https:\/\/www.nexoinformativo.mx\/index.php\/wp-json\/wp\/v2\/posts"}],"about":[{"href":"https:\/\/www.nexoinformativo.mx\/index.php\/wp-json\/wp\/v2\/types\/post"}],"author":[{"embeddable":true,"href":"https:\/\/www.nexoinformativo.mx\/index.php\/wp-json\/wp\/v2\/users\/3"}],"replies":[{"embeddable":true,"href":"https:\/\/www.nexoinformativo.mx\/index.php\/wp-json\/wp\/v2\/comments?post=11250"}],"version-history":[{"count":3,"href":"https:\/\/www.nexoinformativo.mx\/index.php\/wp-json\/wp\/v2\/posts\/11250\/revisions"}],"predecessor-version":[{"id":11277,"href":"https:\/\/www.nexoinformativo.mx\/index.php\/wp-json\/wp\/v2\/posts\/11250\/revisions\/11277"}],"wp:featuredmedia":[{"embeddable":true,"href":"https:\/\/www.nexoinformativo.mx\/index.php\/wp-json\/wp\/v2\/media\/11252"}],"wp:attachment":[{"href":"https:\/\/www.nexoinformativo.mx\/index.php\/wp-json\/wp\/v2\/media?parent=11250"}],"wp:term":[{"taxonomy":"category","embeddable":true,"href":"https:\/\/www.nexoinformativo.mx\/index.php\/wp-json\/wp\/v2\/categories?post=11250"},{"taxonomy":"post_tag","embeddable":true,"href":"https:\/\/www.nexoinformativo.mx\/index.php\/wp-json\/wp\/v2\/tags?post=11250"}],"curies":[{"name":"wp","href":"https:\/\/api.w.org\/{rel}","templated":true}]}}