{"id":11267,"date":"2025-02-05T11:00:08","date_gmt":"2025-02-05T17:00:08","guid":{"rendered":"https:\/\/www.nexoinformativo.mx\/?p=11267"},"modified":"2025-02-05T14:02:50","modified_gmt":"2025-02-05T20:02:50","slug":"felifer-macias-presenta-modelo-innovador-de-guardia-civica-a-nivel-nacional","status":"publish","type":"post","link":"https:\/\/www.nexoinformativo.mx\/index.php\/2025\/02\/05\/felifer-macias-presenta-modelo-innovador-de-guardia-civica-a-nivel-nacional\/","title":{"rendered":"Felifer Mac\u00edas presenta modelo innovador de Guardia C\u00edvica a nivel nacional"},"content":{"rendered":"<p style=\"text-align: justify;\" data-sourcepos=\"11:1-11:371\">El presidente municipal de Quer\u00e9taro, Felifer Mac\u00edas, present\u00f3 ante la presidenta de la Rep\u00fablica, Claudia Sheinbaum, y el gobernador del Estado, Mauricio Kuri, el innovador modelo de la Guardia C\u00edvica, con el objetivo de compartir las buenas pr\u00e1cticas en materia de seguridad que se han implementado en la capital queretana.<\/p>\n<p>&nbsp;<\/p>\n<p style=\"text-align: justify;\" data-sourcepos=\"13:1-13:275\">Durante su participaci\u00f3n en la mesa de seguridad, Mac\u00edas destac\u00f3 los resultados obtenidos con la implementaci\u00f3n de la Guardia C\u00edvica, la cual se ha convertido en un referente a nivel nacional por su enfoque en la prevenci\u00f3n del delito y la atenci\u00f3n de faltas administrativas.<\/p>\n<p>&nbsp;<\/p>\n<p style=\"text-align: justify;\" data-sourcepos=\"15:1-15:310\">&#8220;Como ustedes saben, tenemos el gran reto de blindar la ciudad, blindar el estado y en eso estamos trabajando en conjunto&#8221;, afirm\u00f3 el alcalde. Mac\u00edas resalt\u00f3 la importancia de la coordinaci\u00f3n entre los diferentes niveles de gobierno y las fuerzas de seguridad para garantizar la tranquilidad de los ciudadanos.<\/p>\n<p>&nbsp;<\/p>\n<p style=\"text-align: justify;\" data-sourcepos=\"17:1-17:431\">La presidenta Claudia Sheinbaum reconoci\u00f3 los logros de Quer\u00e9taro en materia de seguridad y destac\u00f3 la importancia de compartir estas buenas pr\u00e1cticas con otras entidades del pa\u00eds.<\/p>\n<p>&nbsp;<\/p>\n<p style=\"text-align: justify;\" data-sourcepos=\"17:1-17:431\">&#8220;Fue una reuni\u00f3n muy provechosa, tambi\u00e9n muy cordial, insisto, donde una t\u00f3nica constante fue las palabras de aliento de la presidenta al gobernador Kuri de que Quer\u00e9taro siga siendo una de las entidades m\u00e1s seguras del pa\u00eds&#8221;, expres\u00f3 Mac\u00edas.<\/p>\n<p>&nbsp;<\/p>\n<p style=\"text-align: justify;\" data-sourcepos=\"19:1-19:264\">Es importante destacar que el municipio de Quer\u00e9taro ha registrado una disminuci\u00f3n significativa en la incidencia delictiva en el \u00faltimo a\u00f1o, gracias a las estrategias implementadas por el gobierno municipal, entre las que destaca la creaci\u00f3n de la Guardia C\u00edvica.<\/p>\n<p>&nbsp;<\/p>\n<p style=\"text-align: center;\" data-sourcepos=\"19:1-19:264\"><em><strong>\u00a1Informaci\u00f3n que transforma!<\/strong><\/em><\/p>\n","protected":false},"excerpt":{"rendered":"<p>El presidente municipal de Quer\u00e9taro, Felifer Mac\u00edas, present\u00f3 ante la presidenta de la Rep\u00fablica, Claudia Sheinbaum, y el gobernador del Estado, Mauricio Kuri, el innovador modelo de la Guardia C\u00edvica, con el objetivo de compartir las buenas pr\u00e1cticas en materia de seguridad que se han implementado en la capital queretana.<\/p>\n","protected":false},"author":3,"featured_media":11268,"comment_status":"open","ping_status":"open","sticky":false,"template":"","format":"standard","meta":{"footnotes":""},"categories":[42,58],"tags":[1000,2710,133,131],"class_list":["post-11267","post","type-post","status-publish","format-standard","has-post-thumbnail","hentry","category-estado","category-ultima-hora","tag-felifermacias","tag-guardiacivica","tag-queretaro","tag-seguridad"],"yoast_head":"<!-- This site is optimized with the Yoast SEO plugin v25.0 - https:\/\/yoast.com\/wordpress\/plugins\/seo\/ -->\n<title>Felifer Mac\u00edas presenta modelo innovador de Guardia C\u00edvica a nivel nacional | Nexo Informativo Santiago de Quer\u00e9taro<\/title>\n<meta name=\"description\" content=\"Felifer Mac\u00edas presenta modelo innovador de Guardia C\u00edvica a nivel nacional\" \/>\n<meta name=\"robots\" content=\"index, follow, max-snippet:-1, max-image-preview:large, max-video-preview:-1\" \/>\n<link rel=\"canonical\" href=\"https:\/\/www.nexoinformativo.mx\/index.php\/2025\/02\/05\/felifer-macias-presenta-modelo-innovador-de-guardia-civica-a-nivel-nacional\/\" \/>\n<meta property=\"og:locale\" content=\"es_MX\" \/>\n<meta property=\"og:type\" content=\"article\" \/>\n<meta property=\"og:title\" content=\"Felifer Mac\u00edas presenta modelo innovador de Guardia C\u00edvica a nivel nacional | Nexo Informativo Santiago de Quer\u00e9taro\" \/>\n<meta property=\"og:description\" content=\"Felifer Mac\u00edas presenta modelo innovador de Guardia C\u00edvica a nivel nacional\" \/>\n<meta property=\"og:url\" content=\"https:\/\/www.nexoinformativo.mx\/index.php\/2025\/02\/05\/felifer-macias-presenta-modelo-innovador-de-guardia-civica-a-nivel-nacional\/\" \/>\n<meta property=\"og:site_name\" content=\"Nexo Informativo Santiago de Quer\u00e9taro\" \/>\n<meta property=\"article:publisher\" content=\"https:\/\/www.facebook.com\/people\/Nexo-Informativo\/61564066885511\/\" \/>\n<meta property=\"article:published_time\" content=\"2025-02-05T17:00:08+00:00\" \/>\n<meta property=\"article:modified_time\" content=\"2025-02-05T20:02:50+00:00\" \/>\n<meta property=\"og:image\" content=\"https:\/\/www.nexoinformativo.mx\/wp-content\/uploads\/2025\/02\/PHOTO-2025-02-05-12-29-50-e1738785719626.jpg\" \/>\n\t<meta property=\"og:image:width\" content=\"800\" \/>\n\t<meta property=\"og:image:height\" content=\"533\" \/>\n\t<meta property=\"og:image:type\" content=\"image\/jpeg\" \/>\n<meta name=\"author\" content=\"Nexo Informativo\" \/>\n<meta name=\"twitter:card\" content=\"summary_large_image\" \/>\n<meta name=\"twitter:label1\" content=\"Escrito por\" \/>\n\t<meta name=\"twitter:data1\" content=\"Nexo Informativo\" \/>\n\t<meta name=\"twitter:label2\" content=\"Tiempo de lectura\" \/>\n\t<meta name=\"twitter:data2\" content=\"2 minutos\" \/>\n<script type=\"application\/ld+json\" class=\"yoast-schema-graph\">{\"@context\":\"https:\/\/schema.org\",\"@graph\":[{\"@type\":\"Article\",\"@id\":\"https:\/\/www.nexoinformativo.mx\/index.php\/2025\/02\/05\/felifer-macias-presenta-modelo-innovador-de-guardia-civica-a-nivel-nacional\/#article\",\"isPartOf\":{\"@id\":\"https:\/\/www.nexoinformativo.mx\/index.php\/2025\/02\/05\/felifer-macias-presenta-modelo-innovador-de-guardia-civica-a-nivel-nacional\/\"},\"author\":{\"name\":\"Nexo Informativo\",\"@id\":\"https:\/\/www.nexoinformativo.mx\/#\/schema\/person\/7749d380ba08c8ca00d7bc76fd907b7d\"},\"headline\":\"Felifer Mac\u00edas presenta modelo innovador de Guardia C\u00edvica a nivel nacional\",\"datePublished\":\"2025-02-05T17:00:08+00:00\",\"dateModified\":\"2025-02-05T20:02:50+00:00\",\"mainEntityOfPage\":{\"@id\":\"https:\/\/www.nexoinformativo.mx\/index.php\/2025\/02\/05\/felifer-macias-presenta-modelo-innovador-de-guardia-civica-a-nivel-nacional\/\"},\"wordCount\":301,\"commentCount\":0,\"publisher\":{\"@id\":\"https:\/\/www.nexoinformativo.mx\/#organization\"},\"image\":{\"@id\":\"https:\/\/www.nexoinformativo.mx\/index.php\/2025\/02\/05\/felifer-macias-presenta-modelo-innovador-de-guardia-civica-a-nivel-nacional\/#primaryimage\"},\"thumbnailUrl\":\"https:\/\/www.nexoinformativo.mx\/wp-content\/uploads\/2025\/02\/PHOTO-2025-02-05-12-29-50-e1738785719626.jpg\",\"keywords\":[\"FeliferMac\u00edas\",\"GuardiaC\u00edvica\",\"Quer\u00e9taro\",\"Seguridad\"],\"articleSection\":[\"Estado\",\"\u00daltima Hora\"],\"inLanguage\":\"es\",\"potentialAction\":[{\"@type\":\"CommentAction\",\"name\":\"Comment\",\"target\":[\"https:\/\/www.nexoinformativo.mx\/index.php\/2025\/02\/05\/felifer-macias-presenta-modelo-innovador-de-guardia-civica-a-nivel-nacional\/#respond\"]}]},{\"@type\":\"WebPage\",\"@id\":\"https:\/\/www.nexoinformativo.mx\/index.php\/2025\/02\/05\/felifer-macias-presenta-modelo-innovador-de-guardia-civica-a-nivel-nacional\/\",\"url\":\"https:\/\/www.nexoinformativo.mx\/index.php\/2025\/02\/05\/felifer-macias-presenta-modelo-innovador-de-guardia-civica-a-nivel-nacional\/\",\"name\":\"Felifer Mac\u00edas presenta modelo innovador de Guardia C\u00edvica a nivel nacional | Nexo Informativo Santiago de Quer\u00e9taro\",\"isPartOf\":{\"@id\":\"https:\/\/www.nexoinformativo.mx\/#website\"},\"primaryImageOfPage\":{\"@id\":\"https:\/\/www.nexoinformativo.mx\/index.php\/2025\/02\/05\/felifer-macias-presenta-modelo-innovador-de-guardia-civica-a-nivel-nacional\/#primaryimage\"},\"image\":{\"@id\":\"https:\/\/www.nexoinformativo.mx\/index.php\/2025\/02\/05\/felifer-macias-presenta-modelo-innovador-de-guardia-civica-a-nivel-nacional\/#primaryimage\"},\"thumbnailUrl\":\"https:\/\/www.nexoinformativo.mx\/wp-content\/uploads\/2025\/02\/PHOTO-2025-02-05-12-29-50-e1738785719626.jpg\",\"datePublished\":\"2025-02-05T17:00:08+00:00\",\"dateModified\":\"2025-02-05T20:02:50+00:00\",\"description\":\"Felifer Mac\u00edas presenta modelo innovador de Guardia C\u00edvica a nivel nacional\",\"breadcrumb\":{\"@id\":\"https:\/\/www.nexoinformativo.mx\/index.php\/2025\/02\/05\/felifer-macias-presenta-modelo-innovador-de-guardia-civica-a-nivel-nacional\/#breadcrumb\"},\"inLanguage\":\"es\",\"potentialAction\":[{\"@type\":\"ReadAction\",\"target\":[\"https:\/\/www.nexoinformativo.mx\/index.php\/2025\/02\/05\/felifer-macias-presenta-modelo-innovador-de-guardia-civica-a-nivel-nacional\/\"]}]},{\"@type\":\"ImageObject\",\"inLanguage\":\"es\",\"@id\":\"https:\/\/www.nexoinformativo.mx\/index.php\/2025\/02\/05\/felifer-macias-presenta-modelo-innovador-de-guardia-civica-a-nivel-nacional\/#primaryimage\",\"url\":\"https:\/\/www.nexoinformativo.mx\/wp-content\/uploads\/2025\/02\/PHOTO-2025-02-05-12-29-50-e1738785719626.jpg\",\"contentUrl\":\"https:\/\/www.nexoinformativo.mx\/wp-content\/uploads\/2025\/02\/PHOTO-2025-02-05-12-29-50-e1738785719626.jpg\",\"width\":800,\"height\":533},{\"@type\":\"BreadcrumbList\",\"@id\":\"https:\/\/www.nexoinformativo.mx\/index.php\/2025\/02\/05\/felifer-macias-presenta-modelo-innovador-de-guardia-civica-a-nivel-nacional\/#breadcrumb\",\"itemListElement\":[{\"@type\":\"ListItem\",\"position\":1,\"name\":\"Inicio\",\"item\":\"https:\/\/www.nexoinformativo.mx\/\"},{\"@type\":\"ListItem\",\"position\":2,\"name\":\"Felifer Mac\u00edas presenta modelo innovador de Guardia C\u00edvica a nivel nacional\"}]},{\"@type\":\"WebSite\",\"@id\":\"https:\/\/www.nexoinformativo.mx\/#website\",\"url\":\"https:\/\/www.nexoinformativo.mx\/\",\"name\":\"Nexo Informativo Santiago de Quer\u00e9taro\",\"description\":\"Explora NexoInformativo y convi\u00e9rtete en parte de una comunidad que valora el conocimiento y la verdad. Tu nexoinformativo es tu puente hacia una comprensi\u00f3n m\u00e1s profunda del mundo que te rodea.\",\"publisher\":{\"@id\":\"https:\/\/www.nexoinformativo.mx\/#organization\"},\"potentialAction\":[{\"@type\":\"SearchAction\",\"target\":{\"@type\":\"EntryPoint\",\"urlTemplate\":\"https:\/\/www.nexoinformativo.mx\/?s={search_term_string}\"},\"query-input\":{\"@type\":\"PropertyValueSpecification\",\"valueRequired\":true,\"valueName\":\"search_term_string\"}}],\"inLanguage\":\"es\"},{\"@type\":\"Organization\",\"@id\":\"https:\/\/www.nexoinformativo.mx\/#organization\",\"name\":\"Nexo Informativo Santiago de Quer\u00e9taro\",\"url\":\"https:\/\/www.nexoinformativo.mx\/\",\"logo\":{\"@type\":\"ImageObject\",\"inLanguage\":\"es\",\"@id\":\"https:\/\/www.nexoinformativo.mx\/#\/schema\/logo\/image\/\",\"url\":\"https:\/\/www.nexoinformativo.mx\/wp-content\/uploads\/2024\/07\/nexoi-trasparente-2.png\",\"contentUrl\":\"https:\/\/www.nexoinformativo.mx\/wp-content\/uploads\/2024\/07\/nexoi-trasparente-2.png\",\"width\":816,\"height\":339,\"caption\":\"Nexo Informativo Santiago de Quer\u00e9taro\"},\"image\":{\"@id\":\"https:\/\/www.nexoinformativo.mx\/#\/schema\/logo\/image\/\"},\"sameAs\":[\"https:\/\/www.facebook.com\/people\/Nexo-Informativo\/61564066885511\/\"]},{\"@type\":\"Person\",\"@id\":\"https:\/\/www.nexoinformativo.mx\/#\/schema\/person\/7749d380ba08c8ca00d7bc76fd907b7d\",\"name\":\"Nexo Informativo\",\"image\":{\"@type\":\"ImageObject\",\"inLanguage\":\"es\",\"@id\":\"https:\/\/www.nexoinformativo.mx\/#\/schema\/person\/image\/\",\"url\":\"https:\/\/secure.gravatar.com\/avatar\/dde2928154642a13d95f87ddf1ea9718fe2b46760a005c53e41ff5ad610704e6?s=96&d=mm&r=g\",\"contentUrl\":\"https:\/\/secure.gravatar.com\/avatar\/dde2928154642a13d95f87ddf1ea9718fe2b46760a005c53e41ff5ad610704e6?s=96&d=mm&r=g\",\"caption\":\"Nexo Informativo\"},\"url\":\"https:\/\/www.nexoinformativo.mx\/index.php\/author\/edicion\/\"}]}<\/script>\n<!-- \/ Yoast SEO plugin. -->","yoast_head_json":{"title":"Felifer Mac\u00edas presenta modelo innovador de Guardia C\u00edvica a nivel nacional | Nexo Informativo Santiago de Quer\u00e9taro","description":"Felifer Mac\u00edas presenta modelo innovador de Guardia C\u00edvica a nivel nacional","robots":{"index":"index","follow":"follow","max-snippet":"max-snippet:-1","max-image-preview":"max-image-preview:large","max-video-preview":"max-video-preview:-1"},"canonical":"https:\/\/www.nexoinformativo.mx\/index.php\/2025\/02\/05\/felifer-macias-presenta-modelo-innovador-de-guardia-civica-a-nivel-nacional\/","og_locale":"es_MX","og_type":"article","og_title":"Felifer Mac\u00edas presenta modelo innovador de Guardia C\u00edvica a nivel nacional | Nexo Informativo Santiago de Quer\u00e9taro","og_description":"Felifer Mac\u00edas presenta modelo innovador de Guardia C\u00edvica a nivel nacional","og_url":"https:\/\/www.nexoinformativo.mx\/index.php\/2025\/02\/05\/felifer-macias-presenta-modelo-innovador-de-guardia-civica-a-nivel-nacional\/","og_site_name":"Nexo Informativo Santiago de Quer\u00e9taro","article_publisher":"https:\/\/www.facebook.com\/people\/Nexo-Informativo\/61564066885511\/","article_published_time":"2025-02-05T17:00:08+00:00","article_modified_time":"2025-02-05T20:02:50+00:00","og_image":[{"width":800,"height":533,"url":"https:\/\/www.nexoinformativo.mx\/wp-content\/uploads\/2025\/02\/PHOTO-2025-02-05-12-29-50-e1738785719626.jpg","type":"image\/jpeg"}],"author":"Nexo Informativo","twitter_card":"summary_large_image","twitter_misc":{"Escrito por":"Nexo Informativo","Tiempo de lectura":"2 minutos"},"schema":{"@context":"https:\/\/schema.org","@graph":[{"@type":"Article","@id":"https:\/\/www.nexoinformativo.mx\/index.php\/2025\/02\/05\/felifer-macias-presenta-modelo-innovador-de-guardia-civica-a-nivel-nacional\/#article","isPartOf":{"@id":"https:\/\/www.nexoinformativo.mx\/index.php\/2025\/02\/05\/felifer-macias-presenta-modelo-innovador-de-guardia-civica-a-nivel-nacional\/"},"author":{"name":"Nexo Informativo","@id":"https:\/\/www.nexoinformativo.mx\/#\/schema\/person\/7749d380ba08c8ca00d7bc76fd907b7d"},"headline":"Felifer Mac\u00edas presenta modelo innovador de Guardia C\u00edvica a nivel nacional","datePublished":"2025-02-05T17:00:08+00:00","dateModified":"2025-02-05T20:02:50+00:00","mainEntityOfPage":{"@id":"https:\/\/www.nexoinformativo.mx\/index.php\/2025\/02\/05\/felifer-macias-presenta-modelo-innovador-de-guardia-civica-a-nivel-nacional\/"},"wordCount":301,"commentCount":0,"publisher":{"@id":"https:\/\/www.nexoinformativo.mx\/#organization"},"image":{"@id":"https:\/\/www.nexoinformativo.mx\/index.php\/2025\/02\/05\/felifer-macias-presenta-modelo-innovador-de-guardia-civica-a-nivel-nacional\/#primaryimage"},"thumbnailUrl":"https:\/\/www.nexoinformativo.mx\/wp-content\/uploads\/2025\/02\/PHOTO-2025-02-05-12-29-50-e1738785719626.jpg","keywords":["FeliferMac\u00edas","GuardiaC\u00edvica","Quer\u00e9taro","Seguridad"],"articleSection":["Estado","\u00daltima Hora"],"inLanguage":"es","potentialAction":[{"@type":"CommentAction","name":"Comment","target":["https:\/\/www.nexoinformativo.mx\/index.php\/2025\/02\/05\/felifer-macias-presenta-modelo-innovador-de-guardia-civica-a-nivel-nacional\/#respond"]}]},{"@type":"WebPage","@id":"https:\/\/www.nexoinformativo.mx\/index.php\/2025\/02\/05\/felifer-macias-presenta-modelo-innovador-de-guardia-civica-a-nivel-nacional\/","url":"https:\/\/www.nexoinformativo.mx\/index.php\/2025\/02\/05\/felifer-macias-presenta-modelo-innovador-de-guardia-civica-a-nivel-nacional\/","name":"Felifer Mac\u00edas presenta modelo innovador de Guardia C\u00edvica a nivel nacional | Nexo Informativo Santiago de Quer\u00e9taro","isPartOf":{"@id":"https:\/\/www.nexoinformativo.mx\/#website"},"primaryImageOfPage":{"@id":"https:\/\/www.nexoinformativo.mx\/index.php\/2025\/02\/05\/felifer-macias-presenta-modelo-innovador-de-guardia-civica-a-nivel-nacional\/#primaryimage"},"image":{"@id":"https:\/\/www.nexoinformativo.mx\/index.php\/2025\/02\/05\/felifer-macias-presenta-modelo-innovador-de-guardia-civica-a-nivel-nacional\/#primaryimage"},"thumbnailUrl":"https:\/\/www.nexoinformativo.mx\/wp-content\/uploads\/2025\/02\/PHOTO-2025-02-05-12-29-50-e1738785719626.jpg","datePublished":"2025-02-05T17:00:08+00:00","dateModified":"2025-02-05T20:02:50+00:00","description":"Felifer Mac\u00edas presenta modelo innovador de Guardia C\u00edvica a nivel nacional","breadcrumb":{"@id":"https:\/\/www.nexoinformativo.mx\/index.php\/2025\/02\/05\/felifer-macias-presenta-modelo-innovador-de-guardia-civica-a-nivel-nacional\/#breadcrumb"},"inLanguage":"es","potentialAction":[{"@type":"ReadAction","target":["https:\/\/www.nexoinformativo.mx\/index.php\/2025\/02\/05\/felifer-macias-presenta-modelo-innovador-de-guardia-civica-a-nivel-nacional\/"]}]},{"@type":"ImageObject","inLanguage":"es","@id":"https:\/\/www.nexoinformativo.mx\/index.php\/2025\/02\/05\/felifer-macias-presenta-modelo-innovador-de-guardia-civica-a-nivel-nacional\/#primaryimage","url":"https:\/\/www.nexoinformativo.mx\/wp-content\/uploads\/2025\/02\/PHOTO-2025-02-05-12-29-50-e1738785719626.jpg","contentUrl":"https:\/\/www.nexoinformativo.mx\/wp-content\/uploads\/2025\/02\/PHOTO-2025-02-05-12-29-50-e1738785719626.jpg","width":800,"height":533},{"@type":"BreadcrumbList","@id":"https:\/\/www.nexoinformativo.mx\/index.php\/2025\/02\/05\/felifer-macias-presenta-modelo-innovador-de-guardia-civica-a-nivel-nacional\/#breadcrumb","itemListElement":[{"@type":"ListItem","position":1,"name":"Inicio","item":"https:\/\/www.nexoinformativo.mx\/"},{"@type":"ListItem","position":2,"name":"Felifer Mac\u00edas presenta modelo innovador de Guardia C\u00edvica a nivel nacional"}]},{"@type":"WebSite","@id":"https:\/\/www.nexoinformativo.mx\/#website","url":"https:\/\/www.nexoinformativo.mx\/","name":"Nexo Informativo Santiago de Quer\u00e9taro","description":"Explora NexoInformativo y convi\u00e9rtete en parte de una comunidad que valora el conocimiento y la verdad. Tu nexoinformativo es tu puente hacia una comprensi\u00f3n m\u00e1s profunda del mundo que te rodea.","publisher":{"@id":"https:\/\/www.nexoinformativo.mx\/#organization"},"potentialAction":[{"@type":"SearchAction","target":{"@type":"EntryPoint","urlTemplate":"https:\/\/www.nexoinformativo.mx\/?s={search_term_string}"},"query-input":{"@type":"PropertyValueSpecification","valueRequired":true,"valueName":"search_term_string"}}],"inLanguage":"es"},{"@type":"Organization","@id":"https:\/\/www.nexoinformativo.mx\/#organization","name":"Nexo Informativo Santiago de Quer\u00e9taro","url":"https:\/\/www.nexoinformativo.mx\/","logo":{"@type":"ImageObject","inLanguage":"es","@id":"https:\/\/www.nexoinformativo.mx\/#\/schema\/logo\/image\/","url":"https:\/\/www.nexoinformativo.mx\/wp-content\/uploads\/2024\/07\/nexoi-trasparente-2.png","contentUrl":"https:\/\/www.nexoinformativo.mx\/wp-content\/uploads\/2024\/07\/nexoi-trasparente-2.png","width":816,"height":339,"caption":"Nexo Informativo Santiago de Quer\u00e9taro"},"image":{"@id":"https:\/\/www.nexoinformativo.mx\/#\/schema\/logo\/image\/"},"sameAs":["https:\/\/www.facebook.com\/people\/Nexo-Informativo\/61564066885511\/"]},{"@type":"Person","@id":"https:\/\/www.nexoinformativo.mx\/#\/schema\/person\/7749d380ba08c8ca00d7bc76fd907b7d","name":"Nexo Informativo","image":{"@type":"ImageObject","inLanguage":"es","@id":"https:\/\/www.nexoinformativo.mx\/#\/schema\/person\/image\/","url":"https:\/\/secure.gravatar.com\/avatar\/dde2928154642a13d95f87ddf1ea9718fe2b46760a005c53e41ff5ad610704e6?s=96&d=mm&r=g","contentUrl":"https:\/\/secure.gravatar.com\/avatar\/dde2928154642a13d95f87ddf1ea9718fe2b46760a005c53e41ff5ad610704e6?s=96&d=mm&r=g","caption":"Nexo Informativo"},"url":"https:\/\/www.nexoinformativo.mx\/index.php\/author\/edicion\/"}]}},"_links":{"self":[{"href":"https:\/\/www.nexoinformativo.mx\/index.php\/wp-json\/wp\/v2\/posts\/11267","targetHints":{"allow":["GET"]}}],"collection":[{"href":"https:\/\/www.nexoinformativo.mx\/index.php\/wp-json\/wp\/v2\/posts"}],"about":[{"href":"https:\/\/www.nexoinformativo.mx\/index.php\/wp-json\/wp\/v2\/types\/post"}],"author":[{"embeddable":true,"href":"https:\/\/www.nexoinformativo.mx\/index.php\/wp-json\/wp\/v2\/users\/3"}],"replies":[{"embeddable":true,"href":"https:\/\/www.nexoinformativo.mx\/index.php\/wp-json\/wp\/v2\/comments?post=11267"}],"version-history":[{"count":3,"href":"https:\/\/www.nexoinformativo.mx\/index.php\/wp-json\/wp\/v2\/posts\/11267\/revisions"}],"predecessor-version":[{"id":11271,"href":"https:\/\/www.nexoinformativo.mx\/index.php\/wp-json\/wp\/v2\/posts\/11267\/revisions\/11271"}],"wp:featuredmedia":[{"embeddable":true,"href":"https:\/\/www.nexoinformativo.mx\/index.php\/wp-json\/wp\/v2\/media\/11268"}],"wp:attachment":[{"href":"https:\/\/www.nexoinformativo.mx\/index.php\/wp-json\/wp\/v2\/media?parent=11267"}],"wp:term":[{"taxonomy":"category","embeddable":true,"href":"https:\/\/www.nexoinformativo.mx\/index.php\/wp-json\/wp\/v2\/categories?post=11267"},{"taxonomy":"post_tag","embeddable":true,"href":"https:\/\/www.nexoinformativo.mx\/index.php\/wp-json\/wp\/v2\/tags?post=11267"}],"curies":[{"name":"wp","href":"https:\/\/api.w.org\/{rel}","templated":true}]}}