{"id":11272,"date":"2025-02-05T11:30:04","date_gmt":"2025-02-05T17:30:04","guid":{"rendered":"https:\/\/www.nexoinformativo.mx\/?p=11272"},"modified":"2025-02-05T15:16:56","modified_gmt":"2025-02-05T21:16:56","slug":"queretaro-lidera-la-innovacion-aeroespacial-en-mexico-con-drones-de-fabricacion-nacional","status":"publish","type":"post","link":"https:\/\/www.nexoinformativo.mx\/index.php\/2025\/02\/05\/queretaro-lidera-la-innovacion-aeroespacial-en-mexico-con-drones-de-fabricacion-nacional\/","title":{"rendered":"Quer\u00e9taro lidera la innovaci\u00f3n aeroespacial en M\u00e9xico con drones de fabricaci\u00f3n nacional"},"content":{"rendered":"<p style=\"text-align: justify;\" data-sourcepos=\"11:1-11:389\"><strong>La Universidad Aeron\u00e1utica en Quer\u00e9taro<\/strong> (UNAQ) ha dado un gran paso al desarrollar el primer dron de fabricaci\u00f3n nacional para las Fuerzas Armadas, en colaboraci\u00f3n con la Secretar\u00eda de la Defensa Nacional (SEDENA) y la Fuerza A\u00e9rea Mexicana (FAM).<\/p>\n<p>&nbsp;<\/p>\n<p style=\"text-align: justify;\" data-sourcepos=\"13:1-13:313\">Este logro posiciona a Quer\u00e9taro como punta de lanza en la investigaci\u00f3n y desarrollo de tecnolog\u00eda aeroespacial en M\u00e9xico. El secretario de Desarrollo Sustentable del Estado, Marco Del Prete, destac\u00f3 que este proyecto demuestra el alto nivel de talento y capacidad de innovaci\u00f3n que existe en la entidad.<\/p>\n<p>&nbsp;<\/p>\n<p style=\"text-align: justify;\" data-sourcepos=\"15:1-15:149\"><strong>&#8220;Quer\u00e9taro se consolida como un referente nacional en innovaci\u00f3n tecnol\u00f3gica, contando con talento mexicano de alto nivel&#8221;<\/strong>, afirm\u00f3 Del Prete.<\/p>\n<p>&nbsp;<\/p>\n<p style=\"text-align: justify;\" data-sourcepos=\"17:1-17:242\">Actualmente, la industria aeroespacial genera alrededor de 30 mil empleos en el estado y cuenta con la participaci\u00f3n de m\u00e1s de 200 empresas que se dedican a diversas actividades, desde investigaci\u00f3n y desarrollo hasta manufactura y servicios.<\/p>\n<p>&nbsp;<\/p>\n<p style=\"text-align: justify;\" data-sourcepos=\"19:1-19:305\">El desarrollo de este dron representa un avance significativo para el sector aeroespacial mexicano, ya que permitir\u00e1 fortalecer la seguridad nacional y mejorar la eficiencia en diversas operaciones.<\/p>\n<p>&nbsp;<\/p>\n<p style=\"text-align: justify;\" data-sourcepos=\"19:1-19:305\">Adem\u00e1s, abre nuevas oportunidades para la industria y para la generaci\u00f3n de empleos altamente calificados.<\/p>\n<p>&nbsp;<\/p>\n<p style=\"text-align: center;\" data-sourcepos=\"19:1-19:305\"><em><strong>\u00a1Informaci\u00f3n que transforma!<\/strong><\/em><\/p>\n","protected":false},"excerpt":{"rendered":"<p>La Universidad Aeron\u00e1utica en Quer\u00e9taro (UNAQ) ha dado un gran paso al desarrollar el primer dron de fabricaci\u00f3n nacional para las Fuerzas Armadas, en colaboraci\u00f3n con la Secretar\u00eda de la Defensa Nacional (SEDENA) y la Fuerza A\u00e9rea Mexicana (FAM).<\/p>\n","protected":false},"author":3,"featured_media":11273,"comment_status":"open","ping_status":"open","sticky":false,"template":"","format":"standard","meta":{"footnotes":""},"categories":[42,58],"tags":[2412,3348,341,133],"class_list":["post-11272","post","type-post","status-publish","format-standard","has-post-thumbnail","hentry","category-estado","category-ultima-hora","tag-aeroespacial","tag-drones","tag-innovacion","tag-queretaro"],"yoast_head":"<!-- This site is optimized with the Yoast SEO plugin v25.0 - https:\/\/yoast.com\/wordpress\/plugins\/seo\/ -->\n<title>Quer\u00e9taro lidera la innovaci\u00f3n aeroespacial en M\u00e9xico con drones de fabricaci\u00f3n nacional | Nexo Informativo Santiago de Quer\u00e9taro<\/title>\n<meta name=\"description\" content=\"Quer\u00e9taro lidera la innovaci\u00f3n aeroespacial en M\u00e9xico con drones de fabricaci\u00f3n nacional\" \/>\n<meta name=\"robots\" content=\"index, follow, max-snippet:-1, max-image-preview:large, max-video-preview:-1\" \/>\n<link rel=\"canonical\" href=\"https:\/\/www.nexoinformativo.mx\/index.php\/2025\/02\/05\/queretaro-lidera-la-innovacion-aeroespacial-en-mexico-con-drones-de-fabricacion-nacional\/\" \/>\n<meta property=\"og:locale\" content=\"es_MX\" \/>\n<meta property=\"og:type\" content=\"article\" \/>\n<meta property=\"og:title\" content=\"Quer\u00e9taro lidera la innovaci\u00f3n aeroespacial en M\u00e9xico con drones de fabricaci\u00f3n nacional | Nexo Informativo Santiago de Quer\u00e9taro\" \/>\n<meta property=\"og:description\" content=\"Quer\u00e9taro lidera la innovaci\u00f3n aeroespacial en M\u00e9xico con drones de fabricaci\u00f3n nacional\" \/>\n<meta property=\"og:url\" content=\"https:\/\/www.nexoinformativo.mx\/index.php\/2025\/02\/05\/queretaro-lidera-la-innovacion-aeroespacial-en-mexico-con-drones-de-fabricacion-nacional\/\" \/>\n<meta property=\"og:site_name\" content=\"Nexo Informativo Santiago de Quer\u00e9taro\" \/>\n<meta property=\"article:publisher\" content=\"https:\/\/www.facebook.com\/people\/Nexo-Informativo\/61564066885511\/\" \/>\n<meta property=\"article:published_time\" content=\"2025-02-05T17:30:04+00:00\" \/>\n<meta property=\"article:modified_time\" content=\"2025-02-05T21:16:56+00:00\" \/>\n<meta property=\"og:image\" content=\"https:\/\/www.nexoinformativo.mx\/wp-content\/uploads\/2025\/02\/9d75fff0-9a59-49cf-8584-f7b74cbe8e28-e1738786191740.jpeg\" \/>\n\t<meta property=\"og:image:width\" content=\"800\" \/>\n\t<meta property=\"og:image:height\" content=\"600\" \/>\n\t<meta property=\"og:image:type\" content=\"image\/jpeg\" \/>\n<meta name=\"author\" content=\"Nexo Informativo\" \/>\n<meta name=\"twitter:card\" content=\"summary_large_image\" \/>\n<meta name=\"twitter:label1\" content=\"Escrito por\" \/>\n\t<meta name=\"twitter:data1\" content=\"Nexo Informativo\" \/>\n\t<meta name=\"twitter:label2\" content=\"Tiempo de lectura\" \/>\n\t<meta name=\"twitter:data2\" content=\"2 minutos\" \/>\n<script type=\"application\/ld+json\" class=\"yoast-schema-graph\">{\"@context\":\"https:\/\/schema.org\",\"@graph\":[{\"@type\":\"Article\",\"@id\":\"https:\/\/www.nexoinformativo.mx\/index.php\/2025\/02\/05\/queretaro-lidera-la-innovacion-aeroespacial-en-mexico-con-drones-de-fabricacion-nacional\/#article\",\"isPartOf\":{\"@id\":\"https:\/\/www.nexoinformativo.mx\/index.php\/2025\/02\/05\/queretaro-lidera-la-innovacion-aeroespacial-en-mexico-con-drones-de-fabricacion-nacional\/\"},\"author\":{\"name\":\"Nexo Informativo\",\"@id\":\"https:\/\/www.nexoinformativo.mx\/#\/schema\/person\/7749d380ba08c8ca00d7bc76fd907b7d\"},\"headline\":\"Quer\u00e9taro lidera la innovaci\u00f3n aeroespacial en M\u00e9xico con drones de fabricaci\u00f3n nacional\",\"datePublished\":\"2025-02-05T17:30:04+00:00\",\"dateModified\":\"2025-02-05T21:16:56+00:00\",\"mainEntityOfPage\":{\"@id\":\"https:\/\/www.nexoinformativo.mx\/index.php\/2025\/02\/05\/queretaro-lidera-la-innovacion-aeroespacial-en-mexico-con-drones-de-fabricacion-nacional\/\"},\"wordCount\":230,\"commentCount\":0,\"publisher\":{\"@id\":\"https:\/\/www.nexoinformativo.mx\/#organization\"},\"image\":{\"@id\":\"https:\/\/www.nexoinformativo.mx\/index.php\/2025\/02\/05\/queretaro-lidera-la-innovacion-aeroespacial-en-mexico-con-drones-de-fabricacion-nacional\/#primaryimage\"},\"thumbnailUrl\":\"https:\/\/www.nexoinformativo.mx\/wp-content\/uploads\/2025\/02\/9d75fff0-9a59-49cf-8584-f7b74cbe8e28-e1738786191740.jpeg\",\"keywords\":[\"Aeroespacial\",\"Drones\",\"Innovaci\u00f3n\",\"Quer\u00e9taro\"],\"articleSection\":[\"Estado\",\"\u00daltima Hora\"],\"inLanguage\":\"es\",\"potentialAction\":[{\"@type\":\"CommentAction\",\"name\":\"Comment\",\"target\":[\"https:\/\/www.nexoinformativo.mx\/index.php\/2025\/02\/05\/queretaro-lidera-la-innovacion-aeroespacial-en-mexico-con-drones-de-fabricacion-nacional\/#respond\"]}]},{\"@type\":\"WebPage\",\"@id\":\"https:\/\/www.nexoinformativo.mx\/index.php\/2025\/02\/05\/queretaro-lidera-la-innovacion-aeroespacial-en-mexico-con-drones-de-fabricacion-nacional\/\",\"url\":\"https:\/\/www.nexoinformativo.mx\/index.php\/2025\/02\/05\/queretaro-lidera-la-innovacion-aeroespacial-en-mexico-con-drones-de-fabricacion-nacional\/\",\"name\":\"Quer\u00e9taro lidera la innovaci\u00f3n aeroespacial en M\u00e9xico con drones de fabricaci\u00f3n nacional | Nexo Informativo Santiago de Quer\u00e9taro\",\"isPartOf\":{\"@id\":\"https:\/\/www.nexoinformativo.mx\/#website\"},\"primaryImageOfPage\":{\"@id\":\"https:\/\/www.nexoinformativo.mx\/index.php\/2025\/02\/05\/queretaro-lidera-la-innovacion-aeroespacial-en-mexico-con-drones-de-fabricacion-nacional\/#primaryimage\"},\"image\":{\"@id\":\"https:\/\/www.nexoinformativo.mx\/index.php\/2025\/02\/05\/queretaro-lidera-la-innovacion-aeroespacial-en-mexico-con-drones-de-fabricacion-nacional\/#primaryimage\"},\"thumbnailUrl\":\"https:\/\/www.nexoinformativo.mx\/wp-content\/uploads\/2025\/02\/9d75fff0-9a59-49cf-8584-f7b74cbe8e28-e1738786191740.jpeg\",\"datePublished\":\"2025-02-05T17:30:04+00:00\",\"dateModified\":\"2025-02-05T21:16:56+00:00\",\"description\":\"Quer\u00e9taro lidera la innovaci\u00f3n aeroespacial en M\u00e9xico con drones de fabricaci\u00f3n nacional\",\"breadcrumb\":{\"@id\":\"https:\/\/www.nexoinformativo.mx\/index.php\/2025\/02\/05\/queretaro-lidera-la-innovacion-aeroespacial-en-mexico-con-drones-de-fabricacion-nacional\/#breadcrumb\"},\"inLanguage\":\"es\",\"potentialAction\":[{\"@type\":\"ReadAction\",\"target\":[\"https:\/\/www.nexoinformativo.mx\/index.php\/2025\/02\/05\/queretaro-lidera-la-innovacion-aeroespacial-en-mexico-con-drones-de-fabricacion-nacional\/\"]}]},{\"@type\":\"ImageObject\",\"inLanguage\":\"es\",\"@id\":\"https:\/\/www.nexoinformativo.mx\/index.php\/2025\/02\/05\/queretaro-lidera-la-innovacion-aeroespacial-en-mexico-con-drones-de-fabricacion-nacional\/#primaryimage\",\"url\":\"https:\/\/www.nexoinformativo.mx\/wp-content\/uploads\/2025\/02\/9d75fff0-9a59-49cf-8584-f7b74cbe8e28-e1738786191740.jpeg\",\"contentUrl\":\"https:\/\/www.nexoinformativo.mx\/wp-content\/uploads\/2025\/02\/9d75fff0-9a59-49cf-8584-f7b74cbe8e28-e1738786191740.jpeg\",\"width\":800,\"height\":600},{\"@type\":\"BreadcrumbList\",\"@id\":\"https:\/\/www.nexoinformativo.mx\/index.php\/2025\/02\/05\/queretaro-lidera-la-innovacion-aeroespacial-en-mexico-con-drones-de-fabricacion-nacional\/#breadcrumb\",\"itemListElement\":[{\"@type\":\"ListItem\",\"position\":1,\"name\":\"Inicio\",\"item\":\"https:\/\/www.nexoinformativo.mx\/\"},{\"@type\":\"ListItem\",\"position\":2,\"name\":\"Quer\u00e9taro lidera la innovaci\u00f3n aeroespacial en M\u00e9xico con drones de fabricaci\u00f3n nacional\"}]},{\"@type\":\"WebSite\",\"@id\":\"https:\/\/www.nexoinformativo.mx\/#website\",\"url\":\"https:\/\/www.nexoinformativo.mx\/\",\"name\":\"Nexo Informativo Santiago de Quer\u00e9taro\",\"description\":\"Explora NexoInformativo y convi\u00e9rtete en parte de una comunidad que valora el conocimiento y la verdad. Tu nexoinformativo es tu puente hacia una comprensi\u00f3n m\u00e1s profunda del mundo que te rodea.\",\"publisher\":{\"@id\":\"https:\/\/www.nexoinformativo.mx\/#organization\"},\"potentialAction\":[{\"@type\":\"SearchAction\",\"target\":{\"@type\":\"EntryPoint\",\"urlTemplate\":\"https:\/\/www.nexoinformativo.mx\/?s={search_term_string}\"},\"query-input\":{\"@type\":\"PropertyValueSpecification\",\"valueRequired\":true,\"valueName\":\"search_term_string\"}}],\"inLanguage\":\"es\"},{\"@type\":\"Organization\",\"@id\":\"https:\/\/www.nexoinformativo.mx\/#organization\",\"name\":\"Nexo Informativo Santiago de Quer\u00e9taro\",\"url\":\"https:\/\/www.nexoinformativo.mx\/\",\"logo\":{\"@type\":\"ImageObject\",\"inLanguage\":\"es\",\"@id\":\"https:\/\/www.nexoinformativo.mx\/#\/schema\/logo\/image\/\",\"url\":\"https:\/\/www.nexoinformativo.mx\/wp-content\/uploads\/2024\/07\/nexoi-trasparente-2.png\",\"contentUrl\":\"https:\/\/www.nexoinformativo.mx\/wp-content\/uploads\/2024\/07\/nexoi-trasparente-2.png\",\"width\":816,\"height\":339,\"caption\":\"Nexo Informativo Santiago de Quer\u00e9taro\"},\"image\":{\"@id\":\"https:\/\/www.nexoinformativo.mx\/#\/schema\/logo\/image\/\"},\"sameAs\":[\"https:\/\/www.facebook.com\/people\/Nexo-Informativo\/61564066885511\/\"]},{\"@type\":\"Person\",\"@id\":\"https:\/\/www.nexoinformativo.mx\/#\/schema\/person\/7749d380ba08c8ca00d7bc76fd907b7d\",\"name\":\"Nexo Informativo\",\"image\":{\"@type\":\"ImageObject\",\"inLanguage\":\"es\",\"@id\":\"https:\/\/www.nexoinformativo.mx\/#\/schema\/person\/image\/\",\"url\":\"https:\/\/secure.gravatar.com\/avatar\/dde2928154642a13d95f87ddf1ea9718fe2b46760a005c53e41ff5ad610704e6?s=96&d=mm&r=g\",\"contentUrl\":\"https:\/\/secure.gravatar.com\/avatar\/dde2928154642a13d95f87ddf1ea9718fe2b46760a005c53e41ff5ad610704e6?s=96&d=mm&r=g\",\"caption\":\"Nexo Informativo\"},\"url\":\"https:\/\/www.nexoinformativo.mx\/index.php\/author\/edicion\/\"}]}<\/script>\n<!-- \/ Yoast SEO plugin. -->","yoast_head_json":{"title":"Quer\u00e9taro lidera la innovaci\u00f3n aeroespacial en M\u00e9xico con drones de fabricaci\u00f3n nacional | Nexo Informativo Santiago de Quer\u00e9taro","description":"Quer\u00e9taro lidera la innovaci\u00f3n aeroespacial en M\u00e9xico con drones de fabricaci\u00f3n nacional","robots":{"index":"index","follow":"follow","max-snippet":"max-snippet:-1","max-image-preview":"max-image-preview:large","max-video-preview":"max-video-preview:-1"},"canonical":"https:\/\/www.nexoinformativo.mx\/index.php\/2025\/02\/05\/queretaro-lidera-la-innovacion-aeroespacial-en-mexico-con-drones-de-fabricacion-nacional\/","og_locale":"es_MX","og_type":"article","og_title":"Quer\u00e9taro lidera la innovaci\u00f3n aeroespacial en M\u00e9xico con drones de fabricaci\u00f3n nacional | Nexo Informativo Santiago de Quer\u00e9taro","og_description":"Quer\u00e9taro lidera la innovaci\u00f3n aeroespacial en M\u00e9xico con drones de fabricaci\u00f3n nacional","og_url":"https:\/\/www.nexoinformativo.mx\/index.php\/2025\/02\/05\/queretaro-lidera-la-innovacion-aeroespacial-en-mexico-con-drones-de-fabricacion-nacional\/","og_site_name":"Nexo Informativo Santiago de Quer\u00e9taro","article_publisher":"https:\/\/www.facebook.com\/people\/Nexo-Informativo\/61564066885511\/","article_published_time":"2025-02-05T17:30:04+00:00","article_modified_time":"2025-02-05T21:16:56+00:00","og_image":[{"width":800,"height":600,"url":"https:\/\/www.nexoinformativo.mx\/wp-content\/uploads\/2025\/02\/9d75fff0-9a59-49cf-8584-f7b74cbe8e28-e1738786191740.jpeg","type":"image\/jpeg"}],"author":"Nexo Informativo","twitter_card":"summary_large_image","twitter_misc":{"Escrito por":"Nexo Informativo","Tiempo de lectura":"2 minutos"},"schema":{"@context":"https:\/\/schema.org","@graph":[{"@type":"Article","@id":"https:\/\/www.nexoinformativo.mx\/index.php\/2025\/02\/05\/queretaro-lidera-la-innovacion-aeroespacial-en-mexico-con-drones-de-fabricacion-nacional\/#article","isPartOf":{"@id":"https:\/\/www.nexoinformativo.mx\/index.php\/2025\/02\/05\/queretaro-lidera-la-innovacion-aeroespacial-en-mexico-con-drones-de-fabricacion-nacional\/"},"author":{"name":"Nexo Informativo","@id":"https:\/\/www.nexoinformativo.mx\/#\/schema\/person\/7749d380ba08c8ca00d7bc76fd907b7d"},"headline":"Quer\u00e9taro lidera la innovaci\u00f3n aeroespacial en M\u00e9xico con drones de fabricaci\u00f3n nacional","datePublished":"2025-02-05T17:30:04+00:00","dateModified":"2025-02-05T21:16:56+00:00","mainEntityOfPage":{"@id":"https:\/\/www.nexoinformativo.mx\/index.php\/2025\/02\/05\/queretaro-lidera-la-innovacion-aeroespacial-en-mexico-con-drones-de-fabricacion-nacional\/"},"wordCount":230,"commentCount":0,"publisher":{"@id":"https:\/\/www.nexoinformativo.mx\/#organization"},"image":{"@id":"https:\/\/www.nexoinformativo.mx\/index.php\/2025\/02\/05\/queretaro-lidera-la-innovacion-aeroespacial-en-mexico-con-drones-de-fabricacion-nacional\/#primaryimage"},"thumbnailUrl":"https:\/\/www.nexoinformativo.mx\/wp-content\/uploads\/2025\/02\/9d75fff0-9a59-49cf-8584-f7b74cbe8e28-e1738786191740.jpeg","keywords":["Aeroespacial","Drones","Innovaci\u00f3n","Quer\u00e9taro"],"articleSection":["Estado","\u00daltima Hora"],"inLanguage":"es","potentialAction":[{"@type":"CommentAction","name":"Comment","target":["https:\/\/www.nexoinformativo.mx\/index.php\/2025\/02\/05\/queretaro-lidera-la-innovacion-aeroespacial-en-mexico-con-drones-de-fabricacion-nacional\/#respond"]}]},{"@type":"WebPage","@id":"https:\/\/www.nexoinformativo.mx\/index.php\/2025\/02\/05\/queretaro-lidera-la-innovacion-aeroespacial-en-mexico-con-drones-de-fabricacion-nacional\/","url":"https:\/\/www.nexoinformativo.mx\/index.php\/2025\/02\/05\/queretaro-lidera-la-innovacion-aeroespacial-en-mexico-con-drones-de-fabricacion-nacional\/","name":"Quer\u00e9taro lidera la innovaci\u00f3n aeroespacial en M\u00e9xico con drones de fabricaci\u00f3n nacional | Nexo Informativo Santiago de Quer\u00e9taro","isPartOf":{"@id":"https:\/\/www.nexoinformativo.mx\/#website"},"primaryImageOfPage":{"@id":"https:\/\/www.nexoinformativo.mx\/index.php\/2025\/02\/05\/queretaro-lidera-la-innovacion-aeroespacial-en-mexico-con-drones-de-fabricacion-nacional\/#primaryimage"},"image":{"@id":"https:\/\/www.nexoinformativo.mx\/index.php\/2025\/02\/05\/queretaro-lidera-la-innovacion-aeroespacial-en-mexico-con-drones-de-fabricacion-nacional\/#primaryimage"},"thumbnailUrl":"https:\/\/www.nexoinformativo.mx\/wp-content\/uploads\/2025\/02\/9d75fff0-9a59-49cf-8584-f7b74cbe8e28-e1738786191740.jpeg","datePublished":"2025-02-05T17:30:04+00:00","dateModified":"2025-02-05T21:16:56+00:00","description":"Quer\u00e9taro lidera la innovaci\u00f3n aeroespacial en M\u00e9xico con drones de fabricaci\u00f3n nacional","breadcrumb":{"@id":"https:\/\/www.nexoinformativo.mx\/index.php\/2025\/02\/05\/queretaro-lidera-la-innovacion-aeroespacial-en-mexico-con-drones-de-fabricacion-nacional\/#breadcrumb"},"inLanguage":"es","potentialAction":[{"@type":"ReadAction","target":["https:\/\/www.nexoinformativo.mx\/index.php\/2025\/02\/05\/queretaro-lidera-la-innovacion-aeroespacial-en-mexico-con-drones-de-fabricacion-nacional\/"]}]},{"@type":"ImageObject","inLanguage":"es","@id":"https:\/\/www.nexoinformativo.mx\/index.php\/2025\/02\/05\/queretaro-lidera-la-innovacion-aeroespacial-en-mexico-con-drones-de-fabricacion-nacional\/#primaryimage","url":"https:\/\/www.nexoinformativo.mx\/wp-content\/uploads\/2025\/02\/9d75fff0-9a59-49cf-8584-f7b74cbe8e28-e1738786191740.jpeg","contentUrl":"https:\/\/www.nexoinformativo.mx\/wp-content\/uploads\/2025\/02\/9d75fff0-9a59-49cf-8584-f7b74cbe8e28-e1738786191740.jpeg","width":800,"height":600},{"@type":"BreadcrumbList","@id":"https:\/\/www.nexoinformativo.mx\/index.php\/2025\/02\/05\/queretaro-lidera-la-innovacion-aeroespacial-en-mexico-con-drones-de-fabricacion-nacional\/#breadcrumb","itemListElement":[{"@type":"ListItem","position":1,"name":"Inicio","item":"https:\/\/www.nexoinformativo.mx\/"},{"@type":"ListItem","position":2,"name":"Quer\u00e9taro lidera la innovaci\u00f3n aeroespacial en M\u00e9xico con drones de fabricaci\u00f3n nacional"}]},{"@type":"WebSite","@id":"https:\/\/www.nexoinformativo.mx\/#website","url":"https:\/\/www.nexoinformativo.mx\/","name":"Nexo Informativo Santiago de Quer\u00e9taro","description":"Explora NexoInformativo y convi\u00e9rtete en parte de una comunidad que valora el conocimiento y la verdad. Tu nexoinformativo es tu puente hacia una comprensi\u00f3n m\u00e1s profunda del mundo que te rodea.","publisher":{"@id":"https:\/\/www.nexoinformativo.mx\/#organization"},"potentialAction":[{"@type":"SearchAction","target":{"@type":"EntryPoint","urlTemplate":"https:\/\/www.nexoinformativo.mx\/?s={search_term_string}"},"query-input":{"@type":"PropertyValueSpecification","valueRequired":true,"valueName":"search_term_string"}}],"inLanguage":"es"},{"@type":"Organization","@id":"https:\/\/www.nexoinformativo.mx\/#organization","name":"Nexo Informativo Santiago de Quer\u00e9taro","url":"https:\/\/www.nexoinformativo.mx\/","logo":{"@type":"ImageObject","inLanguage":"es","@id":"https:\/\/www.nexoinformativo.mx\/#\/schema\/logo\/image\/","url":"https:\/\/www.nexoinformativo.mx\/wp-content\/uploads\/2024\/07\/nexoi-trasparente-2.png","contentUrl":"https:\/\/www.nexoinformativo.mx\/wp-content\/uploads\/2024\/07\/nexoi-trasparente-2.png","width":816,"height":339,"caption":"Nexo Informativo Santiago de Quer\u00e9taro"},"image":{"@id":"https:\/\/www.nexoinformativo.mx\/#\/schema\/logo\/image\/"},"sameAs":["https:\/\/www.facebook.com\/people\/Nexo-Informativo\/61564066885511\/"]},{"@type":"Person","@id":"https:\/\/www.nexoinformativo.mx\/#\/schema\/person\/7749d380ba08c8ca00d7bc76fd907b7d","name":"Nexo Informativo","image":{"@type":"ImageObject","inLanguage":"es","@id":"https:\/\/www.nexoinformativo.mx\/#\/schema\/person\/image\/","url":"https:\/\/secure.gravatar.com\/avatar\/dde2928154642a13d95f87ddf1ea9718fe2b46760a005c53e41ff5ad610704e6?s=96&d=mm&r=g","contentUrl":"https:\/\/secure.gravatar.com\/avatar\/dde2928154642a13d95f87ddf1ea9718fe2b46760a005c53e41ff5ad610704e6?s=96&d=mm&r=g","caption":"Nexo Informativo"},"url":"https:\/\/www.nexoinformativo.mx\/index.php\/author\/edicion\/"}]}},"_links":{"self":[{"href":"https:\/\/www.nexoinformativo.mx\/index.php\/wp-json\/wp\/v2\/posts\/11272","targetHints":{"allow":["GET"]}}],"collection":[{"href":"https:\/\/www.nexoinformativo.mx\/index.php\/wp-json\/wp\/v2\/posts"}],"about":[{"href":"https:\/\/www.nexoinformativo.mx\/index.php\/wp-json\/wp\/v2\/types\/post"}],"author":[{"embeddable":true,"href":"https:\/\/www.nexoinformativo.mx\/index.php\/wp-json\/wp\/v2\/users\/3"}],"replies":[{"embeddable":true,"href":"https:\/\/www.nexoinformativo.mx\/index.php\/wp-json\/wp\/v2\/comments?post=11272"}],"version-history":[{"count":4,"href":"https:\/\/www.nexoinformativo.mx\/index.php\/wp-json\/wp\/v2\/posts\/11272\/revisions"}],"predecessor-version":[{"id":11280,"href":"https:\/\/www.nexoinformativo.mx\/index.php\/wp-json\/wp\/v2\/posts\/11272\/revisions\/11280"}],"wp:featuredmedia":[{"embeddable":true,"href":"https:\/\/www.nexoinformativo.mx\/index.php\/wp-json\/wp\/v2\/media\/11273"}],"wp:attachment":[{"href":"https:\/\/www.nexoinformativo.mx\/index.php\/wp-json\/wp\/v2\/media?parent=11272"}],"wp:term":[{"taxonomy":"category","embeddable":true,"href":"https:\/\/www.nexoinformativo.mx\/index.php\/wp-json\/wp\/v2\/categories?post=11272"},{"taxonomy":"post_tag","embeddable":true,"href":"https:\/\/www.nexoinformativo.mx\/index.php\/wp-json\/wp\/v2\/tags?post=11272"}],"curies":[{"name":"wp","href":"https:\/\/api.w.org\/{rel}","templated":true}]}}