{"id":11281,"date":"2025-02-06T07:00:03","date_gmt":"2025-02-06T13:00:03","guid":{"rendered":"https:\/\/www.nexoinformativo.mx\/?p=11281"},"modified":"2025-02-06T11:21:14","modified_gmt":"2025-02-06T17:21:14","slug":"seguimiento-a-los-acuerdos-el-canciller-de-la-fuente-y-marco-rubio-discuten-sobre-migracion-y-seguridad","status":"publish","type":"post","link":"https:\/\/www.nexoinformativo.mx\/index.php\/2025\/02\/06\/seguimiento-a-los-acuerdos-el-canciller-de-la-fuente-y-marco-rubio-discuten-sobre-migracion-y-seguridad\/","title":{"rendered":"Seguimiento a los acuerdos el canciller De la Fuente y Marco Rubio discuten sobre migraci\u00f3n y seguridad"},"content":{"rendered":"<p style=\"text-align: justify;\">El canciller Juan Ram\u00f3n de la Fuente y el secretario de Estado de Estados Unidos, Marco Rubio, sostuvieron una llamada telef\u00f3nica para dar seguimiento a los acuerdos alcanzados entre la presidenta Claudia Sheinbaum y el presidente Donald Trump. Durante la conversaci\u00f3n, abordaron temas de migraci\u00f3n, comercio y seguridad.<\/p>\n<\/p>\n<p>&nbsp;<\/p>\n<p style=\"text-align: justify;\">De la Fuente subray\u00f3 la importancia de mantener el di\u00e1logo directo con pleno respeto a las soberan\u00edas de ambos pa\u00edses. Rubio mencion\u00f3 el reforzamiento de la frontera con 10 mil elementos de la Guardia Nacional para evitar el tr\u00e1fico de fentanilo, mientras que Estados Unidos se compromete a trabajar para evitar el tr\u00e1fico de armas.<\/p>\n<\/p>\n<p>&nbsp;<\/p>\n<p style=\"text-align: justify;\">Ambos funcionarios reafirmaron su compromiso de cooperar en temas cr\u00edticos para la seguridad y el comercio, destacando el respeto mutuo y la necesidad de acciones conjuntas para enfrentar desaf\u00edos comunes.<\/p>\n<\/p>\n<p>&nbsp;<\/p>\n<p style=\"text-align: center;\"><em><strong>\u00a1Informaci\u00f3n que transforma!<\/strong><\/em><\/p>\n","protected":false},"excerpt":{"rendered":"<p>El canciller Juan Ram\u00f3n de la Fuente y el secretario de Estado de Estados Unidos, Marco Rubio, sostuvieron una llamada telef\u00f3nica para dar seguimiento a los acuerdos alcanzados entre la presidenta Claudia Sheinbaum y el presidente Donald Trump. Durante la conversaci\u00f3n, abordaron temas de migraci\u00f3n, comercio y seguridad.<\/p>\n","protected":false},"author":3,"featured_media":11283,"comment_status":"open","ping_status":"open","sticky":false,"template":"","format":"standard","meta":{"footnotes":""},"categories":[88,58],"tags":[3332,926,1846,2419],"class_list":["post-11281","post","type-post","status-publish","format-standard","has-post-thumbnail","hentry","category-nacional","category-ultima-hora","tag-acuerdosbilaterales","tag-cooperacioninternacional","tag-migracion","tag-seguridadfronteriza"],"yoast_head":"<!-- This site is optimized with the Yoast SEO plugin v25.0 - https:\/\/yoast.com\/wordpress\/plugins\/seo\/ -->\n<title>Seguimiento a los acuerdos el canciller De la Fuente y Marco Rubio discuten sobre migraci\u00f3n y seguridad | Nexo Informativo Santiago de Quer\u00e9taro<\/title>\n<meta name=\"description\" content=\"Seguimiento a los acuerdos el canciller De la Fuente y Marco Rubio discuten sobre migraci\u00f3n y seguridad\" \/>\n<meta name=\"robots\" content=\"index, follow, max-snippet:-1, max-image-preview:large, max-video-preview:-1\" \/>\n<link rel=\"canonical\" href=\"https:\/\/www.nexoinformativo.mx\/index.php\/2025\/02\/06\/seguimiento-a-los-acuerdos-el-canciller-de-la-fuente-y-marco-rubio-discuten-sobre-migracion-y-seguridad\/\" \/>\n<meta property=\"og:locale\" content=\"es_MX\" \/>\n<meta property=\"og:type\" content=\"article\" \/>\n<meta property=\"og:title\" content=\"Seguimiento a los acuerdos el canciller De la Fuente y Marco Rubio discuten sobre migraci\u00f3n y seguridad | Nexo Informativo Santiago de Quer\u00e9taro\" \/>\n<meta property=\"og:description\" content=\"Seguimiento a los acuerdos el canciller De la Fuente y Marco Rubio discuten sobre migraci\u00f3n y seguridad\" \/>\n<meta property=\"og:url\" content=\"https:\/\/www.nexoinformativo.mx\/index.php\/2025\/02\/06\/seguimiento-a-los-acuerdos-el-canciller-de-la-fuente-y-marco-rubio-discuten-sobre-migracion-y-seguridad\/\" \/>\n<meta property=\"og:site_name\" content=\"Nexo Informativo Santiago de Quer\u00e9taro\" \/>\n<meta property=\"article:publisher\" content=\"https:\/\/www.facebook.com\/people\/Nexo-Informativo\/61564066885511\/\" \/>\n<meta property=\"article:published_time\" content=\"2025-02-06T13:00:03+00:00\" \/>\n<meta property=\"article:modified_time\" content=\"2025-02-06T17:21:14+00:00\" \/>\n<meta property=\"og:image\" content=\"https:\/\/www.nexoinformativo.mx\/wp-content\/uploads\/2025\/02\/IMG_0050.jpg\" \/>\n\t<meta property=\"og:image:width\" content=\"650\" \/>\n\t<meta property=\"og:image:height\" content=\"380\" \/>\n\t<meta property=\"og:image:type\" content=\"image\/jpeg\" \/>\n<meta name=\"author\" content=\"Nexo Informativo\" \/>\n<meta name=\"twitter:card\" content=\"summary_large_image\" \/>\n<meta name=\"twitter:label1\" content=\"Escrito por\" \/>\n\t<meta name=\"twitter:data1\" content=\"Nexo Informativo\" \/>\n\t<meta name=\"twitter:label2\" content=\"Tiempo de lectura\" \/>\n\t<meta name=\"twitter:data2\" content=\"1 minuto\" \/>\n<script type=\"application\/ld+json\" class=\"yoast-schema-graph\">{\"@context\":\"https:\/\/schema.org\",\"@graph\":[{\"@type\":\"Article\",\"@id\":\"https:\/\/www.nexoinformativo.mx\/index.php\/2025\/02\/06\/seguimiento-a-los-acuerdos-el-canciller-de-la-fuente-y-marco-rubio-discuten-sobre-migracion-y-seguridad\/#article\",\"isPartOf\":{\"@id\":\"https:\/\/www.nexoinformativo.mx\/index.php\/2025\/02\/06\/seguimiento-a-los-acuerdos-el-canciller-de-la-fuente-y-marco-rubio-discuten-sobre-migracion-y-seguridad\/\"},\"author\":{\"name\":\"Nexo Informativo\",\"@id\":\"https:\/\/www.nexoinformativo.mx\/#\/schema\/person\/7749d380ba08c8ca00d7bc76fd907b7d\"},\"headline\":\"Seguimiento a los acuerdos el canciller De la Fuente y Marco Rubio discuten sobre migraci\u00f3n y seguridad\",\"datePublished\":\"2025-02-06T13:00:03+00:00\",\"dateModified\":\"2025-02-06T17:21:14+00:00\",\"mainEntityOfPage\":{\"@id\":\"https:\/\/www.nexoinformativo.mx\/index.php\/2025\/02\/06\/seguimiento-a-los-acuerdos-el-canciller-de-la-fuente-y-marco-rubio-discuten-sobre-migracion-y-seguridad\/\"},\"wordCount\":168,\"commentCount\":0,\"publisher\":{\"@id\":\"https:\/\/www.nexoinformativo.mx\/#organization\"},\"image\":{\"@id\":\"https:\/\/www.nexoinformativo.mx\/index.php\/2025\/02\/06\/seguimiento-a-los-acuerdos-el-canciller-de-la-fuente-y-marco-rubio-discuten-sobre-migracion-y-seguridad\/#primaryimage\"},\"thumbnailUrl\":\"https:\/\/www.nexoinformativo.mx\/wp-content\/uploads\/2025\/02\/IMG_0050.jpg\",\"keywords\":[\"AcuerdosBilaterales\",\"Cooperaci\u00f3nInternacional\",\"Migraci\u00f3n\",\"SeguridadFronteriza\"],\"articleSection\":[\"Nacional\",\"\u00daltima Hora\"],\"inLanguage\":\"es\",\"potentialAction\":[{\"@type\":\"CommentAction\",\"name\":\"Comment\",\"target\":[\"https:\/\/www.nexoinformativo.mx\/index.php\/2025\/02\/06\/seguimiento-a-los-acuerdos-el-canciller-de-la-fuente-y-marco-rubio-discuten-sobre-migracion-y-seguridad\/#respond\"]}]},{\"@type\":\"WebPage\",\"@id\":\"https:\/\/www.nexoinformativo.mx\/index.php\/2025\/02\/06\/seguimiento-a-los-acuerdos-el-canciller-de-la-fuente-y-marco-rubio-discuten-sobre-migracion-y-seguridad\/\",\"url\":\"https:\/\/www.nexoinformativo.mx\/index.php\/2025\/02\/06\/seguimiento-a-los-acuerdos-el-canciller-de-la-fuente-y-marco-rubio-discuten-sobre-migracion-y-seguridad\/\",\"name\":\"Seguimiento a los acuerdos el canciller De la Fuente y Marco Rubio discuten sobre migraci\u00f3n y seguridad | Nexo Informativo Santiago de Quer\u00e9taro\",\"isPartOf\":{\"@id\":\"https:\/\/www.nexoinformativo.mx\/#website\"},\"primaryImageOfPage\":{\"@id\":\"https:\/\/www.nexoinformativo.mx\/index.php\/2025\/02\/06\/seguimiento-a-los-acuerdos-el-canciller-de-la-fuente-y-marco-rubio-discuten-sobre-migracion-y-seguridad\/#primaryimage\"},\"image\":{\"@id\":\"https:\/\/www.nexoinformativo.mx\/index.php\/2025\/02\/06\/seguimiento-a-los-acuerdos-el-canciller-de-la-fuente-y-marco-rubio-discuten-sobre-migracion-y-seguridad\/#primaryimage\"},\"thumbnailUrl\":\"https:\/\/www.nexoinformativo.mx\/wp-content\/uploads\/2025\/02\/IMG_0050.jpg\",\"datePublished\":\"2025-02-06T13:00:03+00:00\",\"dateModified\":\"2025-02-06T17:21:14+00:00\",\"description\":\"Seguimiento a los acuerdos el canciller De la Fuente y Marco Rubio discuten sobre migraci\u00f3n y seguridad\",\"breadcrumb\":{\"@id\":\"https:\/\/www.nexoinformativo.mx\/index.php\/2025\/02\/06\/seguimiento-a-los-acuerdos-el-canciller-de-la-fuente-y-marco-rubio-discuten-sobre-migracion-y-seguridad\/#breadcrumb\"},\"inLanguage\":\"es\",\"potentialAction\":[{\"@type\":\"ReadAction\",\"target\":[\"https:\/\/www.nexoinformativo.mx\/index.php\/2025\/02\/06\/seguimiento-a-los-acuerdos-el-canciller-de-la-fuente-y-marco-rubio-discuten-sobre-migracion-y-seguridad\/\"]}]},{\"@type\":\"ImageObject\",\"inLanguage\":\"es\",\"@id\":\"https:\/\/www.nexoinformativo.mx\/index.php\/2025\/02\/06\/seguimiento-a-los-acuerdos-el-canciller-de-la-fuente-y-marco-rubio-discuten-sobre-migracion-y-seguridad\/#primaryimage\",\"url\":\"https:\/\/www.nexoinformativo.mx\/wp-content\/uploads\/2025\/02\/IMG_0050.jpg\",\"contentUrl\":\"https:\/\/www.nexoinformativo.mx\/wp-content\/uploads\/2025\/02\/IMG_0050.jpg\",\"width\":650,\"height\":380},{\"@type\":\"BreadcrumbList\",\"@id\":\"https:\/\/www.nexoinformativo.mx\/index.php\/2025\/02\/06\/seguimiento-a-los-acuerdos-el-canciller-de-la-fuente-y-marco-rubio-discuten-sobre-migracion-y-seguridad\/#breadcrumb\",\"itemListElement\":[{\"@type\":\"ListItem\",\"position\":1,\"name\":\"Inicio\",\"item\":\"https:\/\/www.nexoinformativo.mx\/\"},{\"@type\":\"ListItem\",\"position\":2,\"name\":\"Seguimiento a los acuerdos el canciller De la Fuente y Marco Rubio discuten sobre migraci\u00f3n y seguridad\"}]},{\"@type\":\"WebSite\",\"@id\":\"https:\/\/www.nexoinformativo.mx\/#website\",\"url\":\"https:\/\/www.nexoinformativo.mx\/\",\"name\":\"Nexo Informativo Santiago de Quer\u00e9taro\",\"description\":\"Explora NexoInformativo y convi\u00e9rtete en parte de una comunidad que valora el conocimiento y la verdad. Tu nexoinformativo es tu puente hacia una comprensi\u00f3n m\u00e1s profunda del mundo que te rodea.\",\"publisher\":{\"@id\":\"https:\/\/www.nexoinformativo.mx\/#organization\"},\"potentialAction\":[{\"@type\":\"SearchAction\",\"target\":{\"@type\":\"EntryPoint\",\"urlTemplate\":\"https:\/\/www.nexoinformativo.mx\/?s={search_term_string}\"},\"query-input\":{\"@type\":\"PropertyValueSpecification\",\"valueRequired\":true,\"valueName\":\"search_term_string\"}}],\"inLanguage\":\"es\"},{\"@type\":\"Organization\",\"@id\":\"https:\/\/www.nexoinformativo.mx\/#organization\",\"name\":\"Nexo Informativo Santiago de Quer\u00e9taro\",\"url\":\"https:\/\/www.nexoinformativo.mx\/\",\"logo\":{\"@type\":\"ImageObject\",\"inLanguage\":\"es\",\"@id\":\"https:\/\/www.nexoinformativo.mx\/#\/schema\/logo\/image\/\",\"url\":\"https:\/\/www.nexoinformativo.mx\/wp-content\/uploads\/2024\/07\/nexoi-trasparente-2.png\",\"contentUrl\":\"https:\/\/www.nexoinformativo.mx\/wp-content\/uploads\/2024\/07\/nexoi-trasparente-2.png\",\"width\":816,\"height\":339,\"caption\":\"Nexo Informativo Santiago de Quer\u00e9taro\"},\"image\":{\"@id\":\"https:\/\/www.nexoinformativo.mx\/#\/schema\/logo\/image\/\"},\"sameAs\":[\"https:\/\/www.facebook.com\/people\/Nexo-Informativo\/61564066885511\/\"]},{\"@type\":\"Person\",\"@id\":\"https:\/\/www.nexoinformativo.mx\/#\/schema\/person\/7749d380ba08c8ca00d7bc76fd907b7d\",\"name\":\"Nexo Informativo\",\"image\":{\"@type\":\"ImageObject\",\"inLanguage\":\"es\",\"@id\":\"https:\/\/www.nexoinformativo.mx\/#\/schema\/person\/image\/\",\"url\":\"https:\/\/secure.gravatar.com\/avatar\/dde2928154642a13d95f87ddf1ea9718fe2b46760a005c53e41ff5ad610704e6?s=96&d=mm&r=g\",\"contentUrl\":\"https:\/\/secure.gravatar.com\/avatar\/dde2928154642a13d95f87ddf1ea9718fe2b46760a005c53e41ff5ad610704e6?s=96&d=mm&r=g\",\"caption\":\"Nexo Informativo\"},\"url\":\"https:\/\/www.nexoinformativo.mx\/index.php\/author\/edicion\/\"}]}<\/script>\n<!-- \/ Yoast SEO plugin. -->","yoast_head_json":{"title":"Seguimiento a los acuerdos el canciller De la Fuente y Marco Rubio discuten sobre migraci\u00f3n y seguridad | Nexo Informativo Santiago de Quer\u00e9taro","description":"Seguimiento a los acuerdos el canciller De la Fuente y Marco Rubio discuten sobre migraci\u00f3n y seguridad","robots":{"index":"index","follow":"follow","max-snippet":"max-snippet:-1","max-image-preview":"max-image-preview:large","max-video-preview":"max-video-preview:-1"},"canonical":"https:\/\/www.nexoinformativo.mx\/index.php\/2025\/02\/06\/seguimiento-a-los-acuerdos-el-canciller-de-la-fuente-y-marco-rubio-discuten-sobre-migracion-y-seguridad\/","og_locale":"es_MX","og_type":"article","og_title":"Seguimiento a los acuerdos el canciller De la Fuente y Marco Rubio discuten sobre migraci\u00f3n y seguridad | Nexo Informativo Santiago de Quer\u00e9taro","og_description":"Seguimiento a los acuerdos el canciller De la Fuente y Marco Rubio discuten sobre migraci\u00f3n y seguridad","og_url":"https:\/\/www.nexoinformativo.mx\/index.php\/2025\/02\/06\/seguimiento-a-los-acuerdos-el-canciller-de-la-fuente-y-marco-rubio-discuten-sobre-migracion-y-seguridad\/","og_site_name":"Nexo Informativo Santiago de Quer\u00e9taro","article_publisher":"https:\/\/www.facebook.com\/people\/Nexo-Informativo\/61564066885511\/","article_published_time":"2025-02-06T13:00:03+00:00","article_modified_time":"2025-02-06T17:21:14+00:00","og_image":[{"width":650,"height":380,"url":"https:\/\/www.nexoinformativo.mx\/wp-content\/uploads\/2025\/02\/IMG_0050.jpg","type":"image\/jpeg"}],"author":"Nexo Informativo","twitter_card":"summary_large_image","twitter_misc":{"Escrito por":"Nexo Informativo","Tiempo de lectura":"1 minuto"},"schema":{"@context":"https:\/\/schema.org","@graph":[{"@type":"Article","@id":"https:\/\/www.nexoinformativo.mx\/index.php\/2025\/02\/06\/seguimiento-a-los-acuerdos-el-canciller-de-la-fuente-y-marco-rubio-discuten-sobre-migracion-y-seguridad\/#article","isPartOf":{"@id":"https:\/\/www.nexoinformativo.mx\/index.php\/2025\/02\/06\/seguimiento-a-los-acuerdos-el-canciller-de-la-fuente-y-marco-rubio-discuten-sobre-migracion-y-seguridad\/"},"author":{"name":"Nexo Informativo","@id":"https:\/\/www.nexoinformativo.mx\/#\/schema\/person\/7749d380ba08c8ca00d7bc76fd907b7d"},"headline":"Seguimiento a los acuerdos el canciller De la Fuente y Marco Rubio discuten sobre migraci\u00f3n y seguridad","datePublished":"2025-02-06T13:00:03+00:00","dateModified":"2025-02-06T17:21:14+00:00","mainEntityOfPage":{"@id":"https:\/\/www.nexoinformativo.mx\/index.php\/2025\/02\/06\/seguimiento-a-los-acuerdos-el-canciller-de-la-fuente-y-marco-rubio-discuten-sobre-migracion-y-seguridad\/"},"wordCount":168,"commentCount":0,"publisher":{"@id":"https:\/\/www.nexoinformativo.mx\/#organization"},"image":{"@id":"https:\/\/www.nexoinformativo.mx\/index.php\/2025\/02\/06\/seguimiento-a-los-acuerdos-el-canciller-de-la-fuente-y-marco-rubio-discuten-sobre-migracion-y-seguridad\/#primaryimage"},"thumbnailUrl":"https:\/\/www.nexoinformativo.mx\/wp-content\/uploads\/2025\/02\/IMG_0050.jpg","keywords":["AcuerdosBilaterales","Cooperaci\u00f3nInternacional","Migraci\u00f3n","SeguridadFronteriza"],"articleSection":["Nacional","\u00daltima Hora"],"inLanguage":"es","potentialAction":[{"@type":"CommentAction","name":"Comment","target":["https:\/\/www.nexoinformativo.mx\/index.php\/2025\/02\/06\/seguimiento-a-los-acuerdos-el-canciller-de-la-fuente-y-marco-rubio-discuten-sobre-migracion-y-seguridad\/#respond"]}]},{"@type":"WebPage","@id":"https:\/\/www.nexoinformativo.mx\/index.php\/2025\/02\/06\/seguimiento-a-los-acuerdos-el-canciller-de-la-fuente-y-marco-rubio-discuten-sobre-migracion-y-seguridad\/","url":"https:\/\/www.nexoinformativo.mx\/index.php\/2025\/02\/06\/seguimiento-a-los-acuerdos-el-canciller-de-la-fuente-y-marco-rubio-discuten-sobre-migracion-y-seguridad\/","name":"Seguimiento a los acuerdos el canciller De la Fuente y Marco Rubio discuten sobre migraci\u00f3n y seguridad | Nexo Informativo Santiago de Quer\u00e9taro","isPartOf":{"@id":"https:\/\/www.nexoinformativo.mx\/#website"},"primaryImageOfPage":{"@id":"https:\/\/www.nexoinformativo.mx\/index.php\/2025\/02\/06\/seguimiento-a-los-acuerdos-el-canciller-de-la-fuente-y-marco-rubio-discuten-sobre-migracion-y-seguridad\/#primaryimage"},"image":{"@id":"https:\/\/www.nexoinformativo.mx\/index.php\/2025\/02\/06\/seguimiento-a-los-acuerdos-el-canciller-de-la-fuente-y-marco-rubio-discuten-sobre-migracion-y-seguridad\/#primaryimage"},"thumbnailUrl":"https:\/\/www.nexoinformativo.mx\/wp-content\/uploads\/2025\/02\/IMG_0050.jpg","datePublished":"2025-02-06T13:00:03+00:00","dateModified":"2025-02-06T17:21:14+00:00","description":"Seguimiento a los acuerdos el canciller De la Fuente y Marco Rubio discuten sobre migraci\u00f3n y seguridad","breadcrumb":{"@id":"https:\/\/www.nexoinformativo.mx\/index.php\/2025\/02\/06\/seguimiento-a-los-acuerdos-el-canciller-de-la-fuente-y-marco-rubio-discuten-sobre-migracion-y-seguridad\/#breadcrumb"},"inLanguage":"es","potentialAction":[{"@type":"ReadAction","target":["https:\/\/www.nexoinformativo.mx\/index.php\/2025\/02\/06\/seguimiento-a-los-acuerdos-el-canciller-de-la-fuente-y-marco-rubio-discuten-sobre-migracion-y-seguridad\/"]}]},{"@type":"ImageObject","inLanguage":"es","@id":"https:\/\/www.nexoinformativo.mx\/index.php\/2025\/02\/06\/seguimiento-a-los-acuerdos-el-canciller-de-la-fuente-y-marco-rubio-discuten-sobre-migracion-y-seguridad\/#primaryimage","url":"https:\/\/www.nexoinformativo.mx\/wp-content\/uploads\/2025\/02\/IMG_0050.jpg","contentUrl":"https:\/\/www.nexoinformativo.mx\/wp-content\/uploads\/2025\/02\/IMG_0050.jpg","width":650,"height":380},{"@type":"BreadcrumbList","@id":"https:\/\/www.nexoinformativo.mx\/index.php\/2025\/02\/06\/seguimiento-a-los-acuerdos-el-canciller-de-la-fuente-y-marco-rubio-discuten-sobre-migracion-y-seguridad\/#breadcrumb","itemListElement":[{"@type":"ListItem","position":1,"name":"Inicio","item":"https:\/\/www.nexoinformativo.mx\/"},{"@type":"ListItem","position":2,"name":"Seguimiento a los acuerdos el canciller De la Fuente y Marco Rubio discuten sobre migraci\u00f3n y seguridad"}]},{"@type":"WebSite","@id":"https:\/\/www.nexoinformativo.mx\/#website","url":"https:\/\/www.nexoinformativo.mx\/","name":"Nexo Informativo Santiago de Quer\u00e9taro","description":"Explora NexoInformativo y convi\u00e9rtete en parte de una comunidad que valora el conocimiento y la verdad. Tu nexoinformativo es tu puente hacia una comprensi\u00f3n m\u00e1s profunda del mundo que te rodea.","publisher":{"@id":"https:\/\/www.nexoinformativo.mx\/#organization"},"potentialAction":[{"@type":"SearchAction","target":{"@type":"EntryPoint","urlTemplate":"https:\/\/www.nexoinformativo.mx\/?s={search_term_string}"},"query-input":{"@type":"PropertyValueSpecification","valueRequired":true,"valueName":"search_term_string"}}],"inLanguage":"es"},{"@type":"Organization","@id":"https:\/\/www.nexoinformativo.mx\/#organization","name":"Nexo Informativo Santiago de Quer\u00e9taro","url":"https:\/\/www.nexoinformativo.mx\/","logo":{"@type":"ImageObject","inLanguage":"es","@id":"https:\/\/www.nexoinformativo.mx\/#\/schema\/logo\/image\/","url":"https:\/\/www.nexoinformativo.mx\/wp-content\/uploads\/2024\/07\/nexoi-trasparente-2.png","contentUrl":"https:\/\/www.nexoinformativo.mx\/wp-content\/uploads\/2024\/07\/nexoi-trasparente-2.png","width":816,"height":339,"caption":"Nexo Informativo Santiago de Quer\u00e9taro"},"image":{"@id":"https:\/\/www.nexoinformativo.mx\/#\/schema\/logo\/image\/"},"sameAs":["https:\/\/www.facebook.com\/people\/Nexo-Informativo\/61564066885511\/"]},{"@type":"Person","@id":"https:\/\/www.nexoinformativo.mx\/#\/schema\/person\/7749d380ba08c8ca00d7bc76fd907b7d","name":"Nexo Informativo","image":{"@type":"ImageObject","inLanguage":"es","@id":"https:\/\/www.nexoinformativo.mx\/#\/schema\/person\/image\/","url":"https:\/\/secure.gravatar.com\/avatar\/dde2928154642a13d95f87ddf1ea9718fe2b46760a005c53e41ff5ad610704e6?s=96&d=mm&r=g","contentUrl":"https:\/\/secure.gravatar.com\/avatar\/dde2928154642a13d95f87ddf1ea9718fe2b46760a005c53e41ff5ad610704e6?s=96&d=mm&r=g","caption":"Nexo Informativo"},"url":"https:\/\/www.nexoinformativo.mx\/index.php\/author\/edicion\/"}]}},"_links":{"self":[{"href":"https:\/\/www.nexoinformativo.mx\/index.php\/wp-json\/wp\/v2\/posts\/11281","targetHints":{"allow":["GET"]}}],"collection":[{"href":"https:\/\/www.nexoinformativo.mx\/index.php\/wp-json\/wp\/v2\/posts"}],"about":[{"href":"https:\/\/www.nexoinformativo.mx\/index.php\/wp-json\/wp\/v2\/types\/post"}],"author":[{"embeddable":true,"href":"https:\/\/www.nexoinformativo.mx\/index.php\/wp-json\/wp\/v2\/users\/3"}],"replies":[{"embeddable":true,"href":"https:\/\/www.nexoinformativo.mx\/index.php\/wp-json\/wp\/v2\/comments?post=11281"}],"version-history":[{"count":4,"href":"https:\/\/www.nexoinformativo.mx\/index.php\/wp-json\/wp\/v2\/posts\/11281\/revisions"}],"predecessor-version":[{"id":11286,"href":"https:\/\/www.nexoinformativo.mx\/index.php\/wp-json\/wp\/v2\/posts\/11281\/revisions\/11286"}],"wp:featuredmedia":[{"embeddable":true,"href":"https:\/\/www.nexoinformativo.mx\/index.php\/wp-json\/wp\/v2\/media\/11283"}],"wp:attachment":[{"href":"https:\/\/www.nexoinformativo.mx\/index.php\/wp-json\/wp\/v2\/media?parent=11281"}],"wp:term":[{"taxonomy":"category","embeddable":true,"href":"https:\/\/www.nexoinformativo.mx\/index.php\/wp-json\/wp\/v2\/categories?post=11281"},{"taxonomy":"post_tag","embeddable":true,"href":"https:\/\/www.nexoinformativo.mx\/index.php\/wp-json\/wp\/v2\/tags?post=11281"}],"curies":[{"name":"wp","href":"https:\/\/api.w.org\/{rel}","templated":true}]}}