{"id":11287,"date":"2025-02-06T07:30:27","date_gmt":"2025-02-06T13:30:27","guid":{"rendered":"https:\/\/www.nexoinformativo.mx\/?p=11287"},"modified":"2025-02-06T11:25:39","modified_gmt":"2025-02-06T17:25:39","slug":"gobierno-de-mexico-fortalece-sistema-de-salud-con-nuevos-protocolos-medicos","status":"publish","type":"post","link":"https:\/\/www.nexoinformativo.mx\/index.php\/2025\/02\/06\/gobierno-de-mexico-fortalece-sistema-de-salud-con-nuevos-protocolos-medicos\/","title":{"rendered":"Gobierno de M\u00e9xico fortalece sistema de salud con nuevos protocolos m\u00e9dicos"},"content":{"rendered":"<p style=\"text-align: justify;\" data-sourcepos=\"11:1-11:355\">El secretario de Salud, David Kershenobich, anunci\u00f3 la implementaci\u00f3n de seis nuevos Protocolos Nacionales de Atenci\u00f3n M\u00e9dica enfocados en enfermedades cr\u00f3nicas como diabetes, hipertensi\u00f3n y obesidad. Estos protocolos tienen como objetivo mejorar la calidad y la seguridad de la atenci\u00f3n m\u00e9dica en todo el pa\u00eds.<\/p>\n<\/p>\n<p>&nbsp;<\/p>\n<p style=\"text-align: justify;\" data-sourcepos=\"13:1-13:310\">Los protocolos, elaborados con la participaci\u00f3n de expertos y alineados con los medicamentos disponibles en el pa\u00eds, buscan brindar a los m\u00e9dicos una gu\u00eda clara y concisa para el tratamiento de enfermedades cr\u00f3nicas. De esta manera, se busca evitar complicaciones y mejorar la calidad de vida de los pacientes.<\/p>\n<\/p>\n<p>&nbsp;<\/p>\n<p style=\"text-align: justify;\" data-sourcepos=\"15:1-15:402\">&#8220;Estos protocolos servir\u00e1n para tratar a los pacientes con estas enfermedades de manera uniforme y prevenir las complicaciones, como ejemplo, un diab\u00e9tico puede desarrollar ceguera y \u201cno tiene por qu\u00e9, puede desarrollar un pie diab\u00e9tico, no tiene por qu\u00e9. El enfermo que tiene hipertensi\u00f3n arterial no tiene que terminar con un infarto o con una insuficiencia cardiaca&#8221;, explic\u00f3 el secretario de Salud.<\/p>\n<\/p>\n<p>&nbsp;<\/p>\n<p style=\"text-align: justify;\" data-sourcepos=\"17:1-17:319\">Adem\u00e1s de los protocolos m\u00e9dicos, el gobierno mexicano ha realizado una compra consolidada de medicamentos para garantizar el abasto en todo el pa\u00eds. Esta medida, junto con la implementaci\u00f3n de los nuevos protocolos, busca fortalecer el sistema de salud y brindar una atenci\u00f3n m\u00e1s eficiente y equitativa a la poblaci\u00f3n.<\/p>\n<\/p>\n<p>&nbsp;<\/p>\n<p style=\"text-align: justify;\" data-sourcepos=\"19:1-19:160\"><strong>&#8220;La elaboraci\u00f3n de estos protocolos representa un paso importante en la mejora de la calidad de la atenci\u00f3n m\u00e9dica en M\u00e9xico&#8221;<\/strong>, afirm\u00f3 Kershenobich Stalnikowitz.<\/p>\n<\/p>\n<p>&nbsp;<\/p>\n<p style=\"text-align: center;\" data-sourcepos=\"19:1-19:160\"><em><strong>\u00a1Informaci\u00f3n que transforma!<\/strong><\/em><\/p>\n","protected":false},"excerpt":{"rendered":"<p>El secretario de Salud, David Kershenobich, anunci\u00f3 la implementaci\u00f3n de seis nuevos Protocolos Nacionales de Atenci\u00f3n M\u00e9dica enfocados en enfermedades cr\u00f3nicas como diabetes, hipertensi\u00f3n y obesidad. Estos protocolos tienen como objetivo mejorar la calidad y la seguridad de la atenci\u00f3n m\u00e9dica en todo el pa\u00eds.<\/p>\n","protected":false},"author":3,"featured_media":11288,"comment_status":"open","ping_status":"open","sticky":false,"template":"","format":"standard","meta":{"footnotes":""},"categories":[88,58],"tags":[3350,1610,3349,139],"class_list":["post-11287","post","type-post","status-publish","format-standard","has-post-thumbnail","hentry","category-nacional","category-ultima-hora","tag-enfermedadescronicas","tag-mexico","tag-protocolosmedicos","tag-salud"],"yoast_head":"<!-- This site is optimized with the Yoast SEO plugin v25.0 - https:\/\/yoast.com\/wordpress\/plugins\/seo\/ -->\n<title>Gobierno de M\u00e9xico fortalece sistema de salud con nuevos protocolos m\u00e9dicos | Nexo Informativo Santiago de Quer\u00e9taro<\/title>\n<meta name=\"description\" content=\"Gobierno de M\u00e9xico fortalece sistema de salud con nuevos protocolos m\u00e9dicos\" \/>\n<meta name=\"robots\" content=\"index, follow, max-snippet:-1, max-image-preview:large, max-video-preview:-1\" \/>\n<link rel=\"canonical\" href=\"https:\/\/www.nexoinformativo.mx\/index.php\/2025\/02\/06\/gobierno-de-mexico-fortalece-sistema-de-salud-con-nuevos-protocolos-medicos\/\" \/>\n<meta property=\"og:locale\" content=\"es_MX\" \/>\n<meta property=\"og:type\" content=\"article\" \/>\n<meta property=\"og:title\" content=\"Gobierno de M\u00e9xico fortalece sistema de salud con nuevos protocolos m\u00e9dicos | Nexo Informativo Santiago de Quer\u00e9taro\" \/>\n<meta property=\"og:description\" content=\"Gobierno de M\u00e9xico fortalece sistema de salud con nuevos protocolos m\u00e9dicos\" \/>\n<meta property=\"og:url\" content=\"https:\/\/www.nexoinformativo.mx\/index.php\/2025\/02\/06\/gobierno-de-mexico-fortalece-sistema-de-salud-con-nuevos-protocolos-medicos\/\" \/>\n<meta property=\"og:site_name\" content=\"Nexo Informativo Santiago de Quer\u00e9taro\" \/>\n<meta property=\"article:publisher\" content=\"https:\/\/www.facebook.com\/people\/Nexo-Informativo\/61564066885511\/\" \/>\n<meta property=\"article:published_time\" content=\"2025-02-06T13:30:27+00:00\" \/>\n<meta property=\"article:modified_time\" content=\"2025-02-06T17:25:39+00:00\" \/>\n<meta property=\"og:image\" content=\"https:\/\/www.nexoinformativo.mx\/wp-content\/uploads\/2025\/02\/IMG_0052.jpg\" \/>\n\t<meta property=\"og:image:width\" content=\"650\" \/>\n\t<meta property=\"og:image:height\" content=\"380\" \/>\n\t<meta property=\"og:image:type\" content=\"image\/jpeg\" \/>\n<meta name=\"author\" content=\"Nexo Informativo\" \/>\n<meta name=\"twitter:card\" content=\"summary_large_image\" \/>\n<meta name=\"twitter:label1\" content=\"Escrito por\" \/>\n\t<meta name=\"twitter:data1\" content=\"Nexo Informativo\" \/>\n\t<meta name=\"twitter:label2\" content=\"Tiempo de lectura\" \/>\n\t<meta name=\"twitter:data2\" content=\"2 minutos\" \/>\n<script type=\"application\/ld+json\" class=\"yoast-schema-graph\">{\"@context\":\"https:\/\/schema.org\",\"@graph\":[{\"@type\":\"Article\",\"@id\":\"https:\/\/www.nexoinformativo.mx\/index.php\/2025\/02\/06\/gobierno-de-mexico-fortalece-sistema-de-salud-con-nuevos-protocolos-medicos\/#article\",\"isPartOf\":{\"@id\":\"https:\/\/www.nexoinformativo.mx\/index.php\/2025\/02\/06\/gobierno-de-mexico-fortalece-sistema-de-salud-con-nuevos-protocolos-medicos\/\"},\"author\":{\"name\":\"Nexo Informativo\",\"@id\":\"https:\/\/www.nexoinformativo.mx\/#\/schema\/person\/7749d380ba08c8ca00d7bc76fd907b7d\"},\"headline\":\"Gobierno de M\u00e9xico fortalece sistema de salud con nuevos protocolos m\u00e9dicos\",\"datePublished\":\"2025-02-06T13:30:27+00:00\",\"dateModified\":\"2025-02-06T17:25:39+00:00\",\"mainEntityOfPage\":{\"@id\":\"https:\/\/www.nexoinformativo.mx\/index.php\/2025\/02\/06\/gobierno-de-mexico-fortalece-sistema-de-salud-con-nuevos-protocolos-medicos\/\"},\"wordCount\":280,\"commentCount\":0,\"publisher\":{\"@id\":\"https:\/\/www.nexoinformativo.mx\/#organization\"},\"image\":{\"@id\":\"https:\/\/www.nexoinformativo.mx\/index.php\/2025\/02\/06\/gobierno-de-mexico-fortalece-sistema-de-salud-con-nuevos-protocolos-medicos\/#primaryimage\"},\"thumbnailUrl\":\"https:\/\/www.nexoinformativo.mx\/wp-content\/uploads\/2025\/02\/IMG_0052.jpg\",\"keywords\":[\"EnfermedadesCr\u00f3nicas\",\"M\u00e9xico\",\"ProtocolosM\u00e9dicos\",\"salud\"],\"articleSection\":[\"Nacional\",\"\u00daltima Hora\"],\"inLanguage\":\"es\",\"potentialAction\":[{\"@type\":\"CommentAction\",\"name\":\"Comment\",\"target\":[\"https:\/\/www.nexoinformativo.mx\/index.php\/2025\/02\/06\/gobierno-de-mexico-fortalece-sistema-de-salud-con-nuevos-protocolos-medicos\/#respond\"]}]},{\"@type\":\"WebPage\",\"@id\":\"https:\/\/www.nexoinformativo.mx\/index.php\/2025\/02\/06\/gobierno-de-mexico-fortalece-sistema-de-salud-con-nuevos-protocolos-medicos\/\",\"url\":\"https:\/\/www.nexoinformativo.mx\/index.php\/2025\/02\/06\/gobierno-de-mexico-fortalece-sistema-de-salud-con-nuevos-protocolos-medicos\/\",\"name\":\"Gobierno de M\u00e9xico fortalece sistema de salud con nuevos protocolos m\u00e9dicos | Nexo Informativo Santiago de Quer\u00e9taro\",\"isPartOf\":{\"@id\":\"https:\/\/www.nexoinformativo.mx\/#website\"},\"primaryImageOfPage\":{\"@id\":\"https:\/\/www.nexoinformativo.mx\/index.php\/2025\/02\/06\/gobierno-de-mexico-fortalece-sistema-de-salud-con-nuevos-protocolos-medicos\/#primaryimage\"},\"image\":{\"@id\":\"https:\/\/www.nexoinformativo.mx\/index.php\/2025\/02\/06\/gobierno-de-mexico-fortalece-sistema-de-salud-con-nuevos-protocolos-medicos\/#primaryimage\"},\"thumbnailUrl\":\"https:\/\/www.nexoinformativo.mx\/wp-content\/uploads\/2025\/02\/IMG_0052.jpg\",\"datePublished\":\"2025-02-06T13:30:27+00:00\",\"dateModified\":\"2025-02-06T17:25:39+00:00\",\"description\":\"Gobierno de M\u00e9xico fortalece sistema de salud con nuevos protocolos m\u00e9dicos\",\"breadcrumb\":{\"@id\":\"https:\/\/www.nexoinformativo.mx\/index.php\/2025\/02\/06\/gobierno-de-mexico-fortalece-sistema-de-salud-con-nuevos-protocolos-medicos\/#breadcrumb\"},\"inLanguage\":\"es\",\"potentialAction\":[{\"@type\":\"ReadAction\",\"target\":[\"https:\/\/www.nexoinformativo.mx\/index.php\/2025\/02\/06\/gobierno-de-mexico-fortalece-sistema-de-salud-con-nuevos-protocolos-medicos\/\"]}]},{\"@type\":\"ImageObject\",\"inLanguage\":\"es\",\"@id\":\"https:\/\/www.nexoinformativo.mx\/index.php\/2025\/02\/06\/gobierno-de-mexico-fortalece-sistema-de-salud-con-nuevos-protocolos-medicos\/#primaryimage\",\"url\":\"https:\/\/www.nexoinformativo.mx\/wp-content\/uploads\/2025\/02\/IMG_0052.jpg\",\"contentUrl\":\"https:\/\/www.nexoinformativo.mx\/wp-content\/uploads\/2025\/02\/IMG_0052.jpg\",\"width\":650,\"height\":380},{\"@type\":\"BreadcrumbList\",\"@id\":\"https:\/\/www.nexoinformativo.mx\/index.php\/2025\/02\/06\/gobierno-de-mexico-fortalece-sistema-de-salud-con-nuevos-protocolos-medicos\/#breadcrumb\",\"itemListElement\":[{\"@type\":\"ListItem\",\"position\":1,\"name\":\"Inicio\",\"item\":\"https:\/\/www.nexoinformativo.mx\/\"},{\"@type\":\"ListItem\",\"position\":2,\"name\":\"Gobierno de M\u00e9xico fortalece sistema de salud con nuevos protocolos m\u00e9dicos\"}]},{\"@type\":\"WebSite\",\"@id\":\"https:\/\/www.nexoinformativo.mx\/#website\",\"url\":\"https:\/\/www.nexoinformativo.mx\/\",\"name\":\"Nexo Informativo Santiago de Quer\u00e9taro\",\"description\":\"Explora NexoInformativo y convi\u00e9rtete en parte de una comunidad que valora el conocimiento y la verdad. Tu nexoinformativo es tu puente hacia una comprensi\u00f3n m\u00e1s profunda del mundo que te rodea.\",\"publisher\":{\"@id\":\"https:\/\/www.nexoinformativo.mx\/#organization\"},\"potentialAction\":[{\"@type\":\"SearchAction\",\"target\":{\"@type\":\"EntryPoint\",\"urlTemplate\":\"https:\/\/www.nexoinformativo.mx\/?s={search_term_string}\"},\"query-input\":{\"@type\":\"PropertyValueSpecification\",\"valueRequired\":true,\"valueName\":\"search_term_string\"}}],\"inLanguage\":\"es\"},{\"@type\":\"Organization\",\"@id\":\"https:\/\/www.nexoinformativo.mx\/#organization\",\"name\":\"Nexo Informativo Santiago de Quer\u00e9taro\",\"url\":\"https:\/\/www.nexoinformativo.mx\/\",\"logo\":{\"@type\":\"ImageObject\",\"inLanguage\":\"es\",\"@id\":\"https:\/\/www.nexoinformativo.mx\/#\/schema\/logo\/image\/\",\"url\":\"https:\/\/www.nexoinformativo.mx\/wp-content\/uploads\/2024\/07\/nexoi-trasparente-2.png\",\"contentUrl\":\"https:\/\/www.nexoinformativo.mx\/wp-content\/uploads\/2024\/07\/nexoi-trasparente-2.png\",\"width\":816,\"height\":339,\"caption\":\"Nexo Informativo Santiago de Quer\u00e9taro\"},\"image\":{\"@id\":\"https:\/\/www.nexoinformativo.mx\/#\/schema\/logo\/image\/\"},\"sameAs\":[\"https:\/\/www.facebook.com\/people\/Nexo-Informativo\/61564066885511\/\"]},{\"@type\":\"Person\",\"@id\":\"https:\/\/www.nexoinformativo.mx\/#\/schema\/person\/7749d380ba08c8ca00d7bc76fd907b7d\",\"name\":\"Nexo Informativo\",\"image\":{\"@type\":\"ImageObject\",\"inLanguage\":\"es\",\"@id\":\"https:\/\/www.nexoinformativo.mx\/#\/schema\/person\/image\/\",\"url\":\"https:\/\/secure.gravatar.com\/avatar\/dde2928154642a13d95f87ddf1ea9718fe2b46760a005c53e41ff5ad610704e6?s=96&d=mm&r=g\",\"contentUrl\":\"https:\/\/secure.gravatar.com\/avatar\/dde2928154642a13d95f87ddf1ea9718fe2b46760a005c53e41ff5ad610704e6?s=96&d=mm&r=g\",\"caption\":\"Nexo Informativo\"},\"url\":\"https:\/\/www.nexoinformativo.mx\/index.php\/author\/edicion\/\"}]}<\/script>\n<!-- \/ Yoast SEO plugin. -->","yoast_head_json":{"title":"Gobierno de M\u00e9xico fortalece sistema de salud con nuevos protocolos m\u00e9dicos | Nexo Informativo Santiago de Quer\u00e9taro","description":"Gobierno de M\u00e9xico fortalece sistema de salud con nuevos protocolos m\u00e9dicos","robots":{"index":"index","follow":"follow","max-snippet":"max-snippet:-1","max-image-preview":"max-image-preview:large","max-video-preview":"max-video-preview:-1"},"canonical":"https:\/\/www.nexoinformativo.mx\/index.php\/2025\/02\/06\/gobierno-de-mexico-fortalece-sistema-de-salud-con-nuevos-protocolos-medicos\/","og_locale":"es_MX","og_type":"article","og_title":"Gobierno de M\u00e9xico fortalece sistema de salud con nuevos protocolos m\u00e9dicos | Nexo Informativo Santiago de Quer\u00e9taro","og_description":"Gobierno de M\u00e9xico fortalece sistema de salud con nuevos protocolos m\u00e9dicos","og_url":"https:\/\/www.nexoinformativo.mx\/index.php\/2025\/02\/06\/gobierno-de-mexico-fortalece-sistema-de-salud-con-nuevos-protocolos-medicos\/","og_site_name":"Nexo Informativo Santiago de Quer\u00e9taro","article_publisher":"https:\/\/www.facebook.com\/people\/Nexo-Informativo\/61564066885511\/","article_published_time":"2025-02-06T13:30:27+00:00","article_modified_time":"2025-02-06T17:25:39+00:00","og_image":[{"width":650,"height":380,"url":"https:\/\/www.nexoinformativo.mx\/wp-content\/uploads\/2025\/02\/IMG_0052.jpg","type":"image\/jpeg"}],"author":"Nexo Informativo","twitter_card":"summary_large_image","twitter_misc":{"Escrito por":"Nexo Informativo","Tiempo de lectura":"2 minutos"},"schema":{"@context":"https:\/\/schema.org","@graph":[{"@type":"Article","@id":"https:\/\/www.nexoinformativo.mx\/index.php\/2025\/02\/06\/gobierno-de-mexico-fortalece-sistema-de-salud-con-nuevos-protocolos-medicos\/#article","isPartOf":{"@id":"https:\/\/www.nexoinformativo.mx\/index.php\/2025\/02\/06\/gobierno-de-mexico-fortalece-sistema-de-salud-con-nuevos-protocolos-medicos\/"},"author":{"name":"Nexo Informativo","@id":"https:\/\/www.nexoinformativo.mx\/#\/schema\/person\/7749d380ba08c8ca00d7bc76fd907b7d"},"headline":"Gobierno de M\u00e9xico fortalece sistema de salud con nuevos protocolos m\u00e9dicos","datePublished":"2025-02-06T13:30:27+00:00","dateModified":"2025-02-06T17:25:39+00:00","mainEntityOfPage":{"@id":"https:\/\/www.nexoinformativo.mx\/index.php\/2025\/02\/06\/gobierno-de-mexico-fortalece-sistema-de-salud-con-nuevos-protocolos-medicos\/"},"wordCount":280,"commentCount":0,"publisher":{"@id":"https:\/\/www.nexoinformativo.mx\/#organization"},"image":{"@id":"https:\/\/www.nexoinformativo.mx\/index.php\/2025\/02\/06\/gobierno-de-mexico-fortalece-sistema-de-salud-con-nuevos-protocolos-medicos\/#primaryimage"},"thumbnailUrl":"https:\/\/www.nexoinformativo.mx\/wp-content\/uploads\/2025\/02\/IMG_0052.jpg","keywords":["EnfermedadesCr\u00f3nicas","M\u00e9xico","ProtocolosM\u00e9dicos","salud"],"articleSection":["Nacional","\u00daltima Hora"],"inLanguage":"es","potentialAction":[{"@type":"CommentAction","name":"Comment","target":["https:\/\/www.nexoinformativo.mx\/index.php\/2025\/02\/06\/gobierno-de-mexico-fortalece-sistema-de-salud-con-nuevos-protocolos-medicos\/#respond"]}]},{"@type":"WebPage","@id":"https:\/\/www.nexoinformativo.mx\/index.php\/2025\/02\/06\/gobierno-de-mexico-fortalece-sistema-de-salud-con-nuevos-protocolos-medicos\/","url":"https:\/\/www.nexoinformativo.mx\/index.php\/2025\/02\/06\/gobierno-de-mexico-fortalece-sistema-de-salud-con-nuevos-protocolos-medicos\/","name":"Gobierno de M\u00e9xico fortalece sistema de salud con nuevos protocolos m\u00e9dicos | Nexo Informativo Santiago de Quer\u00e9taro","isPartOf":{"@id":"https:\/\/www.nexoinformativo.mx\/#website"},"primaryImageOfPage":{"@id":"https:\/\/www.nexoinformativo.mx\/index.php\/2025\/02\/06\/gobierno-de-mexico-fortalece-sistema-de-salud-con-nuevos-protocolos-medicos\/#primaryimage"},"image":{"@id":"https:\/\/www.nexoinformativo.mx\/index.php\/2025\/02\/06\/gobierno-de-mexico-fortalece-sistema-de-salud-con-nuevos-protocolos-medicos\/#primaryimage"},"thumbnailUrl":"https:\/\/www.nexoinformativo.mx\/wp-content\/uploads\/2025\/02\/IMG_0052.jpg","datePublished":"2025-02-06T13:30:27+00:00","dateModified":"2025-02-06T17:25:39+00:00","description":"Gobierno de M\u00e9xico fortalece sistema de salud con nuevos protocolos m\u00e9dicos","breadcrumb":{"@id":"https:\/\/www.nexoinformativo.mx\/index.php\/2025\/02\/06\/gobierno-de-mexico-fortalece-sistema-de-salud-con-nuevos-protocolos-medicos\/#breadcrumb"},"inLanguage":"es","potentialAction":[{"@type":"ReadAction","target":["https:\/\/www.nexoinformativo.mx\/index.php\/2025\/02\/06\/gobierno-de-mexico-fortalece-sistema-de-salud-con-nuevos-protocolos-medicos\/"]}]},{"@type":"ImageObject","inLanguage":"es","@id":"https:\/\/www.nexoinformativo.mx\/index.php\/2025\/02\/06\/gobierno-de-mexico-fortalece-sistema-de-salud-con-nuevos-protocolos-medicos\/#primaryimage","url":"https:\/\/www.nexoinformativo.mx\/wp-content\/uploads\/2025\/02\/IMG_0052.jpg","contentUrl":"https:\/\/www.nexoinformativo.mx\/wp-content\/uploads\/2025\/02\/IMG_0052.jpg","width":650,"height":380},{"@type":"BreadcrumbList","@id":"https:\/\/www.nexoinformativo.mx\/index.php\/2025\/02\/06\/gobierno-de-mexico-fortalece-sistema-de-salud-con-nuevos-protocolos-medicos\/#breadcrumb","itemListElement":[{"@type":"ListItem","position":1,"name":"Inicio","item":"https:\/\/www.nexoinformativo.mx\/"},{"@type":"ListItem","position":2,"name":"Gobierno de M\u00e9xico fortalece sistema de salud con nuevos protocolos m\u00e9dicos"}]},{"@type":"WebSite","@id":"https:\/\/www.nexoinformativo.mx\/#website","url":"https:\/\/www.nexoinformativo.mx\/","name":"Nexo Informativo Santiago de Quer\u00e9taro","description":"Explora NexoInformativo y convi\u00e9rtete en parte de una comunidad que valora el conocimiento y la verdad. Tu nexoinformativo es tu puente hacia una comprensi\u00f3n m\u00e1s profunda del mundo que te rodea.","publisher":{"@id":"https:\/\/www.nexoinformativo.mx\/#organization"},"potentialAction":[{"@type":"SearchAction","target":{"@type":"EntryPoint","urlTemplate":"https:\/\/www.nexoinformativo.mx\/?s={search_term_string}"},"query-input":{"@type":"PropertyValueSpecification","valueRequired":true,"valueName":"search_term_string"}}],"inLanguage":"es"},{"@type":"Organization","@id":"https:\/\/www.nexoinformativo.mx\/#organization","name":"Nexo Informativo Santiago de Quer\u00e9taro","url":"https:\/\/www.nexoinformativo.mx\/","logo":{"@type":"ImageObject","inLanguage":"es","@id":"https:\/\/www.nexoinformativo.mx\/#\/schema\/logo\/image\/","url":"https:\/\/www.nexoinformativo.mx\/wp-content\/uploads\/2024\/07\/nexoi-trasparente-2.png","contentUrl":"https:\/\/www.nexoinformativo.mx\/wp-content\/uploads\/2024\/07\/nexoi-trasparente-2.png","width":816,"height":339,"caption":"Nexo Informativo Santiago de Quer\u00e9taro"},"image":{"@id":"https:\/\/www.nexoinformativo.mx\/#\/schema\/logo\/image\/"},"sameAs":["https:\/\/www.facebook.com\/people\/Nexo-Informativo\/61564066885511\/"]},{"@type":"Person","@id":"https:\/\/www.nexoinformativo.mx\/#\/schema\/person\/7749d380ba08c8ca00d7bc76fd907b7d","name":"Nexo Informativo","image":{"@type":"ImageObject","inLanguage":"es","@id":"https:\/\/www.nexoinformativo.mx\/#\/schema\/person\/image\/","url":"https:\/\/secure.gravatar.com\/avatar\/dde2928154642a13d95f87ddf1ea9718fe2b46760a005c53e41ff5ad610704e6?s=96&d=mm&r=g","contentUrl":"https:\/\/secure.gravatar.com\/avatar\/dde2928154642a13d95f87ddf1ea9718fe2b46760a005c53e41ff5ad610704e6?s=96&d=mm&r=g","caption":"Nexo Informativo"},"url":"https:\/\/www.nexoinformativo.mx\/index.php\/author\/edicion\/"}]}},"_links":{"self":[{"href":"https:\/\/www.nexoinformativo.mx\/index.php\/wp-json\/wp\/v2\/posts\/11287","targetHints":{"allow":["GET"]}}],"collection":[{"href":"https:\/\/www.nexoinformativo.mx\/index.php\/wp-json\/wp\/v2\/posts"}],"about":[{"href":"https:\/\/www.nexoinformativo.mx\/index.php\/wp-json\/wp\/v2\/types\/post"}],"author":[{"embeddable":true,"href":"https:\/\/www.nexoinformativo.mx\/index.php\/wp-json\/wp\/v2\/users\/3"}],"replies":[{"embeddable":true,"href":"https:\/\/www.nexoinformativo.mx\/index.php\/wp-json\/wp\/v2\/comments?post=11287"}],"version-history":[{"count":3,"href":"https:\/\/www.nexoinformativo.mx\/index.php\/wp-json\/wp\/v2\/posts\/11287\/revisions"}],"predecessor-version":[{"id":11291,"href":"https:\/\/www.nexoinformativo.mx\/index.php\/wp-json\/wp\/v2\/posts\/11287\/revisions\/11291"}],"wp:featuredmedia":[{"embeddable":true,"href":"https:\/\/www.nexoinformativo.mx\/index.php\/wp-json\/wp\/v2\/media\/11288"}],"wp:attachment":[{"href":"https:\/\/www.nexoinformativo.mx\/index.php\/wp-json\/wp\/v2\/media?parent=11287"}],"wp:term":[{"taxonomy":"category","embeddable":true,"href":"https:\/\/www.nexoinformativo.mx\/index.php\/wp-json\/wp\/v2\/categories?post=11287"},{"taxonomy":"post_tag","embeddable":true,"href":"https:\/\/www.nexoinformativo.mx\/index.php\/wp-json\/wp\/v2\/tags?post=11287"}],"curies":[{"name":"wp","href":"https:\/\/api.w.org\/{rel}","templated":true}]}}